{"id":178950,"date":"2016-12-19T16:15:00","date_gmt":"2016-12-19T16:15:00","guid":{"rendered":"https:\/\/www.webdo.tn\/fr\/blog\/tunisie-conseil-superieur-de-magistrature-entree-mauvais-pied\/178950\/"},"modified":"2025-05-19T08:47:57","modified_gmt":"2025-05-19T08:47:57","slug":"tunisie-conseil-superieur-de-magistrature-entree-mauvais-pied","status":"publish","type":"post","link":"https:\/\/www.webdo.tn\/fr\/actualite\/edito\/tunisie-conseil-superieur-de-magistrature-entree-mauvais-pied\/178950\/","title":{"rendered":"Conseil Sup\u00e9rieur de la Magistrature : Une entr\u00e9e du mauvais pied !"},"content":{"rendered":"<p>Tunis Hebdo | La transition vers des institutions politiques, administratives et judiciaires stables et conformes \u00e0 la fois \u00e0 la Constitution et aux \u00ab id\u00e9aux \u00bb du nouveau r\u00e9gime, ne se d\u00e9roule pas selon les normes r\u00e9guli\u00e8res pr\u00e9vues par l\u2019Assembl\u00e9e Nationale Constituante et les v\u0153ux des partisans du r\u00eave d\u00e9mocratique.<\/p>\n<p>Rien ne se fait dans la s\u00e9r\u00e9nit\u00e9 ni la transparence n\u00e9cessaire pour donner davantage de cr\u00e9dit \u00e0 une \u00ab classe \u00bb politique dont la seule vertu r\u00e9side dans la d\u00e9fense de leurs convictions id\u00e9ologiques ou,tout simplement, la recherche de leurs int\u00e9r\u00eats strictement personnels.<\/p>\n<p>Tout \u00e7a au d\u00e9triment de l\u2019\u00e9tablissement d\u2019un nouvel Etat qui puisse avoir la capacit\u00e9 et les moyens de r\u00e9pondre positivement aux aspirations et aux revendications des citoyens, de plus en plus d\u00e9sempar\u00e9s par l\u2019inanit\u00e9 des gouvernants et leurs complices, ou, ceux qui se cachent derri\u00e8re eux.<\/p>\n<p>Rien ne se fait donc sans tiraillements politiques et sans lutte de \u00ab camps \u00bb, pour ne pas dire de clans, cr\u00e9ant des tensions souvent \u00e9touffantes qui ne font qu\u2019entacher leur statut d\u2019instances constitutionnelles neutres et mettre en doute, avant m\u00eame qu\u2019elles ne commencent \u00e0 fonctionner, la probit\u00e9 et l\u2019impartialit\u00e9 des membres qui les composent.<\/p>\n<p>C\u2019est ce qui arrive actuellement au Conseil Sup\u00e9rieur de la Magistrature qui se trouve, aujourd\u2019hui, dans une situation peu confortable eu \u00e9gard aux multiples interpr\u00e9tations juridiques dont il fait l\u2019objet.<\/p>\n<p>Alors que son \u00e9lection s\u2019est d\u00e9roul\u00e9e dans une ambiance d\u00e9mocratique et transparente, et malgr\u00e9 les critiques qui fus\u00e8rent, par la suite, relatives au succ\u00e8s de magistrats ayant \u00e9t\u00e9 instrumentalis\u00e9s par l\u2019ancien r\u00e9gime contre leurs confr\u00e8res notamment ceux de l\u2019Associations des Magistrats Tunisiens, le Conseil Sup\u00e9rieur de la Magistrature, fra\u00eechement \u00e9lu, promettait de donner un nouveau d\u00e9part et d\u2019\u00e9crire une nouvelle page, plus glorieuse du pouvoir judiciaire.<\/p>\n<p>Or ce Conseil Sup\u00e9rieur de la Magistrature s\u2019est retrouv\u00e9 d\u00e9j\u00e0 au centre d\u2019une pol\u00e9mique qui vient ternir son image alors m\u00eame qu\u2019il n\u2019a pas encore entam\u00e9 son mandat. En r\u00e9alit\u00e9, il \u00e9tait devenu l\u2019otage d\u2019un seul individu qui esp\u00e9rait une prolongation pour continuer \u00e0 occuper la plus haute fonction judiciaire, prolongation qui ne vint pas, ceux qui le lui ont promis ont \u00e9t\u00e9 soit incapables de respecter cette promesse, ou bien ont tout simplement chang\u00e9 d\u2019avis.<\/p>\n<p>Et au lieu de sortir avec les honneurs et la t\u00eate haute en convoquant le nouveau CSM, il a laiss\u00e9 courir les d\u00e9lais cr\u00e9ant un v\u00e9ritable casse-t\u00eate juridique.<\/p>\n<p>De plus, certaines propositions de nominations \u00e0 de hautes fonctions judiciaires de l\u2019Instance Provisoire du Pouvoir Judiciaire au gouvernement ont \u00e9t\u00e9 gel\u00e9es par le Chef du gouvernement pour des raisons que l\u2019on ignore, un sujet qui aurait m\u00e9rit\u00e9 une explication de la part du pouvoir ex\u00e9cutif afin d\u2019en conna\u00eetre les v\u00e9ritables motivations, ce qui aurait donn\u00e9 \u00e0 sa position davantage de cr\u00e9dibilit\u00e9.<\/p>\n<p>Maintenant, et apr\u00e8s que le Chef de l\u2019Etat ait appel\u00e9 ses membres \u00e0 pr\u00eater serment, le CSM s\u2019est d\u00e9j\u00e0 r\u00e9uni \u00e0 deux reprises, la premi\u00e8re fois au Palais de Carthage, la seconde au si\u00e8ge de la Cour de cassation avec l\u2019intention de trouver des issues juridiques au d\u00e9marrage de ses travaux. Sur ce plan, la bataille juridique, avec en filigrane une lutte politique, se poursuit entre deux tendances.<\/p>\n<p>La premi\u00e8re consid\u00e8re que le CSM ne peut commencer ses travaux qu\u2019\u00e0 la condition de pourvoir aux quatre postes encore vacants en son sein, alors que la deuxi\u00e8me tendance, plus pragmatique, estime que le CSM ne peut demeurer dans cette situation de blocage et qu\u2019il convient de trouver des solutions pour lui permettre de d\u00e9marrer ses travaux.<\/p>\n<p>Si chaque position peut se justifier sur le plan juridique, il nous semble que l\u00e0 aussi on a fait preuve d\u2019amateurisme politique dans la mesure o\u00f9 le gouvernement aurait pu solliciter l\u2019avis de l\u2019Instance provisoire du contr\u00f4le de la constitutionnalit\u00e9 de la loi et trouver ainsi une issue juridique que personne n\u2019aurait pu contester.<\/p>\n<p>Maintenant, et dans la situation actuelle, et afin d\u2019\u00e9viter la paralysie de cette instance constitutionnelle, il est sans doute plus justifi\u00e9 de puiser dans la loi organisant ce m\u00eame CSM pour trouver les proc\u00e9dures ad\u00e9quates afin de sortir de ce pi\u00e8ge juridique et de le d\u00e9passer, l\u2019essentiel \u00e9tant de voir enfin ce CSM install\u00e9 et pr\u00eat \u00e0 entreprendre ses activit\u00e9s, et compl\u00e9ter par la suite la mise en place d\u2019une autre institution non moins importante sinon plus, la Cour Constitutionnelle.<\/p>\n<p>Il est donc tr\u00e8s important que les membres du CSM parviennent \u00e0 se mettre d\u2019accord et \u00e0 trouver la solution ad\u00e9quate afin d\u2019\u00e9viter de faire rentrer leur propre institution dans un tourbillon de conflits interminable.<\/p>\n<p>Et comme on le dit tr\u00e8s souvent, les institutions ne sont et ne deviennent ind\u00e9pendantes, cr\u00e9dibles et efficientes que lorsque les hommes et les femmes qui les forment sont dot\u00e9s de qualit\u00e9s intellectuelles et humaines au-dessus de tout soup\u00e7on, honn\u00eates, comp\u00e9tents et non inf\u00e9od\u00e9s aux diverses influences de l\u2019environnement.<\/p>\n<p>Une issue rapide et judicieuse pourrait permettre au CSM de prendre un d\u00e9part du bon pied malgr\u00e9 les soubresauts actuels qui seront rapidement oubli\u00e9s si jamais il se hisse au niveau des attentes de tout un pays quant \u00e0 sa capacit\u00e9 d\u2019\u00e9tablir enfin une justice citoyenne, respectueuse des droits de chacun, r\u00e9ellement ind\u00e9pendante et au-dessus de toutes les contingences id\u00e9ologiques, politiques et financi\u00e8res\u2026<br \/>\nL.L.<\/p>\n","protected":false},"excerpt":{"rendered":"<p>Conseil Sup\u00e9rieur de la Magistrature : Une entr\u00e9e du mauvais pied !<\/p>\n","protected":false},"author":3222,"featured_media":311945,"comment_status":"open","ping_status":"closed","sticky":false,"template":"","format":"standard","meta":{"footnotes":""},"categories":[2589],"tags":[2600],"class_list":["post-178950","post","type-post","status-publish","format-standard","has-post-thumbnail","hentry","category-edito","tag-guerre"],"yoast_head":"<!-- This site is optimized with the Yoast SEO Premium plugin v27.5 (Yoast SEO v27.5) - https:\/\/yoast.com\/product\/yoast-seo-premium-wordpress\/ -->\n<title>Conseil Sup\u00e9rieur de la Magistrature : Une entr\u00e9e du mauvais pied !<\/title>\n<meta name=\"description\" content=\"Conseil Sup\u00e9rieur de la Magistrature : Une entr\u00e9e du mauvais pied !\" \/>\n<link rel=\"canonical\" href=\"https:\/\/www.webdo.tn\/fr\/actualite\/edito\/tunisie-conseil-superieur-de-magistrature-entree-mauvais-pied\/178950\/\" \/>\n<meta property=\"og:locale\" content=\"fr_FR\" \/>\n<meta property=\"og:type\" content=\"article\" \/>\n<meta property=\"og:title\" content=\"Conseil Sup\u00e9rieur de la Magistrature : Une entr\u00e9e du mauvais pied !\" \/>\n<meta property=\"og:description\" content=\"Conseil Sup\u00e9rieur de la Magistrature : Une entr\u00e9e du mauvais pied !\" \/>\n<meta property=\"og:url\" content=\"https:\/\/www.webdo.tn\/fr\/actualite\/edito\/tunisie-conseil-superieur-de-magistrature-entree-mauvais-pied\/178950\/\" \/>\n<meta property=\"og:site_name\" content=\"webdo\" \/>\n<meta property=\"article:publisher\" content=\"https:\/\/www.facebook.com\/webdotn\" \/>\n<meta property=\"article:published_time\" content=\"2016-12-19T16:15:00+00:00\" \/>\n<meta property=\"article:modified_time\" content=\"2025-05-19T08:47:57+00:00\" \/>\n<meta property=\"og:image\" content=\"https:\/\/www.webdo.tn\/fr\/wp-content\/uploads\/2016\/12\/CSM.jpg\" \/>\n\t<meta property=\"og:image:width\" content=\"675\" \/>\n\t<meta property=\"og:image:height\" content=\"425\" \/>\n\t<meta property=\"og:image:type\" content=\"image\/jpeg\" \/>\n<meta name=\"author\" content=\"webdo.tn\" \/>\n<meta name=\"twitter:card\" content=\"summary_large_image\" \/>\n<meta name=\"twitter:creator\" content=\"@webdo_tn\" \/>\n<meta name=\"twitter:site\" content=\"@webdo_tn\" \/>\n<meta name=\"twitter:label1\" content=\"\u00c9crit par\" \/>\n\t<meta name=\"twitter:data1\" content=\"webdo.tn\" \/>\n\t<meta name=\"twitter:label2\" content=\"Dur\u00e9e de lecture estim\u00e9e\" \/>\n\t<meta name=\"twitter:data2\" content=\"5 minutes\" \/>\n<script type=\"application\/ld+json\" class=\"yoast-schema-graph\">{\"@context\":\"https:\\\/\\\/schema.org\",\"@graph\":[{\"@type\":\"NewsArticle\",\"@id\":\"https:\\\/\\\/www.webdo.tn\\\/fr\\\/actualite\\\/edito\\\/tunisie-conseil-superieur-de-magistrature-entree-mauvais-pied\\\/178950\\\/#article\",\"isPartOf\":{\"@id\":\"https:\\\/\\\/www.webdo.tn\\\/fr\\\/actualite\\\/edito\\\/tunisie-conseil-superieur-de-magistrature-entree-mauvais-pied\\\/178950\\\/\"},\"author\":{\"name\":\"webdo.tn\",\"@id\":\"https:\\\/\\\/www.webdo.tn\\\/fr\\\/#\\\/schema\\\/person\\\/9a9c6118d687c117df8ef3cc36a4d175\"},\"headline\":\"Conseil Sup\u00e9rieur de la Magistrature : Une entr\u00e9e du mauvais pied !\",\"datePublished\":\"2016-12-19T16:15:00+00:00\",\"dateModified\":\"2025-05-19T08:47:57+00:00\",\"mainEntityOfPage\":{\"@id\":\"https:\\\/\\\/www.webdo.tn\\\/fr\\\/actualite\\\/edito\\\/tunisie-conseil-superieur-de-magistrature-entree-mauvais-pied\\\/178950\\\/\"},\"wordCount\":991,\"commentCount\":0,\"publisher\":{\"@id\":\"https:\\\/\\\/www.webdo.tn\\\/fr\\\/#organization\"},\"image\":{\"@id\":\"https:\\\/\\\/www.webdo.tn\\\/fr\\\/actualite\\\/edito\\\/tunisie-conseil-superieur-de-magistrature-entree-mauvais-pied\\\/178950\\\/#primaryimage\"},\"thumbnailUrl\":\"https:\\\/\\\/www.webdo.tn\\\/fr\\\/wp-content\\\/uploads\\\/2016\\\/12\\\/CSM.jpg\",\"keywords\":[\"guerre\"],\"articleSection\":[\"Edito\"],\"inLanguage\":\"fr-FR\"},{\"@type\":\"WebPage\",\"@id\":\"https:\\\/\\\/www.webdo.tn\\\/fr\\\/actualite\\\/edito\\\/tunisie-conseil-superieur-de-magistrature-entree-mauvais-pied\\\/178950\\\/\",\"url\":\"https:\\\/\\\/www.webdo.tn\\\/fr\\\/actualite\\\/edito\\\/tunisie-conseil-superieur-de-magistrature-entree-mauvais-pied\\\/178950\\\/\",\"name\":\"Conseil Sup\u00e9rieur de la Magistrature : Une entr\u00e9e du mauvais pied !\",\"isPartOf\":{\"@id\":\"https:\\\/\\\/www.webdo.tn\\\/fr\\\/#website\"},\"primaryImageOfPage\":{\"@id\":\"https:\\\/\\\/www.webdo.tn\\\/fr\\\/actualite\\\/edito\\\/tunisie-conseil-superieur-de-magistrature-entree-mauvais-pied\\\/178950\\\/#primaryimage\"},\"image\":{\"@id\":\"https:\\\/\\\/www.webdo.tn\\\/fr\\\/actualite\\\/edito\\\/tunisie-conseil-superieur-de-magistrature-entree-mauvais-pied\\\/178950\\\/#primaryimage\"},\"thumbnailUrl\":\"https:\\\/\\\/www.webdo.tn\\\/fr\\\/wp-content\\\/uploads\\\/2016\\\/12\\\/CSM.jpg\",\"datePublished\":\"2016-12-19T16:15:00+00:00\",\"dateModified\":\"2025-05-19T08:47:57+00:00\",\"description\":\"Conseil Sup\u00e9rieur de la Magistrature : Une entr\u00e9e du mauvais pied !\",\"breadcrumb\":{\"@id\":\"https:\\\/\\\/www.webdo.tn\\\/fr\\\/actualite\\\/edito\\\/tunisie-conseil-superieur-de-magistrature-entree-mauvais-pied\\\/178950\\\/#breadcrumb\"},\"inLanguage\":\"fr-FR\",\"potentialAction\":[{\"@type\":\"ReadAction\",\"target\":[\"https:\\\/\\\/www.webdo.tn\\\/fr\\\/actualite\\\/edito\\\/tunisie-conseil-superieur-de-magistrature-entree-mauvais-pied\\\/178950\\\/\"]}]},{\"@type\":\"ImageObject\",\"inLanguage\":\"fr-FR\",\"@id\":\"https:\\\/\\\/www.webdo.tn\\\/fr\\\/actualite\\\/edito\\\/tunisie-conseil-superieur-de-magistrature-entree-mauvais-pied\\\/178950\\\/#primaryimage\",\"url\":\"https:\\\/\\\/www.webdo.tn\\\/fr\\\/wp-content\\\/uploads\\\/2016\\\/12\\\/CSM.jpg\",\"contentUrl\":\"https:\\\/\\\/www.webdo.tn\\\/fr\\\/wp-content\\\/uploads\\\/2016\\\/12\\\/CSM.jpg\",\"width\":675,\"height\":425,\"caption\":\"Conseil Sup\u00e9rieur de la Magistrature : Une entr\u00e9e du mauvais pied !\"},{\"@type\":\"BreadcrumbList\",\"@id\":\"https:\\\/\\\/www.webdo.tn\\\/fr\\\/actualite\\\/edito\\\/tunisie-conseil-superieur-de-magistrature-entree-mauvais-pied\\\/178950\\\/#breadcrumb\",\"itemListElement\":[{\"@type\":\"ListItem\",\"position\":1,\"name\":\"Accueil\",\"item\":\"https:\\\/\\\/www.webdo.tn\\\/fr\\\/\"},{\"@type\":\"ListItem\",\"position\":2,\"name\":\"Conseil Sup\u00e9rieur de la Magistrature : Une entr\u00e9e du mauvais pied !\"}]},{\"@type\":\"WebSite\",\"@id\":\"https:\\\/\\\/www.webdo.tn\\\/fr\\\/#website\",\"url\":\"https:\\\/\\\/www.webdo.tn\\\/fr\\\/\",\"name\":\"webdo\",\"description\":\"Tunisie - News en Tunisie et \u00e0 l&#039;international sur Webdo.tn\",\"publisher\":{\"@id\":\"https:\\\/\\\/www.webdo.tn\\\/fr\\\/#organization\"},\"potentialAction\":[{\"@type\":\"SearchAction\",\"target\":{\"@type\":\"EntryPoint\",\"urlTemplate\":\"https:\\\/\\\/www.webdo.tn\\\/fr\\\/?s={search_term_string}\"},\"query-input\":{\"@type\":\"PropertyValueSpecification\",\"valueRequired\":true,\"valueName\":\"search_term_string\"}}],\"inLanguage\":\"fr-FR\"},{\"@type\":\"Organization\",\"@id\":\"https:\\\/\\\/www.webdo.tn\\\/fr\\\/#organization\",\"name\":\"Webdo\",\"alternateName\":\"Webdo.tn\",\"url\":\"https:\\\/\\\/www.webdo.tn\\\/fr\\\/\",\"logo\":{\"@type\":\"ImageObject\",\"inLanguage\":\"fr-FR\",\"@id\":\"https:\\\/\\\/www.webdo.tn\\\/fr\\\/#\\\/schema\\\/logo\\\/image\\\/\",\"url\":\"https:\\\/\\\/www.webdo.tn\\\/fr\\\/wp-content\\\/uploads\\\/2025\\\/06\\\/Webdo-Tunisie_168377.jpg\",\"contentUrl\":\"https:\\\/\\\/www.webdo.tn\\\/fr\\\/wp-content\\\/uploads\\\/2025\\\/06\\\/Webdo-Tunisie_168377.jpg\",\"width\":301,\"height\":301,\"caption\":\"Webdo\"},\"image\":{\"@id\":\"https:\\\/\\\/www.webdo.tn\\\/fr\\\/#\\\/schema\\\/logo\\\/image\\\/\"},\"sameAs\":[\"https:\\\/\\\/www.facebook.com\\\/webdotn\",\"https:\\\/\\\/x.com\\\/webdo_tn\"],\"description\":\"Webdo est un m\u00e9dia num\u00e9rique tunisien fond\u00e9 en 2010, sp\u00e9cialis\u00e9 dans l\u2019actualit\u00e9 nationale et internationale, l\u2019\u00e9conomie, la soci\u00e9t\u00e9 et les analyses politiques. Le site s\u2019adresse \u00e0 un large public francophone et couvre l\u2019information tunisienne en temps r\u00e9el.\",\"email\":\"redac@webdo.tn\",\"legalName\":\"YNJ SARL\",\"foundingDate\":\"2010-09-06\",\"numberOfEmployees\":{\"@type\":\"QuantitativeValue\",\"minValue\":\"11\",\"maxValue\":\"50\"}},{\"@type\":\"Person\",\"@id\":\"https:\\\/\\\/www.webdo.tn\\\/fr\\\/#\\\/schema\\\/person\\\/9a9c6118d687c117df8ef3cc36a4d175\",\"name\":\"webdo.tn\",\"image\":{\"@type\":\"ImageObject\",\"inLanguage\":\"fr-FR\",\"@id\":\"https:\\\/\\\/secure.gravatar.com\\\/avatar\\\/7ce1f28c0c3bbac99ff550b85ef8e44a6950c6ee24514fb6a5489e51d06f0298?s=96&d=mm&r=g\",\"url\":\"https:\\\/\\\/secure.gravatar.com\\\/avatar\\\/7ce1f28c0c3bbac99ff550b85ef8e44a6950c6ee24514fb6a5489e51d06f0298?s=96&d=mm&r=g\",\"contentUrl\":\"https:\\\/\\\/secure.gravatar.com\\\/avatar\\\/7ce1f28c0c3bbac99ff550b85ef8e44a6950c6ee24514fb6a5489e51d06f0298?s=96&d=mm&r=g\",\"caption\":\"webdo.tn\"},\"url\":\"https:\\\/\\\/www.webdo.tn\\\/fr\\\/actualite\\\/author\\\/webdotn\\\/\"}]}<\/script>\n<!-- \/ Yoast SEO Premium plugin. -->","yoast_head_json":{"title":"Conseil Sup\u00e9rieur de la Magistrature : Une entr\u00e9e du mauvais pied !","description":"Conseil Sup\u00e9rieur de la Magistrature : Une entr\u00e9e du mauvais pied !","canonical":"https:\/\/www.webdo.tn\/fr\/actualite\/edito\/tunisie-conseil-superieur-de-magistrature-entree-mauvais-pied\/178950\/","og_locale":"fr_FR","og_type":"article","og_title":"Conseil Sup\u00e9rieur de la Magistrature : Une entr\u00e9e du mauvais pied !","og_description":"Conseil Sup\u00e9rieur de la Magistrature : Une entr\u00e9e du mauvais pied !","og_url":"https:\/\/www.webdo.tn\/fr\/actualite\/edito\/tunisie-conseil-superieur-de-magistrature-entree-mauvais-pied\/178950\/","og_site_name":"webdo","article_publisher":"https:\/\/www.facebook.com\/webdotn","article_published_time":"2016-12-19T16:15:00+00:00","article_modified_time":"2025-05-19T08:47:57+00:00","og_image":[{"width":675,"height":425,"url":"https:\/\/www.webdo.tn\/fr\/wp-content\/uploads\/2016\/12\/CSM.jpg","type":"image\/jpeg"}],"author":"webdo.tn","twitter_card":"summary_large_image","twitter_creator":"@webdo_tn","twitter_site":"@webdo_tn","twitter_misc":{"\u00c9crit par":"webdo.tn","Dur\u00e9e de lecture estim\u00e9e":"5 minutes"},"schema":{"@context":"https:\/\/schema.org","@graph":[{"@type":"NewsArticle","@id":"https:\/\/www.webdo.tn\/fr\/actualite\/edito\/tunisie-conseil-superieur-de-magistrature-entree-mauvais-pied\/178950\/#article","isPartOf":{"@id":"https:\/\/www.webdo.tn\/fr\/actualite\/edito\/tunisie-conseil-superieur-de-magistrature-entree-mauvais-pied\/178950\/"},"author":{"name":"webdo.tn","@id":"https:\/\/www.webdo.tn\/fr\/#\/schema\/person\/9a9c6118d687c117df8ef3cc36a4d175"},"headline":"Conseil Sup\u00e9rieur de la Magistrature : Une entr\u00e9e du mauvais pied !","datePublished":"2016-12-19T16:15:00+00:00","dateModified":"2025-05-19T08:47:57+00:00","mainEntityOfPage":{"@id":"https:\/\/www.webdo.tn\/fr\/actualite\/edito\/tunisie-conseil-superieur-de-magistrature-entree-mauvais-pied\/178950\/"},"wordCount":991,"commentCount":0,"publisher":{"@id":"https:\/\/www.webdo.tn\/fr\/#organization"},"image":{"@id":"https:\/\/www.webdo.tn\/fr\/actualite\/edito\/tunisie-conseil-superieur-de-magistrature-entree-mauvais-pied\/178950\/#primaryimage"},"thumbnailUrl":"https:\/\/www.webdo.tn\/fr\/wp-content\/uploads\/2016\/12\/CSM.jpg","keywords":["guerre"],"articleSection":["Edito"],"inLanguage":"fr-FR"},{"@type":"WebPage","@id":"https:\/\/www.webdo.tn\/fr\/actualite\/edito\/tunisie-conseil-superieur-de-magistrature-entree-mauvais-pied\/178950\/","url":"https:\/\/www.webdo.tn\/fr\/actualite\/edito\/tunisie-conseil-superieur-de-magistrature-entree-mauvais-pied\/178950\/","name":"Conseil Sup\u00e9rieur de la Magistrature : Une entr\u00e9e du mauvais pied !","isPartOf":{"@id":"https:\/\/www.webdo.tn\/fr\/#website"},"primaryImageOfPage":{"@id":"https:\/\/www.webdo.tn\/fr\/actualite\/edito\/tunisie-conseil-superieur-de-magistrature-entree-mauvais-pied\/178950\/#primaryimage"},"image":{"@id":"https:\/\/www.webdo.tn\/fr\/actualite\/edito\/tunisie-conseil-superieur-de-magistrature-entree-mauvais-pied\/178950\/#primaryimage"},"thumbnailUrl":"https:\/\/www.webdo.tn\/fr\/wp-content\/uploads\/2016\/12\/CSM.jpg","datePublished":"2016-12-19T16:15:00+00:00","dateModified":"2025-05-19T08:47:57+00:00","description":"Conseil Sup\u00e9rieur de la Magistrature : Une entr\u00e9e du mauvais pied !","breadcrumb":{"@id":"https:\/\/www.webdo.tn\/fr\/actualite\/edito\/tunisie-conseil-superieur-de-magistrature-entree-mauvais-pied\/178950\/#breadcrumb"},"inLanguage":"fr-FR","potentialAction":[{"@type":"ReadAction","target":["https:\/\/www.webdo.tn\/fr\/actualite\/edito\/tunisie-conseil-superieur-de-magistrature-entree-mauvais-pied\/178950\/"]}]},{"@type":"ImageObject","inLanguage":"fr-FR","@id":"https:\/\/www.webdo.tn\/fr\/actualite\/edito\/tunisie-conseil-superieur-de-magistrature-entree-mauvais-pied\/178950\/#primaryimage","url":"https:\/\/www.webdo.tn\/fr\/wp-content\/uploads\/2016\/12\/CSM.jpg","contentUrl":"https:\/\/www.webdo.tn\/fr\/wp-content\/uploads\/2016\/12\/CSM.jpg","width":675,"height":425,"caption":"Conseil Sup\u00e9rieur de la Magistrature : Une entr\u00e9e du mauvais pied !"},{"@type":"BreadcrumbList","@id":"https:\/\/www.webdo.tn\/fr\/actualite\/edito\/tunisie-conseil-superieur-de-magistrature-entree-mauvais-pied\/178950\/#breadcrumb","itemListElement":[{"@type":"ListItem","position":1,"name":"Accueil","item":"https:\/\/www.webdo.tn\/fr\/"},{"@type":"ListItem","position":2,"name":"Conseil Sup\u00e9rieur de la Magistrature : Une entr\u00e9e du mauvais pied !"}]},{"@type":"WebSite","@id":"https:\/\/www.webdo.tn\/fr\/#website","url":"https:\/\/www.webdo.tn\/fr\/","name":"webdo","description":"Tunisie - News en Tunisie et \u00e0 l&#039;international sur Webdo.tn","publisher":{"@id":"https:\/\/www.webdo.tn\/fr\/#organization"},"potentialAction":[{"@type":"SearchAction","target":{"@type":"EntryPoint","urlTemplate":"https:\/\/www.webdo.tn\/fr\/?s={search_term_string}"},"query-input":{"@type":"PropertyValueSpecification","valueRequired":true,"valueName":"search_term_string"}}],"inLanguage":"fr-FR"},{"@type":"Organization","@id":"https:\/\/www.webdo.tn\/fr\/#organization","name":"Webdo","alternateName":"Webdo.tn","url":"https:\/\/www.webdo.tn\/fr\/","logo":{"@type":"ImageObject","inLanguage":"fr-FR","@id":"https:\/\/www.webdo.tn\/fr\/#\/schema\/logo\/image\/","url":"https:\/\/www.webdo.tn\/fr\/wp-content\/uploads\/2025\/06\/Webdo-Tunisie_168377.jpg","contentUrl":"https:\/\/www.webdo.tn\/fr\/wp-content\/uploads\/2025\/06\/Webdo-Tunisie_168377.jpg","width":301,"height":301,"caption":"Webdo"},"image":{"@id":"https:\/\/www.webdo.tn\/fr\/#\/schema\/logo\/image\/"},"sameAs":["https:\/\/www.facebook.com\/webdotn","https:\/\/x.com\/webdo_tn"],"description":"Webdo est un m\u00e9dia num\u00e9rique tunisien fond\u00e9 en 2010, sp\u00e9cialis\u00e9 dans l\u2019actualit\u00e9 nationale et internationale, l\u2019\u00e9conomie, la soci\u00e9t\u00e9 et les analyses politiques. Le site s\u2019adresse \u00e0 un large public francophone et couvre l\u2019information tunisienne en temps r\u00e9el.","email":"redac@webdo.tn","legalName":"YNJ SARL","foundingDate":"2010-09-06","numberOfEmployees":{"@type":"QuantitativeValue","minValue":"11","maxValue":"50"}},{"@type":"Person","@id":"https:\/\/www.webdo.tn\/fr\/#\/schema\/person\/9a9c6118d687c117df8ef3cc36a4d175","name":"webdo.tn","image":{"@type":"ImageObject","inLanguage":"fr-FR","@id":"https:\/\/secure.gravatar.com\/avatar\/7ce1f28c0c3bbac99ff550b85ef8e44a6950c6ee24514fb6a5489e51d06f0298?s=96&d=mm&r=g","url":"https:\/\/secure.gravatar.com\/avatar\/7ce1f28c0c3bbac99ff550b85ef8e44a6950c6ee24514fb6a5489e51d06f0298?s=96&d=mm&r=g","contentUrl":"https:\/\/secure.gravatar.com\/avatar\/7ce1f28c0c3bbac99ff550b85ef8e44a6950c6ee24514fb6a5489e51d06f0298?s=96&d=mm&r=g","caption":"webdo.tn"},"url":"https:\/\/www.webdo.tn\/fr\/actualite\/author\/webdotn\/"}]}},"_links":{"self":[{"href":"https:\/\/www.webdo.tn\/fr\/wp-json\/wp\/v2\/posts\/178950","targetHints":{"allow":["GET"]}}],"collection":[{"href":"https:\/\/www.webdo.tn\/fr\/wp-json\/wp\/v2\/posts"}],"about":[{"href":"https:\/\/www.webdo.tn\/fr\/wp-json\/wp\/v2\/types\/post"}],"author":[{"embeddable":true,"href":"https:\/\/www.webdo.tn\/fr\/wp-json\/wp\/v2\/users\/3222"}],"replies":[{"embeddable":true,"href":"https:\/\/www.webdo.tn\/fr\/wp-json\/wp\/v2\/comments?post=178950"}],"version-history":[{"count":0,"href":"https:\/\/www.webdo.tn\/fr\/wp-json\/wp\/v2\/posts\/178950\/revisions"}],"wp:featuredmedia":[{"embeddable":true,"href":"https:\/\/www.webdo.tn\/fr\/wp-json\/wp\/v2\/media\/311945"}],"wp:attachment":[{"href":"https:\/\/www.webdo.tn\/fr\/wp-json\/wp\/v2\/media?parent=178950"}],"wp:term":[{"taxonomy":"category","embeddable":true,"href":"https:\/\/www.webdo.tn\/fr\/wp-json\/wp\/v2\/categories?post=178950"},{"taxonomy":"post_tag","embeddable":true,"href":"https:\/\/www.webdo.tn\/fr\/wp-json\/wp\/v2\/tags?post=178950"}],"curies":[{"name":"wp","href":"https:\/\/api.w.org\/{rel}","templated":true}]}}