{"id":178949,"date":"2016-12-19T16:45:00","date_gmt":"2016-12-19T16:45:00","guid":{"rendered":"https:\/\/www.webdo.tn\/fr\/blog\/terroristes-rentres-pays-auront-droit-fcr\/178949\/"},"modified":"2025-05-19T08:47:59","modified_gmt":"2025-05-19T08:47:59","slug":"terroristes-rentres-pays-auront-droit-fcr","status":"publish","type":"post","link":"https:\/\/www.webdo.tn\/fr\/actualite\/edito\/terroristes-rentres-pays-auront-droit-fcr\/178949\/","title":{"rendered":"Les terroristes rentr\u00e9s au pays auront-ils droit au \u00ab\u00a0FCR\u00a0\u00bb ?"},"content":{"rendered":"<p>Tunis Hebdo | La Tunisie fait face \u00e0 une situation exclusive qui transgresse quasiment toutes les dispositions constitutionnelles et juridiques que ce pays a entass\u00e9es depuis son ind\u00e9pendance.<\/p>\n<p>Qui aurait dit qu\u2019un jour, les islamistes locaux formateraient des milliers de jeunes de ce pays pour les exp\u00e9dier au front syrien servir un wahhabisme criminel et barbare ? Qui aurait dit que ces m\u00eames jeunes, ou une bonne partie d\u2019entre-eux, allaient revenir au pays, apr\u00e8s avoir appris toutes les ficelles du terrorisme et perp\u00e9tr\u00e9, au nom de l\u2019Islam, les pires atrocit\u00e9s que l\u2019humanit\u00e9 ait jamais connues depuis son existence ?<\/p>\n<p>Mais pourquoi aucune disposition, tout aussi exclusive que la situation elle-m\u00eame, n\u2019a \u00e9t\u00e9 prise pour faire face au retour de ces terroristes dont l\u2019embrigadement par les int\u00e9gristes religieux, sauf exception miraculeuse, demeurera tenace si ce n\u2019est encore plus revigor\u00e9 ?<\/p>\n<p>Les plus grandes d\u00e9mocraties du monde, les USA en premier, ont \u00e9t\u00e9 accul\u00e9s \u00e0 contrevenir \u00e0 leur constitution en \u00e9dictant des lois d\u2019exception, dont le \u00abPatriot act\u00bb, pour garantir la s\u00e9curit\u00e9 de leur nation, lors de la vague de terrorisme ayant s\u00e9vi en 2001.<\/p>\n<p>Si rien n\u2019a \u00e9t\u00e9 fait du temps de la Tro\u00efka, cela se comprend puisque le gros contingent des terroristes exp\u00e9di\u00e9s en Syrie avait b\u00e9n\u00e9fici\u00e9 de l\u2019appui du r\u00e9gime en place, acquis \u00e0 la cause wahhabite et qui a m\u00eame contribu\u00e9, id\u00e9ologiquement et logistiquement, \u00e0 leur envoi au front syrien pour faire tomber le r\u00e9gime de Bachar Al Assad.<\/p>\n<p>Mais depuis l\u2019arriv\u00e9e d\u2019un nouvel ex\u00e9cutif et d\u2019un l\u00e9gislatif non domin\u00e9s par la mouvance islamiste, qu\u2019est-ce qui a bien pu emp\u00eacher les gouvernants de se munir de lois qui envisageraient avec s\u00e9rieux ce retour impromptu d\u2019individus qui risqueraient fortement de porter atteinte \u00e0 la s\u00e9curit\u00e9 nationale ?<\/p>\n<p>Y a-t-il r\u00e9ellement une volont\u00e9 d\u2019affronter cette situation ou est-ce que l\u2019alliance du pouvoir avec, entre autres, le parti islamiste et son all\u00e9geance aux puissances ayant envoy\u00e9 ces terroristes en Syrie, qui le pousse \u00e0 adopter cette sorte de fuite en avant p\u00e9rilleuse pour la Tunisie ?<\/p>\n<p>Et puis, qu\u2019est-ce que c\u2019est que cette histoire de repentir qu\u2019on nous sort comme \u00e7a pour blanchir ces criminels, comme s\u2019il s\u2019agissait de mafieux ou d\u2019hommes de main repentis de cartels colombiens ? Le plus curieux, c\u2019est que les m\u00e9dias contribuent \u00e0 enraciner dans les esprits cette id\u00e9e de r\u00e9demption en laquelle peu de gens croient.<\/p>\n<p>On est tent\u00e9 de dire, en ce sens, et c\u2019est \u00e0 vous de faire le lien qui s\u2019impose, que les d\u00e9clarations, en dents de scie, du pr\u00e9sident Ca\u00efd Essebsi \u00e0 diff\u00e9rents m\u00e9dias, laissent tout de m\u00eame pantois.<\/p>\n<p>\u00ab Nous n\u2019emp\u00eacherons aucun Tunisien de revenir dans son pays. Il s\u2019agit l\u00e0 d\u2019un principe constitutionnel. Nous prendrons nos pr\u00e9cautions face \u00e0 eux, nous agirons avec chacun d\u2019eux sur les plans s\u00e9curitaire et politique, en fonction de ces faits et de ce que dicte la situation, et ce, avant et apr\u00e8s leur retour \u00bb.<\/p>\n<p>C\u2019est ce que le Chef de l\u2019Etat a d\u00e9clar\u00e9 lors d\u2019un entretien accord\u00e9 \u00e0 la cha\u00eene Euronews, contredisant, presque, les propos qu\u2019il a tenus, auparavant dans une interview \u00e0 l\u2019AFP et dans laquelle il a affirm\u00e9 que : \u00ab La Tunisie refusera cat\u00e9goriquement de gracier les terroristes tunisiens qui combattent dans les rangs des organisations terroristes \u00bb. Que s\u2019est-il pass\u00e9, entretemps ?<\/p>\n<p>Personne ne pourra le dire et la pr\u00e9sidence de la R\u00e9publique, assaillie par les critiques, a d\u00fb publier un communiqu\u00e9 pour rectifier le tir, avant qu\u2019une interview \u00ab providentielle \u00bb avec la cha\u00eene Al Arabia vienne r\u00e9tablir les toute premi\u00e8res d\u00e9clarations, assurant \u00eatre totalement oppos\u00e9 \u00e0 ce que l\u2019on appelle la loi du repentir et insistant sur la n\u00e9cessit\u00e9 de traduire tous les terroristes devant la justice. Pourquoi est-il revenu sur sa position, encore une fois ?<\/p>\n<p>Cela dit, qui pourra pr\u00e9dire ce qui se passera, \u00e0 l\u2019avenir, quand le pays sera truff\u00e9 de terroristes \u00ab repentis \u00bb ? Un pays o\u00f9 on entre comme dans un moulin pour stocker des armes, perp\u00e9trer des attentats ou assassiner des politiciens et des activistes de tous bords.<\/p>\n<p>Moralit\u00e9 : pendant qu\u2019on y est, si on fait b\u00e9n\u00e9ficier ces terroristes du \u00ab repentir \u00bb, pourquoi ne pas les faire b\u00e9n\u00e9ficier aussi du r\u00e9gime \u00ab FCR \u00bb, comme \u00e7a ils pourraient ramener les sabres avec lesquels ils avaient tranch\u00e9 la gorge \u00e0 des innocents, entre vieillards et enfants.<br \/>\nI.B.H<\/p>\n","protected":false},"excerpt":{"rendered":"<p>Les terroristes rentr\u00e9s au pays auront-ils droit au  FCR  ?<\/p>\n","protected":false},"author":3222,"featured_media":311950,"comment_status":"open","ping_status":"closed","sticky":false,"template":"","format":"standard","meta":{"footnotes":""},"categories":[2589],"tags":[2600],"class_list":["post-178949","post","type-post","status-publish","format-standard","has-post-thumbnail","hentry","category-edito","tag-guerre"],"yoast_head":"<!-- This site is optimized with the Yoast SEO Premium plugin v27.5 (Yoast SEO v27.5) - https:\/\/yoast.com\/product\/yoast-seo-premium-wordpress\/ -->\n<title>Les terroristes rentr\u00e9s au pays auront-ils droit au FCR ?<\/title>\n<meta name=\"description\" content=\"Les terroristes rentr\u00e9s au pays auront-ils droit au FCR ?\" \/>\n<link rel=\"canonical\" href=\"https:\/\/www.webdo.tn\/fr\/actualite\/edito\/terroristes-rentres-pays-auront-droit-fcr\/178949\/\" \/>\n<meta property=\"og:locale\" content=\"fr_FR\" \/>\n<meta property=\"og:type\" content=\"article\" \/>\n<meta property=\"og:title\" content=\"Les terroristes rentr\u00e9s au pays auront-ils droit au &quot;FCR&quot; ?\" \/>\n<meta property=\"og:description\" content=\"Les terroristes rentr\u00e9s au pays auront-ils droit au FCR ?\" \/>\n<meta property=\"og:url\" content=\"https:\/\/www.webdo.tn\/fr\/actualite\/edito\/terroristes-rentres-pays-auront-droit-fcr\/178949\/\" \/>\n<meta property=\"og:site_name\" content=\"webdo\" \/>\n<meta property=\"article:publisher\" content=\"https:\/\/www.facebook.com\/webdotn\" \/>\n<meta property=\"article:published_time\" content=\"2016-12-19T16:45:00+00:00\" \/>\n<meta property=\"article:modified_time\" content=\"2025-05-19T08:47:59+00:00\" \/>\n<meta property=\"og:image\" content=\"https:\/\/www.webdo.tn\/fr\/wp-content\/uploads\/2016\/12\/Caricature-IBH-2-rotated.jpg\" \/>\n\t<meta property=\"og:image:width\" content=\"495\" \/>\n\t<meta property=\"og:image:height\" content=\"723\" \/>\n\t<meta property=\"og:image:type\" content=\"image\/jpeg\" \/>\n<meta name=\"author\" content=\"webdo.tn\" \/>\n<meta name=\"twitter:card\" content=\"summary_large_image\" \/>\n<meta name=\"twitter:creator\" content=\"@webdo_tn\" \/>\n<meta name=\"twitter:site\" content=\"@webdo_tn\" \/>\n<meta name=\"twitter:label1\" content=\"\u00c9crit par\" \/>\n\t<meta name=\"twitter:data1\" content=\"webdo.tn\" \/>\n\t<meta name=\"twitter:label2\" content=\"Dur\u00e9e de lecture estim\u00e9e\" \/>\n\t<meta name=\"twitter:data2\" content=\"4 minutes\" \/>\n<script type=\"application\/ld+json\" class=\"yoast-schema-graph\">{\"@context\":\"https:\\\/\\\/schema.org\",\"@graph\":[{\"@type\":\"NewsArticle\",\"@id\":\"https:\\\/\\\/www.webdo.tn\\\/fr\\\/actualite\\\/edito\\\/terroristes-rentres-pays-auront-droit-fcr\\\/178949\\\/#article\",\"isPartOf\":{\"@id\":\"https:\\\/\\\/www.webdo.tn\\\/fr\\\/actualite\\\/edito\\\/terroristes-rentres-pays-auront-droit-fcr\\\/178949\\\/\"},\"author\":{\"name\":\"webdo.tn\",\"@id\":\"https:\\\/\\\/www.webdo.tn\\\/fr\\\/#\\\/schema\\\/person\\\/9a9c6118d687c117df8ef3cc36a4d175\"},\"headline\":\"Les terroristes rentr\u00e9s au pays auront-ils droit au \u00ab\u00a0FCR\u00a0\u00bb ?\",\"datePublished\":\"2016-12-19T16:45:00+00:00\",\"dateModified\":\"2025-05-19T08:47:59+00:00\",\"mainEntityOfPage\":{\"@id\":\"https:\\\/\\\/www.webdo.tn\\\/fr\\\/actualite\\\/edito\\\/terroristes-rentres-pays-auront-droit-fcr\\\/178949\\\/\"},\"wordCount\":792,\"commentCount\":0,\"publisher\":{\"@id\":\"https:\\\/\\\/www.webdo.tn\\\/fr\\\/#organization\"},\"image\":{\"@id\":\"https:\\\/\\\/www.webdo.tn\\\/fr\\\/actualite\\\/edito\\\/terroristes-rentres-pays-auront-droit-fcr\\\/178949\\\/#primaryimage\"},\"thumbnailUrl\":\"https:\\\/\\\/www.webdo.tn\\\/fr\\\/wp-content\\\/uploads\\\/2016\\\/12\\\/Caricature-IBH-2-rotated.jpg\",\"keywords\":[\"guerre\"],\"articleSection\":[\"Edito\"],\"inLanguage\":\"fr-FR\"},{\"@type\":\"WebPage\",\"@id\":\"https:\\\/\\\/www.webdo.tn\\\/fr\\\/actualite\\\/edito\\\/terroristes-rentres-pays-auront-droit-fcr\\\/178949\\\/\",\"url\":\"https:\\\/\\\/www.webdo.tn\\\/fr\\\/actualite\\\/edito\\\/terroristes-rentres-pays-auront-droit-fcr\\\/178949\\\/\",\"name\":\"Les terroristes rentr\u00e9s au pays auront-ils droit au FCR ?\",\"isPartOf\":{\"@id\":\"https:\\\/\\\/www.webdo.tn\\\/fr\\\/#website\"},\"primaryImageOfPage\":{\"@id\":\"https:\\\/\\\/www.webdo.tn\\\/fr\\\/actualite\\\/edito\\\/terroristes-rentres-pays-auront-droit-fcr\\\/178949\\\/#primaryimage\"},\"image\":{\"@id\":\"https:\\\/\\\/www.webdo.tn\\\/fr\\\/actualite\\\/edito\\\/terroristes-rentres-pays-auront-droit-fcr\\\/178949\\\/#primaryimage\"},\"thumbnailUrl\":\"https:\\\/\\\/www.webdo.tn\\\/fr\\\/wp-content\\\/uploads\\\/2016\\\/12\\\/Caricature-IBH-2-rotated.jpg\",\"datePublished\":\"2016-12-19T16:45:00+00:00\",\"dateModified\":\"2025-05-19T08:47:59+00:00\",\"description\":\"Les terroristes rentr\u00e9s au pays auront-ils droit au FCR ?\",\"breadcrumb\":{\"@id\":\"https:\\\/\\\/www.webdo.tn\\\/fr\\\/actualite\\\/edito\\\/terroristes-rentres-pays-auront-droit-fcr\\\/178949\\\/#breadcrumb\"},\"inLanguage\":\"fr-FR\",\"potentialAction\":[{\"@type\":\"ReadAction\",\"target\":[\"https:\\\/\\\/www.webdo.tn\\\/fr\\\/actualite\\\/edito\\\/terroristes-rentres-pays-auront-droit-fcr\\\/178949\\\/\"]}]},{\"@type\":\"ImageObject\",\"inLanguage\":\"fr-FR\",\"@id\":\"https:\\\/\\\/www.webdo.tn\\\/fr\\\/actualite\\\/edito\\\/terroristes-rentres-pays-auront-droit-fcr\\\/178949\\\/#primaryimage\",\"url\":\"https:\\\/\\\/www.webdo.tn\\\/fr\\\/wp-content\\\/uploads\\\/2016\\\/12\\\/Caricature-IBH-2-rotated.jpg\",\"contentUrl\":\"https:\\\/\\\/www.webdo.tn\\\/fr\\\/wp-content\\\/uploads\\\/2016\\\/12\\\/Caricature-IBH-2-rotated.jpg\",\"width\":495,\"height\":723,\"caption\":\"Les terroristes rentr\u00e9s au pays auront-ils droit au \\\"FCR\\\" ?\"},{\"@type\":\"BreadcrumbList\",\"@id\":\"https:\\\/\\\/www.webdo.tn\\\/fr\\\/actualite\\\/edito\\\/terroristes-rentres-pays-auront-droit-fcr\\\/178949\\\/#breadcrumb\",\"itemListElement\":[{\"@type\":\"ListItem\",\"position\":1,\"name\":\"Accueil\",\"item\":\"https:\\\/\\\/www.webdo.tn\\\/fr\\\/\"},{\"@type\":\"ListItem\",\"position\":2,\"name\":\"Les terroristes rentr\u00e9s au pays auront-ils droit au \u00ab\u00a0FCR\u00a0\u00bb ?\"}]},{\"@type\":\"WebSite\",\"@id\":\"https:\\\/\\\/www.webdo.tn\\\/fr\\\/#website\",\"url\":\"https:\\\/\\\/www.webdo.tn\\\/fr\\\/\",\"name\":\"webdo\",\"description\":\"Tunisie - News en Tunisie et \u00e0 l&#039;international sur Webdo.tn\",\"publisher\":{\"@id\":\"https:\\\/\\\/www.webdo.tn\\\/fr\\\/#organization\"},\"potentialAction\":[{\"@type\":\"SearchAction\",\"target\":{\"@type\":\"EntryPoint\",\"urlTemplate\":\"https:\\\/\\\/www.webdo.tn\\\/fr\\\/?s={search_term_string}\"},\"query-input\":{\"@type\":\"PropertyValueSpecification\",\"valueRequired\":true,\"valueName\":\"search_term_string\"}}],\"inLanguage\":\"fr-FR\"},{\"@type\":\"Organization\",\"@id\":\"https:\\\/\\\/www.webdo.tn\\\/fr\\\/#organization\",\"name\":\"Webdo\",\"alternateName\":\"Webdo.tn\",\"url\":\"https:\\\/\\\/www.webdo.tn\\\/fr\\\/\",\"logo\":{\"@type\":\"ImageObject\",\"inLanguage\":\"fr-FR\",\"@id\":\"https:\\\/\\\/www.webdo.tn\\\/fr\\\/#\\\/schema\\\/logo\\\/image\\\/\",\"url\":\"https:\\\/\\\/www.webdo.tn\\\/fr\\\/wp-content\\\/uploads\\\/2025\\\/06\\\/Webdo-Tunisie_168377.jpg\",\"contentUrl\":\"https:\\\/\\\/www.webdo.tn\\\/fr\\\/wp-content\\\/uploads\\\/2025\\\/06\\\/Webdo-Tunisie_168377.jpg\",\"width\":301,\"height\":301,\"caption\":\"Webdo\"},\"image\":{\"@id\":\"https:\\\/\\\/www.webdo.tn\\\/fr\\\/#\\\/schema\\\/logo\\\/image\\\/\"},\"sameAs\":[\"https:\\\/\\\/www.facebook.com\\\/webdotn\",\"https:\\\/\\\/x.com\\\/webdo_tn\"],\"description\":\"Webdo est un m\u00e9dia num\u00e9rique tunisien fond\u00e9 en 2010, sp\u00e9cialis\u00e9 dans l\u2019actualit\u00e9 nationale et internationale, l\u2019\u00e9conomie, la soci\u00e9t\u00e9 et les analyses politiques. Le site s\u2019adresse \u00e0 un large public francophone et couvre l\u2019information tunisienne en temps r\u00e9el.\",\"email\":\"redac@webdo.tn\",\"legalName\":\"YNJ SARL\",\"foundingDate\":\"2010-09-06\",\"numberOfEmployees\":{\"@type\":\"QuantitativeValue\",\"minValue\":\"11\",\"maxValue\":\"50\"}},{\"@type\":\"Person\",\"@id\":\"https:\\\/\\\/www.webdo.tn\\\/fr\\\/#\\\/schema\\\/person\\\/9a9c6118d687c117df8ef3cc36a4d175\",\"name\":\"webdo.tn\",\"image\":{\"@type\":\"ImageObject\",\"inLanguage\":\"fr-FR\",\"@id\":\"https:\\\/\\\/secure.gravatar.com\\\/avatar\\\/7ce1f28c0c3bbac99ff550b85ef8e44a6950c6ee24514fb6a5489e51d06f0298?s=96&d=mm&r=g\",\"url\":\"https:\\\/\\\/secure.gravatar.com\\\/avatar\\\/7ce1f28c0c3bbac99ff550b85ef8e44a6950c6ee24514fb6a5489e51d06f0298?s=96&d=mm&r=g\",\"contentUrl\":\"https:\\\/\\\/secure.gravatar.com\\\/avatar\\\/7ce1f28c0c3bbac99ff550b85ef8e44a6950c6ee24514fb6a5489e51d06f0298?s=96&d=mm&r=g\",\"caption\":\"webdo.tn\"},\"url\":\"https:\\\/\\\/www.webdo.tn\\\/fr\\\/actualite\\\/author\\\/webdotn\\\/\"}]}<\/script>\n<!-- \/ Yoast SEO Premium plugin. -->","yoast_head_json":{"title":"Les terroristes rentr\u00e9s au pays auront-ils droit au FCR ?","description":"Les terroristes rentr\u00e9s au pays auront-ils droit au FCR ?","canonical":"https:\/\/www.webdo.tn\/fr\/actualite\/edito\/terroristes-rentres-pays-auront-droit-fcr\/178949\/","og_locale":"fr_FR","og_type":"article","og_title":"Les terroristes rentr\u00e9s au pays auront-ils droit au \"FCR\" ?","og_description":"Les terroristes rentr\u00e9s au pays auront-ils droit au FCR ?","og_url":"https:\/\/www.webdo.tn\/fr\/actualite\/edito\/terroristes-rentres-pays-auront-droit-fcr\/178949\/","og_site_name":"webdo","article_publisher":"https:\/\/www.facebook.com\/webdotn","article_published_time":"2016-12-19T16:45:00+00:00","article_modified_time":"2025-05-19T08:47:59+00:00","og_image":[{"width":495,"height":723,"url":"https:\/\/www.webdo.tn\/fr\/wp-content\/uploads\/2016\/12\/Caricature-IBH-2-rotated.jpg","type":"image\/jpeg"}],"author":"webdo.tn","twitter_card":"summary_large_image","twitter_creator":"@webdo_tn","twitter_site":"@webdo_tn","twitter_misc":{"\u00c9crit par":"webdo.tn","Dur\u00e9e de lecture estim\u00e9e":"4 minutes"},"schema":{"@context":"https:\/\/schema.org","@graph":[{"@type":"NewsArticle","@id":"https:\/\/www.webdo.tn\/fr\/actualite\/edito\/terroristes-rentres-pays-auront-droit-fcr\/178949\/#article","isPartOf":{"@id":"https:\/\/www.webdo.tn\/fr\/actualite\/edito\/terroristes-rentres-pays-auront-droit-fcr\/178949\/"},"author":{"name":"webdo.tn","@id":"https:\/\/www.webdo.tn\/fr\/#\/schema\/person\/9a9c6118d687c117df8ef3cc36a4d175"},"headline":"Les terroristes rentr\u00e9s au pays auront-ils droit au \u00ab\u00a0FCR\u00a0\u00bb ?","datePublished":"2016-12-19T16:45:00+00:00","dateModified":"2025-05-19T08:47:59+00:00","mainEntityOfPage":{"@id":"https:\/\/www.webdo.tn\/fr\/actualite\/edito\/terroristes-rentres-pays-auront-droit-fcr\/178949\/"},"wordCount":792,"commentCount":0,"publisher":{"@id":"https:\/\/www.webdo.tn\/fr\/#organization"},"image":{"@id":"https:\/\/www.webdo.tn\/fr\/actualite\/edito\/terroristes-rentres-pays-auront-droit-fcr\/178949\/#primaryimage"},"thumbnailUrl":"https:\/\/www.webdo.tn\/fr\/wp-content\/uploads\/2016\/12\/Caricature-IBH-2-rotated.jpg","keywords":["guerre"],"articleSection":["Edito"],"inLanguage":"fr-FR"},{"@type":"WebPage","@id":"https:\/\/www.webdo.tn\/fr\/actualite\/edito\/terroristes-rentres-pays-auront-droit-fcr\/178949\/","url":"https:\/\/www.webdo.tn\/fr\/actualite\/edito\/terroristes-rentres-pays-auront-droit-fcr\/178949\/","name":"Les terroristes rentr\u00e9s au pays auront-ils droit au FCR ?","isPartOf":{"@id":"https:\/\/www.webdo.tn\/fr\/#website"},"primaryImageOfPage":{"@id":"https:\/\/www.webdo.tn\/fr\/actualite\/edito\/terroristes-rentres-pays-auront-droit-fcr\/178949\/#primaryimage"},"image":{"@id":"https:\/\/www.webdo.tn\/fr\/actualite\/edito\/terroristes-rentres-pays-auront-droit-fcr\/178949\/#primaryimage"},"thumbnailUrl":"https:\/\/www.webdo.tn\/fr\/wp-content\/uploads\/2016\/12\/Caricature-IBH-2-rotated.jpg","datePublished":"2016-12-19T16:45:00+00:00","dateModified":"2025-05-19T08:47:59+00:00","description":"Les terroristes rentr\u00e9s au pays auront-ils droit au FCR ?","breadcrumb":{"@id":"https:\/\/www.webdo.tn\/fr\/actualite\/edito\/terroristes-rentres-pays-auront-droit-fcr\/178949\/#breadcrumb"},"inLanguage":"fr-FR","potentialAction":[{"@type":"ReadAction","target":["https:\/\/www.webdo.tn\/fr\/actualite\/edito\/terroristes-rentres-pays-auront-droit-fcr\/178949\/"]}]},{"@type":"ImageObject","inLanguage":"fr-FR","@id":"https:\/\/www.webdo.tn\/fr\/actualite\/edito\/terroristes-rentres-pays-auront-droit-fcr\/178949\/#primaryimage","url":"https:\/\/www.webdo.tn\/fr\/wp-content\/uploads\/2016\/12\/Caricature-IBH-2-rotated.jpg","contentUrl":"https:\/\/www.webdo.tn\/fr\/wp-content\/uploads\/2016\/12\/Caricature-IBH-2-rotated.jpg","width":495,"height":723,"caption":"Les terroristes rentr\u00e9s au pays auront-ils droit au \"FCR\" ?"},{"@type":"BreadcrumbList","@id":"https:\/\/www.webdo.tn\/fr\/actualite\/edito\/terroristes-rentres-pays-auront-droit-fcr\/178949\/#breadcrumb","itemListElement":[{"@type":"ListItem","position":1,"name":"Accueil","item":"https:\/\/www.webdo.tn\/fr\/"},{"@type":"ListItem","position":2,"name":"Les terroristes rentr\u00e9s au pays auront-ils droit au \u00ab\u00a0FCR\u00a0\u00bb ?"}]},{"@type":"WebSite","@id":"https:\/\/www.webdo.tn\/fr\/#website","url":"https:\/\/www.webdo.tn\/fr\/","name":"webdo","description":"Tunisie - News en Tunisie et \u00e0 l&#039;international sur Webdo.tn","publisher":{"@id":"https:\/\/www.webdo.tn\/fr\/#organization"},"potentialAction":[{"@type":"SearchAction","target":{"@type":"EntryPoint","urlTemplate":"https:\/\/www.webdo.tn\/fr\/?s={search_term_string}"},"query-input":{"@type":"PropertyValueSpecification","valueRequired":true,"valueName":"search_term_string"}}],"inLanguage":"fr-FR"},{"@type":"Organization","@id":"https:\/\/www.webdo.tn\/fr\/#organization","name":"Webdo","alternateName":"Webdo.tn","url":"https:\/\/www.webdo.tn\/fr\/","logo":{"@type":"ImageObject","inLanguage":"fr-FR","@id":"https:\/\/www.webdo.tn\/fr\/#\/schema\/logo\/image\/","url":"https:\/\/www.webdo.tn\/fr\/wp-content\/uploads\/2025\/06\/Webdo-Tunisie_168377.jpg","contentUrl":"https:\/\/www.webdo.tn\/fr\/wp-content\/uploads\/2025\/06\/Webdo-Tunisie_168377.jpg","width":301,"height":301,"caption":"Webdo"},"image":{"@id":"https:\/\/www.webdo.tn\/fr\/#\/schema\/logo\/image\/"},"sameAs":["https:\/\/www.facebook.com\/webdotn","https:\/\/x.com\/webdo_tn"],"description":"Webdo est un m\u00e9dia num\u00e9rique tunisien fond\u00e9 en 2010, sp\u00e9cialis\u00e9 dans l\u2019actualit\u00e9 nationale et internationale, l\u2019\u00e9conomie, la soci\u00e9t\u00e9 et les analyses politiques. Le site s\u2019adresse \u00e0 un large public francophone et couvre l\u2019information tunisienne en temps r\u00e9el.","email":"redac@webdo.tn","legalName":"YNJ SARL","foundingDate":"2010-09-06","numberOfEmployees":{"@type":"QuantitativeValue","minValue":"11","maxValue":"50"}},{"@type":"Person","@id":"https:\/\/www.webdo.tn\/fr\/#\/schema\/person\/9a9c6118d687c117df8ef3cc36a4d175","name":"webdo.tn","image":{"@type":"ImageObject","inLanguage":"fr-FR","@id":"https:\/\/secure.gravatar.com\/avatar\/7ce1f28c0c3bbac99ff550b85ef8e44a6950c6ee24514fb6a5489e51d06f0298?s=96&d=mm&r=g","url":"https:\/\/secure.gravatar.com\/avatar\/7ce1f28c0c3bbac99ff550b85ef8e44a6950c6ee24514fb6a5489e51d06f0298?s=96&d=mm&r=g","contentUrl":"https:\/\/secure.gravatar.com\/avatar\/7ce1f28c0c3bbac99ff550b85ef8e44a6950c6ee24514fb6a5489e51d06f0298?s=96&d=mm&r=g","caption":"webdo.tn"},"url":"https:\/\/www.webdo.tn\/fr\/actualite\/author\/webdotn\/"}]}},"_links":{"self":[{"href":"https:\/\/www.webdo.tn\/fr\/wp-json\/wp\/v2\/posts\/178949","targetHints":{"allow":["GET"]}}],"collection":[{"href":"https:\/\/www.webdo.tn\/fr\/wp-json\/wp\/v2\/posts"}],"about":[{"href":"https:\/\/www.webdo.tn\/fr\/wp-json\/wp\/v2\/types\/post"}],"author":[{"embeddable":true,"href":"https:\/\/www.webdo.tn\/fr\/wp-json\/wp\/v2\/users\/3222"}],"replies":[{"embeddable":true,"href":"https:\/\/www.webdo.tn\/fr\/wp-json\/wp\/v2\/comments?post=178949"}],"version-history":[{"count":0,"href":"https:\/\/www.webdo.tn\/fr\/wp-json\/wp\/v2\/posts\/178949\/revisions"}],"wp:featuredmedia":[{"embeddable":true,"href":"https:\/\/www.webdo.tn\/fr\/wp-json\/wp\/v2\/media\/311950"}],"wp:attachment":[{"href":"https:\/\/www.webdo.tn\/fr\/wp-json\/wp\/v2\/media?parent=178949"}],"wp:term":[{"taxonomy":"category","embeddable":true,"href":"https:\/\/www.webdo.tn\/fr\/wp-json\/wp\/v2\/categories?post=178949"},{"taxonomy":"post_tag","embeddable":true,"href":"https:\/\/www.webdo.tn\/fr\/wp-json\/wp\/v2\/tags?post=178949"}],"curies":[{"name":"wp","href":"https:\/\/api.w.org\/{rel}","templated":true}]}}