{"id":178948,"date":"2017-01-14T06:00:00","date_gmt":"2017-01-14T06:00:00","guid":{"rendered":"https:\/\/www.webdo.tn\/fr\/blog\/tunisie-reve-confisque\/178948\/"},"modified":"2025-05-22T13:24:37","modified_gmt":"2025-05-22T13:24:37","slug":"tunisie-reve-confisque","status":"publish","type":"post","link":"https:\/\/www.webdo.tn\/fr\/actualite\/edito\/tunisie-reve-confisque\/178948\/","title":{"rendered":"Tunisie : Le r\u00eave confisqu\u00e9 !"},"content":{"rendered":"<p>Le changement du 14 janvier 2011, ind\u00e9pendamment des diverses manipulations et des man\u0153uvres int\u00e9rieures et ext\u00e9rieures qui ont pr\u00e9cipit\u00e9 la chute du parrain des familles qui ont pill\u00e9 le pays, avait soulev\u00e9 les espoirs les plus fous chez une population enthousiaste et pleine d&rsquo;ambition pour un futur meilleur.<\/p>\n<p>Les slogans des milliers de Tunisiens, jeunes et moins jeunes, \u00e9taient divergents selon les v\u0153ux de chacun d&rsquo;eux ; les uns appelant \u00e0 une d\u00e9mocratisation du r\u00e9gime et qui r\u00eavaient de vivre un pays o\u00f9 le choix des gouvernants deviendrait le leur, et les autres appelant \u00e0 l&rsquo;instauration de la dignit\u00e9 citoyenne \u00e0 travers le travail.<\/p>\n<p>Or six ann\u00e9es plus tard, les uns et les autres sont oblig\u00e9s de d\u00e9chanter. Leurs v\u0153ux n&rsquo;ont pas \u00e9t\u00e9 exauc\u00e9s et leurs espoirs sont partis en fum\u00e9e ou presque ! Car le pays a sombr\u00e9 dans une anarchie o\u00f9 le combat id\u00e9ologique a \u00e9t\u00e9 dominant entre deux tendances diam\u00e9tralement oppos\u00e9es, les Islamistes d&rsquo;un c\u00f4t\u00e9, les Modernistes de l&rsquo;autre.<\/p>\n<p>Les premiers ont opt\u00e9 pour la d\u00e9structuration de l&rsquo;appareil d&rsquo;Etat en cr\u00e9ant des institutions parall\u00e8les contr\u00f4l\u00e9es par eux et destin\u00e9es \u00e0 mettre la main sur la soci\u00e9t\u00e9. En m\u00eame temps, ils ont encourag\u00e9 \u00ab\u00a0l&rsquo;islamisation\u00a0\u00bb des m\u0153urs par la crainte voire la peur et ont essay\u00e9 de noyauter toutes les institutions existantes (police, arm\u00e9e, magistrature, administration centrale et r\u00e9gionale, etc) de fa\u00e7on \u00e0 imposer leur emprise sur le pays.<\/p>\n<p>Les seconds ont agi par r\u00e9action en se constituant de mani\u00e8re anarchique avec pour seul objectif : s&rsquo;opposer au projet islamiste mais sans que cela ne se transforme en v\u00e9ritable projet de gouvernement, clair et sans ambigu\u00eft\u00e9, et surtout sans introduire un v\u00e9ritable changement d&rsquo;orientations \u00e9conomiques ou sociales.<\/p>\n<p>Or, ces deux grandes tendances dont l&rsquo;entente semblait quasi-impossible, du moins pour ceux qui s&rsquo;en tiennent aux analyses superficielles d\u00e9nu\u00e9es de leur dimension id\u00e9ologique, se sont finalement entendues pour gouverner ensemble le pays.<\/p>\n<p>Modernistes, ou pr\u00e9sum\u00e9s comme tels, et Islamistes, toujours fid\u00e8les \u00e0 leur r\u00e9elle volont\u00e9 d&rsquo;instaurer un r\u00e9gime islamiste malgr\u00e9 leur discours destin\u00e9 au public, ont pris les r\u00eanes du pouvoir et se sont accord\u00e9 sur la gestion du pays depuis les derni\u00e8res \u00e9lections d&rsquo;octobre 2015.<\/p>\n<p>Aujourd&rsquo;hui et apr\u00e8s deux ann\u00e9es, on peut constater un \u00e9chec total dans la gestion du pays. Que ce soit avec Habib Essid ou aujourd&rsquo;hui avec Youssef Chahed, les probl\u00e8mes se suivent et se ressemblent, et aucune solution ne semble pointer \u00e0 l&rsquo;horizon.<\/p>\n<p>Le pays continue \u00e0 souffrir des m\u00eames maux et para\u00eet glisser de plus en plus vers les ab\u00eemes qui va de l&rsquo;anarchie \u00e9conomique et sociale totale, \u00e0 l&rsquo;ins\u00e9curit\u00e9 ou \u00e0 la banqueroute. Le pire dans tout cela, c&rsquo;est que l&rsquo;\u00e9quipe gouvernementale actuelle parait compl\u00e8tement impuissante, d\u00e9nu\u00e9e d&rsquo;ing\u00e9niosit\u00e9 et d&rsquo;audace, que ses convictions ne permettent d&rsquo;ailleurs pas.<\/p>\n<p>Aujourd&rsquo;hui, ceux qui ont r\u00eav\u00e9 de vivre dans un pays prosp\u00e8re et d\u00e9mocratique, ont quasiment perdu leurs illusions. Pire m\u00eame, ils sont inquiets quant \u00e0 l&rsquo;avenir sombre qui se dessine. Le d\u00e9nuement des classes pauvres, la paup\u00e9risation rampante qui frappe de plein fouet les classes moyennes, les craintes r\u00e9elles du retour des jihadistes qui mettent la s\u00e9curit\u00e9 des citoyens et du pays en grand danger, les risques de faillite \u00e9conomique de l&rsquo;Etat tranchent avec ceux qui ont tir\u00e9 b\u00e9n\u00e9fice de ce changement, qui se pavanent aujourd&rsquo;hui en 4&#215;4 et poss\u00e8dent des containers remplis de dinars ou de dollars, et b\u00e9n\u00e9ficiant du parapluie et de la complicit\u00e9 de leurs protecteurs politiques\u2026<br \/>\nL.L.<\/p>\n","protected":false},"excerpt":{"rendered":"<p>Tunisie : Le r\u00eave confisqu\u00e9 !<\/p>\n","protected":false},"author":3222,"featured_media":375723,"comment_status":"open","ping_status":"closed","sticky":false,"template":"","format":"standard","meta":{"footnotes":""},"categories":[2589],"tags":[],"class_list":["post-178948","post","type-post","status-publish","format-standard","has-post-thumbnail","hentry","category-edito"],"yoast_head":"<!-- This site is optimized with the Yoast SEO Premium plugin v27.5 (Yoast SEO v27.5) - https:\/\/yoast.com\/product\/yoast-seo-premium-wordpress\/ -->\n<title>Tunisie : Le r\u00eave confisqu\u00e9 !<\/title>\n<meta name=\"description\" content=\"Tunisie : Le r\u00eave confisqu\u00e9 !\" \/>\n<link rel=\"canonical\" href=\"https:\/\/www.webdo.tn\/fr\/actualite\/edito\/tunisie-reve-confisque\/178948\/\" \/>\n<meta property=\"og:locale\" content=\"fr_FR\" \/>\n<meta property=\"og:type\" content=\"article\" \/>\n<meta property=\"og:title\" content=\"Tunisie : Le r\u00eave confisqu\u00e9 !\" \/>\n<meta property=\"og:description\" content=\"Tunisie : Le r\u00eave confisqu\u00e9 !\" \/>\n<meta property=\"og:url\" content=\"https:\/\/www.webdo.tn\/fr\/actualite\/edito\/tunisie-reve-confisque\/178948\/\" \/>\n<meta property=\"og:site_name\" content=\"webdo\" \/>\n<meta property=\"article:publisher\" content=\"https:\/\/www.facebook.com\/webdotn\" \/>\n<meta property=\"article:published_time\" content=\"2017-01-14T06:00:00+00:00\" \/>\n<meta property=\"article:modified_time\" content=\"2025-05-22T13:24:37+00:00\" \/>\n<meta property=\"og:image\" content=\"https:\/\/www.webdo.tn\/fr\/wp-content\/uploads\/2025\/06\/Revolution-photo-france-culture-300x199_178948.jpg\" \/>\n\t<meta property=\"og:image:width\" content=\"300\" \/>\n\t<meta property=\"og:image:height\" content=\"199\" \/>\n\t<meta property=\"og:image:type\" content=\"image\/jpeg\" \/>\n<meta name=\"author\" content=\"webdo.tn\" \/>\n<meta name=\"twitter:card\" content=\"summary_large_image\" \/>\n<meta name=\"twitter:creator\" content=\"@webdo_tn\" \/>\n<meta name=\"twitter:site\" content=\"@webdo_tn\" \/>\n<meta name=\"twitter:label1\" content=\"\u00c9crit par\" \/>\n\t<meta name=\"twitter:data1\" content=\"webdo.tn\" \/>\n\t<meta name=\"twitter:label2\" content=\"Dur\u00e9e de lecture estim\u00e9e\" \/>\n\t<meta name=\"twitter:data2\" content=\"3 minutes\" \/>\n<script type=\"application\/ld+json\" class=\"yoast-schema-graph\">{\"@context\":\"https:\\\/\\\/schema.org\",\"@graph\":[{\"@type\":\"NewsArticle\",\"@id\":\"https:\\\/\\\/www.webdo.tn\\\/fr\\\/actualite\\\/edito\\\/tunisie-reve-confisque\\\/178948\\\/#article\",\"isPartOf\":{\"@id\":\"https:\\\/\\\/www.webdo.tn\\\/fr\\\/actualite\\\/edito\\\/tunisie-reve-confisque\\\/178948\\\/\"},\"author\":{\"name\":\"webdo.tn\",\"@id\":\"https:\\\/\\\/www.webdo.tn\\\/fr\\\/#\\\/schema\\\/person\\\/9a9c6118d687c117df8ef3cc36a4d175\"},\"headline\":\"Tunisie : Le r\u00eave confisqu\u00e9 !\",\"datePublished\":\"2017-01-14T06:00:00+00:00\",\"dateModified\":\"2025-05-22T13:24:37+00:00\",\"mainEntityOfPage\":{\"@id\":\"https:\\\/\\\/www.webdo.tn\\\/fr\\\/actualite\\\/edito\\\/tunisie-reve-confisque\\\/178948\\\/\"},\"wordCount\":652,\"commentCount\":0,\"publisher\":{\"@id\":\"https:\\\/\\\/www.webdo.tn\\\/fr\\\/#organization\"},\"image\":{\"@id\":\"https:\\\/\\\/www.webdo.tn\\\/fr\\\/actualite\\\/edito\\\/tunisie-reve-confisque\\\/178948\\\/#primaryimage\"},\"thumbnailUrl\":\"https:\\\/\\\/www.webdo.tn\\\/fr\\\/wp-content\\\/uploads\\\/2025\\\/06\\\/Revolution-photo-france-culture-300x199_178948.jpg\",\"articleSection\":[\"Edito\"],\"inLanguage\":\"fr-FR\"},{\"@type\":\"WebPage\",\"@id\":\"https:\\\/\\\/www.webdo.tn\\\/fr\\\/actualite\\\/edito\\\/tunisie-reve-confisque\\\/178948\\\/\",\"url\":\"https:\\\/\\\/www.webdo.tn\\\/fr\\\/actualite\\\/edito\\\/tunisie-reve-confisque\\\/178948\\\/\",\"name\":\"Tunisie : Le r\u00eave confisqu\u00e9 !\",\"isPartOf\":{\"@id\":\"https:\\\/\\\/www.webdo.tn\\\/fr\\\/#website\"},\"primaryImageOfPage\":{\"@id\":\"https:\\\/\\\/www.webdo.tn\\\/fr\\\/actualite\\\/edito\\\/tunisie-reve-confisque\\\/178948\\\/#primaryimage\"},\"image\":{\"@id\":\"https:\\\/\\\/www.webdo.tn\\\/fr\\\/actualite\\\/edito\\\/tunisie-reve-confisque\\\/178948\\\/#primaryimage\"},\"thumbnailUrl\":\"https:\\\/\\\/www.webdo.tn\\\/fr\\\/wp-content\\\/uploads\\\/2025\\\/06\\\/Revolution-photo-france-culture-300x199_178948.jpg\",\"datePublished\":\"2017-01-14T06:00:00+00:00\",\"dateModified\":\"2025-05-22T13:24:37+00:00\",\"description\":\"Tunisie : Le r\u00eave confisqu\u00e9 !\",\"breadcrumb\":{\"@id\":\"https:\\\/\\\/www.webdo.tn\\\/fr\\\/actualite\\\/edito\\\/tunisie-reve-confisque\\\/178948\\\/#breadcrumb\"},\"inLanguage\":\"fr-FR\",\"potentialAction\":[{\"@type\":\"ReadAction\",\"target\":[\"https:\\\/\\\/www.webdo.tn\\\/fr\\\/actualite\\\/edito\\\/tunisie-reve-confisque\\\/178948\\\/\"]}]},{\"@type\":\"ImageObject\",\"inLanguage\":\"fr-FR\",\"@id\":\"https:\\\/\\\/www.webdo.tn\\\/fr\\\/actualite\\\/edito\\\/tunisie-reve-confisque\\\/178948\\\/#primaryimage\",\"url\":\"https:\\\/\\\/www.webdo.tn\\\/fr\\\/wp-content\\\/uploads\\\/2025\\\/06\\\/Revolution-photo-france-culture-300x199_178948.jpg\",\"contentUrl\":\"https:\\\/\\\/www.webdo.tn\\\/fr\\\/wp-content\\\/uploads\\\/2025\\\/06\\\/Revolution-photo-france-culture-300x199_178948.jpg\",\"width\":300,\"height\":199,\"caption\":\"Tunisie : Le r\u00eave confisqu\u00e9 !\"},{\"@type\":\"BreadcrumbList\",\"@id\":\"https:\\\/\\\/www.webdo.tn\\\/fr\\\/actualite\\\/edito\\\/tunisie-reve-confisque\\\/178948\\\/#breadcrumb\",\"itemListElement\":[{\"@type\":\"ListItem\",\"position\":1,\"name\":\"Accueil\",\"item\":\"https:\\\/\\\/www.webdo.tn\\\/fr\\\/\"},{\"@type\":\"ListItem\",\"position\":2,\"name\":\"Tunisie : Le r\u00eave confisqu\u00e9 !\"}]},{\"@type\":\"WebSite\",\"@id\":\"https:\\\/\\\/www.webdo.tn\\\/fr\\\/#website\",\"url\":\"https:\\\/\\\/www.webdo.tn\\\/fr\\\/\",\"name\":\"webdo\",\"description\":\"Tunisie - News en Tunisie et \u00e0 l&#039;international sur Webdo.tn\",\"publisher\":{\"@id\":\"https:\\\/\\\/www.webdo.tn\\\/fr\\\/#organization\"},\"potentialAction\":[{\"@type\":\"SearchAction\",\"target\":{\"@type\":\"EntryPoint\",\"urlTemplate\":\"https:\\\/\\\/www.webdo.tn\\\/fr\\\/?s={search_term_string}\"},\"query-input\":{\"@type\":\"PropertyValueSpecification\",\"valueRequired\":true,\"valueName\":\"search_term_string\"}}],\"inLanguage\":\"fr-FR\"},{\"@type\":\"Organization\",\"@id\":\"https:\\\/\\\/www.webdo.tn\\\/fr\\\/#organization\",\"name\":\"Webdo\",\"alternateName\":\"Webdo.tn\",\"url\":\"https:\\\/\\\/www.webdo.tn\\\/fr\\\/\",\"logo\":{\"@type\":\"ImageObject\",\"inLanguage\":\"fr-FR\",\"@id\":\"https:\\\/\\\/www.webdo.tn\\\/fr\\\/#\\\/schema\\\/logo\\\/image\\\/\",\"url\":\"https:\\\/\\\/www.webdo.tn\\\/fr\\\/wp-content\\\/uploads\\\/2025\\\/06\\\/Webdo-Tunisie_168377.jpg\",\"contentUrl\":\"https:\\\/\\\/www.webdo.tn\\\/fr\\\/wp-content\\\/uploads\\\/2025\\\/06\\\/Webdo-Tunisie_168377.jpg\",\"width\":301,\"height\":301,\"caption\":\"Webdo\"},\"image\":{\"@id\":\"https:\\\/\\\/www.webdo.tn\\\/fr\\\/#\\\/schema\\\/logo\\\/image\\\/\"},\"sameAs\":[\"https:\\\/\\\/www.facebook.com\\\/webdotn\",\"https:\\\/\\\/x.com\\\/webdo_tn\"],\"description\":\"Webdo est un m\u00e9dia num\u00e9rique tunisien fond\u00e9 en 2010, sp\u00e9cialis\u00e9 dans l\u2019actualit\u00e9 nationale et internationale, l\u2019\u00e9conomie, la soci\u00e9t\u00e9 et les analyses politiques. Le site s\u2019adresse \u00e0 un large public francophone et couvre l\u2019information tunisienne en temps r\u00e9el.\",\"email\":\"redac@webdo.tn\",\"legalName\":\"YNJ SARL\",\"foundingDate\":\"2010-09-06\",\"numberOfEmployees\":{\"@type\":\"QuantitativeValue\",\"minValue\":\"11\",\"maxValue\":\"50\"}},{\"@type\":\"Person\",\"@id\":\"https:\\\/\\\/www.webdo.tn\\\/fr\\\/#\\\/schema\\\/person\\\/9a9c6118d687c117df8ef3cc36a4d175\",\"name\":\"webdo.tn\",\"image\":{\"@type\":\"ImageObject\",\"inLanguage\":\"fr-FR\",\"@id\":\"https:\\\/\\\/secure.gravatar.com\\\/avatar\\\/7ce1f28c0c3bbac99ff550b85ef8e44a6950c6ee24514fb6a5489e51d06f0298?s=96&d=mm&r=g\",\"url\":\"https:\\\/\\\/secure.gravatar.com\\\/avatar\\\/7ce1f28c0c3bbac99ff550b85ef8e44a6950c6ee24514fb6a5489e51d06f0298?s=96&d=mm&r=g\",\"contentUrl\":\"https:\\\/\\\/secure.gravatar.com\\\/avatar\\\/7ce1f28c0c3bbac99ff550b85ef8e44a6950c6ee24514fb6a5489e51d06f0298?s=96&d=mm&r=g\",\"caption\":\"webdo.tn\"},\"url\":\"https:\\\/\\\/www.webdo.tn\\\/fr\\\/actualite\\\/author\\\/webdotn\\\/\"}]}<\/script>\n<!-- \/ Yoast SEO Premium plugin. -->","yoast_head_json":{"title":"Tunisie : Le r\u00eave confisqu\u00e9 !","description":"Tunisie : Le r\u00eave confisqu\u00e9 !","canonical":"https:\/\/www.webdo.tn\/fr\/actualite\/edito\/tunisie-reve-confisque\/178948\/","og_locale":"fr_FR","og_type":"article","og_title":"Tunisie : Le r\u00eave confisqu\u00e9 !","og_description":"Tunisie : Le r\u00eave confisqu\u00e9 !","og_url":"https:\/\/www.webdo.tn\/fr\/actualite\/edito\/tunisie-reve-confisque\/178948\/","og_site_name":"webdo","article_publisher":"https:\/\/www.facebook.com\/webdotn","article_published_time":"2017-01-14T06:00:00+00:00","article_modified_time":"2025-05-22T13:24:37+00:00","og_image":[{"width":300,"height":199,"url":"https:\/\/www.webdo.tn\/fr\/wp-content\/uploads\/2025\/06\/Revolution-photo-france-culture-300x199_178948.jpg","type":"image\/jpeg"}],"author":"webdo.tn","twitter_card":"summary_large_image","twitter_creator":"@webdo_tn","twitter_site":"@webdo_tn","twitter_misc":{"\u00c9crit par":"webdo.tn","Dur\u00e9e de lecture estim\u00e9e":"3 minutes"},"schema":{"@context":"https:\/\/schema.org","@graph":[{"@type":"NewsArticle","@id":"https:\/\/www.webdo.tn\/fr\/actualite\/edito\/tunisie-reve-confisque\/178948\/#article","isPartOf":{"@id":"https:\/\/www.webdo.tn\/fr\/actualite\/edito\/tunisie-reve-confisque\/178948\/"},"author":{"name":"webdo.tn","@id":"https:\/\/www.webdo.tn\/fr\/#\/schema\/person\/9a9c6118d687c117df8ef3cc36a4d175"},"headline":"Tunisie : Le r\u00eave confisqu\u00e9 !","datePublished":"2017-01-14T06:00:00+00:00","dateModified":"2025-05-22T13:24:37+00:00","mainEntityOfPage":{"@id":"https:\/\/www.webdo.tn\/fr\/actualite\/edito\/tunisie-reve-confisque\/178948\/"},"wordCount":652,"commentCount":0,"publisher":{"@id":"https:\/\/www.webdo.tn\/fr\/#organization"},"image":{"@id":"https:\/\/www.webdo.tn\/fr\/actualite\/edito\/tunisie-reve-confisque\/178948\/#primaryimage"},"thumbnailUrl":"https:\/\/www.webdo.tn\/fr\/wp-content\/uploads\/2025\/06\/Revolution-photo-france-culture-300x199_178948.jpg","articleSection":["Edito"],"inLanguage":"fr-FR"},{"@type":"WebPage","@id":"https:\/\/www.webdo.tn\/fr\/actualite\/edito\/tunisie-reve-confisque\/178948\/","url":"https:\/\/www.webdo.tn\/fr\/actualite\/edito\/tunisie-reve-confisque\/178948\/","name":"Tunisie : Le r\u00eave confisqu\u00e9 !","isPartOf":{"@id":"https:\/\/www.webdo.tn\/fr\/#website"},"primaryImageOfPage":{"@id":"https:\/\/www.webdo.tn\/fr\/actualite\/edito\/tunisie-reve-confisque\/178948\/#primaryimage"},"image":{"@id":"https:\/\/www.webdo.tn\/fr\/actualite\/edito\/tunisie-reve-confisque\/178948\/#primaryimage"},"thumbnailUrl":"https:\/\/www.webdo.tn\/fr\/wp-content\/uploads\/2025\/06\/Revolution-photo-france-culture-300x199_178948.jpg","datePublished":"2017-01-14T06:00:00+00:00","dateModified":"2025-05-22T13:24:37+00:00","description":"Tunisie : Le r\u00eave confisqu\u00e9 !","breadcrumb":{"@id":"https:\/\/www.webdo.tn\/fr\/actualite\/edito\/tunisie-reve-confisque\/178948\/#breadcrumb"},"inLanguage":"fr-FR","potentialAction":[{"@type":"ReadAction","target":["https:\/\/www.webdo.tn\/fr\/actualite\/edito\/tunisie-reve-confisque\/178948\/"]}]},{"@type":"ImageObject","inLanguage":"fr-FR","@id":"https:\/\/www.webdo.tn\/fr\/actualite\/edito\/tunisie-reve-confisque\/178948\/#primaryimage","url":"https:\/\/www.webdo.tn\/fr\/wp-content\/uploads\/2025\/06\/Revolution-photo-france-culture-300x199_178948.jpg","contentUrl":"https:\/\/www.webdo.tn\/fr\/wp-content\/uploads\/2025\/06\/Revolution-photo-france-culture-300x199_178948.jpg","width":300,"height":199,"caption":"Tunisie : Le r\u00eave confisqu\u00e9 !"},{"@type":"BreadcrumbList","@id":"https:\/\/www.webdo.tn\/fr\/actualite\/edito\/tunisie-reve-confisque\/178948\/#breadcrumb","itemListElement":[{"@type":"ListItem","position":1,"name":"Accueil","item":"https:\/\/www.webdo.tn\/fr\/"},{"@type":"ListItem","position":2,"name":"Tunisie : Le r\u00eave confisqu\u00e9 !"}]},{"@type":"WebSite","@id":"https:\/\/www.webdo.tn\/fr\/#website","url":"https:\/\/www.webdo.tn\/fr\/","name":"webdo","description":"Tunisie - News en Tunisie et \u00e0 l&#039;international sur Webdo.tn","publisher":{"@id":"https:\/\/www.webdo.tn\/fr\/#organization"},"potentialAction":[{"@type":"SearchAction","target":{"@type":"EntryPoint","urlTemplate":"https:\/\/www.webdo.tn\/fr\/?s={search_term_string}"},"query-input":{"@type":"PropertyValueSpecification","valueRequired":true,"valueName":"search_term_string"}}],"inLanguage":"fr-FR"},{"@type":"Organization","@id":"https:\/\/www.webdo.tn\/fr\/#organization","name":"Webdo","alternateName":"Webdo.tn","url":"https:\/\/www.webdo.tn\/fr\/","logo":{"@type":"ImageObject","inLanguage":"fr-FR","@id":"https:\/\/www.webdo.tn\/fr\/#\/schema\/logo\/image\/","url":"https:\/\/www.webdo.tn\/fr\/wp-content\/uploads\/2025\/06\/Webdo-Tunisie_168377.jpg","contentUrl":"https:\/\/www.webdo.tn\/fr\/wp-content\/uploads\/2025\/06\/Webdo-Tunisie_168377.jpg","width":301,"height":301,"caption":"Webdo"},"image":{"@id":"https:\/\/www.webdo.tn\/fr\/#\/schema\/logo\/image\/"},"sameAs":["https:\/\/www.facebook.com\/webdotn","https:\/\/x.com\/webdo_tn"],"description":"Webdo est un m\u00e9dia num\u00e9rique tunisien fond\u00e9 en 2010, sp\u00e9cialis\u00e9 dans l\u2019actualit\u00e9 nationale et internationale, l\u2019\u00e9conomie, la soci\u00e9t\u00e9 et les analyses politiques. Le site s\u2019adresse \u00e0 un large public francophone et couvre l\u2019information tunisienne en temps r\u00e9el.","email":"redac@webdo.tn","legalName":"YNJ SARL","foundingDate":"2010-09-06","numberOfEmployees":{"@type":"QuantitativeValue","minValue":"11","maxValue":"50"}},{"@type":"Person","@id":"https:\/\/www.webdo.tn\/fr\/#\/schema\/person\/9a9c6118d687c117df8ef3cc36a4d175","name":"webdo.tn","image":{"@type":"ImageObject","inLanguage":"fr-FR","@id":"https:\/\/secure.gravatar.com\/avatar\/7ce1f28c0c3bbac99ff550b85ef8e44a6950c6ee24514fb6a5489e51d06f0298?s=96&d=mm&r=g","url":"https:\/\/secure.gravatar.com\/avatar\/7ce1f28c0c3bbac99ff550b85ef8e44a6950c6ee24514fb6a5489e51d06f0298?s=96&d=mm&r=g","contentUrl":"https:\/\/secure.gravatar.com\/avatar\/7ce1f28c0c3bbac99ff550b85ef8e44a6950c6ee24514fb6a5489e51d06f0298?s=96&d=mm&r=g","caption":"webdo.tn"},"url":"https:\/\/www.webdo.tn\/fr\/actualite\/author\/webdotn\/"}]}},"_links":{"self":[{"href":"https:\/\/www.webdo.tn\/fr\/wp-json\/wp\/v2\/posts\/178948","targetHints":{"allow":["GET"]}}],"collection":[{"href":"https:\/\/www.webdo.tn\/fr\/wp-json\/wp\/v2\/posts"}],"about":[{"href":"https:\/\/www.webdo.tn\/fr\/wp-json\/wp\/v2\/types\/post"}],"author":[{"embeddable":true,"href":"https:\/\/www.webdo.tn\/fr\/wp-json\/wp\/v2\/users\/3222"}],"replies":[{"embeddable":true,"href":"https:\/\/www.webdo.tn\/fr\/wp-json\/wp\/v2\/comments?post=178948"}],"version-history":[{"count":0,"href":"https:\/\/www.webdo.tn\/fr\/wp-json\/wp\/v2\/posts\/178948\/revisions"}],"wp:featuredmedia":[{"embeddable":true,"href":"https:\/\/www.webdo.tn\/fr\/wp-json\/wp\/v2\/media\/375723"}],"wp:attachment":[{"href":"https:\/\/www.webdo.tn\/fr\/wp-json\/wp\/v2\/media?parent=178948"}],"wp:term":[{"taxonomy":"category","embeddable":true,"href":"https:\/\/www.webdo.tn\/fr\/wp-json\/wp\/v2\/categories?post=178948"},{"taxonomy":"post_tag","embeddable":true,"href":"https:\/\/www.webdo.tn\/fr\/wp-json\/wp\/v2\/tags?post=178948"}],"curies":[{"name":"wp","href":"https:\/\/api.w.org\/{rel}","templated":true}]}}