{"id":178947,"date":"2017-01-14T06:55:00","date_gmt":"2017-01-14T06:55:00","guid":{"rendered":"https:\/\/www.webdo.tn\/fr\/blog\/tunisie-priorites-oubliees\/178947\/"},"modified":"2025-05-22T12:36:47","modified_gmt":"2025-05-22T12:36:47","slug":"tunisie-priorites-oubliees","status":"publish","type":"post","link":"https:\/\/www.webdo.tn\/fr\/actualite\/edito\/tunisie-priorites-oubliees\/178947\/","title":{"rendered":"Tunisie : Les priorit\u00e9s oubli\u00e9es !"},"content":{"rendered":"<p>Les mouvements de protestation des jeunes dans les r\u00e9gions se poursuivent. Que ce soit \u00e0 Ben Guerdane, \u00e0 Sidi Bouzid ou \u00e0 Kasserine, les citoyens continuent de manifester pour exprimer leurs diverses revendications, certains exigeant le r\u00e9tablissement du commerce frontalier avec le \u00ab turbulent \u00bb voisin libyen, d\u2019autres demandant que l\u2019on se penche sur leur situation en leur assurant des moyens de subsistance.<\/p>\n<p>Le gouvernement a finalement r\u00e9agi en d\u00e9cidant d\u2019envoyer quelques ministres pour tenter de calmer les protestataires et de les ramener \u00e0 la raison. Cependant, et ind\u00e9pendamment de la r\u00e9ussite ou de l\u2019\u00e9chec de cette d\u00e9l\u00e9gation de responsables, le gouvernement semble avoir d\u00e9laiss\u00e9 voire oubli\u00e9 les priorit\u00e9s qui auraient d\u00e9termin\u00e9 son arriv\u00e9e au pouvoir au lieu et place du gouvernement Essid.<\/p>\n<p>En effet, l\u2019\u00e9quipe de Youssef Chahed \u00e9tait venue pour trouver des solutions aux probl\u00e8mes socio-\u00e9conomiques. Or et apr\u00e8s quelques mois de gestion, le gouvernement, pr\u00e9sum\u00e9 d\u2019union nationale, semble passer \u00e0 c\u00f4t\u00e9 des exigences du contexte.<\/p>\n<p>En ce qui concerne le volet social, et principalement l\u2019emploi, le gouvernement Chahed fait du sur-place, le taux de ch\u00f4mage ne faisant que s\u2019aggraver et les jeunes sont de plus en plus sujets \u00e0 l\u2019oisivet\u00e9, \u00e0 la tentation de la migration clandestine et donc de potentiels candidats \u00e0 la s\u00e9duction terroriste, jihadiste et salafiste.<\/p>\n<p>En ce qui concerne le volet \u00e9conomique, et une fois la Conf\u00e9rence internationale de l\u2019investissement pli\u00e9e, le gouvernement semble l\u00e0-aussi ne pas avancer d\u2019autant plus que l\u2019on ignore si les promesses formul\u00e9es seront tenues ou bien ne sont-ils que de la fum\u00e9e, qu\u2019une vue de l\u2019esprit.<\/p>\n<p>De plus aucun vent de r\u00e9forme provenant de la Kasbah ne souffle sur le pays. Alors que l\u2019on sait par exemple que les caisses sociales risquent la faillite, on attend encore les solutions dont on parle depuis deux ans, mais que l\u2019on n\u2019arrive pas \u00e0 concr\u00e9tiser. Comme si cette question, aussi cruciale qu\u2019elle l\u2019est pour la stabilit\u00e9 du pays et le pain quotidien de milliers de retrait\u00e9s (ou de futurs retrait\u00e9s), n\u2019est plus inqui\u00e9tante ???<\/p>\n<p>Les solutions propos\u00e9es sont sid\u00e9rantes de l\u00e9g\u00e8ret\u00e9 comme celle promise aux protestataires de Ben Guerdane de travailler lors des prochains quinze jours \u00e0 essayer de rouvrir le poste frontalier de Ras Jedir. Est-ce la seule solution que le gouvernement pouvait trouver ? Une telle solution ne reste-t-elle pas al\u00e9atoire dans la mesure o\u00f9 le vis-\u00e0-vis n\u2019est gu\u00e8re cr\u00e9dible comme l\u2019histoire peut en t\u00e9moigner ? Est-elle suffisante pour assurer la subsistance des populations concern\u00e9es ?<\/p>\n<p>A quoi assiste-t-on sinon \u00e0 la reproduction des anciennes pratiques et des \u00ab calmants \u00bb habituels pour \u00e9teindre le feu en attendant le d\u00e9clenchement d\u2019un autre au moindre quiproquo avec les Libyens ? etc<\/p>\n<p>Autrement dit, Youssef Chahed et son \u00e9quipe n\u2019arrivent pas \u00e0 donner une nouvelle impulsion au pays de quelque nature qu\u2019elle soit, sur le terrain concret des r\u00e9alisations, ou sur le terrain mental et psychologique. Ils n\u2019arrivent m\u00eame plus \u00e0 \u00e9tablir des ponts de dialogue avec la population, avec ce que cela entra\u00eene comme d\u00e9ceptions et frustrations.<\/p>\n<p>C\u2019est dire qu\u2019il leur sera difficile de continuer \u00e0 b\u00e9n\u00e9ficier de la sympathie de l\u2019opinion publique d\u2019autant plus que l\u2019on esp\u00e8re, et attend, un autre type de gestion de dossiers encore plus d\u00e9licats \u00e0 commencer par celui relatif aux Salafistes qui ont d\u00e9clar\u00e9 la guerre \u00e0 l\u2019Etat (Ettahrir) ou aux terroristes dont on nous annonce le retour imminent\u2026<br \/>\nL.L.<\/p>\n","protected":false},"excerpt":{"rendered":"<p>Tunisie : Les priorit\u00e9s oubli\u00e9es !<\/p>\n","protected":false},"author":3222,"featured_media":326487,"comment_status":"open","ping_status":"closed","sticky":false,"template":"","format":"standard","meta":{"footnotes":""},"categories":[2589],"tags":[],"class_list":["post-178947","post","type-post","status-publish","format-standard","has-post-thumbnail","hentry","category-edito"],"yoast_head":"<!-- This site is optimized with the Yoast SEO Premium plugin v27.5 (Yoast SEO v27.5) - https:\/\/yoast.com\/product\/yoast-seo-premium-wordpress\/ -->\n<title>Tunisie : Les priorit\u00e9s oubli\u00e9es !<\/title>\n<meta name=\"description\" content=\"Tunisie : Les priorit\u00e9s oubli\u00e9es !\" \/>\n<link rel=\"canonical\" href=\"https:\/\/www.webdo.tn\/fr\/actualite\/edito\/tunisie-priorites-oubliees\/178947\/\" \/>\n<meta property=\"og:locale\" content=\"fr_FR\" \/>\n<meta property=\"og:type\" content=\"article\" \/>\n<meta property=\"og:title\" content=\"Tunisie : Les priorit\u00e9s oubli\u00e9es !\" \/>\n<meta property=\"og:description\" content=\"Tunisie : Les priorit\u00e9s oubli\u00e9es !\" \/>\n<meta property=\"og:url\" content=\"https:\/\/www.webdo.tn\/fr\/actualite\/edito\/tunisie-priorites-oubliees\/178947\/\" \/>\n<meta property=\"og:site_name\" content=\"webdo\" \/>\n<meta property=\"article:publisher\" content=\"https:\/\/www.facebook.com\/webdotn\" \/>\n<meta property=\"article:published_time\" content=\"2017-01-14T06:55:00+00:00\" \/>\n<meta property=\"article:modified_time\" content=\"2025-05-22T12:36:47+00:00\" \/>\n<meta property=\"og:image\" content=\"https:\/\/www.webdo.tn\/fr\/wp-content\/uploads\/2017\/01\/Meknassy-300x169-2.jpg\" \/>\n\t<meta property=\"og:image:width\" content=\"300\" \/>\n\t<meta property=\"og:image:height\" content=\"169\" \/>\n\t<meta property=\"og:image:type\" content=\"image\/jpeg\" \/>\n<meta name=\"author\" content=\"webdo.tn\" \/>\n<meta name=\"twitter:card\" content=\"summary_large_image\" \/>\n<meta name=\"twitter:creator\" content=\"@webdo_tn\" \/>\n<meta name=\"twitter:site\" content=\"@webdo_tn\" \/>\n<meta name=\"twitter:label1\" content=\"\u00c9crit par\" \/>\n\t<meta name=\"twitter:data1\" content=\"webdo.tn\" \/>\n\t<meta name=\"twitter:label2\" content=\"Dur\u00e9e de lecture estim\u00e9e\" \/>\n\t<meta name=\"twitter:data2\" content=\"3 minutes\" \/>\n<script type=\"application\/ld+json\" class=\"yoast-schema-graph\">{\"@context\":\"https:\\\/\\\/schema.org\",\"@graph\":[{\"@type\":\"NewsArticle\",\"@id\":\"https:\\\/\\\/www.webdo.tn\\\/fr\\\/actualite\\\/edito\\\/tunisie-priorites-oubliees\\\/178947\\\/#article\",\"isPartOf\":{\"@id\":\"https:\\\/\\\/www.webdo.tn\\\/fr\\\/actualite\\\/edito\\\/tunisie-priorites-oubliees\\\/178947\\\/\"},\"author\":{\"name\":\"webdo.tn\",\"@id\":\"https:\\\/\\\/www.webdo.tn\\\/fr\\\/#\\\/schema\\\/person\\\/9a9c6118d687c117df8ef3cc36a4d175\"},\"headline\":\"Tunisie : Les priorit\u00e9s oubli\u00e9es !\",\"datePublished\":\"2017-01-14T06:55:00+00:00\",\"dateModified\":\"2025-05-22T12:36:47+00:00\",\"mainEntityOfPage\":{\"@id\":\"https:\\\/\\\/www.webdo.tn\\\/fr\\\/actualite\\\/edito\\\/tunisie-priorites-oubliees\\\/178947\\\/\"},\"wordCount\":619,\"commentCount\":0,\"publisher\":{\"@id\":\"https:\\\/\\\/www.webdo.tn\\\/fr\\\/#organization\"},\"image\":{\"@id\":\"https:\\\/\\\/www.webdo.tn\\\/fr\\\/actualite\\\/edito\\\/tunisie-priorites-oubliees\\\/178947\\\/#primaryimage\"},\"thumbnailUrl\":\"https:\\\/\\\/www.webdo.tn\\\/fr\\\/wp-content\\\/uploads\\\/2017\\\/01\\\/Meknassy-300x169-2.jpg\",\"articleSection\":[\"Edito\"],\"inLanguage\":\"fr-FR\"},{\"@type\":\"WebPage\",\"@id\":\"https:\\\/\\\/www.webdo.tn\\\/fr\\\/actualite\\\/edito\\\/tunisie-priorites-oubliees\\\/178947\\\/\",\"url\":\"https:\\\/\\\/www.webdo.tn\\\/fr\\\/actualite\\\/edito\\\/tunisie-priorites-oubliees\\\/178947\\\/\",\"name\":\"Tunisie : Les priorit\u00e9s oubli\u00e9es !\",\"isPartOf\":{\"@id\":\"https:\\\/\\\/www.webdo.tn\\\/fr\\\/#website\"},\"primaryImageOfPage\":{\"@id\":\"https:\\\/\\\/www.webdo.tn\\\/fr\\\/actualite\\\/edito\\\/tunisie-priorites-oubliees\\\/178947\\\/#primaryimage\"},\"image\":{\"@id\":\"https:\\\/\\\/www.webdo.tn\\\/fr\\\/actualite\\\/edito\\\/tunisie-priorites-oubliees\\\/178947\\\/#primaryimage\"},\"thumbnailUrl\":\"https:\\\/\\\/www.webdo.tn\\\/fr\\\/wp-content\\\/uploads\\\/2017\\\/01\\\/Meknassy-300x169-2.jpg\",\"datePublished\":\"2017-01-14T06:55:00+00:00\",\"dateModified\":\"2025-05-22T12:36:47+00:00\",\"description\":\"Tunisie : Les priorit\u00e9s oubli\u00e9es !\",\"breadcrumb\":{\"@id\":\"https:\\\/\\\/www.webdo.tn\\\/fr\\\/actualite\\\/edito\\\/tunisie-priorites-oubliees\\\/178947\\\/#breadcrumb\"},\"inLanguage\":\"fr-FR\",\"potentialAction\":[{\"@type\":\"ReadAction\",\"target\":[\"https:\\\/\\\/www.webdo.tn\\\/fr\\\/actualite\\\/edito\\\/tunisie-priorites-oubliees\\\/178947\\\/\"]}]},{\"@type\":\"ImageObject\",\"inLanguage\":\"fr-FR\",\"@id\":\"https:\\\/\\\/www.webdo.tn\\\/fr\\\/actualite\\\/edito\\\/tunisie-priorites-oubliees\\\/178947\\\/#primaryimage\",\"url\":\"https:\\\/\\\/www.webdo.tn\\\/fr\\\/wp-content\\\/uploads\\\/2017\\\/01\\\/Meknassy-300x169-2.jpg\",\"contentUrl\":\"https:\\\/\\\/www.webdo.tn\\\/fr\\\/wp-content\\\/uploads\\\/2017\\\/01\\\/Meknassy-300x169-2.jpg\",\"width\":300,\"height\":169,\"caption\":\"Tunisie : Les priorit\u00e9s oubli\u00e9es !\"},{\"@type\":\"BreadcrumbList\",\"@id\":\"https:\\\/\\\/www.webdo.tn\\\/fr\\\/actualite\\\/edito\\\/tunisie-priorites-oubliees\\\/178947\\\/#breadcrumb\",\"itemListElement\":[{\"@type\":\"ListItem\",\"position\":1,\"name\":\"Accueil\",\"item\":\"https:\\\/\\\/www.webdo.tn\\\/fr\\\/\"},{\"@type\":\"ListItem\",\"position\":2,\"name\":\"Tunisie : Les priorit\u00e9s oubli\u00e9es !\"}]},{\"@type\":\"WebSite\",\"@id\":\"https:\\\/\\\/www.webdo.tn\\\/fr\\\/#website\",\"url\":\"https:\\\/\\\/www.webdo.tn\\\/fr\\\/\",\"name\":\"webdo\",\"description\":\"Tunisie - News en Tunisie et \u00e0 l&#039;international sur Webdo.tn\",\"publisher\":{\"@id\":\"https:\\\/\\\/www.webdo.tn\\\/fr\\\/#organization\"},\"potentialAction\":[{\"@type\":\"SearchAction\",\"target\":{\"@type\":\"EntryPoint\",\"urlTemplate\":\"https:\\\/\\\/www.webdo.tn\\\/fr\\\/?s={search_term_string}\"},\"query-input\":{\"@type\":\"PropertyValueSpecification\",\"valueRequired\":true,\"valueName\":\"search_term_string\"}}],\"inLanguage\":\"fr-FR\"},{\"@type\":\"Organization\",\"@id\":\"https:\\\/\\\/www.webdo.tn\\\/fr\\\/#organization\",\"name\":\"Webdo\",\"alternateName\":\"Webdo.tn\",\"url\":\"https:\\\/\\\/www.webdo.tn\\\/fr\\\/\",\"logo\":{\"@type\":\"ImageObject\",\"inLanguage\":\"fr-FR\",\"@id\":\"https:\\\/\\\/www.webdo.tn\\\/fr\\\/#\\\/schema\\\/logo\\\/image\\\/\",\"url\":\"https:\\\/\\\/www.webdo.tn\\\/fr\\\/wp-content\\\/uploads\\\/2025\\\/06\\\/Webdo-Tunisie_168377.jpg\",\"contentUrl\":\"https:\\\/\\\/www.webdo.tn\\\/fr\\\/wp-content\\\/uploads\\\/2025\\\/06\\\/Webdo-Tunisie_168377.jpg\",\"width\":301,\"height\":301,\"caption\":\"Webdo\"},\"image\":{\"@id\":\"https:\\\/\\\/www.webdo.tn\\\/fr\\\/#\\\/schema\\\/logo\\\/image\\\/\"},\"sameAs\":[\"https:\\\/\\\/www.facebook.com\\\/webdotn\",\"https:\\\/\\\/x.com\\\/webdo_tn\"],\"description\":\"Webdo est un m\u00e9dia num\u00e9rique tunisien fond\u00e9 en 2010, sp\u00e9cialis\u00e9 dans l\u2019actualit\u00e9 nationale et internationale, l\u2019\u00e9conomie, la soci\u00e9t\u00e9 et les analyses politiques. Le site s\u2019adresse \u00e0 un large public francophone et couvre l\u2019information tunisienne en temps r\u00e9el.\",\"email\":\"redac@webdo.tn\",\"legalName\":\"YNJ SARL\",\"foundingDate\":\"2010-09-06\",\"numberOfEmployees\":{\"@type\":\"QuantitativeValue\",\"minValue\":\"11\",\"maxValue\":\"50\"}},{\"@type\":\"Person\",\"@id\":\"https:\\\/\\\/www.webdo.tn\\\/fr\\\/#\\\/schema\\\/person\\\/9a9c6118d687c117df8ef3cc36a4d175\",\"name\":\"webdo.tn\",\"image\":{\"@type\":\"ImageObject\",\"inLanguage\":\"fr-FR\",\"@id\":\"https:\\\/\\\/secure.gravatar.com\\\/avatar\\\/7ce1f28c0c3bbac99ff550b85ef8e44a6950c6ee24514fb6a5489e51d06f0298?s=96&d=mm&r=g\",\"url\":\"https:\\\/\\\/secure.gravatar.com\\\/avatar\\\/7ce1f28c0c3bbac99ff550b85ef8e44a6950c6ee24514fb6a5489e51d06f0298?s=96&d=mm&r=g\",\"contentUrl\":\"https:\\\/\\\/secure.gravatar.com\\\/avatar\\\/7ce1f28c0c3bbac99ff550b85ef8e44a6950c6ee24514fb6a5489e51d06f0298?s=96&d=mm&r=g\",\"caption\":\"webdo.tn\"},\"url\":\"https:\\\/\\\/www.webdo.tn\\\/fr\\\/actualite\\\/author\\\/webdotn\\\/\"}]}<\/script>\n<!-- \/ Yoast SEO Premium plugin. -->","yoast_head_json":{"title":"Tunisie : Les priorit\u00e9s oubli\u00e9es !","description":"Tunisie : Les priorit\u00e9s oubli\u00e9es !","canonical":"https:\/\/www.webdo.tn\/fr\/actualite\/edito\/tunisie-priorites-oubliees\/178947\/","og_locale":"fr_FR","og_type":"article","og_title":"Tunisie : Les priorit\u00e9s oubli\u00e9es !","og_description":"Tunisie : Les priorit\u00e9s oubli\u00e9es !","og_url":"https:\/\/www.webdo.tn\/fr\/actualite\/edito\/tunisie-priorites-oubliees\/178947\/","og_site_name":"webdo","article_publisher":"https:\/\/www.facebook.com\/webdotn","article_published_time":"2017-01-14T06:55:00+00:00","article_modified_time":"2025-05-22T12:36:47+00:00","og_image":[{"width":300,"height":169,"url":"https:\/\/www.webdo.tn\/fr\/wp-content\/uploads\/2017\/01\/Meknassy-300x169-2.jpg","type":"image\/jpeg"}],"author":"webdo.tn","twitter_card":"summary_large_image","twitter_creator":"@webdo_tn","twitter_site":"@webdo_tn","twitter_misc":{"\u00c9crit par":"webdo.tn","Dur\u00e9e de lecture estim\u00e9e":"3 minutes"},"schema":{"@context":"https:\/\/schema.org","@graph":[{"@type":"NewsArticle","@id":"https:\/\/www.webdo.tn\/fr\/actualite\/edito\/tunisie-priorites-oubliees\/178947\/#article","isPartOf":{"@id":"https:\/\/www.webdo.tn\/fr\/actualite\/edito\/tunisie-priorites-oubliees\/178947\/"},"author":{"name":"webdo.tn","@id":"https:\/\/www.webdo.tn\/fr\/#\/schema\/person\/9a9c6118d687c117df8ef3cc36a4d175"},"headline":"Tunisie : Les priorit\u00e9s oubli\u00e9es !","datePublished":"2017-01-14T06:55:00+00:00","dateModified":"2025-05-22T12:36:47+00:00","mainEntityOfPage":{"@id":"https:\/\/www.webdo.tn\/fr\/actualite\/edito\/tunisie-priorites-oubliees\/178947\/"},"wordCount":619,"commentCount":0,"publisher":{"@id":"https:\/\/www.webdo.tn\/fr\/#organization"},"image":{"@id":"https:\/\/www.webdo.tn\/fr\/actualite\/edito\/tunisie-priorites-oubliees\/178947\/#primaryimage"},"thumbnailUrl":"https:\/\/www.webdo.tn\/fr\/wp-content\/uploads\/2017\/01\/Meknassy-300x169-2.jpg","articleSection":["Edito"],"inLanguage":"fr-FR"},{"@type":"WebPage","@id":"https:\/\/www.webdo.tn\/fr\/actualite\/edito\/tunisie-priorites-oubliees\/178947\/","url":"https:\/\/www.webdo.tn\/fr\/actualite\/edito\/tunisie-priorites-oubliees\/178947\/","name":"Tunisie : Les priorit\u00e9s oubli\u00e9es !","isPartOf":{"@id":"https:\/\/www.webdo.tn\/fr\/#website"},"primaryImageOfPage":{"@id":"https:\/\/www.webdo.tn\/fr\/actualite\/edito\/tunisie-priorites-oubliees\/178947\/#primaryimage"},"image":{"@id":"https:\/\/www.webdo.tn\/fr\/actualite\/edito\/tunisie-priorites-oubliees\/178947\/#primaryimage"},"thumbnailUrl":"https:\/\/www.webdo.tn\/fr\/wp-content\/uploads\/2017\/01\/Meknassy-300x169-2.jpg","datePublished":"2017-01-14T06:55:00+00:00","dateModified":"2025-05-22T12:36:47+00:00","description":"Tunisie : Les priorit\u00e9s oubli\u00e9es !","breadcrumb":{"@id":"https:\/\/www.webdo.tn\/fr\/actualite\/edito\/tunisie-priorites-oubliees\/178947\/#breadcrumb"},"inLanguage":"fr-FR","potentialAction":[{"@type":"ReadAction","target":["https:\/\/www.webdo.tn\/fr\/actualite\/edito\/tunisie-priorites-oubliees\/178947\/"]}]},{"@type":"ImageObject","inLanguage":"fr-FR","@id":"https:\/\/www.webdo.tn\/fr\/actualite\/edito\/tunisie-priorites-oubliees\/178947\/#primaryimage","url":"https:\/\/www.webdo.tn\/fr\/wp-content\/uploads\/2017\/01\/Meknassy-300x169-2.jpg","contentUrl":"https:\/\/www.webdo.tn\/fr\/wp-content\/uploads\/2017\/01\/Meknassy-300x169-2.jpg","width":300,"height":169,"caption":"Tunisie : Les priorit\u00e9s oubli\u00e9es !"},{"@type":"BreadcrumbList","@id":"https:\/\/www.webdo.tn\/fr\/actualite\/edito\/tunisie-priorites-oubliees\/178947\/#breadcrumb","itemListElement":[{"@type":"ListItem","position":1,"name":"Accueil","item":"https:\/\/www.webdo.tn\/fr\/"},{"@type":"ListItem","position":2,"name":"Tunisie : Les priorit\u00e9s oubli\u00e9es !"}]},{"@type":"WebSite","@id":"https:\/\/www.webdo.tn\/fr\/#website","url":"https:\/\/www.webdo.tn\/fr\/","name":"webdo","description":"Tunisie - News en Tunisie et \u00e0 l&#039;international sur Webdo.tn","publisher":{"@id":"https:\/\/www.webdo.tn\/fr\/#organization"},"potentialAction":[{"@type":"SearchAction","target":{"@type":"EntryPoint","urlTemplate":"https:\/\/www.webdo.tn\/fr\/?s={search_term_string}"},"query-input":{"@type":"PropertyValueSpecification","valueRequired":true,"valueName":"search_term_string"}}],"inLanguage":"fr-FR"},{"@type":"Organization","@id":"https:\/\/www.webdo.tn\/fr\/#organization","name":"Webdo","alternateName":"Webdo.tn","url":"https:\/\/www.webdo.tn\/fr\/","logo":{"@type":"ImageObject","inLanguage":"fr-FR","@id":"https:\/\/www.webdo.tn\/fr\/#\/schema\/logo\/image\/","url":"https:\/\/www.webdo.tn\/fr\/wp-content\/uploads\/2025\/06\/Webdo-Tunisie_168377.jpg","contentUrl":"https:\/\/www.webdo.tn\/fr\/wp-content\/uploads\/2025\/06\/Webdo-Tunisie_168377.jpg","width":301,"height":301,"caption":"Webdo"},"image":{"@id":"https:\/\/www.webdo.tn\/fr\/#\/schema\/logo\/image\/"},"sameAs":["https:\/\/www.facebook.com\/webdotn","https:\/\/x.com\/webdo_tn"],"description":"Webdo est un m\u00e9dia num\u00e9rique tunisien fond\u00e9 en 2010, sp\u00e9cialis\u00e9 dans l\u2019actualit\u00e9 nationale et internationale, l\u2019\u00e9conomie, la soci\u00e9t\u00e9 et les analyses politiques. Le site s\u2019adresse \u00e0 un large public francophone et couvre l\u2019information tunisienne en temps r\u00e9el.","email":"redac@webdo.tn","legalName":"YNJ SARL","foundingDate":"2010-09-06","numberOfEmployees":{"@type":"QuantitativeValue","minValue":"11","maxValue":"50"}},{"@type":"Person","@id":"https:\/\/www.webdo.tn\/fr\/#\/schema\/person\/9a9c6118d687c117df8ef3cc36a4d175","name":"webdo.tn","image":{"@type":"ImageObject","inLanguage":"fr-FR","@id":"https:\/\/secure.gravatar.com\/avatar\/7ce1f28c0c3bbac99ff550b85ef8e44a6950c6ee24514fb6a5489e51d06f0298?s=96&d=mm&r=g","url":"https:\/\/secure.gravatar.com\/avatar\/7ce1f28c0c3bbac99ff550b85ef8e44a6950c6ee24514fb6a5489e51d06f0298?s=96&d=mm&r=g","contentUrl":"https:\/\/secure.gravatar.com\/avatar\/7ce1f28c0c3bbac99ff550b85ef8e44a6950c6ee24514fb6a5489e51d06f0298?s=96&d=mm&r=g","caption":"webdo.tn"},"url":"https:\/\/www.webdo.tn\/fr\/actualite\/author\/webdotn\/"}]}},"_links":{"self":[{"href":"https:\/\/www.webdo.tn\/fr\/wp-json\/wp\/v2\/posts\/178947","targetHints":{"allow":["GET"]}}],"collection":[{"href":"https:\/\/www.webdo.tn\/fr\/wp-json\/wp\/v2\/posts"}],"about":[{"href":"https:\/\/www.webdo.tn\/fr\/wp-json\/wp\/v2\/types\/post"}],"author":[{"embeddable":true,"href":"https:\/\/www.webdo.tn\/fr\/wp-json\/wp\/v2\/users\/3222"}],"replies":[{"embeddable":true,"href":"https:\/\/www.webdo.tn\/fr\/wp-json\/wp\/v2\/comments?post=178947"}],"version-history":[{"count":0,"href":"https:\/\/www.webdo.tn\/fr\/wp-json\/wp\/v2\/posts\/178947\/revisions"}],"wp:featuredmedia":[{"embeddable":true,"href":"https:\/\/www.webdo.tn\/fr\/wp-json\/wp\/v2\/media\/326487"}],"wp:attachment":[{"href":"https:\/\/www.webdo.tn\/fr\/wp-json\/wp\/v2\/media?parent=178947"}],"wp:term":[{"taxonomy":"category","embeddable":true,"href":"https:\/\/www.webdo.tn\/fr\/wp-json\/wp\/v2\/categories?post=178947"},{"taxonomy":"post_tag","embeddable":true,"href":"https:\/\/www.webdo.tn\/fr\/wp-json\/wp\/v2\/tags?post=178947"}],"curies":[{"name":"wp","href":"https:\/\/api.w.org\/{rel}","templated":true}]}}