{"id":178945,"date":"2017-02-06T09:51:00","date_gmt":"2017-02-06T09:51:00","guid":{"rendered":"https:\/\/www.webdo.tn\/fr\/blog\/medecins-quittent-pays-terroristes-rentrent\/178945\/"},"modified":"2025-05-22T12:36:44","modified_gmt":"2025-05-22T12:36:44","slug":"medecins-quittent-pays-terroristes-rentrent","status":"publish","type":"post","link":"https:\/\/www.webdo.tn\/fr\/actualite\/edito\/medecins-quittent-pays-terroristes-rentrent\/178945\/","title":{"rendered":"Les m\u00e9decins quittent le pays, les terroristes rentrent\u2026"},"content":{"rendered":"<p>Le pays connait presque, depuis le 14 janvier et surtout depuis que les gouvernants et tous les partis politiques sans exception ont adopt\u00e9 un discours populiste n\u2019ayant aucune consistance sinon de toucher les plus bas instincts du bon peuple, \u00ab une chasse aux sorci\u00e8res \u00bb \u00e0 l\u2019encontre de ceux qui forment, qu\u2019on le veuille ou pas, l\u2019\u00e9lite du pays.<\/p>\n<p>A chaque fait divers, l\u2019on constate que les m\u00e9decins, \u00e0 titre d\u2019exemple, sont clou\u00e9s au pilori. On leur lance le pire des invectives, on les accuse de tous les maux, d\u2019\u00eatre inhumains, cupides, d\u00e9nu\u00e9s de valeurs et de principes etc.<\/p>\n<p>Il est clair que dans ce genre de situation, il nous est impos\u00e9 de rester serein afin de relativiser tous les ph\u00e9nom\u00e8nes sociaux qui traversent notre pays, et sont \u00e0 m\u00eame de provoquer une v\u00e9ritable cassure entre les diverses couches sociales, ce qui risque de menacer la paix civile et sociale.<\/p>\n<p>Il est \u00e9vident que les appels \u00e0 l\u2019instauration d\u2019une forme de justice sociale \u00e0 travers les revenus ou la fiscalit\u00e9 doivent \u00eatre entendus, et consacr\u00e9s \u00e0 la fois dans la l\u00e9gislation et dans la r\u00e9alit\u00e9. Il est aussi \u00e9vident que les corporations socialement avantag\u00e9es doivent comprendre qu\u2019elles sont dans l\u2019obligation de faire un effort dans ce sens et d\u2019accepter ce type de sacrifice.<\/p>\n<p>Mais, il est aussi important que ces cat\u00e9gories ne soient plus trait\u00e9es comme des \u00ab pestif\u00e9r\u00e9s \u00bb alors qu\u2019elles ont beaucoup de m\u00e9rite. Elles ont durement \u00ab boss\u00e9 \u00bb pour atteindre la situation qu\u2019elles occupent, et de ce fait, chacun m\u00e9rite le respect qu\u2019on lui doit, l\u00e0 o\u00f9 il exerce son m\u00e9tier avec probit\u00e9.<\/p>\n<p>Il n\u2019est pas inutile de rappeler que certains m\u00e9decins, notamment dans les h\u00f4pitaux publics, sont l\u2019objet d\u2019agressions presque quotidiennes de la part de citoyens aveugl\u00e9s par la haine ou l\u2019amertume.<\/p>\n<p>Il n\u2019est pas inutile aussi de rappeler que parfois certains de ces m\u00e9decins se comportent de mani\u00e8re \u00e9hont\u00e9e, seulement guid\u00e9s dans leurs actes ou gestes par le gain du lucre. Et que dans tout cela, il convient de retrouver \u00e9quilibre et s\u00e9r\u00e9nit\u00e9 afin de restaurer les valeurs humaines et le respect que l\u2019on doit \u00e0 ceux qui exercent leurs professions dans le respect des valeurs humaines et d\u00e9ontologiques.<\/p>\n<p>Aujourd\u2019hui, nous assistons \u00e0 un ph\u00e9nom\u00e8ne inqui\u00e9tant avec la fuite des cerveaux. Beaucoup de jeunes m\u00e9decins optent pour l\u2019\u00e9migration, les universitaires fuient l\u2019universit\u00e9 publique et partent par dizaines dans les pays du golfe pour fuir la paup\u00e9risation, les ing\u00e9nieurs partent etc.<\/p>\n<p>Bref l\u2019\u00e9lite quitte le navire alors que l\u2019on nous annonce le retour des assassins et des terroristes\u2026 Quelle \u00e9poque !!!<br \/>\nLL<\/p>\n","protected":false},"excerpt":{"rendered":"<p>Les m\u00e9decins quittent le pays, les terroristes rentrent\u2026<\/p>\n","protected":false},"author":3222,"featured_media":372290,"comment_status":"open","ping_status":"closed","sticky":false,"template":"","format":"standard","meta":{"footnotes":""},"categories":[2589],"tags":[],"class_list":["post-178945","post","type-post","status-publish","format-standard","has-post-thumbnail","hentry","category-edito"],"yoast_head":"<!-- This site is optimized with the Yoast SEO Premium plugin v27.5 (Yoast SEO v27.5) - https:\/\/yoast.com\/product\/yoast-seo-premium-wordpress\/ -->\n<title>Les m\u00e9decins quittent le pays, les terroristes rentrent\u2026<\/title>\n<meta name=\"description\" content=\"Les m\u00e9decins quittent le pays, les terroristes rentrent\u2026\" \/>\n<link rel=\"canonical\" href=\"https:\/\/www.webdo.tn\/fr\/actualite\/edito\/medecins-quittent-pays-terroristes-rentrent\/178945\/\" \/>\n<meta property=\"og:locale\" content=\"fr_FR\" \/>\n<meta property=\"og:type\" content=\"article\" \/>\n<meta property=\"og:title\" content=\"Les m\u00e9decins quittent le pays, les terroristes rentrent\u2026\" \/>\n<meta property=\"og:description\" content=\"Les m\u00e9decins quittent le pays, les terroristes rentrent\u2026\" \/>\n<meta property=\"og:url\" content=\"https:\/\/www.webdo.tn\/fr\/actualite\/edito\/medecins-quittent-pays-terroristes-rentrent\/178945\/\" \/>\n<meta property=\"og:site_name\" content=\"webdo\" \/>\n<meta property=\"article:publisher\" content=\"https:\/\/www.facebook.com\/webdotn\" \/>\n<meta property=\"article:published_time\" content=\"2017-02-06T09:51:00+00:00\" \/>\n<meta property=\"article:modified_time\" content=\"2025-05-22T12:36:44+00:00\" \/>\n<meta property=\"og:image\" content=\"https:\/\/www.webdo.tn\/fr\/wp-content\/uploads\/2025\/06\/Medecin_178945.png\" \/>\n\t<meta property=\"og:image:width\" content=\"789\" \/>\n\t<meta property=\"og:image:height\" content=\"413\" \/>\n\t<meta property=\"og:image:type\" content=\"image\/png\" \/>\n<meta name=\"author\" content=\"webdo.tn\" \/>\n<meta name=\"twitter:card\" content=\"summary_large_image\" \/>\n<meta name=\"twitter:creator\" content=\"@webdo_tn\" \/>\n<meta name=\"twitter:site\" content=\"@webdo_tn\" \/>\n<meta name=\"twitter:label1\" content=\"\u00c9crit par\" \/>\n\t<meta name=\"twitter:data1\" content=\"webdo.tn\" \/>\n\t<meta name=\"twitter:label2\" content=\"Dur\u00e9e de lecture estim\u00e9e\" \/>\n\t<meta name=\"twitter:data2\" content=\"2 minutes\" \/>\n<script type=\"application\/ld+json\" class=\"yoast-schema-graph\">{\"@context\":\"https:\\\/\\\/schema.org\",\"@graph\":[{\"@type\":\"NewsArticle\",\"@id\":\"https:\\\/\\\/www.webdo.tn\\\/fr\\\/actualite\\\/edito\\\/medecins-quittent-pays-terroristes-rentrent\\\/178945\\\/#article\",\"isPartOf\":{\"@id\":\"https:\\\/\\\/www.webdo.tn\\\/fr\\\/actualite\\\/edito\\\/medecins-quittent-pays-terroristes-rentrent\\\/178945\\\/\"},\"author\":{\"name\":\"webdo.tn\",\"@id\":\"https:\\\/\\\/www.webdo.tn\\\/fr\\\/#\\\/schema\\\/person\\\/9a9c6118d687c117df8ef3cc36a4d175\"},\"headline\":\"Les m\u00e9decins quittent le pays, les terroristes rentrent\u2026\",\"datePublished\":\"2017-02-06T09:51:00+00:00\",\"dateModified\":\"2025-05-22T12:36:44+00:00\",\"mainEntityOfPage\":{\"@id\":\"https:\\\/\\\/www.webdo.tn\\\/fr\\\/actualite\\\/edito\\\/medecins-quittent-pays-terroristes-rentrent\\\/178945\\\/\"},\"wordCount\":482,\"commentCount\":0,\"publisher\":{\"@id\":\"https:\\\/\\\/www.webdo.tn\\\/fr\\\/#organization\"},\"image\":{\"@id\":\"https:\\\/\\\/www.webdo.tn\\\/fr\\\/actualite\\\/edito\\\/medecins-quittent-pays-terroristes-rentrent\\\/178945\\\/#primaryimage\"},\"thumbnailUrl\":\"https:\\\/\\\/www.webdo.tn\\\/fr\\\/wp-content\\\/uploads\\\/2025\\\/06\\\/Medecin_178945.png\",\"articleSection\":[\"Edito\"],\"inLanguage\":\"fr-FR\"},{\"@type\":\"WebPage\",\"@id\":\"https:\\\/\\\/www.webdo.tn\\\/fr\\\/actualite\\\/edito\\\/medecins-quittent-pays-terroristes-rentrent\\\/178945\\\/\",\"url\":\"https:\\\/\\\/www.webdo.tn\\\/fr\\\/actualite\\\/edito\\\/medecins-quittent-pays-terroristes-rentrent\\\/178945\\\/\",\"name\":\"Les m\u00e9decins quittent le pays, les terroristes rentrent\u2026\",\"isPartOf\":{\"@id\":\"https:\\\/\\\/www.webdo.tn\\\/fr\\\/#website\"},\"primaryImageOfPage\":{\"@id\":\"https:\\\/\\\/www.webdo.tn\\\/fr\\\/actualite\\\/edito\\\/medecins-quittent-pays-terroristes-rentrent\\\/178945\\\/#primaryimage\"},\"image\":{\"@id\":\"https:\\\/\\\/www.webdo.tn\\\/fr\\\/actualite\\\/edito\\\/medecins-quittent-pays-terroristes-rentrent\\\/178945\\\/#primaryimage\"},\"thumbnailUrl\":\"https:\\\/\\\/www.webdo.tn\\\/fr\\\/wp-content\\\/uploads\\\/2025\\\/06\\\/Medecin_178945.png\",\"datePublished\":\"2017-02-06T09:51:00+00:00\",\"dateModified\":\"2025-05-22T12:36:44+00:00\",\"description\":\"Les m\u00e9decins quittent le pays, les terroristes rentrent\u2026\",\"breadcrumb\":{\"@id\":\"https:\\\/\\\/www.webdo.tn\\\/fr\\\/actualite\\\/edito\\\/medecins-quittent-pays-terroristes-rentrent\\\/178945\\\/#breadcrumb\"},\"inLanguage\":\"fr-FR\",\"potentialAction\":[{\"@type\":\"ReadAction\",\"target\":[\"https:\\\/\\\/www.webdo.tn\\\/fr\\\/actualite\\\/edito\\\/medecins-quittent-pays-terroristes-rentrent\\\/178945\\\/\"]}]},{\"@type\":\"ImageObject\",\"inLanguage\":\"fr-FR\",\"@id\":\"https:\\\/\\\/www.webdo.tn\\\/fr\\\/actualite\\\/edito\\\/medecins-quittent-pays-terroristes-rentrent\\\/178945\\\/#primaryimage\",\"url\":\"https:\\\/\\\/www.webdo.tn\\\/fr\\\/wp-content\\\/uploads\\\/2025\\\/06\\\/Medecin_178945.png\",\"contentUrl\":\"https:\\\/\\\/www.webdo.tn\\\/fr\\\/wp-content\\\/uploads\\\/2025\\\/06\\\/Medecin_178945.png\",\"width\":789,\"height\":413,\"caption\":\"Les m\u00e9decins quittent le pays, les terroristes rentrent\u2026\"},{\"@type\":\"BreadcrumbList\",\"@id\":\"https:\\\/\\\/www.webdo.tn\\\/fr\\\/actualite\\\/edito\\\/medecins-quittent-pays-terroristes-rentrent\\\/178945\\\/#breadcrumb\",\"itemListElement\":[{\"@type\":\"ListItem\",\"position\":1,\"name\":\"Accueil\",\"item\":\"https:\\\/\\\/www.webdo.tn\\\/fr\\\/\"},{\"@type\":\"ListItem\",\"position\":2,\"name\":\"Les m\u00e9decins quittent le pays, les terroristes rentrent\u2026\"}]},{\"@type\":\"WebSite\",\"@id\":\"https:\\\/\\\/www.webdo.tn\\\/fr\\\/#website\",\"url\":\"https:\\\/\\\/www.webdo.tn\\\/fr\\\/\",\"name\":\"webdo\",\"description\":\"Tunisie - News en Tunisie et \u00e0 l&#039;international sur Webdo.tn\",\"publisher\":{\"@id\":\"https:\\\/\\\/www.webdo.tn\\\/fr\\\/#organization\"},\"potentialAction\":[{\"@type\":\"SearchAction\",\"target\":{\"@type\":\"EntryPoint\",\"urlTemplate\":\"https:\\\/\\\/www.webdo.tn\\\/fr\\\/?s={search_term_string}\"},\"query-input\":{\"@type\":\"PropertyValueSpecification\",\"valueRequired\":true,\"valueName\":\"search_term_string\"}}],\"inLanguage\":\"fr-FR\"},{\"@type\":\"Organization\",\"@id\":\"https:\\\/\\\/www.webdo.tn\\\/fr\\\/#organization\",\"name\":\"Webdo\",\"alternateName\":\"Webdo.tn\",\"url\":\"https:\\\/\\\/www.webdo.tn\\\/fr\\\/\",\"logo\":{\"@type\":\"ImageObject\",\"inLanguage\":\"fr-FR\",\"@id\":\"https:\\\/\\\/www.webdo.tn\\\/fr\\\/#\\\/schema\\\/logo\\\/image\\\/\",\"url\":\"https:\\\/\\\/www.webdo.tn\\\/fr\\\/wp-content\\\/uploads\\\/2025\\\/06\\\/Webdo-Tunisie_168377.jpg\",\"contentUrl\":\"https:\\\/\\\/www.webdo.tn\\\/fr\\\/wp-content\\\/uploads\\\/2025\\\/06\\\/Webdo-Tunisie_168377.jpg\",\"width\":301,\"height\":301,\"caption\":\"Webdo\"},\"image\":{\"@id\":\"https:\\\/\\\/www.webdo.tn\\\/fr\\\/#\\\/schema\\\/logo\\\/image\\\/\"},\"sameAs\":[\"https:\\\/\\\/www.facebook.com\\\/webdotn\",\"https:\\\/\\\/x.com\\\/webdo_tn\"],\"description\":\"Webdo est un m\u00e9dia num\u00e9rique tunisien fond\u00e9 en 2010, sp\u00e9cialis\u00e9 dans l\u2019actualit\u00e9 nationale et internationale, l\u2019\u00e9conomie, la soci\u00e9t\u00e9 et les analyses politiques. Le site s\u2019adresse \u00e0 un large public francophone et couvre l\u2019information tunisienne en temps r\u00e9el.\",\"email\":\"redac@webdo.tn\",\"legalName\":\"YNJ SARL\",\"foundingDate\":\"2010-09-06\",\"numberOfEmployees\":{\"@type\":\"QuantitativeValue\",\"minValue\":\"11\",\"maxValue\":\"50\"}},{\"@type\":\"Person\",\"@id\":\"https:\\\/\\\/www.webdo.tn\\\/fr\\\/#\\\/schema\\\/person\\\/9a9c6118d687c117df8ef3cc36a4d175\",\"name\":\"webdo.tn\",\"image\":{\"@type\":\"ImageObject\",\"inLanguage\":\"fr-FR\",\"@id\":\"https:\\\/\\\/secure.gravatar.com\\\/avatar\\\/7ce1f28c0c3bbac99ff550b85ef8e44a6950c6ee24514fb6a5489e51d06f0298?s=96&d=mm&r=g\",\"url\":\"https:\\\/\\\/secure.gravatar.com\\\/avatar\\\/7ce1f28c0c3bbac99ff550b85ef8e44a6950c6ee24514fb6a5489e51d06f0298?s=96&d=mm&r=g\",\"contentUrl\":\"https:\\\/\\\/secure.gravatar.com\\\/avatar\\\/7ce1f28c0c3bbac99ff550b85ef8e44a6950c6ee24514fb6a5489e51d06f0298?s=96&d=mm&r=g\",\"caption\":\"webdo.tn\"},\"url\":\"https:\\\/\\\/www.webdo.tn\\\/fr\\\/actualite\\\/author\\\/webdotn\\\/\"}]}<\/script>\n<!-- \/ Yoast SEO Premium plugin. -->","yoast_head_json":{"title":"Les m\u00e9decins quittent le pays, les terroristes rentrent\u2026","description":"Les m\u00e9decins quittent le pays, les terroristes rentrent\u2026","canonical":"https:\/\/www.webdo.tn\/fr\/actualite\/edito\/medecins-quittent-pays-terroristes-rentrent\/178945\/","og_locale":"fr_FR","og_type":"article","og_title":"Les m\u00e9decins quittent le pays, les terroristes rentrent\u2026","og_description":"Les m\u00e9decins quittent le pays, les terroristes rentrent\u2026","og_url":"https:\/\/www.webdo.tn\/fr\/actualite\/edito\/medecins-quittent-pays-terroristes-rentrent\/178945\/","og_site_name":"webdo","article_publisher":"https:\/\/www.facebook.com\/webdotn","article_published_time":"2017-02-06T09:51:00+00:00","article_modified_time":"2025-05-22T12:36:44+00:00","og_image":[{"width":789,"height":413,"url":"https:\/\/www.webdo.tn\/fr\/wp-content\/uploads\/2025\/06\/Medecin_178945.png","type":"image\/png"}],"author":"webdo.tn","twitter_card":"summary_large_image","twitter_creator":"@webdo_tn","twitter_site":"@webdo_tn","twitter_misc":{"\u00c9crit par":"webdo.tn","Dur\u00e9e de lecture estim\u00e9e":"2 minutes"},"schema":{"@context":"https:\/\/schema.org","@graph":[{"@type":"NewsArticle","@id":"https:\/\/www.webdo.tn\/fr\/actualite\/edito\/medecins-quittent-pays-terroristes-rentrent\/178945\/#article","isPartOf":{"@id":"https:\/\/www.webdo.tn\/fr\/actualite\/edito\/medecins-quittent-pays-terroristes-rentrent\/178945\/"},"author":{"name":"webdo.tn","@id":"https:\/\/www.webdo.tn\/fr\/#\/schema\/person\/9a9c6118d687c117df8ef3cc36a4d175"},"headline":"Les m\u00e9decins quittent le pays, les terroristes rentrent\u2026","datePublished":"2017-02-06T09:51:00+00:00","dateModified":"2025-05-22T12:36:44+00:00","mainEntityOfPage":{"@id":"https:\/\/www.webdo.tn\/fr\/actualite\/edito\/medecins-quittent-pays-terroristes-rentrent\/178945\/"},"wordCount":482,"commentCount":0,"publisher":{"@id":"https:\/\/www.webdo.tn\/fr\/#organization"},"image":{"@id":"https:\/\/www.webdo.tn\/fr\/actualite\/edito\/medecins-quittent-pays-terroristes-rentrent\/178945\/#primaryimage"},"thumbnailUrl":"https:\/\/www.webdo.tn\/fr\/wp-content\/uploads\/2025\/06\/Medecin_178945.png","articleSection":["Edito"],"inLanguage":"fr-FR"},{"@type":"WebPage","@id":"https:\/\/www.webdo.tn\/fr\/actualite\/edito\/medecins-quittent-pays-terroristes-rentrent\/178945\/","url":"https:\/\/www.webdo.tn\/fr\/actualite\/edito\/medecins-quittent-pays-terroristes-rentrent\/178945\/","name":"Les m\u00e9decins quittent le pays, les terroristes rentrent\u2026","isPartOf":{"@id":"https:\/\/www.webdo.tn\/fr\/#website"},"primaryImageOfPage":{"@id":"https:\/\/www.webdo.tn\/fr\/actualite\/edito\/medecins-quittent-pays-terroristes-rentrent\/178945\/#primaryimage"},"image":{"@id":"https:\/\/www.webdo.tn\/fr\/actualite\/edito\/medecins-quittent-pays-terroristes-rentrent\/178945\/#primaryimage"},"thumbnailUrl":"https:\/\/www.webdo.tn\/fr\/wp-content\/uploads\/2025\/06\/Medecin_178945.png","datePublished":"2017-02-06T09:51:00+00:00","dateModified":"2025-05-22T12:36:44+00:00","description":"Les m\u00e9decins quittent le pays, les terroristes rentrent\u2026","breadcrumb":{"@id":"https:\/\/www.webdo.tn\/fr\/actualite\/edito\/medecins-quittent-pays-terroristes-rentrent\/178945\/#breadcrumb"},"inLanguage":"fr-FR","potentialAction":[{"@type":"ReadAction","target":["https:\/\/www.webdo.tn\/fr\/actualite\/edito\/medecins-quittent-pays-terroristes-rentrent\/178945\/"]}]},{"@type":"ImageObject","inLanguage":"fr-FR","@id":"https:\/\/www.webdo.tn\/fr\/actualite\/edito\/medecins-quittent-pays-terroristes-rentrent\/178945\/#primaryimage","url":"https:\/\/www.webdo.tn\/fr\/wp-content\/uploads\/2025\/06\/Medecin_178945.png","contentUrl":"https:\/\/www.webdo.tn\/fr\/wp-content\/uploads\/2025\/06\/Medecin_178945.png","width":789,"height":413,"caption":"Les m\u00e9decins quittent le pays, les terroristes rentrent\u2026"},{"@type":"BreadcrumbList","@id":"https:\/\/www.webdo.tn\/fr\/actualite\/edito\/medecins-quittent-pays-terroristes-rentrent\/178945\/#breadcrumb","itemListElement":[{"@type":"ListItem","position":1,"name":"Accueil","item":"https:\/\/www.webdo.tn\/fr\/"},{"@type":"ListItem","position":2,"name":"Les m\u00e9decins quittent le pays, les terroristes rentrent\u2026"}]},{"@type":"WebSite","@id":"https:\/\/www.webdo.tn\/fr\/#website","url":"https:\/\/www.webdo.tn\/fr\/","name":"webdo","description":"Tunisie - News en Tunisie et \u00e0 l&#039;international sur Webdo.tn","publisher":{"@id":"https:\/\/www.webdo.tn\/fr\/#organization"},"potentialAction":[{"@type":"SearchAction","target":{"@type":"EntryPoint","urlTemplate":"https:\/\/www.webdo.tn\/fr\/?s={search_term_string}"},"query-input":{"@type":"PropertyValueSpecification","valueRequired":true,"valueName":"search_term_string"}}],"inLanguage":"fr-FR"},{"@type":"Organization","@id":"https:\/\/www.webdo.tn\/fr\/#organization","name":"Webdo","alternateName":"Webdo.tn","url":"https:\/\/www.webdo.tn\/fr\/","logo":{"@type":"ImageObject","inLanguage":"fr-FR","@id":"https:\/\/www.webdo.tn\/fr\/#\/schema\/logo\/image\/","url":"https:\/\/www.webdo.tn\/fr\/wp-content\/uploads\/2025\/06\/Webdo-Tunisie_168377.jpg","contentUrl":"https:\/\/www.webdo.tn\/fr\/wp-content\/uploads\/2025\/06\/Webdo-Tunisie_168377.jpg","width":301,"height":301,"caption":"Webdo"},"image":{"@id":"https:\/\/www.webdo.tn\/fr\/#\/schema\/logo\/image\/"},"sameAs":["https:\/\/www.facebook.com\/webdotn","https:\/\/x.com\/webdo_tn"],"description":"Webdo est un m\u00e9dia num\u00e9rique tunisien fond\u00e9 en 2010, sp\u00e9cialis\u00e9 dans l\u2019actualit\u00e9 nationale et internationale, l\u2019\u00e9conomie, la soci\u00e9t\u00e9 et les analyses politiques. Le site s\u2019adresse \u00e0 un large public francophone et couvre l\u2019information tunisienne en temps r\u00e9el.","email":"redac@webdo.tn","legalName":"YNJ SARL","foundingDate":"2010-09-06","numberOfEmployees":{"@type":"QuantitativeValue","minValue":"11","maxValue":"50"}},{"@type":"Person","@id":"https:\/\/www.webdo.tn\/fr\/#\/schema\/person\/9a9c6118d687c117df8ef3cc36a4d175","name":"webdo.tn","image":{"@type":"ImageObject","inLanguage":"fr-FR","@id":"https:\/\/secure.gravatar.com\/avatar\/7ce1f28c0c3bbac99ff550b85ef8e44a6950c6ee24514fb6a5489e51d06f0298?s=96&d=mm&r=g","url":"https:\/\/secure.gravatar.com\/avatar\/7ce1f28c0c3bbac99ff550b85ef8e44a6950c6ee24514fb6a5489e51d06f0298?s=96&d=mm&r=g","contentUrl":"https:\/\/secure.gravatar.com\/avatar\/7ce1f28c0c3bbac99ff550b85ef8e44a6950c6ee24514fb6a5489e51d06f0298?s=96&d=mm&r=g","caption":"webdo.tn"},"url":"https:\/\/www.webdo.tn\/fr\/actualite\/author\/webdotn\/"}]}},"_links":{"self":[{"href":"https:\/\/www.webdo.tn\/fr\/wp-json\/wp\/v2\/posts\/178945","targetHints":{"allow":["GET"]}}],"collection":[{"href":"https:\/\/www.webdo.tn\/fr\/wp-json\/wp\/v2\/posts"}],"about":[{"href":"https:\/\/www.webdo.tn\/fr\/wp-json\/wp\/v2\/types\/post"}],"author":[{"embeddable":true,"href":"https:\/\/www.webdo.tn\/fr\/wp-json\/wp\/v2\/users\/3222"}],"replies":[{"embeddable":true,"href":"https:\/\/www.webdo.tn\/fr\/wp-json\/wp\/v2\/comments?post=178945"}],"version-history":[{"count":0,"href":"https:\/\/www.webdo.tn\/fr\/wp-json\/wp\/v2\/posts\/178945\/revisions"}],"wp:featuredmedia":[{"embeddable":true,"href":"https:\/\/www.webdo.tn\/fr\/wp-json\/wp\/v2\/media\/372290"}],"wp:attachment":[{"href":"https:\/\/www.webdo.tn\/fr\/wp-json\/wp\/v2\/media?parent=178945"}],"wp:term":[{"taxonomy":"category","embeddable":true,"href":"https:\/\/www.webdo.tn\/fr\/wp-json\/wp\/v2\/categories?post=178945"},{"taxonomy":"post_tag","embeddable":true,"href":"https:\/\/www.webdo.tn\/fr\/wp-json\/wp\/v2\/tags?post=178945"}],"curies":[{"name":"wp","href":"https:\/\/api.w.org\/{rel}","templated":true}]}}