{"id":178944,"date":"2017-02-07T12:44:00","date_gmt":"2017-02-07T12:44:00","guid":{"rendered":"https:\/\/www.webdo.tn\/fr\/blog\/jeune-medecin-meurt-service-a-bouhajla\/178944\/"},"modified":"2025-05-22T12:36:43","modified_gmt":"2025-05-22T12:36:43","slug":"jeune-medecin-meurt-service-a-bouhajla","status":"publish","type":"post","link":"https:\/\/www.webdo.tn\/fr\/actualite\/edito\/jeune-medecin-meurt-service-a-bouhajla\/178944\/","title":{"rendered":"Une jeune m\u00e9decin meurt en service \u00e0 Bouhajla"},"content":{"rendered":"<p>Dans ce contexte pol\u00e9mique se rapportant aux m\u00e9decins et dans cette hyst\u00e9rie collective qui semble frapper certaines parties \u00e0 leur encontre, voil\u00e0 qu\u2019un drame touchant l\u2019un d\u2019eux vient de se produire aujourd\u2019hui \u00e0 l\u2019h\u00f4pital de Bouhajla dans le gouvernorat de Kairouan.<\/p>\n<p>En effet, Mme Leila Mhamdi, jeune m\u00e9decin \u00e0 cet h\u00f4pital, vient de rendre l\u2019\u00e2me alors qu\u2019elle \u00e9tait en service. Leila Mhamdi, jeune maman (elle \u00e9tait \u00e2g\u00e9e de 37 ans) de deux petites jeunes filles \u00e2g\u00e9es respectivement de 5 et de 7 ans, et de plus enceinte, a d\u00fb succomber alors qu\u2019elle \u00e9tait en plein travail, et cela malgr\u00e9 les efforts de ses coll\u00e8gues de la r\u00e9animer.<\/p>\n<p>Ce que l\u2019opinion publique doit savoir, c\u2019est que la d\u00e9funte avait d\u00e9j\u00e0 eu un malaise \u00e0 l\u2019issue duquel on lui avait conseill\u00e9 et m\u00eame prescrit d\u2019observer du repos d\u2019autant plus qu\u2019elle portait en elle celui qui devait \u00eatre son troisi\u00e8me enfant.<\/p>\n<p>Mais, sa volont\u00e9 de prendre en charge les citoyens malades, ses patients, son honn\u00eatet\u00e9 et son engagement ont pris le dessus, au d\u00e9triment de sa propre sant\u00e9, et malheureusement de sa vie. Cette fin dramatique d\u2019une jeune m\u00e8re de famille, d\u00e9c\u00e9d\u00e9e en plein service, pose de nouveau une probl\u00e9matique de fond concernant la politique publique de sant\u00e9 de l\u2019Etat tunisien.<\/p>\n<p>Aujourd\u2019hui et apr\u00e8s tous ces \u00e9v\u00e9nements, l\u2019on peut dire que le service public de la sant\u00e9 est en tr\u00e8s grand danger, voire qu\u2019il est en train de mourir \u00e0 petit feu sous le regard quasi-indiff\u00e9rent des principaux concern\u00e9s \u00e0 commencer par l\u2019Etat, mais aussi par tous ceux qui veulent le maintenir en l\u2019\u00e9tat, qui ont vu s\u2019installer la corruption, les malversations et les d\u00e9bordements sans bouger le petit doigt, et m\u00eame font tout pour bloquer toute tentative de r\u00e9forme du domaine.<\/p>\n<p>Aujourd\u2019hui, cette question fait d\u00e9sormais l\u2019objet d\u2019un d\u00e9bat public. Seulement ce d\u00e9bat ne doit pas demeurer sans r\u00e9sultat et sans solution pour le futur. Le gouvernement d\u2019union nationale, mais qui ne l\u2019est pas vraiment, a d\u00e9montr\u00e9 depuis son investiture sa totale impuissance face aux d\u00e9fis et aux exigences d\u2019une population qui devient de plus en plus agressive voire violente, se nourrissant de discours belliqueux et populiste qui va le transformer en pyromane br\u00fblant ce beau pays des flammes de l\u2019intol\u00e9rance.<br \/>\nLL<br \/>\nLire aussi :<\/p>\n<p>  Affaire du b\u00e9b\u00e9 d\u00e9c\u00e9d\u00e9 : La ministre re\u00e7oit la jeune m\u00e9decin lib\u00e9r\u00e9e<br \/>\n  Les m\u00e9decins quittent le pays, les terroristes rentrent\u2026<br \/>\n  Gr\u00e8ve g\u00e9n\u00e9rale dans tous les h\u00f4pitaux publics \u00e0 partir d\u2019aujourd\u2019hui<br \/>\n  Mort suspecte d\u2019un nourrisson \u00e0 l\u2019h\u00f4pital de Sousse : La jeune r\u00e9sidente lib\u00e9r\u00e9e<br \/>\n  Marche de solidarit\u00e9 des m\u00e9decins avec leur coll\u00e8gue arr\u00eat\u00e9e<br \/>\n  Affaire du b\u00e9b\u00e9 d\u00e9c\u00e9d\u00e9 \u00e0 l\u2019h\u00f4pital Farhat Hached : On se rejette les responsabilit\u00e9s !<br \/>\n  Affaire du b\u00e9b\u00e9 de Sousse : Aucune erreur m\u00e9dicale, selon l\u2019enqu\u00eate<br \/>\n  Les m\u00e9decins du secteur priv\u00e9 en gr\u00e8ve g\u00e9n\u00e9rale le 8 f\u00e9vrier<br \/>\n  Sousse : D\u00e9c\u00e8s d\u2019un nourrisson \u00e0 l\u2019h\u00f4pital, un m\u00e9decin interne arr\u00eat\u00e9<\/p>\n","protected":false},"excerpt":{"rendered":"<p>Une jeune m\u00e9decin meurt en service \u00e0 Bouhajla<\/p>\n","protected":false},"author":3222,"featured_media":372289,"comment_status":"open","ping_status":"closed","sticky":false,"template":"","format":"standard","meta":{"footnotes":""},"categories":[2589],"tags":[],"class_list":["post-178944","post","type-post","status-publish","format-standard","has-post-thumbnail","hentry","category-edito"],"yoast_head":"<!-- This site is optimized with the Yoast SEO Premium plugin v27.5 (Yoast SEO v27.5) - https:\/\/yoast.com\/product\/yoast-seo-premium-wordpress\/ -->\n<title>Une jeune m\u00e9decin meurt en service \u00e0 Bouhajla<\/title>\n<meta name=\"description\" content=\"Une jeune m\u00e9decin meurt en service \u00e0 Bouhajla\" \/>\n<link rel=\"canonical\" href=\"https:\/\/www.webdo.tn\/fr\/actualite\/edito\/jeune-medecin-meurt-service-a-bouhajla\/178944\/\" \/>\n<meta property=\"og:locale\" content=\"fr_FR\" \/>\n<meta property=\"og:type\" content=\"article\" \/>\n<meta property=\"og:title\" content=\"Une jeune m\u00e9decin meurt en service \u00e0 Bouhajla\" \/>\n<meta property=\"og:description\" content=\"Une jeune m\u00e9decin meurt en service \u00e0 Bouhajla\" \/>\n<meta property=\"og:url\" content=\"https:\/\/www.webdo.tn\/fr\/actualite\/edito\/jeune-medecin-meurt-service-a-bouhajla\/178944\/\" \/>\n<meta property=\"og:site_name\" content=\"webdo\" \/>\n<meta property=\"article:publisher\" content=\"https:\/\/www.facebook.com\/webdotn\" \/>\n<meta property=\"article:published_time\" content=\"2017-02-07T12:44:00+00:00\" \/>\n<meta property=\"article:modified_time\" content=\"2025-05-22T12:36:43+00:00\" \/>\n<meta property=\"og:image\" content=\"https:\/\/www.webdo.tn\/fr\/wp-content\/uploads\/2025\/06\/Dr-Leila-Mhamdi_178944.jpg\" \/>\n\t<meta property=\"og:image:width\" content=\"400\" \/>\n\t<meta property=\"og:image:height\" content=\"310\" \/>\n\t<meta property=\"og:image:type\" content=\"image\/jpeg\" \/>\n<meta name=\"author\" content=\"webdo.tn\" \/>\n<meta name=\"twitter:card\" content=\"summary_large_image\" \/>\n<meta name=\"twitter:creator\" content=\"@webdo_tn\" \/>\n<meta name=\"twitter:site\" content=\"@webdo_tn\" \/>\n<meta name=\"twitter:label1\" content=\"\u00c9crit par\" \/>\n\t<meta name=\"twitter:data1\" content=\"webdo.tn\" \/>\n\t<meta name=\"twitter:label2\" content=\"Dur\u00e9e de lecture estim\u00e9e\" \/>\n\t<meta name=\"twitter:data2\" content=\"3 minutes\" \/>\n<script type=\"application\/ld+json\" class=\"yoast-schema-graph\">{\"@context\":\"https:\\\/\\\/schema.org\",\"@graph\":[{\"@type\":\"NewsArticle\",\"@id\":\"https:\\\/\\\/www.webdo.tn\\\/fr\\\/actualite\\\/edito\\\/jeune-medecin-meurt-service-a-bouhajla\\\/178944\\\/#article\",\"isPartOf\":{\"@id\":\"https:\\\/\\\/www.webdo.tn\\\/fr\\\/actualite\\\/edito\\\/jeune-medecin-meurt-service-a-bouhajla\\\/178944\\\/\"},\"author\":{\"name\":\"webdo.tn\",\"@id\":\"https:\\\/\\\/www.webdo.tn\\\/fr\\\/#\\\/schema\\\/person\\\/9a9c6118d687c117df8ef3cc36a4d175\"},\"headline\":\"Une jeune m\u00e9decin meurt en service \u00e0 Bouhajla\",\"datePublished\":\"2017-02-07T12:44:00+00:00\",\"dateModified\":\"2025-05-22T12:36:43+00:00\",\"mainEntityOfPage\":{\"@id\":\"https:\\\/\\\/www.webdo.tn\\\/fr\\\/actualite\\\/edito\\\/jeune-medecin-meurt-service-a-bouhajla\\\/178944\\\/\"},\"wordCount\":572,\"commentCount\":0,\"publisher\":{\"@id\":\"https:\\\/\\\/www.webdo.tn\\\/fr\\\/#organization\"},\"image\":{\"@id\":\"https:\\\/\\\/www.webdo.tn\\\/fr\\\/actualite\\\/edito\\\/jeune-medecin-meurt-service-a-bouhajla\\\/178944\\\/#primaryimage\"},\"thumbnailUrl\":\"https:\\\/\\\/www.webdo.tn\\\/fr\\\/wp-content\\\/uploads\\\/2025\\\/06\\\/Dr-Leila-Mhamdi_178944.jpg\",\"articleSection\":[\"Edito\"],\"inLanguage\":\"fr-FR\"},{\"@type\":\"WebPage\",\"@id\":\"https:\\\/\\\/www.webdo.tn\\\/fr\\\/actualite\\\/edito\\\/jeune-medecin-meurt-service-a-bouhajla\\\/178944\\\/\",\"url\":\"https:\\\/\\\/www.webdo.tn\\\/fr\\\/actualite\\\/edito\\\/jeune-medecin-meurt-service-a-bouhajla\\\/178944\\\/\",\"name\":\"Une jeune m\u00e9decin meurt en service \u00e0 Bouhajla\",\"isPartOf\":{\"@id\":\"https:\\\/\\\/www.webdo.tn\\\/fr\\\/#website\"},\"primaryImageOfPage\":{\"@id\":\"https:\\\/\\\/www.webdo.tn\\\/fr\\\/actualite\\\/edito\\\/jeune-medecin-meurt-service-a-bouhajla\\\/178944\\\/#primaryimage\"},\"image\":{\"@id\":\"https:\\\/\\\/www.webdo.tn\\\/fr\\\/actualite\\\/edito\\\/jeune-medecin-meurt-service-a-bouhajla\\\/178944\\\/#primaryimage\"},\"thumbnailUrl\":\"https:\\\/\\\/www.webdo.tn\\\/fr\\\/wp-content\\\/uploads\\\/2025\\\/06\\\/Dr-Leila-Mhamdi_178944.jpg\",\"datePublished\":\"2017-02-07T12:44:00+00:00\",\"dateModified\":\"2025-05-22T12:36:43+00:00\",\"description\":\"Une jeune m\u00e9decin meurt en service \u00e0 Bouhajla\",\"breadcrumb\":{\"@id\":\"https:\\\/\\\/www.webdo.tn\\\/fr\\\/actualite\\\/edito\\\/jeune-medecin-meurt-service-a-bouhajla\\\/178944\\\/#breadcrumb\"},\"inLanguage\":\"fr-FR\",\"potentialAction\":[{\"@type\":\"ReadAction\",\"target\":[\"https:\\\/\\\/www.webdo.tn\\\/fr\\\/actualite\\\/edito\\\/jeune-medecin-meurt-service-a-bouhajla\\\/178944\\\/\"]}]},{\"@type\":\"ImageObject\",\"inLanguage\":\"fr-FR\",\"@id\":\"https:\\\/\\\/www.webdo.tn\\\/fr\\\/actualite\\\/edito\\\/jeune-medecin-meurt-service-a-bouhajla\\\/178944\\\/#primaryimage\",\"url\":\"https:\\\/\\\/www.webdo.tn\\\/fr\\\/wp-content\\\/uploads\\\/2025\\\/06\\\/Dr-Leila-Mhamdi_178944.jpg\",\"contentUrl\":\"https:\\\/\\\/www.webdo.tn\\\/fr\\\/wp-content\\\/uploads\\\/2025\\\/06\\\/Dr-Leila-Mhamdi_178944.jpg\",\"width\":400,\"height\":310,\"caption\":\"Une jeune m\u00e9decin meurt en service \u00e0 Bouhajla\"},{\"@type\":\"BreadcrumbList\",\"@id\":\"https:\\\/\\\/www.webdo.tn\\\/fr\\\/actualite\\\/edito\\\/jeune-medecin-meurt-service-a-bouhajla\\\/178944\\\/#breadcrumb\",\"itemListElement\":[{\"@type\":\"ListItem\",\"position\":1,\"name\":\"Accueil\",\"item\":\"https:\\\/\\\/www.webdo.tn\\\/fr\\\/\"},{\"@type\":\"ListItem\",\"position\":2,\"name\":\"Une jeune m\u00e9decin meurt en service \u00e0 Bouhajla\"}]},{\"@type\":\"WebSite\",\"@id\":\"https:\\\/\\\/www.webdo.tn\\\/fr\\\/#website\",\"url\":\"https:\\\/\\\/www.webdo.tn\\\/fr\\\/\",\"name\":\"webdo\",\"description\":\"Tunisie - News en Tunisie et \u00e0 l&#039;international sur Webdo.tn\",\"publisher\":{\"@id\":\"https:\\\/\\\/www.webdo.tn\\\/fr\\\/#organization\"},\"potentialAction\":[{\"@type\":\"SearchAction\",\"target\":{\"@type\":\"EntryPoint\",\"urlTemplate\":\"https:\\\/\\\/www.webdo.tn\\\/fr\\\/?s={search_term_string}\"},\"query-input\":{\"@type\":\"PropertyValueSpecification\",\"valueRequired\":true,\"valueName\":\"search_term_string\"}}],\"inLanguage\":\"fr-FR\"},{\"@type\":\"Organization\",\"@id\":\"https:\\\/\\\/www.webdo.tn\\\/fr\\\/#organization\",\"name\":\"Webdo\",\"alternateName\":\"Webdo.tn\",\"url\":\"https:\\\/\\\/www.webdo.tn\\\/fr\\\/\",\"logo\":{\"@type\":\"ImageObject\",\"inLanguage\":\"fr-FR\",\"@id\":\"https:\\\/\\\/www.webdo.tn\\\/fr\\\/#\\\/schema\\\/logo\\\/image\\\/\",\"url\":\"https:\\\/\\\/www.webdo.tn\\\/fr\\\/wp-content\\\/uploads\\\/2025\\\/06\\\/Webdo-Tunisie_168377.jpg\",\"contentUrl\":\"https:\\\/\\\/www.webdo.tn\\\/fr\\\/wp-content\\\/uploads\\\/2025\\\/06\\\/Webdo-Tunisie_168377.jpg\",\"width\":301,\"height\":301,\"caption\":\"Webdo\"},\"image\":{\"@id\":\"https:\\\/\\\/www.webdo.tn\\\/fr\\\/#\\\/schema\\\/logo\\\/image\\\/\"},\"sameAs\":[\"https:\\\/\\\/www.facebook.com\\\/webdotn\",\"https:\\\/\\\/x.com\\\/webdo_tn\"],\"description\":\"Webdo est un m\u00e9dia num\u00e9rique tunisien fond\u00e9 en 2010, sp\u00e9cialis\u00e9 dans l\u2019actualit\u00e9 nationale et internationale, l\u2019\u00e9conomie, la soci\u00e9t\u00e9 et les analyses politiques. Le site s\u2019adresse \u00e0 un large public francophone et couvre l\u2019information tunisienne en temps r\u00e9el.\",\"email\":\"redac@webdo.tn\",\"legalName\":\"YNJ SARL\",\"foundingDate\":\"2010-09-06\",\"numberOfEmployees\":{\"@type\":\"QuantitativeValue\",\"minValue\":\"11\",\"maxValue\":\"50\"}},{\"@type\":\"Person\",\"@id\":\"https:\\\/\\\/www.webdo.tn\\\/fr\\\/#\\\/schema\\\/person\\\/9a9c6118d687c117df8ef3cc36a4d175\",\"name\":\"webdo.tn\",\"image\":{\"@type\":\"ImageObject\",\"inLanguage\":\"fr-FR\",\"@id\":\"https:\\\/\\\/secure.gravatar.com\\\/avatar\\\/7ce1f28c0c3bbac99ff550b85ef8e44a6950c6ee24514fb6a5489e51d06f0298?s=96&d=mm&r=g\",\"url\":\"https:\\\/\\\/secure.gravatar.com\\\/avatar\\\/7ce1f28c0c3bbac99ff550b85ef8e44a6950c6ee24514fb6a5489e51d06f0298?s=96&d=mm&r=g\",\"contentUrl\":\"https:\\\/\\\/secure.gravatar.com\\\/avatar\\\/7ce1f28c0c3bbac99ff550b85ef8e44a6950c6ee24514fb6a5489e51d06f0298?s=96&d=mm&r=g\",\"caption\":\"webdo.tn\"},\"url\":\"https:\\\/\\\/www.webdo.tn\\\/fr\\\/actualite\\\/author\\\/webdotn\\\/\"}]}<\/script>\n<!-- \/ Yoast SEO Premium plugin. -->","yoast_head_json":{"title":"Une jeune m\u00e9decin meurt en service \u00e0 Bouhajla","description":"Une jeune m\u00e9decin meurt en service \u00e0 Bouhajla","canonical":"https:\/\/www.webdo.tn\/fr\/actualite\/edito\/jeune-medecin-meurt-service-a-bouhajla\/178944\/","og_locale":"fr_FR","og_type":"article","og_title":"Une jeune m\u00e9decin meurt en service \u00e0 Bouhajla","og_description":"Une jeune m\u00e9decin meurt en service \u00e0 Bouhajla","og_url":"https:\/\/www.webdo.tn\/fr\/actualite\/edito\/jeune-medecin-meurt-service-a-bouhajla\/178944\/","og_site_name":"webdo","article_publisher":"https:\/\/www.facebook.com\/webdotn","article_published_time":"2017-02-07T12:44:00+00:00","article_modified_time":"2025-05-22T12:36:43+00:00","og_image":[{"width":400,"height":310,"url":"https:\/\/www.webdo.tn\/fr\/wp-content\/uploads\/2025\/06\/Dr-Leila-Mhamdi_178944.jpg","type":"image\/jpeg"}],"author":"webdo.tn","twitter_card":"summary_large_image","twitter_creator":"@webdo_tn","twitter_site":"@webdo_tn","twitter_misc":{"\u00c9crit par":"webdo.tn","Dur\u00e9e de lecture estim\u00e9e":"3 minutes"},"schema":{"@context":"https:\/\/schema.org","@graph":[{"@type":"NewsArticle","@id":"https:\/\/www.webdo.tn\/fr\/actualite\/edito\/jeune-medecin-meurt-service-a-bouhajla\/178944\/#article","isPartOf":{"@id":"https:\/\/www.webdo.tn\/fr\/actualite\/edito\/jeune-medecin-meurt-service-a-bouhajla\/178944\/"},"author":{"name":"webdo.tn","@id":"https:\/\/www.webdo.tn\/fr\/#\/schema\/person\/9a9c6118d687c117df8ef3cc36a4d175"},"headline":"Une jeune m\u00e9decin meurt en service \u00e0 Bouhajla","datePublished":"2017-02-07T12:44:00+00:00","dateModified":"2025-05-22T12:36:43+00:00","mainEntityOfPage":{"@id":"https:\/\/www.webdo.tn\/fr\/actualite\/edito\/jeune-medecin-meurt-service-a-bouhajla\/178944\/"},"wordCount":572,"commentCount":0,"publisher":{"@id":"https:\/\/www.webdo.tn\/fr\/#organization"},"image":{"@id":"https:\/\/www.webdo.tn\/fr\/actualite\/edito\/jeune-medecin-meurt-service-a-bouhajla\/178944\/#primaryimage"},"thumbnailUrl":"https:\/\/www.webdo.tn\/fr\/wp-content\/uploads\/2025\/06\/Dr-Leila-Mhamdi_178944.jpg","articleSection":["Edito"],"inLanguage":"fr-FR"},{"@type":"WebPage","@id":"https:\/\/www.webdo.tn\/fr\/actualite\/edito\/jeune-medecin-meurt-service-a-bouhajla\/178944\/","url":"https:\/\/www.webdo.tn\/fr\/actualite\/edito\/jeune-medecin-meurt-service-a-bouhajla\/178944\/","name":"Une jeune m\u00e9decin meurt en service \u00e0 Bouhajla","isPartOf":{"@id":"https:\/\/www.webdo.tn\/fr\/#website"},"primaryImageOfPage":{"@id":"https:\/\/www.webdo.tn\/fr\/actualite\/edito\/jeune-medecin-meurt-service-a-bouhajla\/178944\/#primaryimage"},"image":{"@id":"https:\/\/www.webdo.tn\/fr\/actualite\/edito\/jeune-medecin-meurt-service-a-bouhajla\/178944\/#primaryimage"},"thumbnailUrl":"https:\/\/www.webdo.tn\/fr\/wp-content\/uploads\/2025\/06\/Dr-Leila-Mhamdi_178944.jpg","datePublished":"2017-02-07T12:44:00+00:00","dateModified":"2025-05-22T12:36:43+00:00","description":"Une jeune m\u00e9decin meurt en service \u00e0 Bouhajla","breadcrumb":{"@id":"https:\/\/www.webdo.tn\/fr\/actualite\/edito\/jeune-medecin-meurt-service-a-bouhajla\/178944\/#breadcrumb"},"inLanguage":"fr-FR","potentialAction":[{"@type":"ReadAction","target":["https:\/\/www.webdo.tn\/fr\/actualite\/edito\/jeune-medecin-meurt-service-a-bouhajla\/178944\/"]}]},{"@type":"ImageObject","inLanguage":"fr-FR","@id":"https:\/\/www.webdo.tn\/fr\/actualite\/edito\/jeune-medecin-meurt-service-a-bouhajla\/178944\/#primaryimage","url":"https:\/\/www.webdo.tn\/fr\/wp-content\/uploads\/2025\/06\/Dr-Leila-Mhamdi_178944.jpg","contentUrl":"https:\/\/www.webdo.tn\/fr\/wp-content\/uploads\/2025\/06\/Dr-Leila-Mhamdi_178944.jpg","width":400,"height":310,"caption":"Une jeune m\u00e9decin meurt en service \u00e0 Bouhajla"},{"@type":"BreadcrumbList","@id":"https:\/\/www.webdo.tn\/fr\/actualite\/edito\/jeune-medecin-meurt-service-a-bouhajla\/178944\/#breadcrumb","itemListElement":[{"@type":"ListItem","position":1,"name":"Accueil","item":"https:\/\/www.webdo.tn\/fr\/"},{"@type":"ListItem","position":2,"name":"Une jeune m\u00e9decin meurt en service \u00e0 Bouhajla"}]},{"@type":"WebSite","@id":"https:\/\/www.webdo.tn\/fr\/#website","url":"https:\/\/www.webdo.tn\/fr\/","name":"webdo","description":"Tunisie - News en Tunisie et \u00e0 l&#039;international sur Webdo.tn","publisher":{"@id":"https:\/\/www.webdo.tn\/fr\/#organization"},"potentialAction":[{"@type":"SearchAction","target":{"@type":"EntryPoint","urlTemplate":"https:\/\/www.webdo.tn\/fr\/?s={search_term_string}"},"query-input":{"@type":"PropertyValueSpecification","valueRequired":true,"valueName":"search_term_string"}}],"inLanguage":"fr-FR"},{"@type":"Organization","@id":"https:\/\/www.webdo.tn\/fr\/#organization","name":"Webdo","alternateName":"Webdo.tn","url":"https:\/\/www.webdo.tn\/fr\/","logo":{"@type":"ImageObject","inLanguage":"fr-FR","@id":"https:\/\/www.webdo.tn\/fr\/#\/schema\/logo\/image\/","url":"https:\/\/www.webdo.tn\/fr\/wp-content\/uploads\/2025\/06\/Webdo-Tunisie_168377.jpg","contentUrl":"https:\/\/www.webdo.tn\/fr\/wp-content\/uploads\/2025\/06\/Webdo-Tunisie_168377.jpg","width":301,"height":301,"caption":"Webdo"},"image":{"@id":"https:\/\/www.webdo.tn\/fr\/#\/schema\/logo\/image\/"},"sameAs":["https:\/\/www.facebook.com\/webdotn","https:\/\/x.com\/webdo_tn"],"description":"Webdo est un m\u00e9dia num\u00e9rique tunisien fond\u00e9 en 2010, sp\u00e9cialis\u00e9 dans l\u2019actualit\u00e9 nationale et internationale, l\u2019\u00e9conomie, la soci\u00e9t\u00e9 et les analyses politiques. Le site s\u2019adresse \u00e0 un large public francophone et couvre l\u2019information tunisienne en temps r\u00e9el.","email":"redac@webdo.tn","legalName":"YNJ SARL","foundingDate":"2010-09-06","numberOfEmployees":{"@type":"QuantitativeValue","minValue":"11","maxValue":"50"}},{"@type":"Person","@id":"https:\/\/www.webdo.tn\/fr\/#\/schema\/person\/9a9c6118d687c117df8ef3cc36a4d175","name":"webdo.tn","image":{"@type":"ImageObject","inLanguage":"fr-FR","@id":"https:\/\/secure.gravatar.com\/avatar\/7ce1f28c0c3bbac99ff550b85ef8e44a6950c6ee24514fb6a5489e51d06f0298?s=96&d=mm&r=g","url":"https:\/\/secure.gravatar.com\/avatar\/7ce1f28c0c3bbac99ff550b85ef8e44a6950c6ee24514fb6a5489e51d06f0298?s=96&d=mm&r=g","contentUrl":"https:\/\/secure.gravatar.com\/avatar\/7ce1f28c0c3bbac99ff550b85ef8e44a6950c6ee24514fb6a5489e51d06f0298?s=96&d=mm&r=g","caption":"webdo.tn"},"url":"https:\/\/www.webdo.tn\/fr\/actualite\/author\/webdotn\/"}]}},"_links":{"self":[{"href":"https:\/\/www.webdo.tn\/fr\/wp-json\/wp\/v2\/posts\/178944","targetHints":{"allow":["GET"]}}],"collection":[{"href":"https:\/\/www.webdo.tn\/fr\/wp-json\/wp\/v2\/posts"}],"about":[{"href":"https:\/\/www.webdo.tn\/fr\/wp-json\/wp\/v2\/types\/post"}],"author":[{"embeddable":true,"href":"https:\/\/www.webdo.tn\/fr\/wp-json\/wp\/v2\/users\/3222"}],"replies":[{"embeddable":true,"href":"https:\/\/www.webdo.tn\/fr\/wp-json\/wp\/v2\/comments?post=178944"}],"version-history":[{"count":0,"href":"https:\/\/www.webdo.tn\/fr\/wp-json\/wp\/v2\/posts\/178944\/revisions"}],"wp:featuredmedia":[{"embeddable":true,"href":"https:\/\/www.webdo.tn\/fr\/wp-json\/wp\/v2\/media\/372289"}],"wp:attachment":[{"href":"https:\/\/www.webdo.tn\/fr\/wp-json\/wp\/v2\/media?parent=178944"}],"wp:term":[{"taxonomy":"category","embeddable":true,"href":"https:\/\/www.webdo.tn\/fr\/wp-json\/wp\/v2\/categories?post=178944"},{"taxonomy":"post_tag","embeddable":true,"href":"https:\/\/www.webdo.tn\/fr\/wp-json\/wp\/v2\/tags?post=178944"}],"curies":[{"name":"wp","href":"https:\/\/api.w.org\/{rel}","templated":true}]}}