{"id":178943,"date":"2017-02-26T20:02:00","date_gmt":"2017-02-26T20:02:00","guid":{"rendered":"https:\/\/www.webdo.tn\/fr\/blog\/lugtt-refuse-ghariani-met-garde-citoyens-contre-decisions-antisociales-gouvernement\/178943\/"},"modified":"2025-05-22T12:36:40","modified_gmt":"2025-05-22T12:36:40","slug":"lugtt-refuse-ghariani-met-garde-citoyens-contre-decisions-antisociales-gouvernement","status":"publish","type":"post","link":"https:\/\/www.webdo.tn\/fr\/actualite\/edito\/lugtt-refuse-ghariani-met-garde-citoyens-contre-decisions-antisociales-gouvernement\/178943\/","title":{"rendered":"L\u2019UGTT refuse Ghariani et met en garde les citoyens contre les d\u00e9cisions antisociales du gouvernement"},"content":{"rendered":"<p>Le limogeage du ministre de la fonction publique et de la gouvernance, Abid Briki proche de l\u2019UGTT pur avoir \u00e9t\u00e9 un membre de son bureau ex\u00e9cutif, ne semble pas avoir plu \u00e0 la Centrale Syndicale surtout que son rempla\u00e7ant n\u2019est autre que Khalil Ghariani, membre bien en vue du bureau ex\u00e9cutif de l\u2019UTICA.<\/p>\n<p>Provocation de Youssef Chahed surtout apr\u00e8s le bras de fer qui oppose le gouvernement aux locataires de la place Mohamed Ali ou bien maladresse ? Dans les deux cas, il s\u2019agit d\u2019une d\u00e9cision qui n\u2019a pas laiss\u00e9 indiff\u00e9rent le Bureau ex\u00e9cutif de l\u2019UGTT dont le secr\u00e9taire g\u00e9n\u00e9ral a appel\u00e9 \u00e0 une r\u00e9union d\u2019urgence ce matin.<\/p>\n<p>Et la r\u00e9union a d\u00e9bouch\u00e9 sur une r\u00e9solution du Bureau ex\u00e9cutif qui commence par le fait que Youssef Chahed n\u2019a pas consult\u00e9 l\u2019UGTT \u00e0 propos de ce remaniement minist\u00e9riel ce qui d\u00e9montre la volont\u00e9 du gouvernement de remettre en cause le Pacte de Carthage et une tentative de se d\u00e9faire des engagements qu\u2019il contient et de sa mise \u00e0 mort !<\/p>\n<p>L\u2019UGTT ajoute que ce remaniement partiel ne repose pas sur une \u00e9valuation objective de la prestation gouvernementale et ne constitue pas une r\u00e9ponse \u00e0 l\u2019impuissance et au blocage v\u00e9cus dans certains minist\u00e8res importants malgr\u00e9 leur lien \u00e9troit avec les int\u00e9r\u00eats des citoyens, et qu\u2019il s\u2019agit d\u2019un remaniement soumis \u00e0 des pactes politiques qui ne respectent ni l\u2019int\u00e9r\u00eat du pays, ni l\u2019efficacit\u00e9 du travail gouvernemental.<\/p>\n<p>Ensuite, le bureau ex\u00e9cutif de l\u2019UGTT consid\u00e8re que la nomination de Khalil Ghariani \u00e0 la t\u00eate du minist\u00e8re de la fonction publique et de la gouvernance est un acte provocateur \u00e0 l\u2019\u00e9gard des agents publics mena\u00e7ant leurs acquis et visant le d\u00e9mant\u00e8lement du service public conform\u00e9ment aux directives le Fonds Mon\u00e9taire International et demande la r\u00e9vision de cette nomination.<\/p>\n<p>Par la suite, le Bureau ex\u00e9cutif de l\u2019UGTT pr\u00e9vient que les objectifs de ce remaniement consistent \u00e0 d\u00e9tourner l\u2019attention des citoyens de la v\u00e9ritable crise que vit le pays et qui cache les tiraillements politiques qui le secouent.<\/p>\n<p>Il vise \u00e0 \u00e9loigner les citoyens des d\u00e9cisions antisociales et impopulaires que le gouvernement compte prendre comme la privatisation des banques publiques, de Tunisair, et de services publics vitaux comme les secteurs de l\u2019eau, de l\u2019\u00e9lectricit\u00e9, de la sant\u00e9, de l\u2019\u00e9ducation et autres.<\/p>\n<p>Les syndicalistes font assumer au gouvernement la responsabilit\u00e9 de ce qui pourrait advenir apr\u00e8s ses d\u00e9cisions unilat\u00e9rales dans ce contexte de crise politique, \u00e9conomique et sociale aigue et au sein d\u2019une \u00e9quipe gouvernementale h\u00e9t\u00e9rog\u00e8ne.<\/p>\n<p>Enfin, le Bureau ex\u00e9cutif appelle les Tunisiens et les syndicalistes \u00e0 la vigilance et \u00e0 la mobilisation pour la d\u00e9fense du pays et de leur centrale syndicale pour faire \u00e9chouer tous les projets qui poussent vers l\u2019anarchie.<\/p>\n<p>Bref, le conflit entre l\u2019UGTT et le gouvernement semble atteindre un seuil intol\u00e9rable et tr\u00e8s dangereux pour la stabilit\u00e9 politique et sociale du pays\u2026<br \/>\nL.L.<\/p>\n","protected":false},"excerpt":{"rendered":"<p>L\u2019UGTT refuse Ghariani et met en garde les citoyens contre les d\u00e9cisions antisociales du gouvernement<\/p>\n","protected":false},"author":3222,"featured_media":326193,"comment_status":"open","ping_status":"closed","sticky":false,"template":"","format":"standard","meta":{"footnotes":""},"categories":[2589],"tags":[],"class_list":["post-178943","post","type-post","status-publish","format-standard","has-post-thumbnail","hentry","category-edito"],"yoast_head":"<!-- This site is optimized with the Yoast SEO Premium plugin v27.5 (Yoast SEO v27.5) - https:\/\/yoast.com\/product\/yoast-seo-premium-wordpress\/ -->\n<title>L\u2019UGTT refuse Ghariani et met en garde les citoyens contre les d\u00e9cisions antisociales du gouvernement<\/title>\n<meta name=\"description\" content=\"L\u2019UGTT refuse Ghariani et met en garde les citoyens contre les d\u00e9cisions antisociales du gouvernement\" \/>\n<link rel=\"canonical\" href=\"https:\/\/www.webdo.tn\/fr\/actualite\/edito\/lugtt-refuse-ghariani-met-garde-citoyens-contre-decisions-antisociales-gouvernement\/178943\/\" \/>\n<meta property=\"og:locale\" content=\"fr_FR\" \/>\n<meta property=\"og:type\" content=\"article\" \/>\n<meta property=\"og:title\" content=\"L\u2019UGTT refuse Ghariani et met en garde les citoyens contre les d\u00e9cisions antisociales du gouvernement\" \/>\n<meta property=\"og:description\" content=\"L\u2019UGTT refuse Ghariani et met en garde les citoyens contre les d\u00e9cisions antisociales du gouvernement\" \/>\n<meta property=\"og:url\" content=\"https:\/\/www.webdo.tn\/fr\/actualite\/edito\/lugtt-refuse-ghariani-met-garde-citoyens-contre-decisions-antisociales-gouvernement\/178943\/\" \/>\n<meta property=\"og:site_name\" content=\"webdo\" \/>\n<meta property=\"article:publisher\" content=\"https:\/\/www.facebook.com\/webdotn\" \/>\n<meta property=\"article:published_time\" content=\"2017-02-26T20:02:00+00:00\" \/>\n<meta property=\"article:modified_time\" content=\"2025-05-22T12:36:40+00:00\" \/>\n<meta property=\"og:image\" content=\"https:\/\/www.webdo.tn\/fr\/wp-content\/uploads\/2017\/02\/ugtt.jpg\" \/>\n\t<meta property=\"og:image:width\" content=\"606\" \/>\n\t<meta property=\"og:image:height\" content=\"401\" \/>\n\t<meta property=\"og:image:type\" content=\"image\/jpeg\" \/>\n<meta name=\"author\" content=\"webdo.tn\" \/>\n<meta name=\"twitter:card\" content=\"summary_large_image\" \/>\n<meta name=\"twitter:creator\" content=\"@webdo_tn\" \/>\n<meta name=\"twitter:site\" content=\"@webdo_tn\" \/>\n<meta name=\"twitter:label1\" content=\"\u00c9crit par\" \/>\n\t<meta name=\"twitter:data1\" content=\"webdo.tn\" \/>\n\t<meta name=\"twitter:label2\" content=\"Dur\u00e9e de lecture estim\u00e9e\" \/>\n\t<meta name=\"twitter:data2\" content=\"3 minutes\" \/>\n<script type=\"application\/ld+json\" class=\"yoast-schema-graph\">{\"@context\":\"https:\\\/\\\/schema.org\",\"@graph\":[{\"@type\":\"NewsArticle\",\"@id\":\"https:\\\/\\\/www.webdo.tn\\\/fr\\\/actualite\\\/edito\\\/lugtt-refuse-ghariani-met-garde-citoyens-contre-decisions-antisociales-gouvernement\\\/178943\\\/#article\",\"isPartOf\":{\"@id\":\"https:\\\/\\\/www.webdo.tn\\\/fr\\\/actualite\\\/edito\\\/lugtt-refuse-ghariani-met-garde-citoyens-contre-decisions-antisociales-gouvernement\\\/178943\\\/\"},\"author\":{\"name\":\"webdo.tn\",\"@id\":\"https:\\\/\\\/www.webdo.tn\\\/fr\\\/#\\\/schema\\\/person\\\/9a9c6118d687c117df8ef3cc36a4d175\"},\"headline\":\"L\u2019UGTT refuse Ghariani et met en garde les citoyens contre les d\u00e9cisions antisociales du gouvernement\",\"datePublished\":\"2017-02-26T20:02:00+00:00\",\"dateModified\":\"2025-05-22T12:36:40+00:00\",\"mainEntityOfPage\":{\"@id\":\"https:\\\/\\\/www.webdo.tn\\\/fr\\\/actualite\\\/edito\\\/lugtt-refuse-ghariani-met-garde-citoyens-contre-decisions-antisociales-gouvernement\\\/178943\\\/\"},\"wordCount\":551,\"commentCount\":0,\"publisher\":{\"@id\":\"https:\\\/\\\/www.webdo.tn\\\/fr\\\/#organization\"},\"image\":{\"@id\":\"https:\\\/\\\/www.webdo.tn\\\/fr\\\/actualite\\\/edito\\\/lugtt-refuse-ghariani-met-garde-citoyens-contre-decisions-antisociales-gouvernement\\\/178943\\\/#primaryimage\"},\"thumbnailUrl\":\"https:\\\/\\\/www.webdo.tn\\\/fr\\\/wp-content\\\/uploads\\\/2017\\\/02\\\/ugtt.jpg\",\"articleSection\":[\"Edito\"],\"inLanguage\":\"fr-FR\"},{\"@type\":\"WebPage\",\"@id\":\"https:\\\/\\\/www.webdo.tn\\\/fr\\\/actualite\\\/edito\\\/lugtt-refuse-ghariani-met-garde-citoyens-contre-decisions-antisociales-gouvernement\\\/178943\\\/\",\"url\":\"https:\\\/\\\/www.webdo.tn\\\/fr\\\/actualite\\\/edito\\\/lugtt-refuse-ghariani-met-garde-citoyens-contre-decisions-antisociales-gouvernement\\\/178943\\\/\",\"name\":\"L\u2019UGTT refuse Ghariani et met en garde les citoyens contre les d\u00e9cisions antisociales du gouvernement\",\"isPartOf\":{\"@id\":\"https:\\\/\\\/www.webdo.tn\\\/fr\\\/#website\"},\"primaryImageOfPage\":{\"@id\":\"https:\\\/\\\/www.webdo.tn\\\/fr\\\/actualite\\\/edito\\\/lugtt-refuse-ghariani-met-garde-citoyens-contre-decisions-antisociales-gouvernement\\\/178943\\\/#primaryimage\"},\"image\":{\"@id\":\"https:\\\/\\\/www.webdo.tn\\\/fr\\\/actualite\\\/edito\\\/lugtt-refuse-ghariani-met-garde-citoyens-contre-decisions-antisociales-gouvernement\\\/178943\\\/#primaryimage\"},\"thumbnailUrl\":\"https:\\\/\\\/www.webdo.tn\\\/fr\\\/wp-content\\\/uploads\\\/2017\\\/02\\\/ugtt.jpg\",\"datePublished\":\"2017-02-26T20:02:00+00:00\",\"dateModified\":\"2025-05-22T12:36:40+00:00\",\"description\":\"L\u2019UGTT refuse Ghariani et met en garde les citoyens contre les d\u00e9cisions antisociales du gouvernement\",\"breadcrumb\":{\"@id\":\"https:\\\/\\\/www.webdo.tn\\\/fr\\\/actualite\\\/edito\\\/lugtt-refuse-ghariani-met-garde-citoyens-contre-decisions-antisociales-gouvernement\\\/178943\\\/#breadcrumb\"},\"inLanguage\":\"fr-FR\",\"potentialAction\":[{\"@type\":\"ReadAction\",\"target\":[\"https:\\\/\\\/www.webdo.tn\\\/fr\\\/actualite\\\/edito\\\/lugtt-refuse-ghariani-met-garde-citoyens-contre-decisions-antisociales-gouvernement\\\/178943\\\/\"]}]},{\"@type\":\"ImageObject\",\"inLanguage\":\"fr-FR\",\"@id\":\"https:\\\/\\\/www.webdo.tn\\\/fr\\\/actualite\\\/edito\\\/lugtt-refuse-ghariani-met-garde-citoyens-contre-decisions-antisociales-gouvernement\\\/178943\\\/#primaryimage\",\"url\":\"https:\\\/\\\/www.webdo.tn\\\/fr\\\/wp-content\\\/uploads\\\/2017\\\/02\\\/ugtt.jpg\",\"contentUrl\":\"https:\\\/\\\/www.webdo.tn\\\/fr\\\/wp-content\\\/uploads\\\/2017\\\/02\\\/ugtt.jpg\",\"width\":606,\"height\":401,\"caption\":\"L\u2019UGTT refuse Ghariani et met en garde les citoyens contre les d\u00e9cisions antisociales du gouvernement\"},{\"@type\":\"BreadcrumbList\",\"@id\":\"https:\\\/\\\/www.webdo.tn\\\/fr\\\/actualite\\\/edito\\\/lugtt-refuse-ghariani-met-garde-citoyens-contre-decisions-antisociales-gouvernement\\\/178943\\\/#breadcrumb\",\"itemListElement\":[{\"@type\":\"ListItem\",\"position\":1,\"name\":\"Accueil\",\"item\":\"https:\\\/\\\/www.webdo.tn\\\/fr\\\/\"},{\"@type\":\"ListItem\",\"position\":2,\"name\":\"L\u2019UGTT refuse Ghariani et met en garde les citoyens contre les d\u00e9cisions antisociales du gouvernement\"}]},{\"@type\":\"WebSite\",\"@id\":\"https:\\\/\\\/www.webdo.tn\\\/fr\\\/#website\",\"url\":\"https:\\\/\\\/www.webdo.tn\\\/fr\\\/\",\"name\":\"webdo\",\"description\":\"Tunisie - News en Tunisie et \u00e0 l&#039;international sur Webdo.tn\",\"publisher\":{\"@id\":\"https:\\\/\\\/www.webdo.tn\\\/fr\\\/#organization\"},\"potentialAction\":[{\"@type\":\"SearchAction\",\"target\":{\"@type\":\"EntryPoint\",\"urlTemplate\":\"https:\\\/\\\/www.webdo.tn\\\/fr\\\/?s={search_term_string}\"},\"query-input\":{\"@type\":\"PropertyValueSpecification\",\"valueRequired\":true,\"valueName\":\"search_term_string\"}}],\"inLanguage\":\"fr-FR\"},{\"@type\":\"Organization\",\"@id\":\"https:\\\/\\\/www.webdo.tn\\\/fr\\\/#organization\",\"name\":\"Webdo\",\"alternateName\":\"Webdo.tn\",\"url\":\"https:\\\/\\\/www.webdo.tn\\\/fr\\\/\",\"logo\":{\"@type\":\"ImageObject\",\"inLanguage\":\"fr-FR\",\"@id\":\"https:\\\/\\\/www.webdo.tn\\\/fr\\\/#\\\/schema\\\/logo\\\/image\\\/\",\"url\":\"https:\\\/\\\/www.webdo.tn\\\/fr\\\/wp-content\\\/uploads\\\/2025\\\/06\\\/Webdo-Tunisie_168377.jpg\",\"contentUrl\":\"https:\\\/\\\/www.webdo.tn\\\/fr\\\/wp-content\\\/uploads\\\/2025\\\/06\\\/Webdo-Tunisie_168377.jpg\",\"width\":301,\"height\":301,\"caption\":\"Webdo\"},\"image\":{\"@id\":\"https:\\\/\\\/www.webdo.tn\\\/fr\\\/#\\\/schema\\\/logo\\\/image\\\/\"},\"sameAs\":[\"https:\\\/\\\/www.facebook.com\\\/webdotn\",\"https:\\\/\\\/x.com\\\/webdo_tn\"],\"description\":\"Webdo est un m\u00e9dia num\u00e9rique tunisien fond\u00e9 en 2010, sp\u00e9cialis\u00e9 dans l\u2019actualit\u00e9 nationale et internationale, l\u2019\u00e9conomie, la soci\u00e9t\u00e9 et les analyses politiques. Le site s\u2019adresse \u00e0 un large public francophone et couvre l\u2019information tunisienne en temps r\u00e9el.\",\"email\":\"redac@webdo.tn\",\"legalName\":\"YNJ SARL\",\"foundingDate\":\"2010-09-06\",\"numberOfEmployees\":{\"@type\":\"QuantitativeValue\",\"minValue\":\"11\",\"maxValue\":\"50\"}},{\"@type\":\"Person\",\"@id\":\"https:\\\/\\\/www.webdo.tn\\\/fr\\\/#\\\/schema\\\/person\\\/9a9c6118d687c117df8ef3cc36a4d175\",\"name\":\"webdo.tn\",\"image\":{\"@type\":\"ImageObject\",\"inLanguage\":\"fr-FR\",\"@id\":\"https:\\\/\\\/secure.gravatar.com\\\/avatar\\\/7ce1f28c0c3bbac99ff550b85ef8e44a6950c6ee24514fb6a5489e51d06f0298?s=96&d=mm&r=g\",\"url\":\"https:\\\/\\\/secure.gravatar.com\\\/avatar\\\/7ce1f28c0c3bbac99ff550b85ef8e44a6950c6ee24514fb6a5489e51d06f0298?s=96&d=mm&r=g\",\"contentUrl\":\"https:\\\/\\\/secure.gravatar.com\\\/avatar\\\/7ce1f28c0c3bbac99ff550b85ef8e44a6950c6ee24514fb6a5489e51d06f0298?s=96&d=mm&r=g\",\"caption\":\"webdo.tn\"},\"url\":\"https:\\\/\\\/www.webdo.tn\\\/fr\\\/actualite\\\/author\\\/webdotn\\\/\"}]}<\/script>\n<!-- \/ Yoast SEO Premium plugin. -->","yoast_head_json":{"title":"L\u2019UGTT refuse Ghariani et met en garde les citoyens contre les d\u00e9cisions antisociales du gouvernement","description":"L\u2019UGTT refuse Ghariani et met en garde les citoyens contre les d\u00e9cisions antisociales du gouvernement","canonical":"https:\/\/www.webdo.tn\/fr\/actualite\/edito\/lugtt-refuse-ghariani-met-garde-citoyens-contre-decisions-antisociales-gouvernement\/178943\/","og_locale":"fr_FR","og_type":"article","og_title":"L\u2019UGTT refuse Ghariani et met en garde les citoyens contre les d\u00e9cisions antisociales du gouvernement","og_description":"L\u2019UGTT refuse Ghariani et met en garde les citoyens contre les d\u00e9cisions antisociales du gouvernement","og_url":"https:\/\/www.webdo.tn\/fr\/actualite\/edito\/lugtt-refuse-ghariani-met-garde-citoyens-contre-decisions-antisociales-gouvernement\/178943\/","og_site_name":"webdo","article_publisher":"https:\/\/www.facebook.com\/webdotn","article_published_time":"2017-02-26T20:02:00+00:00","article_modified_time":"2025-05-22T12:36:40+00:00","og_image":[{"width":606,"height":401,"url":"https:\/\/www.webdo.tn\/fr\/wp-content\/uploads\/2017\/02\/ugtt.jpg","type":"image\/jpeg"}],"author":"webdo.tn","twitter_card":"summary_large_image","twitter_creator":"@webdo_tn","twitter_site":"@webdo_tn","twitter_misc":{"\u00c9crit par":"webdo.tn","Dur\u00e9e de lecture estim\u00e9e":"3 minutes"},"schema":{"@context":"https:\/\/schema.org","@graph":[{"@type":"NewsArticle","@id":"https:\/\/www.webdo.tn\/fr\/actualite\/edito\/lugtt-refuse-ghariani-met-garde-citoyens-contre-decisions-antisociales-gouvernement\/178943\/#article","isPartOf":{"@id":"https:\/\/www.webdo.tn\/fr\/actualite\/edito\/lugtt-refuse-ghariani-met-garde-citoyens-contre-decisions-antisociales-gouvernement\/178943\/"},"author":{"name":"webdo.tn","@id":"https:\/\/www.webdo.tn\/fr\/#\/schema\/person\/9a9c6118d687c117df8ef3cc36a4d175"},"headline":"L\u2019UGTT refuse Ghariani et met en garde les citoyens contre les d\u00e9cisions antisociales du gouvernement","datePublished":"2017-02-26T20:02:00+00:00","dateModified":"2025-05-22T12:36:40+00:00","mainEntityOfPage":{"@id":"https:\/\/www.webdo.tn\/fr\/actualite\/edito\/lugtt-refuse-ghariani-met-garde-citoyens-contre-decisions-antisociales-gouvernement\/178943\/"},"wordCount":551,"commentCount":0,"publisher":{"@id":"https:\/\/www.webdo.tn\/fr\/#organization"},"image":{"@id":"https:\/\/www.webdo.tn\/fr\/actualite\/edito\/lugtt-refuse-ghariani-met-garde-citoyens-contre-decisions-antisociales-gouvernement\/178943\/#primaryimage"},"thumbnailUrl":"https:\/\/www.webdo.tn\/fr\/wp-content\/uploads\/2017\/02\/ugtt.jpg","articleSection":["Edito"],"inLanguage":"fr-FR"},{"@type":"WebPage","@id":"https:\/\/www.webdo.tn\/fr\/actualite\/edito\/lugtt-refuse-ghariani-met-garde-citoyens-contre-decisions-antisociales-gouvernement\/178943\/","url":"https:\/\/www.webdo.tn\/fr\/actualite\/edito\/lugtt-refuse-ghariani-met-garde-citoyens-contre-decisions-antisociales-gouvernement\/178943\/","name":"L\u2019UGTT refuse Ghariani et met en garde les citoyens contre les d\u00e9cisions antisociales du gouvernement","isPartOf":{"@id":"https:\/\/www.webdo.tn\/fr\/#website"},"primaryImageOfPage":{"@id":"https:\/\/www.webdo.tn\/fr\/actualite\/edito\/lugtt-refuse-ghariani-met-garde-citoyens-contre-decisions-antisociales-gouvernement\/178943\/#primaryimage"},"image":{"@id":"https:\/\/www.webdo.tn\/fr\/actualite\/edito\/lugtt-refuse-ghariani-met-garde-citoyens-contre-decisions-antisociales-gouvernement\/178943\/#primaryimage"},"thumbnailUrl":"https:\/\/www.webdo.tn\/fr\/wp-content\/uploads\/2017\/02\/ugtt.jpg","datePublished":"2017-02-26T20:02:00+00:00","dateModified":"2025-05-22T12:36:40+00:00","description":"L\u2019UGTT refuse Ghariani et met en garde les citoyens contre les d\u00e9cisions antisociales du gouvernement","breadcrumb":{"@id":"https:\/\/www.webdo.tn\/fr\/actualite\/edito\/lugtt-refuse-ghariani-met-garde-citoyens-contre-decisions-antisociales-gouvernement\/178943\/#breadcrumb"},"inLanguage":"fr-FR","potentialAction":[{"@type":"ReadAction","target":["https:\/\/www.webdo.tn\/fr\/actualite\/edito\/lugtt-refuse-ghariani-met-garde-citoyens-contre-decisions-antisociales-gouvernement\/178943\/"]}]},{"@type":"ImageObject","inLanguage":"fr-FR","@id":"https:\/\/www.webdo.tn\/fr\/actualite\/edito\/lugtt-refuse-ghariani-met-garde-citoyens-contre-decisions-antisociales-gouvernement\/178943\/#primaryimage","url":"https:\/\/www.webdo.tn\/fr\/wp-content\/uploads\/2017\/02\/ugtt.jpg","contentUrl":"https:\/\/www.webdo.tn\/fr\/wp-content\/uploads\/2017\/02\/ugtt.jpg","width":606,"height":401,"caption":"L\u2019UGTT refuse Ghariani et met en garde les citoyens contre les d\u00e9cisions antisociales du gouvernement"},{"@type":"BreadcrumbList","@id":"https:\/\/www.webdo.tn\/fr\/actualite\/edito\/lugtt-refuse-ghariani-met-garde-citoyens-contre-decisions-antisociales-gouvernement\/178943\/#breadcrumb","itemListElement":[{"@type":"ListItem","position":1,"name":"Accueil","item":"https:\/\/www.webdo.tn\/fr\/"},{"@type":"ListItem","position":2,"name":"L\u2019UGTT refuse Ghariani et met en garde les citoyens contre les d\u00e9cisions antisociales du gouvernement"}]},{"@type":"WebSite","@id":"https:\/\/www.webdo.tn\/fr\/#website","url":"https:\/\/www.webdo.tn\/fr\/","name":"webdo","description":"Tunisie - News en Tunisie et \u00e0 l&#039;international sur Webdo.tn","publisher":{"@id":"https:\/\/www.webdo.tn\/fr\/#organization"},"potentialAction":[{"@type":"SearchAction","target":{"@type":"EntryPoint","urlTemplate":"https:\/\/www.webdo.tn\/fr\/?s={search_term_string}"},"query-input":{"@type":"PropertyValueSpecification","valueRequired":true,"valueName":"search_term_string"}}],"inLanguage":"fr-FR"},{"@type":"Organization","@id":"https:\/\/www.webdo.tn\/fr\/#organization","name":"Webdo","alternateName":"Webdo.tn","url":"https:\/\/www.webdo.tn\/fr\/","logo":{"@type":"ImageObject","inLanguage":"fr-FR","@id":"https:\/\/www.webdo.tn\/fr\/#\/schema\/logo\/image\/","url":"https:\/\/www.webdo.tn\/fr\/wp-content\/uploads\/2025\/06\/Webdo-Tunisie_168377.jpg","contentUrl":"https:\/\/www.webdo.tn\/fr\/wp-content\/uploads\/2025\/06\/Webdo-Tunisie_168377.jpg","width":301,"height":301,"caption":"Webdo"},"image":{"@id":"https:\/\/www.webdo.tn\/fr\/#\/schema\/logo\/image\/"},"sameAs":["https:\/\/www.facebook.com\/webdotn","https:\/\/x.com\/webdo_tn"],"description":"Webdo est un m\u00e9dia num\u00e9rique tunisien fond\u00e9 en 2010, sp\u00e9cialis\u00e9 dans l\u2019actualit\u00e9 nationale et internationale, l\u2019\u00e9conomie, la soci\u00e9t\u00e9 et les analyses politiques. Le site s\u2019adresse \u00e0 un large public francophone et couvre l\u2019information tunisienne en temps r\u00e9el.","email":"redac@webdo.tn","legalName":"YNJ SARL","foundingDate":"2010-09-06","numberOfEmployees":{"@type":"QuantitativeValue","minValue":"11","maxValue":"50"}},{"@type":"Person","@id":"https:\/\/www.webdo.tn\/fr\/#\/schema\/person\/9a9c6118d687c117df8ef3cc36a4d175","name":"webdo.tn","image":{"@type":"ImageObject","inLanguage":"fr-FR","@id":"https:\/\/secure.gravatar.com\/avatar\/7ce1f28c0c3bbac99ff550b85ef8e44a6950c6ee24514fb6a5489e51d06f0298?s=96&d=mm&r=g","url":"https:\/\/secure.gravatar.com\/avatar\/7ce1f28c0c3bbac99ff550b85ef8e44a6950c6ee24514fb6a5489e51d06f0298?s=96&d=mm&r=g","contentUrl":"https:\/\/secure.gravatar.com\/avatar\/7ce1f28c0c3bbac99ff550b85ef8e44a6950c6ee24514fb6a5489e51d06f0298?s=96&d=mm&r=g","caption":"webdo.tn"},"url":"https:\/\/www.webdo.tn\/fr\/actualite\/author\/webdotn\/"}]}},"_links":{"self":[{"href":"https:\/\/www.webdo.tn\/fr\/wp-json\/wp\/v2\/posts\/178943","targetHints":{"allow":["GET"]}}],"collection":[{"href":"https:\/\/www.webdo.tn\/fr\/wp-json\/wp\/v2\/posts"}],"about":[{"href":"https:\/\/www.webdo.tn\/fr\/wp-json\/wp\/v2\/types\/post"}],"author":[{"embeddable":true,"href":"https:\/\/www.webdo.tn\/fr\/wp-json\/wp\/v2\/users\/3222"}],"replies":[{"embeddable":true,"href":"https:\/\/www.webdo.tn\/fr\/wp-json\/wp\/v2\/comments?post=178943"}],"version-history":[{"count":0,"href":"https:\/\/www.webdo.tn\/fr\/wp-json\/wp\/v2\/posts\/178943\/revisions"}],"wp:featuredmedia":[{"embeddable":true,"href":"https:\/\/www.webdo.tn\/fr\/wp-json\/wp\/v2\/media\/326193"}],"wp:attachment":[{"href":"https:\/\/www.webdo.tn\/fr\/wp-json\/wp\/v2\/media?parent=178943"}],"wp:term":[{"taxonomy":"category","embeddable":true,"href":"https:\/\/www.webdo.tn\/fr\/wp-json\/wp\/v2\/categories?post=178943"},{"taxonomy":"post_tag","embeddable":true,"href":"https:\/\/www.webdo.tn\/fr\/wp-json\/wp\/v2\/tags?post=178943"}],"curies":[{"name":"wp","href":"https:\/\/api.w.org\/{rel}","templated":true}]}}