{"id":178942,"date":"2017-03-03T10:31:00","date_gmt":"2017-03-03T09:31:00","guid":{"rendered":"https:\/\/www.webdo.tn\/fr\/actualite\/edito\/arabes-avaient-compris-discours-de-bourguiba-a-jerichoun-certain-3-mars-1965\/178942"},"modified":"2017-03-03T10:31:00","modified_gmt":"2017-03-03T09:31:00","slug":"arabes-avaient-compris-discours-de-bourguiba-a-jerichoun-certain-3-mars-1965","status":"publish","type":"post","link":"https:\/\/www.webdo.tn\/fr\/actualite\/edito\/arabes-avaient-compris-discours-de-bourguiba-a-jerichoun-certain-3-mars-1965\/178942\/","title":{"rendered":"Et si les Arabes avaient compris le discours de Bourguiba \u00e0 J\u00e9richo\u2026un certain 3 mars 1965 !"},"content":{"rendered":"<p>Le 3 mars 1965, le pr\u00e9sident Habib Bourguiba s\u2019est adress\u00e9 aux r\u00e9fugi\u00e9s palestiniens du camp de J\u00e9richo (Ariha) pour leur livrer un discours porteur \u00e0 la fois d\u2019un projet et d\u2019un diagnostic rationnel de la trag\u00e9die qui est la leur depuis la d\u00e9route humiliante des troupes arabes face \u00e0 l\u2019ennemi sioniste en 1948.<\/p>\n<p>Encore meurtris dans leur chair et leur esprit, les r\u00e9fugi\u00e9s palestiniens de J\u00e9richo \u00e9coutaient attentivement pour la premi\u00e8re fois, peut-\u00eatre, un chef d\u2019Etat arabe qui leur a ouvert son c\u0153ur et livr\u00e9 le fond de sa pens\u00e9e sur la question palestinienne sans complexe ni appr\u00e9hension.<\/p>\n<p>Le discours de J\u00e9richo n\u2019\u00e9tait, d\u2019ailleurs, ni enflamm\u00e9 ni grandiloquent, mais plut\u00f4t concis et surtout bien raisonn\u00e9. Il avait tr\u00e8s vite pris les allures d\u2019un conseil fraternel d\u2019une honn\u00eatet\u00e9 rarement trouv\u00e9e chez les chefs d\u2019Etat arabes de l\u2019\u00e9poque.<\/p>\n<p>Au cours de son discours, Bourguiba a exhort\u00e9 les Arabes d\u2019emprunter la voie du compromis et d\u2019accepter la proposition des Nations Unis en vertu de laquelle la Palestine historique aurait d\u00fb \u00eatre divis\u00e9e en deux Etats voisins arabe et juif pour pr\u00e9server la paix au Moyen-Orient.<\/p>\n<p>Selon le livre blanc, symbole de la proposition onusienne de l\u2019\u00e9poque, la part qui revenait aux tenants originels de la terre, les Palestiniens, \u00e9tait \u00e0 peu pr\u00e8s la moiti\u00e9. Quant \u00e0 l\u2019autre moiti\u00e9, elle \u00e9tait r\u00e9serv\u00e9e \u00e0 ceux qui voudraient s\u2019y installer parmi les juifs du monde entier.<\/p>\n<p>Fid\u00e8le \u00e0 sa \u00ab politique des \u00e9tapes \u00bb, Bourguiba conseillait, alors, aux Arabes d\u2019accepter les mi- solutions \u00e9labor\u00e9es par les Nations Unis, quelque peu injuste soient elles aux yeux du peuple.<\/p>\n<p>Selon Bourguiba, les Arabes devraient intelligemment accepter tout morceau de terre qu\u2019on leur proposait d\u2019autant plus qu\u2019ils n\u2019\u00e9taient pas en position de force pour imposer quoi que ce soit \u00e0 leur ennemi, malheureusement, beaucoup mieux loti sur le plan diplomatique et militaire.<\/p>\n<p>Fort de sa longue exp\u00e9rience dans la lutte anticolonialiste, Bourguiba pesait ses mots avec assurance \u00e0 J\u00e9richo et pr\u00e9sentait ses pens\u00e9es visionnaires dans un style th\u00e9\u00e2tral qui est le sien. Pour lui, la lib\u00e9ration totale des terres occup\u00e9es \u00e9tait con\u00e7ue comme \u00e9tant une \u00e9tape bien avanc\u00e9e dans la lutte et que le bon moment n\u2019\u00e9tait pas encore arriv\u00e9 pour s\u2019y lancer.<\/p>\n<p>Ayant guid\u00e9 la Tunisie vers l\u2019ind\u00e9pendance compl\u00e8te en 1956, Bourguiba avait certainement l\u2019autorit\u00e9 morale n\u00e9cessaire pour que les Palestiniens l\u2019\u00e9coutent attentivement, surtout qu\u2019il avait r\u00e9ussi, justement gr\u00e2ce \u00e0 sa \u00ab politique des \u00e9tapes \u00bb, \u00e0 bouter hors de la Tunisie le tout dernier soldat fran\u00e7ais le 15 octobre 1963, un peu moins de deux ans avant le discours de J\u00e9richo.<br \/>\nLes \u00e9chos du discours de J\u00e9richoEtant \u00e0 l\u2019antipode de la vision guerri\u00e8re de Nasser, le discours de Bourguiba \u00e9tait repr\u00e9sent\u00e9 par les m\u00e9dias \u00e9gyptiens comme la trahison la plus abjecte de la cause palestinienne.<\/p>\n<p>Le malentendu provenait, peut-\u00eatre, du fait que les Arabes n\u2019avaient encaiss\u00e9 jusque-l\u00e0 qu\u2019une seule d\u00e9faite face \u00e0 leur ennemi sioniste, celle de 1948.<\/p>\n<p>L\u2019exp\u00e9dition tripartite de 1956 contre l\u2019Egypte en est une autre. Mais celle-ci \u00e9tait plut\u00f4t con\u00e7ue comme une victoire politique, car, avec un soutien am\u00e9ricain manifeste, elle a \u00e9t\u00e9 sold\u00e9e par la nationalisation du canal de Suez, et ce, contre la volont\u00e9 des Britanniques, Fran\u00e7ais et Isra\u00e9liens.<\/p>\n<p>Si l\u2019on se tient \u00e0 l\u2019esprit de l\u2019\u00e9poque, il convient alors de dire que la d\u00e9termination de Gamal Abdel Nasser et l\u2019enthousiasme populaire ambiant avaient de quoi entretenir un brin d\u2019espoir chez les palestiniens. Une sorte d\u2019euphorie populaire portait, alors, les esprits \u00e0 penser, non sans na\u00efvet\u00e9, que la victoire militaire \u00e9tait possible et que les arm\u00e9es arabes sauront, t\u00f4t ou tard, bouter les colons hors de la Palestine.<\/p>\n<p>D\u2019ailleurs, Gamal Abdel Nasser ne cachait pas son r\u00eave de devenir pour le monde Arabe ce qu\u2019\u00e9tait Simone Bolivar pour l\u2019Am\u00e9rique latine : \u00ab El Libertador \u00bb. Il s\u2019est arrog\u00e9 le r\u00f4le du commandant supr\u00eame de la \u00ab nation Arabe \u00bb qui, selon Nasser, ne saura retrouver sa gloire qu\u2019apr\u00e8s la lib\u00e9ration de toute la Palestine.<\/p>\n<p>Gamal Abdel Nasser prenait \u00e0 c\u0153ur la pr\u00e9paration de ses troupes pour l\u2019in\u00e9luctable guerre de lib\u00e9ration. Ses discours ne cessaient de galvaniser les foules devenues assoiff\u00e9es d\u2019une victoire militaire r\u00e9tablissant le peuple palestinien dans ses droits et sa dignit\u00e9.<\/p>\n<p>Voil\u00e0, en quelques mots, \u00e0 quoi ressemblait l\u2019\u00e9tat d\u2019esprit de ces foules qui \u00e9taient venues tendre l\u2019oreille \u00e0 qui leur parlait de paix et de compromis \u00e0 J\u00e9richo le 3 mars 1965.<\/p>\n<p>Pourfendu par les m\u00e9dias \u00e9gyptiens alors arrim\u00e9s au nass\u00e9risme rampant de l\u2019\u00e9poque, le discours de J\u00e9richo \u00e9tait malheureusement repr\u00e9sent\u00e9 tout au mieux comme un cri de d\u00e9sespoir et au pire comme un acte de trahison.<\/p>\n<p>Les propos de Bourguiba ont suscit\u00e9, alors, le courroux du monde Arabe pour mettre en jeu sa propre r\u00e9putation et sa popularit\u00e9. Ayant eu mauvaise presse, le discours de J\u00e9richo a m\u00eame amen\u00e9 les foules \u00e9gyptiennes furieuses vers l\u2019ambassade tunisienne du Caire qu\u2019ils \u00e9taient \u00e0 deux doigts d\u2019incendier.<\/p>\n<p>Ayant obtenu le feu vert de Nasser, la fameuse radio \u00e9gyptienne \u00e0 diffusion internationale \u00ab la voix des Arabes \u00bb ou \u00ab Sawt al arab \u00bb s\u2019acharnait sur la personne de Bourguiba en l\u2019accusant de tous les maux. On a m\u00eame \u00e9cout\u00e9 Gamal Abdel Nasser, pas mal de fois, traiter Bourguiba de fou et de traitre, creusant ainsi le foss\u00e9 qui les s\u00e9parait d\u00e9j\u00e0.<br \/>\nLe tournant de la guerre des six jours<br \/>\nDeux ans apr\u00e8s le discours de J\u00e9richo \u00e9clata la guerre des Six Jours, lundi 5 juin 1967, opposant l\u2019entit\u00e9 sioniste \u00e0 l\u2019Egypte, la Syrie et la Jordanie.<\/p>\n<p>Quoique courte et furtive, cette guerre aura chang\u00e9 la g\u00e9opolitique de la r\u00e9gion \u00e0 jamais et donn\u00e9 raison \u00e0 Bourguiba au prix d\u2019une d\u00e9faite dont les Arabes ne se sont toujours pas remis.<\/p>\n<p>Sous pr\u00e9texte du blocus du d\u00e9troit de Tiran \u00e0 ses navires, Isra\u00ebl a pris d\u2019assaut les pays arabes limitrophes pour d\u00e9truire la moiti\u00e9 de leur aviation avant la fin de la premi\u00e8re journ\u00e9e de guerre. Au bout de six jours, le sort des \u00c9gyptiens, Syriens et Jordaniens aura \u00e9t\u00e9 scell\u00e9 sur une d\u00e9faite spectaculaire.<\/p>\n<p>Vaincu sur tous les fronts, les Arabes se sont vu priv\u00e9s, d\u2019un seul coup, de la p\u00e9ninsule du Sina\u00ef, la bande de Gaza, le plateau du Golan et la Cisjordanie.<\/p>\n<p>Pire encore, \u00e0 cause de cette guerre, la vieille ville d&rsquo;Al Qods s\u2019est trouv\u00e9e, pour la premi\u00e8re fois, sous l\u2019emprise de l\u2019occupation, et depuis, elle sera baptis\u00e9e Al-Qods occup\u00e9 jusqu\u2019au jour d\u2019aujourd\u2019hui.<\/p>\n<p>Plusieurs villes par lesquelles Bourguiba avait, pourtant, pass\u00e9 librement, il y a deux ans, lors de sa tourn\u00e9e au Moyen-Orient sont tomb\u00e9es, l\u2019une apr\u00e8s l\u2019autre, sous le joug de l\u2019occupation.<br \/>\nL\u2019empreinte du Bourguibisme dans le processus de paix<br \/>\nCe n\u2019est qu\u2019apr\u00e8s avoir \u00e9t\u00e9 \u00e9ject\u00e9 de Beyrouth en 1982 que l\u2019organisation de lib\u00e9ration de Palestine (OLP) \u00e9tait tent\u00e9e de prendre langue avec les Isra\u00e9liens pour parvenir \u00e0 une solution n\u00e9goci\u00e9e. C\u2019\u00e9tait, d\u2019ailleurs, \u00e0 Tunis que les leadeurs de l\u2019OLP ont choisi de s\u2019\u00e9tablir apr\u00e8s leur d\u00e9faite militaire \u00e0 Beyrouth.<\/p>\n<p>Le changement de si\u00e8ge \u00e9tait accompagn\u00e9 d\u2019un changement de m\u00e9thode, car, une fois \u00e0 Tunis, Yasser Arafat et son \u00e9quipe ont commenc\u00e9 un cycle de n\u00e9gociations secr\u00e8tes couronn\u00e9 en 1993 par la conclusion des accords d\u2019Oslo.<\/p>\n<p>Un an apr\u00e8s, Yasser Arafat et Ishak Rabin ont sign\u00e9 l\u2019accord J\u00e9richo-Gaza en vertu duquel l\u2019Autorit\u00e9 Nationale Palestinienne (ANP) nouvellement cr\u00e9\u00e9e s\u2019est dot\u00e9e de quelques pouvoirs sur ce qui reste de la Palestine. Cet accord \u00e9tait suivi de celui de Taba de 1995 qui, en plus de la cr\u00e9ation d\u2019un Conseil L\u00e9gislatif Palestinien, visait \u00e0 d\u00e9couper les territoires occup\u00e9es en zones \u00e0 souverainet\u00e9 diff\u00e9renci\u00e9e en attente d\u2019une solution finale au conflit.<\/p>\n<p>R\u00e9prim\u00e9e tant d\u2019ann\u00e9es, la \u00ab politique des \u00e9tapes \u00bb est remont\u00e9e \u00e0 la surface pour permettre au mouvement de lib\u00e9ration nationale de sortir de l\u2019orni\u00e8re.<\/p>\n<p>Apr\u00e8s tant d\u2019ann\u00e9es d\u2019exil en Jordanie, au Liban et en Tunisie, Yasser Arafat a finalement pu litt\u00e9ralement \u00ab mettre les pieds sur terre \u00bb, sur sa terre : la Palestine.<\/p>\n<p>Mahmoud Abbas, bras droit de Yasser Arafat et l\u2019un des architectes des accords d\u2019Oslo, a reconnu que le long s\u00e9jour de l\u2019OLP \u00e0 Tunis a eu un impact ind\u00e9niable sur l\u2019attitude des leaders palestiniens. La politique du \u00ab tout ou rien \u00bb ne fait plus partie de l\u2019agenda de l\u2019OLP et de l\u2019Autorit\u00e9 Nationale Palestinienne.<\/p>\n<p>Sans en avoir l\u2019air, se contenter d\u2019une autonomie relative sur une portion du territoire palestinien \u00e9tait, alors, con\u00e7u comme \u00e9tant une bonne \u00e9tape vers la lib\u00e9ration totale de la terre occup\u00e9e. C\u2019\u00e9tait l\u2019incarnation m\u00eame de la \u00ab politique des \u00e9tapes \u00bb pr\u00each\u00e9e par Bourguiba il y a 52 ans.<br \/>\nLe discours de J\u00e9richo revisit\u00e9 aujourd\u2019hui<br \/>\nA mesure que les ann\u00e9es passent, on se rend compte de que la visite de Bourguiba \u00e0 J\u00e9richo \u00e9tait bien une chance historique manqu\u00e9e.<\/p>\n<p>Si les Arabes avaient compris le discours de Bourguiba \u00e0 J\u00e9richo, ils auraient, peut-\u00eatre, avanc\u00e9 \u00e0 pas de g\u00e9ant dans la r\u00e9solution du conflit isra\u00e9lo-palestinien.<\/p>\n<p>Malgr\u00e9 le clair passage de la logique du \u00ab tout ou rien \u00bb \u00e0 la \u00ab politique des \u00e9tapes \u00bb, les Palestiniens n\u2019arrivent toujours pas \u00e0 changer le rapport de force en leur faveur.<\/p>\n<p>Tant de choses se sont pass\u00e9es entre 1965 et 2017 et font qu\u2019avec le temps la marge de man\u0153uvres des dirigeants palestiniens s\u2019est r\u00e9tr\u00e9cie. Car ce n\u2019est pas tout de prendre les bonnes d\u00e9cisions, encore faut-il les prendre au bon moment.<\/p>\n<p>Avec l\u2019arriv\u00e9e de Donald Trump \u00e0 la Maison Blanche, les choses s\u2019av\u00e8rent, d\u2019ores et d\u00e9j\u00e0, plus compliqu\u00e9es. Plus que jamais, les Palestiniens semblent plonger dans une l\u00e9thargie en m\u00eame temps que l\u2019esp\u00e9rance se dissipe petit \u00e0 petit.<\/p>\n","protected":false},"excerpt":{"rendered":"<p>Le 3 mars 1965, le pr\u00e9sident Habib Bourguiba s\u2019est adress\u00e9 aux r\u00e9fugi\u00e9s palestiniens du camp de J\u00e9richo (Ariha) pour leur livrer un discours porteur<\/p>\n","protected":false},"author":3222,"featured_media":366707,"comment_status":"open","ping_status":"open","sticky":false,"template":"","format":"standard","meta":{"footnotes":""},"categories":[2589],"tags":[],"class_list":["post-178942","post","type-post","status-publish","format-standard","has-post-thumbnail","hentry","category-edito"],"yoast_head":"<!-- This site is optimized with the Yoast SEO Premium plugin v27.5 (Yoast SEO v27.5) - https:\/\/yoast.com\/product\/yoast-seo-premium-wordpress\/ -->\n<title>Et si les Arabes avaient compris le discours de Bourguiba \u00e0 J\u00e9richo\u2026un certain 3 mars 1965 !<\/title>\n<meta name=\"description\" content=\"Et si les Arabes avaient compris le discours de Bourguiba \u00e0 J\u00e9richo\u2026un certain 3 mars 1965 !\" \/>\n<link rel=\"canonical\" href=\"https:\/\/www.webdo.tn\/fr\/actualite\/edito\/arabes-avaient-compris-discours-de-bourguiba-a-jerichoun-certain-3-mars-1965\/178942\/\" \/>\n<meta property=\"og:locale\" content=\"fr_FR\" \/>\n<meta property=\"og:type\" content=\"article\" \/>\n<meta property=\"og:title\" content=\"Et si les Arabes avaient compris le discours de Bourguiba \u00e0 J\u00e9richo\u2026un certain 3 mars 1965 !\" \/>\n<meta property=\"og:description\" content=\"Et si les Arabes avaient compris le discours de Bourguiba \u00e0 J\u00e9richo\u2026un certain 3 mars 1965 !\" \/>\n<meta property=\"og:url\" content=\"https:\/\/www.webdo.tn\/fr\/actualite\/edito\/arabes-avaient-compris-discours-de-bourguiba-a-jerichoun-certain-3-mars-1965\/178942\/\" \/>\n<meta property=\"og:site_name\" content=\"webdo\" \/>\n<meta property=\"article:publisher\" content=\"https:\/\/www.facebook.com\/webdotn\" \/>\n<meta property=\"article:published_time\" content=\"2017-03-03T09:31:00+00:00\" \/>\n<meta property=\"og:image\" content=\"https:\/\/www.webdo.tn\/fr\/wp-content\/uploads\/2025\/06\/142541130717_content_178942.jpg\" \/>\n\t<meta property=\"og:image:width\" content=\"700\" \/>\n\t<meta property=\"og:image:height\" content=\"427\" \/>\n\t<meta property=\"og:image:type\" content=\"image\/jpeg\" \/>\n<meta name=\"author\" content=\"webdo.tn\" \/>\n<meta name=\"twitter:card\" content=\"summary_large_image\" \/>\n<meta name=\"twitter:creator\" content=\"@webdo_tn\" \/>\n<meta name=\"twitter:site\" content=\"@webdo_tn\" \/>\n<meta name=\"twitter:label1\" content=\"\u00c9crit par\" \/>\n\t<meta name=\"twitter:data1\" content=\"webdo.tn\" \/>\n\t<meta name=\"twitter:label2\" content=\"Dur\u00e9e de lecture estim\u00e9e\" \/>\n\t<meta name=\"twitter:data2\" content=\"9 minutes\" \/>\n<script type=\"application\/ld+json\" class=\"yoast-schema-graph\">{\"@context\":\"https:\\\/\\\/schema.org\",\"@graph\":[{\"@type\":\"NewsArticle\",\"@id\":\"https:\\\/\\\/www.webdo.tn\\\/fr\\\/actualite\\\/edito\\\/arabes-avaient-compris-discours-de-bourguiba-a-jerichoun-certain-3-mars-1965\\\/178942\\\/#article\",\"isPartOf\":{\"@id\":\"https:\\\/\\\/www.webdo.tn\\\/fr\\\/actualite\\\/edito\\\/arabes-avaient-compris-discours-de-bourguiba-a-jerichoun-certain-3-mars-1965\\\/178942\\\/\"},\"author\":{\"name\":\"webdo.tn\",\"@id\":\"https:\\\/\\\/www.webdo.tn\\\/fr\\\/#\\\/schema\\\/person\\\/9a9c6118d687c117df8ef3cc36a4d175\"},\"headline\":\"Et si les Arabes avaient compris le discours de Bourguiba \u00e0 J\u00e9richo\u2026un certain 3 mars 1965 !\",\"datePublished\":\"2017-03-03T09:31:00+00:00\",\"mainEntityOfPage\":{\"@id\":\"https:\\\/\\\/www.webdo.tn\\\/fr\\\/actualite\\\/edito\\\/arabes-avaient-compris-discours-de-bourguiba-a-jerichoun-certain-3-mars-1965\\\/178942\\\/\"},\"wordCount\":1778,\"commentCount\":0,\"publisher\":{\"@id\":\"https:\\\/\\\/www.webdo.tn\\\/fr\\\/#organization\"},\"image\":{\"@id\":\"https:\\\/\\\/www.webdo.tn\\\/fr\\\/actualite\\\/edito\\\/arabes-avaient-compris-discours-de-bourguiba-a-jerichoun-certain-3-mars-1965\\\/178942\\\/#primaryimage\"},\"thumbnailUrl\":\"https:\\\/\\\/www.webdo.tn\\\/fr\\\/wp-content\\\/uploads\\\/2025\\\/06\\\/142541130717_content_178942.jpg\",\"articleSection\":[\"Edito\"],\"inLanguage\":\"fr-FR\"},{\"@type\":\"WebPage\",\"@id\":\"https:\\\/\\\/www.webdo.tn\\\/fr\\\/actualite\\\/edito\\\/arabes-avaient-compris-discours-de-bourguiba-a-jerichoun-certain-3-mars-1965\\\/178942\\\/\",\"url\":\"https:\\\/\\\/www.webdo.tn\\\/fr\\\/actualite\\\/edito\\\/arabes-avaient-compris-discours-de-bourguiba-a-jerichoun-certain-3-mars-1965\\\/178942\\\/\",\"name\":\"Et si les Arabes avaient compris le discours de Bourguiba \u00e0 J\u00e9richo\u2026un certain 3 mars 1965 !\",\"isPartOf\":{\"@id\":\"https:\\\/\\\/www.webdo.tn\\\/fr\\\/#website\"},\"primaryImageOfPage\":{\"@id\":\"https:\\\/\\\/www.webdo.tn\\\/fr\\\/actualite\\\/edito\\\/arabes-avaient-compris-discours-de-bourguiba-a-jerichoun-certain-3-mars-1965\\\/178942\\\/#primaryimage\"},\"image\":{\"@id\":\"https:\\\/\\\/www.webdo.tn\\\/fr\\\/actualite\\\/edito\\\/arabes-avaient-compris-discours-de-bourguiba-a-jerichoun-certain-3-mars-1965\\\/178942\\\/#primaryimage\"},\"thumbnailUrl\":\"https:\\\/\\\/www.webdo.tn\\\/fr\\\/wp-content\\\/uploads\\\/2025\\\/06\\\/142541130717_content_178942.jpg\",\"datePublished\":\"2017-03-03T09:31:00+00:00\",\"description\":\"Et si les Arabes avaient compris le discours de Bourguiba \u00e0 J\u00e9richo\u2026un certain 3 mars 1965 !\",\"breadcrumb\":{\"@id\":\"https:\\\/\\\/www.webdo.tn\\\/fr\\\/actualite\\\/edito\\\/arabes-avaient-compris-discours-de-bourguiba-a-jerichoun-certain-3-mars-1965\\\/178942\\\/#breadcrumb\"},\"inLanguage\":\"fr-FR\",\"potentialAction\":[{\"@type\":\"ReadAction\",\"target\":[\"https:\\\/\\\/www.webdo.tn\\\/fr\\\/actualite\\\/edito\\\/arabes-avaient-compris-discours-de-bourguiba-a-jerichoun-certain-3-mars-1965\\\/178942\\\/\"]}]},{\"@type\":\"ImageObject\",\"inLanguage\":\"fr-FR\",\"@id\":\"https:\\\/\\\/www.webdo.tn\\\/fr\\\/actualite\\\/edito\\\/arabes-avaient-compris-discours-de-bourguiba-a-jerichoun-certain-3-mars-1965\\\/178942\\\/#primaryimage\",\"url\":\"https:\\\/\\\/www.webdo.tn\\\/fr\\\/wp-content\\\/uploads\\\/2025\\\/06\\\/142541130717_content_178942.jpg\",\"contentUrl\":\"https:\\\/\\\/www.webdo.tn\\\/fr\\\/wp-content\\\/uploads\\\/2025\\\/06\\\/142541130717_content_178942.jpg\",\"width\":700,\"height\":427,\"caption\":\"Et si les Arabes avaient compris le discours de Bourguiba \u00e0 J\u00e9richo\u2026un certain 3 mars 1965 !\"},{\"@type\":\"BreadcrumbList\",\"@id\":\"https:\\\/\\\/www.webdo.tn\\\/fr\\\/actualite\\\/edito\\\/arabes-avaient-compris-discours-de-bourguiba-a-jerichoun-certain-3-mars-1965\\\/178942\\\/#breadcrumb\",\"itemListElement\":[{\"@type\":\"ListItem\",\"position\":1,\"name\":\"Accueil\",\"item\":\"https:\\\/\\\/www.webdo.tn\\\/fr\\\/\"},{\"@type\":\"ListItem\",\"position\":2,\"name\":\"Et si les Arabes avaient compris le discours de Bourguiba \u00e0 J\u00e9richo\u2026un certain 3 mars 1965 !\"}]},{\"@type\":\"WebSite\",\"@id\":\"https:\\\/\\\/www.webdo.tn\\\/fr\\\/#website\",\"url\":\"https:\\\/\\\/www.webdo.tn\\\/fr\\\/\",\"name\":\"webdo\",\"description\":\"Tunisie - News en Tunisie et \u00e0 l&#039;international sur Webdo.tn\",\"publisher\":{\"@id\":\"https:\\\/\\\/www.webdo.tn\\\/fr\\\/#organization\"},\"potentialAction\":[{\"@type\":\"SearchAction\",\"target\":{\"@type\":\"EntryPoint\",\"urlTemplate\":\"https:\\\/\\\/www.webdo.tn\\\/fr\\\/?s={search_term_string}\"},\"query-input\":{\"@type\":\"PropertyValueSpecification\",\"valueRequired\":true,\"valueName\":\"search_term_string\"}}],\"inLanguage\":\"fr-FR\"},{\"@type\":\"Organization\",\"@id\":\"https:\\\/\\\/www.webdo.tn\\\/fr\\\/#organization\",\"name\":\"Webdo\",\"alternateName\":\"Webdo.tn\",\"url\":\"https:\\\/\\\/www.webdo.tn\\\/fr\\\/\",\"logo\":{\"@type\":\"ImageObject\",\"inLanguage\":\"fr-FR\",\"@id\":\"https:\\\/\\\/www.webdo.tn\\\/fr\\\/#\\\/schema\\\/logo\\\/image\\\/\",\"url\":\"https:\\\/\\\/www.webdo.tn\\\/fr\\\/wp-content\\\/uploads\\\/2025\\\/06\\\/Webdo-Tunisie_168377.jpg\",\"contentUrl\":\"https:\\\/\\\/www.webdo.tn\\\/fr\\\/wp-content\\\/uploads\\\/2025\\\/06\\\/Webdo-Tunisie_168377.jpg\",\"width\":301,\"height\":301,\"caption\":\"Webdo\"},\"image\":{\"@id\":\"https:\\\/\\\/www.webdo.tn\\\/fr\\\/#\\\/schema\\\/logo\\\/image\\\/\"},\"sameAs\":[\"https:\\\/\\\/www.facebook.com\\\/webdotn\",\"https:\\\/\\\/x.com\\\/webdo_tn\"],\"description\":\"Webdo est un m\u00e9dia num\u00e9rique tunisien fond\u00e9 en 2010, sp\u00e9cialis\u00e9 dans l\u2019actualit\u00e9 nationale et internationale, l\u2019\u00e9conomie, la soci\u00e9t\u00e9 et les analyses politiques. Le site s\u2019adresse \u00e0 un large public francophone et couvre l\u2019information tunisienne en temps r\u00e9el.\",\"email\":\"redac@webdo.tn\",\"legalName\":\"YNJ SARL\",\"foundingDate\":\"2010-09-06\",\"numberOfEmployees\":{\"@type\":\"QuantitativeValue\",\"minValue\":\"11\",\"maxValue\":\"50\"}},{\"@type\":\"Person\",\"@id\":\"https:\\\/\\\/www.webdo.tn\\\/fr\\\/#\\\/schema\\\/person\\\/9a9c6118d687c117df8ef3cc36a4d175\",\"name\":\"webdo.tn\",\"image\":{\"@type\":\"ImageObject\",\"inLanguage\":\"fr-FR\",\"@id\":\"https:\\\/\\\/secure.gravatar.com\\\/avatar\\\/7ce1f28c0c3bbac99ff550b85ef8e44a6950c6ee24514fb6a5489e51d06f0298?s=96&d=mm&r=g\",\"url\":\"https:\\\/\\\/secure.gravatar.com\\\/avatar\\\/7ce1f28c0c3bbac99ff550b85ef8e44a6950c6ee24514fb6a5489e51d06f0298?s=96&d=mm&r=g\",\"contentUrl\":\"https:\\\/\\\/secure.gravatar.com\\\/avatar\\\/7ce1f28c0c3bbac99ff550b85ef8e44a6950c6ee24514fb6a5489e51d06f0298?s=96&d=mm&r=g\",\"caption\":\"webdo.tn\"},\"url\":\"https:\\\/\\\/www.webdo.tn\\\/fr\\\/actualite\\\/author\\\/webdotn\\\/\"}]}<\/script>\n<!-- \/ Yoast SEO Premium plugin. -->","yoast_head_json":{"title":"Et si les Arabes avaient compris le discours de Bourguiba \u00e0 J\u00e9richo\u2026un certain 3 mars 1965 !","description":"Et si les Arabes avaient compris le discours de Bourguiba \u00e0 J\u00e9richo\u2026un certain 3 mars 1965 !","canonical":"https:\/\/www.webdo.tn\/fr\/actualite\/edito\/arabes-avaient-compris-discours-de-bourguiba-a-jerichoun-certain-3-mars-1965\/178942\/","og_locale":"fr_FR","og_type":"article","og_title":"Et si les Arabes avaient compris le discours de Bourguiba \u00e0 J\u00e9richo\u2026un certain 3 mars 1965 !","og_description":"Et si les Arabes avaient compris le discours de Bourguiba \u00e0 J\u00e9richo\u2026un certain 3 mars 1965 !","og_url":"https:\/\/www.webdo.tn\/fr\/actualite\/edito\/arabes-avaient-compris-discours-de-bourguiba-a-jerichoun-certain-3-mars-1965\/178942\/","og_site_name":"webdo","article_publisher":"https:\/\/www.facebook.com\/webdotn","article_published_time":"2017-03-03T09:31:00+00:00","og_image":[{"width":700,"height":427,"url":"https:\/\/www.webdo.tn\/fr\/wp-content\/uploads\/2025\/06\/142541130717_content_178942.jpg","type":"image\/jpeg"}],"author":"webdo.tn","twitter_card":"summary_large_image","twitter_creator":"@webdo_tn","twitter_site":"@webdo_tn","twitter_misc":{"\u00c9crit par":"webdo.tn","Dur\u00e9e de lecture estim\u00e9e":"9 minutes"},"schema":{"@context":"https:\/\/schema.org","@graph":[{"@type":"NewsArticle","@id":"https:\/\/www.webdo.tn\/fr\/actualite\/edito\/arabes-avaient-compris-discours-de-bourguiba-a-jerichoun-certain-3-mars-1965\/178942\/#article","isPartOf":{"@id":"https:\/\/www.webdo.tn\/fr\/actualite\/edito\/arabes-avaient-compris-discours-de-bourguiba-a-jerichoun-certain-3-mars-1965\/178942\/"},"author":{"name":"webdo.tn","@id":"https:\/\/www.webdo.tn\/fr\/#\/schema\/person\/9a9c6118d687c117df8ef3cc36a4d175"},"headline":"Et si les Arabes avaient compris le discours de Bourguiba \u00e0 J\u00e9richo\u2026un certain 3 mars 1965 !","datePublished":"2017-03-03T09:31:00+00:00","mainEntityOfPage":{"@id":"https:\/\/www.webdo.tn\/fr\/actualite\/edito\/arabes-avaient-compris-discours-de-bourguiba-a-jerichoun-certain-3-mars-1965\/178942\/"},"wordCount":1778,"commentCount":0,"publisher":{"@id":"https:\/\/www.webdo.tn\/fr\/#organization"},"image":{"@id":"https:\/\/www.webdo.tn\/fr\/actualite\/edito\/arabes-avaient-compris-discours-de-bourguiba-a-jerichoun-certain-3-mars-1965\/178942\/#primaryimage"},"thumbnailUrl":"https:\/\/www.webdo.tn\/fr\/wp-content\/uploads\/2025\/06\/142541130717_content_178942.jpg","articleSection":["Edito"],"inLanguage":"fr-FR"},{"@type":"WebPage","@id":"https:\/\/www.webdo.tn\/fr\/actualite\/edito\/arabes-avaient-compris-discours-de-bourguiba-a-jerichoun-certain-3-mars-1965\/178942\/","url":"https:\/\/www.webdo.tn\/fr\/actualite\/edito\/arabes-avaient-compris-discours-de-bourguiba-a-jerichoun-certain-3-mars-1965\/178942\/","name":"Et si les Arabes avaient compris le discours de Bourguiba \u00e0 J\u00e9richo\u2026un certain 3 mars 1965 !","isPartOf":{"@id":"https:\/\/www.webdo.tn\/fr\/#website"},"primaryImageOfPage":{"@id":"https:\/\/www.webdo.tn\/fr\/actualite\/edito\/arabes-avaient-compris-discours-de-bourguiba-a-jerichoun-certain-3-mars-1965\/178942\/#primaryimage"},"image":{"@id":"https:\/\/www.webdo.tn\/fr\/actualite\/edito\/arabes-avaient-compris-discours-de-bourguiba-a-jerichoun-certain-3-mars-1965\/178942\/#primaryimage"},"thumbnailUrl":"https:\/\/www.webdo.tn\/fr\/wp-content\/uploads\/2025\/06\/142541130717_content_178942.jpg","datePublished":"2017-03-03T09:31:00+00:00","description":"Et si les Arabes avaient compris le discours de Bourguiba \u00e0 J\u00e9richo\u2026un certain 3 mars 1965 !","breadcrumb":{"@id":"https:\/\/www.webdo.tn\/fr\/actualite\/edito\/arabes-avaient-compris-discours-de-bourguiba-a-jerichoun-certain-3-mars-1965\/178942\/#breadcrumb"},"inLanguage":"fr-FR","potentialAction":[{"@type":"ReadAction","target":["https:\/\/www.webdo.tn\/fr\/actualite\/edito\/arabes-avaient-compris-discours-de-bourguiba-a-jerichoun-certain-3-mars-1965\/178942\/"]}]},{"@type":"ImageObject","inLanguage":"fr-FR","@id":"https:\/\/www.webdo.tn\/fr\/actualite\/edito\/arabes-avaient-compris-discours-de-bourguiba-a-jerichoun-certain-3-mars-1965\/178942\/#primaryimage","url":"https:\/\/www.webdo.tn\/fr\/wp-content\/uploads\/2025\/06\/142541130717_content_178942.jpg","contentUrl":"https:\/\/www.webdo.tn\/fr\/wp-content\/uploads\/2025\/06\/142541130717_content_178942.jpg","width":700,"height":427,"caption":"Et si les Arabes avaient compris le discours de Bourguiba \u00e0 J\u00e9richo\u2026un certain 3 mars 1965 !"},{"@type":"BreadcrumbList","@id":"https:\/\/www.webdo.tn\/fr\/actualite\/edito\/arabes-avaient-compris-discours-de-bourguiba-a-jerichoun-certain-3-mars-1965\/178942\/#breadcrumb","itemListElement":[{"@type":"ListItem","position":1,"name":"Accueil","item":"https:\/\/www.webdo.tn\/fr\/"},{"@type":"ListItem","position":2,"name":"Et si les Arabes avaient compris le discours de Bourguiba \u00e0 J\u00e9richo\u2026un certain 3 mars 1965 !"}]},{"@type":"WebSite","@id":"https:\/\/www.webdo.tn\/fr\/#website","url":"https:\/\/www.webdo.tn\/fr\/","name":"webdo","description":"Tunisie - News en Tunisie et \u00e0 l&#039;international sur Webdo.tn","publisher":{"@id":"https:\/\/www.webdo.tn\/fr\/#organization"},"potentialAction":[{"@type":"SearchAction","target":{"@type":"EntryPoint","urlTemplate":"https:\/\/www.webdo.tn\/fr\/?s={search_term_string}"},"query-input":{"@type":"PropertyValueSpecification","valueRequired":true,"valueName":"search_term_string"}}],"inLanguage":"fr-FR"},{"@type":"Organization","@id":"https:\/\/www.webdo.tn\/fr\/#organization","name":"Webdo","alternateName":"Webdo.tn","url":"https:\/\/www.webdo.tn\/fr\/","logo":{"@type":"ImageObject","inLanguage":"fr-FR","@id":"https:\/\/www.webdo.tn\/fr\/#\/schema\/logo\/image\/","url":"https:\/\/www.webdo.tn\/fr\/wp-content\/uploads\/2025\/06\/Webdo-Tunisie_168377.jpg","contentUrl":"https:\/\/www.webdo.tn\/fr\/wp-content\/uploads\/2025\/06\/Webdo-Tunisie_168377.jpg","width":301,"height":301,"caption":"Webdo"},"image":{"@id":"https:\/\/www.webdo.tn\/fr\/#\/schema\/logo\/image\/"},"sameAs":["https:\/\/www.facebook.com\/webdotn","https:\/\/x.com\/webdo_tn"],"description":"Webdo est un m\u00e9dia num\u00e9rique tunisien fond\u00e9 en 2010, sp\u00e9cialis\u00e9 dans l\u2019actualit\u00e9 nationale et internationale, l\u2019\u00e9conomie, la soci\u00e9t\u00e9 et les analyses politiques. Le site s\u2019adresse \u00e0 un large public francophone et couvre l\u2019information tunisienne en temps r\u00e9el.","email":"redac@webdo.tn","legalName":"YNJ SARL","foundingDate":"2010-09-06","numberOfEmployees":{"@type":"QuantitativeValue","minValue":"11","maxValue":"50"}},{"@type":"Person","@id":"https:\/\/www.webdo.tn\/fr\/#\/schema\/person\/9a9c6118d687c117df8ef3cc36a4d175","name":"webdo.tn","image":{"@type":"ImageObject","inLanguage":"fr-FR","@id":"https:\/\/secure.gravatar.com\/avatar\/7ce1f28c0c3bbac99ff550b85ef8e44a6950c6ee24514fb6a5489e51d06f0298?s=96&d=mm&r=g","url":"https:\/\/secure.gravatar.com\/avatar\/7ce1f28c0c3bbac99ff550b85ef8e44a6950c6ee24514fb6a5489e51d06f0298?s=96&d=mm&r=g","contentUrl":"https:\/\/secure.gravatar.com\/avatar\/7ce1f28c0c3bbac99ff550b85ef8e44a6950c6ee24514fb6a5489e51d06f0298?s=96&d=mm&r=g","caption":"webdo.tn"},"url":"https:\/\/www.webdo.tn\/fr\/actualite\/author\/webdotn\/"}]}},"_links":{"self":[{"href":"https:\/\/www.webdo.tn\/fr\/wp-json\/wp\/v2\/posts\/178942","targetHints":{"allow":["GET"]}}],"collection":[{"href":"https:\/\/www.webdo.tn\/fr\/wp-json\/wp\/v2\/posts"}],"about":[{"href":"https:\/\/www.webdo.tn\/fr\/wp-json\/wp\/v2\/types\/post"}],"author":[{"embeddable":true,"href":"https:\/\/www.webdo.tn\/fr\/wp-json\/wp\/v2\/users\/3222"}],"replies":[{"embeddable":true,"href":"https:\/\/www.webdo.tn\/fr\/wp-json\/wp\/v2\/comments?post=178942"}],"version-history":[{"count":0,"href":"https:\/\/www.webdo.tn\/fr\/wp-json\/wp\/v2\/posts\/178942\/revisions"}],"wp:featuredmedia":[{"embeddable":true,"href":"https:\/\/www.webdo.tn\/fr\/wp-json\/wp\/v2\/media\/366707"}],"wp:attachment":[{"href":"https:\/\/www.webdo.tn\/fr\/wp-json\/wp\/v2\/media?parent=178942"}],"wp:term":[{"taxonomy":"category","embeddable":true,"href":"https:\/\/www.webdo.tn\/fr\/wp-json\/wp\/v2\/categories?post=178942"},{"taxonomy":"post_tag","embeddable":true,"href":"https:\/\/www.webdo.tn\/fr\/wp-json\/wp\/v2\/tags?post=178942"}],"curies":[{"name":"wp","href":"https:\/\/api.w.org\/{rel}","templated":true}]}}