{"id":178941,"date":"2017-04-17T21:09:00","date_gmt":"2017-04-17T21:09:00","guid":{"rendered":"https:\/\/www.webdo.tn\/fr\/blog\/tunisie-nos-moeurs-politiques-ethiques-ont-atteint-stade-inquietant\/178941\/"},"modified":"2017-04-17T21:09:00","modified_gmt":"2017-04-17T21:09:00","slug":"tunisie-nos-moeurs-politiques-ethiques-ont-atteint-stade-inquietant","status":"publish","type":"post","link":"https:\/\/www.webdo.tn\/fr\/actualite\/edito\/tunisie-nos-moeurs-politiques-ethiques-ont-atteint-stade-inquietant\/178941\/","title":{"rendered":"Tunisie : Nos m\u0153urs politiques et \u00e9thiques ont atteint un stade inqui\u00e9tant !"},"content":{"rendered":"<p>L\u2019anarchie, les coups bas, les d\u00e9rives de tous genres ne cessent d\u2019empoisonner l\u2019ambiance et la conjoncture dans notre pays. Ces sympt\u00f4mes ne font que nous enfoncer dans un terrible cercle vicieux o\u00f9 les lobbies de diff\u00e9rents types semblent prendre les r\u00eanes du pouvoir alors que les pouvoirs officiels paraissent non seulement impuissants mais incapables de les combattre, encore moins de les ma\u00eetriser.<\/p>\n<p>Ouvert aux quatre vents, la Tunisie est, depuis le 14 janvier 2011, le territoire dans lequel des forces occultes ou agissant au grand jour ne font qu\u2019\u00e0 leur guise, \u0153uvrant pour des agendas sp\u00e9cifiques \u00e0 chacun.<\/p>\n<p>Les m\u00e9dias, ou du moins certains d\u2019entre eux, ne sont pas exempts de ce ph\u00e9nom\u00e8ne et semblent jouer un r\u00f4le bien d\u00e9termin\u00e9 pour des objectifs politiques bien pr\u00e9cis, en d\u00e9fendant les positions de leurs \u00ab favoris \u00bb ! La logique veut que cela puisse se produire lorsqu\u2019on soutient ouvertement une tendance ou une autre, mais lorsqu\u2019on pr\u00e9tend \u00e0 \u00ab la neutralit\u00e9 \u00bb ou \u00e0 \u00ab l\u2019objectivit\u00e9 \u00bb, il devient difficile de l\u2019accepter.<\/p>\n<p>L\u2019enregistrement \u00ab fuit\u00e9 \u00bb du patron de Nessma, Nabil Karoui, d\u00e9montre \u00e0 quel point nos m\u0153urs politiques et \u00e9thiques ont atteint un stade inqui\u00e9tant. Si elles s\u2019av\u00e8rent exactes et \u00e9tablies, elles prouvent le niveau d\u00e9testable auquel on est, malheureusement, parvenu !<\/p>\n<p>Monter de toutes pi\u00e8ces une \u00ab machination \u00bb et v\u00e9hiculer des propos diffamatoires et manipuler ainsi l\u2019opinion publique n\u2019ob\u00e9it \u00e0 aucune esp\u00e8ce de morale ou de professionnalisme. Entendre ainsi un patron de presse exiger de ses employ\u00e9s d\u2019agir ainsi est contraire \u00e0 toute forme d\u2019honn\u00eatet\u00e9 intellectuelle, et ces derniers devraient savoir faire ce qu\u2019on appelle dans la d\u00e9ontologie journalistique la clause de conscience qui permet \u00e0 chaque journaliste de faire quelque chose contre ses convictions.<\/p>\n<p>Maintenant, il convient de dire aussi que les ONG ont pris des proportions et se permettent parfois des comportements intol\u00e9rables, inacceptables et qui d\u00e9passent parfois largement leurs pr\u00e9rogatives ou leurs champs d\u2019intervention. Elles ont foisonn\u00e9 apr\u00e8s le 14 janvier et semblent \u00ab man\u0153uvrer \u00bb en terrain conquis agissant au b\u00e9n\u00e9fice et pour les int\u00e9r\u00eats de forces ni inconnues ni innocentes.<\/p>\n<p>Bref, le pays a besoin d\u2019un pouvoir d\u00e9mocratique qui puise sa l\u00e9gitimit\u00e9 r\u00e9ellement dans la volont\u00e9 populaire afin de pouvoir redresser une situation qui devient alarmante et dangereuse pour promouvoir une v\u00e9ritable d\u00e9mocratie souveraine, loin des influences douteuses, et v\u00e9ritable en favorisant des m\u00e9dias o\u00f9 l\u2019\u00e9thique ne serait pas un slogan creux\u2026<\/p>\n<p>Lire aussi :<\/p>\n<p> \tTunisie : I Watch \u00ab profond\u00e9ment choqu\u00e9e \u00bb par les enregistrements fuit\u00e9s de Nabil Karoui<br \/>\n \tEnregistrement audio fuit\u00e9 : Une campagne de diffamation sign\u00e9e Nabil Karoui contre I Watch<\/p>\n","protected":false},"excerpt":{"rendered":"<p>Tunisie : Nos m\u0153urs politiques et \u00e9thiques ont atteint un stade inqui\u00e9tant !<\/p>\n","protected":false},"author":3222,"featured_media":338967,"comment_status":"open","ping_status":"closed","sticky":false,"template":"","format":"standard","meta":{"footnotes":""},"categories":[2589],"tags":[2600],"class_list":["post-178941","post","type-post","status-publish","format-standard","has-post-thumbnail","hentry","category-edito","tag-guerre"],"yoast_head":"<!-- This site is optimized with the Yoast SEO Premium plugin v27.5 (Yoast SEO v27.5) - https:\/\/yoast.com\/product\/yoast-seo-premium-wordpress\/ -->\n<title>Tunisie : Nos m\u0153urs politiques et \u00e9thiques ont atteint un stade inqui\u00e9tant !<\/title>\n<meta name=\"description\" content=\"Tunisie : Nos m\u0153urs politiques et \u00e9thiques ont atteint un stade inqui\u00e9tant !\" \/>\n<link rel=\"canonical\" href=\"https:\/\/www.webdo.tn\/fr\/actualite\/edito\/tunisie-nos-moeurs-politiques-ethiques-ont-atteint-stade-inquietant\/178941\/\" \/>\n<meta property=\"og:locale\" content=\"fr_FR\" \/>\n<meta property=\"og:type\" content=\"article\" \/>\n<meta property=\"og:title\" content=\"Tunisie : Nos m\u0153urs politiques et \u00e9thiques ont atteint un stade inqui\u00e9tant !\" \/>\n<meta property=\"og:description\" content=\"Tunisie : Nos m\u0153urs politiques et \u00e9thiques ont atteint un stade inqui\u00e9tant !\" \/>\n<meta property=\"og:url\" content=\"https:\/\/www.webdo.tn\/fr\/actualite\/edito\/tunisie-nos-moeurs-politiques-ethiques-ont-atteint-stade-inquietant\/178941\/\" \/>\n<meta property=\"og:site_name\" content=\"webdo\" \/>\n<meta property=\"article:publisher\" content=\"https:\/\/www.facebook.com\/webdotn\" \/>\n<meta property=\"article:published_time\" content=\"2017-04-17T21:09:00+00:00\" \/>\n<meta property=\"og:image\" content=\"https:\/\/www.webdo.tn\/fr\/wp-content\/uploads\/2017\/04\/Nabil-Karoui-3.jpg\" \/>\n\t<meta property=\"og:image:width\" content=\"470\" \/>\n\t<meta property=\"og:image:height\" content=\"300\" \/>\n\t<meta property=\"og:image:type\" content=\"image\/jpeg\" \/>\n<meta name=\"author\" content=\"webdo.tn\" \/>\n<meta name=\"twitter:card\" content=\"summary_large_image\" \/>\n<meta name=\"twitter:creator\" content=\"@webdo_tn\" \/>\n<meta name=\"twitter:site\" content=\"@webdo_tn\" \/>\n<meta name=\"twitter:label1\" content=\"\u00c9crit par\" \/>\n\t<meta name=\"twitter:data1\" content=\"webdo.tn\" \/>\n\t<meta name=\"twitter:label2\" content=\"Dur\u00e9e de lecture estim\u00e9e\" \/>\n\t<meta name=\"twitter:data2\" content=\"2 minutes\" \/>\n<script type=\"application\/ld+json\" class=\"yoast-schema-graph\">{\"@context\":\"https:\\\/\\\/schema.org\",\"@graph\":[{\"@type\":\"NewsArticle\",\"@id\":\"https:\\\/\\\/www.webdo.tn\\\/fr\\\/actualite\\\/edito\\\/tunisie-nos-moeurs-politiques-ethiques-ont-atteint-stade-inquietant\\\/178941\\\/#article\",\"isPartOf\":{\"@id\":\"https:\\\/\\\/www.webdo.tn\\\/fr\\\/actualite\\\/edito\\\/tunisie-nos-moeurs-politiques-ethiques-ont-atteint-stade-inquietant\\\/178941\\\/\"},\"author\":{\"name\":\"webdo.tn\",\"@id\":\"https:\\\/\\\/www.webdo.tn\\\/fr\\\/#\\\/schema\\\/person\\\/9a9c6118d687c117df8ef3cc36a4d175\"},\"headline\":\"Tunisie : Nos m\u0153urs politiques et \u00e9thiques ont atteint un stade inqui\u00e9tant !\",\"datePublished\":\"2017-04-17T21:09:00+00:00\",\"mainEntityOfPage\":{\"@id\":\"https:\\\/\\\/www.webdo.tn\\\/fr\\\/actualite\\\/edito\\\/tunisie-nos-moeurs-politiques-ethiques-ont-atteint-stade-inquietant\\\/178941\\\/\"},\"wordCount\":478,\"commentCount\":0,\"publisher\":{\"@id\":\"https:\\\/\\\/www.webdo.tn\\\/fr\\\/#organization\"},\"image\":{\"@id\":\"https:\\\/\\\/www.webdo.tn\\\/fr\\\/actualite\\\/edito\\\/tunisie-nos-moeurs-politiques-ethiques-ont-atteint-stade-inquietant\\\/178941\\\/#primaryimage\"},\"thumbnailUrl\":\"https:\\\/\\\/www.webdo.tn\\\/fr\\\/wp-content\\\/uploads\\\/2017\\\/04\\\/Nabil-Karoui-3.jpg\",\"keywords\":[\"guerre\"],\"articleSection\":[\"Edito\"],\"inLanguage\":\"fr-FR\"},{\"@type\":\"WebPage\",\"@id\":\"https:\\\/\\\/www.webdo.tn\\\/fr\\\/actualite\\\/edito\\\/tunisie-nos-moeurs-politiques-ethiques-ont-atteint-stade-inquietant\\\/178941\\\/\",\"url\":\"https:\\\/\\\/www.webdo.tn\\\/fr\\\/actualite\\\/edito\\\/tunisie-nos-moeurs-politiques-ethiques-ont-atteint-stade-inquietant\\\/178941\\\/\",\"name\":\"Tunisie : Nos m\u0153urs politiques et \u00e9thiques ont atteint un stade inqui\u00e9tant !\",\"isPartOf\":{\"@id\":\"https:\\\/\\\/www.webdo.tn\\\/fr\\\/#website\"},\"primaryImageOfPage\":{\"@id\":\"https:\\\/\\\/www.webdo.tn\\\/fr\\\/actualite\\\/edito\\\/tunisie-nos-moeurs-politiques-ethiques-ont-atteint-stade-inquietant\\\/178941\\\/#primaryimage\"},\"image\":{\"@id\":\"https:\\\/\\\/www.webdo.tn\\\/fr\\\/actualite\\\/edito\\\/tunisie-nos-moeurs-politiques-ethiques-ont-atteint-stade-inquietant\\\/178941\\\/#primaryimage\"},\"thumbnailUrl\":\"https:\\\/\\\/www.webdo.tn\\\/fr\\\/wp-content\\\/uploads\\\/2017\\\/04\\\/Nabil-Karoui-3.jpg\",\"datePublished\":\"2017-04-17T21:09:00+00:00\",\"description\":\"Tunisie : Nos m\u0153urs politiques et \u00e9thiques ont atteint un stade inqui\u00e9tant !\",\"breadcrumb\":{\"@id\":\"https:\\\/\\\/www.webdo.tn\\\/fr\\\/actualite\\\/edito\\\/tunisie-nos-moeurs-politiques-ethiques-ont-atteint-stade-inquietant\\\/178941\\\/#breadcrumb\"},\"inLanguage\":\"fr-FR\",\"potentialAction\":[{\"@type\":\"ReadAction\",\"target\":[\"https:\\\/\\\/www.webdo.tn\\\/fr\\\/actualite\\\/edito\\\/tunisie-nos-moeurs-politiques-ethiques-ont-atteint-stade-inquietant\\\/178941\\\/\"]}]},{\"@type\":\"ImageObject\",\"inLanguage\":\"fr-FR\",\"@id\":\"https:\\\/\\\/www.webdo.tn\\\/fr\\\/actualite\\\/edito\\\/tunisie-nos-moeurs-politiques-ethiques-ont-atteint-stade-inquietant\\\/178941\\\/#primaryimage\",\"url\":\"https:\\\/\\\/www.webdo.tn\\\/fr\\\/wp-content\\\/uploads\\\/2017\\\/04\\\/Nabil-Karoui-3.jpg\",\"contentUrl\":\"https:\\\/\\\/www.webdo.tn\\\/fr\\\/wp-content\\\/uploads\\\/2017\\\/04\\\/Nabil-Karoui-3.jpg\",\"width\":470,\"height\":300,\"caption\":\"Tunisie : Nos m\u0153urs politiques et \u00e9thiques ont atteint un stade inqui\u00e9tant !\"},{\"@type\":\"BreadcrumbList\",\"@id\":\"https:\\\/\\\/www.webdo.tn\\\/fr\\\/actualite\\\/edito\\\/tunisie-nos-moeurs-politiques-ethiques-ont-atteint-stade-inquietant\\\/178941\\\/#breadcrumb\",\"itemListElement\":[{\"@type\":\"ListItem\",\"position\":1,\"name\":\"Accueil\",\"item\":\"https:\\\/\\\/www.webdo.tn\\\/fr\\\/\"},{\"@type\":\"ListItem\",\"position\":2,\"name\":\"Tunisie : Nos m\u0153urs politiques et \u00e9thiques ont atteint un stade inqui\u00e9tant !\"}]},{\"@type\":\"WebSite\",\"@id\":\"https:\\\/\\\/www.webdo.tn\\\/fr\\\/#website\",\"url\":\"https:\\\/\\\/www.webdo.tn\\\/fr\\\/\",\"name\":\"webdo\",\"description\":\"Tunisie - News en Tunisie et \u00e0 l&#039;international sur Webdo.tn\",\"publisher\":{\"@id\":\"https:\\\/\\\/www.webdo.tn\\\/fr\\\/#organization\"},\"potentialAction\":[{\"@type\":\"SearchAction\",\"target\":{\"@type\":\"EntryPoint\",\"urlTemplate\":\"https:\\\/\\\/www.webdo.tn\\\/fr\\\/?s={search_term_string}\"},\"query-input\":{\"@type\":\"PropertyValueSpecification\",\"valueRequired\":true,\"valueName\":\"search_term_string\"}}],\"inLanguage\":\"fr-FR\"},{\"@type\":\"Organization\",\"@id\":\"https:\\\/\\\/www.webdo.tn\\\/fr\\\/#organization\",\"name\":\"Webdo\",\"alternateName\":\"Webdo.tn\",\"url\":\"https:\\\/\\\/www.webdo.tn\\\/fr\\\/\",\"logo\":{\"@type\":\"ImageObject\",\"inLanguage\":\"fr-FR\",\"@id\":\"https:\\\/\\\/www.webdo.tn\\\/fr\\\/#\\\/schema\\\/logo\\\/image\\\/\",\"url\":\"https:\\\/\\\/www.webdo.tn\\\/fr\\\/wp-content\\\/uploads\\\/2025\\\/06\\\/Webdo-Tunisie_168377.jpg\",\"contentUrl\":\"https:\\\/\\\/www.webdo.tn\\\/fr\\\/wp-content\\\/uploads\\\/2025\\\/06\\\/Webdo-Tunisie_168377.jpg\",\"width\":301,\"height\":301,\"caption\":\"Webdo\"},\"image\":{\"@id\":\"https:\\\/\\\/www.webdo.tn\\\/fr\\\/#\\\/schema\\\/logo\\\/image\\\/\"},\"sameAs\":[\"https:\\\/\\\/www.facebook.com\\\/webdotn\",\"https:\\\/\\\/x.com\\\/webdo_tn\"],\"description\":\"Webdo est un m\u00e9dia num\u00e9rique tunisien fond\u00e9 en 2010, sp\u00e9cialis\u00e9 dans l\u2019actualit\u00e9 nationale et internationale, l\u2019\u00e9conomie, la soci\u00e9t\u00e9 et les analyses politiques. Le site s\u2019adresse \u00e0 un large public francophone et couvre l\u2019information tunisienne en temps r\u00e9el.\",\"email\":\"redac@webdo.tn\",\"legalName\":\"YNJ SARL\",\"foundingDate\":\"2010-09-06\",\"numberOfEmployees\":{\"@type\":\"QuantitativeValue\",\"minValue\":\"11\",\"maxValue\":\"50\"}},{\"@type\":\"Person\",\"@id\":\"https:\\\/\\\/www.webdo.tn\\\/fr\\\/#\\\/schema\\\/person\\\/9a9c6118d687c117df8ef3cc36a4d175\",\"name\":\"webdo.tn\",\"image\":{\"@type\":\"ImageObject\",\"inLanguage\":\"fr-FR\",\"@id\":\"https:\\\/\\\/secure.gravatar.com\\\/avatar\\\/7ce1f28c0c3bbac99ff550b85ef8e44a6950c6ee24514fb6a5489e51d06f0298?s=96&d=mm&r=g\",\"url\":\"https:\\\/\\\/secure.gravatar.com\\\/avatar\\\/7ce1f28c0c3bbac99ff550b85ef8e44a6950c6ee24514fb6a5489e51d06f0298?s=96&d=mm&r=g\",\"contentUrl\":\"https:\\\/\\\/secure.gravatar.com\\\/avatar\\\/7ce1f28c0c3bbac99ff550b85ef8e44a6950c6ee24514fb6a5489e51d06f0298?s=96&d=mm&r=g\",\"caption\":\"webdo.tn\"},\"url\":\"https:\\\/\\\/www.webdo.tn\\\/fr\\\/actualite\\\/author\\\/webdotn\\\/\"}]}<\/script>\n<!-- \/ Yoast SEO Premium plugin. -->","yoast_head_json":{"title":"Tunisie : Nos m\u0153urs politiques et \u00e9thiques ont atteint un stade inqui\u00e9tant !","description":"Tunisie : Nos m\u0153urs politiques et \u00e9thiques ont atteint un stade inqui\u00e9tant !","canonical":"https:\/\/www.webdo.tn\/fr\/actualite\/edito\/tunisie-nos-moeurs-politiques-ethiques-ont-atteint-stade-inquietant\/178941\/","og_locale":"fr_FR","og_type":"article","og_title":"Tunisie : Nos m\u0153urs politiques et \u00e9thiques ont atteint un stade inqui\u00e9tant !","og_description":"Tunisie : Nos m\u0153urs politiques et \u00e9thiques ont atteint un stade inqui\u00e9tant !","og_url":"https:\/\/www.webdo.tn\/fr\/actualite\/edito\/tunisie-nos-moeurs-politiques-ethiques-ont-atteint-stade-inquietant\/178941\/","og_site_name":"webdo","article_publisher":"https:\/\/www.facebook.com\/webdotn","article_published_time":"2017-04-17T21:09:00+00:00","og_image":[{"width":470,"height":300,"url":"https:\/\/www.webdo.tn\/fr\/wp-content\/uploads\/2017\/04\/Nabil-Karoui-3.jpg","type":"image\/jpeg"}],"author":"webdo.tn","twitter_card":"summary_large_image","twitter_creator":"@webdo_tn","twitter_site":"@webdo_tn","twitter_misc":{"\u00c9crit par":"webdo.tn","Dur\u00e9e de lecture estim\u00e9e":"2 minutes"},"schema":{"@context":"https:\/\/schema.org","@graph":[{"@type":"NewsArticle","@id":"https:\/\/www.webdo.tn\/fr\/actualite\/edito\/tunisie-nos-moeurs-politiques-ethiques-ont-atteint-stade-inquietant\/178941\/#article","isPartOf":{"@id":"https:\/\/www.webdo.tn\/fr\/actualite\/edito\/tunisie-nos-moeurs-politiques-ethiques-ont-atteint-stade-inquietant\/178941\/"},"author":{"name":"webdo.tn","@id":"https:\/\/www.webdo.tn\/fr\/#\/schema\/person\/9a9c6118d687c117df8ef3cc36a4d175"},"headline":"Tunisie : Nos m\u0153urs politiques et \u00e9thiques ont atteint un stade inqui\u00e9tant !","datePublished":"2017-04-17T21:09:00+00:00","mainEntityOfPage":{"@id":"https:\/\/www.webdo.tn\/fr\/actualite\/edito\/tunisie-nos-moeurs-politiques-ethiques-ont-atteint-stade-inquietant\/178941\/"},"wordCount":478,"commentCount":0,"publisher":{"@id":"https:\/\/www.webdo.tn\/fr\/#organization"},"image":{"@id":"https:\/\/www.webdo.tn\/fr\/actualite\/edito\/tunisie-nos-moeurs-politiques-ethiques-ont-atteint-stade-inquietant\/178941\/#primaryimage"},"thumbnailUrl":"https:\/\/www.webdo.tn\/fr\/wp-content\/uploads\/2017\/04\/Nabil-Karoui-3.jpg","keywords":["guerre"],"articleSection":["Edito"],"inLanguage":"fr-FR"},{"@type":"WebPage","@id":"https:\/\/www.webdo.tn\/fr\/actualite\/edito\/tunisie-nos-moeurs-politiques-ethiques-ont-atteint-stade-inquietant\/178941\/","url":"https:\/\/www.webdo.tn\/fr\/actualite\/edito\/tunisie-nos-moeurs-politiques-ethiques-ont-atteint-stade-inquietant\/178941\/","name":"Tunisie : Nos m\u0153urs politiques et \u00e9thiques ont atteint un stade inqui\u00e9tant !","isPartOf":{"@id":"https:\/\/www.webdo.tn\/fr\/#website"},"primaryImageOfPage":{"@id":"https:\/\/www.webdo.tn\/fr\/actualite\/edito\/tunisie-nos-moeurs-politiques-ethiques-ont-atteint-stade-inquietant\/178941\/#primaryimage"},"image":{"@id":"https:\/\/www.webdo.tn\/fr\/actualite\/edito\/tunisie-nos-moeurs-politiques-ethiques-ont-atteint-stade-inquietant\/178941\/#primaryimage"},"thumbnailUrl":"https:\/\/www.webdo.tn\/fr\/wp-content\/uploads\/2017\/04\/Nabil-Karoui-3.jpg","datePublished":"2017-04-17T21:09:00+00:00","description":"Tunisie : Nos m\u0153urs politiques et \u00e9thiques ont atteint un stade inqui\u00e9tant !","breadcrumb":{"@id":"https:\/\/www.webdo.tn\/fr\/actualite\/edito\/tunisie-nos-moeurs-politiques-ethiques-ont-atteint-stade-inquietant\/178941\/#breadcrumb"},"inLanguage":"fr-FR","potentialAction":[{"@type":"ReadAction","target":["https:\/\/www.webdo.tn\/fr\/actualite\/edito\/tunisie-nos-moeurs-politiques-ethiques-ont-atteint-stade-inquietant\/178941\/"]}]},{"@type":"ImageObject","inLanguage":"fr-FR","@id":"https:\/\/www.webdo.tn\/fr\/actualite\/edito\/tunisie-nos-moeurs-politiques-ethiques-ont-atteint-stade-inquietant\/178941\/#primaryimage","url":"https:\/\/www.webdo.tn\/fr\/wp-content\/uploads\/2017\/04\/Nabil-Karoui-3.jpg","contentUrl":"https:\/\/www.webdo.tn\/fr\/wp-content\/uploads\/2017\/04\/Nabil-Karoui-3.jpg","width":470,"height":300,"caption":"Tunisie : Nos m\u0153urs politiques et \u00e9thiques ont atteint un stade inqui\u00e9tant !"},{"@type":"BreadcrumbList","@id":"https:\/\/www.webdo.tn\/fr\/actualite\/edito\/tunisie-nos-moeurs-politiques-ethiques-ont-atteint-stade-inquietant\/178941\/#breadcrumb","itemListElement":[{"@type":"ListItem","position":1,"name":"Accueil","item":"https:\/\/www.webdo.tn\/fr\/"},{"@type":"ListItem","position":2,"name":"Tunisie : Nos m\u0153urs politiques et \u00e9thiques ont atteint un stade inqui\u00e9tant !"}]},{"@type":"WebSite","@id":"https:\/\/www.webdo.tn\/fr\/#website","url":"https:\/\/www.webdo.tn\/fr\/","name":"webdo","description":"Tunisie - News en Tunisie et \u00e0 l&#039;international sur Webdo.tn","publisher":{"@id":"https:\/\/www.webdo.tn\/fr\/#organization"},"potentialAction":[{"@type":"SearchAction","target":{"@type":"EntryPoint","urlTemplate":"https:\/\/www.webdo.tn\/fr\/?s={search_term_string}"},"query-input":{"@type":"PropertyValueSpecification","valueRequired":true,"valueName":"search_term_string"}}],"inLanguage":"fr-FR"},{"@type":"Organization","@id":"https:\/\/www.webdo.tn\/fr\/#organization","name":"Webdo","alternateName":"Webdo.tn","url":"https:\/\/www.webdo.tn\/fr\/","logo":{"@type":"ImageObject","inLanguage":"fr-FR","@id":"https:\/\/www.webdo.tn\/fr\/#\/schema\/logo\/image\/","url":"https:\/\/www.webdo.tn\/fr\/wp-content\/uploads\/2025\/06\/Webdo-Tunisie_168377.jpg","contentUrl":"https:\/\/www.webdo.tn\/fr\/wp-content\/uploads\/2025\/06\/Webdo-Tunisie_168377.jpg","width":301,"height":301,"caption":"Webdo"},"image":{"@id":"https:\/\/www.webdo.tn\/fr\/#\/schema\/logo\/image\/"},"sameAs":["https:\/\/www.facebook.com\/webdotn","https:\/\/x.com\/webdo_tn"],"description":"Webdo est un m\u00e9dia num\u00e9rique tunisien fond\u00e9 en 2010, sp\u00e9cialis\u00e9 dans l\u2019actualit\u00e9 nationale et internationale, l\u2019\u00e9conomie, la soci\u00e9t\u00e9 et les analyses politiques. Le site s\u2019adresse \u00e0 un large public francophone et couvre l\u2019information tunisienne en temps r\u00e9el.","email":"redac@webdo.tn","legalName":"YNJ SARL","foundingDate":"2010-09-06","numberOfEmployees":{"@type":"QuantitativeValue","minValue":"11","maxValue":"50"}},{"@type":"Person","@id":"https:\/\/www.webdo.tn\/fr\/#\/schema\/person\/9a9c6118d687c117df8ef3cc36a4d175","name":"webdo.tn","image":{"@type":"ImageObject","inLanguage":"fr-FR","@id":"https:\/\/secure.gravatar.com\/avatar\/7ce1f28c0c3bbac99ff550b85ef8e44a6950c6ee24514fb6a5489e51d06f0298?s=96&d=mm&r=g","url":"https:\/\/secure.gravatar.com\/avatar\/7ce1f28c0c3bbac99ff550b85ef8e44a6950c6ee24514fb6a5489e51d06f0298?s=96&d=mm&r=g","contentUrl":"https:\/\/secure.gravatar.com\/avatar\/7ce1f28c0c3bbac99ff550b85ef8e44a6950c6ee24514fb6a5489e51d06f0298?s=96&d=mm&r=g","caption":"webdo.tn"},"url":"https:\/\/www.webdo.tn\/fr\/actualite\/author\/webdotn\/"}]}},"_links":{"self":[{"href":"https:\/\/www.webdo.tn\/fr\/wp-json\/wp\/v2\/posts\/178941","targetHints":{"allow":["GET"]}}],"collection":[{"href":"https:\/\/www.webdo.tn\/fr\/wp-json\/wp\/v2\/posts"}],"about":[{"href":"https:\/\/www.webdo.tn\/fr\/wp-json\/wp\/v2\/types\/post"}],"author":[{"embeddable":true,"href":"https:\/\/www.webdo.tn\/fr\/wp-json\/wp\/v2\/users\/3222"}],"replies":[{"embeddable":true,"href":"https:\/\/www.webdo.tn\/fr\/wp-json\/wp\/v2\/comments?post=178941"}],"version-history":[{"count":0,"href":"https:\/\/www.webdo.tn\/fr\/wp-json\/wp\/v2\/posts\/178941\/revisions"}],"wp:featuredmedia":[{"embeddable":true,"href":"https:\/\/www.webdo.tn\/fr\/wp-json\/wp\/v2\/media\/338967"}],"wp:attachment":[{"href":"https:\/\/www.webdo.tn\/fr\/wp-json\/wp\/v2\/media?parent=178941"}],"wp:term":[{"taxonomy":"category","embeddable":true,"href":"https:\/\/www.webdo.tn\/fr\/wp-json\/wp\/v2\/categories?post=178941"},{"taxonomy":"post_tag","embeddable":true,"href":"https:\/\/www.webdo.tn\/fr\/wp-json\/wp\/v2\/tags?post=178941"}],"curies":[{"name":"wp","href":"https:\/\/api.w.org\/{rel}","templated":true}]}}