{"id":178940,"date":"2017-05-11T16:16:00","date_gmt":"2017-05-11T16:16:00","guid":{"rendered":"https:\/\/www.webdo.tn\/fr\/blog\/tunisie-discours-militaire-a-terre\/178940\/"},"modified":"2017-05-11T16:16:00","modified_gmt":"2017-05-11T16:16:00","slug":"tunisie-discours-militaire-a-terre","status":"publish","type":"post","link":"https:\/\/www.webdo.tn\/fr\/actualite\/edito\/tunisie-discours-militaire-a-terre\/178940\/","title":{"rendered":"Tunisie : Un discours militaire-\u00e0-terre"},"content":{"rendered":"<p>Il y a fort \u00e0 parier que seuls les plus avertis, ou les plus fut\u00e9s, d\u2019entre les politiques ont compris le message adress\u00e9 par Essebsi aux Tunisiens. En fait, il n\u2019y en avait qu\u2019un seul, mais sacr\u00e9ment bien envelopp\u00e9, comme le sandwich qu\u2019une maman pr\u00e9cautionneuse glisse dans le cartable de son enfant.<\/p>\n<p>Essebsi a tout simplement pr\u00e9venu que l\u2019Arm\u00e9e va \u00ab prendre les choses en main \u00bb, comme au bon vieux temps o\u00f9 elle \u00e9tait appel\u00e9e \u00e0 la rescousse par le r\u00e9gime en place pour \u00ab r\u00e9primer \u00bb les mouvements de foule au nom de l\u2019ordre public, de la protection des \u00e9difices nationaux, des richesses et des biens de la communaut\u00e9.<br \/>\nUne arm\u00e9e marginalis\u00e9e<br \/>\nEn fait, Bourguiba, au gr\u00e9 des tentatives de coups d\u2019Etat (1962 et 1980) et des soul\u00e8vements populaires (1978 et 1984), a fini par transformer l\u2019arm\u00e9e en une institution de g\u00e9nie civil et agricole, banalisant voire marginalisant, au nom du pacifisme, son r\u00f4le originel de bouclier de la nation. Il voulait surtout, cela se comprend, qu\u2019elle n\u2019acquiert pas de \u00ab temp\u00e9rament putschiste \u00bb \u00e0 l\u2019instar de toutes les arm\u00e9es arabes des r\u00e9gimes non-monarchiques.<\/p>\n<p>Bourguiba s\u2019est d\u2019ailleurs toujours targu\u00e9 d\u2019\u00eatre \u00e0 la t\u00eate du seul r\u00e9gime \u00ab civil \u00bb du monde arabe, avec une arm\u00e9e plus au service du d\u00e9veloppement que \u00ab guerri\u00e8re \u00bb. N\u2019emp\u00eache que de son temps, et m\u00eame sous Ben Ali, l\u2019arm\u00e9e Tunisienne a rayonn\u00e9 mondialement par le savoir-faire et la haute qualification de ses contingents d\u2019officiers comme de soldats, lors, notamment d\u2019op\u00e9rations de maintien de la paix, entre autres, au Congo, au Cambodge et au Kosovo.<br \/>\nLes purges de Ben Ali<br \/>\nBen Ali est issu de cette tradition que Bourguiba a impos\u00e9e aux forces militaires, sauf qu\u2019il \u00e9tait dedans. Putschiste lui-m\u00eame, donc plus que jamais conscient du danger que repr\u00e9sente une arm\u00e9e m\u00eal\u00e9e au pouvoir, Ben Ali a pers\u00e9v\u00e9r\u00e9 dans la voie de Bourguiba, marginalisant encore plus l\u2019institution en supprimant le service militaire obligatoire et en all\u00e9geant le budget de l\u2019arm\u00e9e jusqu\u2019\u00e0 affamer les soldats.<\/p>\n<p>Entretemps, \u00e9tant un \u00ab habitu\u00e9 \u00bb des lieux, en plus d\u2019avoir assur\u00e9, pendant un bon bout de temps, les renseignements militaires, il a r\u00e9ussi \u00e0 faire des purges, soit par la r\u00e9pression syst\u00e9matique et la torture (le cas des militaires suppos\u00e9s islamistes de l\u2019affaire de Barraket Essahel), soit par l\u2019assassinat pur et simple (l\u2019explosion de l\u2019h\u00e9licopt\u00e8re transportant quasiment la moiti\u00e9 des hauts officiers responsables du commandement des trois arm\u00e9es, dont le redoutable g\u00e9n\u00e9ral, feu Abdelaziz Skik).<br \/>\nEtre du c\u00f4t\u00e9 du peuple, un choix d\u00e9lib\u00e9r\u00e9<br \/>\nLa r\u00e9volution a carr\u00e9ment compliqu\u00e9 les choses. Qui pourrait attester aujourd\u2019hui qu\u2019elle n\u2019a pas, au d\u00e9part, tent\u00e9 d\u2019agir pour prot\u00e9ger le r\u00e9gime en place (l\u2019affaire des snipers) ? Ben Ali savait que les \u00ab limites \u00bb qu\u2019il a inflig\u00e9es \u00e0 l\u2019arm\u00e9e diminuent consid\u00e9rablement les chances de la voir s\u2019opposer au peuple sans s\u2019effondrer et sans devenir, \u00e0 la faveur des mutineries, une arm\u00e9e \u00ab r\u00e9volutionnaire \u00bb qui hisserait un des siens \u00e0 la t\u00eate du pays.<\/p>\n<p>Mais, heureusement (pour les uns) ou malheureusement (pour les autres), il n\u2019y avait \u00e0 la t\u00eate de l\u2019arm\u00e9e aucun g\u00e9n\u00e9ral digne de ce nom qui aurait su attraper au vol cette opportunit\u00e9 de s\u2019emparer du pouvoir avant que le peuple ne \u00ab renverse \u00bb le dictateur en place. Un Skik ou un S\u00e9riati auraient peut-\u00eatre eu ce cran ? Qui sait ? L\u2019implication de puissances \u00e9trang\u00e8res dans ce qui s\u2019est pass\u00e9 en Tunisie \u00e9tait certainement \u00ab dissuasive \u00bb pour tous ceux qui, dans l\u2019Arm\u00e9e, ambitionnaient un r\u00f4le de premier ordre dans le pays, apr\u00e8s le 14 janvier 2011, entres, Rachid Ammar.<br \/>\nComment se d\u00e9faire de l\u2019\u00e9tiquette d\u2019arm\u00e9e \u00ab amie \u00bb ?<br \/>\nL\u2019aiguillage qui s\u2019est op\u00e9r\u00e9, en quelques jours, dans le r\u00f4le de l\u2019arm\u00e9e, est assez spectaculaire. Tout d\u2019un coup, les Tunisiens se sont retrouv\u00e9s avec une institution \u00e0 leur c\u00f4t\u00e9 qui \u00ab s\u00e9curisait \u00bb leur r\u00e9volution et les appelait \u00e0 s\u2019organiser pour se d\u00e9fendre (les comit\u00e9s de d\u00e9fense de quartiers). Une arm\u00e9e qui \u00e9tait \u00e0 dix mille lieues de tirer un balle en direction d\u2019un citoyen quel qu\u2019il f\u00fbt.<\/p>\n<p>C\u2019est ce \u00ab r\u00f4le \u00bb que le Tunisien a pris pour de l\u2019argent comptant. R\u00f4le corrobor\u00e9 par l\u2019engagement de l\u2019Arm\u00e9e dans la lutte contre le terrorisme, objet d\u2019un consensus national, du moins pour les partis d\u2019ob\u00e9dience non-islamiste.<\/p>\n<p>Confin\u00e9e dans ce nouveau r\u00f4le de \u00ab grande amie \u00bb, l\u2019Arm\u00e9e a m\u00eame c\u00e9d\u00e9 devant certains mouvements protestataires. Elle a m\u00eame \u00ab rebrouss\u00e9 chemin \u00bb \u00e0 Kerkennah, une premi\u00e8re dans les annales des arm\u00e9es et un dangereux pr\u00e9c\u00e9dent pour ce pays.<br \/>\nEssebsi a-t-il les moyens de sa mise en garde ?<br \/>\nC\u2019est pour ces raisons que le discours de Ca\u00efd Essebsi ne vaut que par cette d\u00e9cision solennelle de recourir \u00e0 l\u2019arm\u00e9e pour prot\u00e9ger, selon ses dires, l\u2019\u00e9conomie. Une sorte de mise en garde \u00e0 peine camoufl\u00e9e, envelopp\u00e9e de propos sur le p\u00e9ril qu\u2019encourt la d\u00e9mocratie, tel le sandwich que la maman pr\u00e9cautionneuse glisse dans le cartable de son enfant.<\/p>\n<p>Oui, mais Essebsi a-t-il v\u00e9ritablement les moyens de mettre en garde, m\u00eame si l\u2019autorit\u00e9 supr\u00eame sur les forces arm\u00e9es lui revient ? L\u2019arm\u00e9e, ou plut\u00f4t ceux qui la dirigent, sont-ils conscients qu\u2019au cas o\u00f9 les protestataires prendrait les choses \u00e0 la l\u00e9g\u00e8re ils seraient appel\u00e9 \u00e0 \u00ab r\u00e9agir \u00bb ou \u00e0 et perdre l\u2019aur\u00e9ole dont le peuple l\u2019affuble encore ?<\/p>\n<p>Le discours d\u2019Essebsi est en d\u00e9finitive une tentative de red\u00e9finir le r\u00f4le futur de l\u2019Arm\u00e9e dans un pays o\u00f9 la notion d\u2019Etat s\u2019est presque \u00e9vapor\u00e9e. Mais n\u2019est-ce pas trop tard ? Essebsi, et derri\u00e8re lui la classe dirigeante, ont-ils \u00ab n\u00e9goci\u00e9 \u00bb avec l\u2019arm\u00e9e le risque de la voir user de la force pour mater les contestations ?<\/p>\n<p>En attendant, seule une escalade du c\u00f4t\u00e9 de Kamour, \u00e0 Tataouine, pourrait confirmer ou infirmer les vrais desseins du pouvoir en place.<\/p>\n","protected":false},"excerpt":{"rendered":"<p>Tunisie : Un discours militaire-\u00e0-terre<\/p>\n","protected":false},"author":3222,"featured_media":372186,"comment_status":"open","ping_status":"closed","sticky":false,"template":"","format":"standard","meta":{"footnotes":""},"categories":[2589],"tags":[2600],"class_list":["post-178940","post","type-post","status-publish","format-standard","has-post-thumbnail","hentry","category-edito","tag-guerre"],"yoast_head":"<!-- This site is optimized with the Yoast SEO Premium plugin v27.5 (Yoast SEO v27.5) - https:\/\/yoast.com\/product\/yoast-seo-premium-wordpress\/ -->\n<title>Tunisie : Un discours militaire-\u00e0-terre<\/title>\n<meta name=\"description\" content=\"Tunisie : Un discours militaire-\u00e0-terre\" \/>\n<link rel=\"canonical\" href=\"https:\/\/www.webdo.tn\/fr\/actualite\/edito\/tunisie-discours-militaire-a-terre\/178940\/\" \/>\n<meta property=\"og:locale\" content=\"fr_FR\" \/>\n<meta property=\"og:type\" content=\"article\" \/>\n<meta property=\"og:title\" content=\"Tunisie : Un discours militaire-\u00e0-terre\" \/>\n<meta property=\"og:description\" content=\"Tunisie : Un discours militaire-\u00e0-terre\" \/>\n<meta property=\"og:url\" content=\"https:\/\/www.webdo.tn\/fr\/actualite\/edito\/tunisie-discours-militaire-a-terre\/178940\/\" \/>\n<meta property=\"og:site_name\" content=\"webdo\" \/>\n<meta property=\"article:publisher\" content=\"https:\/\/www.facebook.com\/webdotn\" \/>\n<meta property=\"article:published_time\" content=\"2017-05-11T16:16:00+00:00\" \/>\n<meta property=\"og:image\" content=\"https:\/\/www.webdo.tn\/fr\/wp-content\/uploads\/2025\/06\/Armee-1_178940.jpg\" \/>\n\t<meta property=\"og:image:width\" content=\"562\" \/>\n\t<meta property=\"og:image:height\" content=\"423\" \/>\n\t<meta property=\"og:image:type\" content=\"image\/jpeg\" \/>\n<meta name=\"author\" content=\"webdo.tn\" \/>\n<meta name=\"twitter:card\" content=\"summary_large_image\" \/>\n<meta name=\"twitter:creator\" content=\"@webdo_tn\" \/>\n<meta name=\"twitter:site\" content=\"@webdo_tn\" \/>\n<meta name=\"twitter:label1\" content=\"\u00c9crit par\" \/>\n\t<meta name=\"twitter:data1\" content=\"webdo.tn\" \/>\n\t<meta name=\"twitter:label2\" content=\"Dur\u00e9e de lecture estim\u00e9e\" \/>\n\t<meta name=\"twitter:data2\" content=\"5 minutes\" \/>\n<script type=\"application\/ld+json\" class=\"yoast-schema-graph\">{\"@context\":\"https:\\\/\\\/schema.org\",\"@graph\":[{\"@type\":\"NewsArticle\",\"@id\":\"https:\\\/\\\/www.webdo.tn\\\/fr\\\/actualite\\\/edito\\\/tunisie-discours-militaire-a-terre\\\/178940\\\/#article\",\"isPartOf\":{\"@id\":\"https:\\\/\\\/www.webdo.tn\\\/fr\\\/actualite\\\/edito\\\/tunisie-discours-militaire-a-terre\\\/178940\\\/\"},\"author\":{\"name\":\"webdo.tn\",\"@id\":\"https:\\\/\\\/www.webdo.tn\\\/fr\\\/#\\\/schema\\\/person\\\/9a9c6118d687c117df8ef3cc36a4d175\"},\"headline\":\"Tunisie : Un discours militaire-\u00e0-terre\",\"datePublished\":\"2017-05-11T16:16:00+00:00\",\"mainEntityOfPage\":{\"@id\":\"https:\\\/\\\/www.webdo.tn\\\/fr\\\/actualite\\\/edito\\\/tunisie-discours-militaire-a-terre\\\/178940\\\/\"},\"wordCount\":1091,\"commentCount\":0,\"publisher\":{\"@id\":\"https:\\\/\\\/www.webdo.tn\\\/fr\\\/#organization\"},\"image\":{\"@id\":\"https:\\\/\\\/www.webdo.tn\\\/fr\\\/actualite\\\/edito\\\/tunisie-discours-militaire-a-terre\\\/178940\\\/#primaryimage\"},\"thumbnailUrl\":\"https:\\\/\\\/www.webdo.tn\\\/fr\\\/wp-content\\\/uploads\\\/2025\\\/06\\\/Armee-1_178940.jpg\",\"keywords\":[\"guerre\"],\"articleSection\":[\"Edito\"],\"inLanguage\":\"fr-FR\"},{\"@type\":\"WebPage\",\"@id\":\"https:\\\/\\\/www.webdo.tn\\\/fr\\\/actualite\\\/edito\\\/tunisie-discours-militaire-a-terre\\\/178940\\\/\",\"url\":\"https:\\\/\\\/www.webdo.tn\\\/fr\\\/actualite\\\/edito\\\/tunisie-discours-militaire-a-terre\\\/178940\\\/\",\"name\":\"Tunisie : Un discours militaire-\u00e0-terre\",\"isPartOf\":{\"@id\":\"https:\\\/\\\/www.webdo.tn\\\/fr\\\/#website\"},\"primaryImageOfPage\":{\"@id\":\"https:\\\/\\\/www.webdo.tn\\\/fr\\\/actualite\\\/edito\\\/tunisie-discours-militaire-a-terre\\\/178940\\\/#primaryimage\"},\"image\":{\"@id\":\"https:\\\/\\\/www.webdo.tn\\\/fr\\\/actualite\\\/edito\\\/tunisie-discours-militaire-a-terre\\\/178940\\\/#primaryimage\"},\"thumbnailUrl\":\"https:\\\/\\\/www.webdo.tn\\\/fr\\\/wp-content\\\/uploads\\\/2025\\\/06\\\/Armee-1_178940.jpg\",\"datePublished\":\"2017-05-11T16:16:00+00:00\",\"description\":\"Tunisie : Un discours militaire-\u00e0-terre\",\"breadcrumb\":{\"@id\":\"https:\\\/\\\/www.webdo.tn\\\/fr\\\/actualite\\\/edito\\\/tunisie-discours-militaire-a-terre\\\/178940\\\/#breadcrumb\"},\"inLanguage\":\"fr-FR\",\"potentialAction\":[{\"@type\":\"ReadAction\",\"target\":[\"https:\\\/\\\/www.webdo.tn\\\/fr\\\/actualite\\\/edito\\\/tunisie-discours-militaire-a-terre\\\/178940\\\/\"]}]},{\"@type\":\"ImageObject\",\"inLanguage\":\"fr-FR\",\"@id\":\"https:\\\/\\\/www.webdo.tn\\\/fr\\\/actualite\\\/edito\\\/tunisie-discours-militaire-a-terre\\\/178940\\\/#primaryimage\",\"url\":\"https:\\\/\\\/www.webdo.tn\\\/fr\\\/wp-content\\\/uploads\\\/2025\\\/06\\\/Armee-1_178940.jpg\",\"contentUrl\":\"https:\\\/\\\/www.webdo.tn\\\/fr\\\/wp-content\\\/uploads\\\/2025\\\/06\\\/Armee-1_178940.jpg\",\"width\":562,\"height\":423,\"caption\":\"Tunisie : Un discours militaire-\u00e0-terre\"},{\"@type\":\"BreadcrumbList\",\"@id\":\"https:\\\/\\\/www.webdo.tn\\\/fr\\\/actualite\\\/edito\\\/tunisie-discours-militaire-a-terre\\\/178940\\\/#breadcrumb\",\"itemListElement\":[{\"@type\":\"ListItem\",\"position\":1,\"name\":\"Accueil\",\"item\":\"https:\\\/\\\/www.webdo.tn\\\/fr\\\/\"},{\"@type\":\"ListItem\",\"position\":2,\"name\":\"Tunisie : Un discours militaire-\u00e0-terre\"}]},{\"@type\":\"WebSite\",\"@id\":\"https:\\\/\\\/www.webdo.tn\\\/fr\\\/#website\",\"url\":\"https:\\\/\\\/www.webdo.tn\\\/fr\\\/\",\"name\":\"webdo\",\"description\":\"Tunisie - News en Tunisie et \u00e0 l&#039;international sur Webdo.tn\",\"publisher\":{\"@id\":\"https:\\\/\\\/www.webdo.tn\\\/fr\\\/#organization\"},\"potentialAction\":[{\"@type\":\"SearchAction\",\"target\":{\"@type\":\"EntryPoint\",\"urlTemplate\":\"https:\\\/\\\/www.webdo.tn\\\/fr\\\/?s={search_term_string}\"},\"query-input\":{\"@type\":\"PropertyValueSpecification\",\"valueRequired\":true,\"valueName\":\"search_term_string\"}}],\"inLanguage\":\"fr-FR\"},{\"@type\":\"Organization\",\"@id\":\"https:\\\/\\\/www.webdo.tn\\\/fr\\\/#organization\",\"name\":\"Webdo\",\"alternateName\":\"Webdo.tn\",\"url\":\"https:\\\/\\\/www.webdo.tn\\\/fr\\\/\",\"logo\":{\"@type\":\"ImageObject\",\"inLanguage\":\"fr-FR\",\"@id\":\"https:\\\/\\\/www.webdo.tn\\\/fr\\\/#\\\/schema\\\/logo\\\/image\\\/\",\"url\":\"https:\\\/\\\/www.webdo.tn\\\/fr\\\/wp-content\\\/uploads\\\/2025\\\/06\\\/Webdo-Tunisie_168377.jpg\",\"contentUrl\":\"https:\\\/\\\/www.webdo.tn\\\/fr\\\/wp-content\\\/uploads\\\/2025\\\/06\\\/Webdo-Tunisie_168377.jpg\",\"width\":301,\"height\":301,\"caption\":\"Webdo\"},\"image\":{\"@id\":\"https:\\\/\\\/www.webdo.tn\\\/fr\\\/#\\\/schema\\\/logo\\\/image\\\/\"},\"sameAs\":[\"https:\\\/\\\/www.facebook.com\\\/webdotn\",\"https:\\\/\\\/x.com\\\/webdo_tn\"],\"description\":\"Webdo est un m\u00e9dia num\u00e9rique tunisien fond\u00e9 en 2010, sp\u00e9cialis\u00e9 dans l\u2019actualit\u00e9 nationale et internationale, l\u2019\u00e9conomie, la soci\u00e9t\u00e9 et les analyses politiques. Le site s\u2019adresse \u00e0 un large public francophone et couvre l\u2019information tunisienne en temps r\u00e9el.\",\"email\":\"redac@webdo.tn\",\"legalName\":\"YNJ SARL\",\"foundingDate\":\"2010-09-06\",\"numberOfEmployees\":{\"@type\":\"QuantitativeValue\",\"minValue\":\"11\",\"maxValue\":\"50\"}},{\"@type\":\"Person\",\"@id\":\"https:\\\/\\\/www.webdo.tn\\\/fr\\\/#\\\/schema\\\/person\\\/9a9c6118d687c117df8ef3cc36a4d175\",\"name\":\"webdo.tn\",\"image\":{\"@type\":\"ImageObject\",\"inLanguage\":\"fr-FR\",\"@id\":\"https:\\\/\\\/secure.gravatar.com\\\/avatar\\\/7ce1f28c0c3bbac99ff550b85ef8e44a6950c6ee24514fb6a5489e51d06f0298?s=96&d=mm&r=g\",\"url\":\"https:\\\/\\\/secure.gravatar.com\\\/avatar\\\/7ce1f28c0c3bbac99ff550b85ef8e44a6950c6ee24514fb6a5489e51d06f0298?s=96&d=mm&r=g\",\"contentUrl\":\"https:\\\/\\\/secure.gravatar.com\\\/avatar\\\/7ce1f28c0c3bbac99ff550b85ef8e44a6950c6ee24514fb6a5489e51d06f0298?s=96&d=mm&r=g\",\"caption\":\"webdo.tn\"},\"url\":\"https:\\\/\\\/www.webdo.tn\\\/fr\\\/actualite\\\/author\\\/webdotn\\\/\"}]}<\/script>\n<!-- \/ Yoast SEO Premium plugin. -->","yoast_head_json":{"title":"Tunisie : Un discours militaire-\u00e0-terre","description":"Tunisie : Un discours militaire-\u00e0-terre","canonical":"https:\/\/www.webdo.tn\/fr\/actualite\/edito\/tunisie-discours-militaire-a-terre\/178940\/","og_locale":"fr_FR","og_type":"article","og_title":"Tunisie : Un discours militaire-\u00e0-terre","og_description":"Tunisie : Un discours militaire-\u00e0-terre","og_url":"https:\/\/www.webdo.tn\/fr\/actualite\/edito\/tunisie-discours-militaire-a-terre\/178940\/","og_site_name":"webdo","article_publisher":"https:\/\/www.facebook.com\/webdotn","article_published_time":"2017-05-11T16:16:00+00:00","og_image":[{"width":562,"height":423,"url":"https:\/\/www.webdo.tn\/fr\/wp-content\/uploads\/2025\/06\/Armee-1_178940.jpg","type":"image\/jpeg"}],"author":"webdo.tn","twitter_card":"summary_large_image","twitter_creator":"@webdo_tn","twitter_site":"@webdo_tn","twitter_misc":{"\u00c9crit par":"webdo.tn","Dur\u00e9e de lecture estim\u00e9e":"5 minutes"},"schema":{"@context":"https:\/\/schema.org","@graph":[{"@type":"NewsArticle","@id":"https:\/\/www.webdo.tn\/fr\/actualite\/edito\/tunisie-discours-militaire-a-terre\/178940\/#article","isPartOf":{"@id":"https:\/\/www.webdo.tn\/fr\/actualite\/edito\/tunisie-discours-militaire-a-terre\/178940\/"},"author":{"name":"webdo.tn","@id":"https:\/\/www.webdo.tn\/fr\/#\/schema\/person\/9a9c6118d687c117df8ef3cc36a4d175"},"headline":"Tunisie : Un discours militaire-\u00e0-terre","datePublished":"2017-05-11T16:16:00+00:00","mainEntityOfPage":{"@id":"https:\/\/www.webdo.tn\/fr\/actualite\/edito\/tunisie-discours-militaire-a-terre\/178940\/"},"wordCount":1091,"commentCount":0,"publisher":{"@id":"https:\/\/www.webdo.tn\/fr\/#organization"},"image":{"@id":"https:\/\/www.webdo.tn\/fr\/actualite\/edito\/tunisie-discours-militaire-a-terre\/178940\/#primaryimage"},"thumbnailUrl":"https:\/\/www.webdo.tn\/fr\/wp-content\/uploads\/2025\/06\/Armee-1_178940.jpg","keywords":["guerre"],"articleSection":["Edito"],"inLanguage":"fr-FR"},{"@type":"WebPage","@id":"https:\/\/www.webdo.tn\/fr\/actualite\/edito\/tunisie-discours-militaire-a-terre\/178940\/","url":"https:\/\/www.webdo.tn\/fr\/actualite\/edito\/tunisie-discours-militaire-a-terre\/178940\/","name":"Tunisie : Un discours militaire-\u00e0-terre","isPartOf":{"@id":"https:\/\/www.webdo.tn\/fr\/#website"},"primaryImageOfPage":{"@id":"https:\/\/www.webdo.tn\/fr\/actualite\/edito\/tunisie-discours-militaire-a-terre\/178940\/#primaryimage"},"image":{"@id":"https:\/\/www.webdo.tn\/fr\/actualite\/edito\/tunisie-discours-militaire-a-terre\/178940\/#primaryimage"},"thumbnailUrl":"https:\/\/www.webdo.tn\/fr\/wp-content\/uploads\/2025\/06\/Armee-1_178940.jpg","datePublished":"2017-05-11T16:16:00+00:00","description":"Tunisie : Un discours militaire-\u00e0-terre","breadcrumb":{"@id":"https:\/\/www.webdo.tn\/fr\/actualite\/edito\/tunisie-discours-militaire-a-terre\/178940\/#breadcrumb"},"inLanguage":"fr-FR","potentialAction":[{"@type":"ReadAction","target":["https:\/\/www.webdo.tn\/fr\/actualite\/edito\/tunisie-discours-militaire-a-terre\/178940\/"]}]},{"@type":"ImageObject","inLanguage":"fr-FR","@id":"https:\/\/www.webdo.tn\/fr\/actualite\/edito\/tunisie-discours-militaire-a-terre\/178940\/#primaryimage","url":"https:\/\/www.webdo.tn\/fr\/wp-content\/uploads\/2025\/06\/Armee-1_178940.jpg","contentUrl":"https:\/\/www.webdo.tn\/fr\/wp-content\/uploads\/2025\/06\/Armee-1_178940.jpg","width":562,"height":423,"caption":"Tunisie : Un discours militaire-\u00e0-terre"},{"@type":"BreadcrumbList","@id":"https:\/\/www.webdo.tn\/fr\/actualite\/edito\/tunisie-discours-militaire-a-terre\/178940\/#breadcrumb","itemListElement":[{"@type":"ListItem","position":1,"name":"Accueil","item":"https:\/\/www.webdo.tn\/fr\/"},{"@type":"ListItem","position":2,"name":"Tunisie : Un discours militaire-\u00e0-terre"}]},{"@type":"WebSite","@id":"https:\/\/www.webdo.tn\/fr\/#website","url":"https:\/\/www.webdo.tn\/fr\/","name":"webdo","description":"Tunisie - News en Tunisie et \u00e0 l&#039;international sur Webdo.tn","publisher":{"@id":"https:\/\/www.webdo.tn\/fr\/#organization"},"potentialAction":[{"@type":"SearchAction","target":{"@type":"EntryPoint","urlTemplate":"https:\/\/www.webdo.tn\/fr\/?s={search_term_string}"},"query-input":{"@type":"PropertyValueSpecification","valueRequired":true,"valueName":"search_term_string"}}],"inLanguage":"fr-FR"},{"@type":"Organization","@id":"https:\/\/www.webdo.tn\/fr\/#organization","name":"Webdo","alternateName":"Webdo.tn","url":"https:\/\/www.webdo.tn\/fr\/","logo":{"@type":"ImageObject","inLanguage":"fr-FR","@id":"https:\/\/www.webdo.tn\/fr\/#\/schema\/logo\/image\/","url":"https:\/\/www.webdo.tn\/fr\/wp-content\/uploads\/2025\/06\/Webdo-Tunisie_168377.jpg","contentUrl":"https:\/\/www.webdo.tn\/fr\/wp-content\/uploads\/2025\/06\/Webdo-Tunisie_168377.jpg","width":301,"height":301,"caption":"Webdo"},"image":{"@id":"https:\/\/www.webdo.tn\/fr\/#\/schema\/logo\/image\/"},"sameAs":["https:\/\/www.facebook.com\/webdotn","https:\/\/x.com\/webdo_tn"],"description":"Webdo est un m\u00e9dia num\u00e9rique tunisien fond\u00e9 en 2010, sp\u00e9cialis\u00e9 dans l\u2019actualit\u00e9 nationale et internationale, l\u2019\u00e9conomie, la soci\u00e9t\u00e9 et les analyses politiques. Le site s\u2019adresse \u00e0 un large public francophone et couvre l\u2019information tunisienne en temps r\u00e9el.","email":"redac@webdo.tn","legalName":"YNJ SARL","foundingDate":"2010-09-06","numberOfEmployees":{"@type":"QuantitativeValue","minValue":"11","maxValue":"50"}},{"@type":"Person","@id":"https:\/\/www.webdo.tn\/fr\/#\/schema\/person\/9a9c6118d687c117df8ef3cc36a4d175","name":"webdo.tn","image":{"@type":"ImageObject","inLanguage":"fr-FR","@id":"https:\/\/secure.gravatar.com\/avatar\/7ce1f28c0c3bbac99ff550b85ef8e44a6950c6ee24514fb6a5489e51d06f0298?s=96&d=mm&r=g","url":"https:\/\/secure.gravatar.com\/avatar\/7ce1f28c0c3bbac99ff550b85ef8e44a6950c6ee24514fb6a5489e51d06f0298?s=96&d=mm&r=g","contentUrl":"https:\/\/secure.gravatar.com\/avatar\/7ce1f28c0c3bbac99ff550b85ef8e44a6950c6ee24514fb6a5489e51d06f0298?s=96&d=mm&r=g","caption":"webdo.tn"},"url":"https:\/\/www.webdo.tn\/fr\/actualite\/author\/webdotn\/"}]}},"_links":{"self":[{"href":"https:\/\/www.webdo.tn\/fr\/wp-json\/wp\/v2\/posts\/178940","targetHints":{"allow":["GET"]}}],"collection":[{"href":"https:\/\/www.webdo.tn\/fr\/wp-json\/wp\/v2\/posts"}],"about":[{"href":"https:\/\/www.webdo.tn\/fr\/wp-json\/wp\/v2\/types\/post"}],"author":[{"embeddable":true,"href":"https:\/\/www.webdo.tn\/fr\/wp-json\/wp\/v2\/users\/3222"}],"replies":[{"embeddable":true,"href":"https:\/\/www.webdo.tn\/fr\/wp-json\/wp\/v2\/comments?post=178940"}],"version-history":[{"count":0,"href":"https:\/\/www.webdo.tn\/fr\/wp-json\/wp\/v2\/posts\/178940\/revisions"}],"wp:featuredmedia":[{"embeddable":true,"href":"https:\/\/www.webdo.tn\/fr\/wp-json\/wp\/v2\/media\/372186"}],"wp:attachment":[{"href":"https:\/\/www.webdo.tn\/fr\/wp-json\/wp\/v2\/media?parent=178940"}],"wp:term":[{"taxonomy":"category","embeddable":true,"href":"https:\/\/www.webdo.tn\/fr\/wp-json\/wp\/v2\/categories?post=178940"},{"taxonomy":"post_tag","embeddable":true,"href":"https:\/\/www.webdo.tn\/fr\/wp-json\/wp\/v2\/tags?post=178940"}],"curies":[{"name":"wp","href":"https:\/\/api.w.org\/{rel}","templated":true}]}}