{"id":178939,"date":"2017-06-09T14:59:00","date_gmt":"2017-06-09T14:59:00","guid":{"rendered":"https:\/\/www.webdo.tn\/fr\/blog\/consequences-communique-6-juin-lacte-de-deces-de-nidaa-fuite-dennahdha\/178939\/"},"modified":"2017-06-09T14:59:00","modified_gmt":"2017-06-09T14:59:00","slug":"consequences-communique-6-juin-lacte-de-deces-de-nidaa-fuite-dennahdha","status":"publish","type":"post","link":"https:\/\/www.webdo.tn\/fr\/actualite\/edito\/consequences-communique-6-juin-lacte-de-deces-de-nidaa-fuite-dennahdha\/178939\/","title":{"rendered":"Les cons\u00e9quences du communiqu\u00e9 du 6 juin : L\u2019acte de d\u00e9c\u00e8s de Nidaa, fuite en avant d\u2019Ennahdha !"},"content":{"rendered":"<p>Lorsque Beji Caid Essebsi a lanc\u00e9 son initiative de cr\u00e9er Nidaa Tounes dans un contexte dangereux marqu\u00e9 par le p\u00e9ril qui planait sur notre pays et dans les tentatives d\u2019islamisation men\u00e9es \u00e0 l\u2019\u00e9poque par une \u00ab arrogante \u00bb et dogmatique Tro\u00efka, avec Ennahdha \u00e0 sa t\u00eate, le paysage politique a retrouv\u00e9 une forme d\u2019\u00e9quilibre avec la quasi-unanimit\u00e9 qui a mobilis\u00e9 une tr\u00e8s partie de l\u2019opinion publique et plusieurs formations de l\u2019opposition : l\u2019objectif \u00e9tant de contrer les Islamistes et de pr\u00e9server la soci\u00e9t\u00e9 tunisienne de la dictature religieuse promise.<\/p>\n<p>Les \u00e9lections d\u2019octobre 2014 avaient amen\u00e9 Nidaa Tounes et son chef historique, Beji Caid Essebsi, \u00e9lu \u00e0 la t\u00eate de l\u2019Etat, \u00e0 s\u2019allier avec les Islamistes \u00e0 la stupeur g\u00e9n\u00e9rale. Il avait argu\u00e9 alors que le vote des Tunisiens obligeait les deux premiers partis du pays \u00e0 gouverner ensemble, alors qu\u2019en r\u00e9alit\u00e9, l\u2019accord entre les deux g\u00e9rontes \u00e9tait d\u00e9j\u00e0 paraph\u00e9 une ann\u00e9e auparavant lors de la fameuse rencontre parisienne.<\/p>\n<p>Nous n\u2019allons pas passer en revue les d\u00e9g\u00e2ts consid\u00e9rables port\u00e9s \u00e0 Nidaa Tounes apr\u00e8s cette alliance contre-nature auxquels s\u2019est ajout\u00e9 un v\u00e9ritable \u00e9chec dans la gestion des affaires du pays. Mais les deux \u00ab comp\u00e8res \u00bb sont all\u00e9s plus loin. En effet, les deux formations ont conclu le 6 juin dernier un accord structurant qui cr\u00e9e un haut comit\u00e9 mixte permanent qui se r\u00e9unira au moins une fois par mois afin de coordonner l\u2019action et les positions entre les deux partis.<\/p>\n<p>Cet accord intervient dans un contexte particulier marqu\u00e9 par deux faits importants, un d\u2019ordre interne, le second d\u2019ordre international ; les deux int\u00e9ress\u00e9s l\u2019ayant conclu pour se prot\u00e9ger mutuellement. Il est aussi symbolique puisqu\u2019il intervient le m\u00eame jour (6 juin) marquant la date anniversaire du Mouvement de la Tendance Islamique et seulement 36 heures apr\u00e8s la fronde men\u00e9e par ses voisins du Golfe contre le Qatar, le protecteur des islamistes.<\/p>\n<p>Sur le plan interne, la campagne anti-corruption men\u00e9e par le gouvernement, quoique limit\u00e9e et qui risque de n\u2019\u00eatre finalement qu\u2019un coup d\u2019\u00e9p\u00e9e dans l\u2019eau, a suscit\u00e9 les craintes de la classe politique surtout au sein des deux formations concern\u00e9es. Il est \u00e9vident que la sc\u00e8ne politique tunisienne ne brille ni par sa moralit\u00e9, ni par l\u2019int\u00e9grit\u00e9 de ses acteurs de quelque ob\u00e9dience qu\u2019ils soient. Malgr\u00e9 leurs d\u00e9clarations distill\u00e9es au public, ni les uns, ni les autres n\u2019ont aujourd\u2019hui la volont\u00e9 d\u2019aller au bout de ce processus.<\/p>\n<p>Les d\u00e9passements et l\u2019enrichissement abusif de certains individus proches ou au sein de pouvoir, apr\u00e8s le 14 janvier, sous le r\u00e8gne de la Tro\u00efka, ou depuis les \u00e9lections d\u2019octobre 2014, ne sont pas rares, et aucun des deux partis ne souhaite ouvrir la bo\u00eete de Pandore\u2026<\/p>\n<p>Sur le plan international, les r\u00e9cents d\u00e9veloppements dans les pays du Golfe et la mise au ban du Qatar, le principal argentier et ami strat\u00e9gique des Islamistes d\u2019Ennahdha, a pouss\u00e9 ces derniers \u00e0 r\u00e9agir rapidement pour b\u00e9n\u00e9ficier de l\u2019enveloppe protectrice de Nidaa Toun\u00e8s pour apparaitre comme un mouvement qui n\u2019a rien \u00e0 voir les \u00ab Fr\u00e8res Musulmans \u00bb, la confr\u00e9rie \u00e0 laquelle appartient encore Ennahdha, et class\u00e9e en tant que mouvement terroriste.<\/p>\n<p>Mais, les promoteurs de cet accord n\u2019ont pas r\u00e9alis\u00e9 que l\u2019on ne peut pas continuer \u00e0 manipuler ind\u00e9finiment l\u2019environnement. Du c\u00f4t\u00e9 de Nidaa Tounes, cet accord pourrait \u00eatre son acte de d\u00e9c\u00e8s surtout apr\u00e8s la forte contestation \u00e9manant des coordinateurs r\u00e9gionaux ; alors que les Islamistes d\u2019Ennahdha ne peuvent pas \u00e9ternellement trouver des \u00e9chappatoires pour tenter d\u2019\u00e9carter les soup\u00e7ons qui p\u00e8sent sur eux, eux qui ont montr\u00e9 de la \u00ab complaisance \u00bb, pour ne pas dire autre chose, envers le ph\u00e9nom\u00e8ne extr\u00e9miste, pour ne dire que cela !<\/p>\n","protected":false},"excerpt":{"rendered":"<p>Les cons\u00e9quences du communiqu\u00e9 du 6 juin : L\u2019acte de d\u00e9c\u00e8s de Nidaa, fuite en avant d\u2019Ennahdha !<\/p>\n","protected":false},"author":3222,"featured_media":325448,"comment_status":"open","ping_status":"closed","sticky":false,"template":"","format":"standard","meta":{"footnotes":""},"categories":[2589],"tags":[2600],"class_list":["post-178939","post","type-post","status-publish","format-standard","has-post-thumbnail","hentry","category-edito","tag-guerre"],"yoast_head":"<!-- This site is optimized with the Yoast SEO Premium plugin v27.5 (Yoast SEO v27.5) - https:\/\/yoast.com\/product\/yoast-seo-premium-wordpress\/ -->\n<title>Les cons\u00e9quences du communiqu\u00e9 du 6 juin : L\u2019acte de d\u00e9c\u00e8s de Nidaa, fuite en avant d\u2019Ennahdha !<\/title>\n<meta name=\"description\" content=\"Les cons\u00e9quences du communiqu\u00e9 du 6 juin : L\u2019acte de d\u00e9c\u00e8s de Nidaa, fuite en avant d\u2019Ennahdha !\" \/>\n<link rel=\"canonical\" href=\"https:\/\/www.webdo.tn\/fr\/actualite\/edito\/consequences-communique-6-juin-lacte-de-deces-de-nidaa-fuite-dennahdha\/178939\/\" \/>\n<meta property=\"og:locale\" content=\"fr_FR\" \/>\n<meta property=\"og:type\" content=\"article\" \/>\n<meta property=\"og:title\" content=\"Les cons\u00e9quences du communiqu\u00e9 du 6 juin : L\u2019acte de d\u00e9c\u00e8s de Nidaa, fuite en avant d\u2019Ennahdha !\" \/>\n<meta property=\"og:description\" content=\"Les cons\u00e9quences du communiqu\u00e9 du 6 juin : L\u2019acte de d\u00e9c\u00e8s de Nidaa, fuite en avant d\u2019Ennahdha !\" \/>\n<meta property=\"og:url\" content=\"https:\/\/www.webdo.tn\/fr\/actualite\/edito\/consequences-communique-6-juin-lacte-de-deces-de-nidaa-fuite-dennahdha\/178939\/\" \/>\n<meta property=\"og:site_name\" content=\"webdo\" \/>\n<meta property=\"article:publisher\" content=\"https:\/\/www.facebook.com\/webdotn\" \/>\n<meta property=\"article:published_time\" content=\"2017-06-09T14:59:00+00:00\" \/>\n<meta property=\"og:image\" content=\"https:\/\/www.webdo.tn\/fr\/wp-content\/uploads\/2017\/06\/Ghannouchi-BCE-A-Paris.jpg\" \/>\n\t<meta property=\"og:image:width\" content=\"463\" \/>\n\t<meta property=\"og:image:height\" content=\"242\" \/>\n\t<meta property=\"og:image:type\" content=\"image\/jpeg\" \/>\n<meta name=\"author\" content=\"webdo.tn\" \/>\n<meta name=\"twitter:card\" content=\"summary_large_image\" \/>\n<meta name=\"twitter:creator\" content=\"@webdo_tn\" \/>\n<meta name=\"twitter:site\" content=\"@webdo_tn\" \/>\n<meta name=\"twitter:label1\" content=\"\u00c9crit par\" \/>\n\t<meta name=\"twitter:data1\" content=\"webdo.tn\" \/>\n\t<meta name=\"twitter:label2\" content=\"Dur\u00e9e de lecture estim\u00e9e\" \/>\n\t<meta name=\"twitter:data2\" content=\"3 minutes\" \/>\n<script type=\"application\/ld+json\" class=\"yoast-schema-graph\">{\"@context\":\"https:\\\/\\\/schema.org\",\"@graph\":[{\"@type\":\"NewsArticle\",\"@id\":\"https:\\\/\\\/www.webdo.tn\\\/fr\\\/actualite\\\/edito\\\/consequences-communique-6-juin-lacte-de-deces-de-nidaa-fuite-dennahdha\\\/178939\\\/#article\",\"isPartOf\":{\"@id\":\"https:\\\/\\\/www.webdo.tn\\\/fr\\\/actualite\\\/edito\\\/consequences-communique-6-juin-lacte-de-deces-de-nidaa-fuite-dennahdha\\\/178939\\\/\"},\"author\":{\"name\":\"webdo.tn\",\"@id\":\"https:\\\/\\\/www.webdo.tn\\\/fr\\\/#\\\/schema\\\/person\\\/9a9c6118d687c117df8ef3cc36a4d175\"},\"headline\":\"Les cons\u00e9quences du communiqu\u00e9 du 6 juin : L\u2019acte de d\u00e9c\u00e8s de Nidaa, fuite en avant d\u2019Ennahdha !\",\"datePublished\":\"2017-06-09T14:59:00+00:00\",\"mainEntityOfPage\":{\"@id\":\"https:\\\/\\\/www.webdo.tn\\\/fr\\\/actualite\\\/edito\\\/consequences-communique-6-juin-lacte-de-deces-de-nidaa-fuite-dennahdha\\\/178939\\\/\"},\"wordCount\":696,\"commentCount\":0,\"publisher\":{\"@id\":\"https:\\\/\\\/www.webdo.tn\\\/fr\\\/#organization\"},\"image\":{\"@id\":\"https:\\\/\\\/www.webdo.tn\\\/fr\\\/actualite\\\/edito\\\/consequences-communique-6-juin-lacte-de-deces-de-nidaa-fuite-dennahdha\\\/178939\\\/#primaryimage\"},\"thumbnailUrl\":\"https:\\\/\\\/www.webdo.tn\\\/fr\\\/wp-content\\\/uploads\\\/2017\\\/06\\\/Ghannouchi-BCE-A-Paris.jpg\",\"keywords\":[\"guerre\"],\"articleSection\":[\"Edito\"],\"inLanguage\":\"fr-FR\"},{\"@type\":\"WebPage\",\"@id\":\"https:\\\/\\\/www.webdo.tn\\\/fr\\\/actualite\\\/edito\\\/consequences-communique-6-juin-lacte-de-deces-de-nidaa-fuite-dennahdha\\\/178939\\\/\",\"url\":\"https:\\\/\\\/www.webdo.tn\\\/fr\\\/actualite\\\/edito\\\/consequences-communique-6-juin-lacte-de-deces-de-nidaa-fuite-dennahdha\\\/178939\\\/\",\"name\":\"Les cons\u00e9quences du communiqu\u00e9 du 6 juin : L\u2019acte de d\u00e9c\u00e8s de Nidaa, fuite en avant d\u2019Ennahdha !\",\"isPartOf\":{\"@id\":\"https:\\\/\\\/www.webdo.tn\\\/fr\\\/#website\"},\"primaryImageOfPage\":{\"@id\":\"https:\\\/\\\/www.webdo.tn\\\/fr\\\/actualite\\\/edito\\\/consequences-communique-6-juin-lacte-de-deces-de-nidaa-fuite-dennahdha\\\/178939\\\/#primaryimage\"},\"image\":{\"@id\":\"https:\\\/\\\/www.webdo.tn\\\/fr\\\/actualite\\\/edito\\\/consequences-communique-6-juin-lacte-de-deces-de-nidaa-fuite-dennahdha\\\/178939\\\/#primaryimage\"},\"thumbnailUrl\":\"https:\\\/\\\/www.webdo.tn\\\/fr\\\/wp-content\\\/uploads\\\/2017\\\/06\\\/Ghannouchi-BCE-A-Paris.jpg\",\"datePublished\":\"2017-06-09T14:59:00+00:00\",\"description\":\"Les cons\u00e9quences du communiqu\u00e9 du 6 juin : L\u2019acte de d\u00e9c\u00e8s de Nidaa, fuite en avant d\u2019Ennahdha !\",\"breadcrumb\":{\"@id\":\"https:\\\/\\\/www.webdo.tn\\\/fr\\\/actualite\\\/edito\\\/consequences-communique-6-juin-lacte-de-deces-de-nidaa-fuite-dennahdha\\\/178939\\\/#breadcrumb\"},\"inLanguage\":\"fr-FR\",\"potentialAction\":[{\"@type\":\"ReadAction\",\"target\":[\"https:\\\/\\\/www.webdo.tn\\\/fr\\\/actualite\\\/edito\\\/consequences-communique-6-juin-lacte-de-deces-de-nidaa-fuite-dennahdha\\\/178939\\\/\"]}]},{\"@type\":\"ImageObject\",\"inLanguage\":\"fr-FR\",\"@id\":\"https:\\\/\\\/www.webdo.tn\\\/fr\\\/actualite\\\/edito\\\/consequences-communique-6-juin-lacte-de-deces-de-nidaa-fuite-dennahdha\\\/178939\\\/#primaryimage\",\"url\":\"https:\\\/\\\/www.webdo.tn\\\/fr\\\/wp-content\\\/uploads\\\/2017\\\/06\\\/Ghannouchi-BCE-A-Paris.jpg\",\"contentUrl\":\"https:\\\/\\\/www.webdo.tn\\\/fr\\\/wp-content\\\/uploads\\\/2017\\\/06\\\/Ghannouchi-BCE-A-Paris.jpg\",\"width\":463,\"height\":242,\"caption\":\"Les cons\u00e9quences du communiqu\u00e9 du 6 juin : L\u2019acte de d\u00e9c\u00e8s de Nidaa, fuite en avant d\u2019Ennahdha !\"},{\"@type\":\"BreadcrumbList\",\"@id\":\"https:\\\/\\\/www.webdo.tn\\\/fr\\\/actualite\\\/edito\\\/consequences-communique-6-juin-lacte-de-deces-de-nidaa-fuite-dennahdha\\\/178939\\\/#breadcrumb\",\"itemListElement\":[{\"@type\":\"ListItem\",\"position\":1,\"name\":\"Accueil\",\"item\":\"https:\\\/\\\/www.webdo.tn\\\/fr\\\/\"},{\"@type\":\"ListItem\",\"position\":2,\"name\":\"Les cons\u00e9quences du communiqu\u00e9 du 6 juin : L\u2019acte de d\u00e9c\u00e8s de Nidaa, fuite en avant d\u2019Ennahdha !\"}]},{\"@type\":\"WebSite\",\"@id\":\"https:\\\/\\\/www.webdo.tn\\\/fr\\\/#website\",\"url\":\"https:\\\/\\\/www.webdo.tn\\\/fr\\\/\",\"name\":\"webdo\",\"description\":\"Tunisie - News en Tunisie et \u00e0 l&#039;international sur Webdo.tn\",\"publisher\":{\"@id\":\"https:\\\/\\\/www.webdo.tn\\\/fr\\\/#organization\"},\"potentialAction\":[{\"@type\":\"SearchAction\",\"target\":{\"@type\":\"EntryPoint\",\"urlTemplate\":\"https:\\\/\\\/www.webdo.tn\\\/fr\\\/?s={search_term_string}\"},\"query-input\":{\"@type\":\"PropertyValueSpecification\",\"valueRequired\":true,\"valueName\":\"search_term_string\"}}],\"inLanguage\":\"fr-FR\"},{\"@type\":\"Organization\",\"@id\":\"https:\\\/\\\/www.webdo.tn\\\/fr\\\/#organization\",\"name\":\"Webdo\",\"alternateName\":\"Webdo.tn\",\"url\":\"https:\\\/\\\/www.webdo.tn\\\/fr\\\/\",\"logo\":{\"@type\":\"ImageObject\",\"inLanguage\":\"fr-FR\",\"@id\":\"https:\\\/\\\/www.webdo.tn\\\/fr\\\/#\\\/schema\\\/logo\\\/image\\\/\",\"url\":\"https:\\\/\\\/www.webdo.tn\\\/fr\\\/wp-content\\\/uploads\\\/2025\\\/06\\\/Webdo-Tunisie_168377.jpg\",\"contentUrl\":\"https:\\\/\\\/www.webdo.tn\\\/fr\\\/wp-content\\\/uploads\\\/2025\\\/06\\\/Webdo-Tunisie_168377.jpg\",\"width\":301,\"height\":301,\"caption\":\"Webdo\"},\"image\":{\"@id\":\"https:\\\/\\\/www.webdo.tn\\\/fr\\\/#\\\/schema\\\/logo\\\/image\\\/\"},\"sameAs\":[\"https:\\\/\\\/www.facebook.com\\\/webdotn\",\"https:\\\/\\\/x.com\\\/webdo_tn\"],\"description\":\"Webdo est un m\u00e9dia num\u00e9rique tunisien fond\u00e9 en 2010, sp\u00e9cialis\u00e9 dans l\u2019actualit\u00e9 nationale et internationale, l\u2019\u00e9conomie, la soci\u00e9t\u00e9 et les analyses politiques. Le site s\u2019adresse \u00e0 un large public francophone et couvre l\u2019information tunisienne en temps r\u00e9el.\",\"email\":\"redac@webdo.tn\",\"legalName\":\"YNJ SARL\",\"foundingDate\":\"2010-09-06\",\"numberOfEmployees\":{\"@type\":\"QuantitativeValue\",\"minValue\":\"11\",\"maxValue\":\"50\"}},{\"@type\":\"Person\",\"@id\":\"https:\\\/\\\/www.webdo.tn\\\/fr\\\/#\\\/schema\\\/person\\\/9a9c6118d687c117df8ef3cc36a4d175\",\"name\":\"webdo.tn\",\"image\":{\"@type\":\"ImageObject\",\"inLanguage\":\"fr-FR\",\"@id\":\"https:\\\/\\\/secure.gravatar.com\\\/avatar\\\/7ce1f28c0c3bbac99ff550b85ef8e44a6950c6ee24514fb6a5489e51d06f0298?s=96&d=mm&r=g\",\"url\":\"https:\\\/\\\/secure.gravatar.com\\\/avatar\\\/7ce1f28c0c3bbac99ff550b85ef8e44a6950c6ee24514fb6a5489e51d06f0298?s=96&d=mm&r=g\",\"contentUrl\":\"https:\\\/\\\/secure.gravatar.com\\\/avatar\\\/7ce1f28c0c3bbac99ff550b85ef8e44a6950c6ee24514fb6a5489e51d06f0298?s=96&d=mm&r=g\",\"caption\":\"webdo.tn\"},\"url\":\"https:\\\/\\\/www.webdo.tn\\\/fr\\\/actualite\\\/author\\\/webdotn\\\/\"}]}<\/script>\n<!-- \/ Yoast SEO Premium plugin. -->","yoast_head_json":{"title":"Les cons\u00e9quences du communiqu\u00e9 du 6 juin : L\u2019acte de d\u00e9c\u00e8s de Nidaa, fuite en avant d\u2019Ennahdha !","description":"Les cons\u00e9quences du communiqu\u00e9 du 6 juin : L\u2019acte de d\u00e9c\u00e8s de Nidaa, fuite en avant d\u2019Ennahdha !","canonical":"https:\/\/www.webdo.tn\/fr\/actualite\/edito\/consequences-communique-6-juin-lacte-de-deces-de-nidaa-fuite-dennahdha\/178939\/","og_locale":"fr_FR","og_type":"article","og_title":"Les cons\u00e9quences du communiqu\u00e9 du 6 juin : L\u2019acte de d\u00e9c\u00e8s de Nidaa, fuite en avant d\u2019Ennahdha !","og_description":"Les cons\u00e9quences du communiqu\u00e9 du 6 juin : L\u2019acte de d\u00e9c\u00e8s de Nidaa, fuite en avant d\u2019Ennahdha !","og_url":"https:\/\/www.webdo.tn\/fr\/actualite\/edito\/consequences-communique-6-juin-lacte-de-deces-de-nidaa-fuite-dennahdha\/178939\/","og_site_name":"webdo","article_publisher":"https:\/\/www.facebook.com\/webdotn","article_published_time":"2017-06-09T14:59:00+00:00","og_image":[{"width":463,"height":242,"url":"https:\/\/www.webdo.tn\/fr\/wp-content\/uploads\/2017\/06\/Ghannouchi-BCE-A-Paris.jpg","type":"image\/jpeg"}],"author":"webdo.tn","twitter_card":"summary_large_image","twitter_creator":"@webdo_tn","twitter_site":"@webdo_tn","twitter_misc":{"\u00c9crit par":"webdo.tn","Dur\u00e9e de lecture estim\u00e9e":"3 minutes"},"schema":{"@context":"https:\/\/schema.org","@graph":[{"@type":"NewsArticle","@id":"https:\/\/www.webdo.tn\/fr\/actualite\/edito\/consequences-communique-6-juin-lacte-de-deces-de-nidaa-fuite-dennahdha\/178939\/#article","isPartOf":{"@id":"https:\/\/www.webdo.tn\/fr\/actualite\/edito\/consequences-communique-6-juin-lacte-de-deces-de-nidaa-fuite-dennahdha\/178939\/"},"author":{"name":"webdo.tn","@id":"https:\/\/www.webdo.tn\/fr\/#\/schema\/person\/9a9c6118d687c117df8ef3cc36a4d175"},"headline":"Les cons\u00e9quences du communiqu\u00e9 du 6 juin : L\u2019acte de d\u00e9c\u00e8s de Nidaa, fuite en avant d\u2019Ennahdha !","datePublished":"2017-06-09T14:59:00+00:00","mainEntityOfPage":{"@id":"https:\/\/www.webdo.tn\/fr\/actualite\/edito\/consequences-communique-6-juin-lacte-de-deces-de-nidaa-fuite-dennahdha\/178939\/"},"wordCount":696,"commentCount":0,"publisher":{"@id":"https:\/\/www.webdo.tn\/fr\/#organization"},"image":{"@id":"https:\/\/www.webdo.tn\/fr\/actualite\/edito\/consequences-communique-6-juin-lacte-de-deces-de-nidaa-fuite-dennahdha\/178939\/#primaryimage"},"thumbnailUrl":"https:\/\/www.webdo.tn\/fr\/wp-content\/uploads\/2017\/06\/Ghannouchi-BCE-A-Paris.jpg","keywords":["guerre"],"articleSection":["Edito"],"inLanguage":"fr-FR"},{"@type":"WebPage","@id":"https:\/\/www.webdo.tn\/fr\/actualite\/edito\/consequences-communique-6-juin-lacte-de-deces-de-nidaa-fuite-dennahdha\/178939\/","url":"https:\/\/www.webdo.tn\/fr\/actualite\/edito\/consequences-communique-6-juin-lacte-de-deces-de-nidaa-fuite-dennahdha\/178939\/","name":"Les cons\u00e9quences du communiqu\u00e9 du 6 juin : L\u2019acte de d\u00e9c\u00e8s de Nidaa, fuite en avant d\u2019Ennahdha !","isPartOf":{"@id":"https:\/\/www.webdo.tn\/fr\/#website"},"primaryImageOfPage":{"@id":"https:\/\/www.webdo.tn\/fr\/actualite\/edito\/consequences-communique-6-juin-lacte-de-deces-de-nidaa-fuite-dennahdha\/178939\/#primaryimage"},"image":{"@id":"https:\/\/www.webdo.tn\/fr\/actualite\/edito\/consequences-communique-6-juin-lacte-de-deces-de-nidaa-fuite-dennahdha\/178939\/#primaryimage"},"thumbnailUrl":"https:\/\/www.webdo.tn\/fr\/wp-content\/uploads\/2017\/06\/Ghannouchi-BCE-A-Paris.jpg","datePublished":"2017-06-09T14:59:00+00:00","description":"Les cons\u00e9quences du communiqu\u00e9 du 6 juin : L\u2019acte de d\u00e9c\u00e8s de Nidaa, fuite en avant d\u2019Ennahdha !","breadcrumb":{"@id":"https:\/\/www.webdo.tn\/fr\/actualite\/edito\/consequences-communique-6-juin-lacte-de-deces-de-nidaa-fuite-dennahdha\/178939\/#breadcrumb"},"inLanguage":"fr-FR","potentialAction":[{"@type":"ReadAction","target":["https:\/\/www.webdo.tn\/fr\/actualite\/edito\/consequences-communique-6-juin-lacte-de-deces-de-nidaa-fuite-dennahdha\/178939\/"]}]},{"@type":"ImageObject","inLanguage":"fr-FR","@id":"https:\/\/www.webdo.tn\/fr\/actualite\/edito\/consequences-communique-6-juin-lacte-de-deces-de-nidaa-fuite-dennahdha\/178939\/#primaryimage","url":"https:\/\/www.webdo.tn\/fr\/wp-content\/uploads\/2017\/06\/Ghannouchi-BCE-A-Paris.jpg","contentUrl":"https:\/\/www.webdo.tn\/fr\/wp-content\/uploads\/2017\/06\/Ghannouchi-BCE-A-Paris.jpg","width":463,"height":242,"caption":"Les cons\u00e9quences du communiqu\u00e9 du 6 juin : L\u2019acte de d\u00e9c\u00e8s de Nidaa, fuite en avant d\u2019Ennahdha !"},{"@type":"BreadcrumbList","@id":"https:\/\/www.webdo.tn\/fr\/actualite\/edito\/consequences-communique-6-juin-lacte-de-deces-de-nidaa-fuite-dennahdha\/178939\/#breadcrumb","itemListElement":[{"@type":"ListItem","position":1,"name":"Accueil","item":"https:\/\/www.webdo.tn\/fr\/"},{"@type":"ListItem","position":2,"name":"Les cons\u00e9quences du communiqu\u00e9 du 6 juin : L\u2019acte de d\u00e9c\u00e8s de Nidaa, fuite en avant d\u2019Ennahdha !"}]},{"@type":"WebSite","@id":"https:\/\/www.webdo.tn\/fr\/#website","url":"https:\/\/www.webdo.tn\/fr\/","name":"webdo","description":"Tunisie - News en Tunisie et \u00e0 l&#039;international sur Webdo.tn","publisher":{"@id":"https:\/\/www.webdo.tn\/fr\/#organization"},"potentialAction":[{"@type":"SearchAction","target":{"@type":"EntryPoint","urlTemplate":"https:\/\/www.webdo.tn\/fr\/?s={search_term_string}"},"query-input":{"@type":"PropertyValueSpecification","valueRequired":true,"valueName":"search_term_string"}}],"inLanguage":"fr-FR"},{"@type":"Organization","@id":"https:\/\/www.webdo.tn\/fr\/#organization","name":"Webdo","alternateName":"Webdo.tn","url":"https:\/\/www.webdo.tn\/fr\/","logo":{"@type":"ImageObject","inLanguage":"fr-FR","@id":"https:\/\/www.webdo.tn\/fr\/#\/schema\/logo\/image\/","url":"https:\/\/www.webdo.tn\/fr\/wp-content\/uploads\/2025\/06\/Webdo-Tunisie_168377.jpg","contentUrl":"https:\/\/www.webdo.tn\/fr\/wp-content\/uploads\/2025\/06\/Webdo-Tunisie_168377.jpg","width":301,"height":301,"caption":"Webdo"},"image":{"@id":"https:\/\/www.webdo.tn\/fr\/#\/schema\/logo\/image\/"},"sameAs":["https:\/\/www.facebook.com\/webdotn","https:\/\/x.com\/webdo_tn"],"description":"Webdo est un m\u00e9dia num\u00e9rique tunisien fond\u00e9 en 2010, sp\u00e9cialis\u00e9 dans l\u2019actualit\u00e9 nationale et internationale, l\u2019\u00e9conomie, la soci\u00e9t\u00e9 et les analyses politiques. Le site s\u2019adresse \u00e0 un large public francophone et couvre l\u2019information tunisienne en temps r\u00e9el.","email":"redac@webdo.tn","legalName":"YNJ SARL","foundingDate":"2010-09-06","numberOfEmployees":{"@type":"QuantitativeValue","minValue":"11","maxValue":"50"}},{"@type":"Person","@id":"https:\/\/www.webdo.tn\/fr\/#\/schema\/person\/9a9c6118d687c117df8ef3cc36a4d175","name":"webdo.tn","image":{"@type":"ImageObject","inLanguage":"fr-FR","@id":"https:\/\/secure.gravatar.com\/avatar\/7ce1f28c0c3bbac99ff550b85ef8e44a6950c6ee24514fb6a5489e51d06f0298?s=96&d=mm&r=g","url":"https:\/\/secure.gravatar.com\/avatar\/7ce1f28c0c3bbac99ff550b85ef8e44a6950c6ee24514fb6a5489e51d06f0298?s=96&d=mm&r=g","contentUrl":"https:\/\/secure.gravatar.com\/avatar\/7ce1f28c0c3bbac99ff550b85ef8e44a6950c6ee24514fb6a5489e51d06f0298?s=96&d=mm&r=g","caption":"webdo.tn"},"url":"https:\/\/www.webdo.tn\/fr\/actualite\/author\/webdotn\/"}]}},"_links":{"self":[{"href":"https:\/\/www.webdo.tn\/fr\/wp-json\/wp\/v2\/posts\/178939","targetHints":{"allow":["GET"]}}],"collection":[{"href":"https:\/\/www.webdo.tn\/fr\/wp-json\/wp\/v2\/posts"}],"about":[{"href":"https:\/\/www.webdo.tn\/fr\/wp-json\/wp\/v2\/types\/post"}],"author":[{"embeddable":true,"href":"https:\/\/www.webdo.tn\/fr\/wp-json\/wp\/v2\/users\/3222"}],"replies":[{"embeddable":true,"href":"https:\/\/www.webdo.tn\/fr\/wp-json\/wp\/v2\/comments?post=178939"}],"version-history":[{"count":0,"href":"https:\/\/www.webdo.tn\/fr\/wp-json\/wp\/v2\/posts\/178939\/revisions"}],"wp:featuredmedia":[{"embeddable":true,"href":"https:\/\/www.webdo.tn\/fr\/wp-json\/wp\/v2\/media\/325448"}],"wp:attachment":[{"href":"https:\/\/www.webdo.tn\/fr\/wp-json\/wp\/v2\/media?parent=178939"}],"wp:term":[{"taxonomy":"category","embeddable":true,"href":"https:\/\/www.webdo.tn\/fr\/wp-json\/wp\/v2\/categories?post=178939"},{"taxonomy":"post_tag","embeddable":true,"href":"https:\/\/www.webdo.tn\/fr\/wp-json\/wp\/v2\/tags?post=178939"}],"curies":[{"name":"wp","href":"https:\/\/api.w.org\/{rel}","templated":true}]}}