{"id":178937,"date":"2018-02-06T17:02:00","date_gmt":"2018-02-06T17:02:00","guid":{"rendered":"https:\/\/www.webdo.tn\/fr\/blog\/cinq-ans-apres-lassassinat-de-chokri-belaid-devoir-de-memoire-droit-de-savoir\/178937\/"},"modified":"2025-05-19T00:06:03","modified_gmt":"2025-05-19T00:06:03","slug":"cinq-ans-apres-lassassinat-de-chokri-belaid-devoir-de-memoire-droit-de-savoir","status":"publish","type":"post","link":"https:\/\/www.webdo.tn\/fr\/actualite\/edito\/cinq-ans-apres-lassassinat-de-chokri-belaid-devoir-de-memoire-droit-de-savoir\/178937\/","title":{"rendered":"Cinq ans apr\u00e8s l\u2019assassinat de Chokri Belaid : le devoir de m\u00e9moire, le droit de savoir !"},"content":{"rendered":"<p>L\u2019histoire de la Tunisie post-14 janvier 2011 a probablement chang\u00e9 d\u2019orientation ce 6 f\u00e9vrier 2013 lorsque de vils mains ont \u00e9limin\u00e9 par l\u2019assassinat Chokri Belaid, un homme qui commen\u00e7ait \u00e0 acqu\u00e9rir une notori\u00e9t\u00e9 certaine gr\u00e2ce \u00e0 un discours populaire et simple, mais non d\u00e9nu\u00e9 d\u2019id\u00e9aux et de principes directeurs qui prenaient chaque jour une plus grande ampleur et attiraient de plus en plus de sympathisants.<\/p>\n<p>Chokri Belaid est depuis, devenu un symbole de la r\u00e9sistance \u00e0 la n\u00e9buleuse islamiste qui promettait de tout \u00e9craser sur son passage pour pr\u00e9parer l\u2019av\u00e8nement du Califat tant r\u00eav\u00e9.<\/p>\n<p>Cinq ans sont pass\u00e9s mais personne n\u2019a oubli\u00e9 les cons\u00e9quences politiques importantes que le sacrifice de Chokri Belaid, puis de Mohamed Brahmi ont engendr\u00e9es dans le pays. L\u2019assassinat de Chokri Belaid a radicalement modifi\u00e9 la donne de fa\u00e7on \u00e0 remettre en cause \u00e0 l\u2019\u00e9poque la l\u00e9gitimit\u00e9 du gouvernement de Hamadi Jebali, qui n\u2019a pas tard\u00e9 \u00e0 partir, et de la Tro\u00efka qui menait le pays vers une pseudo-d\u00e9mocratie islamiste \u00e0 la \u00ab Erdogan \u00bb !<\/p>\n<p>Cinq ans apr\u00e8s, l\u2019\u00e9crasante majorit\u00e9 les Tunisiens qui s\u2019\u00e9tait lev\u00e9e comme une seule personne pour d\u00e9noncer ce crime de vigoureuse mani\u00e8re, devrait toujours se rappeler de la n\u00e9cessit\u00e9 de demeurer vigilant afin d\u2019\u00e9viter \u00e0 notre pays le spectre de la violence politique.<\/p>\n<p>Car, il est ind\u00e9niable que la menace n\u2019est pas aussi \u00e9loign\u00e9e qu\u2019on le croit, et que certains nous rappellent souvent que rien ne pourrait plus se faire sans eux, et que les marginaliser pourrait avoir des cons\u00e9quences dangereuses pour le pays.<\/p>\n<p>Autrement dit, ce devoir de m\u00e9moire, nous devons le cultiver \u00e0 l\u2019\u00e9gard non seulement du martyr qu\u2019est Chokri Belaid, mais aussi \u00e0 l\u2019\u00e9gard du contexte dans lequel s\u2019est produit cet assassinat. Il s\u2019agit pour le peuple tunisien de continuer \u00e0 sanctionner ceux qui nous ont fait baigner et vivre dans cette ambiance de violence politique et de terreur, devenues quotidiennes.<\/p>\n<p>Il faut simplement rappeler les agressions qui se sont produites contre les journalistes, artistes, penseurs \u00e0 l\u2019\u00e9poque ; contre les manifestants un certain 9 avril 2012, l\u2019attaque du si\u00e8ge de l\u2019UGTT du 4 d\u00e9cembre 2012, et couronn\u00e9es par les assassinats de Chokri Belaid et Mohamed Brahmi.<\/p>\n<p>Ce devoir de m\u00e9moire appelle aujourd\u2019hui un droit de savoir sans lequel le peuple tunisien ne pourrait pas tourner d\u00e9finitivement cette page noire de son histoire. Il s\u2019agit pour la justice tunisienne et des pouvoirs publics de faire toute la lumi\u00e8re sur ces deux crimes, d\u00e9limiter les responsabilit\u00e9s (morales, politiques, mat\u00e9rielles), d\u00e9signer les coupables et les traduire en justice afin que chacun assume ses erreurs et ses fautes.<\/p>\n<p>Pour l\u2019instant, les deux affaires trainent dans les arcanes de la justice sans aucune lueur d\u2019espoir de les voir se d\u00e9nouer. Or, le silence de l\u2019Etat, des partis et de la justice ne font que confirmer cette impuissance symptomatique des nouveaux gouvernants \u00e0 adopter des actions et \u00e0 prendre des r\u00e9solutions audacieuses, et, de mettre ainsi le pays sur la juste voie, politique, \u00e9conomique et sociale.<\/p>\n","protected":false},"excerpt":{"rendered":"<p>Cinq ans apr\u00e8s l\u2019assassinat de Chokri Belaid : le devoir de m\u00e9moire, le droit de savoir !<\/p>\n","protected":false},"author":3222,"featured_media":300987,"comment_status":"open","ping_status":"closed","sticky":false,"template":"","format":"standard","meta":{"footnotes":""},"categories":[2589],"tags":[2600],"class_list":["post-178937","post","type-post","status-publish","format-standard","has-post-thumbnail","hentry","category-edito","tag-guerre"],"yoast_head":"<!-- This site is optimized with the Yoast SEO Premium plugin v27.5 (Yoast SEO v27.5) - https:\/\/yoast.com\/product\/yoast-seo-premium-wordpress\/ -->\n<title>Cinq ans apr\u00e8s l\u2019assassinat de Chokri Belaid : le devoir de m\u00e9moire, le droit de savoir !<\/title>\n<meta name=\"description\" content=\"Cinq ans apr\u00e8s l\u2019assassinat de Chokri Belaid : le devoir de m\u00e9moire, le droit de savoir !\" \/>\n<link rel=\"canonical\" href=\"https:\/\/www.webdo.tn\/fr\/actualite\/edito\/cinq-ans-apres-lassassinat-de-chokri-belaid-devoir-de-memoire-droit-de-savoir\/178937\/\" \/>\n<meta property=\"og:locale\" content=\"fr_FR\" \/>\n<meta property=\"og:type\" content=\"article\" \/>\n<meta property=\"og:title\" content=\"Cinq ans apr\u00e8s l\u2019assassinat de Chokri Belaid : le devoir de m\u00e9moire, le droit de savoir !\" \/>\n<meta property=\"og:description\" content=\"Cinq ans apr\u00e8s l\u2019assassinat de Chokri Belaid : le devoir de m\u00e9moire, le droit de savoir !\" \/>\n<meta property=\"og:url\" content=\"https:\/\/www.webdo.tn\/fr\/actualite\/edito\/cinq-ans-apres-lassassinat-de-chokri-belaid-devoir-de-memoire-droit-de-savoir\/178937\/\" \/>\n<meta property=\"og:site_name\" content=\"webdo\" \/>\n<meta property=\"article:publisher\" content=\"https:\/\/www.facebook.com\/webdotn\" \/>\n<meta property=\"article:published_time\" content=\"2018-02-06T17:02:00+00:00\" \/>\n<meta property=\"article:modified_time\" content=\"2025-05-19T00:06:03+00:00\" \/>\n<meta property=\"og:image\" content=\"https:\/\/www.webdo.tn\/fr\/wp-content\/uploads\/2018\/02\/Enterrement-Chokri-Belaid-photo-webdo-10.jpg\" \/>\n\t<meta property=\"og:image:width\" content=\"450\" \/>\n\t<meta property=\"og:image:height\" content=\"337\" \/>\n\t<meta property=\"og:image:type\" content=\"image\/jpeg\" \/>\n<meta name=\"author\" content=\"webdo.tn\" \/>\n<meta name=\"twitter:card\" content=\"summary_large_image\" \/>\n<meta name=\"twitter:creator\" content=\"@webdo_tn\" \/>\n<meta name=\"twitter:site\" content=\"@webdo_tn\" \/>\n<meta name=\"twitter:label1\" content=\"\u00c9crit par\" \/>\n\t<meta name=\"twitter:data1\" content=\"webdo.tn\" \/>\n\t<meta name=\"twitter:label2\" content=\"Dur\u00e9e de lecture estim\u00e9e\" \/>\n\t<meta name=\"twitter:data2\" content=\"3 minutes\" \/>\n<script type=\"application\/ld+json\" class=\"yoast-schema-graph\">{\"@context\":\"https:\\\/\\\/schema.org\",\"@graph\":[{\"@type\":\"NewsArticle\",\"@id\":\"https:\\\/\\\/www.webdo.tn\\\/fr\\\/actualite\\\/edito\\\/cinq-ans-apres-lassassinat-de-chokri-belaid-devoir-de-memoire-droit-de-savoir\\\/178937\\\/#article\",\"isPartOf\":{\"@id\":\"https:\\\/\\\/www.webdo.tn\\\/fr\\\/actualite\\\/edito\\\/cinq-ans-apres-lassassinat-de-chokri-belaid-devoir-de-memoire-droit-de-savoir\\\/178937\\\/\"},\"author\":{\"name\":\"webdo.tn\",\"@id\":\"https:\\\/\\\/www.webdo.tn\\\/fr\\\/#\\\/schema\\\/person\\\/9a9c6118d687c117df8ef3cc36a4d175\"},\"headline\":\"Cinq ans apr\u00e8s l\u2019assassinat de Chokri Belaid : le devoir de m\u00e9moire, le droit de savoir !\",\"datePublished\":\"2018-02-06T17:02:00+00:00\",\"dateModified\":\"2025-05-19T00:06:03+00:00\",\"mainEntityOfPage\":{\"@id\":\"https:\\\/\\\/www.webdo.tn\\\/fr\\\/actualite\\\/edito\\\/cinq-ans-apres-lassassinat-de-chokri-belaid-devoir-de-memoire-droit-de-savoir\\\/178937\\\/\"},\"wordCount\":552,\"commentCount\":0,\"publisher\":{\"@id\":\"https:\\\/\\\/www.webdo.tn\\\/fr\\\/#organization\"},\"image\":{\"@id\":\"https:\\\/\\\/www.webdo.tn\\\/fr\\\/actualite\\\/edito\\\/cinq-ans-apres-lassassinat-de-chokri-belaid-devoir-de-memoire-droit-de-savoir\\\/178937\\\/#primaryimage\"},\"thumbnailUrl\":\"https:\\\/\\\/www.webdo.tn\\\/fr\\\/wp-content\\\/uploads\\\/2018\\\/02\\\/Enterrement-Chokri-Belaid-photo-webdo-10.jpg\",\"keywords\":[\"guerre\"],\"articleSection\":[\"Edito\"],\"inLanguage\":\"fr-FR\"},{\"@type\":\"WebPage\",\"@id\":\"https:\\\/\\\/www.webdo.tn\\\/fr\\\/actualite\\\/edito\\\/cinq-ans-apres-lassassinat-de-chokri-belaid-devoir-de-memoire-droit-de-savoir\\\/178937\\\/\",\"url\":\"https:\\\/\\\/www.webdo.tn\\\/fr\\\/actualite\\\/edito\\\/cinq-ans-apres-lassassinat-de-chokri-belaid-devoir-de-memoire-droit-de-savoir\\\/178937\\\/\",\"name\":\"Cinq ans apr\u00e8s l\u2019assassinat de Chokri Belaid : le devoir de m\u00e9moire, le droit de savoir !\",\"isPartOf\":{\"@id\":\"https:\\\/\\\/www.webdo.tn\\\/fr\\\/#website\"},\"primaryImageOfPage\":{\"@id\":\"https:\\\/\\\/www.webdo.tn\\\/fr\\\/actualite\\\/edito\\\/cinq-ans-apres-lassassinat-de-chokri-belaid-devoir-de-memoire-droit-de-savoir\\\/178937\\\/#primaryimage\"},\"image\":{\"@id\":\"https:\\\/\\\/www.webdo.tn\\\/fr\\\/actualite\\\/edito\\\/cinq-ans-apres-lassassinat-de-chokri-belaid-devoir-de-memoire-droit-de-savoir\\\/178937\\\/#primaryimage\"},\"thumbnailUrl\":\"https:\\\/\\\/www.webdo.tn\\\/fr\\\/wp-content\\\/uploads\\\/2018\\\/02\\\/Enterrement-Chokri-Belaid-photo-webdo-10.jpg\",\"datePublished\":\"2018-02-06T17:02:00+00:00\",\"dateModified\":\"2025-05-19T00:06:03+00:00\",\"description\":\"Cinq ans apr\u00e8s l\u2019assassinat de Chokri Belaid : le devoir de m\u00e9moire, le droit de savoir !\",\"breadcrumb\":{\"@id\":\"https:\\\/\\\/www.webdo.tn\\\/fr\\\/actualite\\\/edito\\\/cinq-ans-apres-lassassinat-de-chokri-belaid-devoir-de-memoire-droit-de-savoir\\\/178937\\\/#breadcrumb\"},\"inLanguage\":\"fr-FR\",\"potentialAction\":[{\"@type\":\"ReadAction\",\"target\":[\"https:\\\/\\\/www.webdo.tn\\\/fr\\\/actualite\\\/edito\\\/cinq-ans-apres-lassassinat-de-chokri-belaid-devoir-de-memoire-droit-de-savoir\\\/178937\\\/\"]}]},{\"@type\":\"ImageObject\",\"inLanguage\":\"fr-FR\",\"@id\":\"https:\\\/\\\/www.webdo.tn\\\/fr\\\/actualite\\\/edito\\\/cinq-ans-apres-lassassinat-de-chokri-belaid-devoir-de-memoire-droit-de-savoir\\\/178937\\\/#primaryimage\",\"url\":\"https:\\\/\\\/www.webdo.tn\\\/fr\\\/wp-content\\\/uploads\\\/2018\\\/02\\\/Enterrement-Chokri-Belaid-photo-webdo-10.jpg\",\"contentUrl\":\"https:\\\/\\\/www.webdo.tn\\\/fr\\\/wp-content\\\/uploads\\\/2018\\\/02\\\/Enterrement-Chokri-Belaid-photo-webdo-10.jpg\",\"width\":450,\"height\":337,\"caption\":\"Cinq ans apr\u00e8s l\u2019assassinat de Chokri Belaid : le devoir de m\u00e9moire, le droit de savoir !\"},{\"@type\":\"BreadcrumbList\",\"@id\":\"https:\\\/\\\/www.webdo.tn\\\/fr\\\/actualite\\\/edito\\\/cinq-ans-apres-lassassinat-de-chokri-belaid-devoir-de-memoire-droit-de-savoir\\\/178937\\\/#breadcrumb\",\"itemListElement\":[{\"@type\":\"ListItem\",\"position\":1,\"name\":\"Accueil\",\"item\":\"https:\\\/\\\/www.webdo.tn\\\/fr\\\/\"},{\"@type\":\"ListItem\",\"position\":2,\"name\":\"Cinq ans apr\u00e8s l\u2019assassinat de Chokri Belaid : le devoir de m\u00e9moire, le droit de savoir !\"}]},{\"@type\":\"WebSite\",\"@id\":\"https:\\\/\\\/www.webdo.tn\\\/fr\\\/#website\",\"url\":\"https:\\\/\\\/www.webdo.tn\\\/fr\\\/\",\"name\":\"webdo\",\"description\":\"Tunisie - News en Tunisie et \u00e0 l&#039;international sur Webdo.tn\",\"publisher\":{\"@id\":\"https:\\\/\\\/www.webdo.tn\\\/fr\\\/#organization\"},\"potentialAction\":[{\"@type\":\"SearchAction\",\"target\":{\"@type\":\"EntryPoint\",\"urlTemplate\":\"https:\\\/\\\/www.webdo.tn\\\/fr\\\/?s={search_term_string}\"},\"query-input\":{\"@type\":\"PropertyValueSpecification\",\"valueRequired\":true,\"valueName\":\"search_term_string\"}}],\"inLanguage\":\"fr-FR\"},{\"@type\":\"Organization\",\"@id\":\"https:\\\/\\\/www.webdo.tn\\\/fr\\\/#organization\",\"name\":\"Webdo\",\"alternateName\":\"Webdo.tn\",\"url\":\"https:\\\/\\\/www.webdo.tn\\\/fr\\\/\",\"logo\":{\"@type\":\"ImageObject\",\"inLanguage\":\"fr-FR\",\"@id\":\"https:\\\/\\\/www.webdo.tn\\\/fr\\\/#\\\/schema\\\/logo\\\/image\\\/\",\"url\":\"https:\\\/\\\/www.webdo.tn\\\/fr\\\/wp-content\\\/uploads\\\/2025\\\/06\\\/Webdo-Tunisie_168377.jpg\",\"contentUrl\":\"https:\\\/\\\/www.webdo.tn\\\/fr\\\/wp-content\\\/uploads\\\/2025\\\/06\\\/Webdo-Tunisie_168377.jpg\",\"width\":301,\"height\":301,\"caption\":\"Webdo\"},\"image\":{\"@id\":\"https:\\\/\\\/www.webdo.tn\\\/fr\\\/#\\\/schema\\\/logo\\\/image\\\/\"},\"sameAs\":[\"https:\\\/\\\/www.facebook.com\\\/webdotn\",\"https:\\\/\\\/x.com\\\/webdo_tn\"],\"description\":\"Webdo est un m\u00e9dia num\u00e9rique tunisien fond\u00e9 en 2010, sp\u00e9cialis\u00e9 dans l\u2019actualit\u00e9 nationale et internationale, l\u2019\u00e9conomie, la soci\u00e9t\u00e9 et les analyses politiques. Le site s\u2019adresse \u00e0 un large public francophone et couvre l\u2019information tunisienne en temps r\u00e9el.\",\"email\":\"redac@webdo.tn\",\"legalName\":\"YNJ SARL\",\"foundingDate\":\"2010-09-06\",\"numberOfEmployees\":{\"@type\":\"QuantitativeValue\",\"minValue\":\"11\",\"maxValue\":\"50\"}},{\"@type\":\"Person\",\"@id\":\"https:\\\/\\\/www.webdo.tn\\\/fr\\\/#\\\/schema\\\/person\\\/9a9c6118d687c117df8ef3cc36a4d175\",\"name\":\"webdo.tn\",\"image\":{\"@type\":\"ImageObject\",\"inLanguage\":\"fr-FR\",\"@id\":\"https:\\\/\\\/secure.gravatar.com\\\/avatar\\\/7ce1f28c0c3bbac99ff550b85ef8e44a6950c6ee24514fb6a5489e51d06f0298?s=96&d=mm&r=g\",\"url\":\"https:\\\/\\\/secure.gravatar.com\\\/avatar\\\/7ce1f28c0c3bbac99ff550b85ef8e44a6950c6ee24514fb6a5489e51d06f0298?s=96&d=mm&r=g\",\"contentUrl\":\"https:\\\/\\\/secure.gravatar.com\\\/avatar\\\/7ce1f28c0c3bbac99ff550b85ef8e44a6950c6ee24514fb6a5489e51d06f0298?s=96&d=mm&r=g\",\"caption\":\"webdo.tn\"},\"url\":\"https:\\\/\\\/www.webdo.tn\\\/fr\\\/actualite\\\/author\\\/webdotn\\\/\"}]}<\/script>\n<!-- \/ Yoast SEO Premium plugin. -->","yoast_head_json":{"title":"Cinq ans apr\u00e8s l\u2019assassinat de Chokri Belaid : le devoir de m\u00e9moire, le droit de savoir !","description":"Cinq ans apr\u00e8s l\u2019assassinat de Chokri Belaid : le devoir de m\u00e9moire, le droit de savoir !","canonical":"https:\/\/www.webdo.tn\/fr\/actualite\/edito\/cinq-ans-apres-lassassinat-de-chokri-belaid-devoir-de-memoire-droit-de-savoir\/178937\/","og_locale":"fr_FR","og_type":"article","og_title":"Cinq ans apr\u00e8s l\u2019assassinat de Chokri Belaid : le devoir de m\u00e9moire, le droit de savoir !","og_description":"Cinq ans apr\u00e8s l\u2019assassinat de Chokri Belaid : le devoir de m\u00e9moire, le droit de savoir !","og_url":"https:\/\/www.webdo.tn\/fr\/actualite\/edito\/cinq-ans-apres-lassassinat-de-chokri-belaid-devoir-de-memoire-droit-de-savoir\/178937\/","og_site_name":"webdo","article_publisher":"https:\/\/www.facebook.com\/webdotn","article_published_time":"2018-02-06T17:02:00+00:00","article_modified_time":"2025-05-19T00:06:03+00:00","og_image":[{"width":450,"height":337,"url":"https:\/\/www.webdo.tn\/fr\/wp-content\/uploads\/2018\/02\/Enterrement-Chokri-Belaid-photo-webdo-10.jpg","type":"image\/jpeg"}],"author":"webdo.tn","twitter_card":"summary_large_image","twitter_creator":"@webdo_tn","twitter_site":"@webdo_tn","twitter_misc":{"\u00c9crit par":"webdo.tn","Dur\u00e9e de lecture estim\u00e9e":"3 minutes"},"schema":{"@context":"https:\/\/schema.org","@graph":[{"@type":"NewsArticle","@id":"https:\/\/www.webdo.tn\/fr\/actualite\/edito\/cinq-ans-apres-lassassinat-de-chokri-belaid-devoir-de-memoire-droit-de-savoir\/178937\/#article","isPartOf":{"@id":"https:\/\/www.webdo.tn\/fr\/actualite\/edito\/cinq-ans-apres-lassassinat-de-chokri-belaid-devoir-de-memoire-droit-de-savoir\/178937\/"},"author":{"name":"webdo.tn","@id":"https:\/\/www.webdo.tn\/fr\/#\/schema\/person\/9a9c6118d687c117df8ef3cc36a4d175"},"headline":"Cinq ans apr\u00e8s l\u2019assassinat de Chokri Belaid : le devoir de m\u00e9moire, le droit de savoir !","datePublished":"2018-02-06T17:02:00+00:00","dateModified":"2025-05-19T00:06:03+00:00","mainEntityOfPage":{"@id":"https:\/\/www.webdo.tn\/fr\/actualite\/edito\/cinq-ans-apres-lassassinat-de-chokri-belaid-devoir-de-memoire-droit-de-savoir\/178937\/"},"wordCount":552,"commentCount":0,"publisher":{"@id":"https:\/\/www.webdo.tn\/fr\/#organization"},"image":{"@id":"https:\/\/www.webdo.tn\/fr\/actualite\/edito\/cinq-ans-apres-lassassinat-de-chokri-belaid-devoir-de-memoire-droit-de-savoir\/178937\/#primaryimage"},"thumbnailUrl":"https:\/\/www.webdo.tn\/fr\/wp-content\/uploads\/2018\/02\/Enterrement-Chokri-Belaid-photo-webdo-10.jpg","keywords":["guerre"],"articleSection":["Edito"],"inLanguage":"fr-FR"},{"@type":"WebPage","@id":"https:\/\/www.webdo.tn\/fr\/actualite\/edito\/cinq-ans-apres-lassassinat-de-chokri-belaid-devoir-de-memoire-droit-de-savoir\/178937\/","url":"https:\/\/www.webdo.tn\/fr\/actualite\/edito\/cinq-ans-apres-lassassinat-de-chokri-belaid-devoir-de-memoire-droit-de-savoir\/178937\/","name":"Cinq ans apr\u00e8s l\u2019assassinat de Chokri Belaid : le devoir de m\u00e9moire, le droit de savoir !","isPartOf":{"@id":"https:\/\/www.webdo.tn\/fr\/#website"},"primaryImageOfPage":{"@id":"https:\/\/www.webdo.tn\/fr\/actualite\/edito\/cinq-ans-apres-lassassinat-de-chokri-belaid-devoir-de-memoire-droit-de-savoir\/178937\/#primaryimage"},"image":{"@id":"https:\/\/www.webdo.tn\/fr\/actualite\/edito\/cinq-ans-apres-lassassinat-de-chokri-belaid-devoir-de-memoire-droit-de-savoir\/178937\/#primaryimage"},"thumbnailUrl":"https:\/\/www.webdo.tn\/fr\/wp-content\/uploads\/2018\/02\/Enterrement-Chokri-Belaid-photo-webdo-10.jpg","datePublished":"2018-02-06T17:02:00+00:00","dateModified":"2025-05-19T00:06:03+00:00","description":"Cinq ans apr\u00e8s l\u2019assassinat de Chokri Belaid : le devoir de m\u00e9moire, le droit de savoir !","breadcrumb":{"@id":"https:\/\/www.webdo.tn\/fr\/actualite\/edito\/cinq-ans-apres-lassassinat-de-chokri-belaid-devoir-de-memoire-droit-de-savoir\/178937\/#breadcrumb"},"inLanguage":"fr-FR","potentialAction":[{"@type":"ReadAction","target":["https:\/\/www.webdo.tn\/fr\/actualite\/edito\/cinq-ans-apres-lassassinat-de-chokri-belaid-devoir-de-memoire-droit-de-savoir\/178937\/"]}]},{"@type":"ImageObject","inLanguage":"fr-FR","@id":"https:\/\/www.webdo.tn\/fr\/actualite\/edito\/cinq-ans-apres-lassassinat-de-chokri-belaid-devoir-de-memoire-droit-de-savoir\/178937\/#primaryimage","url":"https:\/\/www.webdo.tn\/fr\/wp-content\/uploads\/2018\/02\/Enterrement-Chokri-Belaid-photo-webdo-10.jpg","contentUrl":"https:\/\/www.webdo.tn\/fr\/wp-content\/uploads\/2018\/02\/Enterrement-Chokri-Belaid-photo-webdo-10.jpg","width":450,"height":337,"caption":"Cinq ans apr\u00e8s l\u2019assassinat de Chokri Belaid : le devoir de m\u00e9moire, le droit de savoir !"},{"@type":"BreadcrumbList","@id":"https:\/\/www.webdo.tn\/fr\/actualite\/edito\/cinq-ans-apres-lassassinat-de-chokri-belaid-devoir-de-memoire-droit-de-savoir\/178937\/#breadcrumb","itemListElement":[{"@type":"ListItem","position":1,"name":"Accueil","item":"https:\/\/www.webdo.tn\/fr\/"},{"@type":"ListItem","position":2,"name":"Cinq ans apr\u00e8s l\u2019assassinat de Chokri Belaid : le devoir de m\u00e9moire, le droit de savoir !"}]},{"@type":"WebSite","@id":"https:\/\/www.webdo.tn\/fr\/#website","url":"https:\/\/www.webdo.tn\/fr\/","name":"webdo","description":"Tunisie - News en Tunisie et \u00e0 l&#039;international sur Webdo.tn","publisher":{"@id":"https:\/\/www.webdo.tn\/fr\/#organization"},"potentialAction":[{"@type":"SearchAction","target":{"@type":"EntryPoint","urlTemplate":"https:\/\/www.webdo.tn\/fr\/?s={search_term_string}"},"query-input":{"@type":"PropertyValueSpecification","valueRequired":true,"valueName":"search_term_string"}}],"inLanguage":"fr-FR"},{"@type":"Organization","@id":"https:\/\/www.webdo.tn\/fr\/#organization","name":"Webdo","alternateName":"Webdo.tn","url":"https:\/\/www.webdo.tn\/fr\/","logo":{"@type":"ImageObject","inLanguage":"fr-FR","@id":"https:\/\/www.webdo.tn\/fr\/#\/schema\/logo\/image\/","url":"https:\/\/www.webdo.tn\/fr\/wp-content\/uploads\/2025\/06\/Webdo-Tunisie_168377.jpg","contentUrl":"https:\/\/www.webdo.tn\/fr\/wp-content\/uploads\/2025\/06\/Webdo-Tunisie_168377.jpg","width":301,"height":301,"caption":"Webdo"},"image":{"@id":"https:\/\/www.webdo.tn\/fr\/#\/schema\/logo\/image\/"},"sameAs":["https:\/\/www.facebook.com\/webdotn","https:\/\/x.com\/webdo_tn"],"description":"Webdo est un m\u00e9dia num\u00e9rique tunisien fond\u00e9 en 2010, sp\u00e9cialis\u00e9 dans l\u2019actualit\u00e9 nationale et internationale, l\u2019\u00e9conomie, la soci\u00e9t\u00e9 et les analyses politiques. Le site s\u2019adresse \u00e0 un large public francophone et couvre l\u2019information tunisienne en temps r\u00e9el.","email":"redac@webdo.tn","legalName":"YNJ SARL","foundingDate":"2010-09-06","numberOfEmployees":{"@type":"QuantitativeValue","minValue":"11","maxValue":"50"}},{"@type":"Person","@id":"https:\/\/www.webdo.tn\/fr\/#\/schema\/person\/9a9c6118d687c117df8ef3cc36a4d175","name":"webdo.tn","image":{"@type":"ImageObject","inLanguage":"fr-FR","@id":"https:\/\/secure.gravatar.com\/avatar\/7ce1f28c0c3bbac99ff550b85ef8e44a6950c6ee24514fb6a5489e51d06f0298?s=96&d=mm&r=g","url":"https:\/\/secure.gravatar.com\/avatar\/7ce1f28c0c3bbac99ff550b85ef8e44a6950c6ee24514fb6a5489e51d06f0298?s=96&d=mm&r=g","contentUrl":"https:\/\/secure.gravatar.com\/avatar\/7ce1f28c0c3bbac99ff550b85ef8e44a6950c6ee24514fb6a5489e51d06f0298?s=96&d=mm&r=g","caption":"webdo.tn"},"url":"https:\/\/www.webdo.tn\/fr\/actualite\/author\/webdotn\/"}]}},"_links":{"self":[{"href":"https:\/\/www.webdo.tn\/fr\/wp-json\/wp\/v2\/posts\/178937","targetHints":{"allow":["GET"]}}],"collection":[{"href":"https:\/\/www.webdo.tn\/fr\/wp-json\/wp\/v2\/posts"}],"about":[{"href":"https:\/\/www.webdo.tn\/fr\/wp-json\/wp\/v2\/types\/post"}],"author":[{"embeddable":true,"href":"https:\/\/www.webdo.tn\/fr\/wp-json\/wp\/v2\/users\/3222"}],"replies":[{"embeddable":true,"href":"https:\/\/www.webdo.tn\/fr\/wp-json\/wp\/v2\/comments?post=178937"}],"version-history":[{"count":0,"href":"https:\/\/www.webdo.tn\/fr\/wp-json\/wp\/v2\/posts\/178937\/revisions"}],"wp:featuredmedia":[{"embeddable":true,"href":"https:\/\/www.webdo.tn\/fr\/wp-json\/wp\/v2\/media\/300987"}],"wp:attachment":[{"href":"https:\/\/www.webdo.tn\/fr\/wp-json\/wp\/v2\/media?parent=178937"}],"wp:term":[{"taxonomy":"category","embeddable":true,"href":"https:\/\/www.webdo.tn\/fr\/wp-json\/wp\/v2\/categories?post=178937"},{"taxonomy":"post_tag","embeddable":true,"href":"https:\/\/www.webdo.tn\/fr\/wp-json\/wp\/v2\/tags?post=178937"}],"curies":[{"name":"wp","href":"https:\/\/api.w.org\/{rel}","templated":true}]}}