{"id":178936,"date":"2018-03-24T09:50:00","date_gmt":"2018-03-24T09:50:00","guid":{"rendered":"https:\/\/www.webdo.tn\/fr\/blog\/tunisie-youssef-chahed-humilie-dome-de-larp\/178936\/"},"modified":"2025-05-18T23:56:47","modified_gmt":"2025-05-18T23:56:47","slug":"tunisie-youssef-chahed-humilie-dome-de-larp","status":"publish","type":"post","link":"https:\/\/www.webdo.tn\/fr\/actualite\/edito\/tunisie-youssef-chahed-humilie-dome-de-larp\/178936\/","title":{"rendered":"Tunisie : Youssef Chahed \u00ab\u00a0humili\u00e9\u00a0\u00bb sous le d\u00f4me de l\u2019ARP"},"content":{"rendered":"<p>Hier vendredi 23 mars 2018, sous le d\u00f4me de l\u2019ARP, le Chef du Gouvernement a \u00e9t\u00e9 litt\u00e9ralement \u00ab\u00a0humili\u00e9\u00a0\u00bb par le d\u00e9put\u00e9 du Front Populaire, Ammar Amroussia, ce dernier ayant d\u00e9pass\u00e9 toutes les limites de la correction en s\u2019adressant \u00e0 un haut fonctionnaire public faisant usage d\u2019une expression grossi\u00e8re, qui n\u2019est pas digne d\u2019un repr\u00e9sentant du peuple.<\/p>\n<p>En effet, une expression grossi\u00e8re \u00e0 connotation sexuelle a \u00e9t\u00e9 adress\u00e9e au Chef du gouvernement, sous les yeux des d\u00e9put\u00e9s et des ministres pr\u00e9sents, mais aussi des citoyens, car la s\u00e9ance pl\u00e9ni\u00e8re \u00e9tait retransmise en direct.<\/p>\n<p>Lors d\u2019un discours s\u00e9v\u00e8re adress\u00e9 au Chef du gouvernement, l\u2019accusant de faiblesse et d\u2019incapacit\u00e9 de conduire ce pays, ce d\u00e9put\u00e9 s\u2019est montr\u00e9 irrespectueux envers sa patrie.<\/p>\n<p>Pire encore Amroussia, dans un autre geste incorrect et insultant, a affich\u00e9 tr\u00e8s haut des sucettes pour b\u00e9b\u00e9s, devant tous les pr\u00e9sents, pour dire que Chahed prend les Tunisiens pour des enfants.<\/p>\n<p>\u00ab Allez acheter aux Tunisiens des sucettes et prononcez vos discours \u00bb s\u2019est-t-il adress\u00e9 au premier responsable tunisien, ce dernier, peut \u00eatre sous le choc de ces agissements, a pr\u00e9f\u00e9r\u00e9 riposter par de simples sourires.<\/p>\n<p>Nous le savons d\u00e9j\u00e0, le discours politique en Tunisie est m\u00e9diocre, mais pas au point de porter atteinte \u00e0 l\u2019image d\u2019un chef de gouvernement et \u00e0 l\u2019image de la Tunisie.<\/p>\n","protected":false},"excerpt":{"rendered":"<p>Tunisie : Youssef Chahed  humili\u00e9  sous le d\u00f4me de l\u2019ARP<\/p>\n","protected":false},"author":3222,"featured_media":300407,"comment_status":"open","ping_status":"closed","sticky":false,"template":"","format":"standard","meta":{"footnotes":""},"categories":[2589],"tags":[2600],"class_list":["post-178936","post","type-post","status-publish","format-standard","has-post-thumbnail","hentry","category-edito","tag-guerre"],"yoast_head":"<!-- This site is optimized with the Yoast SEO Premium plugin v27.5 (Yoast SEO v27.5) - https:\/\/yoast.com\/product\/yoast-seo-premium-wordpress\/ -->\n<title>Tunisie : Youssef Chahed humili\u00e9 sous le d\u00f4me de l\u2019ARP<\/title>\n<meta name=\"description\" content=\"Tunisie : Youssef Chahed humili\u00e9 sous le d\u00f4me de l\u2019ARP\" \/>\n<link rel=\"canonical\" href=\"https:\/\/www.webdo.tn\/fr\/actualite\/edito\/tunisie-youssef-chahed-humilie-dome-de-larp\/178936\/\" \/>\n<meta property=\"og:locale\" content=\"fr_FR\" \/>\n<meta property=\"og:type\" content=\"article\" \/>\n<meta property=\"og:title\" content=\"Tunisie : Youssef Chahed &quot;humili\u00e9&quot; sous le d\u00f4me de l\u2019ARP\" \/>\n<meta property=\"og:description\" content=\"Tunisie : Youssef Chahed humili\u00e9 sous le d\u00f4me de l\u2019ARP\" \/>\n<meta property=\"og:url\" content=\"https:\/\/www.webdo.tn\/fr\/actualite\/edito\/tunisie-youssef-chahed-humilie-dome-de-larp\/178936\/\" \/>\n<meta property=\"og:site_name\" content=\"webdo\" \/>\n<meta property=\"article:publisher\" content=\"https:\/\/www.facebook.com\/webdotn\" \/>\n<meta property=\"article:published_time\" content=\"2018-03-24T09:50:00+00:00\" \/>\n<meta property=\"article:modified_time\" content=\"2025-05-18T23:56:47+00:00\" \/>\n<meta property=\"og:image\" content=\"https:\/\/www.webdo.tn\/fr\/wp-content\/uploads\/2018\/03\/Amroussia.jpg\" \/>\n\t<meta property=\"og:image:width\" content=\"450\" \/>\n\t<meta property=\"og:image:height\" content=\"319\" \/>\n\t<meta property=\"og:image:type\" content=\"image\/jpeg\" \/>\n<meta name=\"author\" content=\"webdo.tn\" \/>\n<meta name=\"twitter:card\" content=\"summary_large_image\" \/>\n<meta name=\"twitter:creator\" content=\"@webdo_tn\" \/>\n<meta name=\"twitter:site\" content=\"@webdo_tn\" \/>\n<meta name=\"twitter:label1\" content=\"\u00c9crit par\" \/>\n\t<meta name=\"twitter:data1\" content=\"webdo.tn\" \/>\n\t<meta name=\"twitter:label2\" content=\"Dur\u00e9e de lecture estim\u00e9e\" \/>\n\t<meta name=\"twitter:data2\" content=\"1 minute\" \/>\n<script type=\"application\/ld+json\" class=\"yoast-schema-graph\">{\"@context\":\"https:\\\/\\\/schema.org\",\"@graph\":[{\"@type\":\"NewsArticle\",\"@id\":\"https:\\\/\\\/www.webdo.tn\\\/fr\\\/actualite\\\/edito\\\/tunisie-youssef-chahed-humilie-dome-de-larp\\\/178936\\\/#article\",\"isPartOf\":{\"@id\":\"https:\\\/\\\/www.webdo.tn\\\/fr\\\/actualite\\\/edito\\\/tunisie-youssef-chahed-humilie-dome-de-larp\\\/178936\\\/\"},\"author\":{\"name\":\"webdo.tn\",\"@id\":\"https:\\\/\\\/www.webdo.tn\\\/fr\\\/#\\\/schema\\\/person\\\/9a9c6118d687c117df8ef3cc36a4d175\"},\"headline\":\"Tunisie : Youssef Chahed \u00ab\u00a0humili\u00e9\u00a0\u00bb sous le d\u00f4me de l\u2019ARP\",\"datePublished\":\"2018-03-24T09:50:00+00:00\",\"dateModified\":\"2025-05-18T23:56:47+00:00\",\"mainEntityOfPage\":{\"@id\":\"https:\\\/\\\/www.webdo.tn\\\/fr\\\/actualite\\\/edito\\\/tunisie-youssef-chahed-humilie-dome-de-larp\\\/178936\\\/\"},\"wordCount\":256,\"commentCount\":0,\"publisher\":{\"@id\":\"https:\\\/\\\/www.webdo.tn\\\/fr\\\/#organization\"},\"image\":{\"@id\":\"https:\\\/\\\/www.webdo.tn\\\/fr\\\/actualite\\\/edito\\\/tunisie-youssef-chahed-humilie-dome-de-larp\\\/178936\\\/#primaryimage\"},\"thumbnailUrl\":\"https:\\\/\\\/www.webdo.tn\\\/fr\\\/wp-content\\\/uploads\\\/2018\\\/03\\\/Amroussia.jpg\",\"keywords\":[\"guerre\"],\"articleSection\":[\"Edito\"],\"inLanguage\":\"fr-FR\"},{\"@type\":\"WebPage\",\"@id\":\"https:\\\/\\\/www.webdo.tn\\\/fr\\\/actualite\\\/edito\\\/tunisie-youssef-chahed-humilie-dome-de-larp\\\/178936\\\/\",\"url\":\"https:\\\/\\\/www.webdo.tn\\\/fr\\\/actualite\\\/edito\\\/tunisie-youssef-chahed-humilie-dome-de-larp\\\/178936\\\/\",\"name\":\"Tunisie : Youssef Chahed humili\u00e9 sous le d\u00f4me de l\u2019ARP\",\"isPartOf\":{\"@id\":\"https:\\\/\\\/www.webdo.tn\\\/fr\\\/#website\"},\"primaryImageOfPage\":{\"@id\":\"https:\\\/\\\/www.webdo.tn\\\/fr\\\/actualite\\\/edito\\\/tunisie-youssef-chahed-humilie-dome-de-larp\\\/178936\\\/#primaryimage\"},\"image\":{\"@id\":\"https:\\\/\\\/www.webdo.tn\\\/fr\\\/actualite\\\/edito\\\/tunisie-youssef-chahed-humilie-dome-de-larp\\\/178936\\\/#primaryimage\"},\"thumbnailUrl\":\"https:\\\/\\\/www.webdo.tn\\\/fr\\\/wp-content\\\/uploads\\\/2018\\\/03\\\/Amroussia.jpg\",\"datePublished\":\"2018-03-24T09:50:00+00:00\",\"dateModified\":\"2025-05-18T23:56:47+00:00\",\"description\":\"Tunisie : Youssef Chahed humili\u00e9 sous le d\u00f4me de l\u2019ARP\",\"breadcrumb\":{\"@id\":\"https:\\\/\\\/www.webdo.tn\\\/fr\\\/actualite\\\/edito\\\/tunisie-youssef-chahed-humilie-dome-de-larp\\\/178936\\\/#breadcrumb\"},\"inLanguage\":\"fr-FR\",\"potentialAction\":[{\"@type\":\"ReadAction\",\"target\":[\"https:\\\/\\\/www.webdo.tn\\\/fr\\\/actualite\\\/edito\\\/tunisie-youssef-chahed-humilie-dome-de-larp\\\/178936\\\/\"]}]},{\"@type\":\"ImageObject\",\"inLanguage\":\"fr-FR\",\"@id\":\"https:\\\/\\\/www.webdo.tn\\\/fr\\\/actualite\\\/edito\\\/tunisie-youssef-chahed-humilie-dome-de-larp\\\/178936\\\/#primaryimage\",\"url\":\"https:\\\/\\\/www.webdo.tn\\\/fr\\\/wp-content\\\/uploads\\\/2018\\\/03\\\/Amroussia.jpg\",\"contentUrl\":\"https:\\\/\\\/www.webdo.tn\\\/fr\\\/wp-content\\\/uploads\\\/2018\\\/03\\\/Amroussia.jpg\",\"width\":450,\"height\":319,\"caption\":\"Tunisie : Youssef Chahed \\\"humili\u00e9\\\" sous le d\u00f4me de l\u2019ARP\"},{\"@type\":\"BreadcrumbList\",\"@id\":\"https:\\\/\\\/www.webdo.tn\\\/fr\\\/actualite\\\/edito\\\/tunisie-youssef-chahed-humilie-dome-de-larp\\\/178936\\\/#breadcrumb\",\"itemListElement\":[{\"@type\":\"ListItem\",\"position\":1,\"name\":\"Accueil\",\"item\":\"https:\\\/\\\/www.webdo.tn\\\/fr\\\/\"},{\"@type\":\"ListItem\",\"position\":2,\"name\":\"Tunisie : Youssef Chahed \u00ab\u00a0humili\u00e9\u00a0\u00bb sous le d\u00f4me de l\u2019ARP\"}]},{\"@type\":\"WebSite\",\"@id\":\"https:\\\/\\\/www.webdo.tn\\\/fr\\\/#website\",\"url\":\"https:\\\/\\\/www.webdo.tn\\\/fr\\\/\",\"name\":\"webdo\",\"description\":\"Tunisie - News en Tunisie et \u00e0 l&#039;international sur Webdo.tn\",\"publisher\":{\"@id\":\"https:\\\/\\\/www.webdo.tn\\\/fr\\\/#organization\"},\"potentialAction\":[{\"@type\":\"SearchAction\",\"target\":{\"@type\":\"EntryPoint\",\"urlTemplate\":\"https:\\\/\\\/www.webdo.tn\\\/fr\\\/?s={search_term_string}\"},\"query-input\":{\"@type\":\"PropertyValueSpecification\",\"valueRequired\":true,\"valueName\":\"search_term_string\"}}],\"inLanguage\":\"fr-FR\"},{\"@type\":\"Organization\",\"@id\":\"https:\\\/\\\/www.webdo.tn\\\/fr\\\/#organization\",\"name\":\"Webdo\",\"alternateName\":\"Webdo.tn\",\"url\":\"https:\\\/\\\/www.webdo.tn\\\/fr\\\/\",\"logo\":{\"@type\":\"ImageObject\",\"inLanguage\":\"fr-FR\",\"@id\":\"https:\\\/\\\/www.webdo.tn\\\/fr\\\/#\\\/schema\\\/logo\\\/image\\\/\",\"url\":\"https:\\\/\\\/www.webdo.tn\\\/fr\\\/wp-content\\\/uploads\\\/2025\\\/06\\\/Webdo-Tunisie_168377.jpg\",\"contentUrl\":\"https:\\\/\\\/www.webdo.tn\\\/fr\\\/wp-content\\\/uploads\\\/2025\\\/06\\\/Webdo-Tunisie_168377.jpg\",\"width\":301,\"height\":301,\"caption\":\"Webdo\"},\"image\":{\"@id\":\"https:\\\/\\\/www.webdo.tn\\\/fr\\\/#\\\/schema\\\/logo\\\/image\\\/\"},\"sameAs\":[\"https:\\\/\\\/www.facebook.com\\\/webdotn\",\"https:\\\/\\\/x.com\\\/webdo_tn\"],\"description\":\"Webdo est un m\u00e9dia num\u00e9rique tunisien fond\u00e9 en 2010, sp\u00e9cialis\u00e9 dans l\u2019actualit\u00e9 nationale et internationale, l\u2019\u00e9conomie, la soci\u00e9t\u00e9 et les analyses politiques. Le site s\u2019adresse \u00e0 un large public francophone et couvre l\u2019information tunisienne en temps r\u00e9el.\",\"email\":\"redac@webdo.tn\",\"legalName\":\"YNJ SARL\",\"foundingDate\":\"2010-09-06\",\"numberOfEmployees\":{\"@type\":\"QuantitativeValue\",\"minValue\":\"11\",\"maxValue\":\"50\"}},{\"@type\":\"Person\",\"@id\":\"https:\\\/\\\/www.webdo.tn\\\/fr\\\/#\\\/schema\\\/person\\\/9a9c6118d687c117df8ef3cc36a4d175\",\"name\":\"webdo.tn\",\"image\":{\"@type\":\"ImageObject\",\"inLanguage\":\"fr-FR\",\"@id\":\"https:\\\/\\\/secure.gravatar.com\\\/avatar\\\/7ce1f28c0c3bbac99ff550b85ef8e44a6950c6ee24514fb6a5489e51d06f0298?s=96&d=mm&r=g\",\"url\":\"https:\\\/\\\/secure.gravatar.com\\\/avatar\\\/7ce1f28c0c3bbac99ff550b85ef8e44a6950c6ee24514fb6a5489e51d06f0298?s=96&d=mm&r=g\",\"contentUrl\":\"https:\\\/\\\/secure.gravatar.com\\\/avatar\\\/7ce1f28c0c3bbac99ff550b85ef8e44a6950c6ee24514fb6a5489e51d06f0298?s=96&d=mm&r=g\",\"caption\":\"webdo.tn\"},\"url\":\"https:\\\/\\\/www.webdo.tn\\\/fr\\\/actualite\\\/author\\\/webdotn\\\/\"}]}<\/script>\n<!-- \/ Yoast SEO Premium plugin. -->","yoast_head_json":{"title":"Tunisie : Youssef Chahed humili\u00e9 sous le d\u00f4me de l\u2019ARP","description":"Tunisie : Youssef Chahed humili\u00e9 sous le d\u00f4me de l\u2019ARP","canonical":"https:\/\/www.webdo.tn\/fr\/actualite\/edito\/tunisie-youssef-chahed-humilie-dome-de-larp\/178936\/","og_locale":"fr_FR","og_type":"article","og_title":"Tunisie : Youssef Chahed \"humili\u00e9\" sous le d\u00f4me de l\u2019ARP","og_description":"Tunisie : Youssef Chahed humili\u00e9 sous le d\u00f4me de l\u2019ARP","og_url":"https:\/\/www.webdo.tn\/fr\/actualite\/edito\/tunisie-youssef-chahed-humilie-dome-de-larp\/178936\/","og_site_name":"webdo","article_publisher":"https:\/\/www.facebook.com\/webdotn","article_published_time":"2018-03-24T09:50:00+00:00","article_modified_time":"2025-05-18T23:56:47+00:00","og_image":[{"width":450,"height":319,"url":"https:\/\/www.webdo.tn\/fr\/wp-content\/uploads\/2018\/03\/Amroussia.jpg","type":"image\/jpeg"}],"author":"webdo.tn","twitter_card":"summary_large_image","twitter_creator":"@webdo_tn","twitter_site":"@webdo_tn","twitter_misc":{"\u00c9crit par":"webdo.tn","Dur\u00e9e de lecture estim\u00e9e":"1 minute"},"schema":{"@context":"https:\/\/schema.org","@graph":[{"@type":"NewsArticle","@id":"https:\/\/www.webdo.tn\/fr\/actualite\/edito\/tunisie-youssef-chahed-humilie-dome-de-larp\/178936\/#article","isPartOf":{"@id":"https:\/\/www.webdo.tn\/fr\/actualite\/edito\/tunisie-youssef-chahed-humilie-dome-de-larp\/178936\/"},"author":{"name":"webdo.tn","@id":"https:\/\/www.webdo.tn\/fr\/#\/schema\/person\/9a9c6118d687c117df8ef3cc36a4d175"},"headline":"Tunisie : Youssef Chahed \u00ab\u00a0humili\u00e9\u00a0\u00bb sous le d\u00f4me de l\u2019ARP","datePublished":"2018-03-24T09:50:00+00:00","dateModified":"2025-05-18T23:56:47+00:00","mainEntityOfPage":{"@id":"https:\/\/www.webdo.tn\/fr\/actualite\/edito\/tunisie-youssef-chahed-humilie-dome-de-larp\/178936\/"},"wordCount":256,"commentCount":0,"publisher":{"@id":"https:\/\/www.webdo.tn\/fr\/#organization"},"image":{"@id":"https:\/\/www.webdo.tn\/fr\/actualite\/edito\/tunisie-youssef-chahed-humilie-dome-de-larp\/178936\/#primaryimage"},"thumbnailUrl":"https:\/\/www.webdo.tn\/fr\/wp-content\/uploads\/2018\/03\/Amroussia.jpg","keywords":["guerre"],"articleSection":["Edito"],"inLanguage":"fr-FR"},{"@type":"WebPage","@id":"https:\/\/www.webdo.tn\/fr\/actualite\/edito\/tunisie-youssef-chahed-humilie-dome-de-larp\/178936\/","url":"https:\/\/www.webdo.tn\/fr\/actualite\/edito\/tunisie-youssef-chahed-humilie-dome-de-larp\/178936\/","name":"Tunisie : Youssef Chahed humili\u00e9 sous le d\u00f4me de l\u2019ARP","isPartOf":{"@id":"https:\/\/www.webdo.tn\/fr\/#website"},"primaryImageOfPage":{"@id":"https:\/\/www.webdo.tn\/fr\/actualite\/edito\/tunisie-youssef-chahed-humilie-dome-de-larp\/178936\/#primaryimage"},"image":{"@id":"https:\/\/www.webdo.tn\/fr\/actualite\/edito\/tunisie-youssef-chahed-humilie-dome-de-larp\/178936\/#primaryimage"},"thumbnailUrl":"https:\/\/www.webdo.tn\/fr\/wp-content\/uploads\/2018\/03\/Amroussia.jpg","datePublished":"2018-03-24T09:50:00+00:00","dateModified":"2025-05-18T23:56:47+00:00","description":"Tunisie : Youssef Chahed humili\u00e9 sous le d\u00f4me de l\u2019ARP","breadcrumb":{"@id":"https:\/\/www.webdo.tn\/fr\/actualite\/edito\/tunisie-youssef-chahed-humilie-dome-de-larp\/178936\/#breadcrumb"},"inLanguage":"fr-FR","potentialAction":[{"@type":"ReadAction","target":["https:\/\/www.webdo.tn\/fr\/actualite\/edito\/tunisie-youssef-chahed-humilie-dome-de-larp\/178936\/"]}]},{"@type":"ImageObject","inLanguage":"fr-FR","@id":"https:\/\/www.webdo.tn\/fr\/actualite\/edito\/tunisie-youssef-chahed-humilie-dome-de-larp\/178936\/#primaryimage","url":"https:\/\/www.webdo.tn\/fr\/wp-content\/uploads\/2018\/03\/Amroussia.jpg","contentUrl":"https:\/\/www.webdo.tn\/fr\/wp-content\/uploads\/2018\/03\/Amroussia.jpg","width":450,"height":319,"caption":"Tunisie : Youssef Chahed \"humili\u00e9\" sous le d\u00f4me de l\u2019ARP"},{"@type":"BreadcrumbList","@id":"https:\/\/www.webdo.tn\/fr\/actualite\/edito\/tunisie-youssef-chahed-humilie-dome-de-larp\/178936\/#breadcrumb","itemListElement":[{"@type":"ListItem","position":1,"name":"Accueil","item":"https:\/\/www.webdo.tn\/fr\/"},{"@type":"ListItem","position":2,"name":"Tunisie : Youssef Chahed \u00ab\u00a0humili\u00e9\u00a0\u00bb sous le d\u00f4me de l\u2019ARP"}]},{"@type":"WebSite","@id":"https:\/\/www.webdo.tn\/fr\/#website","url":"https:\/\/www.webdo.tn\/fr\/","name":"webdo","description":"Tunisie - News en Tunisie et \u00e0 l&#039;international sur Webdo.tn","publisher":{"@id":"https:\/\/www.webdo.tn\/fr\/#organization"},"potentialAction":[{"@type":"SearchAction","target":{"@type":"EntryPoint","urlTemplate":"https:\/\/www.webdo.tn\/fr\/?s={search_term_string}"},"query-input":{"@type":"PropertyValueSpecification","valueRequired":true,"valueName":"search_term_string"}}],"inLanguage":"fr-FR"},{"@type":"Organization","@id":"https:\/\/www.webdo.tn\/fr\/#organization","name":"Webdo","alternateName":"Webdo.tn","url":"https:\/\/www.webdo.tn\/fr\/","logo":{"@type":"ImageObject","inLanguage":"fr-FR","@id":"https:\/\/www.webdo.tn\/fr\/#\/schema\/logo\/image\/","url":"https:\/\/www.webdo.tn\/fr\/wp-content\/uploads\/2025\/06\/Webdo-Tunisie_168377.jpg","contentUrl":"https:\/\/www.webdo.tn\/fr\/wp-content\/uploads\/2025\/06\/Webdo-Tunisie_168377.jpg","width":301,"height":301,"caption":"Webdo"},"image":{"@id":"https:\/\/www.webdo.tn\/fr\/#\/schema\/logo\/image\/"},"sameAs":["https:\/\/www.facebook.com\/webdotn","https:\/\/x.com\/webdo_tn"],"description":"Webdo est un m\u00e9dia num\u00e9rique tunisien fond\u00e9 en 2010, sp\u00e9cialis\u00e9 dans l\u2019actualit\u00e9 nationale et internationale, l\u2019\u00e9conomie, la soci\u00e9t\u00e9 et les analyses politiques. Le site s\u2019adresse \u00e0 un large public francophone et couvre l\u2019information tunisienne en temps r\u00e9el.","email":"redac@webdo.tn","legalName":"YNJ SARL","foundingDate":"2010-09-06","numberOfEmployees":{"@type":"QuantitativeValue","minValue":"11","maxValue":"50"}},{"@type":"Person","@id":"https:\/\/www.webdo.tn\/fr\/#\/schema\/person\/9a9c6118d687c117df8ef3cc36a4d175","name":"webdo.tn","image":{"@type":"ImageObject","inLanguage":"fr-FR","@id":"https:\/\/secure.gravatar.com\/avatar\/7ce1f28c0c3bbac99ff550b85ef8e44a6950c6ee24514fb6a5489e51d06f0298?s=96&d=mm&r=g","url":"https:\/\/secure.gravatar.com\/avatar\/7ce1f28c0c3bbac99ff550b85ef8e44a6950c6ee24514fb6a5489e51d06f0298?s=96&d=mm&r=g","contentUrl":"https:\/\/secure.gravatar.com\/avatar\/7ce1f28c0c3bbac99ff550b85ef8e44a6950c6ee24514fb6a5489e51d06f0298?s=96&d=mm&r=g","caption":"webdo.tn"},"url":"https:\/\/www.webdo.tn\/fr\/actualite\/author\/webdotn\/"}]}},"_links":{"self":[{"href":"https:\/\/www.webdo.tn\/fr\/wp-json\/wp\/v2\/posts\/178936","targetHints":{"allow":["GET"]}}],"collection":[{"href":"https:\/\/www.webdo.tn\/fr\/wp-json\/wp\/v2\/posts"}],"about":[{"href":"https:\/\/www.webdo.tn\/fr\/wp-json\/wp\/v2\/types\/post"}],"author":[{"embeddable":true,"href":"https:\/\/www.webdo.tn\/fr\/wp-json\/wp\/v2\/users\/3222"}],"replies":[{"embeddable":true,"href":"https:\/\/www.webdo.tn\/fr\/wp-json\/wp\/v2\/comments?post=178936"}],"version-history":[{"count":0,"href":"https:\/\/www.webdo.tn\/fr\/wp-json\/wp\/v2\/posts\/178936\/revisions"}],"wp:featuredmedia":[{"embeddable":true,"href":"https:\/\/www.webdo.tn\/fr\/wp-json\/wp\/v2\/media\/300407"}],"wp:attachment":[{"href":"https:\/\/www.webdo.tn\/fr\/wp-json\/wp\/v2\/media?parent=178936"}],"wp:term":[{"taxonomy":"category","embeddable":true,"href":"https:\/\/www.webdo.tn\/fr\/wp-json\/wp\/v2\/categories?post=178936"},{"taxonomy":"post_tag","embeddable":true,"href":"https:\/\/www.webdo.tn\/fr\/wp-json\/wp\/v2\/tags?post=178936"}],"curies":[{"name":"wp","href":"https:\/\/api.w.org\/{rel}","templated":true}]}}