{"id":178935,"date":"2018-04-10T10:29:00","date_gmt":"2018-04-10T10:29:00","guid":{"rendered":"https:\/\/www.webdo.tn\/fr\/blog\/chronique-annees-de-cendre-cent-jours-de-chahed\/178935\/"},"modified":"2025-05-19T14:12:02","modified_gmt":"2025-05-19T14:12:02","slug":"chronique-annees-de-cendre-cent-jours-de-chahed","status":"publish","type":"post","link":"https:\/\/www.webdo.tn\/fr\/actualite\/edito\/chronique-annees-de-cendre-cent-jours-de-chahed\/178935\/","title":{"rendered":"Chronique des ann\u00e9es de cendre : Les cent jours de Chahed"},"content":{"rendered":"<p>\u00c7a dure depuis ao\u00fbt 2016, nous avons un chef de gouvernent jeune, au go\u00fbt du jour, et un gouvernement de coalition nationale \u00e0 vocation \u00e9conomique, respectant au mieux la question du genre et regroupant toutes les sensibilit\u00e9s politiques, choisies non pas sur la base du poids politique mais plut\u00f4t sur la base de la nuisance m\u00e9diatique.<\/p>\n<p>Pour jouer le jeu, il a \u00e9t\u00e9 accord\u00e9 \u00e0 Chahed le droit \u00e0 son \u00e9tat de gr\u00e2ce de 100 jours, durant lesquels tout le monde lui a accord\u00e9 le b\u00e9n\u00e9fice de l\u2019espoir. En contrepartie, Chahed nous a promis un \u00ab stand up \u00bb pour la Tunisie.<\/p>\n<p>Les cent jours se sont succ\u00e9d\u00e9s, renouvel\u00e9s \u00e0 chaque fois par un scoop m\u00e9diatique de type \u00ab grandes r\u00e9formes \u00bb ou \u00ab lutte contre la corruption \u00bb.<\/p>\n<p>\u00c7a a clignot\u00e9 pendant longtemps avant de passer au rouge. D&rsquo;un point de vue \u00e9conomique, la Tunisie vie sa pire situation depuis une longue p\u00e9riode et le gouvernement \u00e0 vocation \u00e9conomique a pris tout son temps pour pr\u00e9parer sa strat\u00e9gie.<\/p>\n<p>Ce n\u2019est que lorsque l\u2019\u00e9tau s\u2019est resserr\u00e9 par le retournement de la situation, assez th\u00e9\u00e2trale, de l\u2019UGTT, que le gouvernement Chahed a commenc\u00e9 \u00e0 d\u00e9livrer : en deux semaines nous avons eu droit au start-up act, \u00e0 un d\u00e9cret limitant la manipulation des FCR, \u00e0 une strat\u00e9gie de restructuration des entreprises publiques, \u00e0 la r\u00e9vision de l\u2019usage exag\u00e9r\u00e9 de la signature l\u00e9galis\u00e9e, au lancement du projet de mobile banking, \u00e0 un passage en force concernant les caisses de retraite\u2026<\/p>\n<p>A l\u2019image du mental des Tunisiens, notre gouvernement ne peut travailler que sous pression, quand il n\u2019a rien \u00e0 perdre et quand tous les calculs politiciens se sont \u00e9puis\u00e9s.<\/p>\n<p>Alors, de ce point de vue, le gouvernement Chahed est en train d\u2019exceller, au point de nous mettre dans la confusion, somme-nous en train de vivre les 100 derniers jours de Chahed, ou&#8230; ses vrais 100 premiers jours ?<br \/>\nAnis Wahabi<\/p>\n","protected":false},"excerpt":{"rendered":"<p>Chronique des ann\u00e9es de cendre : Les cent jours de Chahed<\/p>\n","protected":false},"author":3222,"featured_media":300219,"comment_status":"open","ping_status":"closed","sticky":false,"template":"","format":"standard","meta":{"footnotes":""},"categories":[2589],"tags":[2600],"class_list":["post-178935","post","type-post","status-publish","format-standard","has-post-thumbnail","hentry","category-edito","tag-guerre"],"yoast_head":"<!-- This site is optimized with the Yoast SEO Premium plugin v27.5 (Yoast SEO v27.5) - https:\/\/yoast.com\/product\/yoast-seo-premium-wordpress\/ -->\n<title>Chronique des ann\u00e9es de cendre : Les cent jours de Chahed<\/title>\n<meta name=\"description\" content=\"Chronique des ann\u00e9es de cendre : Les cent jours de Chahed\" \/>\n<link rel=\"canonical\" href=\"https:\/\/www.webdo.tn\/fr\/actualite\/edito\/chronique-annees-de-cendre-cent-jours-de-chahed\/178935\/\" \/>\n<meta property=\"og:locale\" content=\"fr_FR\" \/>\n<meta property=\"og:type\" content=\"article\" \/>\n<meta property=\"og:title\" content=\"Chronique des ann\u00e9es de cendre : Les cent jours de Chahed\" \/>\n<meta property=\"og:description\" content=\"Chronique des ann\u00e9es de cendre : Les cent jours de Chahed\" \/>\n<meta property=\"og:url\" content=\"https:\/\/www.webdo.tn\/fr\/actualite\/edito\/chronique-annees-de-cendre-cent-jours-de-chahed\/178935\/\" \/>\n<meta property=\"og:site_name\" content=\"webdo\" \/>\n<meta property=\"article:publisher\" content=\"https:\/\/www.facebook.com\/webdotn\" \/>\n<meta property=\"article:published_time\" content=\"2018-04-10T10:29:00+00:00\" \/>\n<meta property=\"article:modified_time\" content=\"2025-05-19T14:12:02+00:00\" \/>\n<meta property=\"og:image\" content=\"https:\/\/www.webdo.tn\/fr\/wp-content\/uploads\/2018\/04\/Youssef-Chahed-1.jpg\" \/>\n\t<meta property=\"og:image:width\" content=\"960\" \/>\n\t<meta property=\"og:image:height\" content=\"639\" \/>\n\t<meta property=\"og:image:type\" content=\"image\/jpeg\" \/>\n<meta name=\"author\" content=\"webdo.tn\" \/>\n<meta name=\"twitter:card\" content=\"summary_large_image\" \/>\n<meta name=\"twitter:creator\" content=\"@webdo_tn\" \/>\n<meta name=\"twitter:site\" content=\"@webdo_tn\" \/>\n<meta name=\"twitter:label1\" content=\"\u00c9crit par\" \/>\n\t<meta name=\"twitter:data1\" content=\"webdo.tn\" \/>\n\t<meta name=\"twitter:label2\" content=\"Dur\u00e9e de lecture estim\u00e9e\" \/>\n\t<meta name=\"twitter:data2\" content=\"2 minutes\" \/>\n<script type=\"application\/ld+json\" class=\"yoast-schema-graph\">{\"@context\":\"https:\\\/\\\/schema.org\",\"@graph\":[{\"@type\":\"NewsArticle\",\"@id\":\"https:\\\/\\\/www.webdo.tn\\\/fr\\\/actualite\\\/edito\\\/chronique-annees-de-cendre-cent-jours-de-chahed\\\/178935\\\/#article\",\"isPartOf\":{\"@id\":\"https:\\\/\\\/www.webdo.tn\\\/fr\\\/actualite\\\/edito\\\/chronique-annees-de-cendre-cent-jours-de-chahed\\\/178935\\\/\"},\"author\":{\"name\":\"webdo.tn\",\"@id\":\"https:\\\/\\\/www.webdo.tn\\\/fr\\\/#\\\/schema\\\/person\\\/9a9c6118d687c117df8ef3cc36a4d175\"},\"headline\":\"Chronique des ann\u00e9es de cendre : Les cent jours de Chahed\",\"datePublished\":\"2018-04-10T10:29:00+00:00\",\"dateModified\":\"2025-05-19T14:12:02+00:00\",\"mainEntityOfPage\":{\"@id\":\"https:\\\/\\\/www.webdo.tn\\\/fr\\\/actualite\\\/edito\\\/chronique-annees-de-cendre-cent-jours-de-chahed\\\/178935\\\/\"},\"wordCount\":341,\"commentCount\":0,\"publisher\":{\"@id\":\"https:\\\/\\\/www.webdo.tn\\\/fr\\\/#organization\"},\"image\":{\"@id\":\"https:\\\/\\\/www.webdo.tn\\\/fr\\\/actualite\\\/edito\\\/chronique-annees-de-cendre-cent-jours-de-chahed\\\/178935\\\/#primaryimage\"},\"thumbnailUrl\":\"https:\\\/\\\/www.webdo.tn\\\/fr\\\/wp-content\\\/uploads\\\/2018\\\/04\\\/Youssef-Chahed-1.jpg\",\"keywords\":[\"guerre\"],\"articleSection\":[\"Edito\"],\"inLanguage\":\"fr-FR\"},{\"@type\":\"WebPage\",\"@id\":\"https:\\\/\\\/www.webdo.tn\\\/fr\\\/actualite\\\/edito\\\/chronique-annees-de-cendre-cent-jours-de-chahed\\\/178935\\\/\",\"url\":\"https:\\\/\\\/www.webdo.tn\\\/fr\\\/actualite\\\/edito\\\/chronique-annees-de-cendre-cent-jours-de-chahed\\\/178935\\\/\",\"name\":\"Chronique des ann\u00e9es de cendre : Les cent jours de Chahed\",\"isPartOf\":{\"@id\":\"https:\\\/\\\/www.webdo.tn\\\/fr\\\/#website\"},\"primaryImageOfPage\":{\"@id\":\"https:\\\/\\\/www.webdo.tn\\\/fr\\\/actualite\\\/edito\\\/chronique-annees-de-cendre-cent-jours-de-chahed\\\/178935\\\/#primaryimage\"},\"image\":{\"@id\":\"https:\\\/\\\/www.webdo.tn\\\/fr\\\/actualite\\\/edito\\\/chronique-annees-de-cendre-cent-jours-de-chahed\\\/178935\\\/#primaryimage\"},\"thumbnailUrl\":\"https:\\\/\\\/www.webdo.tn\\\/fr\\\/wp-content\\\/uploads\\\/2018\\\/04\\\/Youssef-Chahed-1.jpg\",\"datePublished\":\"2018-04-10T10:29:00+00:00\",\"dateModified\":\"2025-05-19T14:12:02+00:00\",\"description\":\"Chronique des ann\u00e9es de cendre : Les cent jours de Chahed\",\"breadcrumb\":{\"@id\":\"https:\\\/\\\/www.webdo.tn\\\/fr\\\/actualite\\\/edito\\\/chronique-annees-de-cendre-cent-jours-de-chahed\\\/178935\\\/#breadcrumb\"},\"inLanguage\":\"fr-FR\",\"potentialAction\":[{\"@type\":\"ReadAction\",\"target\":[\"https:\\\/\\\/www.webdo.tn\\\/fr\\\/actualite\\\/edito\\\/chronique-annees-de-cendre-cent-jours-de-chahed\\\/178935\\\/\"]}]},{\"@type\":\"ImageObject\",\"inLanguage\":\"fr-FR\",\"@id\":\"https:\\\/\\\/www.webdo.tn\\\/fr\\\/actualite\\\/edito\\\/chronique-annees-de-cendre-cent-jours-de-chahed\\\/178935\\\/#primaryimage\",\"url\":\"https:\\\/\\\/www.webdo.tn\\\/fr\\\/wp-content\\\/uploads\\\/2018\\\/04\\\/Youssef-Chahed-1.jpg\",\"contentUrl\":\"https:\\\/\\\/www.webdo.tn\\\/fr\\\/wp-content\\\/uploads\\\/2018\\\/04\\\/Youssef-Chahed-1.jpg\",\"width\":960,\"height\":639,\"caption\":\"Chronique des ann\u00e9es de cendre : Les cent jours de Chahed\"},{\"@type\":\"BreadcrumbList\",\"@id\":\"https:\\\/\\\/www.webdo.tn\\\/fr\\\/actualite\\\/edito\\\/chronique-annees-de-cendre-cent-jours-de-chahed\\\/178935\\\/#breadcrumb\",\"itemListElement\":[{\"@type\":\"ListItem\",\"position\":1,\"name\":\"Accueil\",\"item\":\"https:\\\/\\\/www.webdo.tn\\\/fr\\\/\"},{\"@type\":\"ListItem\",\"position\":2,\"name\":\"Chronique des ann\u00e9es de cendre : Les cent jours de Chahed\"}]},{\"@type\":\"WebSite\",\"@id\":\"https:\\\/\\\/www.webdo.tn\\\/fr\\\/#website\",\"url\":\"https:\\\/\\\/www.webdo.tn\\\/fr\\\/\",\"name\":\"webdo\",\"description\":\"Tunisie - News en Tunisie et \u00e0 l&#039;international sur Webdo.tn\",\"publisher\":{\"@id\":\"https:\\\/\\\/www.webdo.tn\\\/fr\\\/#organization\"},\"potentialAction\":[{\"@type\":\"SearchAction\",\"target\":{\"@type\":\"EntryPoint\",\"urlTemplate\":\"https:\\\/\\\/www.webdo.tn\\\/fr\\\/?s={search_term_string}\"},\"query-input\":{\"@type\":\"PropertyValueSpecification\",\"valueRequired\":true,\"valueName\":\"search_term_string\"}}],\"inLanguage\":\"fr-FR\"},{\"@type\":\"Organization\",\"@id\":\"https:\\\/\\\/www.webdo.tn\\\/fr\\\/#organization\",\"name\":\"Webdo\",\"alternateName\":\"Webdo.tn\",\"url\":\"https:\\\/\\\/www.webdo.tn\\\/fr\\\/\",\"logo\":{\"@type\":\"ImageObject\",\"inLanguage\":\"fr-FR\",\"@id\":\"https:\\\/\\\/www.webdo.tn\\\/fr\\\/#\\\/schema\\\/logo\\\/image\\\/\",\"url\":\"https:\\\/\\\/www.webdo.tn\\\/fr\\\/wp-content\\\/uploads\\\/2025\\\/06\\\/Webdo-Tunisie_168377.jpg\",\"contentUrl\":\"https:\\\/\\\/www.webdo.tn\\\/fr\\\/wp-content\\\/uploads\\\/2025\\\/06\\\/Webdo-Tunisie_168377.jpg\",\"width\":301,\"height\":301,\"caption\":\"Webdo\"},\"image\":{\"@id\":\"https:\\\/\\\/www.webdo.tn\\\/fr\\\/#\\\/schema\\\/logo\\\/image\\\/\"},\"sameAs\":[\"https:\\\/\\\/www.facebook.com\\\/webdotn\",\"https:\\\/\\\/x.com\\\/webdo_tn\"],\"description\":\"Webdo est un m\u00e9dia num\u00e9rique tunisien fond\u00e9 en 2010, sp\u00e9cialis\u00e9 dans l\u2019actualit\u00e9 nationale et internationale, l\u2019\u00e9conomie, la soci\u00e9t\u00e9 et les analyses politiques. Le site s\u2019adresse \u00e0 un large public francophone et couvre l\u2019information tunisienne en temps r\u00e9el.\",\"email\":\"redac@webdo.tn\",\"legalName\":\"YNJ SARL\",\"foundingDate\":\"2010-09-06\",\"numberOfEmployees\":{\"@type\":\"QuantitativeValue\",\"minValue\":\"11\",\"maxValue\":\"50\"}},{\"@type\":\"Person\",\"@id\":\"https:\\\/\\\/www.webdo.tn\\\/fr\\\/#\\\/schema\\\/person\\\/9a9c6118d687c117df8ef3cc36a4d175\",\"name\":\"webdo.tn\",\"image\":{\"@type\":\"ImageObject\",\"inLanguage\":\"fr-FR\",\"@id\":\"https:\\\/\\\/secure.gravatar.com\\\/avatar\\\/7ce1f28c0c3bbac99ff550b85ef8e44a6950c6ee24514fb6a5489e51d06f0298?s=96&d=mm&r=g\",\"url\":\"https:\\\/\\\/secure.gravatar.com\\\/avatar\\\/7ce1f28c0c3bbac99ff550b85ef8e44a6950c6ee24514fb6a5489e51d06f0298?s=96&d=mm&r=g\",\"contentUrl\":\"https:\\\/\\\/secure.gravatar.com\\\/avatar\\\/7ce1f28c0c3bbac99ff550b85ef8e44a6950c6ee24514fb6a5489e51d06f0298?s=96&d=mm&r=g\",\"caption\":\"webdo.tn\"},\"url\":\"https:\\\/\\\/www.webdo.tn\\\/fr\\\/actualite\\\/author\\\/webdotn\\\/\"}]}<\/script>\n<!-- \/ Yoast SEO Premium plugin. -->","yoast_head_json":{"title":"Chronique des ann\u00e9es de cendre : Les cent jours de Chahed","description":"Chronique des ann\u00e9es de cendre : Les cent jours de Chahed","canonical":"https:\/\/www.webdo.tn\/fr\/actualite\/edito\/chronique-annees-de-cendre-cent-jours-de-chahed\/178935\/","og_locale":"fr_FR","og_type":"article","og_title":"Chronique des ann\u00e9es de cendre : Les cent jours de Chahed","og_description":"Chronique des ann\u00e9es de cendre : Les cent jours de Chahed","og_url":"https:\/\/www.webdo.tn\/fr\/actualite\/edito\/chronique-annees-de-cendre-cent-jours-de-chahed\/178935\/","og_site_name":"webdo","article_publisher":"https:\/\/www.facebook.com\/webdotn","article_published_time":"2018-04-10T10:29:00+00:00","article_modified_time":"2025-05-19T14:12:02+00:00","og_image":[{"width":960,"height":639,"url":"https:\/\/www.webdo.tn\/fr\/wp-content\/uploads\/2018\/04\/Youssef-Chahed-1.jpg","type":"image\/jpeg"}],"author":"webdo.tn","twitter_card":"summary_large_image","twitter_creator":"@webdo_tn","twitter_site":"@webdo_tn","twitter_misc":{"\u00c9crit par":"webdo.tn","Dur\u00e9e de lecture estim\u00e9e":"2 minutes"},"schema":{"@context":"https:\/\/schema.org","@graph":[{"@type":"NewsArticle","@id":"https:\/\/www.webdo.tn\/fr\/actualite\/edito\/chronique-annees-de-cendre-cent-jours-de-chahed\/178935\/#article","isPartOf":{"@id":"https:\/\/www.webdo.tn\/fr\/actualite\/edito\/chronique-annees-de-cendre-cent-jours-de-chahed\/178935\/"},"author":{"name":"webdo.tn","@id":"https:\/\/www.webdo.tn\/fr\/#\/schema\/person\/9a9c6118d687c117df8ef3cc36a4d175"},"headline":"Chronique des ann\u00e9es de cendre : Les cent jours de Chahed","datePublished":"2018-04-10T10:29:00+00:00","dateModified":"2025-05-19T14:12:02+00:00","mainEntityOfPage":{"@id":"https:\/\/www.webdo.tn\/fr\/actualite\/edito\/chronique-annees-de-cendre-cent-jours-de-chahed\/178935\/"},"wordCount":341,"commentCount":0,"publisher":{"@id":"https:\/\/www.webdo.tn\/fr\/#organization"},"image":{"@id":"https:\/\/www.webdo.tn\/fr\/actualite\/edito\/chronique-annees-de-cendre-cent-jours-de-chahed\/178935\/#primaryimage"},"thumbnailUrl":"https:\/\/www.webdo.tn\/fr\/wp-content\/uploads\/2018\/04\/Youssef-Chahed-1.jpg","keywords":["guerre"],"articleSection":["Edito"],"inLanguage":"fr-FR"},{"@type":"WebPage","@id":"https:\/\/www.webdo.tn\/fr\/actualite\/edito\/chronique-annees-de-cendre-cent-jours-de-chahed\/178935\/","url":"https:\/\/www.webdo.tn\/fr\/actualite\/edito\/chronique-annees-de-cendre-cent-jours-de-chahed\/178935\/","name":"Chronique des ann\u00e9es de cendre : Les cent jours de Chahed","isPartOf":{"@id":"https:\/\/www.webdo.tn\/fr\/#website"},"primaryImageOfPage":{"@id":"https:\/\/www.webdo.tn\/fr\/actualite\/edito\/chronique-annees-de-cendre-cent-jours-de-chahed\/178935\/#primaryimage"},"image":{"@id":"https:\/\/www.webdo.tn\/fr\/actualite\/edito\/chronique-annees-de-cendre-cent-jours-de-chahed\/178935\/#primaryimage"},"thumbnailUrl":"https:\/\/www.webdo.tn\/fr\/wp-content\/uploads\/2018\/04\/Youssef-Chahed-1.jpg","datePublished":"2018-04-10T10:29:00+00:00","dateModified":"2025-05-19T14:12:02+00:00","description":"Chronique des ann\u00e9es de cendre : Les cent jours de Chahed","breadcrumb":{"@id":"https:\/\/www.webdo.tn\/fr\/actualite\/edito\/chronique-annees-de-cendre-cent-jours-de-chahed\/178935\/#breadcrumb"},"inLanguage":"fr-FR","potentialAction":[{"@type":"ReadAction","target":["https:\/\/www.webdo.tn\/fr\/actualite\/edito\/chronique-annees-de-cendre-cent-jours-de-chahed\/178935\/"]}]},{"@type":"ImageObject","inLanguage":"fr-FR","@id":"https:\/\/www.webdo.tn\/fr\/actualite\/edito\/chronique-annees-de-cendre-cent-jours-de-chahed\/178935\/#primaryimage","url":"https:\/\/www.webdo.tn\/fr\/wp-content\/uploads\/2018\/04\/Youssef-Chahed-1.jpg","contentUrl":"https:\/\/www.webdo.tn\/fr\/wp-content\/uploads\/2018\/04\/Youssef-Chahed-1.jpg","width":960,"height":639,"caption":"Chronique des ann\u00e9es de cendre : Les cent jours de Chahed"},{"@type":"BreadcrumbList","@id":"https:\/\/www.webdo.tn\/fr\/actualite\/edito\/chronique-annees-de-cendre-cent-jours-de-chahed\/178935\/#breadcrumb","itemListElement":[{"@type":"ListItem","position":1,"name":"Accueil","item":"https:\/\/www.webdo.tn\/fr\/"},{"@type":"ListItem","position":2,"name":"Chronique des ann\u00e9es de cendre : Les cent jours de Chahed"}]},{"@type":"WebSite","@id":"https:\/\/www.webdo.tn\/fr\/#website","url":"https:\/\/www.webdo.tn\/fr\/","name":"webdo","description":"Tunisie - News en Tunisie et \u00e0 l&#039;international sur Webdo.tn","publisher":{"@id":"https:\/\/www.webdo.tn\/fr\/#organization"},"potentialAction":[{"@type":"SearchAction","target":{"@type":"EntryPoint","urlTemplate":"https:\/\/www.webdo.tn\/fr\/?s={search_term_string}"},"query-input":{"@type":"PropertyValueSpecification","valueRequired":true,"valueName":"search_term_string"}}],"inLanguage":"fr-FR"},{"@type":"Organization","@id":"https:\/\/www.webdo.tn\/fr\/#organization","name":"Webdo","alternateName":"Webdo.tn","url":"https:\/\/www.webdo.tn\/fr\/","logo":{"@type":"ImageObject","inLanguage":"fr-FR","@id":"https:\/\/www.webdo.tn\/fr\/#\/schema\/logo\/image\/","url":"https:\/\/www.webdo.tn\/fr\/wp-content\/uploads\/2025\/06\/Webdo-Tunisie_168377.jpg","contentUrl":"https:\/\/www.webdo.tn\/fr\/wp-content\/uploads\/2025\/06\/Webdo-Tunisie_168377.jpg","width":301,"height":301,"caption":"Webdo"},"image":{"@id":"https:\/\/www.webdo.tn\/fr\/#\/schema\/logo\/image\/"},"sameAs":["https:\/\/www.facebook.com\/webdotn","https:\/\/x.com\/webdo_tn"],"description":"Webdo est un m\u00e9dia num\u00e9rique tunisien fond\u00e9 en 2010, sp\u00e9cialis\u00e9 dans l\u2019actualit\u00e9 nationale et internationale, l\u2019\u00e9conomie, la soci\u00e9t\u00e9 et les analyses politiques. Le site s\u2019adresse \u00e0 un large public francophone et couvre l\u2019information tunisienne en temps r\u00e9el.","email":"redac@webdo.tn","legalName":"YNJ SARL","foundingDate":"2010-09-06","numberOfEmployees":{"@type":"QuantitativeValue","minValue":"11","maxValue":"50"}},{"@type":"Person","@id":"https:\/\/www.webdo.tn\/fr\/#\/schema\/person\/9a9c6118d687c117df8ef3cc36a4d175","name":"webdo.tn","image":{"@type":"ImageObject","inLanguage":"fr-FR","@id":"https:\/\/secure.gravatar.com\/avatar\/7ce1f28c0c3bbac99ff550b85ef8e44a6950c6ee24514fb6a5489e51d06f0298?s=96&d=mm&r=g","url":"https:\/\/secure.gravatar.com\/avatar\/7ce1f28c0c3bbac99ff550b85ef8e44a6950c6ee24514fb6a5489e51d06f0298?s=96&d=mm&r=g","contentUrl":"https:\/\/secure.gravatar.com\/avatar\/7ce1f28c0c3bbac99ff550b85ef8e44a6950c6ee24514fb6a5489e51d06f0298?s=96&d=mm&r=g","caption":"webdo.tn"},"url":"https:\/\/www.webdo.tn\/fr\/actualite\/author\/webdotn\/"}]}},"_links":{"self":[{"href":"https:\/\/www.webdo.tn\/fr\/wp-json\/wp\/v2\/posts\/178935","targetHints":{"allow":["GET"]}}],"collection":[{"href":"https:\/\/www.webdo.tn\/fr\/wp-json\/wp\/v2\/posts"}],"about":[{"href":"https:\/\/www.webdo.tn\/fr\/wp-json\/wp\/v2\/types\/post"}],"author":[{"embeddable":true,"href":"https:\/\/www.webdo.tn\/fr\/wp-json\/wp\/v2\/users\/3222"}],"replies":[{"embeddable":true,"href":"https:\/\/www.webdo.tn\/fr\/wp-json\/wp\/v2\/comments?post=178935"}],"version-history":[{"count":0,"href":"https:\/\/www.webdo.tn\/fr\/wp-json\/wp\/v2\/posts\/178935\/revisions"}],"wp:featuredmedia":[{"embeddable":true,"href":"https:\/\/www.webdo.tn\/fr\/wp-json\/wp\/v2\/media\/300219"}],"wp:attachment":[{"href":"https:\/\/www.webdo.tn\/fr\/wp-json\/wp\/v2\/media?parent=178935"}],"wp:term":[{"taxonomy":"category","embeddable":true,"href":"https:\/\/www.webdo.tn\/fr\/wp-json\/wp\/v2\/categories?post=178935"},{"taxonomy":"post_tag","embeddable":true,"href":"https:\/\/www.webdo.tn\/fr\/wp-json\/wp\/v2\/tags?post=178935"}],"curies":[{"name":"wp","href":"https:\/\/api.w.org\/{rel}","templated":true}]}}