{"id":178933,"date":"2018-04-24T15:45:00","date_gmt":"2018-04-24T15:45:00","guid":{"rendered":"https:\/\/www.webdo.tn\/fr\/blog\/chroniques-annees-de-cendre-choix-de-leducation\/178933\/"},"modified":"2025-05-19T14:13:18","modified_gmt":"2025-05-19T14:13:18","slug":"chroniques-annees-de-cendre-choix-de-leducation","status":"publish","type":"post","link":"https:\/\/www.webdo.tn\/fr\/actualite\/edito\/chroniques-annees-de-cendre-choix-de-leducation\/178933\/","title":{"rendered":"Chroniques des ann\u00e9es de cendre : Le choix de l\u2019\u00e9ducation"},"content":{"rendered":"<p>Yaakoubi l\u2019a annonc\u00e9 depuis une semaine : les cours sont arr\u00eat\u00e9s. Dr\u00f4le de paradoxe d\u2019entrer en action syndicale, en arr\u00eatant de travailler !<\/p>\n<p>Il me semble que cette annonce a accus\u00e9 un retard de quelques ann\u00e9es, parce qu\u2019\u00e0 l\u2019\u00e9tat actuel de l\u2019\u00e9cole tunisienne, il est tr\u00e8s pr\u00e9tentieux de dire qu\u2019une activit\u00e9 digne de ce nom existait depuis une bonne p\u00e9riode.<\/p>\n<p>Il suffit de voir la qualit\u00e9 du produit d\u00e9livr\u00e9 pour en prendre conscience. Il fallait voir le niveau de langue, de toutes les langues et m\u00eame le dialecte, ou le classement du pays parmi ses paires. Ou aussi, le taux d\u2019employabilit\u00e9 qui peine \u00e0 d\u00e9passer les 30% dans certaines universit\u00e9s tunisiennes. L\u2019image est sombre, tr\u00e8s sombre m\u00eame.<\/p>\n<p>Certains diront que la Tunisie reste toujours un bon pourvoyeur de cadres, m\u00e9decins, ing\u00e9nieurs. Seulement il ne faut pas oublier qu\u2019il s\u2019agit de la tranche de 5% de la population super intelligente et qui n\u2019a besoin de personne pour r\u00e9ussir.<\/p>\n<p>Cette tranche existe dans toute les nations (arr\u00eatons donc de se consid\u00e9rer plus intelligents que les autres) et dont la force de chaque pays provient de sa capacit\u00e9 \u00e0 la maintenir ou l\u2019attirer.<\/p>\n<p>En dehors de cette \u00e9lite, l\u2019ascenseur social est en panne. Plut\u00f4t, l\u2019ascenseur social fonctionne \u00e0 l\u2019inverse, en servant les ressortissants des universit\u00e9s ukrainiennes et roumaines au d\u00e9triment des pauvres \u00e9tudiants locaux.<\/p>\n<p>Le probl\u00e8me du syst\u00e8me d\u2019enseignement est plus profond que la prime additionnelle et la retraite anticip\u00e9e r\u00e9clam\u00e9es des enseignants. C\u2019est 4000 milliards de besoin financier pour la mise \u00e0 niveau globale du syst\u00e8me \u00e9ducatif.<\/p>\n<p>Si le manque de moyens dans les \u00e9coles, comme les gr\u00e8ves \u00e0 r\u00e9p\u00e9tition concourent \u00e0 esquinter l\u2019\u00e9cole public, ne serait il pas le moment s\u2019ouvrir un d\u00e9bat de fonds ? Somme nous pr\u00eats \u00e0 continuer dans cette voie, qui garantie un enseignement gratuit mais sans qualit\u00e9 ? Est il opportun de continuer dans un choix d\u2019enseignement de masse qui produits des quasi-ignorants, des ch\u00f4meurs et des assist\u00e9s ?<\/p>\n<p>Beaucoup d\u2019autres questions restent suspendues, en attendant d\u2019avoir la confirmation : nos enfants iront ils a l\u2019\u00e9cole ou iront ils \u00e9tudier ?<br \/>\nAnis Wahabi<\/p>\n","protected":false},"excerpt":{"rendered":"<p>Chroniques des ann\u00e9es de cendre : Le choix de l\u2019\u00e9ducation<\/p>\n","protected":false},"author":3222,"featured_media":299912,"comment_status":"open","ping_status":"closed","sticky":false,"template":"","format":"standard","meta":{"footnotes":""},"categories":[2589],"tags":[2600],"class_list":["post-178933","post","type-post","status-publish","format-standard","has-post-thumbnail","hentry","category-edito","tag-guerre"],"yoast_head":"<!-- This site is optimized with the Yoast SEO Premium plugin v27.5 (Yoast SEO v27.5) - https:\/\/yoast.com\/product\/yoast-seo-premium-wordpress\/ -->\n<title>Chroniques des ann\u00e9es de cendre : Le choix de l\u2019\u00e9ducation<\/title>\n<meta name=\"description\" content=\"Chroniques des ann\u00e9es de cendre : Le choix de l\u2019\u00e9ducation\" \/>\n<link rel=\"canonical\" href=\"https:\/\/www.webdo.tn\/fr\/actualite\/edito\/chroniques-annees-de-cendre-choix-de-leducation\/178933\/\" \/>\n<meta property=\"og:locale\" content=\"fr_FR\" \/>\n<meta property=\"og:type\" content=\"article\" \/>\n<meta property=\"og:title\" content=\"Chroniques des ann\u00e9es de cendre : Le choix de l\u2019\u00e9ducation\" \/>\n<meta property=\"og:description\" content=\"Chroniques des ann\u00e9es de cendre : Le choix de l\u2019\u00e9ducation\" \/>\n<meta property=\"og:url\" content=\"https:\/\/www.webdo.tn\/fr\/actualite\/edito\/chroniques-annees-de-cendre-choix-de-leducation\/178933\/\" \/>\n<meta property=\"og:site_name\" content=\"webdo\" \/>\n<meta property=\"article:publisher\" content=\"https:\/\/www.facebook.com\/webdotn\" \/>\n<meta property=\"article:published_time\" content=\"2018-04-24T15:45:00+00:00\" \/>\n<meta property=\"article:modified_time\" content=\"2025-05-19T14:13:18+00:00\" \/>\n<meta property=\"og:image\" content=\"https:\/\/www.webdo.tn\/fr\/wp-content\/uploads\/2018\/04\/Ecole-getty-images.jpeg\" \/>\n\t<meta property=\"og:image:width\" content=\"630\" \/>\n\t<meta property=\"og:image:height\" content=\"419\" \/>\n\t<meta property=\"og:image:type\" content=\"image\/jpeg\" \/>\n<meta name=\"author\" content=\"webdo.tn\" \/>\n<meta name=\"twitter:card\" content=\"summary_large_image\" \/>\n<meta name=\"twitter:creator\" content=\"@webdo_tn\" \/>\n<meta name=\"twitter:site\" content=\"@webdo_tn\" \/>\n<meta name=\"twitter:label1\" content=\"\u00c9crit par\" \/>\n\t<meta name=\"twitter:data1\" content=\"webdo.tn\" \/>\n\t<meta name=\"twitter:label2\" content=\"Dur\u00e9e de lecture estim\u00e9e\" \/>\n\t<meta name=\"twitter:data2\" content=\"2 minutes\" \/>\n<script type=\"application\/ld+json\" class=\"yoast-schema-graph\">{\"@context\":\"https:\\\/\\\/schema.org\",\"@graph\":[{\"@type\":\"NewsArticle\",\"@id\":\"https:\\\/\\\/www.webdo.tn\\\/fr\\\/actualite\\\/edito\\\/chroniques-annees-de-cendre-choix-de-leducation\\\/178933\\\/#article\",\"isPartOf\":{\"@id\":\"https:\\\/\\\/www.webdo.tn\\\/fr\\\/actualite\\\/edito\\\/chroniques-annees-de-cendre-choix-de-leducation\\\/178933\\\/\"},\"author\":{\"name\":\"webdo.tn\",\"@id\":\"https:\\\/\\\/www.webdo.tn\\\/fr\\\/#\\\/schema\\\/person\\\/9a9c6118d687c117df8ef3cc36a4d175\"},\"headline\":\"Chroniques des ann\u00e9es de cendre : Le choix de l\u2019\u00e9ducation\",\"datePublished\":\"2018-04-24T15:45:00+00:00\",\"dateModified\":\"2025-05-19T14:13:18+00:00\",\"mainEntityOfPage\":{\"@id\":\"https:\\\/\\\/www.webdo.tn\\\/fr\\\/actualite\\\/edito\\\/chroniques-annees-de-cendre-choix-de-leducation\\\/178933\\\/\"},\"wordCount\":398,\"commentCount\":0,\"publisher\":{\"@id\":\"https:\\\/\\\/www.webdo.tn\\\/fr\\\/#organization\"},\"image\":{\"@id\":\"https:\\\/\\\/www.webdo.tn\\\/fr\\\/actualite\\\/edito\\\/chroniques-annees-de-cendre-choix-de-leducation\\\/178933\\\/#primaryimage\"},\"thumbnailUrl\":\"https:\\\/\\\/www.webdo.tn\\\/fr\\\/wp-content\\\/uploads\\\/2018\\\/04\\\/Ecole-getty-images.jpeg\",\"keywords\":[\"guerre\"],\"articleSection\":[\"Edito\"],\"inLanguage\":\"fr-FR\"},{\"@type\":\"WebPage\",\"@id\":\"https:\\\/\\\/www.webdo.tn\\\/fr\\\/actualite\\\/edito\\\/chroniques-annees-de-cendre-choix-de-leducation\\\/178933\\\/\",\"url\":\"https:\\\/\\\/www.webdo.tn\\\/fr\\\/actualite\\\/edito\\\/chroniques-annees-de-cendre-choix-de-leducation\\\/178933\\\/\",\"name\":\"Chroniques des ann\u00e9es de cendre : Le choix de l\u2019\u00e9ducation\",\"isPartOf\":{\"@id\":\"https:\\\/\\\/www.webdo.tn\\\/fr\\\/#website\"},\"primaryImageOfPage\":{\"@id\":\"https:\\\/\\\/www.webdo.tn\\\/fr\\\/actualite\\\/edito\\\/chroniques-annees-de-cendre-choix-de-leducation\\\/178933\\\/#primaryimage\"},\"image\":{\"@id\":\"https:\\\/\\\/www.webdo.tn\\\/fr\\\/actualite\\\/edito\\\/chroniques-annees-de-cendre-choix-de-leducation\\\/178933\\\/#primaryimage\"},\"thumbnailUrl\":\"https:\\\/\\\/www.webdo.tn\\\/fr\\\/wp-content\\\/uploads\\\/2018\\\/04\\\/Ecole-getty-images.jpeg\",\"datePublished\":\"2018-04-24T15:45:00+00:00\",\"dateModified\":\"2025-05-19T14:13:18+00:00\",\"description\":\"Chroniques des ann\u00e9es de cendre : Le choix de l\u2019\u00e9ducation\",\"breadcrumb\":{\"@id\":\"https:\\\/\\\/www.webdo.tn\\\/fr\\\/actualite\\\/edito\\\/chroniques-annees-de-cendre-choix-de-leducation\\\/178933\\\/#breadcrumb\"},\"inLanguage\":\"fr-FR\",\"potentialAction\":[{\"@type\":\"ReadAction\",\"target\":[\"https:\\\/\\\/www.webdo.tn\\\/fr\\\/actualite\\\/edito\\\/chroniques-annees-de-cendre-choix-de-leducation\\\/178933\\\/\"]}]},{\"@type\":\"ImageObject\",\"inLanguage\":\"fr-FR\",\"@id\":\"https:\\\/\\\/www.webdo.tn\\\/fr\\\/actualite\\\/edito\\\/chroniques-annees-de-cendre-choix-de-leducation\\\/178933\\\/#primaryimage\",\"url\":\"https:\\\/\\\/www.webdo.tn\\\/fr\\\/wp-content\\\/uploads\\\/2018\\\/04\\\/Ecole-getty-images.jpeg\",\"contentUrl\":\"https:\\\/\\\/www.webdo.tn\\\/fr\\\/wp-content\\\/uploads\\\/2018\\\/04\\\/Ecole-getty-images.jpeg\",\"width\":630,\"height\":419,\"caption\":\"Chroniques des ann\u00e9es de cendre : Le choix de l\u2019\u00e9ducation\"},{\"@type\":\"BreadcrumbList\",\"@id\":\"https:\\\/\\\/www.webdo.tn\\\/fr\\\/actualite\\\/edito\\\/chroniques-annees-de-cendre-choix-de-leducation\\\/178933\\\/#breadcrumb\",\"itemListElement\":[{\"@type\":\"ListItem\",\"position\":1,\"name\":\"Accueil\",\"item\":\"https:\\\/\\\/www.webdo.tn\\\/fr\\\/\"},{\"@type\":\"ListItem\",\"position\":2,\"name\":\"Chroniques des ann\u00e9es de cendre : Le choix de l\u2019\u00e9ducation\"}]},{\"@type\":\"WebSite\",\"@id\":\"https:\\\/\\\/www.webdo.tn\\\/fr\\\/#website\",\"url\":\"https:\\\/\\\/www.webdo.tn\\\/fr\\\/\",\"name\":\"webdo\",\"description\":\"Tunisie - News en Tunisie et \u00e0 l&#039;international sur Webdo.tn\",\"publisher\":{\"@id\":\"https:\\\/\\\/www.webdo.tn\\\/fr\\\/#organization\"},\"potentialAction\":[{\"@type\":\"SearchAction\",\"target\":{\"@type\":\"EntryPoint\",\"urlTemplate\":\"https:\\\/\\\/www.webdo.tn\\\/fr\\\/?s={search_term_string}\"},\"query-input\":{\"@type\":\"PropertyValueSpecification\",\"valueRequired\":true,\"valueName\":\"search_term_string\"}}],\"inLanguage\":\"fr-FR\"},{\"@type\":\"Organization\",\"@id\":\"https:\\\/\\\/www.webdo.tn\\\/fr\\\/#organization\",\"name\":\"Webdo\",\"alternateName\":\"Webdo.tn\",\"url\":\"https:\\\/\\\/www.webdo.tn\\\/fr\\\/\",\"logo\":{\"@type\":\"ImageObject\",\"inLanguage\":\"fr-FR\",\"@id\":\"https:\\\/\\\/www.webdo.tn\\\/fr\\\/#\\\/schema\\\/logo\\\/image\\\/\",\"url\":\"https:\\\/\\\/www.webdo.tn\\\/fr\\\/wp-content\\\/uploads\\\/2025\\\/06\\\/Webdo-Tunisie_168377.jpg\",\"contentUrl\":\"https:\\\/\\\/www.webdo.tn\\\/fr\\\/wp-content\\\/uploads\\\/2025\\\/06\\\/Webdo-Tunisie_168377.jpg\",\"width\":301,\"height\":301,\"caption\":\"Webdo\"},\"image\":{\"@id\":\"https:\\\/\\\/www.webdo.tn\\\/fr\\\/#\\\/schema\\\/logo\\\/image\\\/\"},\"sameAs\":[\"https:\\\/\\\/www.facebook.com\\\/webdotn\",\"https:\\\/\\\/x.com\\\/webdo_tn\"],\"description\":\"Webdo est un m\u00e9dia num\u00e9rique tunisien fond\u00e9 en 2010, sp\u00e9cialis\u00e9 dans l\u2019actualit\u00e9 nationale et internationale, l\u2019\u00e9conomie, la soci\u00e9t\u00e9 et les analyses politiques. Le site s\u2019adresse \u00e0 un large public francophone et couvre l\u2019information tunisienne en temps r\u00e9el.\",\"email\":\"redac@webdo.tn\",\"legalName\":\"YNJ SARL\",\"foundingDate\":\"2010-09-06\",\"numberOfEmployees\":{\"@type\":\"QuantitativeValue\",\"minValue\":\"11\",\"maxValue\":\"50\"}},{\"@type\":\"Person\",\"@id\":\"https:\\\/\\\/www.webdo.tn\\\/fr\\\/#\\\/schema\\\/person\\\/9a9c6118d687c117df8ef3cc36a4d175\",\"name\":\"webdo.tn\",\"image\":{\"@type\":\"ImageObject\",\"inLanguage\":\"fr-FR\",\"@id\":\"https:\\\/\\\/secure.gravatar.com\\\/avatar\\\/7ce1f28c0c3bbac99ff550b85ef8e44a6950c6ee24514fb6a5489e51d06f0298?s=96&d=mm&r=g\",\"url\":\"https:\\\/\\\/secure.gravatar.com\\\/avatar\\\/7ce1f28c0c3bbac99ff550b85ef8e44a6950c6ee24514fb6a5489e51d06f0298?s=96&d=mm&r=g\",\"contentUrl\":\"https:\\\/\\\/secure.gravatar.com\\\/avatar\\\/7ce1f28c0c3bbac99ff550b85ef8e44a6950c6ee24514fb6a5489e51d06f0298?s=96&d=mm&r=g\",\"caption\":\"webdo.tn\"},\"url\":\"https:\\\/\\\/www.webdo.tn\\\/fr\\\/actualite\\\/author\\\/webdotn\\\/\"}]}<\/script>\n<!-- \/ Yoast SEO Premium plugin. -->","yoast_head_json":{"title":"Chroniques des ann\u00e9es de cendre : Le choix de l\u2019\u00e9ducation","description":"Chroniques des ann\u00e9es de cendre : Le choix de l\u2019\u00e9ducation","canonical":"https:\/\/www.webdo.tn\/fr\/actualite\/edito\/chroniques-annees-de-cendre-choix-de-leducation\/178933\/","og_locale":"fr_FR","og_type":"article","og_title":"Chroniques des ann\u00e9es de cendre : Le choix de l\u2019\u00e9ducation","og_description":"Chroniques des ann\u00e9es de cendre : Le choix de l\u2019\u00e9ducation","og_url":"https:\/\/www.webdo.tn\/fr\/actualite\/edito\/chroniques-annees-de-cendre-choix-de-leducation\/178933\/","og_site_name":"webdo","article_publisher":"https:\/\/www.facebook.com\/webdotn","article_published_time":"2018-04-24T15:45:00+00:00","article_modified_time":"2025-05-19T14:13:18+00:00","og_image":[{"width":630,"height":419,"url":"https:\/\/www.webdo.tn\/fr\/wp-content\/uploads\/2018\/04\/Ecole-getty-images.jpeg","type":"image\/jpeg"}],"author":"webdo.tn","twitter_card":"summary_large_image","twitter_creator":"@webdo_tn","twitter_site":"@webdo_tn","twitter_misc":{"\u00c9crit par":"webdo.tn","Dur\u00e9e de lecture estim\u00e9e":"2 minutes"},"schema":{"@context":"https:\/\/schema.org","@graph":[{"@type":"NewsArticle","@id":"https:\/\/www.webdo.tn\/fr\/actualite\/edito\/chroniques-annees-de-cendre-choix-de-leducation\/178933\/#article","isPartOf":{"@id":"https:\/\/www.webdo.tn\/fr\/actualite\/edito\/chroniques-annees-de-cendre-choix-de-leducation\/178933\/"},"author":{"name":"webdo.tn","@id":"https:\/\/www.webdo.tn\/fr\/#\/schema\/person\/9a9c6118d687c117df8ef3cc36a4d175"},"headline":"Chroniques des ann\u00e9es de cendre : Le choix de l\u2019\u00e9ducation","datePublished":"2018-04-24T15:45:00+00:00","dateModified":"2025-05-19T14:13:18+00:00","mainEntityOfPage":{"@id":"https:\/\/www.webdo.tn\/fr\/actualite\/edito\/chroniques-annees-de-cendre-choix-de-leducation\/178933\/"},"wordCount":398,"commentCount":0,"publisher":{"@id":"https:\/\/www.webdo.tn\/fr\/#organization"},"image":{"@id":"https:\/\/www.webdo.tn\/fr\/actualite\/edito\/chroniques-annees-de-cendre-choix-de-leducation\/178933\/#primaryimage"},"thumbnailUrl":"https:\/\/www.webdo.tn\/fr\/wp-content\/uploads\/2018\/04\/Ecole-getty-images.jpeg","keywords":["guerre"],"articleSection":["Edito"],"inLanguage":"fr-FR"},{"@type":"WebPage","@id":"https:\/\/www.webdo.tn\/fr\/actualite\/edito\/chroniques-annees-de-cendre-choix-de-leducation\/178933\/","url":"https:\/\/www.webdo.tn\/fr\/actualite\/edito\/chroniques-annees-de-cendre-choix-de-leducation\/178933\/","name":"Chroniques des ann\u00e9es de cendre : Le choix de l\u2019\u00e9ducation","isPartOf":{"@id":"https:\/\/www.webdo.tn\/fr\/#website"},"primaryImageOfPage":{"@id":"https:\/\/www.webdo.tn\/fr\/actualite\/edito\/chroniques-annees-de-cendre-choix-de-leducation\/178933\/#primaryimage"},"image":{"@id":"https:\/\/www.webdo.tn\/fr\/actualite\/edito\/chroniques-annees-de-cendre-choix-de-leducation\/178933\/#primaryimage"},"thumbnailUrl":"https:\/\/www.webdo.tn\/fr\/wp-content\/uploads\/2018\/04\/Ecole-getty-images.jpeg","datePublished":"2018-04-24T15:45:00+00:00","dateModified":"2025-05-19T14:13:18+00:00","description":"Chroniques des ann\u00e9es de cendre : Le choix de l\u2019\u00e9ducation","breadcrumb":{"@id":"https:\/\/www.webdo.tn\/fr\/actualite\/edito\/chroniques-annees-de-cendre-choix-de-leducation\/178933\/#breadcrumb"},"inLanguage":"fr-FR","potentialAction":[{"@type":"ReadAction","target":["https:\/\/www.webdo.tn\/fr\/actualite\/edito\/chroniques-annees-de-cendre-choix-de-leducation\/178933\/"]}]},{"@type":"ImageObject","inLanguage":"fr-FR","@id":"https:\/\/www.webdo.tn\/fr\/actualite\/edito\/chroniques-annees-de-cendre-choix-de-leducation\/178933\/#primaryimage","url":"https:\/\/www.webdo.tn\/fr\/wp-content\/uploads\/2018\/04\/Ecole-getty-images.jpeg","contentUrl":"https:\/\/www.webdo.tn\/fr\/wp-content\/uploads\/2018\/04\/Ecole-getty-images.jpeg","width":630,"height":419,"caption":"Chroniques des ann\u00e9es de cendre : Le choix de l\u2019\u00e9ducation"},{"@type":"BreadcrumbList","@id":"https:\/\/www.webdo.tn\/fr\/actualite\/edito\/chroniques-annees-de-cendre-choix-de-leducation\/178933\/#breadcrumb","itemListElement":[{"@type":"ListItem","position":1,"name":"Accueil","item":"https:\/\/www.webdo.tn\/fr\/"},{"@type":"ListItem","position":2,"name":"Chroniques des ann\u00e9es de cendre : Le choix de l\u2019\u00e9ducation"}]},{"@type":"WebSite","@id":"https:\/\/www.webdo.tn\/fr\/#website","url":"https:\/\/www.webdo.tn\/fr\/","name":"webdo","description":"Tunisie - News en Tunisie et \u00e0 l&#039;international sur Webdo.tn","publisher":{"@id":"https:\/\/www.webdo.tn\/fr\/#organization"},"potentialAction":[{"@type":"SearchAction","target":{"@type":"EntryPoint","urlTemplate":"https:\/\/www.webdo.tn\/fr\/?s={search_term_string}"},"query-input":{"@type":"PropertyValueSpecification","valueRequired":true,"valueName":"search_term_string"}}],"inLanguage":"fr-FR"},{"@type":"Organization","@id":"https:\/\/www.webdo.tn\/fr\/#organization","name":"Webdo","alternateName":"Webdo.tn","url":"https:\/\/www.webdo.tn\/fr\/","logo":{"@type":"ImageObject","inLanguage":"fr-FR","@id":"https:\/\/www.webdo.tn\/fr\/#\/schema\/logo\/image\/","url":"https:\/\/www.webdo.tn\/fr\/wp-content\/uploads\/2025\/06\/Webdo-Tunisie_168377.jpg","contentUrl":"https:\/\/www.webdo.tn\/fr\/wp-content\/uploads\/2025\/06\/Webdo-Tunisie_168377.jpg","width":301,"height":301,"caption":"Webdo"},"image":{"@id":"https:\/\/www.webdo.tn\/fr\/#\/schema\/logo\/image\/"},"sameAs":["https:\/\/www.facebook.com\/webdotn","https:\/\/x.com\/webdo_tn"],"description":"Webdo est un m\u00e9dia num\u00e9rique tunisien fond\u00e9 en 2010, sp\u00e9cialis\u00e9 dans l\u2019actualit\u00e9 nationale et internationale, l\u2019\u00e9conomie, la soci\u00e9t\u00e9 et les analyses politiques. Le site s\u2019adresse \u00e0 un large public francophone et couvre l\u2019information tunisienne en temps r\u00e9el.","email":"redac@webdo.tn","legalName":"YNJ SARL","foundingDate":"2010-09-06","numberOfEmployees":{"@type":"QuantitativeValue","minValue":"11","maxValue":"50"}},{"@type":"Person","@id":"https:\/\/www.webdo.tn\/fr\/#\/schema\/person\/9a9c6118d687c117df8ef3cc36a4d175","name":"webdo.tn","image":{"@type":"ImageObject","inLanguage":"fr-FR","@id":"https:\/\/secure.gravatar.com\/avatar\/7ce1f28c0c3bbac99ff550b85ef8e44a6950c6ee24514fb6a5489e51d06f0298?s=96&d=mm&r=g","url":"https:\/\/secure.gravatar.com\/avatar\/7ce1f28c0c3bbac99ff550b85ef8e44a6950c6ee24514fb6a5489e51d06f0298?s=96&d=mm&r=g","contentUrl":"https:\/\/secure.gravatar.com\/avatar\/7ce1f28c0c3bbac99ff550b85ef8e44a6950c6ee24514fb6a5489e51d06f0298?s=96&d=mm&r=g","caption":"webdo.tn"},"url":"https:\/\/www.webdo.tn\/fr\/actualite\/author\/webdotn\/"}]}},"_links":{"self":[{"href":"https:\/\/www.webdo.tn\/fr\/wp-json\/wp\/v2\/posts\/178933","targetHints":{"allow":["GET"]}}],"collection":[{"href":"https:\/\/www.webdo.tn\/fr\/wp-json\/wp\/v2\/posts"}],"about":[{"href":"https:\/\/www.webdo.tn\/fr\/wp-json\/wp\/v2\/types\/post"}],"author":[{"embeddable":true,"href":"https:\/\/www.webdo.tn\/fr\/wp-json\/wp\/v2\/users\/3222"}],"replies":[{"embeddable":true,"href":"https:\/\/www.webdo.tn\/fr\/wp-json\/wp\/v2\/comments?post=178933"}],"version-history":[{"count":0,"href":"https:\/\/www.webdo.tn\/fr\/wp-json\/wp\/v2\/posts\/178933\/revisions"}],"wp:featuredmedia":[{"embeddable":true,"href":"https:\/\/www.webdo.tn\/fr\/wp-json\/wp\/v2\/media\/299912"}],"wp:attachment":[{"href":"https:\/\/www.webdo.tn\/fr\/wp-json\/wp\/v2\/media?parent=178933"}],"wp:term":[{"taxonomy":"category","embeddable":true,"href":"https:\/\/www.webdo.tn\/fr\/wp-json\/wp\/v2\/categories?post=178933"},{"taxonomy":"post_tag","embeddable":true,"href":"https:\/\/www.webdo.tn\/fr\/wp-json\/wp\/v2\/tags?post=178933"}],"curies":[{"name":"wp","href":"https:\/\/api.w.org\/{rel}","templated":true}]}}