{"id":178932,"date":"2018-05-08T09:29:00","date_gmt":"2018-05-08T09:29:00","guid":{"rendered":"https:\/\/www.webdo.tn\/fr\/blog\/chroniques-annees-de-cendre-accord-de-carthage-round-2\/178932\/"},"modified":"2025-05-18T23:49:33","modified_gmt":"2025-05-18T23:49:33","slug":"chroniques-annees-de-cendre-accord-de-carthage-round-2","status":"publish","type":"post","link":"https:\/\/www.webdo.tn\/fr\/actualite\/edito\/chroniques-annees-de-cendre-accord-de-carthage-round-2\/178932\/","title":{"rendered":"Chroniques des ann\u00e9es de cendre : Accord de Carthage &#8211; Round 2"},"content":{"rendered":"<p>Voil\u00e0, les experts repr\u00e9sentant les signataires de l\u2019accord de Carthage ont finalis\u00e9 leurs travaux. Un document de 100 points a \u00e9t\u00e9 pr\u00e9par\u00e9 pour d\u00e9bloquer la situation socio-\u00e9conomique du pays et nous faire sortir de la crise.<\/p>\n<p>100 points. 1, 2, 3&#8230; 10&#8230; 20&#8230; 50&#8230; 90&#8230; 100. \u00c7a nous rappelle les programmes bluffants de nos partis politiques, mais certainement pas le fruit du processus conciliatoire mi-figue mi-raisin qui caract\u00e9rise la transition politique tunisienne.<\/p>\n<p>100 points dans le programment qui seront dict\u00e9s \u00e0 Youssef Chahed ou tout autre aventurier qui accepterai sa place de chef de gouvernement. \u00c7a serai finalement un chef de gouvernement avec le rang de chef de service, r\u00e9duit \u00e0 appliquer un programme qu\u2019il n\u2019a pas pr\u00e9par\u00e9 et qu\u2019il n\u2019assumera pas.<\/p>\n<p>D\u2019ailleurs, personne n\u2019assumera l\u2019\u00e9chec de ce programme, pr\u00e9par\u00e9 par des experts de tout bord : partis politiques conjugu\u00e9s aux repr\u00e9sentants des syndicats ouvrier, agricole et patronal. En tout, personne ne joue son r\u00f4le dans cette histoire, sauf le soldat inconnu.<\/p>\n<p>Par les discussions du deuxi\u00e8me round de Carthage, on s\u2019attendait \u00e0 une feuille de route concr\u00e8te de sortie de crise, trois id\u00e9es claires et pr\u00e9cises, un d\u00e9but de consensus sur le mod\u00e8le d\u2019une soci\u00e9t\u00e9 qui se cherche. Voil\u00e0 qu\u2019on reprend la m\u00eame rh\u00e9torique, histoire de noyer, une autre fois, le poisson.<\/p>\n<p>Attendons nous donc \u00e0 un nouvelle d\u00e9monstration de langue de bois dans toute sa splendeur et \u00e0 des mesures larges qui g\u00e8leront la situation et berceront les Tunisiens de toutes sortes d&rsquo;espoirs, en attendant 2019.<br \/>\nAnis Wahabi<\/p>\n","protected":false},"excerpt":{"rendered":"<p>Chroniques des ann\u00e9es de cendre : Accord de Carthage &#8211; Round 2<\/p>\n","protected":false},"author":3222,"featured_media":299613,"comment_status":"open","ping_status":"closed","sticky":false,"template":"","format":"standard","meta":{"footnotes":""},"categories":[2589],"tags":[2600],"class_list":["post-178932","post","type-post","status-publish","format-standard","has-post-thumbnail","hentry","category-edito","tag-guerre"],"yoast_head":"<!-- This site is optimized with the Yoast SEO Premium plugin v27.5 (Yoast SEO v27.5) - https:\/\/yoast.com\/product\/yoast-seo-premium-wordpress\/ -->\n<title>Chroniques des ann\u00e9es de cendre : Accord de Carthage - Round 2<\/title>\n<meta name=\"description\" content=\"Chroniques des ann\u00e9es de cendre : Accord de Carthage - Round 2\" \/>\n<link rel=\"canonical\" href=\"https:\/\/www.webdo.tn\/fr\/actualite\/edito\/chroniques-annees-de-cendre-accord-de-carthage-round-2\/178932\/\" \/>\n<meta property=\"og:locale\" content=\"fr_FR\" \/>\n<meta property=\"og:type\" content=\"article\" \/>\n<meta property=\"og:title\" content=\"Chroniques des ann\u00e9es de cendre : Accord de Carthage - Round 2\" \/>\n<meta property=\"og:description\" content=\"Chroniques des ann\u00e9es de cendre : Accord de Carthage - Round 2\" \/>\n<meta property=\"og:url\" content=\"https:\/\/www.webdo.tn\/fr\/actualite\/edito\/chroniques-annees-de-cendre-accord-de-carthage-round-2\/178932\/\" \/>\n<meta property=\"og:site_name\" content=\"webdo\" \/>\n<meta property=\"article:publisher\" content=\"https:\/\/www.facebook.com\/webdotn\" \/>\n<meta property=\"article:published_time\" content=\"2018-05-08T09:29:00+00:00\" \/>\n<meta property=\"article:modified_time\" content=\"2025-05-18T23:49:33+00:00\" \/>\n<meta property=\"og:image\" content=\"https:\/\/www.webdo.tn\/fr\/wp-content\/uploads\/2018\/05\/youssef-chahed-AP.png\" \/>\n\t<meta property=\"og:image:width\" content=\"592\" \/>\n\t<meta property=\"og:image:height\" content=\"296\" \/>\n\t<meta property=\"og:image:type\" content=\"image\/png\" \/>\n<meta name=\"author\" content=\"webdo.tn\" \/>\n<meta name=\"twitter:card\" content=\"summary_large_image\" \/>\n<meta name=\"twitter:creator\" content=\"@webdo_tn\" \/>\n<meta name=\"twitter:site\" content=\"@webdo_tn\" \/>\n<meta name=\"twitter:label1\" content=\"\u00c9crit par\" \/>\n\t<meta name=\"twitter:data1\" content=\"webdo.tn\" \/>\n\t<meta name=\"twitter:label2\" content=\"Dur\u00e9e de lecture estim\u00e9e\" \/>\n\t<meta name=\"twitter:data2\" content=\"1 minute\" \/>\n<script type=\"application\/ld+json\" class=\"yoast-schema-graph\">{\"@context\":\"https:\\\/\\\/schema.org\",\"@graph\":[{\"@type\":\"NewsArticle\",\"@id\":\"https:\\\/\\\/www.webdo.tn\\\/fr\\\/actualite\\\/edito\\\/chroniques-annees-de-cendre-accord-de-carthage-round-2\\\/178932\\\/#article\",\"isPartOf\":{\"@id\":\"https:\\\/\\\/www.webdo.tn\\\/fr\\\/actualite\\\/edito\\\/chroniques-annees-de-cendre-accord-de-carthage-round-2\\\/178932\\\/\"},\"author\":{\"name\":\"webdo.tn\",\"@id\":\"https:\\\/\\\/www.webdo.tn\\\/fr\\\/#\\\/schema\\\/person\\\/9a9c6118d687c117df8ef3cc36a4d175\"},\"headline\":\"Chroniques des ann\u00e9es de cendre : Accord de Carthage &#8211; Round 2\",\"datePublished\":\"2018-05-08T09:29:00+00:00\",\"dateModified\":\"2025-05-18T23:49:33+00:00\",\"mainEntityOfPage\":{\"@id\":\"https:\\\/\\\/www.webdo.tn\\\/fr\\\/actualite\\\/edito\\\/chroniques-annees-de-cendre-accord-de-carthage-round-2\\\/178932\\\/\"},\"wordCount\":278,\"commentCount\":0,\"publisher\":{\"@id\":\"https:\\\/\\\/www.webdo.tn\\\/fr\\\/#organization\"},\"image\":{\"@id\":\"https:\\\/\\\/www.webdo.tn\\\/fr\\\/actualite\\\/edito\\\/chroniques-annees-de-cendre-accord-de-carthage-round-2\\\/178932\\\/#primaryimage\"},\"thumbnailUrl\":\"https:\\\/\\\/www.webdo.tn\\\/fr\\\/wp-content\\\/uploads\\\/2018\\\/05\\\/youssef-chahed-AP.png\",\"keywords\":[\"guerre\"],\"articleSection\":[\"Edito\"],\"inLanguage\":\"fr-FR\"},{\"@type\":\"WebPage\",\"@id\":\"https:\\\/\\\/www.webdo.tn\\\/fr\\\/actualite\\\/edito\\\/chroniques-annees-de-cendre-accord-de-carthage-round-2\\\/178932\\\/\",\"url\":\"https:\\\/\\\/www.webdo.tn\\\/fr\\\/actualite\\\/edito\\\/chroniques-annees-de-cendre-accord-de-carthage-round-2\\\/178932\\\/\",\"name\":\"Chroniques des ann\u00e9es de cendre : Accord de Carthage - Round 2\",\"isPartOf\":{\"@id\":\"https:\\\/\\\/www.webdo.tn\\\/fr\\\/#website\"},\"primaryImageOfPage\":{\"@id\":\"https:\\\/\\\/www.webdo.tn\\\/fr\\\/actualite\\\/edito\\\/chroniques-annees-de-cendre-accord-de-carthage-round-2\\\/178932\\\/#primaryimage\"},\"image\":{\"@id\":\"https:\\\/\\\/www.webdo.tn\\\/fr\\\/actualite\\\/edito\\\/chroniques-annees-de-cendre-accord-de-carthage-round-2\\\/178932\\\/#primaryimage\"},\"thumbnailUrl\":\"https:\\\/\\\/www.webdo.tn\\\/fr\\\/wp-content\\\/uploads\\\/2018\\\/05\\\/youssef-chahed-AP.png\",\"datePublished\":\"2018-05-08T09:29:00+00:00\",\"dateModified\":\"2025-05-18T23:49:33+00:00\",\"description\":\"Chroniques des ann\u00e9es de cendre : Accord de Carthage - Round 2\",\"breadcrumb\":{\"@id\":\"https:\\\/\\\/www.webdo.tn\\\/fr\\\/actualite\\\/edito\\\/chroniques-annees-de-cendre-accord-de-carthage-round-2\\\/178932\\\/#breadcrumb\"},\"inLanguage\":\"fr-FR\",\"potentialAction\":[{\"@type\":\"ReadAction\",\"target\":[\"https:\\\/\\\/www.webdo.tn\\\/fr\\\/actualite\\\/edito\\\/chroniques-annees-de-cendre-accord-de-carthage-round-2\\\/178932\\\/\"]}]},{\"@type\":\"ImageObject\",\"inLanguage\":\"fr-FR\",\"@id\":\"https:\\\/\\\/www.webdo.tn\\\/fr\\\/actualite\\\/edito\\\/chroniques-annees-de-cendre-accord-de-carthage-round-2\\\/178932\\\/#primaryimage\",\"url\":\"https:\\\/\\\/www.webdo.tn\\\/fr\\\/wp-content\\\/uploads\\\/2018\\\/05\\\/youssef-chahed-AP.png\",\"contentUrl\":\"https:\\\/\\\/www.webdo.tn\\\/fr\\\/wp-content\\\/uploads\\\/2018\\\/05\\\/youssef-chahed-AP.png\",\"width\":592,\"height\":296,\"caption\":\"Chroniques des ann\u00e9es de cendre : Accord de Carthage - Round 2\"},{\"@type\":\"BreadcrumbList\",\"@id\":\"https:\\\/\\\/www.webdo.tn\\\/fr\\\/actualite\\\/edito\\\/chroniques-annees-de-cendre-accord-de-carthage-round-2\\\/178932\\\/#breadcrumb\",\"itemListElement\":[{\"@type\":\"ListItem\",\"position\":1,\"name\":\"Accueil\",\"item\":\"https:\\\/\\\/www.webdo.tn\\\/fr\\\/\"},{\"@type\":\"ListItem\",\"position\":2,\"name\":\"Chroniques des ann\u00e9es de cendre : Accord de Carthage &#8211; Round 2\"}]},{\"@type\":\"WebSite\",\"@id\":\"https:\\\/\\\/www.webdo.tn\\\/fr\\\/#website\",\"url\":\"https:\\\/\\\/www.webdo.tn\\\/fr\\\/\",\"name\":\"webdo\",\"description\":\"Tunisie - News en Tunisie et \u00e0 l&#039;international sur Webdo.tn\",\"publisher\":{\"@id\":\"https:\\\/\\\/www.webdo.tn\\\/fr\\\/#organization\"},\"potentialAction\":[{\"@type\":\"SearchAction\",\"target\":{\"@type\":\"EntryPoint\",\"urlTemplate\":\"https:\\\/\\\/www.webdo.tn\\\/fr\\\/?s={search_term_string}\"},\"query-input\":{\"@type\":\"PropertyValueSpecification\",\"valueRequired\":true,\"valueName\":\"search_term_string\"}}],\"inLanguage\":\"fr-FR\"},{\"@type\":\"Organization\",\"@id\":\"https:\\\/\\\/www.webdo.tn\\\/fr\\\/#organization\",\"name\":\"Webdo\",\"alternateName\":\"Webdo.tn\",\"url\":\"https:\\\/\\\/www.webdo.tn\\\/fr\\\/\",\"logo\":{\"@type\":\"ImageObject\",\"inLanguage\":\"fr-FR\",\"@id\":\"https:\\\/\\\/www.webdo.tn\\\/fr\\\/#\\\/schema\\\/logo\\\/image\\\/\",\"url\":\"https:\\\/\\\/www.webdo.tn\\\/fr\\\/wp-content\\\/uploads\\\/2025\\\/06\\\/Webdo-Tunisie_168377.jpg\",\"contentUrl\":\"https:\\\/\\\/www.webdo.tn\\\/fr\\\/wp-content\\\/uploads\\\/2025\\\/06\\\/Webdo-Tunisie_168377.jpg\",\"width\":301,\"height\":301,\"caption\":\"Webdo\"},\"image\":{\"@id\":\"https:\\\/\\\/www.webdo.tn\\\/fr\\\/#\\\/schema\\\/logo\\\/image\\\/\"},\"sameAs\":[\"https:\\\/\\\/www.facebook.com\\\/webdotn\",\"https:\\\/\\\/x.com\\\/webdo_tn\"],\"description\":\"Webdo est un m\u00e9dia num\u00e9rique tunisien fond\u00e9 en 2010, sp\u00e9cialis\u00e9 dans l\u2019actualit\u00e9 nationale et internationale, l\u2019\u00e9conomie, la soci\u00e9t\u00e9 et les analyses politiques. Le site s\u2019adresse \u00e0 un large public francophone et couvre l\u2019information tunisienne en temps r\u00e9el.\",\"email\":\"redac@webdo.tn\",\"legalName\":\"YNJ SARL\",\"foundingDate\":\"2010-09-06\",\"numberOfEmployees\":{\"@type\":\"QuantitativeValue\",\"minValue\":\"11\",\"maxValue\":\"50\"}},{\"@type\":\"Person\",\"@id\":\"https:\\\/\\\/www.webdo.tn\\\/fr\\\/#\\\/schema\\\/person\\\/9a9c6118d687c117df8ef3cc36a4d175\",\"name\":\"webdo.tn\",\"image\":{\"@type\":\"ImageObject\",\"inLanguage\":\"fr-FR\",\"@id\":\"https:\\\/\\\/secure.gravatar.com\\\/avatar\\\/7ce1f28c0c3bbac99ff550b85ef8e44a6950c6ee24514fb6a5489e51d06f0298?s=96&d=mm&r=g\",\"url\":\"https:\\\/\\\/secure.gravatar.com\\\/avatar\\\/7ce1f28c0c3bbac99ff550b85ef8e44a6950c6ee24514fb6a5489e51d06f0298?s=96&d=mm&r=g\",\"contentUrl\":\"https:\\\/\\\/secure.gravatar.com\\\/avatar\\\/7ce1f28c0c3bbac99ff550b85ef8e44a6950c6ee24514fb6a5489e51d06f0298?s=96&d=mm&r=g\",\"caption\":\"webdo.tn\"},\"url\":\"https:\\\/\\\/www.webdo.tn\\\/fr\\\/actualite\\\/author\\\/webdotn\\\/\"}]}<\/script>\n<!-- \/ Yoast SEO Premium plugin. -->","yoast_head_json":{"title":"Chroniques des ann\u00e9es de cendre : Accord de Carthage - Round 2","description":"Chroniques des ann\u00e9es de cendre : Accord de Carthage - Round 2","canonical":"https:\/\/www.webdo.tn\/fr\/actualite\/edito\/chroniques-annees-de-cendre-accord-de-carthage-round-2\/178932\/","og_locale":"fr_FR","og_type":"article","og_title":"Chroniques des ann\u00e9es de cendre : Accord de Carthage - Round 2","og_description":"Chroniques des ann\u00e9es de cendre : Accord de Carthage - Round 2","og_url":"https:\/\/www.webdo.tn\/fr\/actualite\/edito\/chroniques-annees-de-cendre-accord-de-carthage-round-2\/178932\/","og_site_name":"webdo","article_publisher":"https:\/\/www.facebook.com\/webdotn","article_published_time":"2018-05-08T09:29:00+00:00","article_modified_time":"2025-05-18T23:49:33+00:00","og_image":[{"width":592,"height":296,"url":"https:\/\/www.webdo.tn\/fr\/wp-content\/uploads\/2018\/05\/youssef-chahed-AP.png","type":"image\/png"}],"author":"webdo.tn","twitter_card":"summary_large_image","twitter_creator":"@webdo_tn","twitter_site":"@webdo_tn","twitter_misc":{"\u00c9crit par":"webdo.tn","Dur\u00e9e de lecture estim\u00e9e":"1 minute"},"schema":{"@context":"https:\/\/schema.org","@graph":[{"@type":"NewsArticle","@id":"https:\/\/www.webdo.tn\/fr\/actualite\/edito\/chroniques-annees-de-cendre-accord-de-carthage-round-2\/178932\/#article","isPartOf":{"@id":"https:\/\/www.webdo.tn\/fr\/actualite\/edito\/chroniques-annees-de-cendre-accord-de-carthage-round-2\/178932\/"},"author":{"name":"webdo.tn","@id":"https:\/\/www.webdo.tn\/fr\/#\/schema\/person\/9a9c6118d687c117df8ef3cc36a4d175"},"headline":"Chroniques des ann\u00e9es de cendre : Accord de Carthage &#8211; Round 2","datePublished":"2018-05-08T09:29:00+00:00","dateModified":"2025-05-18T23:49:33+00:00","mainEntityOfPage":{"@id":"https:\/\/www.webdo.tn\/fr\/actualite\/edito\/chroniques-annees-de-cendre-accord-de-carthage-round-2\/178932\/"},"wordCount":278,"commentCount":0,"publisher":{"@id":"https:\/\/www.webdo.tn\/fr\/#organization"},"image":{"@id":"https:\/\/www.webdo.tn\/fr\/actualite\/edito\/chroniques-annees-de-cendre-accord-de-carthage-round-2\/178932\/#primaryimage"},"thumbnailUrl":"https:\/\/www.webdo.tn\/fr\/wp-content\/uploads\/2018\/05\/youssef-chahed-AP.png","keywords":["guerre"],"articleSection":["Edito"],"inLanguage":"fr-FR"},{"@type":"WebPage","@id":"https:\/\/www.webdo.tn\/fr\/actualite\/edito\/chroniques-annees-de-cendre-accord-de-carthage-round-2\/178932\/","url":"https:\/\/www.webdo.tn\/fr\/actualite\/edito\/chroniques-annees-de-cendre-accord-de-carthage-round-2\/178932\/","name":"Chroniques des ann\u00e9es de cendre : Accord de Carthage - Round 2","isPartOf":{"@id":"https:\/\/www.webdo.tn\/fr\/#website"},"primaryImageOfPage":{"@id":"https:\/\/www.webdo.tn\/fr\/actualite\/edito\/chroniques-annees-de-cendre-accord-de-carthage-round-2\/178932\/#primaryimage"},"image":{"@id":"https:\/\/www.webdo.tn\/fr\/actualite\/edito\/chroniques-annees-de-cendre-accord-de-carthage-round-2\/178932\/#primaryimage"},"thumbnailUrl":"https:\/\/www.webdo.tn\/fr\/wp-content\/uploads\/2018\/05\/youssef-chahed-AP.png","datePublished":"2018-05-08T09:29:00+00:00","dateModified":"2025-05-18T23:49:33+00:00","description":"Chroniques des ann\u00e9es de cendre : Accord de Carthage - Round 2","breadcrumb":{"@id":"https:\/\/www.webdo.tn\/fr\/actualite\/edito\/chroniques-annees-de-cendre-accord-de-carthage-round-2\/178932\/#breadcrumb"},"inLanguage":"fr-FR","potentialAction":[{"@type":"ReadAction","target":["https:\/\/www.webdo.tn\/fr\/actualite\/edito\/chroniques-annees-de-cendre-accord-de-carthage-round-2\/178932\/"]}]},{"@type":"ImageObject","inLanguage":"fr-FR","@id":"https:\/\/www.webdo.tn\/fr\/actualite\/edito\/chroniques-annees-de-cendre-accord-de-carthage-round-2\/178932\/#primaryimage","url":"https:\/\/www.webdo.tn\/fr\/wp-content\/uploads\/2018\/05\/youssef-chahed-AP.png","contentUrl":"https:\/\/www.webdo.tn\/fr\/wp-content\/uploads\/2018\/05\/youssef-chahed-AP.png","width":592,"height":296,"caption":"Chroniques des ann\u00e9es de cendre : Accord de Carthage - Round 2"},{"@type":"BreadcrumbList","@id":"https:\/\/www.webdo.tn\/fr\/actualite\/edito\/chroniques-annees-de-cendre-accord-de-carthage-round-2\/178932\/#breadcrumb","itemListElement":[{"@type":"ListItem","position":1,"name":"Accueil","item":"https:\/\/www.webdo.tn\/fr\/"},{"@type":"ListItem","position":2,"name":"Chroniques des ann\u00e9es de cendre : Accord de Carthage &#8211; Round 2"}]},{"@type":"WebSite","@id":"https:\/\/www.webdo.tn\/fr\/#website","url":"https:\/\/www.webdo.tn\/fr\/","name":"webdo","description":"Tunisie - News en Tunisie et \u00e0 l&#039;international sur Webdo.tn","publisher":{"@id":"https:\/\/www.webdo.tn\/fr\/#organization"},"potentialAction":[{"@type":"SearchAction","target":{"@type":"EntryPoint","urlTemplate":"https:\/\/www.webdo.tn\/fr\/?s={search_term_string}"},"query-input":{"@type":"PropertyValueSpecification","valueRequired":true,"valueName":"search_term_string"}}],"inLanguage":"fr-FR"},{"@type":"Organization","@id":"https:\/\/www.webdo.tn\/fr\/#organization","name":"Webdo","alternateName":"Webdo.tn","url":"https:\/\/www.webdo.tn\/fr\/","logo":{"@type":"ImageObject","inLanguage":"fr-FR","@id":"https:\/\/www.webdo.tn\/fr\/#\/schema\/logo\/image\/","url":"https:\/\/www.webdo.tn\/fr\/wp-content\/uploads\/2025\/06\/Webdo-Tunisie_168377.jpg","contentUrl":"https:\/\/www.webdo.tn\/fr\/wp-content\/uploads\/2025\/06\/Webdo-Tunisie_168377.jpg","width":301,"height":301,"caption":"Webdo"},"image":{"@id":"https:\/\/www.webdo.tn\/fr\/#\/schema\/logo\/image\/"},"sameAs":["https:\/\/www.facebook.com\/webdotn","https:\/\/x.com\/webdo_tn"],"description":"Webdo est un m\u00e9dia num\u00e9rique tunisien fond\u00e9 en 2010, sp\u00e9cialis\u00e9 dans l\u2019actualit\u00e9 nationale et internationale, l\u2019\u00e9conomie, la soci\u00e9t\u00e9 et les analyses politiques. Le site s\u2019adresse \u00e0 un large public francophone et couvre l\u2019information tunisienne en temps r\u00e9el.","email":"redac@webdo.tn","legalName":"YNJ SARL","foundingDate":"2010-09-06","numberOfEmployees":{"@type":"QuantitativeValue","minValue":"11","maxValue":"50"}},{"@type":"Person","@id":"https:\/\/www.webdo.tn\/fr\/#\/schema\/person\/9a9c6118d687c117df8ef3cc36a4d175","name":"webdo.tn","image":{"@type":"ImageObject","inLanguage":"fr-FR","@id":"https:\/\/secure.gravatar.com\/avatar\/7ce1f28c0c3bbac99ff550b85ef8e44a6950c6ee24514fb6a5489e51d06f0298?s=96&d=mm&r=g","url":"https:\/\/secure.gravatar.com\/avatar\/7ce1f28c0c3bbac99ff550b85ef8e44a6950c6ee24514fb6a5489e51d06f0298?s=96&d=mm&r=g","contentUrl":"https:\/\/secure.gravatar.com\/avatar\/7ce1f28c0c3bbac99ff550b85ef8e44a6950c6ee24514fb6a5489e51d06f0298?s=96&d=mm&r=g","caption":"webdo.tn"},"url":"https:\/\/www.webdo.tn\/fr\/actualite\/author\/webdotn\/"}]}},"_links":{"self":[{"href":"https:\/\/www.webdo.tn\/fr\/wp-json\/wp\/v2\/posts\/178932","targetHints":{"allow":["GET"]}}],"collection":[{"href":"https:\/\/www.webdo.tn\/fr\/wp-json\/wp\/v2\/posts"}],"about":[{"href":"https:\/\/www.webdo.tn\/fr\/wp-json\/wp\/v2\/types\/post"}],"author":[{"embeddable":true,"href":"https:\/\/www.webdo.tn\/fr\/wp-json\/wp\/v2\/users\/3222"}],"replies":[{"embeddable":true,"href":"https:\/\/www.webdo.tn\/fr\/wp-json\/wp\/v2\/comments?post=178932"}],"version-history":[{"count":0,"href":"https:\/\/www.webdo.tn\/fr\/wp-json\/wp\/v2\/posts\/178932\/revisions"}],"wp:featuredmedia":[{"embeddable":true,"href":"https:\/\/www.webdo.tn\/fr\/wp-json\/wp\/v2\/media\/299613"}],"wp:attachment":[{"href":"https:\/\/www.webdo.tn\/fr\/wp-json\/wp\/v2\/media?parent=178932"}],"wp:term":[{"taxonomy":"category","embeddable":true,"href":"https:\/\/www.webdo.tn\/fr\/wp-json\/wp\/v2\/categories?post=178932"},{"taxonomy":"post_tag","embeddable":true,"href":"https:\/\/www.webdo.tn\/fr\/wp-json\/wp\/v2\/tags?post=178932"}],"curies":[{"name":"wp","href":"https:\/\/api.w.org\/{rel}","templated":true}]}}