{"id":178931,"date":"2018-05-13T09:55:00","date_gmt":"2018-05-13T09:55:00","guid":{"rendered":"https:\/\/www.webdo.tn\/fr\/blog\/chroniques-annees-de-cendre-drones-devises\/178931\/"},"modified":"2025-05-19T14:14:32","modified_gmt":"2025-05-19T14:14:32","slug":"chroniques-annees-de-cendre-drones-devises","status":"publish","type":"post","link":"https:\/\/www.webdo.tn\/fr\/actualite\/edito\/chroniques-annees-de-cendre-drones-devises\/178931\/","title":{"rendered":"Chroniques des ann\u00e9es de cendre : Des drones et des devises"},"content":{"rendered":"<p>Alors que dans d\u2019autres pays, les drones sont devenus des jouets pour enfants, nous, en Tunisie, continuons \u00e0 les interdire, par mesure de s\u00e9curit\u00e9.<\/p>\n<p>Parce que chez nous, la s\u00e9curit\u00e9 passe avant tout et quand le minist\u00e8re de l\u2019int\u00e9rieur dit non, c\u2019est niet, telle une d\u00e9cision du haut Soviet.<\/p>\n<p>Peu importe que le monde \u00e9volue, que la technologie se banalise, que la recherche scientifique devienne une cause nationale, chez nous, un soup\u00e7on de danger s\u00e9curitaire \u00e9prouv\u00e9 par un administratif est capable d\u2019arr\u00eater la marche du temps.<\/p>\n<p>Ce fut le cas avec tout mat\u00e9riel que nos \u00ab\u00a0s\u00e9curitaires\u00a0\u00bb ne voient pas du bon \u0153il, quitte \u00e0 priver les tunisiens d&rsquo;\u00eatre \u00e0 la page cot\u00e9 progr\u00e8s technologique et scientifique.<\/p>\n<p>Ce m\u00eame mod\u00e8le d\u2019autarcie est repris dans la r\u00e9glementation de change. Pas de PayPal, pas de comptes libres en devises, pas de Moneygram ni western union au d\u00e9part de la Tunisie. Tout doit passer par le fin filtre d\u2019une banque centrale d\u2019une autre \u00e9poque. \u00c0 force de vouloir surveiller les tunisiens soup\u00e7onn\u00e9s de vouloir tout transf\u00e9rer \u00e0 l\u2019\u00e9tranger, nous avons mis le pays dans une bulle tout en laissant plus de 20000 soci\u00e9t\u00e9s off shore faire des virements dans tous les sens. Telle la citation de notre \u00e9minent ex ministre de l\u2019int\u00e9rieur : nous les avons attendu devant, il sont venus par derri\u00e8re.<\/p>\n<p>Nous oublions toutefois que le monde est devenu un petit village et que pour int\u00e9grer l\u2019\u00e9volution mondiale, il faut s\u2019ouvrir et faire confiance aux gens et aux syst\u00e8mes.<\/p>\n<p>Entre-temps, continuons \u00e0 survivre avec des dattes et de l\u2019huile d\u2019olive tant que \u00e7a ne fait pas peur. Pour la valeur ajout\u00e9e et l\u2019int\u00e9gration \u00e9conomique mondiale, c\u2019est pas assez grave tant qu\u2019on est en bonne sant\u00e9.<\/p>\n<p>\u00a0<br \/>\nAnis Wahabi<\/p>\n","protected":false},"excerpt":{"rendered":"<p>Chroniques des ann\u00e9es de cendre : Des drones et des devises<\/p>\n","protected":false},"author":3222,"featured_media":299555,"comment_status":"open","ping_status":"closed","sticky":false,"template":"","format":"standard","meta":{"footnotes":""},"categories":[2589],"tags":[2600],"class_list":["post-178931","post","type-post","status-publish","format-standard","has-post-thumbnail","hentry","category-edito","tag-guerre"],"yoast_head":"<!-- This site is optimized with the Yoast SEO Premium plugin v27.5 (Yoast SEO v27.5) - https:\/\/yoast.com\/product\/yoast-seo-premium-wordpress\/ -->\n<title>Chroniques des ann\u00e9es de cendre : Des drones et des devises<\/title>\n<meta name=\"description\" content=\"Chroniques des ann\u00e9es de cendre : Des drones et des devises\" \/>\n<link rel=\"canonical\" href=\"https:\/\/www.webdo.tn\/fr\/actualite\/edito\/chroniques-annees-de-cendre-drones-devises\/178931\/\" \/>\n<meta property=\"og:locale\" content=\"fr_FR\" \/>\n<meta property=\"og:type\" content=\"article\" \/>\n<meta property=\"og:title\" content=\"Chroniques des ann\u00e9es de cendre : Des drones et des devises\" \/>\n<meta property=\"og:description\" content=\"Chroniques des ann\u00e9es de cendre : Des drones et des devises\" \/>\n<meta property=\"og:url\" content=\"https:\/\/www.webdo.tn\/fr\/actualite\/edito\/chroniques-annees-de-cendre-drones-devises\/178931\/\" \/>\n<meta property=\"og:site_name\" content=\"webdo\" \/>\n<meta property=\"article:publisher\" content=\"https:\/\/www.facebook.com\/webdotn\" \/>\n<meta property=\"article:published_time\" content=\"2018-05-13T09:55:00+00:00\" \/>\n<meta property=\"article:modified_time\" content=\"2025-05-19T14:14:32+00:00\" \/>\n<meta property=\"og:image\" content=\"https:\/\/www.webdo.tn\/fr\/wp-content\/uploads\/2018\/05\/drone.jpg\" \/>\n\t<meta property=\"og:image:width\" content=\"1433\" \/>\n\t<meta property=\"og:image:height\" content=\"806\" \/>\n\t<meta property=\"og:image:type\" content=\"image\/jpeg\" \/>\n<meta name=\"author\" content=\"webdo.tn\" \/>\n<meta name=\"twitter:card\" content=\"summary_large_image\" \/>\n<meta name=\"twitter:creator\" content=\"@webdo_tn\" \/>\n<meta name=\"twitter:site\" content=\"@webdo_tn\" \/>\n<meta name=\"twitter:label1\" content=\"\u00c9crit par\" \/>\n\t<meta name=\"twitter:data1\" content=\"webdo.tn\" \/>\n\t<meta name=\"twitter:label2\" content=\"Dur\u00e9e de lecture estim\u00e9e\" \/>\n\t<meta name=\"twitter:data2\" content=\"2 minutes\" \/>\n<script type=\"application\/ld+json\" class=\"yoast-schema-graph\">{\"@context\":\"https:\\\/\\\/schema.org\",\"@graph\":[{\"@type\":\"NewsArticle\",\"@id\":\"https:\\\/\\\/www.webdo.tn\\\/fr\\\/actualite\\\/edito\\\/chroniques-annees-de-cendre-drones-devises\\\/178931\\\/#article\",\"isPartOf\":{\"@id\":\"https:\\\/\\\/www.webdo.tn\\\/fr\\\/actualite\\\/edito\\\/chroniques-annees-de-cendre-drones-devises\\\/178931\\\/\"},\"author\":{\"name\":\"webdo.tn\",\"@id\":\"https:\\\/\\\/www.webdo.tn\\\/fr\\\/#\\\/schema\\\/person\\\/9a9c6118d687c117df8ef3cc36a4d175\"},\"headline\":\"Chroniques des ann\u00e9es de cendre : Des drones et des devises\",\"datePublished\":\"2018-05-13T09:55:00+00:00\",\"dateModified\":\"2025-05-19T14:14:32+00:00\",\"mainEntityOfPage\":{\"@id\":\"https:\\\/\\\/www.webdo.tn\\\/fr\\\/actualite\\\/edito\\\/chroniques-annees-de-cendre-drones-devises\\\/178931\\\/\"},\"wordCount\":331,\"commentCount\":0,\"publisher\":{\"@id\":\"https:\\\/\\\/www.webdo.tn\\\/fr\\\/#organization\"},\"image\":{\"@id\":\"https:\\\/\\\/www.webdo.tn\\\/fr\\\/actualite\\\/edito\\\/chroniques-annees-de-cendre-drones-devises\\\/178931\\\/#primaryimage\"},\"thumbnailUrl\":\"https:\\\/\\\/www.webdo.tn\\\/fr\\\/wp-content\\\/uploads\\\/2018\\\/05\\\/drone.jpg\",\"keywords\":[\"guerre\"],\"articleSection\":[\"Edito\"],\"inLanguage\":\"fr-FR\"},{\"@type\":\"WebPage\",\"@id\":\"https:\\\/\\\/www.webdo.tn\\\/fr\\\/actualite\\\/edito\\\/chroniques-annees-de-cendre-drones-devises\\\/178931\\\/\",\"url\":\"https:\\\/\\\/www.webdo.tn\\\/fr\\\/actualite\\\/edito\\\/chroniques-annees-de-cendre-drones-devises\\\/178931\\\/\",\"name\":\"Chroniques des ann\u00e9es de cendre : Des drones et des devises\",\"isPartOf\":{\"@id\":\"https:\\\/\\\/www.webdo.tn\\\/fr\\\/#website\"},\"primaryImageOfPage\":{\"@id\":\"https:\\\/\\\/www.webdo.tn\\\/fr\\\/actualite\\\/edito\\\/chroniques-annees-de-cendre-drones-devises\\\/178931\\\/#primaryimage\"},\"image\":{\"@id\":\"https:\\\/\\\/www.webdo.tn\\\/fr\\\/actualite\\\/edito\\\/chroniques-annees-de-cendre-drones-devises\\\/178931\\\/#primaryimage\"},\"thumbnailUrl\":\"https:\\\/\\\/www.webdo.tn\\\/fr\\\/wp-content\\\/uploads\\\/2018\\\/05\\\/drone.jpg\",\"datePublished\":\"2018-05-13T09:55:00+00:00\",\"dateModified\":\"2025-05-19T14:14:32+00:00\",\"description\":\"Chroniques des ann\u00e9es de cendre : Des drones et des devises\",\"breadcrumb\":{\"@id\":\"https:\\\/\\\/www.webdo.tn\\\/fr\\\/actualite\\\/edito\\\/chroniques-annees-de-cendre-drones-devises\\\/178931\\\/#breadcrumb\"},\"inLanguage\":\"fr-FR\",\"potentialAction\":[{\"@type\":\"ReadAction\",\"target\":[\"https:\\\/\\\/www.webdo.tn\\\/fr\\\/actualite\\\/edito\\\/chroniques-annees-de-cendre-drones-devises\\\/178931\\\/\"]}]},{\"@type\":\"ImageObject\",\"inLanguage\":\"fr-FR\",\"@id\":\"https:\\\/\\\/www.webdo.tn\\\/fr\\\/actualite\\\/edito\\\/chroniques-annees-de-cendre-drones-devises\\\/178931\\\/#primaryimage\",\"url\":\"https:\\\/\\\/www.webdo.tn\\\/fr\\\/wp-content\\\/uploads\\\/2018\\\/05\\\/drone.jpg\",\"contentUrl\":\"https:\\\/\\\/www.webdo.tn\\\/fr\\\/wp-content\\\/uploads\\\/2018\\\/05\\\/drone.jpg\",\"width\":1433,\"height\":806,\"caption\":\"Chroniques des ann\u00e9es de cendre : Des drones et des devises\"},{\"@type\":\"BreadcrumbList\",\"@id\":\"https:\\\/\\\/www.webdo.tn\\\/fr\\\/actualite\\\/edito\\\/chroniques-annees-de-cendre-drones-devises\\\/178931\\\/#breadcrumb\",\"itemListElement\":[{\"@type\":\"ListItem\",\"position\":1,\"name\":\"Accueil\",\"item\":\"https:\\\/\\\/www.webdo.tn\\\/fr\\\/\"},{\"@type\":\"ListItem\",\"position\":2,\"name\":\"Chroniques des ann\u00e9es de cendre : Des drones et des devises\"}]},{\"@type\":\"WebSite\",\"@id\":\"https:\\\/\\\/www.webdo.tn\\\/fr\\\/#website\",\"url\":\"https:\\\/\\\/www.webdo.tn\\\/fr\\\/\",\"name\":\"webdo\",\"description\":\"Tunisie - News en Tunisie et \u00e0 l&#039;international sur Webdo.tn\",\"publisher\":{\"@id\":\"https:\\\/\\\/www.webdo.tn\\\/fr\\\/#organization\"},\"potentialAction\":[{\"@type\":\"SearchAction\",\"target\":{\"@type\":\"EntryPoint\",\"urlTemplate\":\"https:\\\/\\\/www.webdo.tn\\\/fr\\\/?s={search_term_string}\"},\"query-input\":{\"@type\":\"PropertyValueSpecification\",\"valueRequired\":true,\"valueName\":\"search_term_string\"}}],\"inLanguage\":\"fr-FR\"},{\"@type\":\"Organization\",\"@id\":\"https:\\\/\\\/www.webdo.tn\\\/fr\\\/#organization\",\"name\":\"Webdo\",\"alternateName\":\"Webdo.tn\",\"url\":\"https:\\\/\\\/www.webdo.tn\\\/fr\\\/\",\"logo\":{\"@type\":\"ImageObject\",\"inLanguage\":\"fr-FR\",\"@id\":\"https:\\\/\\\/www.webdo.tn\\\/fr\\\/#\\\/schema\\\/logo\\\/image\\\/\",\"url\":\"https:\\\/\\\/www.webdo.tn\\\/fr\\\/wp-content\\\/uploads\\\/2025\\\/06\\\/Webdo-Tunisie_168377.jpg\",\"contentUrl\":\"https:\\\/\\\/www.webdo.tn\\\/fr\\\/wp-content\\\/uploads\\\/2025\\\/06\\\/Webdo-Tunisie_168377.jpg\",\"width\":301,\"height\":301,\"caption\":\"Webdo\"},\"image\":{\"@id\":\"https:\\\/\\\/www.webdo.tn\\\/fr\\\/#\\\/schema\\\/logo\\\/image\\\/\"},\"sameAs\":[\"https:\\\/\\\/www.facebook.com\\\/webdotn\",\"https:\\\/\\\/x.com\\\/webdo_tn\"],\"description\":\"Webdo est un m\u00e9dia num\u00e9rique tunisien fond\u00e9 en 2010, sp\u00e9cialis\u00e9 dans l\u2019actualit\u00e9 nationale et internationale, l\u2019\u00e9conomie, la soci\u00e9t\u00e9 et les analyses politiques. Le site s\u2019adresse \u00e0 un large public francophone et couvre l\u2019information tunisienne en temps r\u00e9el.\",\"email\":\"redac@webdo.tn\",\"legalName\":\"YNJ SARL\",\"foundingDate\":\"2010-09-06\",\"numberOfEmployees\":{\"@type\":\"QuantitativeValue\",\"minValue\":\"11\",\"maxValue\":\"50\"}},{\"@type\":\"Person\",\"@id\":\"https:\\\/\\\/www.webdo.tn\\\/fr\\\/#\\\/schema\\\/person\\\/9a9c6118d687c117df8ef3cc36a4d175\",\"name\":\"webdo.tn\",\"image\":{\"@type\":\"ImageObject\",\"inLanguage\":\"fr-FR\",\"@id\":\"https:\\\/\\\/secure.gravatar.com\\\/avatar\\\/7ce1f28c0c3bbac99ff550b85ef8e44a6950c6ee24514fb6a5489e51d06f0298?s=96&d=mm&r=g\",\"url\":\"https:\\\/\\\/secure.gravatar.com\\\/avatar\\\/7ce1f28c0c3bbac99ff550b85ef8e44a6950c6ee24514fb6a5489e51d06f0298?s=96&d=mm&r=g\",\"contentUrl\":\"https:\\\/\\\/secure.gravatar.com\\\/avatar\\\/7ce1f28c0c3bbac99ff550b85ef8e44a6950c6ee24514fb6a5489e51d06f0298?s=96&d=mm&r=g\",\"caption\":\"webdo.tn\"},\"url\":\"https:\\\/\\\/www.webdo.tn\\\/fr\\\/actualite\\\/author\\\/webdotn\\\/\"}]}<\/script>\n<!-- \/ Yoast SEO Premium plugin. -->","yoast_head_json":{"title":"Chroniques des ann\u00e9es de cendre : Des drones et des devises","description":"Chroniques des ann\u00e9es de cendre : Des drones et des devises","canonical":"https:\/\/www.webdo.tn\/fr\/actualite\/edito\/chroniques-annees-de-cendre-drones-devises\/178931\/","og_locale":"fr_FR","og_type":"article","og_title":"Chroniques des ann\u00e9es de cendre : Des drones et des devises","og_description":"Chroniques des ann\u00e9es de cendre : Des drones et des devises","og_url":"https:\/\/www.webdo.tn\/fr\/actualite\/edito\/chroniques-annees-de-cendre-drones-devises\/178931\/","og_site_name":"webdo","article_publisher":"https:\/\/www.facebook.com\/webdotn","article_published_time":"2018-05-13T09:55:00+00:00","article_modified_time":"2025-05-19T14:14:32+00:00","og_image":[{"width":1433,"height":806,"url":"https:\/\/www.webdo.tn\/fr\/wp-content\/uploads\/2018\/05\/drone.jpg","type":"image\/jpeg"}],"author":"webdo.tn","twitter_card":"summary_large_image","twitter_creator":"@webdo_tn","twitter_site":"@webdo_tn","twitter_misc":{"\u00c9crit par":"webdo.tn","Dur\u00e9e de lecture estim\u00e9e":"2 minutes"},"schema":{"@context":"https:\/\/schema.org","@graph":[{"@type":"NewsArticle","@id":"https:\/\/www.webdo.tn\/fr\/actualite\/edito\/chroniques-annees-de-cendre-drones-devises\/178931\/#article","isPartOf":{"@id":"https:\/\/www.webdo.tn\/fr\/actualite\/edito\/chroniques-annees-de-cendre-drones-devises\/178931\/"},"author":{"name":"webdo.tn","@id":"https:\/\/www.webdo.tn\/fr\/#\/schema\/person\/9a9c6118d687c117df8ef3cc36a4d175"},"headline":"Chroniques des ann\u00e9es de cendre : Des drones et des devises","datePublished":"2018-05-13T09:55:00+00:00","dateModified":"2025-05-19T14:14:32+00:00","mainEntityOfPage":{"@id":"https:\/\/www.webdo.tn\/fr\/actualite\/edito\/chroniques-annees-de-cendre-drones-devises\/178931\/"},"wordCount":331,"commentCount":0,"publisher":{"@id":"https:\/\/www.webdo.tn\/fr\/#organization"},"image":{"@id":"https:\/\/www.webdo.tn\/fr\/actualite\/edito\/chroniques-annees-de-cendre-drones-devises\/178931\/#primaryimage"},"thumbnailUrl":"https:\/\/www.webdo.tn\/fr\/wp-content\/uploads\/2018\/05\/drone.jpg","keywords":["guerre"],"articleSection":["Edito"],"inLanguage":"fr-FR"},{"@type":"WebPage","@id":"https:\/\/www.webdo.tn\/fr\/actualite\/edito\/chroniques-annees-de-cendre-drones-devises\/178931\/","url":"https:\/\/www.webdo.tn\/fr\/actualite\/edito\/chroniques-annees-de-cendre-drones-devises\/178931\/","name":"Chroniques des ann\u00e9es de cendre : Des drones et des devises","isPartOf":{"@id":"https:\/\/www.webdo.tn\/fr\/#website"},"primaryImageOfPage":{"@id":"https:\/\/www.webdo.tn\/fr\/actualite\/edito\/chroniques-annees-de-cendre-drones-devises\/178931\/#primaryimage"},"image":{"@id":"https:\/\/www.webdo.tn\/fr\/actualite\/edito\/chroniques-annees-de-cendre-drones-devises\/178931\/#primaryimage"},"thumbnailUrl":"https:\/\/www.webdo.tn\/fr\/wp-content\/uploads\/2018\/05\/drone.jpg","datePublished":"2018-05-13T09:55:00+00:00","dateModified":"2025-05-19T14:14:32+00:00","description":"Chroniques des ann\u00e9es de cendre : Des drones et des devises","breadcrumb":{"@id":"https:\/\/www.webdo.tn\/fr\/actualite\/edito\/chroniques-annees-de-cendre-drones-devises\/178931\/#breadcrumb"},"inLanguage":"fr-FR","potentialAction":[{"@type":"ReadAction","target":["https:\/\/www.webdo.tn\/fr\/actualite\/edito\/chroniques-annees-de-cendre-drones-devises\/178931\/"]}]},{"@type":"ImageObject","inLanguage":"fr-FR","@id":"https:\/\/www.webdo.tn\/fr\/actualite\/edito\/chroniques-annees-de-cendre-drones-devises\/178931\/#primaryimage","url":"https:\/\/www.webdo.tn\/fr\/wp-content\/uploads\/2018\/05\/drone.jpg","contentUrl":"https:\/\/www.webdo.tn\/fr\/wp-content\/uploads\/2018\/05\/drone.jpg","width":1433,"height":806,"caption":"Chroniques des ann\u00e9es de cendre : Des drones et des devises"},{"@type":"BreadcrumbList","@id":"https:\/\/www.webdo.tn\/fr\/actualite\/edito\/chroniques-annees-de-cendre-drones-devises\/178931\/#breadcrumb","itemListElement":[{"@type":"ListItem","position":1,"name":"Accueil","item":"https:\/\/www.webdo.tn\/fr\/"},{"@type":"ListItem","position":2,"name":"Chroniques des ann\u00e9es de cendre : Des drones et des devises"}]},{"@type":"WebSite","@id":"https:\/\/www.webdo.tn\/fr\/#website","url":"https:\/\/www.webdo.tn\/fr\/","name":"webdo","description":"Tunisie - News en Tunisie et \u00e0 l&#039;international sur Webdo.tn","publisher":{"@id":"https:\/\/www.webdo.tn\/fr\/#organization"},"potentialAction":[{"@type":"SearchAction","target":{"@type":"EntryPoint","urlTemplate":"https:\/\/www.webdo.tn\/fr\/?s={search_term_string}"},"query-input":{"@type":"PropertyValueSpecification","valueRequired":true,"valueName":"search_term_string"}}],"inLanguage":"fr-FR"},{"@type":"Organization","@id":"https:\/\/www.webdo.tn\/fr\/#organization","name":"Webdo","alternateName":"Webdo.tn","url":"https:\/\/www.webdo.tn\/fr\/","logo":{"@type":"ImageObject","inLanguage":"fr-FR","@id":"https:\/\/www.webdo.tn\/fr\/#\/schema\/logo\/image\/","url":"https:\/\/www.webdo.tn\/fr\/wp-content\/uploads\/2025\/06\/Webdo-Tunisie_168377.jpg","contentUrl":"https:\/\/www.webdo.tn\/fr\/wp-content\/uploads\/2025\/06\/Webdo-Tunisie_168377.jpg","width":301,"height":301,"caption":"Webdo"},"image":{"@id":"https:\/\/www.webdo.tn\/fr\/#\/schema\/logo\/image\/"},"sameAs":["https:\/\/www.facebook.com\/webdotn","https:\/\/x.com\/webdo_tn"],"description":"Webdo est un m\u00e9dia num\u00e9rique tunisien fond\u00e9 en 2010, sp\u00e9cialis\u00e9 dans l\u2019actualit\u00e9 nationale et internationale, l\u2019\u00e9conomie, la soci\u00e9t\u00e9 et les analyses politiques. Le site s\u2019adresse \u00e0 un large public francophone et couvre l\u2019information tunisienne en temps r\u00e9el.","email":"redac@webdo.tn","legalName":"YNJ SARL","foundingDate":"2010-09-06","numberOfEmployees":{"@type":"QuantitativeValue","minValue":"11","maxValue":"50"}},{"@type":"Person","@id":"https:\/\/www.webdo.tn\/fr\/#\/schema\/person\/9a9c6118d687c117df8ef3cc36a4d175","name":"webdo.tn","image":{"@type":"ImageObject","inLanguage":"fr-FR","@id":"https:\/\/secure.gravatar.com\/avatar\/7ce1f28c0c3bbac99ff550b85ef8e44a6950c6ee24514fb6a5489e51d06f0298?s=96&d=mm&r=g","url":"https:\/\/secure.gravatar.com\/avatar\/7ce1f28c0c3bbac99ff550b85ef8e44a6950c6ee24514fb6a5489e51d06f0298?s=96&d=mm&r=g","contentUrl":"https:\/\/secure.gravatar.com\/avatar\/7ce1f28c0c3bbac99ff550b85ef8e44a6950c6ee24514fb6a5489e51d06f0298?s=96&d=mm&r=g","caption":"webdo.tn"},"url":"https:\/\/www.webdo.tn\/fr\/actualite\/author\/webdotn\/"}]}},"_links":{"self":[{"href":"https:\/\/www.webdo.tn\/fr\/wp-json\/wp\/v2\/posts\/178931","targetHints":{"allow":["GET"]}}],"collection":[{"href":"https:\/\/www.webdo.tn\/fr\/wp-json\/wp\/v2\/posts"}],"about":[{"href":"https:\/\/www.webdo.tn\/fr\/wp-json\/wp\/v2\/types\/post"}],"author":[{"embeddable":true,"href":"https:\/\/www.webdo.tn\/fr\/wp-json\/wp\/v2\/users\/3222"}],"replies":[{"embeddable":true,"href":"https:\/\/www.webdo.tn\/fr\/wp-json\/wp\/v2\/comments?post=178931"}],"version-history":[{"count":0,"href":"https:\/\/www.webdo.tn\/fr\/wp-json\/wp\/v2\/posts\/178931\/revisions"}],"wp:featuredmedia":[{"embeddable":true,"href":"https:\/\/www.webdo.tn\/fr\/wp-json\/wp\/v2\/media\/299555"}],"wp:attachment":[{"href":"https:\/\/www.webdo.tn\/fr\/wp-json\/wp\/v2\/media?parent=178931"}],"wp:term":[{"taxonomy":"category","embeddable":true,"href":"https:\/\/www.webdo.tn\/fr\/wp-json\/wp\/v2\/categories?post=178931"},{"taxonomy":"post_tag","embeddable":true,"href":"https:\/\/www.webdo.tn\/fr\/wp-json\/wp\/v2\/tags?post=178931"}],"curies":[{"name":"wp","href":"https:\/\/api.w.org\/{rel}","templated":true}]}}