{"id":178929,"date":"2018-05-18T14:15:00","date_gmt":"2018-05-18T14:15:00","guid":{"rendered":"https:\/\/www.webdo.tn\/fr\/blog\/chroniques-des-annees-de-cendre-le-sitcom-bce\/178929\/"},"modified":"2025-05-18T23:47:41","modified_gmt":"2025-05-18T23:47:41","slug":"chroniques-des-annees-de-cendre-le-sitcom-bce","status":"publish","type":"post","link":"https:\/\/www.webdo.tn\/fr\/actualite\/edito\/chroniques-des-annees-de-cendre-le-sitcom-bce\/178929\/","title":{"rendered":"Chroniques des ann\u00e9es de cendre : Le sitcom BCE"},"content":{"rendered":"<p>Plus populaire de tous les feuilletons et sitcom de tous les mois de ramadan de toutes les cha\u00eenes t\u00e9l\u00e9, est celui de BCE.<\/p>\n<p>Nous sommes cette ann\u00e9es \u00e0 la troisi\u00e8me ann\u00e9e cons\u00e9cutive et \u00e7a fait le m\u00eame tapage m\u00e9diatique et un audimat qui d\u00e9passe de loin tous les sitcom tunisien de tous les temps de \u00ab Ommi Traki nas mlah \u00bb \u00e0 \u00ab Choufli hal \u00bb.<\/p>\n<p>Je ne sais pas si BCE a mis \u00e7a dans son programme \u00e9lectoral de 2014 mais dans tous les cas, \u00e7a \u00e0 l\u2019air d\u2019une bonne r\u00e9ussite artistique. De point de vue politique, je ne suis pas aussi certain.<\/p>\n<p>La recette ramadanesque est simple : le feuilleton du changement du gouvernement est lanc\u00e9 quelques jours avant Ramadan, histoire de faire la diversion par rapport aux autres questions existentielles qui pr\u00e9occupent le commun des tunisiens, telles que la disponibilit\u00e9 des \u0153ufs et du piment pour r\u00e9ussir la brik et la salade m\u00e9chouia pendant le mois saint.<\/p>\n<p>La suite de l\u2019histoire est maintenant connue, \u00e0 l\u2019image des \u00e9pisodes de \u00ab\u00a0MacGyver\u00a0\u00bb. \u00c7a bloque un certain temps et hop, le magicien finit par nous trouver la solution miracle.<\/p>\n<p>Entre temps, BCE s\u2019amuse, les salons de th\u00e9 de la banlieue travaillent bien et le commun des Tunisiens se pr\u00e9occupe de la \u00ab ghraiba \u00bb pour l\u2019Aid.<\/p>\n<p>Tiens, la \u00ab ghraiba \u00bb pourrait \u00eatre un bon titre pour le feuilleton de BCE.<br \/>\nAnis Wahabi<\/p>\n","protected":false},"excerpt":{"rendered":"<p>Chroniques des ann\u00e9es de cendre : Le sitcom BCE<\/p>\n","protected":false},"author":3222,"featured_media":299484,"comment_status":"open","ping_status":"closed","sticky":false,"template":"","format":"standard","meta":{"footnotes":""},"categories":[2589],"tags":[2600],"class_list":["post-178929","post","type-post","status-publish","format-standard","has-post-thumbnail","hentry","category-edito","tag-guerre"],"yoast_head":"<!-- This site is optimized with the Yoast SEO Premium plugin v27.5 (Yoast SEO v27.5) - https:\/\/yoast.com\/product\/yoast-seo-premium-wordpress\/ -->\n<title>Chroniques des ann\u00e9es de cendre : Le sitcom BCE<\/title>\n<meta name=\"description\" content=\"Chroniques des ann\u00e9es de cendre : Le sitcom BCE\" \/>\n<link rel=\"canonical\" href=\"https:\/\/www.webdo.tn\/fr\/actualite\/edito\/chroniques-des-annees-de-cendre-le-sitcom-bce\/178929\/\" \/>\n<meta property=\"og:locale\" content=\"fr_FR\" \/>\n<meta property=\"og:type\" content=\"article\" \/>\n<meta property=\"og:title\" content=\"Chroniques des ann\u00e9es de cendre : Le sitcom BCE\" \/>\n<meta property=\"og:description\" content=\"Chroniques des ann\u00e9es de cendre : Le sitcom BCE\" \/>\n<meta property=\"og:url\" content=\"https:\/\/www.webdo.tn\/fr\/actualite\/edito\/chroniques-des-annees-de-cendre-le-sitcom-bce\/178929\/\" \/>\n<meta property=\"og:site_name\" content=\"webdo\" \/>\n<meta property=\"article:publisher\" content=\"https:\/\/www.facebook.com\/webdotn\" \/>\n<meta property=\"article:published_time\" content=\"2018-05-18T14:15:00+00:00\" \/>\n<meta property=\"article:modified_time\" content=\"2025-05-18T23:47:41+00:00\" \/>\n<meta property=\"og:image\" content=\"https:\/\/www.webdo.tn\/fr\/wp-content\/uploads\/2018\/05\/BCE-rts.jpg\" \/>\n\t<meta property=\"og:image:width\" content=\"768\" \/>\n\t<meta property=\"og:image:height\" content=\"512\" \/>\n\t<meta property=\"og:image:type\" content=\"image\/jpeg\" \/>\n<meta name=\"author\" content=\"webdo.tn\" \/>\n<meta name=\"twitter:card\" content=\"summary_large_image\" \/>\n<meta name=\"twitter:creator\" content=\"@webdo_tn\" \/>\n<meta name=\"twitter:site\" content=\"@webdo_tn\" \/>\n<meta name=\"twitter:label1\" content=\"\u00c9crit par\" \/>\n\t<meta name=\"twitter:data1\" content=\"webdo.tn\" \/>\n\t<meta name=\"twitter:label2\" content=\"Dur\u00e9e de lecture estim\u00e9e\" \/>\n\t<meta name=\"twitter:data2\" content=\"1 minute\" \/>\n<script type=\"application\/ld+json\" class=\"yoast-schema-graph\">{\"@context\":\"https:\\\/\\\/schema.org\",\"@graph\":[{\"@type\":\"NewsArticle\",\"@id\":\"https:\\\/\\\/www.webdo.tn\\\/fr\\\/actualite\\\/edito\\\/chroniques-des-annees-de-cendre-le-sitcom-bce\\\/178929\\\/#article\",\"isPartOf\":{\"@id\":\"https:\\\/\\\/www.webdo.tn\\\/fr\\\/actualite\\\/edito\\\/chroniques-des-annees-de-cendre-le-sitcom-bce\\\/178929\\\/\"},\"author\":{\"name\":\"webdo.tn\",\"@id\":\"https:\\\/\\\/www.webdo.tn\\\/fr\\\/#\\\/schema\\\/person\\\/9a9c6118d687c117df8ef3cc36a4d175\"},\"headline\":\"Chroniques des ann\u00e9es de cendre : Le sitcom BCE\",\"datePublished\":\"2018-05-18T14:15:00+00:00\",\"dateModified\":\"2025-05-18T23:47:41+00:00\",\"mainEntityOfPage\":{\"@id\":\"https:\\\/\\\/www.webdo.tn\\\/fr\\\/actualite\\\/edito\\\/chroniques-des-annees-de-cendre-le-sitcom-bce\\\/178929\\\/\"},\"wordCount\":248,\"commentCount\":0,\"publisher\":{\"@id\":\"https:\\\/\\\/www.webdo.tn\\\/fr\\\/#organization\"},\"image\":{\"@id\":\"https:\\\/\\\/www.webdo.tn\\\/fr\\\/actualite\\\/edito\\\/chroniques-des-annees-de-cendre-le-sitcom-bce\\\/178929\\\/#primaryimage\"},\"thumbnailUrl\":\"https:\\\/\\\/www.webdo.tn\\\/fr\\\/wp-content\\\/uploads\\\/2018\\\/05\\\/BCE-rts.jpg\",\"keywords\":[\"guerre\"],\"articleSection\":[\"Edito\"],\"inLanguage\":\"fr-FR\"},{\"@type\":\"WebPage\",\"@id\":\"https:\\\/\\\/www.webdo.tn\\\/fr\\\/actualite\\\/edito\\\/chroniques-des-annees-de-cendre-le-sitcom-bce\\\/178929\\\/\",\"url\":\"https:\\\/\\\/www.webdo.tn\\\/fr\\\/actualite\\\/edito\\\/chroniques-des-annees-de-cendre-le-sitcom-bce\\\/178929\\\/\",\"name\":\"Chroniques des ann\u00e9es de cendre : Le sitcom BCE\",\"isPartOf\":{\"@id\":\"https:\\\/\\\/www.webdo.tn\\\/fr\\\/#website\"},\"primaryImageOfPage\":{\"@id\":\"https:\\\/\\\/www.webdo.tn\\\/fr\\\/actualite\\\/edito\\\/chroniques-des-annees-de-cendre-le-sitcom-bce\\\/178929\\\/#primaryimage\"},\"image\":{\"@id\":\"https:\\\/\\\/www.webdo.tn\\\/fr\\\/actualite\\\/edito\\\/chroniques-des-annees-de-cendre-le-sitcom-bce\\\/178929\\\/#primaryimage\"},\"thumbnailUrl\":\"https:\\\/\\\/www.webdo.tn\\\/fr\\\/wp-content\\\/uploads\\\/2018\\\/05\\\/BCE-rts.jpg\",\"datePublished\":\"2018-05-18T14:15:00+00:00\",\"dateModified\":\"2025-05-18T23:47:41+00:00\",\"description\":\"Chroniques des ann\u00e9es de cendre : Le sitcom BCE\",\"breadcrumb\":{\"@id\":\"https:\\\/\\\/www.webdo.tn\\\/fr\\\/actualite\\\/edito\\\/chroniques-des-annees-de-cendre-le-sitcom-bce\\\/178929\\\/#breadcrumb\"},\"inLanguage\":\"fr-FR\",\"potentialAction\":[{\"@type\":\"ReadAction\",\"target\":[\"https:\\\/\\\/www.webdo.tn\\\/fr\\\/actualite\\\/edito\\\/chroniques-des-annees-de-cendre-le-sitcom-bce\\\/178929\\\/\"]}]},{\"@type\":\"ImageObject\",\"inLanguage\":\"fr-FR\",\"@id\":\"https:\\\/\\\/www.webdo.tn\\\/fr\\\/actualite\\\/edito\\\/chroniques-des-annees-de-cendre-le-sitcom-bce\\\/178929\\\/#primaryimage\",\"url\":\"https:\\\/\\\/www.webdo.tn\\\/fr\\\/wp-content\\\/uploads\\\/2018\\\/05\\\/BCE-rts.jpg\",\"contentUrl\":\"https:\\\/\\\/www.webdo.tn\\\/fr\\\/wp-content\\\/uploads\\\/2018\\\/05\\\/BCE-rts.jpg\",\"width\":768,\"height\":512,\"caption\":\"Chroniques des ann\u00e9es de cendre : Le sitcom BCE\"},{\"@type\":\"BreadcrumbList\",\"@id\":\"https:\\\/\\\/www.webdo.tn\\\/fr\\\/actualite\\\/edito\\\/chroniques-des-annees-de-cendre-le-sitcom-bce\\\/178929\\\/#breadcrumb\",\"itemListElement\":[{\"@type\":\"ListItem\",\"position\":1,\"name\":\"Accueil\",\"item\":\"https:\\\/\\\/www.webdo.tn\\\/fr\\\/\"},{\"@type\":\"ListItem\",\"position\":2,\"name\":\"Chroniques des ann\u00e9es de cendre : Le sitcom BCE\"}]},{\"@type\":\"WebSite\",\"@id\":\"https:\\\/\\\/www.webdo.tn\\\/fr\\\/#website\",\"url\":\"https:\\\/\\\/www.webdo.tn\\\/fr\\\/\",\"name\":\"webdo\",\"description\":\"Tunisie - News en Tunisie et \u00e0 l&#039;international sur Webdo.tn\",\"publisher\":{\"@id\":\"https:\\\/\\\/www.webdo.tn\\\/fr\\\/#organization\"},\"potentialAction\":[{\"@type\":\"SearchAction\",\"target\":{\"@type\":\"EntryPoint\",\"urlTemplate\":\"https:\\\/\\\/www.webdo.tn\\\/fr\\\/?s={search_term_string}\"},\"query-input\":{\"@type\":\"PropertyValueSpecification\",\"valueRequired\":true,\"valueName\":\"search_term_string\"}}],\"inLanguage\":\"fr-FR\"},{\"@type\":\"Organization\",\"@id\":\"https:\\\/\\\/www.webdo.tn\\\/fr\\\/#organization\",\"name\":\"Webdo\",\"alternateName\":\"Webdo.tn\",\"url\":\"https:\\\/\\\/www.webdo.tn\\\/fr\\\/\",\"logo\":{\"@type\":\"ImageObject\",\"inLanguage\":\"fr-FR\",\"@id\":\"https:\\\/\\\/www.webdo.tn\\\/fr\\\/#\\\/schema\\\/logo\\\/image\\\/\",\"url\":\"https:\\\/\\\/www.webdo.tn\\\/fr\\\/wp-content\\\/uploads\\\/2025\\\/06\\\/Webdo-Tunisie_168377.jpg\",\"contentUrl\":\"https:\\\/\\\/www.webdo.tn\\\/fr\\\/wp-content\\\/uploads\\\/2025\\\/06\\\/Webdo-Tunisie_168377.jpg\",\"width\":301,\"height\":301,\"caption\":\"Webdo\"},\"image\":{\"@id\":\"https:\\\/\\\/www.webdo.tn\\\/fr\\\/#\\\/schema\\\/logo\\\/image\\\/\"},\"sameAs\":[\"https:\\\/\\\/www.facebook.com\\\/webdotn\",\"https:\\\/\\\/x.com\\\/webdo_tn\"],\"description\":\"Webdo est un m\u00e9dia num\u00e9rique tunisien fond\u00e9 en 2010, sp\u00e9cialis\u00e9 dans l\u2019actualit\u00e9 nationale et internationale, l\u2019\u00e9conomie, la soci\u00e9t\u00e9 et les analyses politiques. Le site s\u2019adresse \u00e0 un large public francophone et couvre l\u2019information tunisienne en temps r\u00e9el.\",\"email\":\"redac@webdo.tn\",\"legalName\":\"YNJ SARL\",\"foundingDate\":\"2010-09-06\",\"numberOfEmployees\":{\"@type\":\"QuantitativeValue\",\"minValue\":\"11\",\"maxValue\":\"50\"}},{\"@type\":\"Person\",\"@id\":\"https:\\\/\\\/www.webdo.tn\\\/fr\\\/#\\\/schema\\\/person\\\/9a9c6118d687c117df8ef3cc36a4d175\",\"name\":\"webdo.tn\",\"image\":{\"@type\":\"ImageObject\",\"inLanguage\":\"fr-FR\",\"@id\":\"https:\\\/\\\/secure.gravatar.com\\\/avatar\\\/7ce1f28c0c3bbac99ff550b85ef8e44a6950c6ee24514fb6a5489e51d06f0298?s=96&d=mm&r=g\",\"url\":\"https:\\\/\\\/secure.gravatar.com\\\/avatar\\\/7ce1f28c0c3bbac99ff550b85ef8e44a6950c6ee24514fb6a5489e51d06f0298?s=96&d=mm&r=g\",\"contentUrl\":\"https:\\\/\\\/secure.gravatar.com\\\/avatar\\\/7ce1f28c0c3bbac99ff550b85ef8e44a6950c6ee24514fb6a5489e51d06f0298?s=96&d=mm&r=g\",\"caption\":\"webdo.tn\"},\"url\":\"https:\\\/\\\/www.webdo.tn\\\/fr\\\/actualite\\\/author\\\/webdotn\\\/\"}]}<\/script>\n<!-- \/ Yoast SEO Premium plugin. -->","yoast_head_json":{"title":"Chroniques des ann\u00e9es de cendre : Le sitcom BCE","description":"Chroniques des ann\u00e9es de cendre : Le sitcom BCE","canonical":"https:\/\/www.webdo.tn\/fr\/actualite\/edito\/chroniques-des-annees-de-cendre-le-sitcom-bce\/178929\/","og_locale":"fr_FR","og_type":"article","og_title":"Chroniques des ann\u00e9es de cendre : Le sitcom BCE","og_description":"Chroniques des ann\u00e9es de cendre : Le sitcom BCE","og_url":"https:\/\/www.webdo.tn\/fr\/actualite\/edito\/chroniques-des-annees-de-cendre-le-sitcom-bce\/178929\/","og_site_name":"webdo","article_publisher":"https:\/\/www.facebook.com\/webdotn","article_published_time":"2018-05-18T14:15:00+00:00","article_modified_time":"2025-05-18T23:47:41+00:00","og_image":[{"width":768,"height":512,"url":"https:\/\/www.webdo.tn\/fr\/wp-content\/uploads\/2018\/05\/BCE-rts.jpg","type":"image\/jpeg"}],"author":"webdo.tn","twitter_card":"summary_large_image","twitter_creator":"@webdo_tn","twitter_site":"@webdo_tn","twitter_misc":{"\u00c9crit par":"webdo.tn","Dur\u00e9e de lecture estim\u00e9e":"1 minute"},"schema":{"@context":"https:\/\/schema.org","@graph":[{"@type":"NewsArticle","@id":"https:\/\/www.webdo.tn\/fr\/actualite\/edito\/chroniques-des-annees-de-cendre-le-sitcom-bce\/178929\/#article","isPartOf":{"@id":"https:\/\/www.webdo.tn\/fr\/actualite\/edito\/chroniques-des-annees-de-cendre-le-sitcom-bce\/178929\/"},"author":{"name":"webdo.tn","@id":"https:\/\/www.webdo.tn\/fr\/#\/schema\/person\/9a9c6118d687c117df8ef3cc36a4d175"},"headline":"Chroniques des ann\u00e9es de cendre : Le sitcom BCE","datePublished":"2018-05-18T14:15:00+00:00","dateModified":"2025-05-18T23:47:41+00:00","mainEntityOfPage":{"@id":"https:\/\/www.webdo.tn\/fr\/actualite\/edito\/chroniques-des-annees-de-cendre-le-sitcom-bce\/178929\/"},"wordCount":248,"commentCount":0,"publisher":{"@id":"https:\/\/www.webdo.tn\/fr\/#organization"},"image":{"@id":"https:\/\/www.webdo.tn\/fr\/actualite\/edito\/chroniques-des-annees-de-cendre-le-sitcom-bce\/178929\/#primaryimage"},"thumbnailUrl":"https:\/\/www.webdo.tn\/fr\/wp-content\/uploads\/2018\/05\/BCE-rts.jpg","keywords":["guerre"],"articleSection":["Edito"],"inLanguage":"fr-FR"},{"@type":"WebPage","@id":"https:\/\/www.webdo.tn\/fr\/actualite\/edito\/chroniques-des-annees-de-cendre-le-sitcom-bce\/178929\/","url":"https:\/\/www.webdo.tn\/fr\/actualite\/edito\/chroniques-des-annees-de-cendre-le-sitcom-bce\/178929\/","name":"Chroniques des ann\u00e9es de cendre : Le sitcom BCE","isPartOf":{"@id":"https:\/\/www.webdo.tn\/fr\/#website"},"primaryImageOfPage":{"@id":"https:\/\/www.webdo.tn\/fr\/actualite\/edito\/chroniques-des-annees-de-cendre-le-sitcom-bce\/178929\/#primaryimage"},"image":{"@id":"https:\/\/www.webdo.tn\/fr\/actualite\/edito\/chroniques-des-annees-de-cendre-le-sitcom-bce\/178929\/#primaryimage"},"thumbnailUrl":"https:\/\/www.webdo.tn\/fr\/wp-content\/uploads\/2018\/05\/BCE-rts.jpg","datePublished":"2018-05-18T14:15:00+00:00","dateModified":"2025-05-18T23:47:41+00:00","description":"Chroniques des ann\u00e9es de cendre : Le sitcom BCE","breadcrumb":{"@id":"https:\/\/www.webdo.tn\/fr\/actualite\/edito\/chroniques-des-annees-de-cendre-le-sitcom-bce\/178929\/#breadcrumb"},"inLanguage":"fr-FR","potentialAction":[{"@type":"ReadAction","target":["https:\/\/www.webdo.tn\/fr\/actualite\/edito\/chroniques-des-annees-de-cendre-le-sitcom-bce\/178929\/"]}]},{"@type":"ImageObject","inLanguage":"fr-FR","@id":"https:\/\/www.webdo.tn\/fr\/actualite\/edito\/chroniques-des-annees-de-cendre-le-sitcom-bce\/178929\/#primaryimage","url":"https:\/\/www.webdo.tn\/fr\/wp-content\/uploads\/2018\/05\/BCE-rts.jpg","contentUrl":"https:\/\/www.webdo.tn\/fr\/wp-content\/uploads\/2018\/05\/BCE-rts.jpg","width":768,"height":512,"caption":"Chroniques des ann\u00e9es de cendre : Le sitcom BCE"},{"@type":"BreadcrumbList","@id":"https:\/\/www.webdo.tn\/fr\/actualite\/edito\/chroniques-des-annees-de-cendre-le-sitcom-bce\/178929\/#breadcrumb","itemListElement":[{"@type":"ListItem","position":1,"name":"Accueil","item":"https:\/\/www.webdo.tn\/fr\/"},{"@type":"ListItem","position":2,"name":"Chroniques des ann\u00e9es de cendre : Le sitcom BCE"}]},{"@type":"WebSite","@id":"https:\/\/www.webdo.tn\/fr\/#website","url":"https:\/\/www.webdo.tn\/fr\/","name":"webdo","description":"Tunisie - News en Tunisie et \u00e0 l&#039;international sur Webdo.tn","publisher":{"@id":"https:\/\/www.webdo.tn\/fr\/#organization"},"potentialAction":[{"@type":"SearchAction","target":{"@type":"EntryPoint","urlTemplate":"https:\/\/www.webdo.tn\/fr\/?s={search_term_string}"},"query-input":{"@type":"PropertyValueSpecification","valueRequired":true,"valueName":"search_term_string"}}],"inLanguage":"fr-FR"},{"@type":"Organization","@id":"https:\/\/www.webdo.tn\/fr\/#organization","name":"Webdo","alternateName":"Webdo.tn","url":"https:\/\/www.webdo.tn\/fr\/","logo":{"@type":"ImageObject","inLanguage":"fr-FR","@id":"https:\/\/www.webdo.tn\/fr\/#\/schema\/logo\/image\/","url":"https:\/\/www.webdo.tn\/fr\/wp-content\/uploads\/2025\/06\/Webdo-Tunisie_168377.jpg","contentUrl":"https:\/\/www.webdo.tn\/fr\/wp-content\/uploads\/2025\/06\/Webdo-Tunisie_168377.jpg","width":301,"height":301,"caption":"Webdo"},"image":{"@id":"https:\/\/www.webdo.tn\/fr\/#\/schema\/logo\/image\/"},"sameAs":["https:\/\/www.facebook.com\/webdotn","https:\/\/x.com\/webdo_tn"],"description":"Webdo est un m\u00e9dia num\u00e9rique tunisien fond\u00e9 en 2010, sp\u00e9cialis\u00e9 dans l\u2019actualit\u00e9 nationale et internationale, l\u2019\u00e9conomie, la soci\u00e9t\u00e9 et les analyses politiques. Le site s\u2019adresse \u00e0 un large public francophone et couvre l\u2019information tunisienne en temps r\u00e9el.","email":"redac@webdo.tn","legalName":"YNJ SARL","foundingDate":"2010-09-06","numberOfEmployees":{"@type":"QuantitativeValue","minValue":"11","maxValue":"50"}},{"@type":"Person","@id":"https:\/\/www.webdo.tn\/fr\/#\/schema\/person\/9a9c6118d687c117df8ef3cc36a4d175","name":"webdo.tn","image":{"@type":"ImageObject","inLanguage":"fr-FR","@id":"https:\/\/secure.gravatar.com\/avatar\/7ce1f28c0c3bbac99ff550b85ef8e44a6950c6ee24514fb6a5489e51d06f0298?s=96&d=mm&r=g","url":"https:\/\/secure.gravatar.com\/avatar\/7ce1f28c0c3bbac99ff550b85ef8e44a6950c6ee24514fb6a5489e51d06f0298?s=96&d=mm&r=g","contentUrl":"https:\/\/secure.gravatar.com\/avatar\/7ce1f28c0c3bbac99ff550b85ef8e44a6950c6ee24514fb6a5489e51d06f0298?s=96&d=mm&r=g","caption":"webdo.tn"},"url":"https:\/\/www.webdo.tn\/fr\/actualite\/author\/webdotn\/"}]}},"_links":{"self":[{"href":"https:\/\/www.webdo.tn\/fr\/wp-json\/wp\/v2\/posts\/178929","targetHints":{"allow":["GET"]}}],"collection":[{"href":"https:\/\/www.webdo.tn\/fr\/wp-json\/wp\/v2\/posts"}],"about":[{"href":"https:\/\/www.webdo.tn\/fr\/wp-json\/wp\/v2\/types\/post"}],"author":[{"embeddable":true,"href":"https:\/\/www.webdo.tn\/fr\/wp-json\/wp\/v2\/users\/3222"}],"replies":[{"embeddable":true,"href":"https:\/\/www.webdo.tn\/fr\/wp-json\/wp\/v2\/comments?post=178929"}],"version-history":[{"count":0,"href":"https:\/\/www.webdo.tn\/fr\/wp-json\/wp\/v2\/posts\/178929\/revisions"}],"wp:featuredmedia":[{"embeddable":true,"href":"https:\/\/www.webdo.tn\/fr\/wp-json\/wp\/v2\/media\/299484"}],"wp:attachment":[{"href":"https:\/\/www.webdo.tn\/fr\/wp-json\/wp\/v2\/media?parent=178929"}],"wp:term":[{"taxonomy":"category","embeddable":true,"href":"https:\/\/www.webdo.tn\/fr\/wp-json\/wp\/v2\/categories?post=178929"},{"taxonomy":"post_tag","embeddable":true,"href":"https:\/\/www.webdo.tn\/fr\/wp-json\/wp\/v2\/tags?post=178929"}],"curies":[{"name":"wp","href":"https:\/\/api.w.org\/{rel}","templated":true}]}}