{"id":178928,"date":"2018-06-04T00:44:00","date_gmt":"2018-06-04T00:44:00","guid":{"rendered":"https:\/\/www.webdo.tn\/fr\/blog\/chroniques-des-annees-de-cendre-un-decret-revolutionnaire-face-a-une-administration-de-genie\/178928\/"},"modified":"2025-05-19T14:16:22","modified_gmt":"2025-05-19T14:16:22","slug":"chroniques-des-annees-de-cendre-un-decret-revolutionnaire-face-a-une-administration-de-genie","status":"publish","type":"post","link":"https:\/\/www.webdo.tn\/fr\/actualite\/edito\/chroniques-des-annees-de-cendre-un-decret-revolutionnaire-face-a-une-administration-de-genie\/178928\/","title":{"rendered":"Chroniques des ann\u00e9es de cendre : Un d\u00e9cret r\u00e9volutionnaire face \u00e0 une administration de g\u00e9nie"},"content":{"rendered":"<p>Par application de l\u2019accord de l\u2019Union du Maghreb Arabe, les ressortissants des pays du Maghreb n\u2019ont pas besoin d\u2019un permis de travail pour travailler en Tunisie, contrairement aux autres \u00ab\u00a0\u00e9trangers\u00a0\u00bb qui sont contraints de suivre une longue proc\u00e9dure aupr\u00e8s du minist\u00e8re de l\u2019Emploi.<\/p>\n<p>\u00c7a marche sur le papier, mais pas en r\u00e9alit\u00e9. Parce que l\u2019administration tunisienne, assez ing\u00e9nieuse quand il s\u2019agit de mettre les b\u00e2tons dans les roues, \u00e0 trouv\u00e9 la solution \u00e0 l\u2019accord de l\u2019UMA sans cr\u00e9er de crise diplomatique ni bavure juridique.<\/p>\n<p>Selon l\u2019id\u00e9e de l\u2019administration, le citoyen maghr\u00e9bin qui d\u00e9sire travailler en Tunisie n\u2019a pas besoin d\u2019accomplir les formalit\u00e9s pour l\u2019octroi d\u2019un permis de travail, il doit, toutefois, pr\u00e9senter une attestation de non soumission au permis de travail.<\/p>\n<p>Sans blague ni ironie, l\u2019attestation de non soumission au permis de travail est d\u00e9livr\u00e9e par le m\u00eame minist\u00e8re de l&rsquo;Emploi, selon les m\u00eames proc\u00e9dures et les m\u00eames d\u00e9lais que le permis de travail.<\/p>\n<p>Nous nous r\u00e9jouissons tous du D\u00e9cret gouvernemental n\u00b02018-417 du 11 mai 2018, fixant la publication de la liste limitative des activit\u00e9s \u00e9conomiques soumises \u00e0 autorisation et de la liste des autorisations administratives pour la r\u00e9alisation de projet.<\/p>\n<p>Mais, avec cette mentalit\u00e9 de l\u2019administration tunisienne et malgr\u00e9 tout notre optimisme, je suis s\u00fbr que l\u2019ing\u00e9niosit\u00e9 de l\u2019administration tunisienne va nous surprendre.<br \/>\nAnis Wahabi<\/p>\n","protected":false},"excerpt":{"rendered":"<p>Chroniques des ann\u00e9es de cendre : Un d\u00e9cret r\u00e9volutionnaire face \u00e0 une administration de g\u00e9nie<\/p>\n","protected":false},"author":3222,"featured_media":299298,"comment_status":"open","ping_status":"closed","sticky":false,"template":"","format":"standard","meta":{"footnotes":""},"categories":[2589],"tags":[2600],"class_list":["post-178928","post","type-post","status-publish","format-standard","has-post-thumbnail","hentry","category-edito","tag-guerre"],"yoast_head":"<!-- This site is optimized with the Yoast SEO Premium plugin v27.5 (Yoast SEO v27.5) - https:\/\/yoast.com\/product\/yoast-seo-premium-wordpress\/ -->\n<title>Chroniques des ann\u00e9es de cendre : Un d\u00e9cret r\u00e9volutionnaire face \u00e0 une administration de g\u00e9nie<\/title>\n<meta name=\"description\" content=\"Chroniques des ann\u00e9es de cendre : Un d\u00e9cret r\u00e9volutionnaire face \u00e0 une administration de g\u00e9nie\" \/>\n<link rel=\"canonical\" href=\"https:\/\/www.webdo.tn\/fr\/actualite\/edito\/chroniques-des-annees-de-cendre-un-decret-revolutionnaire-face-a-une-administration-de-genie\/178928\/\" \/>\n<meta property=\"og:locale\" content=\"fr_FR\" \/>\n<meta property=\"og:type\" content=\"article\" \/>\n<meta property=\"og:title\" content=\"Chroniques des ann\u00e9es de cendre : Un d\u00e9cret r\u00e9volutionnaire face \u00e0 une administration de g\u00e9nie\" \/>\n<meta property=\"og:description\" content=\"Chroniques des ann\u00e9es de cendre : Un d\u00e9cret r\u00e9volutionnaire face \u00e0 une administration de g\u00e9nie\" \/>\n<meta property=\"og:url\" content=\"https:\/\/www.webdo.tn\/fr\/actualite\/edito\/chroniques-des-annees-de-cendre-un-decret-revolutionnaire-face-a-une-administration-de-genie\/178928\/\" \/>\n<meta property=\"og:site_name\" content=\"webdo\" \/>\n<meta property=\"article:publisher\" content=\"https:\/\/www.facebook.com\/webdotn\" \/>\n<meta property=\"article:published_time\" content=\"2018-06-04T00:44:00+00:00\" \/>\n<meta property=\"article:modified_time\" content=\"2025-05-19T14:16:22+00:00\" \/>\n<meta property=\"og:image\" content=\"https:\/\/www.webdo.tn\/fr\/wp-content\/uploads\/2018\/06\/emploi-1024x626-1.jpg\" \/>\n\t<meta property=\"og:image:width\" content=\"1024\" \/>\n\t<meta property=\"og:image:height\" content=\"626\" \/>\n\t<meta property=\"og:image:type\" content=\"image\/jpeg\" \/>\n<meta name=\"author\" content=\"webdo.tn\" \/>\n<meta name=\"twitter:card\" content=\"summary_large_image\" \/>\n<meta name=\"twitter:creator\" content=\"@webdo_tn\" \/>\n<meta name=\"twitter:site\" content=\"@webdo_tn\" \/>\n<meta name=\"twitter:label1\" content=\"\u00c9crit par\" \/>\n\t<meta name=\"twitter:data1\" content=\"webdo.tn\" \/>\n\t<meta name=\"twitter:label2\" content=\"Dur\u00e9e de lecture estim\u00e9e\" \/>\n\t<meta name=\"twitter:data2\" content=\"1 minute\" \/>\n<script type=\"application\/ld+json\" class=\"yoast-schema-graph\">{\"@context\":\"https:\\\/\\\/schema.org\",\"@graph\":[{\"@type\":\"NewsArticle\",\"@id\":\"https:\\\/\\\/www.webdo.tn\\\/fr\\\/actualite\\\/edito\\\/chroniques-des-annees-de-cendre-un-decret-revolutionnaire-face-a-une-administration-de-genie\\\/178928\\\/#article\",\"isPartOf\":{\"@id\":\"https:\\\/\\\/www.webdo.tn\\\/fr\\\/actualite\\\/edito\\\/chroniques-des-annees-de-cendre-un-decret-revolutionnaire-face-a-une-administration-de-genie\\\/178928\\\/\"},\"author\":{\"name\":\"webdo.tn\",\"@id\":\"https:\\\/\\\/www.webdo.tn\\\/fr\\\/#\\\/schema\\\/person\\\/9a9c6118d687c117df8ef3cc36a4d175\"},\"headline\":\"Chroniques des ann\u00e9es de cendre : Un d\u00e9cret r\u00e9volutionnaire face \u00e0 une administration de g\u00e9nie\",\"datePublished\":\"2018-06-04T00:44:00+00:00\",\"dateModified\":\"2025-05-19T14:16:22+00:00\",\"mainEntityOfPage\":{\"@id\":\"https:\\\/\\\/www.webdo.tn\\\/fr\\\/actualite\\\/edito\\\/chroniques-des-annees-de-cendre-un-decret-revolutionnaire-face-a-une-administration-de-genie\\\/178928\\\/\"},\"wordCount\":275,\"commentCount\":0,\"publisher\":{\"@id\":\"https:\\\/\\\/www.webdo.tn\\\/fr\\\/#organization\"},\"image\":{\"@id\":\"https:\\\/\\\/www.webdo.tn\\\/fr\\\/actualite\\\/edito\\\/chroniques-des-annees-de-cendre-un-decret-revolutionnaire-face-a-une-administration-de-genie\\\/178928\\\/#primaryimage\"},\"thumbnailUrl\":\"https:\\\/\\\/www.webdo.tn\\\/fr\\\/wp-content\\\/uploads\\\/2018\\\/06\\\/emploi-1024x626-1.jpg\",\"keywords\":[\"guerre\"],\"articleSection\":[\"Edito\"],\"inLanguage\":\"fr-FR\"},{\"@type\":\"WebPage\",\"@id\":\"https:\\\/\\\/www.webdo.tn\\\/fr\\\/actualite\\\/edito\\\/chroniques-des-annees-de-cendre-un-decret-revolutionnaire-face-a-une-administration-de-genie\\\/178928\\\/\",\"url\":\"https:\\\/\\\/www.webdo.tn\\\/fr\\\/actualite\\\/edito\\\/chroniques-des-annees-de-cendre-un-decret-revolutionnaire-face-a-une-administration-de-genie\\\/178928\\\/\",\"name\":\"Chroniques des ann\u00e9es de cendre : Un d\u00e9cret r\u00e9volutionnaire face \u00e0 une administration de g\u00e9nie\",\"isPartOf\":{\"@id\":\"https:\\\/\\\/www.webdo.tn\\\/fr\\\/#website\"},\"primaryImageOfPage\":{\"@id\":\"https:\\\/\\\/www.webdo.tn\\\/fr\\\/actualite\\\/edito\\\/chroniques-des-annees-de-cendre-un-decret-revolutionnaire-face-a-une-administration-de-genie\\\/178928\\\/#primaryimage\"},\"image\":{\"@id\":\"https:\\\/\\\/www.webdo.tn\\\/fr\\\/actualite\\\/edito\\\/chroniques-des-annees-de-cendre-un-decret-revolutionnaire-face-a-une-administration-de-genie\\\/178928\\\/#primaryimage\"},\"thumbnailUrl\":\"https:\\\/\\\/www.webdo.tn\\\/fr\\\/wp-content\\\/uploads\\\/2018\\\/06\\\/emploi-1024x626-1.jpg\",\"datePublished\":\"2018-06-04T00:44:00+00:00\",\"dateModified\":\"2025-05-19T14:16:22+00:00\",\"description\":\"Chroniques des ann\u00e9es de cendre : Un d\u00e9cret r\u00e9volutionnaire face \u00e0 une administration de g\u00e9nie\",\"breadcrumb\":{\"@id\":\"https:\\\/\\\/www.webdo.tn\\\/fr\\\/actualite\\\/edito\\\/chroniques-des-annees-de-cendre-un-decret-revolutionnaire-face-a-une-administration-de-genie\\\/178928\\\/#breadcrumb\"},\"inLanguage\":\"fr-FR\",\"potentialAction\":[{\"@type\":\"ReadAction\",\"target\":[\"https:\\\/\\\/www.webdo.tn\\\/fr\\\/actualite\\\/edito\\\/chroniques-des-annees-de-cendre-un-decret-revolutionnaire-face-a-une-administration-de-genie\\\/178928\\\/\"]}]},{\"@type\":\"ImageObject\",\"inLanguage\":\"fr-FR\",\"@id\":\"https:\\\/\\\/www.webdo.tn\\\/fr\\\/actualite\\\/edito\\\/chroniques-des-annees-de-cendre-un-decret-revolutionnaire-face-a-une-administration-de-genie\\\/178928\\\/#primaryimage\",\"url\":\"https:\\\/\\\/www.webdo.tn\\\/fr\\\/wp-content\\\/uploads\\\/2018\\\/06\\\/emploi-1024x626-1.jpg\",\"contentUrl\":\"https:\\\/\\\/www.webdo.tn\\\/fr\\\/wp-content\\\/uploads\\\/2018\\\/06\\\/emploi-1024x626-1.jpg\",\"width\":1024,\"height\":626,\"caption\":\"Chroniques des ann\u00e9es de cendre : Un d\u00e9cret r\u00e9volutionnaire face \u00e0 une administration de g\u00e9nie\"},{\"@type\":\"BreadcrumbList\",\"@id\":\"https:\\\/\\\/www.webdo.tn\\\/fr\\\/actualite\\\/edito\\\/chroniques-des-annees-de-cendre-un-decret-revolutionnaire-face-a-une-administration-de-genie\\\/178928\\\/#breadcrumb\",\"itemListElement\":[{\"@type\":\"ListItem\",\"position\":1,\"name\":\"Accueil\",\"item\":\"https:\\\/\\\/www.webdo.tn\\\/fr\\\/\"},{\"@type\":\"ListItem\",\"position\":2,\"name\":\"Chroniques des ann\u00e9es de cendre : Un d\u00e9cret r\u00e9volutionnaire face \u00e0 une administration de g\u00e9nie\"}]},{\"@type\":\"WebSite\",\"@id\":\"https:\\\/\\\/www.webdo.tn\\\/fr\\\/#website\",\"url\":\"https:\\\/\\\/www.webdo.tn\\\/fr\\\/\",\"name\":\"webdo\",\"description\":\"Tunisie - News en Tunisie et \u00e0 l&#039;international sur Webdo.tn\",\"publisher\":{\"@id\":\"https:\\\/\\\/www.webdo.tn\\\/fr\\\/#organization\"},\"potentialAction\":[{\"@type\":\"SearchAction\",\"target\":{\"@type\":\"EntryPoint\",\"urlTemplate\":\"https:\\\/\\\/www.webdo.tn\\\/fr\\\/?s={search_term_string}\"},\"query-input\":{\"@type\":\"PropertyValueSpecification\",\"valueRequired\":true,\"valueName\":\"search_term_string\"}}],\"inLanguage\":\"fr-FR\"},{\"@type\":\"Organization\",\"@id\":\"https:\\\/\\\/www.webdo.tn\\\/fr\\\/#organization\",\"name\":\"Webdo\",\"alternateName\":\"Webdo.tn\",\"url\":\"https:\\\/\\\/www.webdo.tn\\\/fr\\\/\",\"logo\":{\"@type\":\"ImageObject\",\"inLanguage\":\"fr-FR\",\"@id\":\"https:\\\/\\\/www.webdo.tn\\\/fr\\\/#\\\/schema\\\/logo\\\/image\\\/\",\"url\":\"https:\\\/\\\/www.webdo.tn\\\/fr\\\/wp-content\\\/uploads\\\/2025\\\/06\\\/Webdo-Tunisie_168377.jpg\",\"contentUrl\":\"https:\\\/\\\/www.webdo.tn\\\/fr\\\/wp-content\\\/uploads\\\/2025\\\/06\\\/Webdo-Tunisie_168377.jpg\",\"width\":301,\"height\":301,\"caption\":\"Webdo\"},\"image\":{\"@id\":\"https:\\\/\\\/www.webdo.tn\\\/fr\\\/#\\\/schema\\\/logo\\\/image\\\/\"},\"sameAs\":[\"https:\\\/\\\/www.facebook.com\\\/webdotn\",\"https:\\\/\\\/x.com\\\/webdo_tn\"],\"description\":\"Webdo est un m\u00e9dia num\u00e9rique tunisien fond\u00e9 en 2010, sp\u00e9cialis\u00e9 dans l\u2019actualit\u00e9 nationale et internationale, l\u2019\u00e9conomie, la soci\u00e9t\u00e9 et les analyses politiques. Le site s\u2019adresse \u00e0 un large public francophone et couvre l\u2019information tunisienne en temps r\u00e9el.\",\"email\":\"redac@webdo.tn\",\"legalName\":\"YNJ SARL\",\"foundingDate\":\"2010-09-06\",\"numberOfEmployees\":{\"@type\":\"QuantitativeValue\",\"minValue\":\"11\",\"maxValue\":\"50\"}},{\"@type\":\"Person\",\"@id\":\"https:\\\/\\\/www.webdo.tn\\\/fr\\\/#\\\/schema\\\/person\\\/9a9c6118d687c117df8ef3cc36a4d175\",\"name\":\"webdo.tn\",\"image\":{\"@type\":\"ImageObject\",\"inLanguage\":\"fr-FR\",\"@id\":\"https:\\\/\\\/secure.gravatar.com\\\/avatar\\\/7ce1f28c0c3bbac99ff550b85ef8e44a6950c6ee24514fb6a5489e51d06f0298?s=96&d=mm&r=g\",\"url\":\"https:\\\/\\\/secure.gravatar.com\\\/avatar\\\/7ce1f28c0c3bbac99ff550b85ef8e44a6950c6ee24514fb6a5489e51d06f0298?s=96&d=mm&r=g\",\"contentUrl\":\"https:\\\/\\\/secure.gravatar.com\\\/avatar\\\/7ce1f28c0c3bbac99ff550b85ef8e44a6950c6ee24514fb6a5489e51d06f0298?s=96&d=mm&r=g\",\"caption\":\"webdo.tn\"},\"url\":\"https:\\\/\\\/www.webdo.tn\\\/fr\\\/actualite\\\/author\\\/webdotn\\\/\"}]}<\/script>\n<!-- \/ Yoast SEO Premium plugin. -->","yoast_head_json":{"title":"Chroniques des ann\u00e9es de cendre : Un d\u00e9cret r\u00e9volutionnaire face \u00e0 une administration de g\u00e9nie","description":"Chroniques des ann\u00e9es de cendre : Un d\u00e9cret r\u00e9volutionnaire face \u00e0 une administration de g\u00e9nie","canonical":"https:\/\/www.webdo.tn\/fr\/actualite\/edito\/chroniques-des-annees-de-cendre-un-decret-revolutionnaire-face-a-une-administration-de-genie\/178928\/","og_locale":"fr_FR","og_type":"article","og_title":"Chroniques des ann\u00e9es de cendre : Un d\u00e9cret r\u00e9volutionnaire face \u00e0 une administration de g\u00e9nie","og_description":"Chroniques des ann\u00e9es de cendre : Un d\u00e9cret r\u00e9volutionnaire face \u00e0 une administration de g\u00e9nie","og_url":"https:\/\/www.webdo.tn\/fr\/actualite\/edito\/chroniques-des-annees-de-cendre-un-decret-revolutionnaire-face-a-une-administration-de-genie\/178928\/","og_site_name":"webdo","article_publisher":"https:\/\/www.facebook.com\/webdotn","article_published_time":"2018-06-04T00:44:00+00:00","article_modified_time":"2025-05-19T14:16:22+00:00","og_image":[{"width":1024,"height":626,"url":"https:\/\/www.webdo.tn\/fr\/wp-content\/uploads\/2018\/06\/emploi-1024x626-1.jpg","type":"image\/jpeg"}],"author":"webdo.tn","twitter_card":"summary_large_image","twitter_creator":"@webdo_tn","twitter_site":"@webdo_tn","twitter_misc":{"\u00c9crit par":"webdo.tn","Dur\u00e9e de lecture estim\u00e9e":"1 minute"},"schema":{"@context":"https:\/\/schema.org","@graph":[{"@type":"NewsArticle","@id":"https:\/\/www.webdo.tn\/fr\/actualite\/edito\/chroniques-des-annees-de-cendre-un-decret-revolutionnaire-face-a-une-administration-de-genie\/178928\/#article","isPartOf":{"@id":"https:\/\/www.webdo.tn\/fr\/actualite\/edito\/chroniques-des-annees-de-cendre-un-decret-revolutionnaire-face-a-une-administration-de-genie\/178928\/"},"author":{"name":"webdo.tn","@id":"https:\/\/www.webdo.tn\/fr\/#\/schema\/person\/9a9c6118d687c117df8ef3cc36a4d175"},"headline":"Chroniques des ann\u00e9es de cendre : Un d\u00e9cret r\u00e9volutionnaire face \u00e0 une administration de g\u00e9nie","datePublished":"2018-06-04T00:44:00+00:00","dateModified":"2025-05-19T14:16:22+00:00","mainEntityOfPage":{"@id":"https:\/\/www.webdo.tn\/fr\/actualite\/edito\/chroniques-des-annees-de-cendre-un-decret-revolutionnaire-face-a-une-administration-de-genie\/178928\/"},"wordCount":275,"commentCount":0,"publisher":{"@id":"https:\/\/www.webdo.tn\/fr\/#organization"},"image":{"@id":"https:\/\/www.webdo.tn\/fr\/actualite\/edito\/chroniques-des-annees-de-cendre-un-decret-revolutionnaire-face-a-une-administration-de-genie\/178928\/#primaryimage"},"thumbnailUrl":"https:\/\/www.webdo.tn\/fr\/wp-content\/uploads\/2018\/06\/emploi-1024x626-1.jpg","keywords":["guerre"],"articleSection":["Edito"],"inLanguage":"fr-FR"},{"@type":"WebPage","@id":"https:\/\/www.webdo.tn\/fr\/actualite\/edito\/chroniques-des-annees-de-cendre-un-decret-revolutionnaire-face-a-une-administration-de-genie\/178928\/","url":"https:\/\/www.webdo.tn\/fr\/actualite\/edito\/chroniques-des-annees-de-cendre-un-decret-revolutionnaire-face-a-une-administration-de-genie\/178928\/","name":"Chroniques des ann\u00e9es de cendre : Un d\u00e9cret r\u00e9volutionnaire face \u00e0 une administration de g\u00e9nie","isPartOf":{"@id":"https:\/\/www.webdo.tn\/fr\/#website"},"primaryImageOfPage":{"@id":"https:\/\/www.webdo.tn\/fr\/actualite\/edito\/chroniques-des-annees-de-cendre-un-decret-revolutionnaire-face-a-une-administration-de-genie\/178928\/#primaryimage"},"image":{"@id":"https:\/\/www.webdo.tn\/fr\/actualite\/edito\/chroniques-des-annees-de-cendre-un-decret-revolutionnaire-face-a-une-administration-de-genie\/178928\/#primaryimage"},"thumbnailUrl":"https:\/\/www.webdo.tn\/fr\/wp-content\/uploads\/2018\/06\/emploi-1024x626-1.jpg","datePublished":"2018-06-04T00:44:00+00:00","dateModified":"2025-05-19T14:16:22+00:00","description":"Chroniques des ann\u00e9es de cendre : Un d\u00e9cret r\u00e9volutionnaire face \u00e0 une administration de g\u00e9nie","breadcrumb":{"@id":"https:\/\/www.webdo.tn\/fr\/actualite\/edito\/chroniques-des-annees-de-cendre-un-decret-revolutionnaire-face-a-une-administration-de-genie\/178928\/#breadcrumb"},"inLanguage":"fr-FR","potentialAction":[{"@type":"ReadAction","target":["https:\/\/www.webdo.tn\/fr\/actualite\/edito\/chroniques-des-annees-de-cendre-un-decret-revolutionnaire-face-a-une-administration-de-genie\/178928\/"]}]},{"@type":"ImageObject","inLanguage":"fr-FR","@id":"https:\/\/www.webdo.tn\/fr\/actualite\/edito\/chroniques-des-annees-de-cendre-un-decret-revolutionnaire-face-a-une-administration-de-genie\/178928\/#primaryimage","url":"https:\/\/www.webdo.tn\/fr\/wp-content\/uploads\/2018\/06\/emploi-1024x626-1.jpg","contentUrl":"https:\/\/www.webdo.tn\/fr\/wp-content\/uploads\/2018\/06\/emploi-1024x626-1.jpg","width":1024,"height":626,"caption":"Chroniques des ann\u00e9es de cendre : Un d\u00e9cret r\u00e9volutionnaire face \u00e0 une administration de g\u00e9nie"},{"@type":"BreadcrumbList","@id":"https:\/\/www.webdo.tn\/fr\/actualite\/edito\/chroniques-des-annees-de-cendre-un-decret-revolutionnaire-face-a-une-administration-de-genie\/178928\/#breadcrumb","itemListElement":[{"@type":"ListItem","position":1,"name":"Accueil","item":"https:\/\/www.webdo.tn\/fr\/"},{"@type":"ListItem","position":2,"name":"Chroniques des ann\u00e9es de cendre : Un d\u00e9cret r\u00e9volutionnaire face \u00e0 une administration de g\u00e9nie"}]},{"@type":"WebSite","@id":"https:\/\/www.webdo.tn\/fr\/#website","url":"https:\/\/www.webdo.tn\/fr\/","name":"webdo","description":"Tunisie - News en Tunisie et \u00e0 l&#039;international sur Webdo.tn","publisher":{"@id":"https:\/\/www.webdo.tn\/fr\/#organization"},"potentialAction":[{"@type":"SearchAction","target":{"@type":"EntryPoint","urlTemplate":"https:\/\/www.webdo.tn\/fr\/?s={search_term_string}"},"query-input":{"@type":"PropertyValueSpecification","valueRequired":true,"valueName":"search_term_string"}}],"inLanguage":"fr-FR"},{"@type":"Organization","@id":"https:\/\/www.webdo.tn\/fr\/#organization","name":"Webdo","alternateName":"Webdo.tn","url":"https:\/\/www.webdo.tn\/fr\/","logo":{"@type":"ImageObject","inLanguage":"fr-FR","@id":"https:\/\/www.webdo.tn\/fr\/#\/schema\/logo\/image\/","url":"https:\/\/www.webdo.tn\/fr\/wp-content\/uploads\/2025\/06\/Webdo-Tunisie_168377.jpg","contentUrl":"https:\/\/www.webdo.tn\/fr\/wp-content\/uploads\/2025\/06\/Webdo-Tunisie_168377.jpg","width":301,"height":301,"caption":"Webdo"},"image":{"@id":"https:\/\/www.webdo.tn\/fr\/#\/schema\/logo\/image\/"},"sameAs":["https:\/\/www.facebook.com\/webdotn","https:\/\/x.com\/webdo_tn"],"description":"Webdo est un m\u00e9dia num\u00e9rique tunisien fond\u00e9 en 2010, sp\u00e9cialis\u00e9 dans l\u2019actualit\u00e9 nationale et internationale, l\u2019\u00e9conomie, la soci\u00e9t\u00e9 et les analyses politiques. Le site s\u2019adresse \u00e0 un large public francophone et couvre l\u2019information tunisienne en temps r\u00e9el.","email":"redac@webdo.tn","legalName":"YNJ SARL","foundingDate":"2010-09-06","numberOfEmployees":{"@type":"QuantitativeValue","minValue":"11","maxValue":"50"}},{"@type":"Person","@id":"https:\/\/www.webdo.tn\/fr\/#\/schema\/person\/9a9c6118d687c117df8ef3cc36a4d175","name":"webdo.tn","image":{"@type":"ImageObject","inLanguage":"fr-FR","@id":"https:\/\/secure.gravatar.com\/avatar\/7ce1f28c0c3bbac99ff550b85ef8e44a6950c6ee24514fb6a5489e51d06f0298?s=96&d=mm&r=g","url":"https:\/\/secure.gravatar.com\/avatar\/7ce1f28c0c3bbac99ff550b85ef8e44a6950c6ee24514fb6a5489e51d06f0298?s=96&d=mm&r=g","contentUrl":"https:\/\/secure.gravatar.com\/avatar\/7ce1f28c0c3bbac99ff550b85ef8e44a6950c6ee24514fb6a5489e51d06f0298?s=96&d=mm&r=g","caption":"webdo.tn"},"url":"https:\/\/www.webdo.tn\/fr\/actualite\/author\/webdotn\/"}]}},"_links":{"self":[{"href":"https:\/\/www.webdo.tn\/fr\/wp-json\/wp\/v2\/posts\/178928","targetHints":{"allow":["GET"]}}],"collection":[{"href":"https:\/\/www.webdo.tn\/fr\/wp-json\/wp\/v2\/posts"}],"about":[{"href":"https:\/\/www.webdo.tn\/fr\/wp-json\/wp\/v2\/types\/post"}],"author":[{"embeddable":true,"href":"https:\/\/www.webdo.tn\/fr\/wp-json\/wp\/v2\/users\/3222"}],"replies":[{"embeddable":true,"href":"https:\/\/www.webdo.tn\/fr\/wp-json\/wp\/v2\/comments?post=178928"}],"version-history":[{"count":0,"href":"https:\/\/www.webdo.tn\/fr\/wp-json\/wp\/v2\/posts\/178928\/revisions"}],"wp:featuredmedia":[{"embeddable":true,"href":"https:\/\/www.webdo.tn\/fr\/wp-json\/wp\/v2\/media\/299298"}],"wp:attachment":[{"href":"https:\/\/www.webdo.tn\/fr\/wp-json\/wp\/v2\/media?parent=178928"}],"wp:term":[{"taxonomy":"category","embeddable":true,"href":"https:\/\/www.webdo.tn\/fr\/wp-json\/wp\/v2\/categories?post=178928"},{"taxonomy":"post_tag","embeddable":true,"href":"https:\/\/www.webdo.tn\/fr\/wp-json\/wp\/v2\/tags?post=178928"}],"curies":[{"name":"wp","href":"https:\/\/api.w.org\/{rel}","templated":true}]}}