{"id":178926,"date":"2018-07-26T10:46:00","date_gmt":"2018-07-26T10:46:00","guid":{"rendered":"https:\/\/www.webdo.tn\/fr\/blog\/etendards-verts-et-lignes-rouges\/178926\/"},"modified":"2025-05-18T23:37:23","modified_gmt":"2025-05-18T23:37:23","slug":"etendards-verts-et-lignes-rouges","status":"publish","type":"post","link":"https:\/\/www.webdo.tn\/fr\/actualite\/edito\/etendards-verts-et-lignes-rouges\/178926\/","title":{"rendered":"Etendards verts et lignes rouges &#8211; Par Hatem Bourial"},"content":{"rendered":"<p>Est-ce que notre pays navigue \u00e0 vue ou coule lentement mais inexorablement ? Tout semble fix\u00e9 et, chaque jour davantage, l\u2019oxyg\u00e8ne se rar\u00e9fie alors que les islamistes continuent de nous \u00e9trangler m\u00e9thodiquement.<\/p>\n<p>Je ne voudrais surtout pas parler politique. Plut\u00f4t t\u00e9moigner, simplement t\u00e9moigner pour dire le marasme dans lequel je vis depuis que mon pays a commenc\u00e9 \u00e0 rendre l\u2019\u00e2me.<\/p>\n<p>Une incroyable voyoucratie \u2013 bien pire que celle que nous ont impos\u00e9e les Trabelsi \u2013 r\u00e8gne en ma\u00eetre sur le pays. Barbus, dealers et hooligans sont d\u00e9sormais devenus les rep\u00e8res d\u2019une g\u00e9n\u00e9ration compl\u00e8tement d\u00e9boussol\u00e9e. Les barbus profitent de leur ascendant sur le fait religieux, les dealers exhibent leurs bijoux et les hooligans cassent tout au nom du foot.<\/p>\n<p>Dans certains quartiers de Tunis, comme entre Bab el Falla et Bab Djedid, les nuits sont chaudes mais les citoyens, calfeutr\u00e9s chez eux, n\u2019y peuvent rien. Il faut que l\u2019orage passe et il s\u2019agit de sauver sa peau. Dans des quartiers plus \u00e9loign\u00e9s, de nouvelles normes plus pesantes contr\u00f4lent le quotidien des gens. Les femmes se doivent d\u2019\u00eatre voil\u00e9es, les enfants sont pris en otages par le salafisme ambiant et l\u2019on ne sait plus si les cheikhs auto-proclam\u00e9s sont des ca\u00efds ou des margoulins de Dieu.<\/p>\n<p>Dans cette r\u00e9publique en lambeaux qui est d\u00e9sormais la n\u00f4tre, on tire \u00e0 vue sur la diff\u00e9rence. On r\u00e8gle ses comptes avec Bourguiba et la modernit\u00e9. On est r\u00e9visionniste par vocation, antis\u00e9mite par conviction, raciste par atavisme. Dans ce pays qui fout le camp, les islamistes font la pluie et le beau temps, avec la complicit\u00e9 de politiciens qui h\u00e9sitent entre Munich et P\u00e9tain, Machiavel et Tartuffe, Louis XIV et les rois d\u00e9cadents.<\/p>\n<p>Pendant que tout ce beau monde est \u00e0 ses petites affaires, c\u2019est la Tunisie qui est asphyxi\u00e9e au nom d\u2019une identit\u00e9 assign\u00e9e &#8211; l\u2019islamisme -, d\u2019une politique qui cherche d\u00e9lib\u00e9r\u00e9ment l\u2019effondrement de l\u2019Etat au nom d\u2019une illusion r\u00e9volutionnaire \u2013 l\u2019islamisme \u2013 et d\u2019une strat\u00e9gie qui consiste \u00e0 arracher notre pays \u00e0 son contexte afro-europ\u00e9en pour assouvir des fantasmes n\u00e9o-ottomans et les r\u00e9surgences imp\u00e9rialistes des Arabes du Golfe.<\/p>\n<p>Pour le moment, cette vague islamiste est invisible \u00e0 l\u2019\u0153il nu. Alors qu\u2019ils tissent patiemment leur toile et quadrillent m\u00e9thodiquement le pays, les islamistes font taire leurs propres divergences et laissent les autres jouer leur partition. Pourtant, ils contr\u00f4lent tout et d\u00e8s qu\u2019un cheveu d\u00e9passe, c\u2019est la d\u00e9ferlante haineuse, les impr\u00e9cations et les menaces d\u2019autodaf\u00e9s.<\/p>\n<p>On l\u2019a vu r\u00e9cemment lors du rapport sur les libert\u00e9s. On l\u2019a vu dans le pass\u00e9 bien avant 2011. On le verra \u00e0 chaque fois que seront invoqu\u00e9s choix de soci\u00e9t\u00e9, libert\u00e9 de conscience, f\u00e9minisme ou m\u00e9tissages. Vous \u00eates libres de bavarder sur les r\u00e9seaux sociaux, manifester \u00e0 tout va, tirer \u00e0 boulets rouges sur qui vous voulez mais n\u2019oubliez pas que vous \u00eates en cage.<br \/>\nUn \u00e9tau qui se resserre inexorablement<br \/>\n Quoiqu\u2019en dise la Constitution, les grands principes ne valent que lorsqu\u2019ils se mat\u00e9rialisent. De fait, nous sommes nominalement libres dans un p\u00e9rim\u00e8tre circonscris par le sacr\u00e9 et le diktat islamiste. Nous sommes enferm\u00e9s et tout en le sachant, nous ne faisons presque rien pour nous lib\u00e9rer de l\u2019\u00e9tau qui nous \u00e9crase peu \u00e0 peu.<\/p>\n<p>Parlant en notre nom, des partis politiques connivents ont confisqu\u00e9 notre parole et pr\u00e9tendent d\u00e9fendre la modernit\u00e9 face \u00e0 l\u2019islamisme. En fait, ils ne font rien et jouent la montre. Les uns sont des alli\u00e9s objectifs de l\u2019islamiste au nom du r\u00e9alisme et de l\u2019id\u00e9e\u2013fausse\u2013 que rien ne se fera en Tunisie sans les islamistes. Les autres font fonction d\u2019idiots utiles et, de la droite \u00e0 l\u2019extr\u00eame gauche, ne p\u00e8sent que le poids de leurs illusions.<\/p>\n<p>Pris au pi\u00e8ge par ces prestidigitateurs du modernisme, beaucoup de Tunisiens ne parviennent pas \u00e0 exprimer leurs opinions, sont anesth\u00e9si\u00e9s par la massification des discours et les rebonds politiciens, sont priv\u00e9s de relais et se d\u00e9battent, suffocants, sans espoir de repr\u00e9sentation.<\/p>\n<p>Ces Tunisiens, comme vous et moi, savent qu\u2019ils sont le peuple, qu\u2019ils sont la majorit\u00e9, qu\u2019ils sont le pays. Ils savent que les m\u00e9dias dominants les manipulent, que les partis les plus puissants leur mentent, que le consensus immobile n\u2019est pas une fatalit\u00e9.<\/p>\n<p>Ces Tunisiens ne veulent plus vivre dans un pays de dinosaures et d\u2019apprentis sorciers. Ils d\u00e9sirent la modernit\u00e9 et la libert\u00e9 dans une d\u00e9mocratie v\u00e9ritable qui ne serait ni une restauration du Destour ni le fantasme islamiste. Ils cherchent \u00e0 vivre dignement et r\u00e9cusent les fortunes sans cause que certains ont amass\u00e9es, en faisant payer un tribut \u00e0 la Tunisie. Ils cherchent un avenir pour leurs enfants qu\u2019ils n\u2019ont pas les moyens d\u2019\u00e9duquer \u00e0 l\u2019\u00e9tranger comme le font les membres de la nouvelle nomenklatura.<\/p>\n<p>Ces Tunisiens sont pris en otages dans leur propre pays par d\u2019autres Tunisiens qui ont deux passeports et aucune loyaut\u00e9 pour leurs deux pays suppos\u00e9s. En fait, ils ne font que manger \u00e0 deux r\u00e2teliers et profiter \u00e0 fond de ce que le syst\u00e8me peut leur offrir. Tout le reste n\u2019est que faux-semblant\u2026<\/p>\n<p>Dans la Tunisie d\u2019aujourd\u2019hui, on est islamiste par int\u00e9r\u00eat, simplement par v\u00e9nalit\u00e9. Ceci vaut \u00e9galement pour les faussaires du camp d\u2019en face. C\u2019est le \u00ab khobzisme \u00bb au plus haut niveau qui s\u2019est empar\u00e9 du pays. N\u2019a-t-on pas vu un ancien pr\u00e9sident provisoire et son ministre travailler \u00e0 la pige pour une t\u00e9l\u00e9 du Golfe ? Mais ceci ne rel\u00e8ve que de l\u2019anecdote car la situation est bien plus grave\u2026<br \/>\nUn tribut l\u00e9onin et excessif<br \/>\n La situation actuelle de la Tunisie a certaines de ses racines dans les grasses compensations que les islamistes se sont offertes sur le dos de la b\u00eate. Se consid\u00e9rant comme les \u00ab vainqueurs \u00bb de la r\u00e9volution de 2011, les islamistes ont fait payer un tribut l\u00e9onin et excessif \u00e0 l\u2019Etat tunisien.<\/p>\n<p>Ces compensations qui se calculent en milliards de milliards ont m\u00e9thodiquement mis \u00e0 genoux l\u2019Etat de Bourguiba, cible n\u00e9vrotique des islamistes. Et pour lui donner le coup de gr\u00e2ce \u00e0 cet Etat, des centaines de milliers de militants islamistes ont \u00e9t\u00e9 inject\u00e9s dans la fonction publique, transformant des effectifs pl\u00e9thoriques, en une administration chaotique et ing\u00e9rable.<\/p>\n<p>Par ces deux mesures d\u00e9cid\u00e9es au temps de la Tro\u00efka, les islamistes ont pr\u00e9cipit\u00e9 la crise dans laquelle nous nous trouvons. Depuis leur tribut, l\u2019Etat a de plus en plus recours \u00e0 l\u2019endettement ext\u00e9rieur, l\u2019inflation galope, la population s\u2019appauvrit et le pays devenu ing\u00e9rable s\u2019enfonce dans la crise.<\/p>\n<p>En faisant payer un tribut \u00e0 l\u2019Etat tunisien, les islamistes savaient quelles en seraient les cons\u00e9quences \u00e0 court terme.<\/p>\n<p>D\u2019abord, ils devenaient les ma\u00eetres du jeu. Ensuite l\u2019h\u00e9ritage de Bourguiba \u00e9tait d\u00e9structur\u00e9. Enfin, dans leur optique, la Troisi\u00e8me r\u00e9publique serait la bonne et marquerait leur emprise sur un pays qu\u2019ils s\u2019acharnent \u00e0 contr\u00f4ler au nom d\u2019un projet id\u00e9ologique.<\/p>\n<p>Devenu la matrice du jeu politique, le parti islamiste peut dicter sa loi, s\u2019effacer derri\u00e8re ses alli\u00e9s, surgir lorsque ses int\u00e9r\u00eats sont menac\u00e9s, faire et d\u00e9faire les carri\u00e8res et m\u00eame se pr\u00e9senter comme un mouvement politique sans ancrage religieux. Le faux-semblant et les \u00e9crans de fum\u00e9e sont la r\u00e8gle pour tout opportuniste en politique. D\u00e8s lors, pourquoi s\u2019en priver ?<\/p>\n<p>On a vu des islamistes d\u00e9fendre les homosexuels alors qu\u2019ils les crucifient dans leur litt\u00e9rature. Cependant, lorsque des militants de cette cause s\u2019expriment, ils sont vou\u00e9s aux g\u00e9monies. On a vu des islamistes inclure un juif dans une liste \u00e9lectorale alors que leur antis\u00e9mitisme est aussi notoire qu\u2019\u00e9l\u00e9mentaire. On a vu des islamistes \u00e9pouser \u2013 le temps d\u2019une d\u00e9claration m\u00e9diatique \u2013 n\u2019importe quelle cause tout en s\u2019acharnant sur les d\u00e9fenseurs v\u00e9ritables de ces causes. Cosm\u00e9tique pure et simple !<\/p>\n<p>En fait, le parti de l\u2019\u00e9tendard vert (ou noir, c\u2019est fonction de l\u2019\u00e2ge, selon qui vous savez) est aussi celui des lignes rouges. Aux uns, on joue la partition dite mod\u00e9r\u00e9e et aux autres on sort l\u2019artillerie des menaces et intimidations.<\/p>\n<p>C\u2019est m\u00e9canique et cela se passe ainsi au pays d\u2019Ennahdha, au pays de la normalisation islamiste, au pays o\u00f9 les roitelets f\u00e9odaux ont d\u00e9sormais des laquais surpay\u00e9s comme apparatchiks.<\/p>\n<p>Le camp d\u2019en face est moribond. Les coqs y sont l\u00e9gion et les mobilisations factices. Pourtant, ce camp est majoritaire et les islamistes sont parvenus \u00e0 morceler sa repr\u00e9sentativit\u00e9. Ce camp est celui d\u2019une Tunisie ouverte, g\u00e9n\u00e9reuse, \u00e9galitaire, \u00e9prise de parit\u00e9 et en prise avec la modernit\u00e9.<\/p>\n<p>Cette Tunisie \u00e9touffe, suffoque, \u00e9migre en d\u00e9sespoir de cause. A l\u2019heure actuelle, ce sont les Tunisiens qui ont port\u00e9 le progr\u00e8s puis men\u00e9 le changement qui sont les victimes d\u2019une r\u00e9volution confisqu\u00e9e par les islamistes et leurs alli\u00e9s de toutes ob\u00e9diences. Le malaise, les traites impay\u00e9es, les fins de mois impossibles, c\u2019est pour ces Tunisiens d\u2019en-bas qui r\u00eavaient d\u2019une r\u00e9volution sociale et en sont r\u00e9duits \u00e0 de pitoyables \u00ab C\u2019\u00e9tait mieux avant \u00bb.<\/p>\n<p>Cette Tunisie au ch\u00f4mage ou aux abois n\u2019a rien vu venir en sept ans. Le cynisme politicien est all\u00e9 jusqu\u2019\u00e0 lui voler son vote moderniste de 2014. En pleine d\u00e9sillusion, cette Tunisie n\u2019est pas all\u00e9e voter aux derni\u00e8res \u00e9lections municipales, jurant qu\u2019on ne l\u2019y reprendrait plus. Et, par ricochet, elle a ouvert un nouveau boulevard pour les islamistes qui continuent leur conqu\u00eate absolue du pouvoir.<\/p>\n<p>On se souvient de l\u2019\u00e9parpillement des modernistes en 2011 qui avait b\u00e9n\u00e9fici\u00e9 aux islamistes. On se souvient du boulevard que leur a offert le consensus n\u00e9 apr\u00e8s la victoire de Nidaa Toun\u00e8s en 2014. Voici d\u00e9sormais le boulevard que leur m\u00e9nage la conqu\u00eate de 130 postes de maires \u00e0 travers le pays. La prochaine \u00e9tape est in\u00e9luctablement 2019 et ses \u00e9lections pr\u00e9sidentielle et l\u00e9gislative voire 2024 si l\u2019on se place dans la perspective d\u2019une d\u00e9marche pragmatique, patiente et rus\u00e9e.<\/p>\n<p>C\u2019est que les islamistes donnent chaque jour la preuve qu\u2019ils sont des marathoniens au souffle profond alors qu\u2019en face, les sprinters imbus de leur petite personne pullulent et emp\u00eachent toute alternative de masse. Et lorsque je dis \u00ab masse \u00bb, je pense \u00e0 une masse bigarr\u00e9e, dans sa diversit\u00e9 qui est notre richesse, une masse qui sache faire preuve d\u2019esprit critique tout en sachant le sens de l\u2019histoire.<br \/>\nComme dans une cage virtuelle<br \/>\n Aujourd\u2019hui, mon pays se meurt et je suis \u00e0 l\u2019image d\u2019un oiseau enferm\u00e9 dans une cage virtuelle encercl\u00e9e par des lignes rouges et des \u00e9tendards verts qui virent vers le noir.<\/p>\n<p>A l\u2019image de notre r\u00e9publique, nous sommes nombreux \u00e0 mourir \u00e0 petit feu, condamn\u00e9s \u00e0 vivre notre peine sous le joug des lignes rouges, des accusations d\u2019apostasie et de la terreur salafiste. Peu \u00e0 peu, on finit par se r\u00e9signer, devenir indiff\u00e9rent, baisser les bras. Les islamistes parient sur ce choix que beaucoup de Tunisiens avaient fait au temps du Destour et ses d\u00e9rives. Ceux qui se sont tus au temps de Ben Ali finiront bien par le faire na\u00eetra lorsque la nouvelle \u00e8re que nous promet Ghannouchi\u2026<\/p>\n<p>Alors les r\u00e9sign\u00e9s, les planqu\u00e9s, les je-sais-tout, les bons vivants, les sanguins, les trop m\u00e9ticuleux, les coupeurs de cheveux en quatre, les sans illusions et les sans convictions, ont maintenant tout le temps de r\u00e2ler ou de jouir.<\/p>\n<p>D\u00e9boussol\u00e9s, les autres se demandent si l\u2019air du temps est \u00e0 f\u00eater quoi que ce soit sinon la canicule d\u2019Aoussou et la torpeur des grenades\u2026<\/p>\n","protected":false},"excerpt":{"rendered":"<p>Etendards verts et lignes rouges &#8211; Par Hatem Bourial<\/p>\n","protected":false},"author":3222,"featured_media":298684,"comment_status":"open","ping_status":"closed","sticky":false,"template":"","format":"standard","meta":{"footnotes":""},"categories":[2589],"tags":[2600],"class_list":["post-178926","post","type-post","status-publish","format-standard","has-post-thumbnail","hentry","category-edito","tag-guerre"],"yoast_head":"<!-- This site is optimized with the Yoast SEO Premium plugin v27.5 (Yoast SEO v27.5) - https:\/\/yoast.com\/product\/yoast-seo-premium-wordpress\/ -->\n<title>Etendards verts et lignes rouges - Par Hatem Bourial<\/title>\n<meta name=\"description\" content=\"Etendards verts et lignes rouges - Par Hatem Bourial\" \/>\n<link rel=\"canonical\" href=\"https:\/\/www.webdo.tn\/fr\/actualite\/edito\/etendards-verts-et-lignes-rouges\/178926\/\" \/>\n<meta property=\"og:locale\" content=\"fr_FR\" \/>\n<meta property=\"og:type\" content=\"article\" \/>\n<meta property=\"og:title\" content=\"Etendards verts et lignes rouges - Par Hatem Bourial\" \/>\n<meta property=\"og:description\" content=\"Etendards verts et lignes rouges - Par Hatem Bourial\" \/>\n<meta property=\"og:url\" content=\"https:\/\/www.webdo.tn\/fr\/actualite\/edito\/etendards-verts-et-lignes-rouges\/178926\/\" \/>\n<meta property=\"og:site_name\" content=\"webdo\" \/>\n<meta property=\"article:publisher\" content=\"https:\/\/www.facebook.com\/webdotn\" \/>\n<meta property=\"article:published_time\" content=\"2018-07-26T10:46:00+00:00\" \/>\n<meta property=\"article:modified_time\" content=\"2025-05-18T23:37:23+00:00\" \/>\n<meta property=\"og:image\" content=\"https:\/\/www.webdo.tn\/fr\/wp-content\/uploads\/2018\/07\/salafiste-1024x683-1.jpg\" \/>\n\t<meta property=\"og:image:width\" content=\"1024\" \/>\n\t<meta property=\"og:image:height\" content=\"683\" \/>\n\t<meta property=\"og:image:type\" content=\"image\/jpeg\" \/>\n<meta name=\"author\" content=\"webdo.tn\" \/>\n<meta name=\"twitter:card\" content=\"summary_large_image\" \/>\n<meta name=\"twitter:creator\" content=\"@webdo_tn\" \/>\n<meta name=\"twitter:site\" content=\"@webdo_tn\" \/>\n<meta name=\"twitter:label1\" content=\"\u00c9crit par\" \/>\n\t<meta name=\"twitter:data1\" content=\"webdo.tn\" \/>\n\t<meta name=\"twitter:label2\" content=\"Dur\u00e9e de lecture estim\u00e9e\" \/>\n\t<meta name=\"twitter:data2\" content=\"10 minutes\" \/>\n<script type=\"application\/ld+json\" class=\"yoast-schema-graph\">{\"@context\":\"https:\\\/\\\/schema.org\",\"@graph\":[{\"@type\":\"NewsArticle\",\"@id\":\"https:\\\/\\\/www.webdo.tn\\\/fr\\\/actualite\\\/edito\\\/etendards-verts-et-lignes-rouges\\\/178926\\\/#article\",\"isPartOf\":{\"@id\":\"https:\\\/\\\/www.webdo.tn\\\/fr\\\/actualite\\\/edito\\\/etendards-verts-et-lignes-rouges\\\/178926\\\/\"},\"author\":{\"name\":\"webdo.tn\",\"@id\":\"https:\\\/\\\/www.webdo.tn\\\/fr\\\/#\\\/schema\\\/person\\\/9a9c6118d687c117df8ef3cc36a4d175\"},\"headline\":\"Etendards verts et lignes rouges &#8211; Par Hatem Bourial\",\"datePublished\":\"2018-07-26T10:46:00+00:00\",\"dateModified\":\"2025-05-18T23:37:23+00:00\",\"mainEntityOfPage\":{\"@id\":\"https:\\\/\\\/www.webdo.tn\\\/fr\\\/actualite\\\/edito\\\/etendards-verts-et-lignes-rouges\\\/178926\\\/\"},\"wordCount\":2083,\"commentCount\":0,\"publisher\":{\"@id\":\"https:\\\/\\\/www.webdo.tn\\\/fr\\\/#organization\"},\"image\":{\"@id\":\"https:\\\/\\\/www.webdo.tn\\\/fr\\\/actualite\\\/edito\\\/etendards-verts-et-lignes-rouges\\\/178926\\\/#primaryimage\"},\"thumbnailUrl\":\"https:\\\/\\\/www.webdo.tn\\\/fr\\\/wp-content\\\/uploads\\\/2018\\\/07\\\/salafiste-1024x683-1.jpg\",\"keywords\":[\"guerre\"],\"articleSection\":[\"Edito\"],\"inLanguage\":\"fr-FR\"},{\"@type\":\"WebPage\",\"@id\":\"https:\\\/\\\/www.webdo.tn\\\/fr\\\/actualite\\\/edito\\\/etendards-verts-et-lignes-rouges\\\/178926\\\/\",\"url\":\"https:\\\/\\\/www.webdo.tn\\\/fr\\\/actualite\\\/edito\\\/etendards-verts-et-lignes-rouges\\\/178926\\\/\",\"name\":\"Etendards verts et lignes rouges - Par Hatem Bourial\",\"isPartOf\":{\"@id\":\"https:\\\/\\\/www.webdo.tn\\\/fr\\\/#website\"},\"primaryImageOfPage\":{\"@id\":\"https:\\\/\\\/www.webdo.tn\\\/fr\\\/actualite\\\/edito\\\/etendards-verts-et-lignes-rouges\\\/178926\\\/#primaryimage\"},\"image\":{\"@id\":\"https:\\\/\\\/www.webdo.tn\\\/fr\\\/actualite\\\/edito\\\/etendards-verts-et-lignes-rouges\\\/178926\\\/#primaryimage\"},\"thumbnailUrl\":\"https:\\\/\\\/www.webdo.tn\\\/fr\\\/wp-content\\\/uploads\\\/2018\\\/07\\\/salafiste-1024x683-1.jpg\",\"datePublished\":\"2018-07-26T10:46:00+00:00\",\"dateModified\":\"2025-05-18T23:37:23+00:00\",\"description\":\"Etendards verts et lignes rouges - Par Hatem Bourial\",\"breadcrumb\":{\"@id\":\"https:\\\/\\\/www.webdo.tn\\\/fr\\\/actualite\\\/edito\\\/etendards-verts-et-lignes-rouges\\\/178926\\\/#breadcrumb\"},\"inLanguage\":\"fr-FR\",\"potentialAction\":[{\"@type\":\"ReadAction\",\"target\":[\"https:\\\/\\\/www.webdo.tn\\\/fr\\\/actualite\\\/edito\\\/etendards-verts-et-lignes-rouges\\\/178926\\\/\"]}]},{\"@type\":\"ImageObject\",\"inLanguage\":\"fr-FR\",\"@id\":\"https:\\\/\\\/www.webdo.tn\\\/fr\\\/actualite\\\/edito\\\/etendards-verts-et-lignes-rouges\\\/178926\\\/#primaryimage\",\"url\":\"https:\\\/\\\/www.webdo.tn\\\/fr\\\/wp-content\\\/uploads\\\/2018\\\/07\\\/salafiste-1024x683-1.jpg\",\"contentUrl\":\"https:\\\/\\\/www.webdo.tn\\\/fr\\\/wp-content\\\/uploads\\\/2018\\\/07\\\/salafiste-1024x683-1.jpg\",\"width\":1024,\"height\":683,\"caption\":\"Etendards verts et lignes rouges - Par Hatem Bourial\"},{\"@type\":\"BreadcrumbList\",\"@id\":\"https:\\\/\\\/www.webdo.tn\\\/fr\\\/actualite\\\/edito\\\/etendards-verts-et-lignes-rouges\\\/178926\\\/#breadcrumb\",\"itemListElement\":[{\"@type\":\"ListItem\",\"position\":1,\"name\":\"Accueil\",\"item\":\"https:\\\/\\\/www.webdo.tn\\\/fr\\\/\"},{\"@type\":\"ListItem\",\"position\":2,\"name\":\"Etendards verts et lignes rouges &#8211; Par Hatem Bourial\"}]},{\"@type\":\"WebSite\",\"@id\":\"https:\\\/\\\/www.webdo.tn\\\/fr\\\/#website\",\"url\":\"https:\\\/\\\/www.webdo.tn\\\/fr\\\/\",\"name\":\"webdo\",\"description\":\"Tunisie - News en Tunisie et \u00e0 l&#039;international sur Webdo.tn\",\"publisher\":{\"@id\":\"https:\\\/\\\/www.webdo.tn\\\/fr\\\/#organization\"},\"potentialAction\":[{\"@type\":\"SearchAction\",\"target\":{\"@type\":\"EntryPoint\",\"urlTemplate\":\"https:\\\/\\\/www.webdo.tn\\\/fr\\\/?s={search_term_string}\"},\"query-input\":{\"@type\":\"PropertyValueSpecification\",\"valueRequired\":true,\"valueName\":\"search_term_string\"}}],\"inLanguage\":\"fr-FR\"},{\"@type\":\"Organization\",\"@id\":\"https:\\\/\\\/www.webdo.tn\\\/fr\\\/#organization\",\"name\":\"Webdo\",\"alternateName\":\"Webdo.tn\",\"url\":\"https:\\\/\\\/www.webdo.tn\\\/fr\\\/\",\"logo\":{\"@type\":\"ImageObject\",\"inLanguage\":\"fr-FR\",\"@id\":\"https:\\\/\\\/www.webdo.tn\\\/fr\\\/#\\\/schema\\\/logo\\\/image\\\/\",\"url\":\"https:\\\/\\\/www.webdo.tn\\\/fr\\\/wp-content\\\/uploads\\\/2025\\\/06\\\/Webdo-Tunisie_168377.jpg\",\"contentUrl\":\"https:\\\/\\\/www.webdo.tn\\\/fr\\\/wp-content\\\/uploads\\\/2025\\\/06\\\/Webdo-Tunisie_168377.jpg\",\"width\":301,\"height\":301,\"caption\":\"Webdo\"},\"image\":{\"@id\":\"https:\\\/\\\/www.webdo.tn\\\/fr\\\/#\\\/schema\\\/logo\\\/image\\\/\"},\"sameAs\":[\"https:\\\/\\\/www.facebook.com\\\/webdotn\",\"https:\\\/\\\/x.com\\\/webdo_tn\"],\"description\":\"Webdo est un m\u00e9dia num\u00e9rique tunisien fond\u00e9 en 2010, sp\u00e9cialis\u00e9 dans l\u2019actualit\u00e9 nationale et internationale, l\u2019\u00e9conomie, la soci\u00e9t\u00e9 et les analyses politiques. Le site s\u2019adresse \u00e0 un large public francophone et couvre l\u2019information tunisienne en temps r\u00e9el.\",\"email\":\"redac@webdo.tn\",\"legalName\":\"YNJ SARL\",\"foundingDate\":\"2010-09-06\",\"numberOfEmployees\":{\"@type\":\"QuantitativeValue\",\"minValue\":\"11\",\"maxValue\":\"50\"}},{\"@type\":\"Person\",\"@id\":\"https:\\\/\\\/www.webdo.tn\\\/fr\\\/#\\\/schema\\\/person\\\/9a9c6118d687c117df8ef3cc36a4d175\",\"name\":\"webdo.tn\",\"image\":{\"@type\":\"ImageObject\",\"inLanguage\":\"fr-FR\",\"@id\":\"https:\\\/\\\/secure.gravatar.com\\\/avatar\\\/7ce1f28c0c3bbac99ff550b85ef8e44a6950c6ee24514fb6a5489e51d06f0298?s=96&d=mm&r=g\",\"url\":\"https:\\\/\\\/secure.gravatar.com\\\/avatar\\\/7ce1f28c0c3bbac99ff550b85ef8e44a6950c6ee24514fb6a5489e51d06f0298?s=96&d=mm&r=g\",\"contentUrl\":\"https:\\\/\\\/secure.gravatar.com\\\/avatar\\\/7ce1f28c0c3bbac99ff550b85ef8e44a6950c6ee24514fb6a5489e51d06f0298?s=96&d=mm&r=g\",\"caption\":\"webdo.tn\"},\"url\":\"https:\\\/\\\/www.webdo.tn\\\/fr\\\/actualite\\\/author\\\/webdotn\\\/\"}]}<\/script>\n<!-- \/ Yoast SEO Premium plugin. -->","yoast_head_json":{"title":"Etendards verts et lignes rouges - Par Hatem Bourial","description":"Etendards verts et lignes rouges - Par Hatem Bourial","canonical":"https:\/\/www.webdo.tn\/fr\/actualite\/edito\/etendards-verts-et-lignes-rouges\/178926\/","og_locale":"fr_FR","og_type":"article","og_title":"Etendards verts et lignes rouges - Par Hatem Bourial","og_description":"Etendards verts et lignes rouges - Par Hatem Bourial","og_url":"https:\/\/www.webdo.tn\/fr\/actualite\/edito\/etendards-verts-et-lignes-rouges\/178926\/","og_site_name":"webdo","article_publisher":"https:\/\/www.facebook.com\/webdotn","article_published_time":"2018-07-26T10:46:00+00:00","article_modified_time":"2025-05-18T23:37:23+00:00","og_image":[{"width":1024,"height":683,"url":"https:\/\/www.webdo.tn\/fr\/wp-content\/uploads\/2018\/07\/salafiste-1024x683-1.jpg","type":"image\/jpeg"}],"author":"webdo.tn","twitter_card":"summary_large_image","twitter_creator":"@webdo_tn","twitter_site":"@webdo_tn","twitter_misc":{"\u00c9crit par":"webdo.tn","Dur\u00e9e de lecture estim\u00e9e":"10 minutes"},"schema":{"@context":"https:\/\/schema.org","@graph":[{"@type":"NewsArticle","@id":"https:\/\/www.webdo.tn\/fr\/actualite\/edito\/etendards-verts-et-lignes-rouges\/178926\/#article","isPartOf":{"@id":"https:\/\/www.webdo.tn\/fr\/actualite\/edito\/etendards-verts-et-lignes-rouges\/178926\/"},"author":{"name":"webdo.tn","@id":"https:\/\/www.webdo.tn\/fr\/#\/schema\/person\/9a9c6118d687c117df8ef3cc36a4d175"},"headline":"Etendards verts et lignes rouges &#8211; Par Hatem Bourial","datePublished":"2018-07-26T10:46:00+00:00","dateModified":"2025-05-18T23:37:23+00:00","mainEntityOfPage":{"@id":"https:\/\/www.webdo.tn\/fr\/actualite\/edito\/etendards-verts-et-lignes-rouges\/178926\/"},"wordCount":2083,"commentCount":0,"publisher":{"@id":"https:\/\/www.webdo.tn\/fr\/#organization"},"image":{"@id":"https:\/\/www.webdo.tn\/fr\/actualite\/edito\/etendards-verts-et-lignes-rouges\/178926\/#primaryimage"},"thumbnailUrl":"https:\/\/www.webdo.tn\/fr\/wp-content\/uploads\/2018\/07\/salafiste-1024x683-1.jpg","keywords":["guerre"],"articleSection":["Edito"],"inLanguage":"fr-FR"},{"@type":"WebPage","@id":"https:\/\/www.webdo.tn\/fr\/actualite\/edito\/etendards-verts-et-lignes-rouges\/178926\/","url":"https:\/\/www.webdo.tn\/fr\/actualite\/edito\/etendards-verts-et-lignes-rouges\/178926\/","name":"Etendards verts et lignes rouges - Par Hatem Bourial","isPartOf":{"@id":"https:\/\/www.webdo.tn\/fr\/#website"},"primaryImageOfPage":{"@id":"https:\/\/www.webdo.tn\/fr\/actualite\/edito\/etendards-verts-et-lignes-rouges\/178926\/#primaryimage"},"image":{"@id":"https:\/\/www.webdo.tn\/fr\/actualite\/edito\/etendards-verts-et-lignes-rouges\/178926\/#primaryimage"},"thumbnailUrl":"https:\/\/www.webdo.tn\/fr\/wp-content\/uploads\/2018\/07\/salafiste-1024x683-1.jpg","datePublished":"2018-07-26T10:46:00+00:00","dateModified":"2025-05-18T23:37:23+00:00","description":"Etendards verts et lignes rouges - Par Hatem Bourial","breadcrumb":{"@id":"https:\/\/www.webdo.tn\/fr\/actualite\/edito\/etendards-verts-et-lignes-rouges\/178926\/#breadcrumb"},"inLanguage":"fr-FR","potentialAction":[{"@type":"ReadAction","target":["https:\/\/www.webdo.tn\/fr\/actualite\/edito\/etendards-verts-et-lignes-rouges\/178926\/"]}]},{"@type":"ImageObject","inLanguage":"fr-FR","@id":"https:\/\/www.webdo.tn\/fr\/actualite\/edito\/etendards-verts-et-lignes-rouges\/178926\/#primaryimage","url":"https:\/\/www.webdo.tn\/fr\/wp-content\/uploads\/2018\/07\/salafiste-1024x683-1.jpg","contentUrl":"https:\/\/www.webdo.tn\/fr\/wp-content\/uploads\/2018\/07\/salafiste-1024x683-1.jpg","width":1024,"height":683,"caption":"Etendards verts et lignes rouges - Par Hatem Bourial"},{"@type":"BreadcrumbList","@id":"https:\/\/www.webdo.tn\/fr\/actualite\/edito\/etendards-verts-et-lignes-rouges\/178926\/#breadcrumb","itemListElement":[{"@type":"ListItem","position":1,"name":"Accueil","item":"https:\/\/www.webdo.tn\/fr\/"},{"@type":"ListItem","position":2,"name":"Etendards verts et lignes rouges &#8211; Par Hatem Bourial"}]},{"@type":"WebSite","@id":"https:\/\/www.webdo.tn\/fr\/#website","url":"https:\/\/www.webdo.tn\/fr\/","name":"webdo","description":"Tunisie - News en Tunisie et \u00e0 l&#039;international sur Webdo.tn","publisher":{"@id":"https:\/\/www.webdo.tn\/fr\/#organization"},"potentialAction":[{"@type":"SearchAction","target":{"@type":"EntryPoint","urlTemplate":"https:\/\/www.webdo.tn\/fr\/?s={search_term_string}"},"query-input":{"@type":"PropertyValueSpecification","valueRequired":true,"valueName":"search_term_string"}}],"inLanguage":"fr-FR"},{"@type":"Organization","@id":"https:\/\/www.webdo.tn\/fr\/#organization","name":"Webdo","alternateName":"Webdo.tn","url":"https:\/\/www.webdo.tn\/fr\/","logo":{"@type":"ImageObject","inLanguage":"fr-FR","@id":"https:\/\/www.webdo.tn\/fr\/#\/schema\/logo\/image\/","url":"https:\/\/www.webdo.tn\/fr\/wp-content\/uploads\/2025\/06\/Webdo-Tunisie_168377.jpg","contentUrl":"https:\/\/www.webdo.tn\/fr\/wp-content\/uploads\/2025\/06\/Webdo-Tunisie_168377.jpg","width":301,"height":301,"caption":"Webdo"},"image":{"@id":"https:\/\/www.webdo.tn\/fr\/#\/schema\/logo\/image\/"},"sameAs":["https:\/\/www.facebook.com\/webdotn","https:\/\/x.com\/webdo_tn"],"description":"Webdo est un m\u00e9dia num\u00e9rique tunisien fond\u00e9 en 2010, sp\u00e9cialis\u00e9 dans l\u2019actualit\u00e9 nationale et internationale, l\u2019\u00e9conomie, la soci\u00e9t\u00e9 et les analyses politiques. Le site s\u2019adresse \u00e0 un large public francophone et couvre l\u2019information tunisienne en temps r\u00e9el.","email":"redac@webdo.tn","legalName":"YNJ SARL","foundingDate":"2010-09-06","numberOfEmployees":{"@type":"QuantitativeValue","minValue":"11","maxValue":"50"}},{"@type":"Person","@id":"https:\/\/www.webdo.tn\/fr\/#\/schema\/person\/9a9c6118d687c117df8ef3cc36a4d175","name":"webdo.tn","image":{"@type":"ImageObject","inLanguage":"fr-FR","@id":"https:\/\/secure.gravatar.com\/avatar\/7ce1f28c0c3bbac99ff550b85ef8e44a6950c6ee24514fb6a5489e51d06f0298?s=96&d=mm&r=g","url":"https:\/\/secure.gravatar.com\/avatar\/7ce1f28c0c3bbac99ff550b85ef8e44a6950c6ee24514fb6a5489e51d06f0298?s=96&d=mm&r=g","contentUrl":"https:\/\/secure.gravatar.com\/avatar\/7ce1f28c0c3bbac99ff550b85ef8e44a6950c6ee24514fb6a5489e51d06f0298?s=96&d=mm&r=g","caption":"webdo.tn"},"url":"https:\/\/www.webdo.tn\/fr\/actualite\/author\/webdotn\/"}]}},"_links":{"self":[{"href":"https:\/\/www.webdo.tn\/fr\/wp-json\/wp\/v2\/posts\/178926","targetHints":{"allow":["GET"]}}],"collection":[{"href":"https:\/\/www.webdo.tn\/fr\/wp-json\/wp\/v2\/posts"}],"about":[{"href":"https:\/\/www.webdo.tn\/fr\/wp-json\/wp\/v2\/types\/post"}],"author":[{"embeddable":true,"href":"https:\/\/www.webdo.tn\/fr\/wp-json\/wp\/v2\/users\/3222"}],"replies":[{"embeddable":true,"href":"https:\/\/www.webdo.tn\/fr\/wp-json\/wp\/v2\/comments?post=178926"}],"version-history":[{"count":0,"href":"https:\/\/www.webdo.tn\/fr\/wp-json\/wp\/v2\/posts\/178926\/revisions"}],"wp:featuredmedia":[{"embeddable":true,"href":"https:\/\/www.webdo.tn\/fr\/wp-json\/wp\/v2\/media\/298684"}],"wp:attachment":[{"href":"https:\/\/www.webdo.tn\/fr\/wp-json\/wp\/v2\/media?parent=178926"}],"wp:term":[{"taxonomy":"category","embeddable":true,"href":"https:\/\/www.webdo.tn\/fr\/wp-json\/wp\/v2\/categories?post=178926"},{"taxonomy":"post_tag","embeddable":true,"href":"https:\/\/www.webdo.tn\/fr\/wp-json\/wp\/v2\/tags?post=178926"}],"curies":[{"name":"wp","href":"https:\/\/api.w.org\/{rel}","templated":true}]}}