{"id":178924,"date":"2018-09-08T21:14:00","date_gmt":"2018-09-08T21:14:00","guid":{"rendered":"https:\/\/www.webdo.tn\/fr\/blog\/tunisie-la-fin-dun-systeme\/178924\/"},"modified":"2025-05-18T23:30:57","modified_gmt":"2025-05-18T23:30:57","slug":"tunisie-la-fin-dun-systeme","status":"publish","type":"post","link":"https:\/\/www.webdo.tn\/fr\/actualite\/edito\/tunisie-la-fin-dun-systeme\/178924\/","title":{"rendered":"Tunisie : La fin d\u2019un syst\u00e8me"},"content":{"rendered":"<p>Youssef Chahed m\u00e8ne son combat de survie pour ses d\u00e9cisions pr\u00e9cipit\u00e9es, mais aussi pour avoir d\u00e9savou\u00e9 B\u00e9ji Ca\u00efd Essebsi, qui serait aussi hors-jeu pour sa double erreur de casting.<\/p>\n<p>Voil\u00e0 ce que nous montre le paysage politique de la phase actuelle du processus de transition politique de notre pays.<\/p>\n<p>Quant au paysage \u00e9conomique, et afin de r\u00e9sumer la situation en deux mots, nous nous trouvons dans la m\u00eame situation que celle du fin de r\u00e8gne de Mzali.<\/p>\n<p>En termes chiffr\u00e9s, nous somme \u00e0 15 milliard de d\u00e9ficit commercial, un dinar qui a perdu 40% de sa valeur en 7 ans et une croissance molle de moins de 3% boost\u00e9e par un seul moteur qui est la consommation.<\/p>\n<p>Les derniers adeptes de l\u2019optimisme sont en train de ruminer. Et alors, nous avons surv\u00e9cu \u00e0 des situations plus catastrophiques. Sauf que, cette fois ci, nous avons attrap\u00e9 la gangr\u00e8ne politicienne.<\/p>\n<p>Plus profonds que les indicateurs politiques et \u00e9conomiques, il y a d\u2019autres \u00e9v\u00e9nements qui sont plus r\u00e9v\u00e9lateurs de la situation de chaos qui est en train de d\u00e9vaster le pays : la p\u00e9nurie des m\u00e9dicaments, du sucre et du lait, les coupures d\u2019eau \u00e0 r\u00e9p\u00e9tition, les retards dans le versement des rentes aux retrait\u00e9s, et j\u2019en passe.<\/p>\n<p>Ces faits, loin d\u2019\u00eatre divers, suscitent une recherche s\u00e9rieuse des vraies causes sous-jacentes. D\u2019abord le d\u00e9ficit budg\u00e9taire qui continue \u00e0 s\u2019aggraver, mais aussi le manque de vision et de d\u00e9cisions \u00e9conomiques claires qui permettront de redresser la tendance.<\/p>\n<p>Nous avons beau approuver le plan quinquennale 2016-2020, avec une ann\u00e9e de retard de surcro\u00eet, mais ce n\u2019est qu\u2019un plan pour la forme, sans aucune relation avec la r\u00e9alit\u00e9.<\/p>\n<p>L\u2019inflation galopante, la hausse du TMM, le manque de liquidit\u00e9s, les blocages administratifs, tout \u00e7a fait que le peuple est tellement engouffr\u00e9 dans la d\u00e9prime qu\u2019il est psychologiquement pr\u00eat au pire des sc\u00e9narios sans bouger. Que vaudra donc, dans ce contexte, une \u00e9ni\u00e8me menace de gr\u00e8ve g\u00e9n\u00e9rale de l\u2019UGTT ?<\/p>\n<p>Ces constats ne peuvent que confirmer la fin du gouvernement Chahed 2, mais aussi de son mentor BCE, m\u00eame s\u2019ils continueront \u00e0 administrer les affaires jusqu\u2019\u00e0 l\u2019\u00e9ch\u00e9ance \u00e9lectorale de 2019.<\/p>\n<p>Au del\u00e0 de la fin d\u2019un r\u00e8gne, cela annonce la fin d\u2019un syst\u00e8me. Ce syst\u00e8me longtemps pr\u00e9serv\u00e9 par Ben Ali, maintenu par tous les gouvernement de transition, est a bout souffle. Il n\u2019est plus possible de tol\u00e9rer de tels d\u00e9s\u00e9quilibres budg\u00e9taires et \u00e9conomiques et toute action de redressement est an\u00e9antie.<\/p>\n<p>Il ne serait plus possible de maintenir un \u00e9tat providence sans les garde-fous n\u00e9cessaires de bonne gouvernance, ni un \u00e9tat gendarme sans le courage de lib\u00e9raliser l\u2019\u00e9conomie.<\/p>\n<p>Il ne serait plus possible de compenser le prix du lait, du pain, du carburant, du caf\u00e9, du th\u00e9, de l\u2019\u00e9lectricit\u00e9 sans aucun criblage.<\/p>\n<p>Retarder l\u2019\u00e2ge de la retraite de 2 ans ne ferai que retarder le probl\u00e8me. Il va falloir donc s\u2019attaquer aux vraies causes du d\u00e9ficit.<\/p>\n<p>Tant que nos politiciens ne seront pas conscients que le syst\u00e8me sur lequel ils misent et basent leur pouvoir est fini, nous continuerons \u00e0 nous engouffrer de plus en plus dans la catastrophe.<\/p>\n<p>Les douze mois \u00e0 venir seront chauds, mais esp\u00e9rons qu\u2019ils aboutiront \u00e0 la naissance d\u2019un nouveau syst\u00e8me, pas un renouveau de r\u00e8gne.<br \/>\nAnis Wahabi<\/p>\n","protected":false},"excerpt":{"rendered":"<p>Tunisie : La fin d\u2019un syst\u00e8me<\/p>\n","protected":false},"author":3222,"featured_media":298112,"comment_status":"open","ping_status":"closed","sticky":false,"template":"","format":"standard","meta":{"footnotes":""},"categories":[2589],"tags":[2600],"class_list":["post-178924","post","type-post","status-publish","format-standard","has-post-thumbnail","hentry","category-edito","tag-guerre"],"yoast_head":"<!-- This site is optimized with the Yoast SEO Premium plugin v27.5 (Yoast SEO v27.5) - https:\/\/yoast.com\/product\/yoast-seo-premium-wordpress\/ -->\n<title>Tunisie : La fin d\u2019un syst\u00e8me<\/title>\n<meta name=\"description\" content=\"Tunisie : La fin d\u2019un syst\u00e8me\" \/>\n<link rel=\"canonical\" href=\"https:\/\/www.webdo.tn\/fr\/actualite\/edito\/tunisie-la-fin-dun-systeme\/178924\/\" \/>\n<meta property=\"og:locale\" content=\"fr_FR\" \/>\n<meta property=\"og:type\" content=\"article\" \/>\n<meta property=\"og:title\" content=\"Tunisie : La fin d\u2019un syst\u00e8me\" \/>\n<meta property=\"og:description\" content=\"Tunisie : La fin d\u2019un syst\u00e8me\" \/>\n<meta property=\"og:url\" content=\"https:\/\/www.webdo.tn\/fr\/actualite\/edito\/tunisie-la-fin-dun-systeme\/178924\/\" \/>\n<meta property=\"og:site_name\" content=\"webdo\" \/>\n<meta property=\"article:publisher\" content=\"https:\/\/www.facebook.com\/webdotn\" \/>\n<meta property=\"article:published_time\" content=\"2018-09-08T21:14:00+00:00\" \/>\n<meta property=\"article:modified_time\" content=\"2025-05-18T23:30:57+00:00\" \/>\n<meta property=\"og:image\" content=\"https:\/\/www.webdo.tn\/fr\/wp-content\/uploads\/2018\/09\/chahed-1.png\" \/>\n\t<meta property=\"og:image:width\" content=\"660\" \/>\n\t<meta property=\"og:image:height\" content=\"440\" \/>\n\t<meta property=\"og:image:type\" content=\"image\/png\" \/>\n<meta name=\"author\" content=\"webdo.tn\" \/>\n<meta name=\"twitter:card\" content=\"summary_large_image\" \/>\n<meta name=\"twitter:creator\" content=\"@webdo_tn\" \/>\n<meta name=\"twitter:site\" content=\"@webdo_tn\" \/>\n<meta name=\"twitter:label1\" content=\"\u00c9crit par\" \/>\n\t<meta name=\"twitter:data1\" content=\"webdo.tn\" \/>\n\t<meta name=\"twitter:label2\" content=\"Dur\u00e9e de lecture estim\u00e9e\" \/>\n\t<meta name=\"twitter:data2\" content=\"3 minutes\" \/>\n<script type=\"application\/ld+json\" class=\"yoast-schema-graph\">{\"@context\":\"https:\\\/\\\/schema.org\",\"@graph\":[{\"@type\":\"NewsArticle\",\"@id\":\"https:\\\/\\\/www.webdo.tn\\\/fr\\\/actualite\\\/edito\\\/tunisie-la-fin-dun-systeme\\\/178924\\\/#article\",\"isPartOf\":{\"@id\":\"https:\\\/\\\/www.webdo.tn\\\/fr\\\/actualite\\\/edito\\\/tunisie-la-fin-dun-systeme\\\/178924\\\/\"},\"author\":{\"name\":\"webdo.tn\",\"@id\":\"https:\\\/\\\/www.webdo.tn\\\/fr\\\/#\\\/schema\\\/person\\\/9a9c6118d687c117df8ef3cc36a4d175\"},\"headline\":\"Tunisie : La fin d\u2019un syst\u00e8me\",\"datePublished\":\"2018-09-08T21:14:00+00:00\",\"dateModified\":\"2025-05-18T23:30:57+00:00\",\"mainEntityOfPage\":{\"@id\":\"https:\\\/\\\/www.webdo.tn\\\/fr\\\/actualite\\\/edito\\\/tunisie-la-fin-dun-systeme\\\/178924\\\/\"},\"wordCount\":605,\"commentCount\":0,\"publisher\":{\"@id\":\"https:\\\/\\\/www.webdo.tn\\\/fr\\\/#organization\"},\"image\":{\"@id\":\"https:\\\/\\\/www.webdo.tn\\\/fr\\\/actualite\\\/edito\\\/tunisie-la-fin-dun-systeme\\\/178924\\\/#primaryimage\"},\"thumbnailUrl\":\"https:\\\/\\\/www.webdo.tn\\\/fr\\\/wp-content\\\/uploads\\\/2018\\\/09\\\/chahed-1.png\",\"keywords\":[\"guerre\"],\"articleSection\":[\"Edito\"],\"inLanguage\":\"fr-FR\"},{\"@type\":\"WebPage\",\"@id\":\"https:\\\/\\\/www.webdo.tn\\\/fr\\\/actualite\\\/edito\\\/tunisie-la-fin-dun-systeme\\\/178924\\\/\",\"url\":\"https:\\\/\\\/www.webdo.tn\\\/fr\\\/actualite\\\/edito\\\/tunisie-la-fin-dun-systeme\\\/178924\\\/\",\"name\":\"Tunisie : La fin d\u2019un syst\u00e8me\",\"isPartOf\":{\"@id\":\"https:\\\/\\\/www.webdo.tn\\\/fr\\\/#website\"},\"primaryImageOfPage\":{\"@id\":\"https:\\\/\\\/www.webdo.tn\\\/fr\\\/actualite\\\/edito\\\/tunisie-la-fin-dun-systeme\\\/178924\\\/#primaryimage\"},\"image\":{\"@id\":\"https:\\\/\\\/www.webdo.tn\\\/fr\\\/actualite\\\/edito\\\/tunisie-la-fin-dun-systeme\\\/178924\\\/#primaryimage\"},\"thumbnailUrl\":\"https:\\\/\\\/www.webdo.tn\\\/fr\\\/wp-content\\\/uploads\\\/2018\\\/09\\\/chahed-1.png\",\"datePublished\":\"2018-09-08T21:14:00+00:00\",\"dateModified\":\"2025-05-18T23:30:57+00:00\",\"description\":\"Tunisie : La fin d\u2019un syst\u00e8me\",\"breadcrumb\":{\"@id\":\"https:\\\/\\\/www.webdo.tn\\\/fr\\\/actualite\\\/edito\\\/tunisie-la-fin-dun-systeme\\\/178924\\\/#breadcrumb\"},\"inLanguage\":\"fr-FR\",\"potentialAction\":[{\"@type\":\"ReadAction\",\"target\":[\"https:\\\/\\\/www.webdo.tn\\\/fr\\\/actualite\\\/edito\\\/tunisie-la-fin-dun-systeme\\\/178924\\\/\"]}]},{\"@type\":\"ImageObject\",\"inLanguage\":\"fr-FR\",\"@id\":\"https:\\\/\\\/www.webdo.tn\\\/fr\\\/actualite\\\/edito\\\/tunisie-la-fin-dun-systeme\\\/178924\\\/#primaryimage\",\"url\":\"https:\\\/\\\/www.webdo.tn\\\/fr\\\/wp-content\\\/uploads\\\/2018\\\/09\\\/chahed-1.png\",\"contentUrl\":\"https:\\\/\\\/www.webdo.tn\\\/fr\\\/wp-content\\\/uploads\\\/2018\\\/09\\\/chahed-1.png\",\"width\":660,\"height\":440,\"caption\":\"Tunisie : La fin d\u2019un syst\u00e8me\"},{\"@type\":\"BreadcrumbList\",\"@id\":\"https:\\\/\\\/www.webdo.tn\\\/fr\\\/actualite\\\/edito\\\/tunisie-la-fin-dun-systeme\\\/178924\\\/#breadcrumb\",\"itemListElement\":[{\"@type\":\"ListItem\",\"position\":1,\"name\":\"Accueil\",\"item\":\"https:\\\/\\\/www.webdo.tn\\\/fr\\\/\"},{\"@type\":\"ListItem\",\"position\":2,\"name\":\"Tunisie : La fin d\u2019un syst\u00e8me\"}]},{\"@type\":\"WebSite\",\"@id\":\"https:\\\/\\\/www.webdo.tn\\\/fr\\\/#website\",\"url\":\"https:\\\/\\\/www.webdo.tn\\\/fr\\\/\",\"name\":\"webdo\",\"description\":\"Tunisie - News en Tunisie et \u00e0 l&#039;international sur Webdo.tn\",\"publisher\":{\"@id\":\"https:\\\/\\\/www.webdo.tn\\\/fr\\\/#organization\"},\"potentialAction\":[{\"@type\":\"SearchAction\",\"target\":{\"@type\":\"EntryPoint\",\"urlTemplate\":\"https:\\\/\\\/www.webdo.tn\\\/fr\\\/?s={search_term_string}\"},\"query-input\":{\"@type\":\"PropertyValueSpecification\",\"valueRequired\":true,\"valueName\":\"search_term_string\"}}],\"inLanguage\":\"fr-FR\"},{\"@type\":\"Organization\",\"@id\":\"https:\\\/\\\/www.webdo.tn\\\/fr\\\/#organization\",\"name\":\"Webdo\",\"alternateName\":\"Webdo.tn\",\"url\":\"https:\\\/\\\/www.webdo.tn\\\/fr\\\/\",\"logo\":{\"@type\":\"ImageObject\",\"inLanguage\":\"fr-FR\",\"@id\":\"https:\\\/\\\/www.webdo.tn\\\/fr\\\/#\\\/schema\\\/logo\\\/image\\\/\",\"url\":\"https:\\\/\\\/www.webdo.tn\\\/fr\\\/wp-content\\\/uploads\\\/2025\\\/06\\\/Webdo-Tunisie_168377.jpg\",\"contentUrl\":\"https:\\\/\\\/www.webdo.tn\\\/fr\\\/wp-content\\\/uploads\\\/2025\\\/06\\\/Webdo-Tunisie_168377.jpg\",\"width\":301,\"height\":301,\"caption\":\"Webdo\"},\"image\":{\"@id\":\"https:\\\/\\\/www.webdo.tn\\\/fr\\\/#\\\/schema\\\/logo\\\/image\\\/\"},\"sameAs\":[\"https:\\\/\\\/www.facebook.com\\\/webdotn\",\"https:\\\/\\\/x.com\\\/webdo_tn\"],\"description\":\"Webdo est un m\u00e9dia num\u00e9rique tunisien fond\u00e9 en 2010, sp\u00e9cialis\u00e9 dans l\u2019actualit\u00e9 nationale et internationale, l\u2019\u00e9conomie, la soci\u00e9t\u00e9 et les analyses politiques. Le site s\u2019adresse \u00e0 un large public francophone et couvre l\u2019information tunisienne en temps r\u00e9el.\",\"email\":\"redac@webdo.tn\",\"legalName\":\"YNJ SARL\",\"foundingDate\":\"2010-09-06\",\"numberOfEmployees\":{\"@type\":\"QuantitativeValue\",\"minValue\":\"11\",\"maxValue\":\"50\"}},{\"@type\":\"Person\",\"@id\":\"https:\\\/\\\/www.webdo.tn\\\/fr\\\/#\\\/schema\\\/person\\\/9a9c6118d687c117df8ef3cc36a4d175\",\"name\":\"webdo.tn\",\"image\":{\"@type\":\"ImageObject\",\"inLanguage\":\"fr-FR\",\"@id\":\"https:\\\/\\\/secure.gravatar.com\\\/avatar\\\/7ce1f28c0c3bbac99ff550b85ef8e44a6950c6ee24514fb6a5489e51d06f0298?s=96&d=mm&r=g\",\"url\":\"https:\\\/\\\/secure.gravatar.com\\\/avatar\\\/7ce1f28c0c3bbac99ff550b85ef8e44a6950c6ee24514fb6a5489e51d06f0298?s=96&d=mm&r=g\",\"contentUrl\":\"https:\\\/\\\/secure.gravatar.com\\\/avatar\\\/7ce1f28c0c3bbac99ff550b85ef8e44a6950c6ee24514fb6a5489e51d06f0298?s=96&d=mm&r=g\",\"caption\":\"webdo.tn\"},\"url\":\"https:\\\/\\\/www.webdo.tn\\\/fr\\\/actualite\\\/author\\\/webdotn\\\/\"}]}<\/script>\n<!-- \/ Yoast SEO Premium plugin. -->","yoast_head_json":{"title":"Tunisie : La fin d\u2019un syst\u00e8me","description":"Tunisie : La fin d\u2019un syst\u00e8me","canonical":"https:\/\/www.webdo.tn\/fr\/actualite\/edito\/tunisie-la-fin-dun-systeme\/178924\/","og_locale":"fr_FR","og_type":"article","og_title":"Tunisie : La fin d\u2019un syst\u00e8me","og_description":"Tunisie : La fin d\u2019un syst\u00e8me","og_url":"https:\/\/www.webdo.tn\/fr\/actualite\/edito\/tunisie-la-fin-dun-systeme\/178924\/","og_site_name":"webdo","article_publisher":"https:\/\/www.facebook.com\/webdotn","article_published_time":"2018-09-08T21:14:00+00:00","article_modified_time":"2025-05-18T23:30:57+00:00","og_image":[{"width":660,"height":440,"url":"https:\/\/www.webdo.tn\/fr\/wp-content\/uploads\/2018\/09\/chahed-1.png","type":"image\/png"}],"author":"webdo.tn","twitter_card":"summary_large_image","twitter_creator":"@webdo_tn","twitter_site":"@webdo_tn","twitter_misc":{"\u00c9crit par":"webdo.tn","Dur\u00e9e de lecture estim\u00e9e":"3 minutes"},"schema":{"@context":"https:\/\/schema.org","@graph":[{"@type":"NewsArticle","@id":"https:\/\/www.webdo.tn\/fr\/actualite\/edito\/tunisie-la-fin-dun-systeme\/178924\/#article","isPartOf":{"@id":"https:\/\/www.webdo.tn\/fr\/actualite\/edito\/tunisie-la-fin-dun-systeme\/178924\/"},"author":{"name":"webdo.tn","@id":"https:\/\/www.webdo.tn\/fr\/#\/schema\/person\/9a9c6118d687c117df8ef3cc36a4d175"},"headline":"Tunisie : La fin d\u2019un syst\u00e8me","datePublished":"2018-09-08T21:14:00+00:00","dateModified":"2025-05-18T23:30:57+00:00","mainEntityOfPage":{"@id":"https:\/\/www.webdo.tn\/fr\/actualite\/edito\/tunisie-la-fin-dun-systeme\/178924\/"},"wordCount":605,"commentCount":0,"publisher":{"@id":"https:\/\/www.webdo.tn\/fr\/#organization"},"image":{"@id":"https:\/\/www.webdo.tn\/fr\/actualite\/edito\/tunisie-la-fin-dun-systeme\/178924\/#primaryimage"},"thumbnailUrl":"https:\/\/www.webdo.tn\/fr\/wp-content\/uploads\/2018\/09\/chahed-1.png","keywords":["guerre"],"articleSection":["Edito"],"inLanguage":"fr-FR"},{"@type":"WebPage","@id":"https:\/\/www.webdo.tn\/fr\/actualite\/edito\/tunisie-la-fin-dun-systeme\/178924\/","url":"https:\/\/www.webdo.tn\/fr\/actualite\/edito\/tunisie-la-fin-dun-systeme\/178924\/","name":"Tunisie : La fin d\u2019un syst\u00e8me","isPartOf":{"@id":"https:\/\/www.webdo.tn\/fr\/#website"},"primaryImageOfPage":{"@id":"https:\/\/www.webdo.tn\/fr\/actualite\/edito\/tunisie-la-fin-dun-systeme\/178924\/#primaryimage"},"image":{"@id":"https:\/\/www.webdo.tn\/fr\/actualite\/edito\/tunisie-la-fin-dun-systeme\/178924\/#primaryimage"},"thumbnailUrl":"https:\/\/www.webdo.tn\/fr\/wp-content\/uploads\/2018\/09\/chahed-1.png","datePublished":"2018-09-08T21:14:00+00:00","dateModified":"2025-05-18T23:30:57+00:00","description":"Tunisie : La fin d\u2019un syst\u00e8me","breadcrumb":{"@id":"https:\/\/www.webdo.tn\/fr\/actualite\/edito\/tunisie-la-fin-dun-systeme\/178924\/#breadcrumb"},"inLanguage":"fr-FR","potentialAction":[{"@type":"ReadAction","target":["https:\/\/www.webdo.tn\/fr\/actualite\/edito\/tunisie-la-fin-dun-systeme\/178924\/"]}]},{"@type":"ImageObject","inLanguage":"fr-FR","@id":"https:\/\/www.webdo.tn\/fr\/actualite\/edito\/tunisie-la-fin-dun-systeme\/178924\/#primaryimage","url":"https:\/\/www.webdo.tn\/fr\/wp-content\/uploads\/2018\/09\/chahed-1.png","contentUrl":"https:\/\/www.webdo.tn\/fr\/wp-content\/uploads\/2018\/09\/chahed-1.png","width":660,"height":440,"caption":"Tunisie : La fin d\u2019un syst\u00e8me"},{"@type":"BreadcrumbList","@id":"https:\/\/www.webdo.tn\/fr\/actualite\/edito\/tunisie-la-fin-dun-systeme\/178924\/#breadcrumb","itemListElement":[{"@type":"ListItem","position":1,"name":"Accueil","item":"https:\/\/www.webdo.tn\/fr\/"},{"@type":"ListItem","position":2,"name":"Tunisie : La fin d\u2019un syst\u00e8me"}]},{"@type":"WebSite","@id":"https:\/\/www.webdo.tn\/fr\/#website","url":"https:\/\/www.webdo.tn\/fr\/","name":"webdo","description":"Tunisie - News en Tunisie et \u00e0 l&#039;international sur Webdo.tn","publisher":{"@id":"https:\/\/www.webdo.tn\/fr\/#organization"},"potentialAction":[{"@type":"SearchAction","target":{"@type":"EntryPoint","urlTemplate":"https:\/\/www.webdo.tn\/fr\/?s={search_term_string}"},"query-input":{"@type":"PropertyValueSpecification","valueRequired":true,"valueName":"search_term_string"}}],"inLanguage":"fr-FR"},{"@type":"Organization","@id":"https:\/\/www.webdo.tn\/fr\/#organization","name":"Webdo","alternateName":"Webdo.tn","url":"https:\/\/www.webdo.tn\/fr\/","logo":{"@type":"ImageObject","inLanguage":"fr-FR","@id":"https:\/\/www.webdo.tn\/fr\/#\/schema\/logo\/image\/","url":"https:\/\/www.webdo.tn\/fr\/wp-content\/uploads\/2025\/06\/Webdo-Tunisie_168377.jpg","contentUrl":"https:\/\/www.webdo.tn\/fr\/wp-content\/uploads\/2025\/06\/Webdo-Tunisie_168377.jpg","width":301,"height":301,"caption":"Webdo"},"image":{"@id":"https:\/\/www.webdo.tn\/fr\/#\/schema\/logo\/image\/"},"sameAs":["https:\/\/www.facebook.com\/webdotn","https:\/\/x.com\/webdo_tn"],"description":"Webdo est un m\u00e9dia num\u00e9rique tunisien fond\u00e9 en 2010, sp\u00e9cialis\u00e9 dans l\u2019actualit\u00e9 nationale et internationale, l\u2019\u00e9conomie, la soci\u00e9t\u00e9 et les analyses politiques. Le site s\u2019adresse \u00e0 un large public francophone et couvre l\u2019information tunisienne en temps r\u00e9el.","email":"redac@webdo.tn","legalName":"YNJ SARL","foundingDate":"2010-09-06","numberOfEmployees":{"@type":"QuantitativeValue","minValue":"11","maxValue":"50"}},{"@type":"Person","@id":"https:\/\/www.webdo.tn\/fr\/#\/schema\/person\/9a9c6118d687c117df8ef3cc36a4d175","name":"webdo.tn","image":{"@type":"ImageObject","inLanguage":"fr-FR","@id":"https:\/\/secure.gravatar.com\/avatar\/7ce1f28c0c3bbac99ff550b85ef8e44a6950c6ee24514fb6a5489e51d06f0298?s=96&d=mm&r=g","url":"https:\/\/secure.gravatar.com\/avatar\/7ce1f28c0c3bbac99ff550b85ef8e44a6950c6ee24514fb6a5489e51d06f0298?s=96&d=mm&r=g","contentUrl":"https:\/\/secure.gravatar.com\/avatar\/7ce1f28c0c3bbac99ff550b85ef8e44a6950c6ee24514fb6a5489e51d06f0298?s=96&d=mm&r=g","caption":"webdo.tn"},"url":"https:\/\/www.webdo.tn\/fr\/actualite\/author\/webdotn\/"}]}},"_links":{"self":[{"href":"https:\/\/www.webdo.tn\/fr\/wp-json\/wp\/v2\/posts\/178924","targetHints":{"allow":["GET"]}}],"collection":[{"href":"https:\/\/www.webdo.tn\/fr\/wp-json\/wp\/v2\/posts"}],"about":[{"href":"https:\/\/www.webdo.tn\/fr\/wp-json\/wp\/v2\/types\/post"}],"author":[{"embeddable":true,"href":"https:\/\/www.webdo.tn\/fr\/wp-json\/wp\/v2\/users\/3222"}],"replies":[{"embeddable":true,"href":"https:\/\/www.webdo.tn\/fr\/wp-json\/wp\/v2\/comments?post=178924"}],"version-history":[{"count":0,"href":"https:\/\/www.webdo.tn\/fr\/wp-json\/wp\/v2\/posts\/178924\/revisions"}],"wp:featuredmedia":[{"embeddable":true,"href":"https:\/\/www.webdo.tn\/fr\/wp-json\/wp\/v2\/media\/298112"}],"wp:attachment":[{"href":"https:\/\/www.webdo.tn\/fr\/wp-json\/wp\/v2\/media?parent=178924"}],"wp:term":[{"taxonomy":"category","embeddable":true,"href":"https:\/\/www.webdo.tn\/fr\/wp-json\/wp\/v2\/categories?post=178924"},{"taxonomy":"post_tag","embeddable":true,"href":"https:\/\/www.webdo.tn\/fr\/wp-json\/wp\/v2\/tags?post=178924"}],"curies":[{"name":"wp","href":"https:\/\/api.w.org\/{rel}","templated":true}]}}