{"id":178923,"date":"2018-10-08T08:54:00","date_gmt":"2018-10-08T08:54:00","guid":{"rendered":"https:\/\/www.webdo.tn\/fr\/blog\/a-la-recherche-de-la-matiere-grise-tunisienne\/178923\/"},"modified":"2025-05-18T23:26:01","modified_gmt":"2025-05-18T23:26:01","slug":"a-la-recherche-de-la-matiere-grise-tunisienne","status":"publish","type":"post","link":"https:\/\/www.webdo.tn\/fr\/actualite\/edito\/a-la-recherche-de-la-matiere-grise-tunisienne\/178923\/","title":{"rendered":"A la recherche de la mati\u00e8re grise tunisienne"},"content":{"rendered":"<p>Avec tout le respect que j\u2019\u00e9prouve pour Bourguiba, p\u00e8re de la nation et leader historique incontestable, je reste perplexe quant \u00e0 son id\u00e9e sur \u00ab la mati\u00e8re grise tunisienne \u00bb.<\/p>\n<p>Il se peut que Bourguiba ait \u00e9voqu\u00e9 ce concept de mati\u00e8re grise dans le cadre d\u2019un processus de gestion du changement. Dans une Tunisie naissante et fragile, d\u00e9pourvue de ressources naturelles, le seul moyen de comp\u00e9titivit\u00e9 serait \u00ab l\u2019intelligence \u00bb.<\/p>\n<p>Sauf que le pari de Bourguiba sur l\u2019intelligence des Tunisiens \u00e9tait faux. Du c\u00f4t\u00e9 du Bourguiba narcissique, l\u2019intelligence du Tunisien serait valable jusqu\u2019au moment o\u00f9 il commence \u00e0 rivaliser avec lui. Du c\u00f4t\u00e9 du Tunisien, l\u2019intelligence serait valable tant que cela ne demande pas d\u2019effort.<\/p>\n<p>Alors, il me semble que Bourguiba faisait toutes les louanges sur l\u2019intelligence tunisienne, tout simplement pour maintenir son r\u00e8gne : \u00ab vous Tunisiens, vous \u00eates intelligents et c\u2019est pour cela que vous m\u2019avez choisi et maintenu comme pr\u00e9sident \u00bb. Tel un Ben Ali qui annon\u00e7ait que \u00ab le peuple tunisien a atteint un niveau \u00e9lev\u00e9 de maturit\u00e9 \u00bb ou un interpr\u00e8te \u00e9gyptien qui fait les louanges du go\u00fbt musical des Tunisiens.<\/p>\n<p>Sommes nous, le grand peuple tunisien, plus intelligent que les autres nations ? Malgr\u00e9 notre persistance pour la m\u00e9thode Cou\u00e9, il semble que la r\u00e9alit\u00e9 est toute autre.<\/p>\n<p>Sur le plan de l\u2019enseignement, par exemple, le classement PISA 2015 sur la qualit\u00e9, l\u2019efficacit\u00e9 et l\u2019\u00e9quit\u00e9 des syst\u00e8mes scolaires, r\u00e9alis\u00e9 par l\u2019Organisation de Coop\u00e9ration et de D\u00e9veloppement Economiques (OCDE), place la Tunisie en bas du tableau, c\u2019est \u00e0 dire \u00e0 la 65e place sur un total de 70 pays.<\/p>\n<p>Dans le classement de Shanghai, la premi\u00e8re universit\u00e9 tunisienne, qui est l\u2019Universit\u00e9 de Tunis El Manar (UTM), est class\u00e9e \u00e0 la 801e position .<\/p>\n<p>Sur le plan de la recherche scientifique, 270 brevets ont \u00e9t\u00e9 enregistr\u00e9s en 2016 en Tunisie, alors que pour la m\u00eame ann\u00e9e, les \u00c9tats Unis ont enregistr\u00e9 521.802 brevets, la Cor\u00e9e du Sud 233.786 et Singapour 6722 brevets.<\/p>\n<p>Laissons de c\u00f4t\u00e9 ces indicateurs qui peuvent \u00eatre frapp\u00e9s de s\u00e9lectivit\u00e9 et raisonnons plus terre \u00e0 terre. \u00catre intelligent devrait permettre de bien gagner sa vie. De ce c\u00f4t\u00e9 l\u00e0, la Tunisie, gr\u00e2ce \u00e0 sa mati\u00e8re grise, est class\u00e9 103e en PIB par habitant, selon le classement de la Banque Mondiale. Eh oui, l\u2019intelligence du Tunisien moyen a produit 11.596 dollars internationaux en 2016.<\/p>\n<p>L\u2019idiotie irlandaise a produit 71.472 dollars, celle d\u2019un Suisse a g\u00e9n\u00e9r\u00e9 63.889 dollars. C\u2019est normal, puisqu\u2019un Irlandais, d\u00e9pourvu de la mati\u00e8re grise tunisienne, produit des machines, des produits informatiques, des produits chimiques, des instruments m\u00e9dicaux, des produits pharmaceutiques et agroalimentaires et certains produits issus d&rsquo;animaux.<\/p>\n<p>Quand aux pauvres suisses, ils ne produisent que du fromage, du chocolat, des montres, des m\u00e9dicaments, des machines de haute technologie et des services financiers.<\/p>\n<p>Par ailleurs, gr\u00e2ce \u00e0 l\u2019atout de l\u2019intelligence dont dispose le peuple tunisien, nous arrivons \u00e0 exporter de l\u2019huile d\u2019olive en vrac, des dattes et des minutes de travail pour le montage de c\u00e2bles automobiles et de textile. Ce qui nous permet de couvrir 73% de nos importations. Pour le reste, on utilise la ruse afin de d\u00e9crocher des cr\u00e9dits bon march\u00e9, qui ne seront pas rembours\u00e9s par nous, mais par nos enfants, qui h\u00e9riterons, bien s\u00fbr, de notre mati\u00e8re grise.<\/p>\n<p>Selon les th\u00e9ories de l\u2019\u00e9pist\u00e9mologie, plus dangereux qu\u2019un ignorant, c\u2019est l\u2019ignorant qui ignore qu\u2019il est ignorant. Alors, la premi\u00e8re \u00e9tape de l\u2019apprentissage serait de prendre conscience de notre ignorance.<\/p>\n<p>Quant au Tunisien, je crois que gr\u00e2ce \u00e0 ses 3000 ans de civilisation, il a pu inventer un niveau au dessous, celui de l\u2019ignorant qui se croit intelligent.<\/p>\n<p>Pour deviner la solution au \u00ab cas tunisien \u00bb, aurons-nous besoin de beaucoup de mati\u00e8re grise ?<br \/>\nAnis WAHABI<\/p>\n","protected":false},"excerpt":{"rendered":"<p>A la recherche de la mati\u00e8re grise tunisienne<\/p>\n","protected":false},"author":3222,"featured_media":297776,"comment_status":"open","ping_status":"closed","sticky":false,"template":"","format":"standard","meta":{"footnotes":""},"categories":[2589],"tags":[2600],"class_list":["post-178923","post","type-post","status-publish","format-standard","has-post-thumbnail","hentry","category-edito","tag-guerre"],"yoast_head":"<!-- This site is optimized with the Yoast SEO Premium plugin v27.5 (Yoast SEO v27.5) - https:\/\/yoast.com\/product\/yoast-seo-premium-wordpress\/ -->\n<title>A la recherche de la mati\u00e8re grise tunisienne<\/title>\n<meta name=\"description\" content=\"A la recherche de la mati\u00e8re grise tunisienne\" \/>\n<link rel=\"canonical\" href=\"https:\/\/www.webdo.tn\/fr\/actualite\/edito\/a-la-recherche-de-la-matiere-grise-tunisienne\/178923\/\" \/>\n<meta property=\"og:locale\" content=\"fr_FR\" \/>\n<meta property=\"og:type\" content=\"article\" \/>\n<meta property=\"og:title\" content=\"A la recherche de la mati\u00e8re grise tunisienne\" \/>\n<meta property=\"og:description\" content=\"A la recherche de la mati\u00e8re grise tunisienne\" \/>\n<meta property=\"og:url\" content=\"https:\/\/www.webdo.tn\/fr\/actualite\/edito\/a-la-recherche-de-la-matiere-grise-tunisienne\/178923\/\" \/>\n<meta property=\"og:site_name\" content=\"webdo\" \/>\n<meta property=\"article:publisher\" content=\"https:\/\/www.facebook.com\/webdotn\" \/>\n<meta property=\"article:published_time\" content=\"2018-10-08T08:54:00+00:00\" \/>\n<meta property=\"article:modified_time\" content=\"2025-05-18T23:26:01+00:00\" \/>\n<meta property=\"og:image\" content=\"https:\/\/www.webdo.tn\/fr\/wp-content\/uploads\/2018\/10\/tunisien.jpg\" \/>\n\t<meta property=\"og:image:width\" content=\"750\" \/>\n\t<meta property=\"og:image:height\" content=\"486\" \/>\n\t<meta property=\"og:image:type\" content=\"image\/jpeg\" \/>\n<meta name=\"author\" content=\"webdo.tn\" \/>\n<meta name=\"twitter:card\" content=\"summary_large_image\" \/>\n<meta name=\"twitter:creator\" content=\"@webdo_tn\" \/>\n<meta name=\"twitter:site\" content=\"@webdo_tn\" \/>\n<meta name=\"twitter:label1\" content=\"\u00c9crit par\" \/>\n\t<meta name=\"twitter:data1\" content=\"webdo.tn\" \/>\n\t<meta name=\"twitter:label2\" content=\"Dur\u00e9e de lecture estim\u00e9e\" \/>\n\t<meta name=\"twitter:data2\" content=\"3 minutes\" \/>\n<script type=\"application\/ld+json\" class=\"yoast-schema-graph\">{\"@context\":\"https:\\\/\\\/schema.org\",\"@graph\":[{\"@type\":\"NewsArticle\",\"@id\":\"https:\\\/\\\/www.webdo.tn\\\/fr\\\/actualite\\\/edito\\\/a-la-recherche-de-la-matiere-grise-tunisienne\\\/178923\\\/#article\",\"isPartOf\":{\"@id\":\"https:\\\/\\\/www.webdo.tn\\\/fr\\\/actualite\\\/edito\\\/a-la-recherche-de-la-matiere-grise-tunisienne\\\/178923\\\/\"},\"author\":{\"name\":\"webdo.tn\",\"@id\":\"https:\\\/\\\/www.webdo.tn\\\/fr\\\/#\\\/schema\\\/person\\\/9a9c6118d687c117df8ef3cc36a4d175\"},\"headline\":\"A la recherche de la mati\u00e8re grise tunisienne\",\"datePublished\":\"2018-10-08T08:54:00+00:00\",\"dateModified\":\"2025-05-18T23:26:01+00:00\",\"mainEntityOfPage\":{\"@id\":\"https:\\\/\\\/www.webdo.tn\\\/fr\\\/actualite\\\/edito\\\/a-la-recherche-de-la-matiere-grise-tunisienne\\\/178923\\\/\"},\"wordCount\":672,\"commentCount\":0,\"publisher\":{\"@id\":\"https:\\\/\\\/www.webdo.tn\\\/fr\\\/#organization\"},\"image\":{\"@id\":\"https:\\\/\\\/www.webdo.tn\\\/fr\\\/actualite\\\/edito\\\/a-la-recherche-de-la-matiere-grise-tunisienne\\\/178923\\\/#primaryimage\"},\"thumbnailUrl\":\"https:\\\/\\\/www.webdo.tn\\\/fr\\\/wp-content\\\/uploads\\\/2018\\\/10\\\/tunisien.jpg\",\"keywords\":[\"guerre\"],\"articleSection\":[\"Edito\"],\"inLanguage\":\"fr-FR\"},{\"@type\":\"WebPage\",\"@id\":\"https:\\\/\\\/www.webdo.tn\\\/fr\\\/actualite\\\/edito\\\/a-la-recherche-de-la-matiere-grise-tunisienne\\\/178923\\\/\",\"url\":\"https:\\\/\\\/www.webdo.tn\\\/fr\\\/actualite\\\/edito\\\/a-la-recherche-de-la-matiere-grise-tunisienne\\\/178923\\\/\",\"name\":\"A la recherche de la mati\u00e8re grise tunisienne\",\"isPartOf\":{\"@id\":\"https:\\\/\\\/www.webdo.tn\\\/fr\\\/#website\"},\"primaryImageOfPage\":{\"@id\":\"https:\\\/\\\/www.webdo.tn\\\/fr\\\/actualite\\\/edito\\\/a-la-recherche-de-la-matiere-grise-tunisienne\\\/178923\\\/#primaryimage\"},\"image\":{\"@id\":\"https:\\\/\\\/www.webdo.tn\\\/fr\\\/actualite\\\/edito\\\/a-la-recherche-de-la-matiere-grise-tunisienne\\\/178923\\\/#primaryimage\"},\"thumbnailUrl\":\"https:\\\/\\\/www.webdo.tn\\\/fr\\\/wp-content\\\/uploads\\\/2018\\\/10\\\/tunisien.jpg\",\"datePublished\":\"2018-10-08T08:54:00+00:00\",\"dateModified\":\"2025-05-18T23:26:01+00:00\",\"description\":\"A la recherche de la mati\u00e8re grise tunisienne\",\"breadcrumb\":{\"@id\":\"https:\\\/\\\/www.webdo.tn\\\/fr\\\/actualite\\\/edito\\\/a-la-recherche-de-la-matiere-grise-tunisienne\\\/178923\\\/#breadcrumb\"},\"inLanguage\":\"fr-FR\",\"potentialAction\":[{\"@type\":\"ReadAction\",\"target\":[\"https:\\\/\\\/www.webdo.tn\\\/fr\\\/actualite\\\/edito\\\/a-la-recherche-de-la-matiere-grise-tunisienne\\\/178923\\\/\"]}]},{\"@type\":\"ImageObject\",\"inLanguage\":\"fr-FR\",\"@id\":\"https:\\\/\\\/www.webdo.tn\\\/fr\\\/actualite\\\/edito\\\/a-la-recherche-de-la-matiere-grise-tunisienne\\\/178923\\\/#primaryimage\",\"url\":\"https:\\\/\\\/www.webdo.tn\\\/fr\\\/wp-content\\\/uploads\\\/2018\\\/10\\\/tunisien.jpg\",\"contentUrl\":\"https:\\\/\\\/www.webdo.tn\\\/fr\\\/wp-content\\\/uploads\\\/2018\\\/10\\\/tunisien.jpg\",\"width\":750,\"height\":486,\"caption\":\"A la recherche de la mati\u00e8re grise tunisienne\"},{\"@type\":\"BreadcrumbList\",\"@id\":\"https:\\\/\\\/www.webdo.tn\\\/fr\\\/actualite\\\/edito\\\/a-la-recherche-de-la-matiere-grise-tunisienne\\\/178923\\\/#breadcrumb\",\"itemListElement\":[{\"@type\":\"ListItem\",\"position\":1,\"name\":\"Accueil\",\"item\":\"https:\\\/\\\/www.webdo.tn\\\/fr\\\/\"},{\"@type\":\"ListItem\",\"position\":2,\"name\":\"A la recherche de la mati\u00e8re grise tunisienne\"}]},{\"@type\":\"WebSite\",\"@id\":\"https:\\\/\\\/www.webdo.tn\\\/fr\\\/#website\",\"url\":\"https:\\\/\\\/www.webdo.tn\\\/fr\\\/\",\"name\":\"webdo\",\"description\":\"Tunisie - News en Tunisie et \u00e0 l&#039;international sur Webdo.tn\",\"publisher\":{\"@id\":\"https:\\\/\\\/www.webdo.tn\\\/fr\\\/#organization\"},\"potentialAction\":[{\"@type\":\"SearchAction\",\"target\":{\"@type\":\"EntryPoint\",\"urlTemplate\":\"https:\\\/\\\/www.webdo.tn\\\/fr\\\/?s={search_term_string}\"},\"query-input\":{\"@type\":\"PropertyValueSpecification\",\"valueRequired\":true,\"valueName\":\"search_term_string\"}}],\"inLanguage\":\"fr-FR\"},{\"@type\":\"Organization\",\"@id\":\"https:\\\/\\\/www.webdo.tn\\\/fr\\\/#organization\",\"name\":\"Webdo\",\"alternateName\":\"Webdo.tn\",\"url\":\"https:\\\/\\\/www.webdo.tn\\\/fr\\\/\",\"logo\":{\"@type\":\"ImageObject\",\"inLanguage\":\"fr-FR\",\"@id\":\"https:\\\/\\\/www.webdo.tn\\\/fr\\\/#\\\/schema\\\/logo\\\/image\\\/\",\"url\":\"https:\\\/\\\/www.webdo.tn\\\/fr\\\/wp-content\\\/uploads\\\/2025\\\/06\\\/Webdo-Tunisie_168377.jpg\",\"contentUrl\":\"https:\\\/\\\/www.webdo.tn\\\/fr\\\/wp-content\\\/uploads\\\/2025\\\/06\\\/Webdo-Tunisie_168377.jpg\",\"width\":301,\"height\":301,\"caption\":\"Webdo\"},\"image\":{\"@id\":\"https:\\\/\\\/www.webdo.tn\\\/fr\\\/#\\\/schema\\\/logo\\\/image\\\/\"},\"sameAs\":[\"https:\\\/\\\/www.facebook.com\\\/webdotn\",\"https:\\\/\\\/x.com\\\/webdo_tn\"],\"description\":\"Webdo est un m\u00e9dia num\u00e9rique tunisien fond\u00e9 en 2010, sp\u00e9cialis\u00e9 dans l\u2019actualit\u00e9 nationale et internationale, l\u2019\u00e9conomie, la soci\u00e9t\u00e9 et les analyses politiques. Le site s\u2019adresse \u00e0 un large public francophone et couvre l\u2019information tunisienne en temps r\u00e9el.\",\"email\":\"redac@webdo.tn\",\"legalName\":\"YNJ SARL\",\"foundingDate\":\"2010-09-06\",\"numberOfEmployees\":{\"@type\":\"QuantitativeValue\",\"minValue\":\"11\",\"maxValue\":\"50\"}},{\"@type\":\"Person\",\"@id\":\"https:\\\/\\\/www.webdo.tn\\\/fr\\\/#\\\/schema\\\/person\\\/9a9c6118d687c117df8ef3cc36a4d175\",\"name\":\"webdo.tn\",\"image\":{\"@type\":\"ImageObject\",\"inLanguage\":\"fr-FR\",\"@id\":\"https:\\\/\\\/secure.gravatar.com\\\/avatar\\\/7ce1f28c0c3bbac99ff550b85ef8e44a6950c6ee24514fb6a5489e51d06f0298?s=96&d=mm&r=g\",\"url\":\"https:\\\/\\\/secure.gravatar.com\\\/avatar\\\/7ce1f28c0c3bbac99ff550b85ef8e44a6950c6ee24514fb6a5489e51d06f0298?s=96&d=mm&r=g\",\"contentUrl\":\"https:\\\/\\\/secure.gravatar.com\\\/avatar\\\/7ce1f28c0c3bbac99ff550b85ef8e44a6950c6ee24514fb6a5489e51d06f0298?s=96&d=mm&r=g\",\"caption\":\"webdo.tn\"},\"url\":\"https:\\\/\\\/www.webdo.tn\\\/fr\\\/actualite\\\/author\\\/webdotn\\\/\"}]}<\/script>\n<!-- \/ Yoast SEO Premium plugin. -->","yoast_head_json":{"title":"A la recherche de la mati\u00e8re grise tunisienne","description":"A la recherche de la mati\u00e8re grise tunisienne","canonical":"https:\/\/www.webdo.tn\/fr\/actualite\/edito\/a-la-recherche-de-la-matiere-grise-tunisienne\/178923\/","og_locale":"fr_FR","og_type":"article","og_title":"A la recherche de la mati\u00e8re grise tunisienne","og_description":"A la recherche de la mati\u00e8re grise tunisienne","og_url":"https:\/\/www.webdo.tn\/fr\/actualite\/edito\/a-la-recherche-de-la-matiere-grise-tunisienne\/178923\/","og_site_name":"webdo","article_publisher":"https:\/\/www.facebook.com\/webdotn","article_published_time":"2018-10-08T08:54:00+00:00","article_modified_time":"2025-05-18T23:26:01+00:00","og_image":[{"width":750,"height":486,"url":"https:\/\/www.webdo.tn\/fr\/wp-content\/uploads\/2018\/10\/tunisien.jpg","type":"image\/jpeg"}],"author":"webdo.tn","twitter_card":"summary_large_image","twitter_creator":"@webdo_tn","twitter_site":"@webdo_tn","twitter_misc":{"\u00c9crit par":"webdo.tn","Dur\u00e9e de lecture estim\u00e9e":"3 minutes"},"schema":{"@context":"https:\/\/schema.org","@graph":[{"@type":"NewsArticle","@id":"https:\/\/www.webdo.tn\/fr\/actualite\/edito\/a-la-recherche-de-la-matiere-grise-tunisienne\/178923\/#article","isPartOf":{"@id":"https:\/\/www.webdo.tn\/fr\/actualite\/edito\/a-la-recherche-de-la-matiere-grise-tunisienne\/178923\/"},"author":{"name":"webdo.tn","@id":"https:\/\/www.webdo.tn\/fr\/#\/schema\/person\/9a9c6118d687c117df8ef3cc36a4d175"},"headline":"A la recherche de la mati\u00e8re grise tunisienne","datePublished":"2018-10-08T08:54:00+00:00","dateModified":"2025-05-18T23:26:01+00:00","mainEntityOfPage":{"@id":"https:\/\/www.webdo.tn\/fr\/actualite\/edito\/a-la-recherche-de-la-matiere-grise-tunisienne\/178923\/"},"wordCount":672,"commentCount":0,"publisher":{"@id":"https:\/\/www.webdo.tn\/fr\/#organization"},"image":{"@id":"https:\/\/www.webdo.tn\/fr\/actualite\/edito\/a-la-recherche-de-la-matiere-grise-tunisienne\/178923\/#primaryimage"},"thumbnailUrl":"https:\/\/www.webdo.tn\/fr\/wp-content\/uploads\/2018\/10\/tunisien.jpg","keywords":["guerre"],"articleSection":["Edito"],"inLanguage":"fr-FR"},{"@type":"WebPage","@id":"https:\/\/www.webdo.tn\/fr\/actualite\/edito\/a-la-recherche-de-la-matiere-grise-tunisienne\/178923\/","url":"https:\/\/www.webdo.tn\/fr\/actualite\/edito\/a-la-recherche-de-la-matiere-grise-tunisienne\/178923\/","name":"A la recherche de la mati\u00e8re grise tunisienne","isPartOf":{"@id":"https:\/\/www.webdo.tn\/fr\/#website"},"primaryImageOfPage":{"@id":"https:\/\/www.webdo.tn\/fr\/actualite\/edito\/a-la-recherche-de-la-matiere-grise-tunisienne\/178923\/#primaryimage"},"image":{"@id":"https:\/\/www.webdo.tn\/fr\/actualite\/edito\/a-la-recherche-de-la-matiere-grise-tunisienne\/178923\/#primaryimage"},"thumbnailUrl":"https:\/\/www.webdo.tn\/fr\/wp-content\/uploads\/2018\/10\/tunisien.jpg","datePublished":"2018-10-08T08:54:00+00:00","dateModified":"2025-05-18T23:26:01+00:00","description":"A la recherche de la mati\u00e8re grise tunisienne","breadcrumb":{"@id":"https:\/\/www.webdo.tn\/fr\/actualite\/edito\/a-la-recherche-de-la-matiere-grise-tunisienne\/178923\/#breadcrumb"},"inLanguage":"fr-FR","potentialAction":[{"@type":"ReadAction","target":["https:\/\/www.webdo.tn\/fr\/actualite\/edito\/a-la-recherche-de-la-matiere-grise-tunisienne\/178923\/"]}]},{"@type":"ImageObject","inLanguage":"fr-FR","@id":"https:\/\/www.webdo.tn\/fr\/actualite\/edito\/a-la-recherche-de-la-matiere-grise-tunisienne\/178923\/#primaryimage","url":"https:\/\/www.webdo.tn\/fr\/wp-content\/uploads\/2018\/10\/tunisien.jpg","contentUrl":"https:\/\/www.webdo.tn\/fr\/wp-content\/uploads\/2018\/10\/tunisien.jpg","width":750,"height":486,"caption":"A la recherche de la mati\u00e8re grise tunisienne"},{"@type":"BreadcrumbList","@id":"https:\/\/www.webdo.tn\/fr\/actualite\/edito\/a-la-recherche-de-la-matiere-grise-tunisienne\/178923\/#breadcrumb","itemListElement":[{"@type":"ListItem","position":1,"name":"Accueil","item":"https:\/\/www.webdo.tn\/fr\/"},{"@type":"ListItem","position":2,"name":"A la recherche de la mati\u00e8re grise tunisienne"}]},{"@type":"WebSite","@id":"https:\/\/www.webdo.tn\/fr\/#website","url":"https:\/\/www.webdo.tn\/fr\/","name":"webdo","description":"Tunisie - News en Tunisie et \u00e0 l&#039;international sur Webdo.tn","publisher":{"@id":"https:\/\/www.webdo.tn\/fr\/#organization"},"potentialAction":[{"@type":"SearchAction","target":{"@type":"EntryPoint","urlTemplate":"https:\/\/www.webdo.tn\/fr\/?s={search_term_string}"},"query-input":{"@type":"PropertyValueSpecification","valueRequired":true,"valueName":"search_term_string"}}],"inLanguage":"fr-FR"},{"@type":"Organization","@id":"https:\/\/www.webdo.tn\/fr\/#organization","name":"Webdo","alternateName":"Webdo.tn","url":"https:\/\/www.webdo.tn\/fr\/","logo":{"@type":"ImageObject","inLanguage":"fr-FR","@id":"https:\/\/www.webdo.tn\/fr\/#\/schema\/logo\/image\/","url":"https:\/\/www.webdo.tn\/fr\/wp-content\/uploads\/2025\/06\/Webdo-Tunisie_168377.jpg","contentUrl":"https:\/\/www.webdo.tn\/fr\/wp-content\/uploads\/2025\/06\/Webdo-Tunisie_168377.jpg","width":301,"height":301,"caption":"Webdo"},"image":{"@id":"https:\/\/www.webdo.tn\/fr\/#\/schema\/logo\/image\/"},"sameAs":["https:\/\/www.facebook.com\/webdotn","https:\/\/x.com\/webdo_tn"],"description":"Webdo est un m\u00e9dia num\u00e9rique tunisien fond\u00e9 en 2010, sp\u00e9cialis\u00e9 dans l\u2019actualit\u00e9 nationale et internationale, l\u2019\u00e9conomie, la soci\u00e9t\u00e9 et les analyses politiques. Le site s\u2019adresse \u00e0 un large public francophone et couvre l\u2019information tunisienne en temps r\u00e9el.","email":"redac@webdo.tn","legalName":"YNJ SARL","foundingDate":"2010-09-06","numberOfEmployees":{"@type":"QuantitativeValue","minValue":"11","maxValue":"50"}},{"@type":"Person","@id":"https:\/\/www.webdo.tn\/fr\/#\/schema\/person\/9a9c6118d687c117df8ef3cc36a4d175","name":"webdo.tn","image":{"@type":"ImageObject","inLanguage":"fr-FR","@id":"https:\/\/secure.gravatar.com\/avatar\/7ce1f28c0c3bbac99ff550b85ef8e44a6950c6ee24514fb6a5489e51d06f0298?s=96&d=mm&r=g","url":"https:\/\/secure.gravatar.com\/avatar\/7ce1f28c0c3bbac99ff550b85ef8e44a6950c6ee24514fb6a5489e51d06f0298?s=96&d=mm&r=g","contentUrl":"https:\/\/secure.gravatar.com\/avatar\/7ce1f28c0c3bbac99ff550b85ef8e44a6950c6ee24514fb6a5489e51d06f0298?s=96&d=mm&r=g","caption":"webdo.tn"},"url":"https:\/\/www.webdo.tn\/fr\/actualite\/author\/webdotn\/"}]}},"_links":{"self":[{"href":"https:\/\/www.webdo.tn\/fr\/wp-json\/wp\/v2\/posts\/178923","targetHints":{"allow":["GET"]}}],"collection":[{"href":"https:\/\/www.webdo.tn\/fr\/wp-json\/wp\/v2\/posts"}],"about":[{"href":"https:\/\/www.webdo.tn\/fr\/wp-json\/wp\/v2\/types\/post"}],"author":[{"embeddable":true,"href":"https:\/\/www.webdo.tn\/fr\/wp-json\/wp\/v2\/users\/3222"}],"replies":[{"embeddable":true,"href":"https:\/\/www.webdo.tn\/fr\/wp-json\/wp\/v2\/comments?post=178923"}],"version-history":[{"count":0,"href":"https:\/\/www.webdo.tn\/fr\/wp-json\/wp\/v2\/posts\/178923\/revisions"}],"wp:featuredmedia":[{"embeddable":true,"href":"https:\/\/www.webdo.tn\/fr\/wp-json\/wp\/v2\/media\/297776"}],"wp:attachment":[{"href":"https:\/\/www.webdo.tn\/fr\/wp-json\/wp\/v2\/media?parent=178923"}],"wp:term":[{"taxonomy":"category","embeddable":true,"href":"https:\/\/www.webdo.tn\/fr\/wp-json\/wp\/v2\/categories?post=178923"},{"taxonomy":"post_tag","embeddable":true,"href":"https:\/\/www.webdo.tn\/fr\/wp-json\/wp\/v2\/tags?post=178923"}],"curies":[{"name":"wp","href":"https:\/\/api.w.org\/{rel}","templated":true}]}}