{"id":178921,"date":"2018-11-10T10:09:00","date_gmt":"2018-11-10T10:09:00","guid":{"rendered":"https:\/\/www.webdo.tn\/fr\/blog\/la-magie-du-football-il-est-temps-de-voir-les-tunisiens-unis\/178921\/"},"modified":"2025-05-19T14:33:48","modified_gmt":"2025-05-19T14:33:48","slug":"la-magie-du-football-il-est-temps-de-voir-les-tunisiens-unis","status":"publish","type":"post","link":"https:\/\/www.webdo.tn\/fr\/actualite\/edito\/la-magie-du-football-il-est-temps-de-voir-les-tunisiens-unis\/178921\/","title":{"rendered":"La magie du Football : Il est temps de voir les Tunisiens unis !"},"content":{"rendered":"<p>Ce qu&rsquo;ont provoqu\u00e9 les tiraillements politiques et les faux d\u00e9bats t\u00e9l\u00e9vis\u00e9s durant plusieurs ann\u00e9es en divisant les Tunisiens, le football l&rsquo;a supprim\u00e9 en un clin d&rsquo;\u0153il.<\/p>\n<p>Hier vendredi 9 novembre, la Tunisie \u00e9tait unie autour d&rsquo;un seul club qui porte les couleurs de toute une nation, l&rsquo;Esp\u00e9rance Sportive de Tunis.<\/p>\n<p>En effet, c&rsquo;est l&rsquo;une des rares soir\u00e9es o\u00f9 on a vu tous les Tunisiens unis et joyeux suite \u00e0 une victoire sans pr\u00e9c\u00e9dent du club de Bab Souika face \u00e0 son adversaire Al-Ahly d&rsquo;Egypte, pour le compte de la finale de la Ligue des Champions d&rsquo;Afrique.<\/p>\n<p>Clubistes, Etoil\u00e9s, Sfaxiens, Bizertins, Gab\u00e9siens&#8230; tous \u00e9taient ensemble pour prouver que la Tunisie est bel et bien port\u00e9e par un peuple uni. Il suffisait d&rsquo;une seule victoire pour voir les deux rivaux \u00e9ternels, Clubistes et Esp\u00e9rantistes, sortir, main dans la main, pour f\u00eater cet exploit, qui est apr\u00e8s tout, une victoire de la Tunisie.<\/p>\n<p>Sur les r\u00e9seaux sociaux, les messages de fraternit\u00e9 partag\u00e9s avec plein d&rsquo;humour, donnent la chair de poule. En effet, on a m\u00eame vu des fanatiques du Club Africain ou de l&rsquo;Etoile Sportive du Sahel, f\u00eater cette victoire. Des sc\u00e8nes qui nous rappellent les victoires de la Tunisie en Coupe d&rsquo;Afrique, ou sa qualification \u00e0 la Coupe du Monde.<\/p>\n<p>Le peuple tunisien, avait besoin d&rsquo;une telle joie tant attendue. Il est temps de voir les Tunisiens unis en esp\u00e9rant que \u00e7a tienne !<\/p>\n","protected":false},"excerpt":{"rendered":"<p>La magie du Football : Il est temps de voir les Tunisiens unis !<\/p>\n","protected":false},"author":3222,"featured_media":297361,"comment_status":"open","ping_status":"closed","sticky":false,"template":"","format":"standard","meta":{"footnotes":""},"categories":[2589],"tags":[2600],"class_list":["post-178921","post","type-post","status-publish","format-standard","has-post-thumbnail","hentry","category-edito","tag-guerre"],"yoast_head":"<!-- This site is optimized with the Yoast SEO Premium plugin v27.5 (Yoast SEO v27.5) - https:\/\/yoast.com\/product\/yoast-seo-premium-wordpress\/ -->\n<title>La magie du Football : Il est temps de voir les Tunisiens unis !<\/title>\n<meta name=\"description\" content=\"La magie du Football : Il est temps de voir les Tunisiens unis !\" \/>\n<link rel=\"canonical\" href=\"https:\/\/www.webdo.tn\/fr\/actualite\/edito\/la-magie-du-football-il-est-temps-de-voir-les-tunisiens-unis\/178921\/\" \/>\n<meta property=\"og:locale\" content=\"fr_FR\" \/>\n<meta property=\"og:type\" content=\"article\" \/>\n<meta property=\"og:title\" content=\"La magie du Football : Il est temps de voir les Tunisiens unis !\" \/>\n<meta property=\"og:description\" content=\"La magie du Football : Il est temps de voir les Tunisiens unis !\" \/>\n<meta property=\"og:url\" content=\"https:\/\/www.webdo.tn\/fr\/actualite\/edito\/la-magie-du-football-il-est-temps-de-voir-les-tunisiens-unis\/178921\/\" \/>\n<meta property=\"og:site_name\" content=\"webdo\" \/>\n<meta property=\"article:publisher\" content=\"https:\/\/www.facebook.com\/webdotn\" \/>\n<meta property=\"article:published_time\" content=\"2018-11-10T10:09:00+00:00\" \/>\n<meta property=\"article:modified_time\" content=\"2025-05-19T14:33:48+00:00\" \/>\n<meta property=\"og:image\" content=\"https:\/\/www.webdo.tn\/fr\/wp-content\/uploads\/2018\/11\/ss-1.jpg\" \/>\n\t<meta property=\"og:image:width\" content=\"534\" \/>\n\t<meta property=\"og:image:height\" content=\"384\" \/>\n\t<meta property=\"og:image:type\" content=\"image\/jpeg\" \/>\n<meta name=\"author\" content=\"webdo.tn\" \/>\n<meta name=\"twitter:card\" content=\"summary_large_image\" \/>\n<meta name=\"twitter:creator\" content=\"@webdo_tn\" \/>\n<meta name=\"twitter:site\" content=\"@webdo_tn\" \/>\n<meta name=\"twitter:label1\" content=\"\u00c9crit par\" \/>\n\t<meta name=\"twitter:data1\" content=\"webdo.tn\" \/>\n\t<meta name=\"twitter:label2\" content=\"Dur\u00e9e de lecture estim\u00e9e\" \/>\n\t<meta name=\"twitter:data2\" content=\"1 minute\" \/>\n<script type=\"application\/ld+json\" class=\"yoast-schema-graph\">{\"@context\":\"https:\\\/\\\/schema.org\",\"@graph\":[{\"@type\":\"NewsArticle\",\"@id\":\"https:\\\/\\\/www.webdo.tn\\\/fr\\\/actualite\\\/edito\\\/la-magie-du-football-il-est-temps-de-voir-les-tunisiens-unis\\\/178921\\\/#article\",\"isPartOf\":{\"@id\":\"https:\\\/\\\/www.webdo.tn\\\/fr\\\/actualite\\\/edito\\\/la-magie-du-football-il-est-temps-de-voir-les-tunisiens-unis\\\/178921\\\/\"},\"author\":{\"name\":\"webdo.tn\",\"@id\":\"https:\\\/\\\/www.webdo.tn\\\/fr\\\/#\\\/schema\\\/person\\\/9a9c6118d687c117df8ef3cc36a4d175\"},\"headline\":\"La magie du Football : Il est temps de voir les Tunisiens unis !\",\"datePublished\":\"2018-11-10T10:09:00+00:00\",\"dateModified\":\"2025-05-19T14:33:48+00:00\",\"mainEntityOfPage\":{\"@id\":\"https:\\\/\\\/www.webdo.tn\\\/fr\\\/actualite\\\/edito\\\/la-magie-du-football-il-est-temps-de-voir-les-tunisiens-unis\\\/178921\\\/\"},\"wordCount\":274,\"commentCount\":0,\"publisher\":{\"@id\":\"https:\\\/\\\/www.webdo.tn\\\/fr\\\/#organization\"},\"image\":{\"@id\":\"https:\\\/\\\/www.webdo.tn\\\/fr\\\/actualite\\\/edito\\\/la-magie-du-football-il-est-temps-de-voir-les-tunisiens-unis\\\/178921\\\/#primaryimage\"},\"thumbnailUrl\":\"https:\\\/\\\/www.webdo.tn\\\/fr\\\/wp-content\\\/uploads\\\/2018\\\/11\\\/ss-1.jpg\",\"keywords\":[\"guerre\"],\"articleSection\":[\"Edito\"],\"inLanguage\":\"fr-FR\"},{\"@type\":\"WebPage\",\"@id\":\"https:\\\/\\\/www.webdo.tn\\\/fr\\\/actualite\\\/edito\\\/la-magie-du-football-il-est-temps-de-voir-les-tunisiens-unis\\\/178921\\\/\",\"url\":\"https:\\\/\\\/www.webdo.tn\\\/fr\\\/actualite\\\/edito\\\/la-magie-du-football-il-est-temps-de-voir-les-tunisiens-unis\\\/178921\\\/\",\"name\":\"La magie du Football : Il est temps de voir les Tunisiens unis !\",\"isPartOf\":{\"@id\":\"https:\\\/\\\/www.webdo.tn\\\/fr\\\/#website\"},\"primaryImageOfPage\":{\"@id\":\"https:\\\/\\\/www.webdo.tn\\\/fr\\\/actualite\\\/edito\\\/la-magie-du-football-il-est-temps-de-voir-les-tunisiens-unis\\\/178921\\\/#primaryimage\"},\"image\":{\"@id\":\"https:\\\/\\\/www.webdo.tn\\\/fr\\\/actualite\\\/edito\\\/la-magie-du-football-il-est-temps-de-voir-les-tunisiens-unis\\\/178921\\\/#primaryimage\"},\"thumbnailUrl\":\"https:\\\/\\\/www.webdo.tn\\\/fr\\\/wp-content\\\/uploads\\\/2018\\\/11\\\/ss-1.jpg\",\"datePublished\":\"2018-11-10T10:09:00+00:00\",\"dateModified\":\"2025-05-19T14:33:48+00:00\",\"description\":\"La magie du Football : Il est temps de voir les Tunisiens unis !\",\"breadcrumb\":{\"@id\":\"https:\\\/\\\/www.webdo.tn\\\/fr\\\/actualite\\\/edito\\\/la-magie-du-football-il-est-temps-de-voir-les-tunisiens-unis\\\/178921\\\/#breadcrumb\"},\"inLanguage\":\"fr-FR\",\"potentialAction\":[{\"@type\":\"ReadAction\",\"target\":[\"https:\\\/\\\/www.webdo.tn\\\/fr\\\/actualite\\\/edito\\\/la-magie-du-football-il-est-temps-de-voir-les-tunisiens-unis\\\/178921\\\/\"]}]},{\"@type\":\"ImageObject\",\"inLanguage\":\"fr-FR\",\"@id\":\"https:\\\/\\\/www.webdo.tn\\\/fr\\\/actualite\\\/edito\\\/la-magie-du-football-il-est-temps-de-voir-les-tunisiens-unis\\\/178921\\\/#primaryimage\",\"url\":\"https:\\\/\\\/www.webdo.tn\\\/fr\\\/wp-content\\\/uploads\\\/2018\\\/11\\\/ss-1.jpg\",\"contentUrl\":\"https:\\\/\\\/www.webdo.tn\\\/fr\\\/wp-content\\\/uploads\\\/2018\\\/11\\\/ss-1.jpg\",\"width\":534,\"height\":384,\"caption\":\"La magie du Football : Il est temps de voir les Tunisiens unis !\"},{\"@type\":\"BreadcrumbList\",\"@id\":\"https:\\\/\\\/www.webdo.tn\\\/fr\\\/actualite\\\/edito\\\/la-magie-du-football-il-est-temps-de-voir-les-tunisiens-unis\\\/178921\\\/#breadcrumb\",\"itemListElement\":[{\"@type\":\"ListItem\",\"position\":1,\"name\":\"Accueil\",\"item\":\"https:\\\/\\\/www.webdo.tn\\\/fr\\\/\"},{\"@type\":\"ListItem\",\"position\":2,\"name\":\"La magie du Football : Il est temps de voir les Tunisiens unis !\"}]},{\"@type\":\"WebSite\",\"@id\":\"https:\\\/\\\/www.webdo.tn\\\/fr\\\/#website\",\"url\":\"https:\\\/\\\/www.webdo.tn\\\/fr\\\/\",\"name\":\"webdo\",\"description\":\"Tunisie - News en Tunisie et \u00e0 l&#039;international sur Webdo.tn\",\"publisher\":{\"@id\":\"https:\\\/\\\/www.webdo.tn\\\/fr\\\/#organization\"},\"potentialAction\":[{\"@type\":\"SearchAction\",\"target\":{\"@type\":\"EntryPoint\",\"urlTemplate\":\"https:\\\/\\\/www.webdo.tn\\\/fr\\\/?s={search_term_string}\"},\"query-input\":{\"@type\":\"PropertyValueSpecification\",\"valueRequired\":true,\"valueName\":\"search_term_string\"}}],\"inLanguage\":\"fr-FR\"},{\"@type\":\"Organization\",\"@id\":\"https:\\\/\\\/www.webdo.tn\\\/fr\\\/#organization\",\"name\":\"Webdo\",\"alternateName\":\"Webdo.tn\",\"url\":\"https:\\\/\\\/www.webdo.tn\\\/fr\\\/\",\"logo\":{\"@type\":\"ImageObject\",\"inLanguage\":\"fr-FR\",\"@id\":\"https:\\\/\\\/www.webdo.tn\\\/fr\\\/#\\\/schema\\\/logo\\\/image\\\/\",\"url\":\"https:\\\/\\\/www.webdo.tn\\\/fr\\\/wp-content\\\/uploads\\\/2025\\\/06\\\/Webdo-Tunisie_168377.jpg\",\"contentUrl\":\"https:\\\/\\\/www.webdo.tn\\\/fr\\\/wp-content\\\/uploads\\\/2025\\\/06\\\/Webdo-Tunisie_168377.jpg\",\"width\":301,\"height\":301,\"caption\":\"Webdo\"},\"image\":{\"@id\":\"https:\\\/\\\/www.webdo.tn\\\/fr\\\/#\\\/schema\\\/logo\\\/image\\\/\"},\"sameAs\":[\"https:\\\/\\\/www.facebook.com\\\/webdotn\",\"https:\\\/\\\/x.com\\\/webdo_tn\"],\"description\":\"Webdo est un m\u00e9dia num\u00e9rique tunisien fond\u00e9 en 2010, sp\u00e9cialis\u00e9 dans l\u2019actualit\u00e9 nationale et internationale, l\u2019\u00e9conomie, la soci\u00e9t\u00e9 et les analyses politiques. Le site s\u2019adresse \u00e0 un large public francophone et couvre l\u2019information tunisienne en temps r\u00e9el.\",\"email\":\"redac@webdo.tn\",\"legalName\":\"YNJ SARL\",\"foundingDate\":\"2010-09-06\",\"numberOfEmployees\":{\"@type\":\"QuantitativeValue\",\"minValue\":\"11\",\"maxValue\":\"50\"}},{\"@type\":\"Person\",\"@id\":\"https:\\\/\\\/www.webdo.tn\\\/fr\\\/#\\\/schema\\\/person\\\/9a9c6118d687c117df8ef3cc36a4d175\",\"name\":\"webdo.tn\",\"image\":{\"@type\":\"ImageObject\",\"inLanguage\":\"fr-FR\",\"@id\":\"https:\\\/\\\/secure.gravatar.com\\\/avatar\\\/7ce1f28c0c3bbac99ff550b85ef8e44a6950c6ee24514fb6a5489e51d06f0298?s=96&d=mm&r=g\",\"url\":\"https:\\\/\\\/secure.gravatar.com\\\/avatar\\\/7ce1f28c0c3bbac99ff550b85ef8e44a6950c6ee24514fb6a5489e51d06f0298?s=96&d=mm&r=g\",\"contentUrl\":\"https:\\\/\\\/secure.gravatar.com\\\/avatar\\\/7ce1f28c0c3bbac99ff550b85ef8e44a6950c6ee24514fb6a5489e51d06f0298?s=96&d=mm&r=g\",\"caption\":\"webdo.tn\"},\"url\":\"https:\\\/\\\/www.webdo.tn\\\/fr\\\/actualite\\\/author\\\/webdotn\\\/\"}]}<\/script>\n<!-- \/ Yoast SEO Premium plugin. -->","yoast_head_json":{"title":"La magie du Football : Il est temps de voir les Tunisiens unis !","description":"La magie du Football : Il est temps de voir les Tunisiens unis !","canonical":"https:\/\/www.webdo.tn\/fr\/actualite\/edito\/la-magie-du-football-il-est-temps-de-voir-les-tunisiens-unis\/178921\/","og_locale":"fr_FR","og_type":"article","og_title":"La magie du Football : Il est temps de voir les Tunisiens unis !","og_description":"La magie du Football : Il est temps de voir les Tunisiens unis !","og_url":"https:\/\/www.webdo.tn\/fr\/actualite\/edito\/la-magie-du-football-il-est-temps-de-voir-les-tunisiens-unis\/178921\/","og_site_name":"webdo","article_publisher":"https:\/\/www.facebook.com\/webdotn","article_published_time":"2018-11-10T10:09:00+00:00","article_modified_time":"2025-05-19T14:33:48+00:00","og_image":[{"width":534,"height":384,"url":"https:\/\/www.webdo.tn\/fr\/wp-content\/uploads\/2018\/11\/ss-1.jpg","type":"image\/jpeg"}],"author":"webdo.tn","twitter_card":"summary_large_image","twitter_creator":"@webdo_tn","twitter_site":"@webdo_tn","twitter_misc":{"\u00c9crit par":"webdo.tn","Dur\u00e9e de lecture estim\u00e9e":"1 minute"},"schema":{"@context":"https:\/\/schema.org","@graph":[{"@type":"NewsArticle","@id":"https:\/\/www.webdo.tn\/fr\/actualite\/edito\/la-magie-du-football-il-est-temps-de-voir-les-tunisiens-unis\/178921\/#article","isPartOf":{"@id":"https:\/\/www.webdo.tn\/fr\/actualite\/edito\/la-magie-du-football-il-est-temps-de-voir-les-tunisiens-unis\/178921\/"},"author":{"name":"webdo.tn","@id":"https:\/\/www.webdo.tn\/fr\/#\/schema\/person\/9a9c6118d687c117df8ef3cc36a4d175"},"headline":"La magie du Football : Il est temps de voir les Tunisiens unis !","datePublished":"2018-11-10T10:09:00+00:00","dateModified":"2025-05-19T14:33:48+00:00","mainEntityOfPage":{"@id":"https:\/\/www.webdo.tn\/fr\/actualite\/edito\/la-magie-du-football-il-est-temps-de-voir-les-tunisiens-unis\/178921\/"},"wordCount":274,"commentCount":0,"publisher":{"@id":"https:\/\/www.webdo.tn\/fr\/#organization"},"image":{"@id":"https:\/\/www.webdo.tn\/fr\/actualite\/edito\/la-magie-du-football-il-est-temps-de-voir-les-tunisiens-unis\/178921\/#primaryimage"},"thumbnailUrl":"https:\/\/www.webdo.tn\/fr\/wp-content\/uploads\/2018\/11\/ss-1.jpg","keywords":["guerre"],"articleSection":["Edito"],"inLanguage":"fr-FR"},{"@type":"WebPage","@id":"https:\/\/www.webdo.tn\/fr\/actualite\/edito\/la-magie-du-football-il-est-temps-de-voir-les-tunisiens-unis\/178921\/","url":"https:\/\/www.webdo.tn\/fr\/actualite\/edito\/la-magie-du-football-il-est-temps-de-voir-les-tunisiens-unis\/178921\/","name":"La magie du Football : Il est temps de voir les Tunisiens unis !","isPartOf":{"@id":"https:\/\/www.webdo.tn\/fr\/#website"},"primaryImageOfPage":{"@id":"https:\/\/www.webdo.tn\/fr\/actualite\/edito\/la-magie-du-football-il-est-temps-de-voir-les-tunisiens-unis\/178921\/#primaryimage"},"image":{"@id":"https:\/\/www.webdo.tn\/fr\/actualite\/edito\/la-magie-du-football-il-est-temps-de-voir-les-tunisiens-unis\/178921\/#primaryimage"},"thumbnailUrl":"https:\/\/www.webdo.tn\/fr\/wp-content\/uploads\/2018\/11\/ss-1.jpg","datePublished":"2018-11-10T10:09:00+00:00","dateModified":"2025-05-19T14:33:48+00:00","description":"La magie du Football : Il est temps de voir les Tunisiens unis !","breadcrumb":{"@id":"https:\/\/www.webdo.tn\/fr\/actualite\/edito\/la-magie-du-football-il-est-temps-de-voir-les-tunisiens-unis\/178921\/#breadcrumb"},"inLanguage":"fr-FR","potentialAction":[{"@type":"ReadAction","target":["https:\/\/www.webdo.tn\/fr\/actualite\/edito\/la-magie-du-football-il-est-temps-de-voir-les-tunisiens-unis\/178921\/"]}]},{"@type":"ImageObject","inLanguage":"fr-FR","@id":"https:\/\/www.webdo.tn\/fr\/actualite\/edito\/la-magie-du-football-il-est-temps-de-voir-les-tunisiens-unis\/178921\/#primaryimage","url":"https:\/\/www.webdo.tn\/fr\/wp-content\/uploads\/2018\/11\/ss-1.jpg","contentUrl":"https:\/\/www.webdo.tn\/fr\/wp-content\/uploads\/2018\/11\/ss-1.jpg","width":534,"height":384,"caption":"La magie du Football : Il est temps de voir les Tunisiens unis !"},{"@type":"BreadcrumbList","@id":"https:\/\/www.webdo.tn\/fr\/actualite\/edito\/la-magie-du-football-il-est-temps-de-voir-les-tunisiens-unis\/178921\/#breadcrumb","itemListElement":[{"@type":"ListItem","position":1,"name":"Accueil","item":"https:\/\/www.webdo.tn\/fr\/"},{"@type":"ListItem","position":2,"name":"La magie du Football : Il est temps de voir les Tunisiens unis !"}]},{"@type":"WebSite","@id":"https:\/\/www.webdo.tn\/fr\/#website","url":"https:\/\/www.webdo.tn\/fr\/","name":"webdo","description":"Tunisie - News en Tunisie et \u00e0 l&#039;international sur Webdo.tn","publisher":{"@id":"https:\/\/www.webdo.tn\/fr\/#organization"},"potentialAction":[{"@type":"SearchAction","target":{"@type":"EntryPoint","urlTemplate":"https:\/\/www.webdo.tn\/fr\/?s={search_term_string}"},"query-input":{"@type":"PropertyValueSpecification","valueRequired":true,"valueName":"search_term_string"}}],"inLanguage":"fr-FR"},{"@type":"Organization","@id":"https:\/\/www.webdo.tn\/fr\/#organization","name":"Webdo","alternateName":"Webdo.tn","url":"https:\/\/www.webdo.tn\/fr\/","logo":{"@type":"ImageObject","inLanguage":"fr-FR","@id":"https:\/\/www.webdo.tn\/fr\/#\/schema\/logo\/image\/","url":"https:\/\/www.webdo.tn\/fr\/wp-content\/uploads\/2025\/06\/Webdo-Tunisie_168377.jpg","contentUrl":"https:\/\/www.webdo.tn\/fr\/wp-content\/uploads\/2025\/06\/Webdo-Tunisie_168377.jpg","width":301,"height":301,"caption":"Webdo"},"image":{"@id":"https:\/\/www.webdo.tn\/fr\/#\/schema\/logo\/image\/"},"sameAs":["https:\/\/www.facebook.com\/webdotn","https:\/\/x.com\/webdo_tn"],"description":"Webdo est un m\u00e9dia num\u00e9rique tunisien fond\u00e9 en 2010, sp\u00e9cialis\u00e9 dans l\u2019actualit\u00e9 nationale et internationale, l\u2019\u00e9conomie, la soci\u00e9t\u00e9 et les analyses politiques. Le site s\u2019adresse \u00e0 un large public francophone et couvre l\u2019information tunisienne en temps r\u00e9el.","email":"redac@webdo.tn","legalName":"YNJ SARL","foundingDate":"2010-09-06","numberOfEmployees":{"@type":"QuantitativeValue","minValue":"11","maxValue":"50"}},{"@type":"Person","@id":"https:\/\/www.webdo.tn\/fr\/#\/schema\/person\/9a9c6118d687c117df8ef3cc36a4d175","name":"webdo.tn","image":{"@type":"ImageObject","inLanguage":"fr-FR","@id":"https:\/\/secure.gravatar.com\/avatar\/7ce1f28c0c3bbac99ff550b85ef8e44a6950c6ee24514fb6a5489e51d06f0298?s=96&d=mm&r=g","url":"https:\/\/secure.gravatar.com\/avatar\/7ce1f28c0c3bbac99ff550b85ef8e44a6950c6ee24514fb6a5489e51d06f0298?s=96&d=mm&r=g","contentUrl":"https:\/\/secure.gravatar.com\/avatar\/7ce1f28c0c3bbac99ff550b85ef8e44a6950c6ee24514fb6a5489e51d06f0298?s=96&d=mm&r=g","caption":"webdo.tn"},"url":"https:\/\/www.webdo.tn\/fr\/actualite\/author\/webdotn\/"}]}},"_links":{"self":[{"href":"https:\/\/www.webdo.tn\/fr\/wp-json\/wp\/v2\/posts\/178921","targetHints":{"allow":["GET"]}}],"collection":[{"href":"https:\/\/www.webdo.tn\/fr\/wp-json\/wp\/v2\/posts"}],"about":[{"href":"https:\/\/www.webdo.tn\/fr\/wp-json\/wp\/v2\/types\/post"}],"author":[{"embeddable":true,"href":"https:\/\/www.webdo.tn\/fr\/wp-json\/wp\/v2\/users\/3222"}],"replies":[{"embeddable":true,"href":"https:\/\/www.webdo.tn\/fr\/wp-json\/wp\/v2\/comments?post=178921"}],"version-history":[{"count":0,"href":"https:\/\/www.webdo.tn\/fr\/wp-json\/wp\/v2\/posts\/178921\/revisions"}],"wp:featuredmedia":[{"embeddable":true,"href":"https:\/\/www.webdo.tn\/fr\/wp-json\/wp\/v2\/media\/297361"}],"wp:attachment":[{"href":"https:\/\/www.webdo.tn\/fr\/wp-json\/wp\/v2\/media?parent=178921"}],"wp:term":[{"taxonomy":"category","embeddable":true,"href":"https:\/\/www.webdo.tn\/fr\/wp-json\/wp\/v2\/categories?post=178921"},{"taxonomy":"post_tag","embeddable":true,"href":"https:\/\/www.webdo.tn\/fr\/wp-json\/wp\/v2\/tags?post=178921"}],"curies":[{"name":"wp","href":"https:\/\/api.w.org\/{rel}","templated":true}]}}