{"id":178700,"date":"2011-02-11T12:49:00","date_gmt":"2011-02-11T12:49:00","guid":{"rendered":"https:\/\/www.webdo.tn\/fr\/actualite\/blog\/quand-le-site-dorange-censure-une-photo-de-ben-ali\/178700\/"},"modified":"2011-02-11T12:49:00","modified_gmt":"2011-02-11T12:49:00","slug":"quand-le-site-dorange-censure-une-photo-de-ben-ali","status":"publish","type":"post","link":"https:\/\/www.webdo.tn\/fr\/actualite\/divers\/quand-le-site-dorange-censure-une-photo-de-ben-ali\/178700\/","title":{"rendered":"Quand le site d&rsquo;Orange censure une photo de Ben Ali\u2026"},"content":{"rendered":"<p>Tout le monde essaye de se d\u00e9barrasser de tout ce qui a un lien de pr\u00e8s ou de loin avec l\u2019ex-pr\u00e9sident et dictateur tunisien Ben Ali. Tout le monde, m\u00eame Marouane Mabrouk, pr\u00e9sident de la filiale tunisienne d&rsquo;Orange et gendre de Ben Ali qui ne veut plus \u00eatre assimil\u00e9 \u00e0 son dictateur de beau-p\u00e8re. Fuyant tout ce qui peut l\u2019associer \u00e0 sa belle-famille comme on fuit la peste ou la rage, Marouane Mabrouk a d\u00e9j\u00e0 rappel\u00e9, \u00e0 qui veut l&rsquo;entendre, qu\u2019il est s\u00e9par\u00e9 depuis plus d\u2019un an de Cyrine, la fille de Ben Ali, et qu\u2019il est m\u00eame en instance de divorce.<\/p>\n<p>Mais cette obsession \u00e0 couper les liens avec la famille la plus d\u00e9test\u00e9e de Tunisie ne s\u2019arr\u00eate pas l\u00e0. En effet, Marouane Mabrouk ou un de ses collaborateurs est all\u00e9 m\u00eame jusqu\u2019\u00e0 fouiller dans les archives pour retrouver une photo de lui le jour de son discours inaugural de Orange Tunisie (retrouv\u00e9 sur le site de WMC comme le montre la photo juste plus haut).<\/p>\n<p>Bien \u00e9videmment, comme le veut la tradition, il se tenait devant le portrait de son beau-p\u00e8re. Mais depuis quelques heures, magie de l\u2019Internet, le portrait du pr\u00e9sident d\u00e9chu a tout bonnement disparu derri\u00e8re Marouane Mabrouk sur ce m\u00eame article. Photoshop est pass\u00e9 par l\u00e0. Ce d\u00e9tail n&rsquo;a pas \u00e9chapp\u00e9 au journaliste de Mediapart, Mathieu Magnaudeix, qui a imm\u00e9diatement rapport\u00e9 le fait sur son blog. Mais ce n&rsquo;est pas tout. Voyant que la retouche de la photo \u00e9tait trop flagrante, celle-ci a \u00e9t\u00e9 retir\u00e9e et remplac\u00e9 par un plan serr\u00e9 de Mabrouk.<\/p>\n<p>D\u00e9cid\u00e9ment Marouane Mabrouk n&rsquo;en finit plus d&rsquo;alimenter les critiques. Ainsi, apr\u00e8s l&rsquo;affaire des notes de Hakim El Karoui \u00e0 Ben Ali, sur demande personnelle de l&rsquo;actionnaire majoritaire d&rsquo;Orange, le voil\u00e0 qui tente d&rsquo;effacer de notre m\u00e9moire qu&rsquo;il n&rsquo;a jamais eu de lien direct avec la famille Ben Ali.<\/p>\n<p>D&rsquo;autre part, l&rsquo;article du journaliste Mathieu Magnaudeix sur cette histoire de photo sur le site d&rsquo;Orange nous pousse \u00e0 nous demander si les journalistes de Mediapart s&rsquo;acharneraient sur Mabrouk ?<\/p>\n","protected":false},"excerpt":{"rendered":"<p>Quand le site d&rsquo;Orange censure une photo de Ben Ali\u2026<\/p>\n","protected":false},"author":3222,"featured_media":365595,"comment_status":"open","ping_status":"closed","sticky":false,"template":"","format":"standard","meta":{"footnotes":""},"categories":[2839],"tags":[],"class_list":["post-178700","post","type-post","status-publish","format-standard","has-post-thumbnail","hentry","category-divers"],"yoast_head":"<!-- This site is optimized with the Yoast SEO Premium plugin v27.4 (Yoast SEO v27.4) - https:\/\/yoast.com\/product\/yoast-seo-premium-wordpress\/ -->\n<title>Quand le site d&#039;Orange censure une photo de Ben Ali\u2026<\/title>\n<meta name=\"description\" content=\"Quand le site d&#039;Orange censure une photo de Ben Ali\u2026\" \/>\n<link rel=\"canonical\" href=\"https:\/\/www.webdo.tn\/fr\/actualite\/divers\/quand-le-site-dorange-censure-une-photo-de-ben-ali\/178700\/\" \/>\n<meta property=\"og:locale\" content=\"fr_FR\" \/>\n<meta property=\"og:type\" content=\"article\" \/>\n<meta property=\"og:title\" content=\"Quand le site d&#039;Orange censure une photo de Ben Ali\u2026\" \/>\n<meta property=\"og:description\" content=\"Quand le site d&#039;Orange censure une photo de Ben Ali\u2026\" \/>\n<meta property=\"og:url\" content=\"https:\/\/www.webdo.tn\/fr\/actualite\/divers\/quand-le-site-dorange-censure-une-photo-de-ben-ali\/178700\/\" \/>\n<meta property=\"og:site_name\" content=\"webdo\" \/>\n<meta property=\"article:publisher\" content=\"https:\/\/www.facebook.com\/webdotn\" \/>\n<meta property=\"article:published_time\" content=\"2011-02-11T12:49:00+00:00\" \/>\n<meta property=\"og:image\" content=\"https:\/\/www.webdo.tn\/fr\/wp-content\/uploads\/2011\/02\/wmc2-150x150-1.jpg\" \/>\n\t<meta property=\"og:image:width\" content=\"150\" \/>\n\t<meta property=\"og:image:height\" content=\"150\" \/>\n\t<meta property=\"og:image:type\" content=\"image\/jpeg\" \/>\n<meta name=\"author\" content=\"webdo.tn\" \/>\n<meta name=\"twitter:card\" content=\"summary_large_image\" \/>\n<meta name=\"twitter:creator\" content=\"@webdo_tn\" \/>\n<meta name=\"twitter:site\" content=\"@webdo_tn\" \/>\n<meta name=\"twitter:label1\" content=\"\u00c9crit par\" \/>\n\t<meta name=\"twitter:data1\" content=\"webdo.tn\" \/>\n\t<meta name=\"twitter:label2\" content=\"Dur\u00e9e de lecture estim\u00e9e\" \/>\n\t<meta name=\"twitter:data2\" content=\"2 minutes\" \/>\n<script type=\"application\/ld+json\" class=\"yoast-schema-graph\">{\"@context\":\"https:\\\/\\\/schema.org\",\"@graph\":[{\"@type\":\"NewsArticle\",\"@id\":\"https:\\\/\\\/www.webdo.tn\\\/fr\\\/actualite\\\/divers\\\/quand-le-site-dorange-censure-une-photo-de-ben-ali\\\/178700\\\/#article\",\"isPartOf\":{\"@id\":\"https:\\\/\\\/www.webdo.tn\\\/fr\\\/actualite\\\/divers\\\/quand-le-site-dorange-censure-une-photo-de-ben-ali\\\/178700\\\/\"},\"author\":{\"name\":\"webdo.tn\",\"@id\":\"https:\\\/\\\/www.webdo.tn\\\/fr\\\/#\\\/schema\\\/person\\\/9a9c6118d687c117df8ef3cc36a4d175\"},\"headline\":\"Quand le site d&rsquo;Orange censure une photo de Ben Ali\u2026\",\"datePublished\":\"2011-02-11T12:49:00+00:00\",\"mainEntityOfPage\":{\"@id\":\"https:\\\/\\\/www.webdo.tn\\\/fr\\\/actualite\\\/divers\\\/quand-le-site-dorange-censure-une-photo-de-ben-ali\\\/178700\\\/\"},\"wordCount\":388,\"commentCount\":0,\"publisher\":{\"@id\":\"https:\\\/\\\/www.webdo.tn\\\/fr\\\/#organization\"},\"image\":{\"@id\":\"https:\\\/\\\/www.webdo.tn\\\/fr\\\/actualite\\\/divers\\\/quand-le-site-dorange-censure-une-photo-de-ben-ali\\\/178700\\\/#primaryimage\"},\"thumbnailUrl\":\"https:\\\/\\\/www.webdo.tn\\\/fr\\\/wp-content\\\/uploads\\\/2011\\\/02\\\/wmc2-150x150-1.jpg\",\"articleSection\":[\"Divers\"],\"inLanguage\":\"fr-FR\"},{\"@type\":\"WebPage\",\"@id\":\"https:\\\/\\\/www.webdo.tn\\\/fr\\\/actualite\\\/divers\\\/quand-le-site-dorange-censure-une-photo-de-ben-ali\\\/178700\\\/\",\"url\":\"https:\\\/\\\/www.webdo.tn\\\/fr\\\/actualite\\\/divers\\\/quand-le-site-dorange-censure-une-photo-de-ben-ali\\\/178700\\\/\",\"name\":\"Quand le site d'Orange censure une photo de Ben Ali\u2026\",\"isPartOf\":{\"@id\":\"https:\\\/\\\/www.webdo.tn\\\/fr\\\/#website\"},\"primaryImageOfPage\":{\"@id\":\"https:\\\/\\\/www.webdo.tn\\\/fr\\\/actualite\\\/divers\\\/quand-le-site-dorange-censure-une-photo-de-ben-ali\\\/178700\\\/#primaryimage\"},\"image\":{\"@id\":\"https:\\\/\\\/www.webdo.tn\\\/fr\\\/actualite\\\/divers\\\/quand-le-site-dorange-censure-une-photo-de-ben-ali\\\/178700\\\/#primaryimage\"},\"thumbnailUrl\":\"https:\\\/\\\/www.webdo.tn\\\/fr\\\/wp-content\\\/uploads\\\/2011\\\/02\\\/wmc2-150x150-1.jpg\",\"datePublished\":\"2011-02-11T12:49:00+00:00\",\"description\":\"Quand le site d'Orange censure une photo de Ben Ali\u2026\",\"breadcrumb\":{\"@id\":\"https:\\\/\\\/www.webdo.tn\\\/fr\\\/actualite\\\/divers\\\/quand-le-site-dorange-censure-une-photo-de-ben-ali\\\/178700\\\/#breadcrumb\"},\"inLanguage\":\"fr-FR\",\"potentialAction\":[{\"@type\":\"ReadAction\",\"target\":[\"https:\\\/\\\/www.webdo.tn\\\/fr\\\/actualite\\\/divers\\\/quand-le-site-dorange-censure-une-photo-de-ben-ali\\\/178700\\\/\"]}]},{\"@type\":\"ImageObject\",\"inLanguage\":\"fr-FR\",\"@id\":\"https:\\\/\\\/www.webdo.tn\\\/fr\\\/actualite\\\/divers\\\/quand-le-site-dorange-censure-une-photo-de-ben-ali\\\/178700\\\/#primaryimage\",\"url\":\"https:\\\/\\\/www.webdo.tn\\\/fr\\\/wp-content\\\/uploads\\\/2011\\\/02\\\/wmc2-150x150-1.jpg\",\"contentUrl\":\"https:\\\/\\\/www.webdo.tn\\\/fr\\\/wp-content\\\/uploads\\\/2011\\\/02\\\/wmc2-150x150-1.jpg\",\"width\":150,\"height\":150,\"caption\":\"Quand le site d'Orange censure une photo de Ben Ali\u2026\"},{\"@type\":\"BreadcrumbList\",\"@id\":\"https:\\\/\\\/www.webdo.tn\\\/fr\\\/actualite\\\/divers\\\/quand-le-site-dorange-censure-une-photo-de-ben-ali\\\/178700\\\/#breadcrumb\",\"itemListElement\":[{\"@type\":\"ListItem\",\"position\":1,\"name\":\"Accueil\",\"item\":\"https:\\\/\\\/www.webdo.tn\\\/fr\\\/\"},{\"@type\":\"ListItem\",\"position\":2,\"name\":\"Quand le site d&rsquo;Orange censure une photo de Ben Ali\u2026\"}]},{\"@type\":\"WebSite\",\"@id\":\"https:\\\/\\\/www.webdo.tn\\\/fr\\\/#website\",\"url\":\"https:\\\/\\\/www.webdo.tn\\\/fr\\\/\",\"name\":\"webdo\",\"description\":\"Tunisie - News en Tunisie et \u00e0 l&#039;international sur Webdo.tn\",\"publisher\":{\"@id\":\"https:\\\/\\\/www.webdo.tn\\\/fr\\\/#organization\"},\"potentialAction\":[{\"@type\":\"SearchAction\",\"target\":{\"@type\":\"EntryPoint\",\"urlTemplate\":\"https:\\\/\\\/www.webdo.tn\\\/fr\\\/?s={search_term_string}\"},\"query-input\":{\"@type\":\"PropertyValueSpecification\",\"valueRequired\":true,\"valueName\":\"search_term_string\"}}],\"inLanguage\":\"fr-FR\"},{\"@type\":\"Organization\",\"@id\":\"https:\\\/\\\/www.webdo.tn\\\/fr\\\/#organization\",\"name\":\"Webdo\",\"alternateName\":\"Webdo.tn\",\"url\":\"https:\\\/\\\/www.webdo.tn\\\/fr\\\/\",\"logo\":{\"@type\":\"ImageObject\",\"inLanguage\":\"fr-FR\",\"@id\":\"https:\\\/\\\/www.webdo.tn\\\/fr\\\/#\\\/schema\\\/logo\\\/image\\\/\",\"url\":\"https:\\\/\\\/www.webdo.tn\\\/fr\\\/wp-content\\\/uploads\\\/2025\\\/06\\\/Webdo-Tunisie_168377.jpg\",\"contentUrl\":\"https:\\\/\\\/www.webdo.tn\\\/fr\\\/wp-content\\\/uploads\\\/2025\\\/06\\\/Webdo-Tunisie_168377.jpg\",\"width\":301,\"height\":301,\"caption\":\"Webdo\"},\"image\":{\"@id\":\"https:\\\/\\\/www.webdo.tn\\\/fr\\\/#\\\/schema\\\/logo\\\/image\\\/\"},\"sameAs\":[\"https:\\\/\\\/www.facebook.com\\\/webdotn\",\"https:\\\/\\\/x.com\\\/webdo_tn\"],\"description\":\"Webdo est un m\u00e9dia num\u00e9rique tunisien fond\u00e9 en 2010, sp\u00e9cialis\u00e9 dans l\u2019actualit\u00e9 nationale et internationale, l\u2019\u00e9conomie, la soci\u00e9t\u00e9 et les analyses politiques. Le site s\u2019adresse \u00e0 un large public francophone et couvre l\u2019information tunisienne en temps r\u00e9el.\",\"email\":\"redac@webdo.tn\",\"legalName\":\"YNJ SARL\",\"foundingDate\":\"2010-09-06\",\"numberOfEmployees\":{\"@type\":\"QuantitativeValue\",\"minValue\":\"11\",\"maxValue\":\"50\"}},{\"@type\":\"Person\",\"@id\":\"https:\\\/\\\/www.webdo.tn\\\/fr\\\/#\\\/schema\\\/person\\\/9a9c6118d687c117df8ef3cc36a4d175\",\"name\":\"webdo.tn\",\"image\":{\"@type\":\"ImageObject\",\"inLanguage\":\"fr-FR\",\"@id\":\"https:\\\/\\\/secure.gravatar.com\\\/avatar\\\/7ce1f28c0c3bbac99ff550b85ef8e44a6950c6ee24514fb6a5489e51d06f0298?s=96&d=mm&r=g\",\"url\":\"https:\\\/\\\/secure.gravatar.com\\\/avatar\\\/7ce1f28c0c3bbac99ff550b85ef8e44a6950c6ee24514fb6a5489e51d06f0298?s=96&d=mm&r=g\",\"contentUrl\":\"https:\\\/\\\/secure.gravatar.com\\\/avatar\\\/7ce1f28c0c3bbac99ff550b85ef8e44a6950c6ee24514fb6a5489e51d06f0298?s=96&d=mm&r=g\",\"caption\":\"webdo.tn\"},\"url\":\"https:\\\/\\\/www.webdo.tn\\\/fr\\\/actualite\\\/author\\\/webdotn\\\/\"}]}<\/script>\n<!-- \/ Yoast SEO Premium plugin. -->","yoast_head_json":{"title":"Quand le site d'Orange censure une photo de Ben Ali\u2026","description":"Quand le site d'Orange censure une photo de Ben Ali\u2026","canonical":"https:\/\/www.webdo.tn\/fr\/actualite\/divers\/quand-le-site-dorange-censure-une-photo-de-ben-ali\/178700\/","og_locale":"fr_FR","og_type":"article","og_title":"Quand le site d'Orange censure une photo de Ben Ali\u2026","og_description":"Quand le site d'Orange censure une photo de Ben Ali\u2026","og_url":"https:\/\/www.webdo.tn\/fr\/actualite\/divers\/quand-le-site-dorange-censure-une-photo-de-ben-ali\/178700\/","og_site_name":"webdo","article_publisher":"https:\/\/www.facebook.com\/webdotn","article_published_time":"2011-02-11T12:49:00+00:00","og_image":[{"width":150,"height":150,"url":"https:\/\/www.webdo.tn\/fr\/wp-content\/uploads\/2011\/02\/wmc2-150x150-1.jpg","type":"image\/jpeg"}],"author":"webdo.tn","twitter_card":"summary_large_image","twitter_creator":"@webdo_tn","twitter_site":"@webdo_tn","twitter_misc":{"\u00c9crit par":"webdo.tn","Dur\u00e9e de lecture estim\u00e9e":"2 minutes"},"schema":{"@context":"https:\/\/schema.org","@graph":[{"@type":"NewsArticle","@id":"https:\/\/www.webdo.tn\/fr\/actualite\/divers\/quand-le-site-dorange-censure-une-photo-de-ben-ali\/178700\/#article","isPartOf":{"@id":"https:\/\/www.webdo.tn\/fr\/actualite\/divers\/quand-le-site-dorange-censure-une-photo-de-ben-ali\/178700\/"},"author":{"name":"webdo.tn","@id":"https:\/\/www.webdo.tn\/fr\/#\/schema\/person\/9a9c6118d687c117df8ef3cc36a4d175"},"headline":"Quand le site d&rsquo;Orange censure une photo de Ben Ali\u2026","datePublished":"2011-02-11T12:49:00+00:00","mainEntityOfPage":{"@id":"https:\/\/www.webdo.tn\/fr\/actualite\/divers\/quand-le-site-dorange-censure-une-photo-de-ben-ali\/178700\/"},"wordCount":388,"commentCount":0,"publisher":{"@id":"https:\/\/www.webdo.tn\/fr\/#organization"},"image":{"@id":"https:\/\/www.webdo.tn\/fr\/actualite\/divers\/quand-le-site-dorange-censure-une-photo-de-ben-ali\/178700\/#primaryimage"},"thumbnailUrl":"https:\/\/www.webdo.tn\/fr\/wp-content\/uploads\/2011\/02\/wmc2-150x150-1.jpg","articleSection":["Divers"],"inLanguage":"fr-FR"},{"@type":"WebPage","@id":"https:\/\/www.webdo.tn\/fr\/actualite\/divers\/quand-le-site-dorange-censure-une-photo-de-ben-ali\/178700\/","url":"https:\/\/www.webdo.tn\/fr\/actualite\/divers\/quand-le-site-dorange-censure-une-photo-de-ben-ali\/178700\/","name":"Quand le site d'Orange censure une photo de Ben Ali\u2026","isPartOf":{"@id":"https:\/\/www.webdo.tn\/fr\/#website"},"primaryImageOfPage":{"@id":"https:\/\/www.webdo.tn\/fr\/actualite\/divers\/quand-le-site-dorange-censure-une-photo-de-ben-ali\/178700\/#primaryimage"},"image":{"@id":"https:\/\/www.webdo.tn\/fr\/actualite\/divers\/quand-le-site-dorange-censure-une-photo-de-ben-ali\/178700\/#primaryimage"},"thumbnailUrl":"https:\/\/www.webdo.tn\/fr\/wp-content\/uploads\/2011\/02\/wmc2-150x150-1.jpg","datePublished":"2011-02-11T12:49:00+00:00","description":"Quand le site d'Orange censure une photo de Ben Ali\u2026","breadcrumb":{"@id":"https:\/\/www.webdo.tn\/fr\/actualite\/divers\/quand-le-site-dorange-censure-une-photo-de-ben-ali\/178700\/#breadcrumb"},"inLanguage":"fr-FR","potentialAction":[{"@type":"ReadAction","target":["https:\/\/www.webdo.tn\/fr\/actualite\/divers\/quand-le-site-dorange-censure-une-photo-de-ben-ali\/178700\/"]}]},{"@type":"ImageObject","inLanguage":"fr-FR","@id":"https:\/\/www.webdo.tn\/fr\/actualite\/divers\/quand-le-site-dorange-censure-une-photo-de-ben-ali\/178700\/#primaryimage","url":"https:\/\/www.webdo.tn\/fr\/wp-content\/uploads\/2011\/02\/wmc2-150x150-1.jpg","contentUrl":"https:\/\/www.webdo.tn\/fr\/wp-content\/uploads\/2011\/02\/wmc2-150x150-1.jpg","width":150,"height":150,"caption":"Quand le site d'Orange censure une photo de Ben Ali\u2026"},{"@type":"BreadcrumbList","@id":"https:\/\/www.webdo.tn\/fr\/actualite\/divers\/quand-le-site-dorange-censure-une-photo-de-ben-ali\/178700\/#breadcrumb","itemListElement":[{"@type":"ListItem","position":1,"name":"Accueil","item":"https:\/\/www.webdo.tn\/fr\/"},{"@type":"ListItem","position":2,"name":"Quand le site d&rsquo;Orange censure une photo de Ben Ali\u2026"}]},{"@type":"WebSite","@id":"https:\/\/www.webdo.tn\/fr\/#website","url":"https:\/\/www.webdo.tn\/fr\/","name":"webdo","description":"Tunisie - News en Tunisie et \u00e0 l&#039;international sur Webdo.tn","publisher":{"@id":"https:\/\/www.webdo.tn\/fr\/#organization"},"potentialAction":[{"@type":"SearchAction","target":{"@type":"EntryPoint","urlTemplate":"https:\/\/www.webdo.tn\/fr\/?s={search_term_string}"},"query-input":{"@type":"PropertyValueSpecification","valueRequired":true,"valueName":"search_term_string"}}],"inLanguage":"fr-FR"},{"@type":"Organization","@id":"https:\/\/www.webdo.tn\/fr\/#organization","name":"Webdo","alternateName":"Webdo.tn","url":"https:\/\/www.webdo.tn\/fr\/","logo":{"@type":"ImageObject","inLanguage":"fr-FR","@id":"https:\/\/www.webdo.tn\/fr\/#\/schema\/logo\/image\/","url":"https:\/\/www.webdo.tn\/fr\/wp-content\/uploads\/2025\/06\/Webdo-Tunisie_168377.jpg","contentUrl":"https:\/\/www.webdo.tn\/fr\/wp-content\/uploads\/2025\/06\/Webdo-Tunisie_168377.jpg","width":301,"height":301,"caption":"Webdo"},"image":{"@id":"https:\/\/www.webdo.tn\/fr\/#\/schema\/logo\/image\/"},"sameAs":["https:\/\/www.facebook.com\/webdotn","https:\/\/x.com\/webdo_tn"],"description":"Webdo est un m\u00e9dia num\u00e9rique tunisien fond\u00e9 en 2010, sp\u00e9cialis\u00e9 dans l\u2019actualit\u00e9 nationale et internationale, l\u2019\u00e9conomie, la soci\u00e9t\u00e9 et les analyses politiques. Le site s\u2019adresse \u00e0 un large public francophone et couvre l\u2019information tunisienne en temps r\u00e9el.","email":"redac@webdo.tn","legalName":"YNJ SARL","foundingDate":"2010-09-06","numberOfEmployees":{"@type":"QuantitativeValue","minValue":"11","maxValue":"50"}},{"@type":"Person","@id":"https:\/\/www.webdo.tn\/fr\/#\/schema\/person\/9a9c6118d687c117df8ef3cc36a4d175","name":"webdo.tn","image":{"@type":"ImageObject","inLanguage":"fr-FR","@id":"https:\/\/secure.gravatar.com\/avatar\/7ce1f28c0c3bbac99ff550b85ef8e44a6950c6ee24514fb6a5489e51d06f0298?s=96&d=mm&r=g","url":"https:\/\/secure.gravatar.com\/avatar\/7ce1f28c0c3bbac99ff550b85ef8e44a6950c6ee24514fb6a5489e51d06f0298?s=96&d=mm&r=g","contentUrl":"https:\/\/secure.gravatar.com\/avatar\/7ce1f28c0c3bbac99ff550b85ef8e44a6950c6ee24514fb6a5489e51d06f0298?s=96&d=mm&r=g","caption":"webdo.tn"},"url":"https:\/\/www.webdo.tn\/fr\/actualite\/author\/webdotn\/"}]}},"_links":{"self":[{"href":"https:\/\/www.webdo.tn\/fr\/wp-json\/wp\/v2\/posts\/178700","targetHints":{"allow":["GET"]}}],"collection":[{"href":"https:\/\/www.webdo.tn\/fr\/wp-json\/wp\/v2\/posts"}],"about":[{"href":"https:\/\/www.webdo.tn\/fr\/wp-json\/wp\/v2\/types\/post"}],"author":[{"embeddable":true,"href":"https:\/\/www.webdo.tn\/fr\/wp-json\/wp\/v2\/users\/3222"}],"replies":[{"embeddable":true,"href":"https:\/\/www.webdo.tn\/fr\/wp-json\/wp\/v2\/comments?post=178700"}],"version-history":[{"count":0,"href":"https:\/\/www.webdo.tn\/fr\/wp-json\/wp\/v2\/posts\/178700\/revisions"}],"wp:featuredmedia":[{"embeddable":true,"href":"https:\/\/www.webdo.tn\/fr\/wp-json\/wp\/v2\/media\/365595"}],"wp:attachment":[{"href":"https:\/\/www.webdo.tn\/fr\/wp-json\/wp\/v2\/media?parent=178700"}],"wp:term":[{"taxonomy":"category","embeddable":true,"href":"https:\/\/www.webdo.tn\/fr\/wp-json\/wp\/v2\/categories?post=178700"},{"taxonomy":"post_tag","embeddable":true,"href":"https:\/\/www.webdo.tn\/fr\/wp-json\/wp\/v2\/tags?post=178700"}],"curies":[{"name":"wp","href":"https:\/\/api.w.org\/{rel}","templated":true}]}}