{"id":178698,"date":"2011-02-16T16:05:00","date_gmt":"2011-02-16T16:05:00","guid":{"rendered":"https:\/\/www.webdo.tn\/fr\/actualite\/blog\/la-revolution-libyenne-38-blesses-demain-la-journee-de-la-colere\/178698\/"},"modified":"2011-02-16T16:05:00","modified_gmt":"2011-02-16T16:05:00","slug":"la-revolution-libyenne-38-blesses-demain-la-journee-de-la-colere","status":"publish","type":"post","link":"https:\/\/www.webdo.tn\/fr\/actualite\/divers\/la-revolution-libyenne-38-blesses-demain-la-journee-de-la-colere\/178698\/","title":{"rendered":"La R\u00e9volution Libyenne: 38 bless\u00e9s, demain manif \u00ab\u00a0la journ\u00e9e de la col\u00e8re\u00a0\u00bb"},"content":{"rendered":"<p>Certains rapports font \u00e9tat, depuis hier, de violentes manifestations dans la ville de Benghazi qui, selon des t\u00e9moins, auraient \u00e9clat\u00e9 suite \u00e0 l\u2019arrestation d\u2019un avocat, c\u00e9l\u00e8bre opposant au gouvernement.<\/p>\n<p>Cet avocat a beau avoir \u00e9t\u00e9 rel\u00e2ch\u00e9 un peu plus tard, les manifestations se sont poursuivies avec encore plus de virulence. <\/p>\n<p>Les centaines de personnes pr\u00e9sentes ont cri\u00e9 des slogans \u00e0 l\u2019encontre du gouvernement ; ces chants furent repris par une foule de plus en plus nombreuse. Malgr\u00e9 le pacifisme affich\u00e9 par les manifestants, des accrochages auraient eu lieu avec les forces de s\u00e9curit\u00e9 qui ont r\u00e9ussi \u00e0 disperser la foule \u00e0 l\u2019aide de canons \u00e0 eau.<\/p>\n<p>Durant la nuit, de violents incidents auraient \u00e9clat\u00e9 au cours desquels plusieurs centaines de personnes auraient affront\u00e9 des policiers, selon plusieurs t\u00e9moins et m\u00e9dias locaux.<\/p>\n<p>Par ailleurs, la cha\u00eene Al Arabiya \u00e9voque le nombre de trente-huit personnes bless\u00e9es suite aux affrontements  des manifestants avec les forces de l&rsquo;ordre. Ce qui a ind\u00e9niablement augment\u00e9 la col\u00e8re des libyens qui pr\u00e9parent pour demain une grande journ\u00e9e de manifestation appel\u00e9e \u00ab\u00a0la journ\u00e9e de la col\u00e8re\u00a0\u00bb.<\/p>\n<p>Comble de l\u2019ironie, la t\u00e9l\u00e9vision publique libyenne, \u00e0 l\u2019instar de sa voisine tunisienne, fait \u00e9tat de rassemblements de soutien au dirigeant libyen, le colonel Mouammar Kadhafi, \u00e0 travers le pays.<\/p>\n","protected":false},"excerpt":{"rendered":"<p>La R\u00e9volution Libyenne: 38 bless\u00e9s, demain manif  la journ\u00e9e de la col\u00e8re <\/p>\n","protected":false},"author":3222,"featured_media":365579,"comment_status":"open","ping_status":"closed","sticky":false,"template":"","format":"standard","meta":{"footnotes":""},"categories":[2839],"tags":[],"class_list":["post-178698","post","type-post","status-publish","format-standard","has-post-thumbnail","hentry","category-divers"],"yoast_head":"<!-- This site is optimized with the Yoast SEO Premium plugin v27.4 (Yoast SEO v27.4) - https:\/\/yoast.com\/product\/yoast-seo-premium-wordpress\/ -->\n<title>La R\u00e9volution Libyenne: 38 bless\u00e9s, demain manif la journ\u00e9e de la col\u00e8re<\/title>\n<meta name=\"description\" content=\"La R\u00e9volution Libyenne: 38 bless\u00e9s, demain manif la journ\u00e9e de la col\u00e8re\" \/>\n<link rel=\"canonical\" href=\"https:\/\/www.webdo.tn\/fr\/actualite\/divers\/la-revolution-libyenne-38-blesses-demain-la-journee-de-la-colere\/178698\/\" \/>\n<meta property=\"og:locale\" content=\"fr_FR\" \/>\n<meta property=\"og:type\" content=\"article\" \/>\n<meta property=\"og:title\" content=\"La R\u00e9volution Libyenne: 38 bless\u00e9s, demain manif &quot;la journ\u00e9e de la col\u00e8re&quot;\" \/>\n<meta property=\"og:description\" content=\"La R\u00e9volution Libyenne: 38 bless\u00e9s, demain manif la journ\u00e9e de la col\u00e8re\" \/>\n<meta property=\"og:url\" content=\"https:\/\/www.webdo.tn\/fr\/actualite\/divers\/la-revolution-libyenne-38-blesses-demain-la-journee-de-la-colere\/178698\/\" \/>\n<meta property=\"og:site_name\" content=\"webdo\" \/>\n<meta property=\"article:publisher\" content=\"https:\/\/www.facebook.com\/webdotn\" \/>\n<meta property=\"article:published_time\" content=\"2011-02-16T16:05:00+00:00\" \/>\n<meta property=\"og:image\" content=\"https:\/\/www.webdo.tn\/fr\/wp-content\/uploads\/2011\/02\/photo-1297854138383-1-0_333849_465x348-150x150-1.jpg\" \/>\n\t<meta property=\"og:image:width\" content=\"150\" \/>\n\t<meta property=\"og:image:height\" content=\"150\" \/>\n\t<meta property=\"og:image:type\" content=\"image\/jpeg\" \/>\n<meta name=\"author\" content=\"webdo.tn\" \/>\n<meta name=\"twitter:card\" content=\"summary_large_image\" \/>\n<meta name=\"twitter:creator\" content=\"@webdo_tn\" \/>\n<meta name=\"twitter:site\" content=\"@webdo_tn\" \/>\n<meta name=\"twitter:label1\" content=\"\u00c9crit par\" \/>\n\t<meta name=\"twitter:data1\" content=\"webdo.tn\" \/>\n\t<meta name=\"twitter:label2\" content=\"Dur\u00e9e de lecture estim\u00e9e\" \/>\n\t<meta name=\"twitter:data2\" content=\"1 minute\" \/>\n<script type=\"application\/ld+json\" class=\"yoast-schema-graph\">{\"@context\":\"https:\\\/\\\/schema.org\",\"@graph\":[{\"@type\":\"NewsArticle\",\"@id\":\"https:\\\/\\\/www.webdo.tn\\\/fr\\\/actualite\\\/divers\\\/la-revolution-libyenne-38-blesses-demain-la-journee-de-la-colere\\\/178698\\\/#article\",\"isPartOf\":{\"@id\":\"https:\\\/\\\/www.webdo.tn\\\/fr\\\/actualite\\\/divers\\\/la-revolution-libyenne-38-blesses-demain-la-journee-de-la-colere\\\/178698\\\/\"},\"author\":{\"name\":\"webdo.tn\",\"@id\":\"https:\\\/\\\/www.webdo.tn\\\/fr\\\/#\\\/schema\\\/person\\\/9a9c6118d687c117df8ef3cc36a4d175\"},\"headline\":\"La R\u00e9volution Libyenne: 38 bless\u00e9s, demain manif \u00ab\u00a0la journ\u00e9e de la col\u00e8re\u00a0\u00bb\",\"datePublished\":\"2011-02-16T16:05:00+00:00\",\"mainEntityOfPage\":{\"@id\":\"https:\\\/\\\/www.webdo.tn\\\/fr\\\/actualite\\\/divers\\\/la-revolution-libyenne-38-blesses-demain-la-journee-de-la-colere\\\/178698\\\/\"},\"wordCount\":242,\"commentCount\":0,\"publisher\":{\"@id\":\"https:\\\/\\\/www.webdo.tn\\\/fr\\\/#organization\"},\"image\":{\"@id\":\"https:\\\/\\\/www.webdo.tn\\\/fr\\\/actualite\\\/divers\\\/la-revolution-libyenne-38-blesses-demain-la-journee-de-la-colere\\\/178698\\\/#primaryimage\"},\"thumbnailUrl\":\"https:\\\/\\\/www.webdo.tn\\\/fr\\\/wp-content\\\/uploads\\\/2011\\\/02\\\/photo-1297854138383-1-0_333849_465x348-150x150-1.jpg\",\"articleSection\":[\"Divers\"],\"inLanguage\":\"fr-FR\"},{\"@type\":\"WebPage\",\"@id\":\"https:\\\/\\\/www.webdo.tn\\\/fr\\\/actualite\\\/divers\\\/la-revolution-libyenne-38-blesses-demain-la-journee-de-la-colere\\\/178698\\\/\",\"url\":\"https:\\\/\\\/www.webdo.tn\\\/fr\\\/actualite\\\/divers\\\/la-revolution-libyenne-38-blesses-demain-la-journee-de-la-colere\\\/178698\\\/\",\"name\":\"La R\u00e9volution Libyenne: 38 bless\u00e9s, demain manif la journ\u00e9e de la col\u00e8re\",\"isPartOf\":{\"@id\":\"https:\\\/\\\/www.webdo.tn\\\/fr\\\/#website\"},\"primaryImageOfPage\":{\"@id\":\"https:\\\/\\\/www.webdo.tn\\\/fr\\\/actualite\\\/divers\\\/la-revolution-libyenne-38-blesses-demain-la-journee-de-la-colere\\\/178698\\\/#primaryimage\"},\"image\":{\"@id\":\"https:\\\/\\\/www.webdo.tn\\\/fr\\\/actualite\\\/divers\\\/la-revolution-libyenne-38-blesses-demain-la-journee-de-la-colere\\\/178698\\\/#primaryimage\"},\"thumbnailUrl\":\"https:\\\/\\\/www.webdo.tn\\\/fr\\\/wp-content\\\/uploads\\\/2011\\\/02\\\/photo-1297854138383-1-0_333849_465x348-150x150-1.jpg\",\"datePublished\":\"2011-02-16T16:05:00+00:00\",\"description\":\"La R\u00e9volution Libyenne: 38 bless\u00e9s, demain manif la journ\u00e9e de la col\u00e8re\",\"breadcrumb\":{\"@id\":\"https:\\\/\\\/www.webdo.tn\\\/fr\\\/actualite\\\/divers\\\/la-revolution-libyenne-38-blesses-demain-la-journee-de-la-colere\\\/178698\\\/#breadcrumb\"},\"inLanguage\":\"fr-FR\",\"potentialAction\":[{\"@type\":\"ReadAction\",\"target\":[\"https:\\\/\\\/www.webdo.tn\\\/fr\\\/actualite\\\/divers\\\/la-revolution-libyenne-38-blesses-demain-la-journee-de-la-colere\\\/178698\\\/\"]}]},{\"@type\":\"ImageObject\",\"inLanguage\":\"fr-FR\",\"@id\":\"https:\\\/\\\/www.webdo.tn\\\/fr\\\/actualite\\\/divers\\\/la-revolution-libyenne-38-blesses-demain-la-journee-de-la-colere\\\/178698\\\/#primaryimage\",\"url\":\"https:\\\/\\\/www.webdo.tn\\\/fr\\\/wp-content\\\/uploads\\\/2011\\\/02\\\/photo-1297854138383-1-0_333849_465x348-150x150-1.jpg\",\"contentUrl\":\"https:\\\/\\\/www.webdo.tn\\\/fr\\\/wp-content\\\/uploads\\\/2011\\\/02\\\/photo-1297854138383-1-0_333849_465x348-150x150-1.jpg\",\"width\":150,\"height\":150,\"caption\":\"La R\u00e9volution Libyenne: 38 bless\u00e9s, demain manif \\\"la journ\u00e9e de la col\u00e8re\\\"\"},{\"@type\":\"BreadcrumbList\",\"@id\":\"https:\\\/\\\/www.webdo.tn\\\/fr\\\/actualite\\\/divers\\\/la-revolution-libyenne-38-blesses-demain-la-journee-de-la-colere\\\/178698\\\/#breadcrumb\",\"itemListElement\":[{\"@type\":\"ListItem\",\"position\":1,\"name\":\"Accueil\",\"item\":\"https:\\\/\\\/www.webdo.tn\\\/fr\\\/\"},{\"@type\":\"ListItem\",\"position\":2,\"name\":\"La R\u00e9volution Libyenne: 38 bless\u00e9s, demain manif \u00ab\u00a0la journ\u00e9e de la col\u00e8re\u00a0\u00bb\"}]},{\"@type\":\"WebSite\",\"@id\":\"https:\\\/\\\/www.webdo.tn\\\/fr\\\/#website\",\"url\":\"https:\\\/\\\/www.webdo.tn\\\/fr\\\/\",\"name\":\"webdo\",\"description\":\"Tunisie - News en Tunisie et \u00e0 l&#039;international sur Webdo.tn\",\"publisher\":{\"@id\":\"https:\\\/\\\/www.webdo.tn\\\/fr\\\/#organization\"},\"potentialAction\":[{\"@type\":\"SearchAction\",\"target\":{\"@type\":\"EntryPoint\",\"urlTemplate\":\"https:\\\/\\\/www.webdo.tn\\\/fr\\\/?s={search_term_string}\"},\"query-input\":{\"@type\":\"PropertyValueSpecification\",\"valueRequired\":true,\"valueName\":\"search_term_string\"}}],\"inLanguage\":\"fr-FR\"},{\"@type\":\"Organization\",\"@id\":\"https:\\\/\\\/www.webdo.tn\\\/fr\\\/#organization\",\"name\":\"Webdo\",\"alternateName\":\"Webdo.tn\",\"url\":\"https:\\\/\\\/www.webdo.tn\\\/fr\\\/\",\"logo\":{\"@type\":\"ImageObject\",\"inLanguage\":\"fr-FR\",\"@id\":\"https:\\\/\\\/www.webdo.tn\\\/fr\\\/#\\\/schema\\\/logo\\\/image\\\/\",\"url\":\"https:\\\/\\\/www.webdo.tn\\\/fr\\\/wp-content\\\/uploads\\\/2025\\\/06\\\/Webdo-Tunisie_168377.jpg\",\"contentUrl\":\"https:\\\/\\\/www.webdo.tn\\\/fr\\\/wp-content\\\/uploads\\\/2025\\\/06\\\/Webdo-Tunisie_168377.jpg\",\"width\":301,\"height\":301,\"caption\":\"Webdo\"},\"image\":{\"@id\":\"https:\\\/\\\/www.webdo.tn\\\/fr\\\/#\\\/schema\\\/logo\\\/image\\\/\"},\"sameAs\":[\"https:\\\/\\\/www.facebook.com\\\/webdotn\",\"https:\\\/\\\/x.com\\\/webdo_tn\"],\"description\":\"Webdo est un m\u00e9dia num\u00e9rique tunisien fond\u00e9 en 2010, sp\u00e9cialis\u00e9 dans l\u2019actualit\u00e9 nationale et internationale, l\u2019\u00e9conomie, la soci\u00e9t\u00e9 et les analyses politiques. Le site s\u2019adresse \u00e0 un large public francophone et couvre l\u2019information tunisienne en temps r\u00e9el.\",\"email\":\"redac@webdo.tn\",\"legalName\":\"YNJ SARL\",\"foundingDate\":\"2010-09-06\",\"numberOfEmployees\":{\"@type\":\"QuantitativeValue\",\"minValue\":\"11\",\"maxValue\":\"50\"}},{\"@type\":\"Person\",\"@id\":\"https:\\\/\\\/www.webdo.tn\\\/fr\\\/#\\\/schema\\\/person\\\/9a9c6118d687c117df8ef3cc36a4d175\",\"name\":\"webdo.tn\",\"image\":{\"@type\":\"ImageObject\",\"inLanguage\":\"fr-FR\",\"@id\":\"https:\\\/\\\/secure.gravatar.com\\\/avatar\\\/7ce1f28c0c3bbac99ff550b85ef8e44a6950c6ee24514fb6a5489e51d06f0298?s=96&d=mm&r=g\",\"url\":\"https:\\\/\\\/secure.gravatar.com\\\/avatar\\\/7ce1f28c0c3bbac99ff550b85ef8e44a6950c6ee24514fb6a5489e51d06f0298?s=96&d=mm&r=g\",\"contentUrl\":\"https:\\\/\\\/secure.gravatar.com\\\/avatar\\\/7ce1f28c0c3bbac99ff550b85ef8e44a6950c6ee24514fb6a5489e51d06f0298?s=96&d=mm&r=g\",\"caption\":\"webdo.tn\"},\"url\":\"https:\\\/\\\/www.webdo.tn\\\/fr\\\/actualite\\\/author\\\/webdotn\\\/\"}]}<\/script>\n<!-- \/ Yoast SEO Premium plugin. -->","yoast_head_json":{"title":"La R\u00e9volution Libyenne: 38 bless\u00e9s, demain manif la journ\u00e9e de la col\u00e8re","description":"La R\u00e9volution Libyenne: 38 bless\u00e9s, demain manif la journ\u00e9e de la col\u00e8re","canonical":"https:\/\/www.webdo.tn\/fr\/actualite\/divers\/la-revolution-libyenne-38-blesses-demain-la-journee-de-la-colere\/178698\/","og_locale":"fr_FR","og_type":"article","og_title":"La R\u00e9volution Libyenne: 38 bless\u00e9s, demain manif \"la journ\u00e9e de la col\u00e8re\"","og_description":"La R\u00e9volution Libyenne: 38 bless\u00e9s, demain manif la journ\u00e9e de la col\u00e8re","og_url":"https:\/\/www.webdo.tn\/fr\/actualite\/divers\/la-revolution-libyenne-38-blesses-demain-la-journee-de-la-colere\/178698\/","og_site_name":"webdo","article_publisher":"https:\/\/www.facebook.com\/webdotn","article_published_time":"2011-02-16T16:05:00+00:00","og_image":[{"width":150,"height":150,"url":"https:\/\/www.webdo.tn\/fr\/wp-content\/uploads\/2011\/02\/photo-1297854138383-1-0_333849_465x348-150x150-1.jpg","type":"image\/jpeg"}],"author":"webdo.tn","twitter_card":"summary_large_image","twitter_creator":"@webdo_tn","twitter_site":"@webdo_tn","twitter_misc":{"\u00c9crit par":"webdo.tn","Dur\u00e9e de lecture estim\u00e9e":"1 minute"},"schema":{"@context":"https:\/\/schema.org","@graph":[{"@type":"NewsArticle","@id":"https:\/\/www.webdo.tn\/fr\/actualite\/divers\/la-revolution-libyenne-38-blesses-demain-la-journee-de-la-colere\/178698\/#article","isPartOf":{"@id":"https:\/\/www.webdo.tn\/fr\/actualite\/divers\/la-revolution-libyenne-38-blesses-demain-la-journee-de-la-colere\/178698\/"},"author":{"name":"webdo.tn","@id":"https:\/\/www.webdo.tn\/fr\/#\/schema\/person\/9a9c6118d687c117df8ef3cc36a4d175"},"headline":"La R\u00e9volution Libyenne: 38 bless\u00e9s, demain manif \u00ab\u00a0la journ\u00e9e de la col\u00e8re\u00a0\u00bb","datePublished":"2011-02-16T16:05:00+00:00","mainEntityOfPage":{"@id":"https:\/\/www.webdo.tn\/fr\/actualite\/divers\/la-revolution-libyenne-38-blesses-demain-la-journee-de-la-colere\/178698\/"},"wordCount":242,"commentCount":0,"publisher":{"@id":"https:\/\/www.webdo.tn\/fr\/#organization"},"image":{"@id":"https:\/\/www.webdo.tn\/fr\/actualite\/divers\/la-revolution-libyenne-38-blesses-demain-la-journee-de-la-colere\/178698\/#primaryimage"},"thumbnailUrl":"https:\/\/www.webdo.tn\/fr\/wp-content\/uploads\/2011\/02\/photo-1297854138383-1-0_333849_465x348-150x150-1.jpg","articleSection":["Divers"],"inLanguage":"fr-FR"},{"@type":"WebPage","@id":"https:\/\/www.webdo.tn\/fr\/actualite\/divers\/la-revolution-libyenne-38-blesses-demain-la-journee-de-la-colere\/178698\/","url":"https:\/\/www.webdo.tn\/fr\/actualite\/divers\/la-revolution-libyenne-38-blesses-demain-la-journee-de-la-colere\/178698\/","name":"La R\u00e9volution Libyenne: 38 bless\u00e9s, demain manif la journ\u00e9e de la col\u00e8re","isPartOf":{"@id":"https:\/\/www.webdo.tn\/fr\/#website"},"primaryImageOfPage":{"@id":"https:\/\/www.webdo.tn\/fr\/actualite\/divers\/la-revolution-libyenne-38-blesses-demain-la-journee-de-la-colere\/178698\/#primaryimage"},"image":{"@id":"https:\/\/www.webdo.tn\/fr\/actualite\/divers\/la-revolution-libyenne-38-blesses-demain-la-journee-de-la-colere\/178698\/#primaryimage"},"thumbnailUrl":"https:\/\/www.webdo.tn\/fr\/wp-content\/uploads\/2011\/02\/photo-1297854138383-1-0_333849_465x348-150x150-1.jpg","datePublished":"2011-02-16T16:05:00+00:00","description":"La R\u00e9volution Libyenne: 38 bless\u00e9s, demain manif la journ\u00e9e de la col\u00e8re","breadcrumb":{"@id":"https:\/\/www.webdo.tn\/fr\/actualite\/divers\/la-revolution-libyenne-38-blesses-demain-la-journee-de-la-colere\/178698\/#breadcrumb"},"inLanguage":"fr-FR","potentialAction":[{"@type":"ReadAction","target":["https:\/\/www.webdo.tn\/fr\/actualite\/divers\/la-revolution-libyenne-38-blesses-demain-la-journee-de-la-colere\/178698\/"]}]},{"@type":"ImageObject","inLanguage":"fr-FR","@id":"https:\/\/www.webdo.tn\/fr\/actualite\/divers\/la-revolution-libyenne-38-blesses-demain-la-journee-de-la-colere\/178698\/#primaryimage","url":"https:\/\/www.webdo.tn\/fr\/wp-content\/uploads\/2011\/02\/photo-1297854138383-1-0_333849_465x348-150x150-1.jpg","contentUrl":"https:\/\/www.webdo.tn\/fr\/wp-content\/uploads\/2011\/02\/photo-1297854138383-1-0_333849_465x348-150x150-1.jpg","width":150,"height":150,"caption":"La R\u00e9volution Libyenne: 38 bless\u00e9s, demain manif \"la journ\u00e9e de la col\u00e8re\""},{"@type":"BreadcrumbList","@id":"https:\/\/www.webdo.tn\/fr\/actualite\/divers\/la-revolution-libyenne-38-blesses-demain-la-journee-de-la-colere\/178698\/#breadcrumb","itemListElement":[{"@type":"ListItem","position":1,"name":"Accueil","item":"https:\/\/www.webdo.tn\/fr\/"},{"@type":"ListItem","position":2,"name":"La R\u00e9volution Libyenne: 38 bless\u00e9s, demain manif \u00ab\u00a0la journ\u00e9e de la col\u00e8re\u00a0\u00bb"}]},{"@type":"WebSite","@id":"https:\/\/www.webdo.tn\/fr\/#website","url":"https:\/\/www.webdo.tn\/fr\/","name":"webdo","description":"Tunisie - News en Tunisie et \u00e0 l&#039;international sur Webdo.tn","publisher":{"@id":"https:\/\/www.webdo.tn\/fr\/#organization"},"potentialAction":[{"@type":"SearchAction","target":{"@type":"EntryPoint","urlTemplate":"https:\/\/www.webdo.tn\/fr\/?s={search_term_string}"},"query-input":{"@type":"PropertyValueSpecification","valueRequired":true,"valueName":"search_term_string"}}],"inLanguage":"fr-FR"},{"@type":"Organization","@id":"https:\/\/www.webdo.tn\/fr\/#organization","name":"Webdo","alternateName":"Webdo.tn","url":"https:\/\/www.webdo.tn\/fr\/","logo":{"@type":"ImageObject","inLanguage":"fr-FR","@id":"https:\/\/www.webdo.tn\/fr\/#\/schema\/logo\/image\/","url":"https:\/\/www.webdo.tn\/fr\/wp-content\/uploads\/2025\/06\/Webdo-Tunisie_168377.jpg","contentUrl":"https:\/\/www.webdo.tn\/fr\/wp-content\/uploads\/2025\/06\/Webdo-Tunisie_168377.jpg","width":301,"height":301,"caption":"Webdo"},"image":{"@id":"https:\/\/www.webdo.tn\/fr\/#\/schema\/logo\/image\/"},"sameAs":["https:\/\/www.facebook.com\/webdotn","https:\/\/x.com\/webdo_tn"],"description":"Webdo est un m\u00e9dia num\u00e9rique tunisien fond\u00e9 en 2010, sp\u00e9cialis\u00e9 dans l\u2019actualit\u00e9 nationale et internationale, l\u2019\u00e9conomie, la soci\u00e9t\u00e9 et les analyses politiques. Le site s\u2019adresse \u00e0 un large public francophone et couvre l\u2019information tunisienne en temps r\u00e9el.","email":"redac@webdo.tn","legalName":"YNJ SARL","foundingDate":"2010-09-06","numberOfEmployees":{"@type":"QuantitativeValue","minValue":"11","maxValue":"50"}},{"@type":"Person","@id":"https:\/\/www.webdo.tn\/fr\/#\/schema\/person\/9a9c6118d687c117df8ef3cc36a4d175","name":"webdo.tn","image":{"@type":"ImageObject","inLanguage":"fr-FR","@id":"https:\/\/secure.gravatar.com\/avatar\/7ce1f28c0c3bbac99ff550b85ef8e44a6950c6ee24514fb6a5489e51d06f0298?s=96&d=mm&r=g","url":"https:\/\/secure.gravatar.com\/avatar\/7ce1f28c0c3bbac99ff550b85ef8e44a6950c6ee24514fb6a5489e51d06f0298?s=96&d=mm&r=g","contentUrl":"https:\/\/secure.gravatar.com\/avatar\/7ce1f28c0c3bbac99ff550b85ef8e44a6950c6ee24514fb6a5489e51d06f0298?s=96&d=mm&r=g","caption":"webdo.tn"},"url":"https:\/\/www.webdo.tn\/fr\/actualite\/author\/webdotn\/"}]}},"_links":{"self":[{"href":"https:\/\/www.webdo.tn\/fr\/wp-json\/wp\/v2\/posts\/178698","targetHints":{"allow":["GET"]}}],"collection":[{"href":"https:\/\/www.webdo.tn\/fr\/wp-json\/wp\/v2\/posts"}],"about":[{"href":"https:\/\/www.webdo.tn\/fr\/wp-json\/wp\/v2\/types\/post"}],"author":[{"embeddable":true,"href":"https:\/\/www.webdo.tn\/fr\/wp-json\/wp\/v2\/users\/3222"}],"replies":[{"embeddable":true,"href":"https:\/\/www.webdo.tn\/fr\/wp-json\/wp\/v2\/comments?post=178698"}],"version-history":[{"count":0,"href":"https:\/\/www.webdo.tn\/fr\/wp-json\/wp\/v2\/posts\/178698\/revisions"}],"wp:featuredmedia":[{"embeddable":true,"href":"https:\/\/www.webdo.tn\/fr\/wp-json\/wp\/v2\/media\/365579"}],"wp:attachment":[{"href":"https:\/\/www.webdo.tn\/fr\/wp-json\/wp\/v2\/media?parent=178698"}],"wp:term":[{"taxonomy":"category","embeddable":true,"href":"https:\/\/www.webdo.tn\/fr\/wp-json\/wp\/v2\/categories?post=178698"},{"taxonomy":"post_tag","embeddable":true,"href":"https:\/\/www.webdo.tn\/fr\/wp-json\/wp\/v2\/tags?post=178698"}],"curies":[{"name":"wp","href":"https:\/\/api.w.org\/{rel}","templated":true}]}}