{"id":178684,"date":"2011-03-14T10:41:00","date_gmt":"2011-03-14T10:41:00","guid":{"rendered":"https:\/\/www.webdo.tn\/fr\/actualite\/blog\/la-cybercondrie-ce-nest-pas-une-plaisanterie\/178684\/"},"modified":"2011-03-14T10:41:00","modified_gmt":"2011-03-14T10:41:00","slug":"la-cybercondrie-ce-nest-pas-une-plaisanterie","status":"publish","type":"post","link":"https:\/\/www.webdo.tn\/fr\/actualite\/divers\/la-cybercondrie-ce-nest-pas-une-plaisanterie\/178684\/","title":{"rendered":"La cybercondrie, ce n\u2019est pas une plaisanterie"},"content":{"rendered":"<p>Vous souffrez d\u2019une indisposition quelconque ? Un petit mal de gorge ? Pourquoi aller chez le m\u00e9decin, alors que le Net propose des dizaines de sites qui peuvent, en un rien de temps, diagnostiquer votre malaise ? Oui mais\u2026 tout comme Facebook ou Tweeter, les sites d\u2019autom\u00e9dication \u2013 cr\u00e9es avec les meilleures intentions du monde \u2013 peuvent se transformer en v\u00e9ritable addiction, voire une source de stress permanent et de d\u00e9pression. Et c\u2019est ainsi que votre vie sera plac\u00e9e \u00e0 jamais sous le signe de la cybercondrie.  <\/p>\n<p>Un mal \u00e9ternel<br \/>\nCousine \u00e9lectronique de l\u2019hypocondrie, la cybercondrie en a la caract\u00e9ristique principale : vouloir toujours savoir davantage sur les causes possibles d&rsquo;un sympt\u00f4me &#8211; souvent banal et explicable par l&rsquo;examen de votre journ\u00e9e ou de votre style de vie &#8211; d\u00e8s sa premi\u00e8re apparition et imaginer qu\u2019on souffre de la pire des maladies que ce sympt\u00f4me laisse supposer.<br \/>\nMais la trag\u00e9die de notre ami hypocondriaque ne s\u2019arr\u00eate pas l\u00e0. Avide de nouvelles m\u00e9dicales, il lui faudra juste entendre que quelqu\u2019un a \u00e9t\u00e9 diagnostiqu\u00e9 avec une maladie pour qu\u2019il puisse imm\u00e9diatement en ressentir les sympt\u00f4mes.<br \/>\nEt c\u2019est l\u00e0 que la cybercondrie se r\u00e9v\u00e8le bien plus grave que sa cousine \u00e9ternelle. Car un simple clic de souris suffit pour se procurer tous les d\u00e9tails des maladies les plus affreuses et les plus rares. De l\u00e0 \u00e0 s\u2019auto diagnostiquer ou, pire, passer \u00e0 l\u2019auto m\u00e9dication, il n\u2019y a qu\u2019un pas \u00e0 faire. Un acte d\u2019autant plus grave que le malade atteint de cybercondrie imaginera toujours le pire.  <\/p>\n<p>Un handicap social<br \/>\nEn effet, selon des chercheurs du groupe Microsoft Research, coordonn\u00e9 par Eric Horvitz, deux pour cent des recherches sur Internet concernent la sant\u00e9. Le groupe a suivi le comportement de 515 personnes et il a d\u00e9couvert que la vaste majorit\u00e9 des gens ont tendance \u00e0 mettre en premi\u00e8re place de leur \u00abclassement\u00bb des r\u00e9sultats de recherche qui concernent la maladie la plus grave plut\u00f4t que celle qui para\u00eet plus raisonnable, et donc statistiquement plus probable.<br \/>\nMais, il y a pire\u2026 La recherche a d\u00e9montr\u00e9 que la persistance de sympt\u00f4mes d&rsquo;anxi\u00e9t\u00e9 post-recherche sur le Net est tr\u00e8s souvent en mesure d&rsquo;avoir un impact n\u00e9gatif sur le travail et la vie familiale des personnes concern\u00e9es. Selon les chercheurs le Net doit maintenant \u00e9voluer afin de fournir des informations de navigation plus pr\u00e9cises et m\u00eame \u00ab\u00a0adapter\u00a0\u00bb les r\u00e9sultats de la recherche afin de ne pas encourager les tendances hypocondriaques.<\/p>\n","protected":false},"excerpt":{"rendered":"<p>La cybercondrie, ce n\u2019est pas une plaisanterie <\/p>\n","protected":false},"author":3222,"featured_media":365845,"comment_status":"open","ping_status":"closed","sticky":false,"template":"","format":"standard","meta":{"footnotes":""},"categories":[2839],"tags":[],"class_list":["post-178684","post","type-post","status-publish","format-standard","has-post-thumbnail","hentry","category-divers"],"yoast_head":"<!-- This site is optimized with the Yoast SEO Premium plugin v27.4 (Yoast SEO v27.4) - https:\/\/yoast.com\/product\/yoast-seo-premium-wordpress\/ -->\n<title>La cybercondrie, ce n\u2019est pas une plaisanterie<\/title>\n<meta name=\"description\" content=\"La cybercondrie, ce n\u2019est pas une plaisanterie\" \/>\n<link rel=\"canonical\" href=\"https:\/\/www.webdo.tn\/fr\/actualite\/divers\/la-cybercondrie-ce-nest-pas-une-plaisanterie\/178684\/\" \/>\n<meta property=\"og:locale\" content=\"fr_FR\" \/>\n<meta property=\"og:type\" content=\"article\" \/>\n<meta property=\"og:title\" content=\"La cybercondrie, ce n\u2019est pas une plaisanterie\" \/>\n<meta property=\"og:description\" content=\"La cybercondrie, ce n\u2019est pas une plaisanterie\" \/>\n<meta property=\"og:url\" content=\"https:\/\/www.webdo.tn\/fr\/actualite\/divers\/la-cybercondrie-ce-nest-pas-une-plaisanterie\/178684\/\" \/>\n<meta property=\"og:site_name\" content=\"webdo\" \/>\n<meta property=\"article:publisher\" content=\"https:\/\/www.facebook.com\/webdotn\" \/>\n<meta property=\"article:published_time\" content=\"2011-03-14T10:41:00+00:00\" \/>\n<meta property=\"og:image\" content=\"https:\/\/www.webdo.tn\/fr\/wp-content\/uploads\/2011\/03\/cybercondrie-300x224-1.jpg\" \/>\n\t<meta property=\"og:image:width\" content=\"300\" \/>\n\t<meta property=\"og:image:height\" content=\"224\" \/>\n\t<meta property=\"og:image:type\" content=\"image\/jpeg\" \/>\n<meta name=\"author\" content=\"webdo.tn\" \/>\n<meta name=\"twitter:card\" content=\"summary_large_image\" \/>\n<meta name=\"twitter:creator\" content=\"@webdo_tn\" \/>\n<meta name=\"twitter:site\" content=\"@webdo_tn\" \/>\n<meta name=\"twitter:label1\" content=\"\u00c9crit par\" \/>\n\t<meta name=\"twitter:data1\" content=\"webdo.tn\" \/>\n\t<meta name=\"twitter:label2\" content=\"Dur\u00e9e de lecture estim\u00e9e\" \/>\n\t<meta name=\"twitter:data2\" content=\"2 minutes\" \/>\n<script type=\"application\/ld+json\" class=\"yoast-schema-graph\">{\"@context\":\"https:\\\/\\\/schema.org\",\"@graph\":[{\"@type\":\"NewsArticle\",\"@id\":\"https:\\\/\\\/www.webdo.tn\\\/fr\\\/actualite\\\/divers\\\/la-cybercondrie-ce-nest-pas-une-plaisanterie\\\/178684\\\/#article\",\"isPartOf\":{\"@id\":\"https:\\\/\\\/www.webdo.tn\\\/fr\\\/actualite\\\/divers\\\/la-cybercondrie-ce-nest-pas-une-plaisanterie\\\/178684\\\/\"},\"author\":{\"name\":\"webdo.tn\",\"@id\":\"https:\\\/\\\/www.webdo.tn\\\/fr\\\/#\\\/schema\\\/person\\\/9a9c6118d687c117df8ef3cc36a4d175\"},\"headline\":\"La cybercondrie, ce n\u2019est pas une plaisanterie\",\"datePublished\":\"2011-03-14T10:41:00+00:00\",\"mainEntityOfPage\":{\"@id\":\"https:\\\/\\\/www.webdo.tn\\\/fr\\\/actualite\\\/divers\\\/la-cybercondrie-ce-nest-pas-une-plaisanterie\\\/178684\\\/\"},\"wordCount\":451,\"commentCount\":0,\"publisher\":{\"@id\":\"https:\\\/\\\/www.webdo.tn\\\/fr\\\/#organization\"},\"image\":{\"@id\":\"https:\\\/\\\/www.webdo.tn\\\/fr\\\/actualite\\\/divers\\\/la-cybercondrie-ce-nest-pas-une-plaisanterie\\\/178684\\\/#primaryimage\"},\"thumbnailUrl\":\"https:\\\/\\\/www.webdo.tn\\\/fr\\\/wp-content\\\/uploads\\\/2011\\\/03\\\/cybercondrie-300x224-1.jpg\",\"articleSection\":[\"Divers\"],\"inLanguage\":\"fr-FR\"},{\"@type\":\"WebPage\",\"@id\":\"https:\\\/\\\/www.webdo.tn\\\/fr\\\/actualite\\\/divers\\\/la-cybercondrie-ce-nest-pas-une-plaisanterie\\\/178684\\\/\",\"url\":\"https:\\\/\\\/www.webdo.tn\\\/fr\\\/actualite\\\/divers\\\/la-cybercondrie-ce-nest-pas-une-plaisanterie\\\/178684\\\/\",\"name\":\"La cybercondrie, ce n\u2019est pas une plaisanterie\",\"isPartOf\":{\"@id\":\"https:\\\/\\\/www.webdo.tn\\\/fr\\\/#website\"},\"primaryImageOfPage\":{\"@id\":\"https:\\\/\\\/www.webdo.tn\\\/fr\\\/actualite\\\/divers\\\/la-cybercondrie-ce-nest-pas-une-plaisanterie\\\/178684\\\/#primaryimage\"},\"image\":{\"@id\":\"https:\\\/\\\/www.webdo.tn\\\/fr\\\/actualite\\\/divers\\\/la-cybercondrie-ce-nest-pas-une-plaisanterie\\\/178684\\\/#primaryimage\"},\"thumbnailUrl\":\"https:\\\/\\\/www.webdo.tn\\\/fr\\\/wp-content\\\/uploads\\\/2011\\\/03\\\/cybercondrie-300x224-1.jpg\",\"datePublished\":\"2011-03-14T10:41:00+00:00\",\"description\":\"La cybercondrie, ce n\u2019est pas une plaisanterie\",\"breadcrumb\":{\"@id\":\"https:\\\/\\\/www.webdo.tn\\\/fr\\\/actualite\\\/divers\\\/la-cybercondrie-ce-nest-pas-une-plaisanterie\\\/178684\\\/#breadcrumb\"},\"inLanguage\":\"fr-FR\",\"potentialAction\":[{\"@type\":\"ReadAction\",\"target\":[\"https:\\\/\\\/www.webdo.tn\\\/fr\\\/actualite\\\/divers\\\/la-cybercondrie-ce-nest-pas-une-plaisanterie\\\/178684\\\/\"]}]},{\"@type\":\"ImageObject\",\"inLanguage\":\"fr-FR\",\"@id\":\"https:\\\/\\\/www.webdo.tn\\\/fr\\\/actualite\\\/divers\\\/la-cybercondrie-ce-nest-pas-une-plaisanterie\\\/178684\\\/#primaryimage\",\"url\":\"https:\\\/\\\/www.webdo.tn\\\/fr\\\/wp-content\\\/uploads\\\/2011\\\/03\\\/cybercondrie-300x224-1.jpg\",\"contentUrl\":\"https:\\\/\\\/www.webdo.tn\\\/fr\\\/wp-content\\\/uploads\\\/2011\\\/03\\\/cybercondrie-300x224-1.jpg\",\"width\":300,\"height\":224,\"caption\":\"La cybercondrie, ce n\u2019est pas une plaisanterie\"},{\"@type\":\"BreadcrumbList\",\"@id\":\"https:\\\/\\\/www.webdo.tn\\\/fr\\\/actualite\\\/divers\\\/la-cybercondrie-ce-nest-pas-une-plaisanterie\\\/178684\\\/#breadcrumb\",\"itemListElement\":[{\"@type\":\"ListItem\",\"position\":1,\"name\":\"Accueil\",\"item\":\"https:\\\/\\\/www.webdo.tn\\\/fr\\\/\"},{\"@type\":\"ListItem\",\"position\":2,\"name\":\"La cybercondrie, ce n\u2019est pas une plaisanterie\"}]},{\"@type\":\"WebSite\",\"@id\":\"https:\\\/\\\/www.webdo.tn\\\/fr\\\/#website\",\"url\":\"https:\\\/\\\/www.webdo.tn\\\/fr\\\/\",\"name\":\"webdo\",\"description\":\"Tunisie - News en Tunisie et \u00e0 l&#039;international sur Webdo.tn\",\"publisher\":{\"@id\":\"https:\\\/\\\/www.webdo.tn\\\/fr\\\/#organization\"},\"potentialAction\":[{\"@type\":\"SearchAction\",\"target\":{\"@type\":\"EntryPoint\",\"urlTemplate\":\"https:\\\/\\\/www.webdo.tn\\\/fr\\\/?s={search_term_string}\"},\"query-input\":{\"@type\":\"PropertyValueSpecification\",\"valueRequired\":true,\"valueName\":\"search_term_string\"}}],\"inLanguage\":\"fr-FR\"},{\"@type\":\"Organization\",\"@id\":\"https:\\\/\\\/www.webdo.tn\\\/fr\\\/#organization\",\"name\":\"Webdo\",\"alternateName\":\"Webdo.tn\",\"url\":\"https:\\\/\\\/www.webdo.tn\\\/fr\\\/\",\"logo\":{\"@type\":\"ImageObject\",\"inLanguage\":\"fr-FR\",\"@id\":\"https:\\\/\\\/www.webdo.tn\\\/fr\\\/#\\\/schema\\\/logo\\\/image\\\/\",\"url\":\"https:\\\/\\\/www.webdo.tn\\\/fr\\\/wp-content\\\/uploads\\\/2025\\\/06\\\/Webdo-Tunisie_168377.jpg\",\"contentUrl\":\"https:\\\/\\\/www.webdo.tn\\\/fr\\\/wp-content\\\/uploads\\\/2025\\\/06\\\/Webdo-Tunisie_168377.jpg\",\"width\":301,\"height\":301,\"caption\":\"Webdo\"},\"image\":{\"@id\":\"https:\\\/\\\/www.webdo.tn\\\/fr\\\/#\\\/schema\\\/logo\\\/image\\\/\"},\"sameAs\":[\"https:\\\/\\\/www.facebook.com\\\/webdotn\",\"https:\\\/\\\/x.com\\\/webdo_tn\"],\"description\":\"Webdo est un m\u00e9dia num\u00e9rique tunisien fond\u00e9 en 2010, sp\u00e9cialis\u00e9 dans l\u2019actualit\u00e9 nationale et internationale, l\u2019\u00e9conomie, la soci\u00e9t\u00e9 et les analyses politiques. Le site s\u2019adresse \u00e0 un large public francophone et couvre l\u2019information tunisienne en temps r\u00e9el.\",\"email\":\"redac@webdo.tn\",\"legalName\":\"YNJ SARL\",\"foundingDate\":\"2010-09-06\",\"numberOfEmployees\":{\"@type\":\"QuantitativeValue\",\"minValue\":\"11\",\"maxValue\":\"50\"}},{\"@type\":\"Person\",\"@id\":\"https:\\\/\\\/www.webdo.tn\\\/fr\\\/#\\\/schema\\\/person\\\/9a9c6118d687c117df8ef3cc36a4d175\",\"name\":\"webdo.tn\",\"image\":{\"@type\":\"ImageObject\",\"inLanguage\":\"fr-FR\",\"@id\":\"https:\\\/\\\/secure.gravatar.com\\\/avatar\\\/7ce1f28c0c3bbac99ff550b85ef8e44a6950c6ee24514fb6a5489e51d06f0298?s=96&d=mm&r=g\",\"url\":\"https:\\\/\\\/secure.gravatar.com\\\/avatar\\\/7ce1f28c0c3bbac99ff550b85ef8e44a6950c6ee24514fb6a5489e51d06f0298?s=96&d=mm&r=g\",\"contentUrl\":\"https:\\\/\\\/secure.gravatar.com\\\/avatar\\\/7ce1f28c0c3bbac99ff550b85ef8e44a6950c6ee24514fb6a5489e51d06f0298?s=96&d=mm&r=g\",\"caption\":\"webdo.tn\"},\"url\":\"https:\\\/\\\/www.webdo.tn\\\/fr\\\/actualite\\\/author\\\/webdotn\\\/\"}]}<\/script>\n<!-- \/ Yoast SEO Premium plugin. -->","yoast_head_json":{"title":"La cybercondrie, ce n\u2019est pas une plaisanterie","description":"La cybercondrie, ce n\u2019est pas une plaisanterie","canonical":"https:\/\/www.webdo.tn\/fr\/actualite\/divers\/la-cybercondrie-ce-nest-pas-une-plaisanterie\/178684\/","og_locale":"fr_FR","og_type":"article","og_title":"La cybercondrie, ce n\u2019est pas une plaisanterie","og_description":"La cybercondrie, ce n\u2019est pas une plaisanterie","og_url":"https:\/\/www.webdo.tn\/fr\/actualite\/divers\/la-cybercondrie-ce-nest-pas-une-plaisanterie\/178684\/","og_site_name":"webdo","article_publisher":"https:\/\/www.facebook.com\/webdotn","article_published_time":"2011-03-14T10:41:00+00:00","og_image":[{"width":300,"height":224,"url":"https:\/\/www.webdo.tn\/fr\/wp-content\/uploads\/2011\/03\/cybercondrie-300x224-1.jpg","type":"image\/jpeg"}],"author":"webdo.tn","twitter_card":"summary_large_image","twitter_creator":"@webdo_tn","twitter_site":"@webdo_tn","twitter_misc":{"\u00c9crit par":"webdo.tn","Dur\u00e9e de lecture estim\u00e9e":"2 minutes"},"schema":{"@context":"https:\/\/schema.org","@graph":[{"@type":"NewsArticle","@id":"https:\/\/www.webdo.tn\/fr\/actualite\/divers\/la-cybercondrie-ce-nest-pas-une-plaisanterie\/178684\/#article","isPartOf":{"@id":"https:\/\/www.webdo.tn\/fr\/actualite\/divers\/la-cybercondrie-ce-nest-pas-une-plaisanterie\/178684\/"},"author":{"name":"webdo.tn","@id":"https:\/\/www.webdo.tn\/fr\/#\/schema\/person\/9a9c6118d687c117df8ef3cc36a4d175"},"headline":"La cybercondrie, ce n\u2019est pas une plaisanterie","datePublished":"2011-03-14T10:41:00+00:00","mainEntityOfPage":{"@id":"https:\/\/www.webdo.tn\/fr\/actualite\/divers\/la-cybercondrie-ce-nest-pas-une-plaisanterie\/178684\/"},"wordCount":451,"commentCount":0,"publisher":{"@id":"https:\/\/www.webdo.tn\/fr\/#organization"},"image":{"@id":"https:\/\/www.webdo.tn\/fr\/actualite\/divers\/la-cybercondrie-ce-nest-pas-une-plaisanterie\/178684\/#primaryimage"},"thumbnailUrl":"https:\/\/www.webdo.tn\/fr\/wp-content\/uploads\/2011\/03\/cybercondrie-300x224-1.jpg","articleSection":["Divers"],"inLanguage":"fr-FR"},{"@type":"WebPage","@id":"https:\/\/www.webdo.tn\/fr\/actualite\/divers\/la-cybercondrie-ce-nest-pas-une-plaisanterie\/178684\/","url":"https:\/\/www.webdo.tn\/fr\/actualite\/divers\/la-cybercondrie-ce-nest-pas-une-plaisanterie\/178684\/","name":"La cybercondrie, ce n\u2019est pas une plaisanterie","isPartOf":{"@id":"https:\/\/www.webdo.tn\/fr\/#website"},"primaryImageOfPage":{"@id":"https:\/\/www.webdo.tn\/fr\/actualite\/divers\/la-cybercondrie-ce-nest-pas-une-plaisanterie\/178684\/#primaryimage"},"image":{"@id":"https:\/\/www.webdo.tn\/fr\/actualite\/divers\/la-cybercondrie-ce-nest-pas-une-plaisanterie\/178684\/#primaryimage"},"thumbnailUrl":"https:\/\/www.webdo.tn\/fr\/wp-content\/uploads\/2011\/03\/cybercondrie-300x224-1.jpg","datePublished":"2011-03-14T10:41:00+00:00","description":"La cybercondrie, ce n\u2019est pas une plaisanterie","breadcrumb":{"@id":"https:\/\/www.webdo.tn\/fr\/actualite\/divers\/la-cybercondrie-ce-nest-pas-une-plaisanterie\/178684\/#breadcrumb"},"inLanguage":"fr-FR","potentialAction":[{"@type":"ReadAction","target":["https:\/\/www.webdo.tn\/fr\/actualite\/divers\/la-cybercondrie-ce-nest-pas-une-plaisanterie\/178684\/"]}]},{"@type":"ImageObject","inLanguage":"fr-FR","@id":"https:\/\/www.webdo.tn\/fr\/actualite\/divers\/la-cybercondrie-ce-nest-pas-une-plaisanterie\/178684\/#primaryimage","url":"https:\/\/www.webdo.tn\/fr\/wp-content\/uploads\/2011\/03\/cybercondrie-300x224-1.jpg","contentUrl":"https:\/\/www.webdo.tn\/fr\/wp-content\/uploads\/2011\/03\/cybercondrie-300x224-1.jpg","width":300,"height":224,"caption":"La cybercondrie, ce n\u2019est pas une plaisanterie"},{"@type":"BreadcrumbList","@id":"https:\/\/www.webdo.tn\/fr\/actualite\/divers\/la-cybercondrie-ce-nest-pas-une-plaisanterie\/178684\/#breadcrumb","itemListElement":[{"@type":"ListItem","position":1,"name":"Accueil","item":"https:\/\/www.webdo.tn\/fr\/"},{"@type":"ListItem","position":2,"name":"La cybercondrie, ce n\u2019est pas une plaisanterie"}]},{"@type":"WebSite","@id":"https:\/\/www.webdo.tn\/fr\/#website","url":"https:\/\/www.webdo.tn\/fr\/","name":"webdo","description":"Tunisie - News en Tunisie et \u00e0 l&#039;international sur Webdo.tn","publisher":{"@id":"https:\/\/www.webdo.tn\/fr\/#organization"},"potentialAction":[{"@type":"SearchAction","target":{"@type":"EntryPoint","urlTemplate":"https:\/\/www.webdo.tn\/fr\/?s={search_term_string}"},"query-input":{"@type":"PropertyValueSpecification","valueRequired":true,"valueName":"search_term_string"}}],"inLanguage":"fr-FR"},{"@type":"Organization","@id":"https:\/\/www.webdo.tn\/fr\/#organization","name":"Webdo","alternateName":"Webdo.tn","url":"https:\/\/www.webdo.tn\/fr\/","logo":{"@type":"ImageObject","inLanguage":"fr-FR","@id":"https:\/\/www.webdo.tn\/fr\/#\/schema\/logo\/image\/","url":"https:\/\/www.webdo.tn\/fr\/wp-content\/uploads\/2025\/06\/Webdo-Tunisie_168377.jpg","contentUrl":"https:\/\/www.webdo.tn\/fr\/wp-content\/uploads\/2025\/06\/Webdo-Tunisie_168377.jpg","width":301,"height":301,"caption":"Webdo"},"image":{"@id":"https:\/\/www.webdo.tn\/fr\/#\/schema\/logo\/image\/"},"sameAs":["https:\/\/www.facebook.com\/webdotn","https:\/\/x.com\/webdo_tn"],"description":"Webdo est un m\u00e9dia num\u00e9rique tunisien fond\u00e9 en 2010, sp\u00e9cialis\u00e9 dans l\u2019actualit\u00e9 nationale et internationale, l\u2019\u00e9conomie, la soci\u00e9t\u00e9 et les analyses politiques. Le site s\u2019adresse \u00e0 un large public francophone et couvre l\u2019information tunisienne en temps r\u00e9el.","email":"redac@webdo.tn","legalName":"YNJ SARL","foundingDate":"2010-09-06","numberOfEmployees":{"@type":"QuantitativeValue","minValue":"11","maxValue":"50"}},{"@type":"Person","@id":"https:\/\/www.webdo.tn\/fr\/#\/schema\/person\/9a9c6118d687c117df8ef3cc36a4d175","name":"webdo.tn","image":{"@type":"ImageObject","inLanguage":"fr-FR","@id":"https:\/\/secure.gravatar.com\/avatar\/7ce1f28c0c3bbac99ff550b85ef8e44a6950c6ee24514fb6a5489e51d06f0298?s=96&d=mm&r=g","url":"https:\/\/secure.gravatar.com\/avatar\/7ce1f28c0c3bbac99ff550b85ef8e44a6950c6ee24514fb6a5489e51d06f0298?s=96&d=mm&r=g","contentUrl":"https:\/\/secure.gravatar.com\/avatar\/7ce1f28c0c3bbac99ff550b85ef8e44a6950c6ee24514fb6a5489e51d06f0298?s=96&d=mm&r=g","caption":"webdo.tn"},"url":"https:\/\/www.webdo.tn\/fr\/actualite\/author\/webdotn\/"}]}},"_links":{"self":[{"href":"https:\/\/www.webdo.tn\/fr\/wp-json\/wp\/v2\/posts\/178684","targetHints":{"allow":["GET"]}}],"collection":[{"href":"https:\/\/www.webdo.tn\/fr\/wp-json\/wp\/v2\/posts"}],"about":[{"href":"https:\/\/www.webdo.tn\/fr\/wp-json\/wp\/v2\/types\/post"}],"author":[{"embeddable":true,"href":"https:\/\/www.webdo.tn\/fr\/wp-json\/wp\/v2\/users\/3222"}],"replies":[{"embeddable":true,"href":"https:\/\/www.webdo.tn\/fr\/wp-json\/wp\/v2\/comments?post=178684"}],"version-history":[{"count":0,"href":"https:\/\/www.webdo.tn\/fr\/wp-json\/wp\/v2\/posts\/178684\/revisions"}],"wp:featuredmedia":[{"embeddable":true,"href":"https:\/\/www.webdo.tn\/fr\/wp-json\/wp\/v2\/media\/365845"}],"wp:attachment":[{"href":"https:\/\/www.webdo.tn\/fr\/wp-json\/wp\/v2\/media?parent=178684"}],"wp:term":[{"taxonomy":"category","embeddable":true,"href":"https:\/\/www.webdo.tn\/fr\/wp-json\/wp\/v2\/categories?post=178684"},{"taxonomy":"post_tag","embeddable":true,"href":"https:\/\/www.webdo.tn\/fr\/wp-json\/wp\/v2\/tags?post=178684"}],"curies":[{"name":"wp","href":"https:\/\/api.w.org\/{rel}","templated":true}]}}