{"id":178682,"date":"2011-03-15T21:10:00","date_gmt":"2011-03-15T21:10:00","guid":{"rendered":"https:\/\/www.webdo.tn\/fr\/actualite\/blog\/sakhr-el-materi-ma-detruit-la-vie\/178682\/"},"modified":"2011-03-15T21:10:00","modified_gmt":"2011-03-15T21:10:00","slug":"sakhr-el-materi-ma-detruit-la-vie","status":"publish","type":"post","link":"https:\/\/www.webdo.tn\/fr\/actualite\/divers\/sakhr-el-materi-ma-detruit-la-vie\/178682\/","title":{"rendered":"\u00ab\u00a0Sakhr El Materi m&rsquo;a d\u00e9truit la vie\u00a0\u00bb"},"content":{"rendered":"<p>Troisi\u00e8me volet de notre reportage consacr\u00e9 au t\u00e9moignage de Karim Ben Brahim. Comme nous vous l&rsquo;avons expos\u00e9, Karim a \u00e9t\u00e9 utilis\u00e9 puis manipul\u00e9 par Sakher El Matri, qui n&rsquo;a pas h\u00e9sit\u00e9 par la suite, \u00e0 le faire torturer comme il le raconte dans ce dernier volet de notre reportage. Le calvaire de Karim s&rsquo;est poursuivi en prison avec la complicit\u00e9 des services de l&rsquo;\u00e9tat inf\u00e9od\u00e9s au bon vouloir des membres de la famille du clan mafieu. Une histoire qui illustre de fa\u00e7on tragique les m\u00e9thodes de l&rsquo;ancien r\u00e9gime.<\/p>\n<p>D\u00e8s le premier retour  de Karim de Londres vers la Tunisie le 3 F\u00e9vrier 2009 il se trouva enlev\u00e9 par les agents de  la s\u00e9curit\u00e9 nationale d\u00e8s sa descente de l&rsquo;avion.  Cagoul\u00e9 et forc\u00e9 \u00e0 monter dans un 4&#215;4, il a \u00e9t\u00e9 emmen\u00e9 au minist\u00e8re de  l&rsquo;Int\u00e9rieur. Et c&rsquo;est la que son calvaire a commenc\u00e9. Il y a \u00e9t\u00e9 d\u00e9nud\u00e9, insult\u00e9, violent\u00e9 et y a subi plusieurs tentatives de viols par des matraques. Karim a  vraiment senti que ses jours \u00e9taient compt\u00e9s, sans comprendre pour autant le motif de son enl\u00e8vement camoufl\u00e9 en arrestation. Trois jours de maltraitance sont pass\u00e9s et c&rsquo;est au bout du troisi\u00e8me que le vrai cauchemar a commenc\u00e9 pour cet employ\u00e9 de l&rsquo;ambassade. On lui a  demand\u00e9 d&rsquo;\u00e9crire sur une feuille le nom de tous ses amis qui habitaient  dans sa ville natale, sans exception, tous les hommes les plus proches comme les moins proches.<\/p>\n<p>Pendant tout ce temps l\u00e0, sa famille qui \u00e9tait venue l\u2019accueillir \u00e0 l&rsquo;a\u00e9roport, est rest\u00e9e sans nouvelles.<\/p>\n<p>L&rsquo;op\u00e9ration a \u00e9t\u00e9 r\u00e9alis\u00e9e avec une telle subtilit\u00e9. La brigade des affaires des m\u0153urs s&#8217;empara de l\u2019affaire. Apr\u00e8s que des recherches aient  \u00e9t\u00e9 men\u00e9es, un des hommes pr\u00e9sent sur la liste a \u00e9t\u00e9 emmen\u00e9 le 7 F\u00e9vrier 2009 au minist\u00e8re, un certain Maher el H. Connu pour \u00eatre simple d\u2019esprit et pour ses ant\u00e9c\u00e9dents dans des affaires de drogue,  Maher \u00e9tait la  victime parfaite. Il a \u00e9t\u00e9 forc\u00e9 d&rsquo;avouer, devant Karim,  avoir eu des rapports sexuels avec lui devant le parc du club africain a Tunis.<\/p>\n<p>C&rsquo;est ainsi que Karim a \u00e9t\u00e9 jug\u00e9 et qu\u2019une peine de 6 mois de prison ferme lui a \u00e9t\u00e9 ordonn\u00e9e le 21 F\u00e9vrier 2009. Bien s\u00fbr, le juge charg\u00e9 de l&rsquo;affaire \u00e9tait M Mohamed Ben Chwika, un des six juges  \u00e9cart\u00e9s pour corruption.  Le cauchemar continua, le nom de Karim fut  mis sur la \u00ab\u00a0black list\u00a0\u00bb des personnes sous surveillance aux fronti\u00e8res (code  07). Son t\u00e9l\u00e9phone \u00e9tait sous \u00e9coute et il lui \u00e9tait interdit de quitter la Tunisie. Il se  retrouva ainsi sans travail, ni revenu.<\/p>\n<p>L&rsquo;ombre de cette famille plane toujours et malgr\u00e9 tout, la peur subsiste encore.  L&rsquo;affaire n&rsquo;est pas simple. Elle touche un point sensible de la vie de l&rsquo;homme d&rsquo;affaires mais aussi de celle de personnages influents  de l\u2019ancien r\u00e9gime. Une plainte a \u00e9t\u00e9 d\u00e9pos\u00e9e au nom de Karim afin  que justice lui soit rendue. Dans sa plainte, il accuse Sakher El Materi, Mohamed Ghariani, Rafik Hadj Kacem et Hamida Labidi. Maitre Mohamed El Mehrzi Abbou vient de saisir l&rsquo;affaire au tribunal et vient d&rsquo;obtenir l\u2019ordre qu&rsquo;une enqu\u00eate soit ouverte.<\/p>\n<p>Les dommages ont \u00e9t\u00e9 importants pour cet  homme: plus de travail, sa vie priv\u00e9e a \u00e9t\u00e9 affaiblie et son image a \u00e9t\u00e9  touch\u00e9e. Il a adress\u00e9 une lettre \u00e0 trois ministres, celui de l\u2019Int\u00e9rieur et d\u00e9veloppement Local, celui de la Justice et droits de l&rsquo;homme ainsi que celui des affaires \u00e9trang\u00e8res.<\/p>\n<p>Karim veut \u00eatre blanchi et reprendre son travail original. Il conclut ; \u00ab\u00a0J&rsquo;ai un gamin de 12 ans, il en a vraiment souffert\u00a0\u00bb.<\/p>\n<p>Les deux pr\u00e9c\u00e9dents articles:<br \/>\nKarim, l\u2019homme qui fut aux petits soins des Ben Ali<br \/>\nSakher El Materi n\u2019assume pas son penchant pour les hommes\u2026<\/p>\n","protected":false},"excerpt":{"rendered":"<p> Sakhr El Materi m&rsquo;a d\u00e9truit la vie   <\/p>\n","protected":false},"author":3222,"featured_media":376564,"comment_status":"open","ping_status":"closed","sticky":false,"template":"","format":"standard","meta":{"footnotes":""},"categories":[2839],"tags":[],"class_list":["post-178682","post","type-post","status-publish","format-standard","has-post-thumbnail","hentry","category-divers"],"yoast_head":"<!-- This site is optimized with the Yoast SEO Premium plugin v27.4 (Yoast SEO v27.4) - https:\/\/yoast.com\/product\/yoast-seo-premium-wordpress\/ -->\n<title>Sakhr El Materi m&#039;a d\u00e9truit la vie<\/title>\n<meta name=\"description\" content=\"Sakhr El Materi m&#039;a d\u00e9truit la vie\" \/>\n<link rel=\"canonical\" href=\"https:\/\/www.webdo.tn\/fr\/actualite\/divers\/sakhr-el-materi-ma-detruit-la-vie\/178682\/\" \/>\n<meta property=\"og:locale\" content=\"fr_FR\" \/>\n<meta property=\"og:type\" content=\"article\" \/>\n<meta property=\"og:title\" content=\"&quot;Sakhr El Materi m&#039;a d\u00e9truit la vie&quot;\" \/>\n<meta property=\"og:description\" content=\"Sakhr El Materi m&#039;a d\u00e9truit la vie\" \/>\n<meta property=\"og:url\" content=\"https:\/\/www.webdo.tn\/fr\/actualite\/divers\/sakhr-el-materi-ma-detruit-la-vie\/178682\/\" \/>\n<meta property=\"og:site_name\" content=\"webdo\" \/>\n<meta property=\"article:publisher\" content=\"https:\/\/www.facebook.com\/webdotn\" \/>\n<meta property=\"article:published_time\" content=\"2011-03-15T21:10:00+00:00\" \/>\n<meta property=\"og:image\" content=\"https:\/\/www.webdo.tn\/fr\/wp-content\/uploads\/2011\/03\/Sakhr-El-Materi-300x232-1.jpg\" \/>\n\t<meta property=\"og:image:width\" content=\"300\" \/>\n\t<meta property=\"og:image:height\" content=\"232\" \/>\n\t<meta property=\"og:image:type\" content=\"image\/jpeg\" \/>\n<meta name=\"author\" content=\"webdo.tn\" \/>\n<meta name=\"twitter:card\" content=\"summary_large_image\" \/>\n<meta name=\"twitter:creator\" content=\"@webdo_tn\" \/>\n<meta name=\"twitter:site\" content=\"@webdo_tn\" \/>\n<meta name=\"twitter:label1\" content=\"\u00c9crit par\" \/>\n\t<meta name=\"twitter:data1\" content=\"webdo.tn\" \/>\n\t<meta name=\"twitter:label2\" content=\"Dur\u00e9e de lecture estim\u00e9e\" \/>\n\t<meta name=\"twitter:data2\" content=\"3 minutes\" \/>\n<script type=\"application\/ld+json\" class=\"yoast-schema-graph\">{\"@context\":\"https:\\\/\\\/schema.org\",\"@graph\":[{\"@type\":\"NewsArticle\",\"@id\":\"https:\\\/\\\/www.webdo.tn\\\/fr\\\/actualite\\\/divers\\\/sakhr-el-materi-ma-detruit-la-vie\\\/178682\\\/#article\",\"isPartOf\":{\"@id\":\"https:\\\/\\\/www.webdo.tn\\\/fr\\\/actualite\\\/divers\\\/sakhr-el-materi-ma-detruit-la-vie\\\/178682\\\/\"},\"author\":{\"name\":\"webdo.tn\",\"@id\":\"https:\\\/\\\/www.webdo.tn\\\/fr\\\/#\\\/schema\\\/person\\\/9a9c6118d687c117df8ef3cc36a4d175\"},\"headline\":\"\u00ab\u00a0Sakhr El Materi m&rsquo;a d\u00e9truit la vie\u00a0\u00bb\",\"datePublished\":\"2011-03-15T21:10:00+00:00\",\"mainEntityOfPage\":{\"@id\":\"https:\\\/\\\/www.webdo.tn\\\/fr\\\/actualite\\\/divers\\\/sakhr-el-materi-ma-detruit-la-vie\\\/178682\\\/\"},\"wordCount\":693,\"commentCount\":0,\"publisher\":{\"@id\":\"https:\\\/\\\/www.webdo.tn\\\/fr\\\/#organization\"},\"image\":{\"@id\":\"https:\\\/\\\/www.webdo.tn\\\/fr\\\/actualite\\\/divers\\\/sakhr-el-materi-ma-detruit-la-vie\\\/178682\\\/#primaryimage\"},\"thumbnailUrl\":\"https:\\\/\\\/www.webdo.tn\\\/fr\\\/wp-content\\\/uploads\\\/2011\\\/03\\\/Sakhr-El-Materi-300x232-1.jpg\",\"articleSection\":[\"Divers\"],\"inLanguage\":\"fr-FR\"},{\"@type\":\"WebPage\",\"@id\":\"https:\\\/\\\/www.webdo.tn\\\/fr\\\/actualite\\\/divers\\\/sakhr-el-materi-ma-detruit-la-vie\\\/178682\\\/\",\"url\":\"https:\\\/\\\/www.webdo.tn\\\/fr\\\/actualite\\\/divers\\\/sakhr-el-materi-ma-detruit-la-vie\\\/178682\\\/\",\"name\":\"Sakhr El Materi m'a d\u00e9truit la vie\",\"isPartOf\":{\"@id\":\"https:\\\/\\\/www.webdo.tn\\\/fr\\\/#website\"},\"primaryImageOfPage\":{\"@id\":\"https:\\\/\\\/www.webdo.tn\\\/fr\\\/actualite\\\/divers\\\/sakhr-el-materi-ma-detruit-la-vie\\\/178682\\\/#primaryimage\"},\"image\":{\"@id\":\"https:\\\/\\\/www.webdo.tn\\\/fr\\\/actualite\\\/divers\\\/sakhr-el-materi-ma-detruit-la-vie\\\/178682\\\/#primaryimage\"},\"thumbnailUrl\":\"https:\\\/\\\/www.webdo.tn\\\/fr\\\/wp-content\\\/uploads\\\/2011\\\/03\\\/Sakhr-El-Materi-300x232-1.jpg\",\"datePublished\":\"2011-03-15T21:10:00+00:00\",\"description\":\"Sakhr El Materi m'a d\u00e9truit la vie\",\"breadcrumb\":{\"@id\":\"https:\\\/\\\/www.webdo.tn\\\/fr\\\/actualite\\\/divers\\\/sakhr-el-materi-ma-detruit-la-vie\\\/178682\\\/#breadcrumb\"},\"inLanguage\":\"fr-FR\",\"potentialAction\":[{\"@type\":\"ReadAction\",\"target\":[\"https:\\\/\\\/www.webdo.tn\\\/fr\\\/actualite\\\/divers\\\/sakhr-el-materi-ma-detruit-la-vie\\\/178682\\\/\"]}]},{\"@type\":\"ImageObject\",\"inLanguage\":\"fr-FR\",\"@id\":\"https:\\\/\\\/www.webdo.tn\\\/fr\\\/actualite\\\/divers\\\/sakhr-el-materi-ma-detruit-la-vie\\\/178682\\\/#primaryimage\",\"url\":\"https:\\\/\\\/www.webdo.tn\\\/fr\\\/wp-content\\\/uploads\\\/2011\\\/03\\\/Sakhr-El-Materi-300x232-1.jpg\",\"contentUrl\":\"https:\\\/\\\/www.webdo.tn\\\/fr\\\/wp-content\\\/uploads\\\/2011\\\/03\\\/Sakhr-El-Materi-300x232-1.jpg\",\"width\":300,\"height\":232,\"caption\":\"\\\"Sakhr El Materi m'a d\u00e9truit la vie\\\"\"},{\"@type\":\"BreadcrumbList\",\"@id\":\"https:\\\/\\\/www.webdo.tn\\\/fr\\\/actualite\\\/divers\\\/sakhr-el-materi-ma-detruit-la-vie\\\/178682\\\/#breadcrumb\",\"itemListElement\":[{\"@type\":\"ListItem\",\"position\":1,\"name\":\"Accueil\",\"item\":\"https:\\\/\\\/www.webdo.tn\\\/fr\\\/\"},{\"@type\":\"ListItem\",\"position\":2,\"name\":\"\u00ab\u00a0Sakhr El Materi m&rsquo;a d\u00e9truit la vie\u00a0\u00bb\"}]},{\"@type\":\"WebSite\",\"@id\":\"https:\\\/\\\/www.webdo.tn\\\/fr\\\/#website\",\"url\":\"https:\\\/\\\/www.webdo.tn\\\/fr\\\/\",\"name\":\"webdo\",\"description\":\"Tunisie - News en Tunisie et \u00e0 l&#039;international sur Webdo.tn\",\"publisher\":{\"@id\":\"https:\\\/\\\/www.webdo.tn\\\/fr\\\/#organization\"},\"potentialAction\":[{\"@type\":\"SearchAction\",\"target\":{\"@type\":\"EntryPoint\",\"urlTemplate\":\"https:\\\/\\\/www.webdo.tn\\\/fr\\\/?s={search_term_string}\"},\"query-input\":{\"@type\":\"PropertyValueSpecification\",\"valueRequired\":true,\"valueName\":\"search_term_string\"}}],\"inLanguage\":\"fr-FR\"},{\"@type\":\"Organization\",\"@id\":\"https:\\\/\\\/www.webdo.tn\\\/fr\\\/#organization\",\"name\":\"Webdo\",\"alternateName\":\"Webdo.tn\",\"url\":\"https:\\\/\\\/www.webdo.tn\\\/fr\\\/\",\"logo\":{\"@type\":\"ImageObject\",\"inLanguage\":\"fr-FR\",\"@id\":\"https:\\\/\\\/www.webdo.tn\\\/fr\\\/#\\\/schema\\\/logo\\\/image\\\/\",\"url\":\"https:\\\/\\\/www.webdo.tn\\\/fr\\\/wp-content\\\/uploads\\\/2025\\\/06\\\/Webdo-Tunisie_168377.jpg\",\"contentUrl\":\"https:\\\/\\\/www.webdo.tn\\\/fr\\\/wp-content\\\/uploads\\\/2025\\\/06\\\/Webdo-Tunisie_168377.jpg\",\"width\":301,\"height\":301,\"caption\":\"Webdo\"},\"image\":{\"@id\":\"https:\\\/\\\/www.webdo.tn\\\/fr\\\/#\\\/schema\\\/logo\\\/image\\\/\"},\"sameAs\":[\"https:\\\/\\\/www.facebook.com\\\/webdotn\",\"https:\\\/\\\/x.com\\\/webdo_tn\"],\"description\":\"Webdo est un m\u00e9dia num\u00e9rique tunisien fond\u00e9 en 2010, sp\u00e9cialis\u00e9 dans l\u2019actualit\u00e9 nationale et internationale, l\u2019\u00e9conomie, la soci\u00e9t\u00e9 et les analyses politiques. Le site s\u2019adresse \u00e0 un large public francophone et couvre l\u2019information tunisienne en temps r\u00e9el.\",\"email\":\"redac@webdo.tn\",\"legalName\":\"YNJ SARL\",\"foundingDate\":\"2010-09-06\",\"numberOfEmployees\":{\"@type\":\"QuantitativeValue\",\"minValue\":\"11\",\"maxValue\":\"50\"}},{\"@type\":\"Person\",\"@id\":\"https:\\\/\\\/www.webdo.tn\\\/fr\\\/#\\\/schema\\\/person\\\/9a9c6118d687c117df8ef3cc36a4d175\",\"name\":\"webdo.tn\",\"image\":{\"@type\":\"ImageObject\",\"inLanguage\":\"fr-FR\",\"@id\":\"https:\\\/\\\/secure.gravatar.com\\\/avatar\\\/7ce1f28c0c3bbac99ff550b85ef8e44a6950c6ee24514fb6a5489e51d06f0298?s=96&d=mm&r=g\",\"url\":\"https:\\\/\\\/secure.gravatar.com\\\/avatar\\\/7ce1f28c0c3bbac99ff550b85ef8e44a6950c6ee24514fb6a5489e51d06f0298?s=96&d=mm&r=g\",\"contentUrl\":\"https:\\\/\\\/secure.gravatar.com\\\/avatar\\\/7ce1f28c0c3bbac99ff550b85ef8e44a6950c6ee24514fb6a5489e51d06f0298?s=96&d=mm&r=g\",\"caption\":\"webdo.tn\"},\"url\":\"https:\\\/\\\/www.webdo.tn\\\/fr\\\/actualite\\\/author\\\/webdotn\\\/\"}]}<\/script>\n<!-- \/ Yoast SEO Premium plugin. -->","yoast_head_json":{"title":"Sakhr El Materi m'a d\u00e9truit la vie","description":"Sakhr El Materi m'a d\u00e9truit la vie","canonical":"https:\/\/www.webdo.tn\/fr\/actualite\/divers\/sakhr-el-materi-ma-detruit-la-vie\/178682\/","og_locale":"fr_FR","og_type":"article","og_title":"\"Sakhr El Materi m'a d\u00e9truit la vie\"","og_description":"Sakhr El Materi m'a d\u00e9truit la vie","og_url":"https:\/\/www.webdo.tn\/fr\/actualite\/divers\/sakhr-el-materi-ma-detruit-la-vie\/178682\/","og_site_name":"webdo","article_publisher":"https:\/\/www.facebook.com\/webdotn","article_published_time":"2011-03-15T21:10:00+00:00","og_image":[{"width":300,"height":232,"url":"https:\/\/www.webdo.tn\/fr\/wp-content\/uploads\/2011\/03\/Sakhr-El-Materi-300x232-1.jpg","type":"image\/jpeg"}],"author":"webdo.tn","twitter_card":"summary_large_image","twitter_creator":"@webdo_tn","twitter_site":"@webdo_tn","twitter_misc":{"\u00c9crit par":"webdo.tn","Dur\u00e9e de lecture estim\u00e9e":"3 minutes"},"schema":{"@context":"https:\/\/schema.org","@graph":[{"@type":"NewsArticle","@id":"https:\/\/www.webdo.tn\/fr\/actualite\/divers\/sakhr-el-materi-ma-detruit-la-vie\/178682\/#article","isPartOf":{"@id":"https:\/\/www.webdo.tn\/fr\/actualite\/divers\/sakhr-el-materi-ma-detruit-la-vie\/178682\/"},"author":{"name":"webdo.tn","@id":"https:\/\/www.webdo.tn\/fr\/#\/schema\/person\/9a9c6118d687c117df8ef3cc36a4d175"},"headline":"\u00ab\u00a0Sakhr El Materi m&rsquo;a d\u00e9truit la vie\u00a0\u00bb","datePublished":"2011-03-15T21:10:00+00:00","mainEntityOfPage":{"@id":"https:\/\/www.webdo.tn\/fr\/actualite\/divers\/sakhr-el-materi-ma-detruit-la-vie\/178682\/"},"wordCount":693,"commentCount":0,"publisher":{"@id":"https:\/\/www.webdo.tn\/fr\/#organization"},"image":{"@id":"https:\/\/www.webdo.tn\/fr\/actualite\/divers\/sakhr-el-materi-ma-detruit-la-vie\/178682\/#primaryimage"},"thumbnailUrl":"https:\/\/www.webdo.tn\/fr\/wp-content\/uploads\/2011\/03\/Sakhr-El-Materi-300x232-1.jpg","articleSection":["Divers"],"inLanguage":"fr-FR"},{"@type":"WebPage","@id":"https:\/\/www.webdo.tn\/fr\/actualite\/divers\/sakhr-el-materi-ma-detruit-la-vie\/178682\/","url":"https:\/\/www.webdo.tn\/fr\/actualite\/divers\/sakhr-el-materi-ma-detruit-la-vie\/178682\/","name":"Sakhr El Materi m'a d\u00e9truit la vie","isPartOf":{"@id":"https:\/\/www.webdo.tn\/fr\/#website"},"primaryImageOfPage":{"@id":"https:\/\/www.webdo.tn\/fr\/actualite\/divers\/sakhr-el-materi-ma-detruit-la-vie\/178682\/#primaryimage"},"image":{"@id":"https:\/\/www.webdo.tn\/fr\/actualite\/divers\/sakhr-el-materi-ma-detruit-la-vie\/178682\/#primaryimage"},"thumbnailUrl":"https:\/\/www.webdo.tn\/fr\/wp-content\/uploads\/2011\/03\/Sakhr-El-Materi-300x232-1.jpg","datePublished":"2011-03-15T21:10:00+00:00","description":"Sakhr El Materi m'a d\u00e9truit la vie","breadcrumb":{"@id":"https:\/\/www.webdo.tn\/fr\/actualite\/divers\/sakhr-el-materi-ma-detruit-la-vie\/178682\/#breadcrumb"},"inLanguage":"fr-FR","potentialAction":[{"@type":"ReadAction","target":["https:\/\/www.webdo.tn\/fr\/actualite\/divers\/sakhr-el-materi-ma-detruit-la-vie\/178682\/"]}]},{"@type":"ImageObject","inLanguage":"fr-FR","@id":"https:\/\/www.webdo.tn\/fr\/actualite\/divers\/sakhr-el-materi-ma-detruit-la-vie\/178682\/#primaryimage","url":"https:\/\/www.webdo.tn\/fr\/wp-content\/uploads\/2011\/03\/Sakhr-El-Materi-300x232-1.jpg","contentUrl":"https:\/\/www.webdo.tn\/fr\/wp-content\/uploads\/2011\/03\/Sakhr-El-Materi-300x232-1.jpg","width":300,"height":232,"caption":"\"Sakhr El Materi m'a d\u00e9truit la vie\""},{"@type":"BreadcrumbList","@id":"https:\/\/www.webdo.tn\/fr\/actualite\/divers\/sakhr-el-materi-ma-detruit-la-vie\/178682\/#breadcrumb","itemListElement":[{"@type":"ListItem","position":1,"name":"Accueil","item":"https:\/\/www.webdo.tn\/fr\/"},{"@type":"ListItem","position":2,"name":"\u00ab\u00a0Sakhr El Materi m&rsquo;a d\u00e9truit la vie\u00a0\u00bb"}]},{"@type":"WebSite","@id":"https:\/\/www.webdo.tn\/fr\/#website","url":"https:\/\/www.webdo.tn\/fr\/","name":"webdo","description":"Tunisie - News en Tunisie et \u00e0 l&#039;international sur Webdo.tn","publisher":{"@id":"https:\/\/www.webdo.tn\/fr\/#organization"},"potentialAction":[{"@type":"SearchAction","target":{"@type":"EntryPoint","urlTemplate":"https:\/\/www.webdo.tn\/fr\/?s={search_term_string}"},"query-input":{"@type":"PropertyValueSpecification","valueRequired":true,"valueName":"search_term_string"}}],"inLanguage":"fr-FR"},{"@type":"Organization","@id":"https:\/\/www.webdo.tn\/fr\/#organization","name":"Webdo","alternateName":"Webdo.tn","url":"https:\/\/www.webdo.tn\/fr\/","logo":{"@type":"ImageObject","inLanguage":"fr-FR","@id":"https:\/\/www.webdo.tn\/fr\/#\/schema\/logo\/image\/","url":"https:\/\/www.webdo.tn\/fr\/wp-content\/uploads\/2025\/06\/Webdo-Tunisie_168377.jpg","contentUrl":"https:\/\/www.webdo.tn\/fr\/wp-content\/uploads\/2025\/06\/Webdo-Tunisie_168377.jpg","width":301,"height":301,"caption":"Webdo"},"image":{"@id":"https:\/\/www.webdo.tn\/fr\/#\/schema\/logo\/image\/"},"sameAs":["https:\/\/www.facebook.com\/webdotn","https:\/\/x.com\/webdo_tn"],"description":"Webdo est un m\u00e9dia num\u00e9rique tunisien fond\u00e9 en 2010, sp\u00e9cialis\u00e9 dans l\u2019actualit\u00e9 nationale et internationale, l\u2019\u00e9conomie, la soci\u00e9t\u00e9 et les analyses politiques. Le site s\u2019adresse \u00e0 un large public francophone et couvre l\u2019information tunisienne en temps r\u00e9el.","email":"redac@webdo.tn","legalName":"YNJ SARL","foundingDate":"2010-09-06","numberOfEmployees":{"@type":"QuantitativeValue","minValue":"11","maxValue":"50"}},{"@type":"Person","@id":"https:\/\/www.webdo.tn\/fr\/#\/schema\/person\/9a9c6118d687c117df8ef3cc36a4d175","name":"webdo.tn","image":{"@type":"ImageObject","inLanguage":"fr-FR","@id":"https:\/\/secure.gravatar.com\/avatar\/7ce1f28c0c3bbac99ff550b85ef8e44a6950c6ee24514fb6a5489e51d06f0298?s=96&d=mm&r=g","url":"https:\/\/secure.gravatar.com\/avatar\/7ce1f28c0c3bbac99ff550b85ef8e44a6950c6ee24514fb6a5489e51d06f0298?s=96&d=mm&r=g","contentUrl":"https:\/\/secure.gravatar.com\/avatar\/7ce1f28c0c3bbac99ff550b85ef8e44a6950c6ee24514fb6a5489e51d06f0298?s=96&d=mm&r=g","caption":"webdo.tn"},"url":"https:\/\/www.webdo.tn\/fr\/actualite\/author\/webdotn\/"}]}},"_links":{"self":[{"href":"https:\/\/www.webdo.tn\/fr\/wp-json\/wp\/v2\/posts\/178682","targetHints":{"allow":["GET"]}}],"collection":[{"href":"https:\/\/www.webdo.tn\/fr\/wp-json\/wp\/v2\/posts"}],"about":[{"href":"https:\/\/www.webdo.tn\/fr\/wp-json\/wp\/v2\/types\/post"}],"author":[{"embeddable":true,"href":"https:\/\/www.webdo.tn\/fr\/wp-json\/wp\/v2\/users\/3222"}],"replies":[{"embeddable":true,"href":"https:\/\/www.webdo.tn\/fr\/wp-json\/wp\/v2\/comments?post=178682"}],"version-history":[{"count":0,"href":"https:\/\/www.webdo.tn\/fr\/wp-json\/wp\/v2\/posts\/178682\/revisions"}],"wp:featuredmedia":[{"embeddable":true,"href":"https:\/\/www.webdo.tn\/fr\/wp-json\/wp\/v2\/media\/376564"}],"wp:attachment":[{"href":"https:\/\/www.webdo.tn\/fr\/wp-json\/wp\/v2\/media?parent=178682"}],"wp:term":[{"taxonomy":"category","embeddable":true,"href":"https:\/\/www.webdo.tn\/fr\/wp-json\/wp\/v2\/categories?post=178682"},{"taxonomy":"post_tag","embeddable":true,"href":"https:\/\/www.webdo.tn\/fr\/wp-json\/wp\/v2\/tags?post=178682"}],"curies":[{"name":"wp","href":"https:\/\/api.w.org\/{rel}","templated":true}]}}