{"id":178675,"date":"2011-03-30T11:45:00","date_gmt":"2011-03-30T11:45:00","guid":{"rendered":"https:\/\/www.webdo.tn\/fr\/actualite\/blog\/telecommunications-lugtt-a-la-chasse-du-7\/173945\/"},"modified":"2025-06-04T20:40:58","modified_gmt":"2025-06-04T20:40:58","slug":"telecommunications-lugtt-a-la-chasse-du-7","status":"publish","type":"post","link":"https:\/\/www.webdo.tn\/fr\/actualite\/divers\/telecommunications-lugtt-a-la-chasse-du-7\/178675\/","title":{"rendered":"T\u00e9l\u00e9communications, l\u2019UGTT \u00e0 la chasse du 7"},"content":{"rendered":"<p>Le pr\u00e9fixe 7, qui suite \u00e0 l\u2019arr\u00eat\u00e9 du ministre des Technologies de la Communication datant du 10 ao\u00fbt 2001 et amend\u00e9 le 2 d\u00e9cembre 2009 avait \u00e9t\u00e9 d\u00e9di\u00e9 \u00e0 la t\u00e9l\u00e9phonie fixe, a fait derni\u00e8rement l\u2019objet d\u2019une motion de l\u2019UGTT et pr\u00e9cis\u00e9ment de la f\u00e9d\u00e9ration des t\u00e9l\u00e9communications et de la Poste.<\/p>\n<p>Pour les syndicalistes, le pr\u00e9fixe 7 renvoie \u00e0 la fameuse date du 7 novembre. Pour eux, il faut changer ce num\u00e9ro. Cette fois, les syndicalistes sont \u00e0 c\u00f4t\u00e9 de la plaque. <\/p>\n<p>Premi\u00e8rement, pour tout changement, il faut un chambardement du plan du num\u00e9rotage. <\/p>\n<p>Deuxi\u00e8mement, cela demande un changement de toute la paperasse des minist\u00e8res, des entreprises et des personnes, \u00e0 commencer par les cartes de visite des simples citoyens en passant par les documents officiels et autres. <\/p>\n<p>Troisi\u00e8mement, il faut mettre en place une campagne de communication pour faire passer ce changement aupr\u00e8s des citoyens. Aucun op\u00e9rateur de t\u00e9l\u00e9coms ne peut accepter un tel chambardement.<\/p>\n<p>Retour \u00e0 l\u2019arr\u00eat\u00e9 du ministre des Technologies de la communication: il stipule, dans son 5\u00e8me article, que le premier chiffre des num\u00e9ros des plages identifie le type de services des t\u00e9l\u00e9communications ouverts au public et auxquels sont affect\u00e9es les ressources de num\u00e9rotation. <\/p>\n<p>Le chiffre \u00ab 1 \u00bb est d\u00e9di\u00e9 aux services d&rsquo;int\u00e9r\u00eat g\u00e9n\u00e9ral, services sp\u00e9ciaux et les services internet. Le chiffre \u00ab 8 \u00bb est destin\u00e9 aux services des r\u00e9seaux intelligents et services \u00e0 valeur ajout\u00e9e des t\u00e9l\u00e9communications. Pour les chiffres \u00ab 2 \u00bb, \u00ab 3 \u00bb, \u00ab 4 \u00bb, \u00ab 5 \u00bb, \u00ab 7 \u00bb et \u00ab 9 \u00bb, ils sont r\u00e9serv\u00e9s aux services de t\u00e9l\u00e9communications t\u00e9l\u00e9phoniques. Le chiffre \u00ab 6 \u00bb est r\u00e9serv\u00e9.<\/p>\n<p>L\u2019arr\u00eat\u00e9 est clair, il ne mentionne aucune r\u00e9f\u00e9rence \u00e0 7 novembre. Et si on suit ce raisonnement, on va chasser le 7 de partout, \u00e0 commencer par le \u00ab 7 de carreaux \u00bb des jeux de cartes en passant par le 7 du calendrier\u2026<\/p>\n","protected":false},"excerpt":{"rendered":"<p>T\u00e9l\u00e9communications, l\u2019UGTT \u00e0 la chasse du 7 <\/p>\n","protected":false},"author":3222,"featured_media":365498,"comment_status":"open","ping_status":"closed","sticky":false,"template":"","format":"standard","meta":{"footnotes":""},"categories":[2839],"tags":[],"class_list":["post-178675","post","type-post","status-publish","format-standard","has-post-thumbnail","hentry","category-divers"],"yoast_head":"<!-- This site is optimized with the Yoast SEO Premium plugin v27.4 (Yoast SEO v27.4) - https:\/\/yoast.com\/product\/yoast-seo-premium-wordpress\/ -->\n<title>T\u00e9l\u00e9communications, l\u2019UGTT \u00e0 la chasse du 7<\/title>\n<meta name=\"description\" content=\"T\u00e9l\u00e9communications, l\u2019UGTT \u00e0 la chasse du 7\" \/>\n<link rel=\"canonical\" href=\"https:\/\/www.webdo.tn\/fr\/actualite\/mobile\/telecommunications-lugtt-a-la-chasse-du-7\/178675\/\" \/>\n<meta property=\"og:locale\" content=\"fr_FR\" \/>\n<meta property=\"og:type\" content=\"article\" \/>\n<meta property=\"og:title\" content=\"T\u00e9l\u00e9communications, l\u2019UGTT \u00e0 la chasse du 7\" \/>\n<meta property=\"og:description\" content=\"T\u00e9l\u00e9communications, l\u2019UGTT \u00e0 la chasse du 7\" \/>\n<meta property=\"og:url\" content=\"https:\/\/www.webdo.tn\/fr\/actualite\/mobile\/telecommunications-lugtt-a-la-chasse-du-7\/178675\/\" \/>\n<meta property=\"og:site_name\" content=\"webdo\" \/>\n<meta property=\"article:publisher\" content=\"https:\/\/www.facebook.com\/webdotn\" \/>\n<meta property=\"article:published_time\" content=\"2011-03-30T11:45:00+00:00\" \/>\n<meta property=\"article:modified_time\" content=\"2025-06-04T20:40:58+00:00\" \/>\n<meta property=\"og:image\" content=\"https:\/\/www.webdo.tn\/fr\/wp-content\/uploads\/2011\/03\/Le-chiffre-7.jpg\" \/>\n\t<meta property=\"og:image:width\" content=\"240\" \/>\n\t<meta property=\"og:image:height\" content=\"293\" \/>\n\t<meta property=\"og:image:type\" content=\"image\/jpeg\" \/>\n<meta name=\"author\" content=\"webdo.tn\" \/>\n<meta name=\"twitter:card\" content=\"summary_large_image\" \/>\n<meta name=\"twitter:creator\" content=\"@webdo_tn\" \/>\n<meta name=\"twitter:site\" content=\"@webdo_tn\" \/>\n<meta name=\"twitter:label1\" content=\"\u00c9crit par\" \/>\n\t<meta name=\"twitter:data1\" content=\"webdo.tn\" \/>\n\t<meta name=\"twitter:label2\" content=\"Dur\u00e9e de lecture estim\u00e9e\" \/>\n\t<meta name=\"twitter:data2\" content=\"2 minutes\" \/>\n<script type=\"application\/ld+json\" class=\"yoast-schema-graph\">{\"@context\":\"https:\\\/\\\/schema.org\",\"@graph\":[{\"@type\":\"NewsArticle\",\"@id\":\"https:\\\/\\\/www.webdo.tn\\\/fr\\\/actualite\\\/mobile\\\/telecommunications-lugtt-a-la-chasse-du-7\\\/178675\\\/#article\",\"isPartOf\":{\"@id\":\"https:\\\/\\\/www.webdo.tn\\\/fr\\\/actualite\\\/mobile\\\/telecommunications-lugtt-a-la-chasse-du-7\\\/178675\\\/\"},\"author\":{\"name\":\"webdo.tn\",\"@id\":\"https:\\\/\\\/www.webdo.tn\\\/fr\\\/#\\\/schema\\\/person\\\/9a9c6118d687c117df8ef3cc36a4d175\"},\"headline\":\"T\u00e9l\u00e9communications, l\u2019UGTT \u00e0 la chasse du 7\",\"datePublished\":\"2011-03-30T11:45:00+00:00\",\"dateModified\":\"2025-06-04T20:40:58+00:00\",\"mainEntityOfPage\":{\"@id\":\"https:\\\/\\\/www.webdo.tn\\\/fr\\\/actualite\\\/mobile\\\/telecommunications-lugtt-a-la-chasse-du-7\\\/178675\\\/\"},\"wordCount\":333,\"commentCount\":0,\"publisher\":{\"@id\":\"https:\\\/\\\/www.webdo.tn\\\/fr\\\/#organization\"},\"image\":{\"@id\":\"https:\\\/\\\/www.webdo.tn\\\/fr\\\/actualite\\\/mobile\\\/telecommunications-lugtt-a-la-chasse-du-7\\\/178675\\\/#primaryimage\"},\"thumbnailUrl\":\"https:\\\/\\\/www.webdo.tn\\\/fr\\\/wp-content\\\/uploads\\\/2011\\\/03\\\/Le-chiffre-7.jpg\",\"articleSection\":[\"Divers\"],\"inLanguage\":\"fr-FR\"},{\"@type\":\"WebPage\",\"@id\":\"https:\\\/\\\/www.webdo.tn\\\/fr\\\/actualite\\\/mobile\\\/telecommunications-lugtt-a-la-chasse-du-7\\\/178675\\\/\",\"url\":\"https:\\\/\\\/www.webdo.tn\\\/fr\\\/actualite\\\/mobile\\\/telecommunications-lugtt-a-la-chasse-du-7\\\/178675\\\/\",\"name\":\"T\u00e9l\u00e9communications, l\u2019UGTT \u00e0 la chasse du 7\",\"isPartOf\":{\"@id\":\"https:\\\/\\\/www.webdo.tn\\\/fr\\\/#website\"},\"primaryImageOfPage\":{\"@id\":\"https:\\\/\\\/www.webdo.tn\\\/fr\\\/actualite\\\/mobile\\\/telecommunications-lugtt-a-la-chasse-du-7\\\/178675\\\/#primaryimage\"},\"image\":{\"@id\":\"https:\\\/\\\/www.webdo.tn\\\/fr\\\/actualite\\\/mobile\\\/telecommunications-lugtt-a-la-chasse-du-7\\\/178675\\\/#primaryimage\"},\"thumbnailUrl\":\"https:\\\/\\\/www.webdo.tn\\\/fr\\\/wp-content\\\/uploads\\\/2011\\\/03\\\/Le-chiffre-7.jpg\",\"datePublished\":\"2011-03-30T11:45:00+00:00\",\"dateModified\":\"2025-06-04T20:40:58+00:00\",\"description\":\"T\u00e9l\u00e9communications, l\u2019UGTT \u00e0 la chasse du 7\",\"breadcrumb\":{\"@id\":\"https:\\\/\\\/www.webdo.tn\\\/fr\\\/actualite\\\/mobile\\\/telecommunications-lugtt-a-la-chasse-du-7\\\/178675\\\/#breadcrumb\"},\"inLanguage\":\"fr-FR\",\"potentialAction\":[{\"@type\":\"ReadAction\",\"target\":[\"https:\\\/\\\/www.webdo.tn\\\/fr\\\/actualite\\\/mobile\\\/telecommunications-lugtt-a-la-chasse-du-7\\\/178675\\\/\"]}]},{\"@type\":\"ImageObject\",\"inLanguage\":\"fr-FR\",\"@id\":\"https:\\\/\\\/www.webdo.tn\\\/fr\\\/actualite\\\/mobile\\\/telecommunications-lugtt-a-la-chasse-du-7\\\/178675\\\/#primaryimage\",\"url\":\"https:\\\/\\\/www.webdo.tn\\\/fr\\\/wp-content\\\/uploads\\\/2011\\\/03\\\/Le-chiffre-7.jpg\",\"contentUrl\":\"https:\\\/\\\/www.webdo.tn\\\/fr\\\/wp-content\\\/uploads\\\/2011\\\/03\\\/Le-chiffre-7.jpg\",\"width\":240,\"height\":293,\"caption\":\"T\u00e9l\u00e9communications, l\u2019UGTT \u00e0 la chasse du 7\"},{\"@type\":\"BreadcrumbList\",\"@id\":\"https:\\\/\\\/www.webdo.tn\\\/fr\\\/actualite\\\/mobile\\\/telecommunications-lugtt-a-la-chasse-du-7\\\/178675\\\/#breadcrumb\",\"itemListElement\":[{\"@type\":\"ListItem\",\"position\":1,\"name\":\"Accueil\",\"item\":\"https:\\\/\\\/www.webdo.tn\\\/fr\\\/\"},{\"@type\":\"ListItem\",\"position\":2,\"name\":\"T\u00e9l\u00e9communications, l\u2019UGTT \u00e0 la chasse du 7\"}]},{\"@type\":\"WebSite\",\"@id\":\"https:\\\/\\\/www.webdo.tn\\\/fr\\\/#website\",\"url\":\"https:\\\/\\\/www.webdo.tn\\\/fr\\\/\",\"name\":\"webdo\",\"description\":\"Tunisie - News en Tunisie et \u00e0 l&#039;international sur Webdo.tn\",\"publisher\":{\"@id\":\"https:\\\/\\\/www.webdo.tn\\\/fr\\\/#organization\"},\"potentialAction\":[{\"@type\":\"SearchAction\",\"target\":{\"@type\":\"EntryPoint\",\"urlTemplate\":\"https:\\\/\\\/www.webdo.tn\\\/fr\\\/?s={search_term_string}\"},\"query-input\":{\"@type\":\"PropertyValueSpecification\",\"valueRequired\":true,\"valueName\":\"search_term_string\"}}],\"inLanguage\":\"fr-FR\"},{\"@type\":\"Organization\",\"@id\":\"https:\\\/\\\/www.webdo.tn\\\/fr\\\/#organization\",\"name\":\"Webdo\",\"alternateName\":\"Webdo.tn\",\"url\":\"https:\\\/\\\/www.webdo.tn\\\/fr\\\/\",\"logo\":{\"@type\":\"ImageObject\",\"inLanguage\":\"fr-FR\",\"@id\":\"https:\\\/\\\/www.webdo.tn\\\/fr\\\/#\\\/schema\\\/logo\\\/image\\\/\",\"url\":\"https:\\\/\\\/www.webdo.tn\\\/fr\\\/wp-content\\\/uploads\\\/2025\\\/06\\\/Webdo-Tunisie_168377.jpg\",\"contentUrl\":\"https:\\\/\\\/www.webdo.tn\\\/fr\\\/wp-content\\\/uploads\\\/2025\\\/06\\\/Webdo-Tunisie_168377.jpg\",\"width\":301,\"height\":301,\"caption\":\"Webdo\"},\"image\":{\"@id\":\"https:\\\/\\\/www.webdo.tn\\\/fr\\\/#\\\/schema\\\/logo\\\/image\\\/\"},\"sameAs\":[\"https:\\\/\\\/www.facebook.com\\\/webdotn\",\"https:\\\/\\\/x.com\\\/webdo_tn\"],\"description\":\"Webdo est un m\u00e9dia num\u00e9rique tunisien fond\u00e9 en 2010, sp\u00e9cialis\u00e9 dans l\u2019actualit\u00e9 nationale et internationale, l\u2019\u00e9conomie, la soci\u00e9t\u00e9 et les analyses politiques. Le site s\u2019adresse \u00e0 un large public francophone et couvre l\u2019information tunisienne en temps r\u00e9el.\",\"email\":\"redac@webdo.tn\",\"legalName\":\"YNJ SARL\",\"foundingDate\":\"2010-09-06\",\"numberOfEmployees\":{\"@type\":\"QuantitativeValue\",\"minValue\":\"11\",\"maxValue\":\"50\"}},{\"@type\":\"Person\",\"@id\":\"https:\\\/\\\/www.webdo.tn\\\/fr\\\/#\\\/schema\\\/person\\\/9a9c6118d687c117df8ef3cc36a4d175\",\"name\":\"webdo.tn\",\"image\":{\"@type\":\"ImageObject\",\"inLanguage\":\"fr-FR\",\"@id\":\"https:\\\/\\\/secure.gravatar.com\\\/avatar\\\/7ce1f28c0c3bbac99ff550b85ef8e44a6950c6ee24514fb6a5489e51d06f0298?s=96&d=mm&r=g\",\"url\":\"https:\\\/\\\/secure.gravatar.com\\\/avatar\\\/7ce1f28c0c3bbac99ff550b85ef8e44a6950c6ee24514fb6a5489e51d06f0298?s=96&d=mm&r=g\",\"contentUrl\":\"https:\\\/\\\/secure.gravatar.com\\\/avatar\\\/7ce1f28c0c3bbac99ff550b85ef8e44a6950c6ee24514fb6a5489e51d06f0298?s=96&d=mm&r=g\",\"caption\":\"webdo.tn\"},\"url\":\"https:\\\/\\\/www.webdo.tn\\\/fr\\\/actualite\\\/author\\\/webdotn\\\/\"}]}<\/script>\n<!-- \/ Yoast SEO Premium plugin. -->","yoast_head_json":{"title":"T\u00e9l\u00e9communications, l\u2019UGTT \u00e0 la chasse du 7","description":"T\u00e9l\u00e9communications, l\u2019UGTT \u00e0 la chasse du 7","canonical":"https:\/\/www.webdo.tn\/fr\/actualite\/mobile\/telecommunications-lugtt-a-la-chasse-du-7\/178675\/","og_locale":"fr_FR","og_type":"article","og_title":"T\u00e9l\u00e9communications, l\u2019UGTT \u00e0 la chasse du 7","og_description":"T\u00e9l\u00e9communications, l\u2019UGTT \u00e0 la chasse du 7","og_url":"https:\/\/www.webdo.tn\/fr\/actualite\/mobile\/telecommunications-lugtt-a-la-chasse-du-7\/178675\/","og_site_name":"webdo","article_publisher":"https:\/\/www.facebook.com\/webdotn","article_published_time":"2011-03-30T11:45:00+00:00","article_modified_time":"2025-06-04T20:40:58+00:00","og_image":[{"width":240,"height":293,"url":"https:\/\/www.webdo.tn\/fr\/wp-content\/uploads\/2011\/03\/Le-chiffre-7.jpg","type":"image\/jpeg"}],"author":"webdo.tn","twitter_card":"summary_large_image","twitter_creator":"@webdo_tn","twitter_site":"@webdo_tn","twitter_misc":{"\u00c9crit par":"webdo.tn","Dur\u00e9e de lecture estim\u00e9e":"2 minutes"},"schema":{"@context":"https:\/\/schema.org","@graph":[{"@type":"NewsArticle","@id":"https:\/\/www.webdo.tn\/fr\/actualite\/mobile\/telecommunications-lugtt-a-la-chasse-du-7\/178675\/#article","isPartOf":{"@id":"https:\/\/www.webdo.tn\/fr\/actualite\/mobile\/telecommunications-lugtt-a-la-chasse-du-7\/178675\/"},"author":{"name":"webdo.tn","@id":"https:\/\/www.webdo.tn\/fr\/#\/schema\/person\/9a9c6118d687c117df8ef3cc36a4d175"},"headline":"T\u00e9l\u00e9communications, l\u2019UGTT \u00e0 la chasse du 7","datePublished":"2011-03-30T11:45:00+00:00","dateModified":"2025-06-04T20:40:58+00:00","mainEntityOfPage":{"@id":"https:\/\/www.webdo.tn\/fr\/actualite\/mobile\/telecommunications-lugtt-a-la-chasse-du-7\/178675\/"},"wordCount":333,"commentCount":0,"publisher":{"@id":"https:\/\/www.webdo.tn\/fr\/#organization"},"image":{"@id":"https:\/\/www.webdo.tn\/fr\/actualite\/mobile\/telecommunications-lugtt-a-la-chasse-du-7\/178675\/#primaryimage"},"thumbnailUrl":"https:\/\/www.webdo.tn\/fr\/wp-content\/uploads\/2011\/03\/Le-chiffre-7.jpg","articleSection":["Divers"],"inLanguage":"fr-FR"},{"@type":"WebPage","@id":"https:\/\/www.webdo.tn\/fr\/actualite\/mobile\/telecommunications-lugtt-a-la-chasse-du-7\/178675\/","url":"https:\/\/www.webdo.tn\/fr\/actualite\/mobile\/telecommunications-lugtt-a-la-chasse-du-7\/178675\/","name":"T\u00e9l\u00e9communications, l\u2019UGTT \u00e0 la chasse du 7","isPartOf":{"@id":"https:\/\/www.webdo.tn\/fr\/#website"},"primaryImageOfPage":{"@id":"https:\/\/www.webdo.tn\/fr\/actualite\/mobile\/telecommunications-lugtt-a-la-chasse-du-7\/178675\/#primaryimage"},"image":{"@id":"https:\/\/www.webdo.tn\/fr\/actualite\/mobile\/telecommunications-lugtt-a-la-chasse-du-7\/178675\/#primaryimage"},"thumbnailUrl":"https:\/\/www.webdo.tn\/fr\/wp-content\/uploads\/2011\/03\/Le-chiffre-7.jpg","datePublished":"2011-03-30T11:45:00+00:00","dateModified":"2025-06-04T20:40:58+00:00","description":"T\u00e9l\u00e9communications, l\u2019UGTT \u00e0 la chasse du 7","breadcrumb":{"@id":"https:\/\/www.webdo.tn\/fr\/actualite\/mobile\/telecommunications-lugtt-a-la-chasse-du-7\/178675\/#breadcrumb"},"inLanguage":"fr-FR","potentialAction":[{"@type":"ReadAction","target":["https:\/\/www.webdo.tn\/fr\/actualite\/mobile\/telecommunications-lugtt-a-la-chasse-du-7\/178675\/"]}]},{"@type":"ImageObject","inLanguage":"fr-FR","@id":"https:\/\/www.webdo.tn\/fr\/actualite\/mobile\/telecommunications-lugtt-a-la-chasse-du-7\/178675\/#primaryimage","url":"https:\/\/www.webdo.tn\/fr\/wp-content\/uploads\/2011\/03\/Le-chiffre-7.jpg","contentUrl":"https:\/\/www.webdo.tn\/fr\/wp-content\/uploads\/2011\/03\/Le-chiffre-7.jpg","width":240,"height":293,"caption":"T\u00e9l\u00e9communications, l\u2019UGTT \u00e0 la chasse du 7"},{"@type":"BreadcrumbList","@id":"https:\/\/www.webdo.tn\/fr\/actualite\/mobile\/telecommunications-lugtt-a-la-chasse-du-7\/178675\/#breadcrumb","itemListElement":[{"@type":"ListItem","position":1,"name":"Accueil","item":"https:\/\/www.webdo.tn\/fr\/"},{"@type":"ListItem","position":2,"name":"T\u00e9l\u00e9communications, l\u2019UGTT \u00e0 la chasse du 7"}]},{"@type":"WebSite","@id":"https:\/\/www.webdo.tn\/fr\/#website","url":"https:\/\/www.webdo.tn\/fr\/","name":"webdo","description":"Tunisie - News en Tunisie et \u00e0 l&#039;international sur Webdo.tn","publisher":{"@id":"https:\/\/www.webdo.tn\/fr\/#organization"},"potentialAction":[{"@type":"SearchAction","target":{"@type":"EntryPoint","urlTemplate":"https:\/\/www.webdo.tn\/fr\/?s={search_term_string}"},"query-input":{"@type":"PropertyValueSpecification","valueRequired":true,"valueName":"search_term_string"}}],"inLanguage":"fr-FR"},{"@type":"Organization","@id":"https:\/\/www.webdo.tn\/fr\/#organization","name":"Webdo","alternateName":"Webdo.tn","url":"https:\/\/www.webdo.tn\/fr\/","logo":{"@type":"ImageObject","inLanguage":"fr-FR","@id":"https:\/\/www.webdo.tn\/fr\/#\/schema\/logo\/image\/","url":"https:\/\/www.webdo.tn\/fr\/wp-content\/uploads\/2025\/06\/Webdo-Tunisie_168377.jpg","contentUrl":"https:\/\/www.webdo.tn\/fr\/wp-content\/uploads\/2025\/06\/Webdo-Tunisie_168377.jpg","width":301,"height":301,"caption":"Webdo"},"image":{"@id":"https:\/\/www.webdo.tn\/fr\/#\/schema\/logo\/image\/"},"sameAs":["https:\/\/www.facebook.com\/webdotn","https:\/\/x.com\/webdo_tn"],"description":"Webdo est un m\u00e9dia num\u00e9rique tunisien fond\u00e9 en 2010, sp\u00e9cialis\u00e9 dans l\u2019actualit\u00e9 nationale et internationale, l\u2019\u00e9conomie, la soci\u00e9t\u00e9 et les analyses politiques. Le site s\u2019adresse \u00e0 un large public francophone et couvre l\u2019information tunisienne en temps r\u00e9el.","email":"redac@webdo.tn","legalName":"YNJ SARL","foundingDate":"2010-09-06","numberOfEmployees":{"@type":"QuantitativeValue","minValue":"11","maxValue":"50"}},{"@type":"Person","@id":"https:\/\/www.webdo.tn\/fr\/#\/schema\/person\/9a9c6118d687c117df8ef3cc36a4d175","name":"webdo.tn","image":{"@type":"ImageObject","inLanguage":"fr-FR","@id":"https:\/\/secure.gravatar.com\/avatar\/7ce1f28c0c3bbac99ff550b85ef8e44a6950c6ee24514fb6a5489e51d06f0298?s=96&d=mm&r=g","url":"https:\/\/secure.gravatar.com\/avatar\/7ce1f28c0c3bbac99ff550b85ef8e44a6950c6ee24514fb6a5489e51d06f0298?s=96&d=mm&r=g","contentUrl":"https:\/\/secure.gravatar.com\/avatar\/7ce1f28c0c3bbac99ff550b85ef8e44a6950c6ee24514fb6a5489e51d06f0298?s=96&d=mm&r=g","caption":"webdo.tn"},"url":"https:\/\/www.webdo.tn\/fr\/actualite\/author\/webdotn\/"}]}},"_links":{"self":[{"href":"https:\/\/www.webdo.tn\/fr\/wp-json\/wp\/v2\/posts\/178675","targetHints":{"allow":["GET"]}}],"collection":[{"href":"https:\/\/www.webdo.tn\/fr\/wp-json\/wp\/v2\/posts"}],"about":[{"href":"https:\/\/www.webdo.tn\/fr\/wp-json\/wp\/v2\/types\/post"}],"author":[{"embeddable":true,"href":"https:\/\/www.webdo.tn\/fr\/wp-json\/wp\/v2\/users\/3222"}],"replies":[{"embeddable":true,"href":"https:\/\/www.webdo.tn\/fr\/wp-json\/wp\/v2\/comments?post=178675"}],"version-history":[{"count":0,"href":"https:\/\/www.webdo.tn\/fr\/wp-json\/wp\/v2\/posts\/178675\/revisions"}],"wp:featuredmedia":[{"embeddable":true,"href":"https:\/\/www.webdo.tn\/fr\/wp-json\/wp\/v2\/media\/365498"}],"wp:attachment":[{"href":"https:\/\/www.webdo.tn\/fr\/wp-json\/wp\/v2\/media?parent=178675"}],"wp:term":[{"taxonomy":"category","embeddable":true,"href":"https:\/\/www.webdo.tn\/fr\/wp-json\/wp\/v2\/categories?post=178675"},{"taxonomy":"post_tag","embeddable":true,"href":"https:\/\/www.webdo.tn\/fr\/wp-json\/wp\/v2\/tags?post=178675"}],"curies":[{"name":"wp","href":"https:\/\/api.w.org\/{rel}","templated":true}]}}