{"id":178672,"date":"2011-04-05T10:43:00","date_gmt":"2011-04-05T10:43:00","guid":{"rendered":"https:\/\/www.webdo.tn\/fr\/actualite\/blog\/mohamed-bouazizi-plebiscite-par-les-internautes-tunisiens-pour-le-2011-time-100\/178672\/"},"modified":"2011-04-05T10:43:00","modified_gmt":"2011-04-05T10:43:00","slug":"mohamed-bouazizi-plebiscite-par-les-internautes-tunisiens-pour-le-2011-time-100","status":"publish","type":"post","link":"https:\/\/www.webdo.tn\/fr\/actualite\/divers\/mohamed-bouazizi-plebiscite-par-les-internautes-tunisiens-pour-le-2011-time-100\/178672\/","title":{"rendered":"Mohamed Bouazizi pl\u00e9biscit\u00e9 par les internautes tunisiens pour le 2011 Time 100"},"content":{"rendered":"<p>Mohamed Bouazizi, notre h\u00e9ros national, class\u00e9 jusqu&rsquo;\u00e0 pr\u00e9sent au 10eme rang du 2011 Time 100. Le c\u00e9l\u00e8bre classement, organis\u00e9 par le non moins illustre Time magazine, liste dans l\u2019ordre les 100 personnes les plus influentes de l\u2019ann\u00e9e.<\/p>\n<p>Initi\u00e9 en 1998 par une flop\u00e9e de politiciens et d\u2019\u00e9diteurs dont Condoleezza Rice et Walter Isaacson, \u00e9diteur du Time, pour ne citer qu\u2019eux, la premi\u00e8re liste ne parut v\u00e9ritablement qu\u2019en 1999 lorsque le magazine d\u00e9cida de nommer les 100 personnes les plus influentes du 20eme si\u00e8cle.<\/p>\n<p>Suite au succ\u00e8s du classement, Time magazine d\u00e9cida de le rendre annuel. La liste concerne les personnes qui ont \u00e9t\u00e9 reconnues pour avoir chang\u00e9 le monde, que ce soit en bien ou en mal. Cinq cat\u00e9gories sont repr\u00e9sent\u00e9es : les dirigeants et r\u00e9volutionnaires, les constructeurs et les titans, les scientifiques et penseurs et enfin, les h\u00e9ros et icones. Pour chaque cat\u00e9gorie, 20 personnes sont choisies amenant a un total de 100 personnes toutes cat\u00e9gories confondues.<\/p>\n<p>Pour l\u2019ann\u00e9e 2011, les trois premiers de la liste sont dans l\u2019ordre : Rain, une vedette pop cor\u00e9enne avec plus de 21400 votes, Chris Colfer, un acteur de s\u00e9ries am\u00e9ricaines de 21 ans, vainqueur du 2011 Golden Globe dans la cat\u00e9gorie meilleur second r\u00f4le, avec  plus de 12500 votes,  suivis de Lady Gaga, qui n\u2019est plus a pr\u00e9senter,  avec plus de 10800 votes.<\/p>\n<p>Mohamed Bouazizi, class\u00e9 dixi\u00e8me de la liste, est pr\u00e9sent\u00e9 par le magazine comme \u00e9tant l\u2019\u00e9tincelle qui enflamma les r\u00e9volutions arabes. Il se place apr\u00e8s l\u2019\u00e9gyptien Mohamed EL Baradei, avocat d\u00e9mocrate \u00e9gyptien, probable futur candidat aux pr\u00e9sidentielles, mais devant Wael Ghonim (12eme), r\u00e9volutionnaire \u00e9gyptien, initiateur des manifestations de la place Ettahrir.<\/p>\n<p>Entre temps et jusqu&rsquo;\u00e0 la cl\u00f4ture des votes, pr\u00e9vue le 14 avril prochain, les internautes tunisiens s\u2019activent pour faire remonter Bouazizi au premier rang. Ils encouragent \u00e0 voter pour ce dernier \u00e0 travers des Blogs, dont\u00a0neuronelibre.blogspot.com, mais aussi sur twitter ou sur leur page facebook.<\/p>\n<p>Si Mohamed Bouazizi ne r\u00e9ussissait pas \u00e0 arracher la premi\u00e8re place du classement, son rang devrait au moins \u00eatre le meilleur dans le monde arabe. Mais si par hasard, les \u00e9gyptiens se rapprochaient de la premi\u00e8re place et Bouazizi restait au niveau de la 10eme place, naturellement, nous voterions pour les \u00e9gyptiens et nous  oublierions nos rancunes de football apr\u00e8s les incidents du match du club africain.<\/p>\n","protected":false},"excerpt":{"rendered":"<p>Mohamed Bouazizi pl\u00e9biscit\u00e9 par les internautes tunisiens pour le 2011 Time 100  <\/p>\n","protected":false},"author":3222,"featured_media":376290,"comment_status":"open","ping_status":"closed","sticky":false,"template":"","format":"standard","meta":{"footnotes":""},"categories":[2839],"tags":[],"class_list":["post-178672","post","type-post","status-publish","format-standard","has-post-thumbnail","hentry","category-divers"],"yoast_head":"<!-- This site is optimized with the Yoast SEO Premium plugin v27.4 (Yoast SEO v27.4) - https:\/\/yoast.com\/product\/yoast-seo-premium-wordpress\/ -->\n<title>Mohamed Bouazizi pl\u00e9biscit\u00e9 par les internautes tunisiens pour le 2011 Time 100<\/title>\n<meta name=\"description\" content=\"Mohamed Bouazizi pl\u00e9biscit\u00e9 par les internautes tunisiens pour le 2011 Time 100\" \/>\n<link rel=\"canonical\" href=\"https:\/\/www.webdo.tn\/fr\/actualite\/divers\/mohamed-bouazizi-plebiscite-par-les-internautes-tunisiens-pour-le-2011-time-100\/178672\/\" \/>\n<meta property=\"og:locale\" content=\"fr_FR\" \/>\n<meta property=\"og:type\" content=\"article\" \/>\n<meta property=\"og:title\" content=\"Mohamed Bouazizi pl\u00e9biscit\u00e9 par les internautes tunisiens pour le 2011 Time 100\" \/>\n<meta property=\"og:description\" content=\"Mohamed Bouazizi pl\u00e9biscit\u00e9 par les internautes tunisiens pour le 2011 Time 100\" \/>\n<meta property=\"og:url\" content=\"https:\/\/www.webdo.tn\/fr\/actualite\/divers\/mohamed-bouazizi-plebiscite-par-les-internautes-tunisiens-pour-le-2011-time-100\/178672\/\" \/>\n<meta property=\"og:site_name\" content=\"webdo\" \/>\n<meta property=\"article:publisher\" content=\"https:\/\/www.facebook.com\/webdotn\" \/>\n<meta property=\"article:published_time\" content=\"2011-04-05T10:43:00+00:00\" \/>\n<meta name=\"author\" content=\"webdo.tn\" \/>\n<meta name=\"twitter:card\" content=\"summary_large_image\" \/>\n<meta name=\"twitter:creator\" content=\"@webdo_tn\" \/>\n<meta name=\"twitter:site\" content=\"@webdo_tn\" \/>\n<meta name=\"twitter:label1\" content=\"\u00c9crit par\" \/>\n\t<meta name=\"twitter:data1\" content=\"webdo.tn\" \/>\n\t<meta name=\"twitter:label2\" content=\"Dur\u00e9e de lecture estim\u00e9e\" \/>\n\t<meta name=\"twitter:data2\" content=\"2 minutes\" \/>\n<script type=\"application\/ld+json\" class=\"yoast-schema-graph\">{\"@context\":\"https:\\\/\\\/schema.org\",\"@graph\":[{\"@type\":\"NewsArticle\",\"@id\":\"https:\\\/\\\/www.webdo.tn\\\/fr\\\/actualite\\\/divers\\\/mohamed-bouazizi-plebiscite-par-les-internautes-tunisiens-pour-le-2011-time-100\\\/178672\\\/#article\",\"isPartOf\":{\"@id\":\"https:\\\/\\\/www.webdo.tn\\\/fr\\\/actualite\\\/divers\\\/mohamed-bouazizi-plebiscite-par-les-internautes-tunisiens-pour-le-2011-time-100\\\/178672\\\/\"},\"author\":{\"name\":\"webdo.tn\",\"@id\":\"https:\\\/\\\/www.webdo.tn\\\/fr\\\/#\\\/schema\\\/person\\\/9a9c6118d687c117df8ef3cc36a4d175\"},\"headline\":\"Mohamed Bouazizi pl\u00e9biscit\u00e9 par les internautes tunisiens pour le 2011 Time 100\",\"datePublished\":\"2011-04-05T10:43:00+00:00\",\"mainEntityOfPage\":{\"@id\":\"https:\\\/\\\/www.webdo.tn\\\/fr\\\/actualite\\\/divers\\\/mohamed-bouazizi-plebiscite-par-les-internautes-tunisiens-pour-le-2011-time-100\\\/178672\\\/\"},\"wordCount\":427,\"commentCount\":0,\"publisher\":{\"@id\":\"https:\\\/\\\/www.webdo.tn\\\/fr\\\/#organization\"},\"image\":{\"@id\":\"https:\\\/\\\/www.webdo.tn\\\/fr\\\/actualite\\\/divers\\\/mohamed-bouazizi-plebiscite-par-les-internautes-tunisiens-pour-le-2011-time-100\\\/178672\\\/#primaryimage\"},\"thumbnailUrl\":\"https:\\\/\\\/www.webdo.tn\\\/fr\\\/wp-content\\\/uploads\\\/2025\\\/06\\\/FireShot-Capture-1063-webdo_default-53-750x375.jpg-750\u00d7375-www.webdo_.tn_.png\",\"articleSection\":[\"Divers\"],\"inLanguage\":\"fr-FR\"},{\"@type\":\"WebPage\",\"@id\":\"https:\\\/\\\/www.webdo.tn\\\/fr\\\/actualite\\\/divers\\\/mohamed-bouazizi-plebiscite-par-les-internautes-tunisiens-pour-le-2011-time-100\\\/178672\\\/\",\"url\":\"https:\\\/\\\/www.webdo.tn\\\/fr\\\/actualite\\\/divers\\\/mohamed-bouazizi-plebiscite-par-les-internautes-tunisiens-pour-le-2011-time-100\\\/178672\\\/\",\"name\":\"Mohamed Bouazizi pl\u00e9biscit\u00e9 par les internautes tunisiens pour le 2011 Time 100\",\"isPartOf\":{\"@id\":\"https:\\\/\\\/www.webdo.tn\\\/fr\\\/#website\"},\"primaryImageOfPage\":{\"@id\":\"https:\\\/\\\/www.webdo.tn\\\/fr\\\/actualite\\\/divers\\\/mohamed-bouazizi-plebiscite-par-les-internautes-tunisiens-pour-le-2011-time-100\\\/178672\\\/#primaryimage\"},\"image\":{\"@id\":\"https:\\\/\\\/www.webdo.tn\\\/fr\\\/actualite\\\/divers\\\/mohamed-bouazizi-plebiscite-par-les-internautes-tunisiens-pour-le-2011-time-100\\\/178672\\\/#primaryimage\"},\"thumbnailUrl\":\"https:\\\/\\\/www.webdo.tn\\\/fr\\\/wp-content\\\/uploads\\\/2025\\\/06\\\/FireShot-Capture-1063-webdo_default-53-750x375.jpg-750\u00d7375-www.webdo_.tn_.png\",\"datePublished\":\"2011-04-05T10:43:00+00:00\",\"description\":\"Mohamed Bouazizi pl\u00e9biscit\u00e9 par les internautes tunisiens pour le 2011 Time 100\",\"breadcrumb\":{\"@id\":\"https:\\\/\\\/www.webdo.tn\\\/fr\\\/actualite\\\/divers\\\/mohamed-bouazizi-plebiscite-par-les-internautes-tunisiens-pour-le-2011-time-100\\\/178672\\\/#breadcrumb\"},\"inLanguage\":\"fr-FR\",\"potentialAction\":[{\"@type\":\"ReadAction\",\"target\":[\"https:\\\/\\\/www.webdo.tn\\\/fr\\\/actualite\\\/divers\\\/mohamed-bouazizi-plebiscite-par-les-internautes-tunisiens-pour-le-2011-time-100\\\/178672\\\/\"]}]},{\"@type\":\"ImageObject\",\"inLanguage\":\"fr-FR\",\"@id\":\"https:\\\/\\\/www.webdo.tn\\\/fr\\\/actualite\\\/divers\\\/mohamed-bouazizi-plebiscite-par-les-internautes-tunisiens-pour-le-2011-time-100\\\/178672\\\/#primaryimage\",\"url\":\"https:\\\/\\\/www.webdo.tn\\\/fr\\\/wp-content\\\/uploads\\\/2025\\\/06\\\/FireShot-Capture-1063-webdo_default-53-750x375.jpg-750\u00d7375-www.webdo_.tn_.png\",\"contentUrl\":\"https:\\\/\\\/www.webdo.tn\\\/fr\\\/wp-content\\\/uploads\\\/2025\\\/06\\\/FireShot-Capture-1063-webdo_default-53-750x375.jpg-750\u00d7375-www.webdo_.tn_.png\",\"width\":746,\"height\":371},{\"@type\":\"BreadcrumbList\",\"@id\":\"https:\\\/\\\/www.webdo.tn\\\/fr\\\/actualite\\\/divers\\\/mohamed-bouazizi-plebiscite-par-les-internautes-tunisiens-pour-le-2011-time-100\\\/178672\\\/#breadcrumb\",\"itemListElement\":[{\"@type\":\"ListItem\",\"position\":1,\"name\":\"Accueil\",\"item\":\"https:\\\/\\\/www.webdo.tn\\\/fr\\\/\"},{\"@type\":\"ListItem\",\"position\":2,\"name\":\"Mohamed Bouazizi pl\u00e9biscit\u00e9 par les internautes tunisiens pour le 2011 Time 100\"}]},{\"@type\":\"WebSite\",\"@id\":\"https:\\\/\\\/www.webdo.tn\\\/fr\\\/#website\",\"url\":\"https:\\\/\\\/www.webdo.tn\\\/fr\\\/\",\"name\":\"webdo\",\"description\":\"Tunisie - News en Tunisie et \u00e0 l&#039;international sur Webdo.tn\",\"publisher\":{\"@id\":\"https:\\\/\\\/www.webdo.tn\\\/fr\\\/#organization\"},\"potentialAction\":[{\"@type\":\"SearchAction\",\"target\":{\"@type\":\"EntryPoint\",\"urlTemplate\":\"https:\\\/\\\/www.webdo.tn\\\/fr\\\/?s={search_term_string}\"},\"query-input\":{\"@type\":\"PropertyValueSpecification\",\"valueRequired\":true,\"valueName\":\"search_term_string\"}}],\"inLanguage\":\"fr-FR\"},{\"@type\":\"Organization\",\"@id\":\"https:\\\/\\\/www.webdo.tn\\\/fr\\\/#organization\",\"name\":\"Webdo\",\"alternateName\":\"Webdo.tn\",\"url\":\"https:\\\/\\\/www.webdo.tn\\\/fr\\\/\",\"logo\":{\"@type\":\"ImageObject\",\"inLanguage\":\"fr-FR\",\"@id\":\"https:\\\/\\\/www.webdo.tn\\\/fr\\\/#\\\/schema\\\/logo\\\/image\\\/\",\"url\":\"https:\\\/\\\/www.webdo.tn\\\/fr\\\/wp-content\\\/uploads\\\/2025\\\/06\\\/Webdo-Tunisie_168377.jpg\",\"contentUrl\":\"https:\\\/\\\/www.webdo.tn\\\/fr\\\/wp-content\\\/uploads\\\/2025\\\/06\\\/Webdo-Tunisie_168377.jpg\",\"width\":301,\"height\":301,\"caption\":\"Webdo\"},\"image\":{\"@id\":\"https:\\\/\\\/www.webdo.tn\\\/fr\\\/#\\\/schema\\\/logo\\\/image\\\/\"},\"sameAs\":[\"https:\\\/\\\/www.facebook.com\\\/webdotn\",\"https:\\\/\\\/x.com\\\/webdo_tn\"],\"description\":\"Webdo est un m\u00e9dia num\u00e9rique tunisien fond\u00e9 en 2010, sp\u00e9cialis\u00e9 dans l\u2019actualit\u00e9 nationale et internationale, l\u2019\u00e9conomie, la soci\u00e9t\u00e9 et les analyses politiques. Le site s\u2019adresse \u00e0 un large public francophone et couvre l\u2019information tunisienne en temps r\u00e9el.\",\"email\":\"redac@webdo.tn\",\"legalName\":\"YNJ SARL\",\"foundingDate\":\"2010-09-06\",\"numberOfEmployees\":{\"@type\":\"QuantitativeValue\",\"minValue\":\"11\",\"maxValue\":\"50\"}},{\"@type\":\"Person\",\"@id\":\"https:\\\/\\\/www.webdo.tn\\\/fr\\\/#\\\/schema\\\/person\\\/9a9c6118d687c117df8ef3cc36a4d175\",\"name\":\"webdo.tn\",\"image\":{\"@type\":\"ImageObject\",\"inLanguage\":\"fr-FR\",\"@id\":\"https:\\\/\\\/secure.gravatar.com\\\/avatar\\\/7ce1f28c0c3bbac99ff550b85ef8e44a6950c6ee24514fb6a5489e51d06f0298?s=96&d=mm&r=g\",\"url\":\"https:\\\/\\\/secure.gravatar.com\\\/avatar\\\/7ce1f28c0c3bbac99ff550b85ef8e44a6950c6ee24514fb6a5489e51d06f0298?s=96&d=mm&r=g\",\"contentUrl\":\"https:\\\/\\\/secure.gravatar.com\\\/avatar\\\/7ce1f28c0c3bbac99ff550b85ef8e44a6950c6ee24514fb6a5489e51d06f0298?s=96&d=mm&r=g\",\"caption\":\"webdo.tn\"},\"url\":\"https:\\\/\\\/www.webdo.tn\\\/fr\\\/actualite\\\/author\\\/webdotn\\\/\"}]}<\/script>\n<!-- \/ Yoast SEO Premium plugin. -->","yoast_head_json":{"title":"Mohamed Bouazizi pl\u00e9biscit\u00e9 par les internautes tunisiens pour le 2011 Time 100","description":"Mohamed Bouazizi pl\u00e9biscit\u00e9 par les internautes tunisiens pour le 2011 Time 100","canonical":"https:\/\/www.webdo.tn\/fr\/actualite\/divers\/mohamed-bouazizi-plebiscite-par-les-internautes-tunisiens-pour-le-2011-time-100\/178672\/","og_locale":"fr_FR","og_type":"article","og_title":"Mohamed Bouazizi pl\u00e9biscit\u00e9 par les internautes tunisiens pour le 2011 Time 100","og_description":"Mohamed Bouazizi pl\u00e9biscit\u00e9 par les internautes tunisiens pour le 2011 Time 100","og_url":"https:\/\/www.webdo.tn\/fr\/actualite\/divers\/mohamed-bouazizi-plebiscite-par-les-internautes-tunisiens-pour-le-2011-time-100\/178672\/","og_site_name":"webdo","article_publisher":"https:\/\/www.facebook.com\/webdotn","article_published_time":"2011-04-05T10:43:00+00:00","author":"webdo.tn","twitter_card":"summary_large_image","twitter_creator":"@webdo_tn","twitter_site":"@webdo_tn","twitter_misc":{"\u00c9crit par":"webdo.tn","Dur\u00e9e de lecture estim\u00e9e":"2 minutes"},"schema":{"@context":"https:\/\/schema.org","@graph":[{"@type":"NewsArticle","@id":"https:\/\/www.webdo.tn\/fr\/actualite\/divers\/mohamed-bouazizi-plebiscite-par-les-internautes-tunisiens-pour-le-2011-time-100\/178672\/#article","isPartOf":{"@id":"https:\/\/www.webdo.tn\/fr\/actualite\/divers\/mohamed-bouazizi-plebiscite-par-les-internautes-tunisiens-pour-le-2011-time-100\/178672\/"},"author":{"name":"webdo.tn","@id":"https:\/\/www.webdo.tn\/fr\/#\/schema\/person\/9a9c6118d687c117df8ef3cc36a4d175"},"headline":"Mohamed Bouazizi pl\u00e9biscit\u00e9 par les internautes tunisiens pour le 2011 Time 100","datePublished":"2011-04-05T10:43:00+00:00","mainEntityOfPage":{"@id":"https:\/\/www.webdo.tn\/fr\/actualite\/divers\/mohamed-bouazizi-plebiscite-par-les-internautes-tunisiens-pour-le-2011-time-100\/178672\/"},"wordCount":427,"commentCount":0,"publisher":{"@id":"https:\/\/www.webdo.tn\/fr\/#organization"},"image":{"@id":"https:\/\/www.webdo.tn\/fr\/actualite\/divers\/mohamed-bouazizi-plebiscite-par-les-internautes-tunisiens-pour-le-2011-time-100\/178672\/#primaryimage"},"thumbnailUrl":"https:\/\/www.webdo.tn\/fr\/wp-content\/uploads\/2025\/06\/FireShot-Capture-1063-webdo_default-53-750x375.jpg-750\u00d7375-www.webdo_.tn_.png","articleSection":["Divers"],"inLanguage":"fr-FR"},{"@type":"WebPage","@id":"https:\/\/www.webdo.tn\/fr\/actualite\/divers\/mohamed-bouazizi-plebiscite-par-les-internautes-tunisiens-pour-le-2011-time-100\/178672\/","url":"https:\/\/www.webdo.tn\/fr\/actualite\/divers\/mohamed-bouazizi-plebiscite-par-les-internautes-tunisiens-pour-le-2011-time-100\/178672\/","name":"Mohamed Bouazizi pl\u00e9biscit\u00e9 par les internautes tunisiens pour le 2011 Time 100","isPartOf":{"@id":"https:\/\/www.webdo.tn\/fr\/#website"},"primaryImageOfPage":{"@id":"https:\/\/www.webdo.tn\/fr\/actualite\/divers\/mohamed-bouazizi-plebiscite-par-les-internautes-tunisiens-pour-le-2011-time-100\/178672\/#primaryimage"},"image":{"@id":"https:\/\/www.webdo.tn\/fr\/actualite\/divers\/mohamed-bouazizi-plebiscite-par-les-internautes-tunisiens-pour-le-2011-time-100\/178672\/#primaryimage"},"thumbnailUrl":"https:\/\/www.webdo.tn\/fr\/wp-content\/uploads\/2025\/06\/FireShot-Capture-1063-webdo_default-53-750x375.jpg-750\u00d7375-www.webdo_.tn_.png","datePublished":"2011-04-05T10:43:00+00:00","description":"Mohamed Bouazizi pl\u00e9biscit\u00e9 par les internautes tunisiens pour le 2011 Time 100","breadcrumb":{"@id":"https:\/\/www.webdo.tn\/fr\/actualite\/divers\/mohamed-bouazizi-plebiscite-par-les-internautes-tunisiens-pour-le-2011-time-100\/178672\/#breadcrumb"},"inLanguage":"fr-FR","potentialAction":[{"@type":"ReadAction","target":["https:\/\/www.webdo.tn\/fr\/actualite\/divers\/mohamed-bouazizi-plebiscite-par-les-internautes-tunisiens-pour-le-2011-time-100\/178672\/"]}]},{"@type":"ImageObject","inLanguage":"fr-FR","@id":"https:\/\/www.webdo.tn\/fr\/actualite\/divers\/mohamed-bouazizi-plebiscite-par-les-internautes-tunisiens-pour-le-2011-time-100\/178672\/#primaryimage","url":"https:\/\/www.webdo.tn\/fr\/wp-content\/uploads\/2025\/06\/FireShot-Capture-1063-webdo_default-53-750x375.jpg-750\u00d7375-www.webdo_.tn_.png","contentUrl":"https:\/\/www.webdo.tn\/fr\/wp-content\/uploads\/2025\/06\/FireShot-Capture-1063-webdo_default-53-750x375.jpg-750\u00d7375-www.webdo_.tn_.png","width":746,"height":371},{"@type":"BreadcrumbList","@id":"https:\/\/www.webdo.tn\/fr\/actualite\/divers\/mohamed-bouazizi-plebiscite-par-les-internautes-tunisiens-pour-le-2011-time-100\/178672\/#breadcrumb","itemListElement":[{"@type":"ListItem","position":1,"name":"Accueil","item":"https:\/\/www.webdo.tn\/fr\/"},{"@type":"ListItem","position":2,"name":"Mohamed Bouazizi pl\u00e9biscit\u00e9 par les internautes tunisiens pour le 2011 Time 100"}]},{"@type":"WebSite","@id":"https:\/\/www.webdo.tn\/fr\/#website","url":"https:\/\/www.webdo.tn\/fr\/","name":"webdo","description":"Tunisie - News en Tunisie et \u00e0 l&#039;international sur Webdo.tn","publisher":{"@id":"https:\/\/www.webdo.tn\/fr\/#organization"},"potentialAction":[{"@type":"SearchAction","target":{"@type":"EntryPoint","urlTemplate":"https:\/\/www.webdo.tn\/fr\/?s={search_term_string}"},"query-input":{"@type":"PropertyValueSpecification","valueRequired":true,"valueName":"search_term_string"}}],"inLanguage":"fr-FR"},{"@type":"Organization","@id":"https:\/\/www.webdo.tn\/fr\/#organization","name":"Webdo","alternateName":"Webdo.tn","url":"https:\/\/www.webdo.tn\/fr\/","logo":{"@type":"ImageObject","inLanguage":"fr-FR","@id":"https:\/\/www.webdo.tn\/fr\/#\/schema\/logo\/image\/","url":"https:\/\/www.webdo.tn\/fr\/wp-content\/uploads\/2025\/06\/Webdo-Tunisie_168377.jpg","contentUrl":"https:\/\/www.webdo.tn\/fr\/wp-content\/uploads\/2025\/06\/Webdo-Tunisie_168377.jpg","width":301,"height":301,"caption":"Webdo"},"image":{"@id":"https:\/\/www.webdo.tn\/fr\/#\/schema\/logo\/image\/"},"sameAs":["https:\/\/www.facebook.com\/webdotn","https:\/\/x.com\/webdo_tn"],"description":"Webdo est un m\u00e9dia num\u00e9rique tunisien fond\u00e9 en 2010, sp\u00e9cialis\u00e9 dans l\u2019actualit\u00e9 nationale et internationale, l\u2019\u00e9conomie, la soci\u00e9t\u00e9 et les analyses politiques. Le site s\u2019adresse \u00e0 un large public francophone et couvre l\u2019information tunisienne en temps r\u00e9el.","email":"redac@webdo.tn","legalName":"YNJ SARL","foundingDate":"2010-09-06","numberOfEmployees":{"@type":"QuantitativeValue","minValue":"11","maxValue":"50"}},{"@type":"Person","@id":"https:\/\/www.webdo.tn\/fr\/#\/schema\/person\/9a9c6118d687c117df8ef3cc36a4d175","name":"webdo.tn","image":{"@type":"ImageObject","inLanguage":"fr-FR","@id":"https:\/\/secure.gravatar.com\/avatar\/7ce1f28c0c3bbac99ff550b85ef8e44a6950c6ee24514fb6a5489e51d06f0298?s=96&d=mm&r=g","url":"https:\/\/secure.gravatar.com\/avatar\/7ce1f28c0c3bbac99ff550b85ef8e44a6950c6ee24514fb6a5489e51d06f0298?s=96&d=mm&r=g","contentUrl":"https:\/\/secure.gravatar.com\/avatar\/7ce1f28c0c3bbac99ff550b85ef8e44a6950c6ee24514fb6a5489e51d06f0298?s=96&d=mm&r=g","caption":"webdo.tn"},"url":"https:\/\/www.webdo.tn\/fr\/actualite\/author\/webdotn\/"}]}},"_links":{"self":[{"href":"https:\/\/www.webdo.tn\/fr\/wp-json\/wp\/v2\/posts\/178672","targetHints":{"allow":["GET"]}}],"collection":[{"href":"https:\/\/www.webdo.tn\/fr\/wp-json\/wp\/v2\/posts"}],"about":[{"href":"https:\/\/www.webdo.tn\/fr\/wp-json\/wp\/v2\/types\/post"}],"author":[{"embeddable":true,"href":"https:\/\/www.webdo.tn\/fr\/wp-json\/wp\/v2\/users\/3222"}],"replies":[{"embeddable":true,"href":"https:\/\/www.webdo.tn\/fr\/wp-json\/wp\/v2\/comments?post=178672"}],"version-history":[{"count":0,"href":"https:\/\/www.webdo.tn\/fr\/wp-json\/wp\/v2\/posts\/178672\/revisions"}],"wp:featuredmedia":[{"embeddable":true,"href":"https:\/\/www.webdo.tn\/fr\/wp-json\/wp\/v2\/media\/376290"}],"wp:attachment":[{"href":"https:\/\/www.webdo.tn\/fr\/wp-json\/wp\/v2\/media?parent=178672"}],"wp:term":[{"taxonomy":"category","embeddable":true,"href":"https:\/\/www.webdo.tn\/fr\/wp-json\/wp\/v2\/categories?post=178672"},{"taxonomy":"post_tag","embeddable":true,"href":"https:\/\/www.webdo.tn\/fr\/wp-json\/wp\/v2\/tags?post=178672"}],"curies":[{"name":"wp","href":"https:\/\/api.w.org\/{rel}","templated":true}]}}