{"id":178670,"date":"2011-04-07T09:01:00","date_gmt":"2011-04-07T09:01:00","guid":{"rendered":"https:\/\/www.webdo.tn\/fr\/actualite\/blog\/veto-federal-pour-la-manoeuvre-demissionnaire-de-hafsi\/178670\/"},"modified":"2011-04-07T09:01:00","modified_gmt":"2011-04-07T09:01:00","slug":"veto-federal-pour-la-manoeuvre-demissionnaire-de-hafsi","status":"publish","type":"post","link":"https:\/\/www.webdo.tn\/fr\/actualite\/divers\/veto-federal-pour-la-manoeuvre-demissionnaire-de-hafsi\/178670\/","title":{"rendered":"Veto f\u00e9d\u00e9ral pour la man\u0153uvre d\u00e9missionnaire de Hafsi"},"content":{"rendered":"<p>Il n\u2019en est pas \u00e0 sa premi\u00e8re tentative du genre, ou, disons plut\u00f4t, \u00e0 sa man\u0153uvre, le sieur Ali Hafsi, pr\u00e9sident et seigneur de l\u2019instance f\u00e9d\u00e9rale. <\/p>\n<p>Apr\u00e8s un premier ballon d\u2019essai lanc\u00e9 juste au lendemain du triomphe de la s\u00e9lection des locaux en CHAN disput\u00e9 au Soudan, \u00e0 travers une interview dans laquelle il annon\u00e7ait une proche d\u00e9mission, \u00ab\u00a0d\u00e9cision\u00a0\u00bb pourtant rectifi\u00e9e quelques heures plus tard, puis demeur\u00e9e en suspens, le voil\u00e0 en effet qui remet \u00e7a, annon\u00e7ant une nouvelle fois son intention de d\u00e9part.<\/p>\n<p>Mais hier, au cours de la r\u00e9union p\u00e9riodique du Bureau f\u00e9d\u00e9ral, Ali Hafsi serait all\u00e9 jusqu\u2019\u00e0 pr\u00e9senter sa d\u00e9mission manuscrite, noir sur blanc, sachant pertinemment d\u2019avance que ses partenaires ne l\u2019accepteront pas, d\u2019autant que la FTF passe actuellement par une p\u00e9riode des plus d\u00e9licates, essentiellement sur le plan financier\u2026<\/p>\n","protected":false},"excerpt":{"rendered":"<p>Veto f\u00e9d\u00e9ral pour la man\u0153uvre d\u00e9missionnaire de Hafsi <\/p>\n","protected":false},"author":3222,"featured_media":365496,"comment_status":"open","ping_status":"closed","sticky":false,"template":"","format":"standard","meta":{"footnotes":""},"categories":[2839],"tags":[],"class_list":["post-178670","post","type-post","status-publish","format-standard","has-post-thumbnail","hentry","category-divers"],"yoast_head":"<!-- This site is optimized with the Yoast SEO Premium plugin v27.4 (Yoast SEO v27.4) - https:\/\/yoast.com\/product\/yoast-seo-premium-wordpress\/ -->\n<title>Veto f\u00e9d\u00e9ral pour la man\u0153uvre d\u00e9missionnaire de Hafsi<\/title>\n<meta name=\"description\" content=\"Veto f\u00e9d\u00e9ral pour la man\u0153uvre d\u00e9missionnaire de Hafsi\" \/>\n<link rel=\"canonical\" href=\"https:\/\/www.webdo.tn\/fr\/actualite\/divers\/veto-federal-pour-la-manoeuvre-demissionnaire-de-hafsi\/178670\/\" \/>\n<meta property=\"og:locale\" content=\"fr_FR\" \/>\n<meta property=\"og:type\" content=\"article\" \/>\n<meta property=\"og:title\" content=\"Veto f\u00e9d\u00e9ral pour la man\u0153uvre d\u00e9missionnaire de Hafsi\" \/>\n<meta property=\"og:description\" content=\"Veto f\u00e9d\u00e9ral pour la man\u0153uvre d\u00e9missionnaire de Hafsi\" \/>\n<meta property=\"og:url\" content=\"https:\/\/www.webdo.tn\/fr\/actualite\/divers\/veto-federal-pour-la-manoeuvre-demissionnaire-de-hafsi\/178670\/\" \/>\n<meta property=\"og:site_name\" content=\"webdo\" \/>\n<meta property=\"article:publisher\" content=\"https:\/\/www.facebook.com\/webdotn\" \/>\n<meta property=\"article:published_time\" content=\"2011-04-07T09:01:00+00:00\" \/>\n<meta property=\"og:image\" content=\"https:\/\/www.webdo.tn\/fr\/wp-content\/uploads\/2011\/04\/Foot-Tunisie.jpg\" \/>\n\t<meta property=\"og:image:width\" content=\"205\" \/>\n\t<meta property=\"og:image:height\" content=\"154\" \/>\n\t<meta property=\"og:image:type\" content=\"image\/jpeg\" \/>\n<meta name=\"author\" content=\"webdo.tn\" \/>\n<meta name=\"twitter:card\" content=\"summary_large_image\" \/>\n<meta name=\"twitter:creator\" content=\"@webdo_tn\" \/>\n<meta name=\"twitter:site\" content=\"@webdo_tn\" \/>\n<meta name=\"twitter:label1\" content=\"\u00c9crit par\" \/>\n\t<meta name=\"twitter:data1\" content=\"webdo.tn\" \/>\n\t<meta name=\"twitter:label2\" content=\"Dur\u00e9e de lecture estim\u00e9e\" \/>\n\t<meta name=\"twitter:data2\" content=\"1 minute\" \/>\n<script type=\"application\/ld+json\" class=\"yoast-schema-graph\">{\"@context\":\"https:\\\/\\\/schema.org\",\"@graph\":[{\"@type\":\"NewsArticle\",\"@id\":\"https:\\\/\\\/www.webdo.tn\\\/fr\\\/actualite\\\/divers\\\/veto-federal-pour-la-manoeuvre-demissionnaire-de-hafsi\\\/178670\\\/#article\",\"isPartOf\":{\"@id\":\"https:\\\/\\\/www.webdo.tn\\\/fr\\\/actualite\\\/divers\\\/veto-federal-pour-la-manoeuvre-demissionnaire-de-hafsi\\\/178670\\\/\"},\"author\":{\"name\":\"webdo.tn\",\"@id\":\"https:\\\/\\\/www.webdo.tn\\\/fr\\\/#\\\/schema\\\/person\\\/9a9c6118d687c117df8ef3cc36a4d175\"},\"headline\":\"Veto f\u00e9d\u00e9ral pour la man\u0153uvre d\u00e9missionnaire de Hafsi\",\"datePublished\":\"2011-04-07T09:01:00+00:00\",\"mainEntityOfPage\":{\"@id\":\"https:\\\/\\\/www.webdo.tn\\\/fr\\\/actualite\\\/divers\\\/veto-federal-pour-la-manoeuvre-demissionnaire-de-hafsi\\\/178670\\\/\"},\"wordCount\":171,\"commentCount\":0,\"publisher\":{\"@id\":\"https:\\\/\\\/www.webdo.tn\\\/fr\\\/#organization\"},\"image\":{\"@id\":\"https:\\\/\\\/www.webdo.tn\\\/fr\\\/actualite\\\/divers\\\/veto-federal-pour-la-manoeuvre-demissionnaire-de-hafsi\\\/178670\\\/#primaryimage\"},\"thumbnailUrl\":\"https:\\\/\\\/www.webdo.tn\\\/fr\\\/wp-content\\\/uploads\\\/2011\\\/04\\\/Foot-Tunisie.jpg\",\"articleSection\":[\"Divers\"],\"inLanguage\":\"fr-FR\"},{\"@type\":\"WebPage\",\"@id\":\"https:\\\/\\\/www.webdo.tn\\\/fr\\\/actualite\\\/divers\\\/veto-federal-pour-la-manoeuvre-demissionnaire-de-hafsi\\\/178670\\\/\",\"url\":\"https:\\\/\\\/www.webdo.tn\\\/fr\\\/actualite\\\/divers\\\/veto-federal-pour-la-manoeuvre-demissionnaire-de-hafsi\\\/178670\\\/\",\"name\":\"Veto f\u00e9d\u00e9ral pour la man\u0153uvre d\u00e9missionnaire de Hafsi\",\"isPartOf\":{\"@id\":\"https:\\\/\\\/www.webdo.tn\\\/fr\\\/#website\"},\"primaryImageOfPage\":{\"@id\":\"https:\\\/\\\/www.webdo.tn\\\/fr\\\/actualite\\\/divers\\\/veto-federal-pour-la-manoeuvre-demissionnaire-de-hafsi\\\/178670\\\/#primaryimage\"},\"image\":{\"@id\":\"https:\\\/\\\/www.webdo.tn\\\/fr\\\/actualite\\\/divers\\\/veto-federal-pour-la-manoeuvre-demissionnaire-de-hafsi\\\/178670\\\/#primaryimage\"},\"thumbnailUrl\":\"https:\\\/\\\/www.webdo.tn\\\/fr\\\/wp-content\\\/uploads\\\/2011\\\/04\\\/Foot-Tunisie.jpg\",\"datePublished\":\"2011-04-07T09:01:00+00:00\",\"description\":\"Veto f\u00e9d\u00e9ral pour la man\u0153uvre d\u00e9missionnaire de Hafsi\",\"breadcrumb\":{\"@id\":\"https:\\\/\\\/www.webdo.tn\\\/fr\\\/actualite\\\/divers\\\/veto-federal-pour-la-manoeuvre-demissionnaire-de-hafsi\\\/178670\\\/#breadcrumb\"},\"inLanguage\":\"fr-FR\",\"potentialAction\":[{\"@type\":\"ReadAction\",\"target\":[\"https:\\\/\\\/www.webdo.tn\\\/fr\\\/actualite\\\/divers\\\/veto-federal-pour-la-manoeuvre-demissionnaire-de-hafsi\\\/178670\\\/\"]}]},{\"@type\":\"ImageObject\",\"inLanguage\":\"fr-FR\",\"@id\":\"https:\\\/\\\/www.webdo.tn\\\/fr\\\/actualite\\\/divers\\\/veto-federal-pour-la-manoeuvre-demissionnaire-de-hafsi\\\/178670\\\/#primaryimage\",\"url\":\"https:\\\/\\\/www.webdo.tn\\\/fr\\\/wp-content\\\/uploads\\\/2011\\\/04\\\/Foot-Tunisie.jpg\",\"contentUrl\":\"https:\\\/\\\/www.webdo.tn\\\/fr\\\/wp-content\\\/uploads\\\/2011\\\/04\\\/Foot-Tunisie.jpg\",\"width\":205,\"height\":154,\"caption\":\"Veto f\u00e9d\u00e9ral pour la man\u0153uvre d\u00e9missionnaire de Hafsi\"},{\"@type\":\"BreadcrumbList\",\"@id\":\"https:\\\/\\\/www.webdo.tn\\\/fr\\\/actualite\\\/divers\\\/veto-federal-pour-la-manoeuvre-demissionnaire-de-hafsi\\\/178670\\\/#breadcrumb\",\"itemListElement\":[{\"@type\":\"ListItem\",\"position\":1,\"name\":\"Accueil\",\"item\":\"https:\\\/\\\/www.webdo.tn\\\/fr\\\/\"},{\"@type\":\"ListItem\",\"position\":2,\"name\":\"Veto f\u00e9d\u00e9ral pour la man\u0153uvre d\u00e9missionnaire de Hafsi\"}]},{\"@type\":\"WebSite\",\"@id\":\"https:\\\/\\\/www.webdo.tn\\\/fr\\\/#website\",\"url\":\"https:\\\/\\\/www.webdo.tn\\\/fr\\\/\",\"name\":\"webdo\",\"description\":\"Tunisie - News en Tunisie et \u00e0 l&#039;international sur Webdo.tn\",\"publisher\":{\"@id\":\"https:\\\/\\\/www.webdo.tn\\\/fr\\\/#organization\"},\"potentialAction\":[{\"@type\":\"SearchAction\",\"target\":{\"@type\":\"EntryPoint\",\"urlTemplate\":\"https:\\\/\\\/www.webdo.tn\\\/fr\\\/?s={search_term_string}\"},\"query-input\":{\"@type\":\"PropertyValueSpecification\",\"valueRequired\":true,\"valueName\":\"search_term_string\"}}],\"inLanguage\":\"fr-FR\"},{\"@type\":\"Organization\",\"@id\":\"https:\\\/\\\/www.webdo.tn\\\/fr\\\/#organization\",\"name\":\"Webdo\",\"alternateName\":\"Webdo.tn\",\"url\":\"https:\\\/\\\/www.webdo.tn\\\/fr\\\/\",\"logo\":{\"@type\":\"ImageObject\",\"inLanguage\":\"fr-FR\",\"@id\":\"https:\\\/\\\/www.webdo.tn\\\/fr\\\/#\\\/schema\\\/logo\\\/image\\\/\",\"url\":\"https:\\\/\\\/www.webdo.tn\\\/fr\\\/wp-content\\\/uploads\\\/2025\\\/06\\\/Webdo-Tunisie_168377.jpg\",\"contentUrl\":\"https:\\\/\\\/www.webdo.tn\\\/fr\\\/wp-content\\\/uploads\\\/2025\\\/06\\\/Webdo-Tunisie_168377.jpg\",\"width\":301,\"height\":301,\"caption\":\"Webdo\"},\"image\":{\"@id\":\"https:\\\/\\\/www.webdo.tn\\\/fr\\\/#\\\/schema\\\/logo\\\/image\\\/\"},\"sameAs\":[\"https:\\\/\\\/www.facebook.com\\\/webdotn\",\"https:\\\/\\\/x.com\\\/webdo_tn\"],\"description\":\"Webdo est un m\u00e9dia num\u00e9rique tunisien fond\u00e9 en 2010, sp\u00e9cialis\u00e9 dans l\u2019actualit\u00e9 nationale et internationale, l\u2019\u00e9conomie, la soci\u00e9t\u00e9 et les analyses politiques. Le site s\u2019adresse \u00e0 un large public francophone et couvre l\u2019information tunisienne en temps r\u00e9el.\",\"email\":\"redac@webdo.tn\",\"legalName\":\"YNJ SARL\",\"foundingDate\":\"2010-09-06\",\"numberOfEmployees\":{\"@type\":\"QuantitativeValue\",\"minValue\":\"11\",\"maxValue\":\"50\"}},{\"@type\":\"Person\",\"@id\":\"https:\\\/\\\/www.webdo.tn\\\/fr\\\/#\\\/schema\\\/person\\\/9a9c6118d687c117df8ef3cc36a4d175\",\"name\":\"webdo.tn\",\"image\":{\"@type\":\"ImageObject\",\"inLanguage\":\"fr-FR\",\"@id\":\"https:\\\/\\\/secure.gravatar.com\\\/avatar\\\/7ce1f28c0c3bbac99ff550b85ef8e44a6950c6ee24514fb6a5489e51d06f0298?s=96&d=mm&r=g\",\"url\":\"https:\\\/\\\/secure.gravatar.com\\\/avatar\\\/7ce1f28c0c3bbac99ff550b85ef8e44a6950c6ee24514fb6a5489e51d06f0298?s=96&d=mm&r=g\",\"contentUrl\":\"https:\\\/\\\/secure.gravatar.com\\\/avatar\\\/7ce1f28c0c3bbac99ff550b85ef8e44a6950c6ee24514fb6a5489e51d06f0298?s=96&d=mm&r=g\",\"caption\":\"webdo.tn\"},\"url\":\"https:\\\/\\\/www.webdo.tn\\\/fr\\\/actualite\\\/author\\\/webdotn\\\/\"}]}<\/script>\n<!-- \/ Yoast SEO Premium plugin. -->","yoast_head_json":{"title":"Veto f\u00e9d\u00e9ral pour la man\u0153uvre d\u00e9missionnaire de Hafsi","description":"Veto f\u00e9d\u00e9ral pour la man\u0153uvre d\u00e9missionnaire de Hafsi","canonical":"https:\/\/www.webdo.tn\/fr\/actualite\/divers\/veto-federal-pour-la-manoeuvre-demissionnaire-de-hafsi\/178670\/","og_locale":"fr_FR","og_type":"article","og_title":"Veto f\u00e9d\u00e9ral pour la man\u0153uvre d\u00e9missionnaire de Hafsi","og_description":"Veto f\u00e9d\u00e9ral pour la man\u0153uvre d\u00e9missionnaire de Hafsi","og_url":"https:\/\/www.webdo.tn\/fr\/actualite\/divers\/veto-federal-pour-la-manoeuvre-demissionnaire-de-hafsi\/178670\/","og_site_name":"webdo","article_publisher":"https:\/\/www.facebook.com\/webdotn","article_published_time":"2011-04-07T09:01:00+00:00","og_image":[{"width":205,"height":154,"url":"https:\/\/www.webdo.tn\/fr\/wp-content\/uploads\/2011\/04\/Foot-Tunisie.jpg","type":"image\/jpeg"}],"author":"webdo.tn","twitter_card":"summary_large_image","twitter_creator":"@webdo_tn","twitter_site":"@webdo_tn","twitter_misc":{"\u00c9crit par":"webdo.tn","Dur\u00e9e de lecture estim\u00e9e":"1 minute"},"schema":{"@context":"https:\/\/schema.org","@graph":[{"@type":"NewsArticle","@id":"https:\/\/www.webdo.tn\/fr\/actualite\/divers\/veto-federal-pour-la-manoeuvre-demissionnaire-de-hafsi\/178670\/#article","isPartOf":{"@id":"https:\/\/www.webdo.tn\/fr\/actualite\/divers\/veto-federal-pour-la-manoeuvre-demissionnaire-de-hafsi\/178670\/"},"author":{"name":"webdo.tn","@id":"https:\/\/www.webdo.tn\/fr\/#\/schema\/person\/9a9c6118d687c117df8ef3cc36a4d175"},"headline":"Veto f\u00e9d\u00e9ral pour la man\u0153uvre d\u00e9missionnaire de Hafsi","datePublished":"2011-04-07T09:01:00+00:00","mainEntityOfPage":{"@id":"https:\/\/www.webdo.tn\/fr\/actualite\/divers\/veto-federal-pour-la-manoeuvre-demissionnaire-de-hafsi\/178670\/"},"wordCount":171,"commentCount":0,"publisher":{"@id":"https:\/\/www.webdo.tn\/fr\/#organization"},"image":{"@id":"https:\/\/www.webdo.tn\/fr\/actualite\/divers\/veto-federal-pour-la-manoeuvre-demissionnaire-de-hafsi\/178670\/#primaryimage"},"thumbnailUrl":"https:\/\/www.webdo.tn\/fr\/wp-content\/uploads\/2011\/04\/Foot-Tunisie.jpg","articleSection":["Divers"],"inLanguage":"fr-FR"},{"@type":"WebPage","@id":"https:\/\/www.webdo.tn\/fr\/actualite\/divers\/veto-federal-pour-la-manoeuvre-demissionnaire-de-hafsi\/178670\/","url":"https:\/\/www.webdo.tn\/fr\/actualite\/divers\/veto-federal-pour-la-manoeuvre-demissionnaire-de-hafsi\/178670\/","name":"Veto f\u00e9d\u00e9ral pour la man\u0153uvre d\u00e9missionnaire de Hafsi","isPartOf":{"@id":"https:\/\/www.webdo.tn\/fr\/#website"},"primaryImageOfPage":{"@id":"https:\/\/www.webdo.tn\/fr\/actualite\/divers\/veto-federal-pour-la-manoeuvre-demissionnaire-de-hafsi\/178670\/#primaryimage"},"image":{"@id":"https:\/\/www.webdo.tn\/fr\/actualite\/divers\/veto-federal-pour-la-manoeuvre-demissionnaire-de-hafsi\/178670\/#primaryimage"},"thumbnailUrl":"https:\/\/www.webdo.tn\/fr\/wp-content\/uploads\/2011\/04\/Foot-Tunisie.jpg","datePublished":"2011-04-07T09:01:00+00:00","description":"Veto f\u00e9d\u00e9ral pour la man\u0153uvre d\u00e9missionnaire de Hafsi","breadcrumb":{"@id":"https:\/\/www.webdo.tn\/fr\/actualite\/divers\/veto-federal-pour-la-manoeuvre-demissionnaire-de-hafsi\/178670\/#breadcrumb"},"inLanguage":"fr-FR","potentialAction":[{"@type":"ReadAction","target":["https:\/\/www.webdo.tn\/fr\/actualite\/divers\/veto-federal-pour-la-manoeuvre-demissionnaire-de-hafsi\/178670\/"]}]},{"@type":"ImageObject","inLanguage":"fr-FR","@id":"https:\/\/www.webdo.tn\/fr\/actualite\/divers\/veto-federal-pour-la-manoeuvre-demissionnaire-de-hafsi\/178670\/#primaryimage","url":"https:\/\/www.webdo.tn\/fr\/wp-content\/uploads\/2011\/04\/Foot-Tunisie.jpg","contentUrl":"https:\/\/www.webdo.tn\/fr\/wp-content\/uploads\/2011\/04\/Foot-Tunisie.jpg","width":205,"height":154,"caption":"Veto f\u00e9d\u00e9ral pour la man\u0153uvre d\u00e9missionnaire de Hafsi"},{"@type":"BreadcrumbList","@id":"https:\/\/www.webdo.tn\/fr\/actualite\/divers\/veto-federal-pour-la-manoeuvre-demissionnaire-de-hafsi\/178670\/#breadcrumb","itemListElement":[{"@type":"ListItem","position":1,"name":"Accueil","item":"https:\/\/www.webdo.tn\/fr\/"},{"@type":"ListItem","position":2,"name":"Veto f\u00e9d\u00e9ral pour la man\u0153uvre d\u00e9missionnaire de Hafsi"}]},{"@type":"WebSite","@id":"https:\/\/www.webdo.tn\/fr\/#website","url":"https:\/\/www.webdo.tn\/fr\/","name":"webdo","description":"Tunisie - News en Tunisie et \u00e0 l&#039;international sur Webdo.tn","publisher":{"@id":"https:\/\/www.webdo.tn\/fr\/#organization"},"potentialAction":[{"@type":"SearchAction","target":{"@type":"EntryPoint","urlTemplate":"https:\/\/www.webdo.tn\/fr\/?s={search_term_string}"},"query-input":{"@type":"PropertyValueSpecification","valueRequired":true,"valueName":"search_term_string"}}],"inLanguage":"fr-FR"},{"@type":"Organization","@id":"https:\/\/www.webdo.tn\/fr\/#organization","name":"Webdo","alternateName":"Webdo.tn","url":"https:\/\/www.webdo.tn\/fr\/","logo":{"@type":"ImageObject","inLanguage":"fr-FR","@id":"https:\/\/www.webdo.tn\/fr\/#\/schema\/logo\/image\/","url":"https:\/\/www.webdo.tn\/fr\/wp-content\/uploads\/2025\/06\/Webdo-Tunisie_168377.jpg","contentUrl":"https:\/\/www.webdo.tn\/fr\/wp-content\/uploads\/2025\/06\/Webdo-Tunisie_168377.jpg","width":301,"height":301,"caption":"Webdo"},"image":{"@id":"https:\/\/www.webdo.tn\/fr\/#\/schema\/logo\/image\/"},"sameAs":["https:\/\/www.facebook.com\/webdotn","https:\/\/x.com\/webdo_tn"],"description":"Webdo est un m\u00e9dia num\u00e9rique tunisien fond\u00e9 en 2010, sp\u00e9cialis\u00e9 dans l\u2019actualit\u00e9 nationale et internationale, l\u2019\u00e9conomie, la soci\u00e9t\u00e9 et les analyses politiques. Le site s\u2019adresse \u00e0 un large public francophone et couvre l\u2019information tunisienne en temps r\u00e9el.","email":"redac@webdo.tn","legalName":"YNJ SARL","foundingDate":"2010-09-06","numberOfEmployees":{"@type":"QuantitativeValue","minValue":"11","maxValue":"50"}},{"@type":"Person","@id":"https:\/\/www.webdo.tn\/fr\/#\/schema\/person\/9a9c6118d687c117df8ef3cc36a4d175","name":"webdo.tn","image":{"@type":"ImageObject","inLanguage":"fr-FR","@id":"https:\/\/secure.gravatar.com\/avatar\/7ce1f28c0c3bbac99ff550b85ef8e44a6950c6ee24514fb6a5489e51d06f0298?s=96&d=mm&r=g","url":"https:\/\/secure.gravatar.com\/avatar\/7ce1f28c0c3bbac99ff550b85ef8e44a6950c6ee24514fb6a5489e51d06f0298?s=96&d=mm&r=g","contentUrl":"https:\/\/secure.gravatar.com\/avatar\/7ce1f28c0c3bbac99ff550b85ef8e44a6950c6ee24514fb6a5489e51d06f0298?s=96&d=mm&r=g","caption":"webdo.tn"},"url":"https:\/\/www.webdo.tn\/fr\/actualite\/author\/webdotn\/"}]}},"_links":{"self":[{"href":"https:\/\/www.webdo.tn\/fr\/wp-json\/wp\/v2\/posts\/178670","targetHints":{"allow":["GET"]}}],"collection":[{"href":"https:\/\/www.webdo.tn\/fr\/wp-json\/wp\/v2\/posts"}],"about":[{"href":"https:\/\/www.webdo.tn\/fr\/wp-json\/wp\/v2\/types\/post"}],"author":[{"embeddable":true,"href":"https:\/\/www.webdo.tn\/fr\/wp-json\/wp\/v2\/users\/3222"}],"replies":[{"embeddable":true,"href":"https:\/\/www.webdo.tn\/fr\/wp-json\/wp\/v2\/comments?post=178670"}],"version-history":[{"count":0,"href":"https:\/\/www.webdo.tn\/fr\/wp-json\/wp\/v2\/posts\/178670\/revisions"}],"wp:featuredmedia":[{"embeddable":true,"href":"https:\/\/www.webdo.tn\/fr\/wp-json\/wp\/v2\/media\/365496"}],"wp:attachment":[{"href":"https:\/\/www.webdo.tn\/fr\/wp-json\/wp\/v2\/media?parent=178670"}],"wp:term":[{"taxonomy":"category","embeddable":true,"href":"https:\/\/www.webdo.tn\/fr\/wp-json\/wp\/v2\/categories?post=178670"},{"taxonomy":"post_tag","embeddable":true,"href":"https:\/\/www.webdo.tn\/fr\/wp-json\/wp\/v2\/tags?post=178670"}],"curies":[{"name":"wp","href":"https:\/\/api.w.org\/{rel}","templated":true}]}}