{"id":178668,"date":"2011-04-08T17:27:00","date_gmt":"2011-04-08T17:27:00","guid":{"rendered":"https:\/\/www.webdo.tn\/fr\/actualite\/blog\/panique-sur-lavenue-bourguiba-apres-lagression-dun-policier-en-civil\/178668\/"},"modified":"2011-04-08T17:27:00","modified_gmt":"2011-04-08T17:27:00","slug":"panique-sur-lavenue-bourguiba-apres-lagression-dun-policier-en-civil","status":"publish","type":"post","link":"https:\/\/www.webdo.tn\/fr\/actualite\/divers\/panique-sur-lavenue-bourguiba-apres-lagression-dun-policier-en-civil\/178668\/","title":{"rendered":"Panique sur l\u2019avenue Bourguiba apr\u00e8s l\u2019agression d\u2019un policier en civil"},"content":{"rendered":"<p>Une sc\u00e8ne famili\u00e8re a celles d\u00e9j\u00e0 v\u00e9cues lors des affrontements avec les services de l\u2019ordre au temps du couvre feu a \u00e9t\u00e9 v\u00e9cue cette apr\u00e8s midi.<\/p>\n<p>Aux alentours de 16 heures, les passants de l\u2019avenue Habib Bourguiba ont \u00e9t\u00e9 pris de panique et fuyaient dans tous les sens, les magasins se barricadaient et les voitures klaxonnaient pour fuir\u2026.<\/p>\n<p>Il s\u2019est av\u00e9r\u00e9 que lors d\u2019une manifestation, comme celles que l\u2019on a pris l\u2019habitude de voir ces derniers jours devant le th\u00e9\u00e2tre municipal, a tourn\u00e9 au vinaigre lorsque les manifestants ont d\u00e9couvert que l\u2019un d\u2019entre eux \u00e9tait un policier en civil. L\u2019officier d\u00e9masqu\u00e9 a \u00e9t\u00e9 ru\u00e9 de coups jusqu&rsquo;\u00e0 ce qu\u2019une ambulance de la protection civile vienne le chercher et l\u2019emm\u00e8ne \u00e0 l\u2019h\u00f4pital.<\/p>\n<p>S\u2019en est suivie une descente de la brigade anti \u00e9meutes qui a \u00e9vacu\u00e9 tout le monde sur l\u2019avenue, y compris les personnes qui \u00e9taient attabl\u00e9es sur les terrasses des caf\u00e9s. Des gaz lacrymog\u00e8nes ont meme \u00e9t\u00e9 tir\u00e9s sur la foule aux alentours du Palmarium.<br \/>\nLe calme est revenu sur l\u2019avenue Bourguiba.<\/p>\n","protected":false},"excerpt":{"rendered":"<p>Panique sur l\u2019avenue Bourguiba apr\u00e8s l\u2019agression d\u2019un policier en civil <\/p>\n","protected":false},"author":3222,"featured_media":365475,"comment_status":"open","ping_status":"closed","sticky":false,"template":"","format":"standard","meta":{"footnotes":""},"categories":[2839],"tags":[],"class_list":["post-178668","post","type-post","status-publish","format-standard","has-post-thumbnail","hentry","category-divers"],"yoast_head":"<!-- This site is optimized with the Yoast SEO Premium plugin v27.4 (Yoast SEO v27.4) - https:\/\/yoast.com\/product\/yoast-seo-premium-wordpress\/ -->\n<title>Panique sur l\u2019avenue Bourguiba apr\u00e8s l\u2019agression d\u2019un policier en civil<\/title>\n<meta name=\"description\" content=\"Panique sur l\u2019avenue Bourguiba apr\u00e8s l\u2019agression d\u2019un policier en civil\" \/>\n<link rel=\"canonical\" href=\"https:\/\/www.webdo.tn\/fr\/actualite\/divers\/panique-sur-lavenue-bourguiba-apres-lagression-dun-policier-en-civil\/178668\/\" \/>\n<meta property=\"og:locale\" content=\"fr_FR\" \/>\n<meta property=\"og:type\" content=\"article\" \/>\n<meta property=\"og:title\" content=\"Panique sur l\u2019avenue Bourguiba apr\u00e8s l\u2019agression d\u2019un policier en civil\" \/>\n<meta property=\"og:description\" content=\"Panique sur l\u2019avenue Bourguiba apr\u00e8s l\u2019agression d\u2019un policier en civil\" \/>\n<meta property=\"og:url\" content=\"https:\/\/www.webdo.tn\/fr\/actualite\/divers\/panique-sur-lavenue-bourguiba-apres-lagression-dun-policier-en-civil\/178668\/\" \/>\n<meta property=\"og:site_name\" content=\"webdo\" \/>\n<meta property=\"article:publisher\" content=\"https:\/\/www.facebook.com\/webdotn\" \/>\n<meta property=\"article:published_time\" content=\"2011-04-08T17:27:00+00:00\" \/>\n<meta property=\"og:image\" content=\"https:\/\/www.webdo.tn\/fr\/wp-content\/uploads\/2011\/04\/Av.-Bourguiba-300x225-1.jpg\" \/>\n\t<meta property=\"og:image:width\" content=\"300\" \/>\n\t<meta property=\"og:image:height\" content=\"225\" \/>\n\t<meta property=\"og:image:type\" content=\"image\/jpeg\" \/>\n<meta name=\"author\" content=\"webdo.tn\" \/>\n<meta name=\"twitter:card\" content=\"summary_large_image\" \/>\n<meta name=\"twitter:creator\" content=\"@webdo_tn\" \/>\n<meta name=\"twitter:site\" content=\"@webdo_tn\" \/>\n<meta name=\"twitter:label1\" content=\"\u00c9crit par\" \/>\n\t<meta name=\"twitter:data1\" content=\"webdo.tn\" \/>\n\t<meta name=\"twitter:label2\" content=\"Dur\u00e9e de lecture estim\u00e9e\" \/>\n\t<meta name=\"twitter:data2\" content=\"1 minute\" \/>\n<script type=\"application\/ld+json\" class=\"yoast-schema-graph\">{\"@context\":\"https:\\\/\\\/schema.org\",\"@graph\":[{\"@type\":\"NewsArticle\",\"@id\":\"https:\\\/\\\/www.webdo.tn\\\/fr\\\/actualite\\\/divers\\\/panique-sur-lavenue-bourguiba-apres-lagression-dun-policier-en-civil\\\/178668\\\/#article\",\"isPartOf\":{\"@id\":\"https:\\\/\\\/www.webdo.tn\\\/fr\\\/actualite\\\/divers\\\/panique-sur-lavenue-bourguiba-apres-lagression-dun-policier-en-civil\\\/178668\\\/\"},\"author\":{\"name\":\"webdo.tn\",\"@id\":\"https:\\\/\\\/www.webdo.tn\\\/fr\\\/#\\\/schema\\\/person\\\/9a9c6118d687c117df8ef3cc36a4d175\"},\"headline\":\"Panique sur l\u2019avenue Bourguiba apr\u00e8s l\u2019agression d\u2019un policier en civil\",\"datePublished\":\"2011-04-08T17:27:00+00:00\",\"mainEntityOfPage\":{\"@id\":\"https:\\\/\\\/www.webdo.tn\\\/fr\\\/actualite\\\/divers\\\/panique-sur-lavenue-bourguiba-apres-lagression-dun-policier-en-civil\\\/178668\\\/\"},\"wordCount\":215,\"commentCount\":0,\"publisher\":{\"@id\":\"https:\\\/\\\/www.webdo.tn\\\/fr\\\/#organization\"},\"image\":{\"@id\":\"https:\\\/\\\/www.webdo.tn\\\/fr\\\/actualite\\\/divers\\\/panique-sur-lavenue-bourguiba-apres-lagression-dun-policier-en-civil\\\/178668\\\/#primaryimage\"},\"thumbnailUrl\":\"https:\\\/\\\/www.webdo.tn\\\/fr\\\/wp-content\\\/uploads\\\/2011\\\/04\\\/Av.-Bourguiba-300x225-1.jpg\",\"articleSection\":[\"Divers\"],\"inLanguage\":\"fr-FR\"},{\"@type\":\"WebPage\",\"@id\":\"https:\\\/\\\/www.webdo.tn\\\/fr\\\/actualite\\\/divers\\\/panique-sur-lavenue-bourguiba-apres-lagression-dun-policier-en-civil\\\/178668\\\/\",\"url\":\"https:\\\/\\\/www.webdo.tn\\\/fr\\\/actualite\\\/divers\\\/panique-sur-lavenue-bourguiba-apres-lagression-dun-policier-en-civil\\\/178668\\\/\",\"name\":\"Panique sur l\u2019avenue Bourguiba apr\u00e8s l\u2019agression d\u2019un policier en civil\",\"isPartOf\":{\"@id\":\"https:\\\/\\\/www.webdo.tn\\\/fr\\\/#website\"},\"primaryImageOfPage\":{\"@id\":\"https:\\\/\\\/www.webdo.tn\\\/fr\\\/actualite\\\/divers\\\/panique-sur-lavenue-bourguiba-apres-lagression-dun-policier-en-civil\\\/178668\\\/#primaryimage\"},\"image\":{\"@id\":\"https:\\\/\\\/www.webdo.tn\\\/fr\\\/actualite\\\/divers\\\/panique-sur-lavenue-bourguiba-apres-lagression-dun-policier-en-civil\\\/178668\\\/#primaryimage\"},\"thumbnailUrl\":\"https:\\\/\\\/www.webdo.tn\\\/fr\\\/wp-content\\\/uploads\\\/2011\\\/04\\\/Av.-Bourguiba-300x225-1.jpg\",\"datePublished\":\"2011-04-08T17:27:00+00:00\",\"description\":\"Panique sur l\u2019avenue Bourguiba apr\u00e8s l\u2019agression d\u2019un policier en civil\",\"breadcrumb\":{\"@id\":\"https:\\\/\\\/www.webdo.tn\\\/fr\\\/actualite\\\/divers\\\/panique-sur-lavenue-bourguiba-apres-lagression-dun-policier-en-civil\\\/178668\\\/#breadcrumb\"},\"inLanguage\":\"fr-FR\",\"potentialAction\":[{\"@type\":\"ReadAction\",\"target\":[\"https:\\\/\\\/www.webdo.tn\\\/fr\\\/actualite\\\/divers\\\/panique-sur-lavenue-bourguiba-apres-lagression-dun-policier-en-civil\\\/178668\\\/\"]}]},{\"@type\":\"ImageObject\",\"inLanguage\":\"fr-FR\",\"@id\":\"https:\\\/\\\/www.webdo.tn\\\/fr\\\/actualite\\\/divers\\\/panique-sur-lavenue-bourguiba-apres-lagression-dun-policier-en-civil\\\/178668\\\/#primaryimage\",\"url\":\"https:\\\/\\\/www.webdo.tn\\\/fr\\\/wp-content\\\/uploads\\\/2011\\\/04\\\/Av.-Bourguiba-300x225-1.jpg\",\"contentUrl\":\"https:\\\/\\\/www.webdo.tn\\\/fr\\\/wp-content\\\/uploads\\\/2011\\\/04\\\/Av.-Bourguiba-300x225-1.jpg\",\"width\":300,\"height\":225,\"caption\":\"Panique sur l\u2019avenue Bourguiba apr\u00e8s l\u2019agression d\u2019un policier en civil\"},{\"@type\":\"BreadcrumbList\",\"@id\":\"https:\\\/\\\/www.webdo.tn\\\/fr\\\/actualite\\\/divers\\\/panique-sur-lavenue-bourguiba-apres-lagression-dun-policier-en-civil\\\/178668\\\/#breadcrumb\",\"itemListElement\":[{\"@type\":\"ListItem\",\"position\":1,\"name\":\"Accueil\",\"item\":\"https:\\\/\\\/www.webdo.tn\\\/fr\\\/\"},{\"@type\":\"ListItem\",\"position\":2,\"name\":\"Panique sur l\u2019avenue Bourguiba apr\u00e8s l\u2019agression d\u2019un policier en civil\"}]},{\"@type\":\"WebSite\",\"@id\":\"https:\\\/\\\/www.webdo.tn\\\/fr\\\/#website\",\"url\":\"https:\\\/\\\/www.webdo.tn\\\/fr\\\/\",\"name\":\"webdo\",\"description\":\"Tunisie - News en Tunisie et \u00e0 l&#039;international sur Webdo.tn\",\"publisher\":{\"@id\":\"https:\\\/\\\/www.webdo.tn\\\/fr\\\/#organization\"},\"potentialAction\":[{\"@type\":\"SearchAction\",\"target\":{\"@type\":\"EntryPoint\",\"urlTemplate\":\"https:\\\/\\\/www.webdo.tn\\\/fr\\\/?s={search_term_string}\"},\"query-input\":{\"@type\":\"PropertyValueSpecification\",\"valueRequired\":true,\"valueName\":\"search_term_string\"}}],\"inLanguage\":\"fr-FR\"},{\"@type\":\"Organization\",\"@id\":\"https:\\\/\\\/www.webdo.tn\\\/fr\\\/#organization\",\"name\":\"Webdo\",\"alternateName\":\"Webdo.tn\",\"url\":\"https:\\\/\\\/www.webdo.tn\\\/fr\\\/\",\"logo\":{\"@type\":\"ImageObject\",\"inLanguage\":\"fr-FR\",\"@id\":\"https:\\\/\\\/www.webdo.tn\\\/fr\\\/#\\\/schema\\\/logo\\\/image\\\/\",\"url\":\"https:\\\/\\\/www.webdo.tn\\\/fr\\\/wp-content\\\/uploads\\\/2025\\\/06\\\/Webdo-Tunisie_168377.jpg\",\"contentUrl\":\"https:\\\/\\\/www.webdo.tn\\\/fr\\\/wp-content\\\/uploads\\\/2025\\\/06\\\/Webdo-Tunisie_168377.jpg\",\"width\":301,\"height\":301,\"caption\":\"Webdo\"},\"image\":{\"@id\":\"https:\\\/\\\/www.webdo.tn\\\/fr\\\/#\\\/schema\\\/logo\\\/image\\\/\"},\"sameAs\":[\"https:\\\/\\\/www.facebook.com\\\/webdotn\",\"https:\\\/\\\/x.com\\\/webdo_tn\"],\"description\":\"Webdo est un m\u00e9dia num\u00e9rique tunisien fond\u00e9 en 2010, sp\u00e9cialis\u00e9 dans l\u2019actualit\u00e9 nationale et internationale, l\u2019\u00e9conomie, la soci\u00e9t\u00e9 et les analyses politiques. Le site s\u2019adresse \u00e0 un large public francophone et couvre l\u2019information tunisienne en temps r\u00e9el.\",\"email\":\"redac@webdo.tn\",\"legalName\":\"YNJ SARL\",\"foundingDate\":\"2010-09-06\",\"numberOfEmployees\":{\"@type\":\"QuantitativeValue\",\"minValue\":\"11\",\"maxValue\":\"50\"}},{\"@type\":\"Person\",\"@id\":\"https:\\\/\\\/www.webdo.tn\\\/fr\\\/#\\\/schema\\\/person\\\/9a9c6118d687c117df8ef3cc36a4d175\",\"name\":\"webdo.tn\",\"image\":{\"@type\":\"ImageObject\",\"inLanguage\":\"fr-FR\",\"@id\":\"https:\\\/\\\/secure.gravatar.com\\\/avatar\\\/7ce1f28c0c3bbac99ff550b85ef8e44a6950c6ee24514fb6a5489e51d06f0298?s=96&d=mm&r=g\",\"url\":\"https:\\\/\\\/secure.gravatar.com\\\/avatar\\\/7ce1f28c0c3bbac99ff550b85ef8e44a6950c6ee24514fb6a5489e51d06f0298?s=96&d=mm&r=g\",\"contentUrl\":\"https:\\\/\\\/secure.gravatar.com\\\/avatar\\\/7ce1f28c0c3bbac99ff550b85ef8e44a6950c6ee24514fb6a5489e51d06f0298?s=96&d=mm&r=g\",\"caption\":\"webdo.tn\"},\"url\":\"https:\\\/\\\/www.webdo.tn\\\/fr\\\/actualite\\\/author\\\/webdotn\\\/\"}]}<\/script>\n<!-- \/ Yoast SEO Premium plugin. -->","yoast_head_json":{"title":"Panique sur l\u2019avenue Bourguiba apr\u00e8s l\u2019agression d\u2019un policier en civil","description":"Panique sur l\u2019avenue Bourguiba apr\u00e8s l\u2019agression d\u2019un policier en civil","canonical":"https:\/\/www.webdo.tn\/fr\/actualite\/divers\/panique-sur-lavenue-bourguiba-apres-lagression-dun-policier-en-civil\/178668\/","og_locale":"fr_FR","og_type":"article","og_title":"Panique sur l\u2019avenue Bourguiba apr\u00e8s l\u2019agression d\u2019un policier en civil","og_description":"Panique sur l\u2019avenue Bourguiba apr\u00e8s l\u2019agression d\u2019un policier en civil","og_url":"https:\/\/www.webdo.tn\/fr\/actualite\/divers\/panique-sur-lavenue-bourguiba-apres-lagression-dun-policier-en-civil\/178668\/","og_site_name":"webdo","article_publisher":"https:\/\/www.facebook.com\/webdotn","article_published_time":"2011-04-08T17:27:00+00:00","og_image":[{"width":300,"height":225,"url":"https:\/\/www.webdo.tn\/fr\/wp-content\/uploads\/2011\/04\/Av.-Bourguiba-300x225-1.jpg","type":"image\/jpeg"}],"author":"webdo.tn","twitter_card":"summary_large_image","twitter_creator":"@webdo_tn","twitter_site":"@webdo_tn","twitter_misc":{"\u00c9crit par":"webdo.tn","Dur\u00e9e de lecture estim\u00e9e":"1 minute"},"schema":{"@context":"https:\/\/schema.org","@graph":[{"@type":"NewsArticle","@id":"https:\/\/www.webdo.tn\/fr\/actualite\/divers\/panique-sur-lavenue-bourguiba-apres-lagression-dun-policier-en-civil\/178668\/#article","isPartOf":{"@id":"https:\/\/www.webdo.tn\/fr\/actualite\/divers\/panique-sur-lavenue-bourguiba-apres-lagression-dun-policier-en-civil\/178668\/"},"author":{"name":"webdo.tn","@id":"https:\/\/www.webdo.tn\/fr\/#\/schema\/person\/9a9c6118d687c117df8ef3cc36a4d175"},"headline":"Panique sur l\u2019avenue Bourguiba apr\u00e8s l\u2019agression d\u2019un policier en civil","datePublished":"2011-04-08T17:27:00+00:00","mainEntityOfPage":{"@id":"https:\/\/www.webdo.tn\/fr\/actualite\/divers\/panique-sur-lavenue-bourguiba-apres-lagression-dun-policier-en-civil\/178668\/"},"wordCount":215,"commentCount":0,"publisher":{"@id":"https:\/\/www.webdo.tn\/fr\/#organization"},"image":{"@id":"https:\/\/www.webdo.tn\/fr\/actualite\/divers\/panique-sur-lavenue-bourguiba-apres-lagression-dun-policier-en-civil\/178668\/#primaryimage"},"thumbnailUrl":"https:\/\/www.webdo.tn\/fr\/wp-content\/uploads\/2011\/04\/Av.-Bourguiba-300x225-1.jpg","articleSection":["Divers"],"inLanguage":"fr-FR"},{"@type":"WebPage","@id":"https:\/\/www.webdo.tn\/fr\/actualite\/divers\/panique-sur-lavenue-bourguiba-apres-lagression-dun-policier-en-civil\/178668\/","url":"https:\/\/www.webdo.tn\/fr\/actualite\/divers\/panique-sur-lavenue-bourguiba-apres-lagression-dun-policier-en-civil\/178668\/","name":"Panique sur l\u2019avenue Bourguiba apr\u00e8s l\u2019agression d\u2019un policier en civil","isPartOf":{"@id":"https:\/\/www.webdo.tn\/fr\/#website"},"primaryImageOfPage":{"@id":"https:\/\/www.webdo.tn\/fr\/actualite\/divers\/panique-sur-lavenue-bourguiba-apres-lagression-dun-policier-en-civil\/178668\/#primaryimage"},"image":{"@id":"https:\/\/www.webdo.tn\/fr\/actualite\/divers\/panique-sur-lavenue-bourguiba-apres-lagression-dun-policier-en-civil\/178668\/#primaryimage"},"thumbnailUrl":"https:\/\/www.webdo.tn\/fr\/wp-content\/uploads\/2011\/04\/Av.-Bourguiba-300x225-1.jpg","datePublished":"2011-04-08T17:27:00+00:00","description":"Panique sur l\u2019avenue Bourguiba apr\u00e8s l\u2019agression d\u2019un policier en civil","breadcrumb":{"@id":"https:\/\/www.webdo.tn\/fr\/actualite\/divers\/panique-sur-lavenue-bourguiba-apres-lagression-dun-policier-en-civil\/178668\/#breadcrumb"},"inLanguage":"fr-FR","potentialAction":[{"@type":"ReadAction","target":["https:\/\/www.webdo.tn\/fr\/actualite\/divers\/panique-sur-lavenue-bourguiba-apres-lagression-dun-policier-en-civil\/178668\/"]}]},{"@type":"ImageObject","inLanguage":"fr-FR","@id":"https:\/\/www.webdo.tn\/fr\/actualite\/divers\/panique-sur-lavenue-bourguiba-apres-lagression-dun-policier-en-civil\/178668\/#primaryimage","url":"https:\/\/www.webdo.tn\/fr\/wp-content\/uploads\/2011\/04\/Av.-Bourguiba-300x225-1.jpg","contentUrl":"https:\/\/www.webdo.tn\/fr\/wp-content\/uploads\/2011\/04\/Av.-Bourguiba-300x225-1.jpg","width":300,"height":225,"caption":"Panique sur l\u2019avenue Bourguiba apr\u00e8s l\u2019agression d\u2019un policier en civil"},{"@type":"BreadcrumbList","@id":"https:\/\/www.webdo.tn\/fr\/actualite\/divers\/panique-sur-lavenue-bourguiba-apres-lagression-dun-policier-en-civil\/178668\/#breadcrumb","itemListElement":[{"@type":"ListItem","position":1,"name":"Accueil","item":"https:\/\/www.webdo.tn\/fr\/"},{"@type":"ListItem","position":2,"name":"Panique sur l\u2019avenue Bourguiba apr\u00e8s l\u2019agression d\u2019un policier en civil"}]},{"@type":"WebSite","@id":"https:\/\/www.webdo.tn\/fr\/#website","url":"https:\/\/www.webdo.tn\/fr\/","name":"webdo","description":"Tunisie - News en Tunisie et \u00e0 l&#039;international sur Webdo.tn","publisher":{"@id":"https:\/\/www.webdo.tn\/fr\/#organization"},"potentialAction":[{"@type":"SearchAction","target":{"@type":"EntryPoint","urlTemplate":"https:\/\/www.webdo.tn\/fr\/?s={search_term_string}"},"query-input":{"@type":"PropertyValueSpecification","valueRequired":true,"valueName":"search_term_string"}}],"inLanguage":"fr-FR"},{"@type":"Organization","@id":"https:\/\/www.webdo.tn\/fr\/#organization","name":"Webdo","alternateName":"Webdo.tn","url":"https:\/\/www.webdo.tn\/fr\/","logo":{"@type":"ImageObject","inLanguage":"fr-FR","@id":"https:\/\/www.webdo.tn\/fr\/#\/schema\/logo\/image\/","url":"https:\/\/www.webdo.tn\/fr\/wp-content\/uploads\/2025\/06\/Webdo-Tunisie_168377.jpg","contentUrl":"https:\/\/www.webdo.tn\/fr\/wp-content\/uploads\/2025\/06\/Webdo-Tunisie_168377.jpg","width":301,"height":301,"caption":"Webdo"},"image":{"@id":"https:\/\/www.webdo.tn\/fr\/#\/schema\/logo\/image\/"},"sameAs":["https:\/\/www.facebook.com\/webdotn","https:\/\/x.com\/webdo_tn"],"description":"Webdo est un m\u00e9dia num\u00e9rique tunisien fond\u00e9 en 2010, sp\u00e9cialis\u00e9 dans l\u2019actualit\u00e9 nationale et internationale, l\u2019\u00e9conomie, la soci\u00e9t\u00e9 et les analyses politiques. Le site s\u2019adresse \u00e0 un large public francophone et couvre l\u2019information tunisienne en temps r\u00e9el.","email":"redac@webdo.tn","legalName":"YNJ SARL","foundingDate":"2010-09-06","numberOfEmployees":{"@type":"QuantitativeValue","minValue":"11","maxValue":"50"}},{"@type":"Person","@id":"https:\/\/www.webdo.tn\/fr\/#\/schema\/person\/9a9c6118d687c117df8ef3cc36a4d175","name":"webdo.tn","image":{"@type":"ImageObject","inLanguage":"fr-FR","@id":"https:\/\/secure.gravatar.com\/avatar\/7ce1f28c0c3bbac99ff550b85ef8e44a6950c6ee24514fb6a5489e51d06f0298?s=96&d=mm&r=g","url":"https:\/\/secure.gravatar.com\/avatar\/7ce1f28c0c3bbac99ff550b85ef8e44a6950c6ee24514fb6a5489e51d06f0298?s=96&d=mm&r=g","contentUrl":"https:\/\/secure.gravatar.com\/avatar\/7ce1f28c0c3bbac99ff550b85ef8e44a6950c6ee24514fb6a5489e51d06f0298?s=96&d=mm&r=g","caption":"webdo.tn"},"url":"https:\/\/www.webdo.tn\/fr\/actualite\/author\/webdotn\/"}]}},"_links":{"self":[{"href":"https:\/\/www.webdo.tn\/fr\/wp-json\/wp\/v2\/posts\/178668","targetHints":{"allow":["GET"]}}],"collection":[{"href":"https:\/\/www.webdo.tn\/fr\/wp-json\/wp\/v2\/posts"}],"about":[{"href":"https:\/\/www.webdo.tn\/fr\/wp-json\/wp\/v2\/types\/post"}],"author":[{"embeddable":true,"href":"https:\/\/www.webdo.tn\/fr\/wp-json\/wp\/v2\/users\/3222"}],"replies":[{"embeddable":true,"href":"https:\/\/www.webdo.tn\/fr\/wp-json\/wp\/v2\/comments?post=178668"}],"version-history":[{"count":0,"href":"https:\/\/www.webdo.tn\/fr\/wp-json\/wp\/v2\/posts\/178668\/revisions"}],"wp:featuredmedia":[{"embeddable":true,"href":"https:\/\/www.webdo.tn\/fr\/wp-json\/wp\/v2\/media\/365475"}],"wp:attachment":[{"href":"https:\/\/www.webdo.tn\/fr\/wp-json\/wp\/v2\/media?parent=178668"}],"wp:term":[{"taxonomy":"category","embeddable":true,"href":"https:\/\/www.webdo.tn\/fr\/wp-json\/wp\/v2\/categories?post=178668"},{"taxonomy":"post_tag","embeddable":true,"href":"https:\/\/www.webdo.tn\/fr\/wp-json\/wp\/v2\/tags?post=178668"}],"curies":[{"name":"wp","href":"https:\/\/api.w.org\/{rel}","templated":true}]}}