{"id":178667,"date":"2011-04-12T09:30:00","date_gmt":"2011-04-12T09:30:00","guid":{"rendered":"https:\/\/www.webdo.tn\/fr\/actualite\/blog\/acceptee-par-kadhafi-la-proposition-de-lua-refusee-par-les-revolutionnaires\/178667\/"},"modified":"2011-04-12T09:30:00","modified_gmt":"2011-04-12T09:30:00","slug":"acceptee-par-kadhafi-la-proposition-de-lua-refusee-par-les-revolutionnaires","status":"publish","type":"post","link":"https:\/\/www.webdo.tn\/fr\/actualite\/divers\/acceptee-par-kadhafi-la-proposition-de-lua-refusee-par-les-revolutionnaires\/178667\/","title":{"rendered":"Accept\u00e9e par Kadhafi, la proposition de l\u2019UA refus\u00e9e par les r\u00e9volutionnaires"},"content":{"rendered":"<p>On pensait qu&rsquo;un grand pas avait \u00e9t\u00e9 franchi vers un arr\u00eat des violences apr\u00e8s l\u2019acceptation de Mouammar Kadhafi de la feuille de route propos\u00e9e par la d\u00e9l\u00e9gation de l&rsquo;Union Africaine dirig\u00e9e par le pr\u00e9sident sud-africain, Jacob Zuma.<\/p>\n<p>Mais c&rsquo;\u00e9tait sans compter sur les r\u00e9volutionnaires. Ces derniers ont, en effet, refus\u00e9 lundi cette feuille de route parce qu\u2019elle ne pr\u00e9voit en aucun cas le d\u00e9part de Mouammar Kadhafi.<\/p>\n<p>La confusion s&rsquo;\u00e9tend m\u00eame \u00e0 l&rsquo;OTAN qui nie avoir re\u00e7u un document ou une d\u00e9claration officielle de la part de la d\u00e9l\u00e9gation africaine demandant un arr\u00eat des bombardements contre les Kadhafistes.<\/p>\n<p>L\u2019OTAN compte donc poursuivre ses frappes contre les forces kadhafistes en attendant un v\u00e9ritable cessez-le feu adopt\u00e9e par les deux parties.<\/p>\n<p>Le conflit Libyen tourne d\u00e9sormais \u00e0 l&rsquo;impasse et un accord de cessez-le feu ne pourra se faire que s&rsquo;il implique le d\u00e9part politique de Kadhafi ; une demande que plusieurs pays soutiennent entre autres les membres de la coalition.<\/p>\n","protected":false},"excerpt":{"rendered":"<p> Accept\u00e9e par Kadhafi, la proposition de l\u2019UA refus\u00e9e par les r\u00e9volutionnaires  <\/p>\n","protected":false},"author":3222,"featured_media":365864,"comment_status":"open","ping_status":"closed","sticky":false,"template":"","format":"standard","meta":{"footnotes":""},"categories":[2839],"tags":[],"class_list":["post-178667","post","type-post","status-publish","format-standard","has-post-thumbnail","hentry","category-divers"],"yoast_head":"<!-- This site is optimized with the Yoast SEO Premium plugin v27.4 (Yoast SEO v27.4) - https:\/\/yoast.com\/product\/yoast-seo-premium-wordpress\/ -->\n<title>Accept\u00e9e par Kadhafi, la proposition de l\u2019UA refus\u00e9e par les r\u00e9volutionnaires<\/title>\n<meta name=\"description\" content=\"Accept\u00e9e par Kadhafi, la proposition de l\u2019UA refus\u00e9e par les r\u00e9volutionnaires\" \/>\n<link rel=\"canonical\" href=\"https:\/\/www.webdo.tn\/fr\/actualite\/divers\/acceptee-par-kadhafi-la-proposition-de-lua-refusee-par-les-revolutionnaires\/178667\/\" \/>\n<meta property=\"og:locale\" content=\"fr_FR\" \/>\n<meta property=\"og:type\" content=\"article\" \/>\n<meta property=\"og:title\" content=\"Accept\u00e9e par Kadhafi, la proposition de l\u2019UA refus\u00e9e par les r\u00e9volutionnaires\" \/>\n<meta property=\"og:description\" content=\"Accept\u00e9e par Kadhafi, la proposition de l\u2019UA refus\u00e9e par les r\u00e9volutionnaires\" \/>\n<meta property=\"og:url\" content=\"https:\/\/www.webdo.tn\/fr\/actualite\/divers\/acceptee-par-kadhafi-la-proposition-de-lua-refusee-par-les-revolutionnaires\/178667\/\" \/>\n<meta property=\"og:site_name\" content=\"webdo\" \/>\n<meta property=\"article:publisher\" content=\"https:\/\/www.facebook.com\/webdotn\" \/>\n<meta property=\"article:published_time\" content=\"2011-04-12T09:30:00+00:00\" \/>\n<meta property=\"og:image\" content=\"https:\/\/www.webdo.tn\/fr\/wp-content\/uploads\/2011\/04\/Lybie-300x189-1.jpg\" \/>\n\t<meta property=\"og:image:width\" content=\"300\" \/>\n\t<meta property=\"og:image:height\" content=\"189\" \/>\n\t<meta property=\"og:image:type\" content=\"image\/jpeg\" \/>\n<meta name=\"author\" content=\"webdo.tn\" \/>\n<meta name=\"twitter:card\" content=\"summary_large_image\" \/>\n<meta name=\"twitter:creator\" content=\"@webdo_tn\" \/>\n<meta name=\"twitter:site\" content=\"@webdo_tn\" \/>\n<meta name=\"twitter:label1\" content=\"\u00c9crit par\" \/>\n\t<meta name=\"twitter:data1\" content=\"webdo.tn\" \/>\n\t<meta name=\"twitter:label2\" content=\"Dur\u00e9e de lecture estim\u00e9e\" \/>\n\t<meta name=\"twitter:data2\" content=\"1 minute\" \/>\n<script type=\"application\/ld+json\" class=\"yoast-schema-graph\">{\"@context\":\"https:\\\/\\\/schema.org\",\"@graph\":[{\"@type\":\"NewsArticle\",\"@id\":\"https:\\\/\\\/www.webdo.tn\\\/fr\\\/actualite\\\/divers\\\/acceptee-par-kadhafi-la-proposition-de-lua-refusee-par-les-revolutionnaires\\\/178667\\\/#article\",\"isPartOf\":{\"@id\":\"https:\\\/\\\/www.webdo.tn\\\/fr\\\/actualite\\\/divers\\\/acceptee-par-kadhafi-la-proposition-de-lua-refusee-par-les-revolutionnaires\\\/178667\\\/\"},\"author\":{\"name\":\"webdo.tn\",\"@id\":\"https:\\\/\\\/www.webdo.tn\\\/fr\\\/#\\\/schema\\\/person\\\/9a9c6118d687c117df8ef3cc36a4d175\"},\"headline\":\"Accept\u00e9e par Kadhafi, la proposition de l\u2019UA refus\u00e9e par les r\u00e9volutionnaires\",\"datePublished\":\"2011-04-12T09:30:00+00:00\",\"mainEntityOfPage\":{\"@id\":\"https:\\\/\\\/www.webdo.tn\\\/fr\\\/actualite\\\/divers\\\/acceptee-par-kadhafi-la-proposition-de-lua-refusee-par-les-revolutionnaires\\\/178667\\\/\"},\"wordCount\":200,\"commentCount\":0,\"publisher\":{\"@id\":\"https:\\\/\\\/www.webdo.tn\\\/fr\\\/#organization\"},\"image\":{\"@id\":\"https:\\\/\\\/www.webdo.tn\\\/fr\\\/actualite\\\/divers\\\/acceptee-par-kadhafi-la-proposition-de-lua-refusee-par-les-revolutionnaires\\\/178667\\\/#primaryimage\"},\"thumbnailUrl\":\"https:\\\/\\\/www.webdo.tn\\\/fr\\\/wp-content\\\/uploads\\\/2011\\\/04\\\/Lybie-300x189-1.jpg\",\"articleSection\":[\"Divers\"],\"inLanguage\":\"fr-FR\"},{\"@type\":\"WebPage\",\"@id\":\"https:\\\/\\\/www.webdo.tn\\\/fr\\\/actualite\\\/divers\\\/acceptee-par-kadhafi-la-proposition-de-lua-refusee-par-les-revolutionnaires\\\/178667\\\/\",\"url\":\"https:\\\/\\\/www.webdo.tn\\\/fr\\\/actualite\\\/divers\\\/acceptee-par-kadhafi-la-proposition-de-lua-refusee-par-les-revolutionnaires\\\/178667\\\/\",\"name\":\"Accept\u00e9e par Kadhafi, la proposition de l\u2019UA refus\u00e9e par les r\u00e9volutionnaires\",\"isPartOf\":{\"@id\":\"https:\\\/\\\/www.webdo.tn\\\/fr\\\/#website\"},\"primaryImageOfPage\":{\"@id\":\"https:\\\/\\\/www.webdo.tn\\\/fr\\\/actualite\\\/divers\\\/acceptee-par-kadhafi-la-proposition-de-lua-refusee-par-les-revolutionnaires\\\/178667\\\/#primaryimage\"},\"image\":{\"@id\":\"https:\\\/\\\/www.webdo.tn\\\/fr\\\/actualite\\\/divers\\\/acceptee-par-kadhafi-la-proposition-de-lua-refusee-par-les-revolutionnaires\\\/178667\\\/#primaryimage\"},\"thumbnailUrl\":\"https:\\\/\\\/www.webdo.tn\\\/fr\\\/wp-content\\\/uploads\\\/2011\\\/04\\\/Lybie-300x189-1.jpg\",\"datePublished\":\"2011-04-12T09:30:00+00:00\",\"description\":\"Accept\u00e9e par Kadhafi, la proposition de l\u2019UA refus\u00e9e par les r\u00e9volutionnaires\",\"breadcrumb\":{\"@id\":\"https:\\\/\\\/www.webdo.tn\\\/fr\\\/actualite\\\/divers\\\/acceptee-par-kadhafi-la-proposition-de-lua-refusee-par-les-revolutionnaires\\\/178667\\\/#breadcrumb\"},\"inLanguage\":\"fr-FR\",\"potentialAction\":[{\"@type\":\"ReadAction\",\"target\":[\"https:\\\/\\\/www.webdo.tn\\\/fr\\\/actualite\\\/divers\\\/acceptee-par-kadhafi-la-proposition-de-lua-refusee-par-les-revolutionnaires\\\/178667\\\/\"]}]},{\"@type\":\"ImageObject\",\"inLanguage\":\"fr-FR\",\"@id\":\"https:\\\/\\\/www.webdo.tn\\\/fr\\\/actualite\\\/divers\\\/acceptee-par-kadhafi-la-proposition-de-lua-refusee-par-les-revolutionnaires\\\/178667\\\/#primaryimage\",\"url\":\"https:\\\/\\\/www.webdo.tn\\\/fr\\\/wp-content\\\/uploads\\\/2011\\\/04\\\/Lybie-300x189-1.jpg\",\"contentUrl\":\"https:\\\/\\\/www.webdo.tn\\\/fr\\\/wp-content\\\/uploads\\\/2011\\\/04\\\/Lybie-300x189-1.jpg\",\"width\":300,\"height\":189,\"caption\":\"Accept\u00e9e par Kadhafi, la proposition de l\u2019UA refus\u00e9e par les r\u00e9volutionnaires\"},{\"@type\":\"BreadcrumbList\",\"@id\":\"https:\\\/\\\/www.webdo.tn\\\/fr\\\/actualite\\\/divers\\\/acceptee-par-kadhafi-la-proposition-de-lua-refusee-par-les-revolutionnaires\\\/178667\\\/#breadcrumb\",\"itemListElement\":[{\"@type\":\"ListItem\",\"position\":1,\"name\":\"Accueil\",\"item\":\"https:\\\/\\\/www.webdo.tn\\\/fr\\\/\"},{\"@type\":\"ListItem\",\"position\":2,\"name\":\"Accept\u00e9e par Kadhafi, la proposition de l\u2019UA refus\u00e9e par les r\u00e9volutionnaires\"}]},{\"@type\":\"WebSite\",\"@id\":\"https:\\\/\\\/www.webdo.tn\\\/fr\\\/#website\",\"url\":\"https:\\\/\\\/www.webdo.tn\\\/fr\\\/\",\"name\":\"webdo\",\"description\":\"Tunisie - News en Tunisie et \u00e0 l&#039;international sur Webdo.tn\",\"publisher\":{\"@id\":\"https:\\\/\\\/www.webdo.tn\\\/fr\\\/#organization\"},\"potentialAction\":[{\"@type\":\"SearchAction\",\"target\":{\"@type\":\"EntryPoint\",\"urlTemplate\":\"https:\\\/\\\/www.webdo.tn\\\/fr\\\/?s={search_term_string}\"},\"query-input\":{\"@type\":\"PropertyValueSpecification\",\"valueRequired\":true,\"valueName\":\"search_term_string\"}}],\"inLanguage\":\"fr-FR\"},{\"@type\":\"Organization\",\"@id\":\"https:\\\/\\\/www.webdo.tn\\\/fr\\\/#organization\",\"name\":\"Webdo\",\"alternateName\":\"Webdo.tn\",\"url\":\"https:\\\/\\\/www.webdo.tn\\\/fr\\\/\",\"logo\":{\"@type\":\"ImageObject\",\"inLanguage\":\"fr-FR\",\"@id\":\"https:\\\/\\\/www.webdo.tn\\\/fr\\\/#\\\/schema\\\/logo\\\/image\\\/\",\"url\":\"https:\\\/\\\/www.webdo.tn\\\/fr\\\/wp-content\\\/uploads\\\/2025\\\/06\\\/Webdo-Tunisie_168377.jpg\",\"contentUrl\":\"https:\\\/\\\/www.webdo.tn\\\/fr\\\/wp-content\\\/uploads\\\/2025\\\/06\\\/Webdo-Tunisie_168377.jpg\",\"width\":301,\"height\":301,\"caption\":\"Webdo\"},\"image\":{\"@id\":\"https:\\\/\\\/www.webdo.tn\\\/fr\\\/#\\\/schema\\\/logo\\\/image\\\/\"},\"sameAs\":[\"https:\\\/\\\/www.facebook.com\\\/webdotn\",\"https:\\\/\\\/x.com\\\/webdo_tn\"],\"description\":\"Webdo est un m\u00e9dia num\u00e9rique tunisien fond\u00e9 en 2010, sp\u00e9cialis\u00e9 dans l\u2019actualit\u00e9 nationale et internationale, l\u2019\u00e9conomie, la soci\u00e9t\u00e9 et les analyses politiques. Le site s\u2019adresse \u00e0 un large public francophone et couvre l\u2019information tunisienne en temps r\u00e9el.\",\"email\":\"redac@webdo.tn\",\"legalName\":\"YNJ SARL\",\"foundingDate\":\"2010-09-06\",\"numberOfEmployees\":{\"@type\":\"QuantitativeValue\",\"minValue\":\"11\",\"maxValue\":\"50\"}},{\"@type\":\"Person\",\"@id\":\"https:\\\/\\\/www.webdo.tn\\\/fr\\\/#\\\/schema\\\/person\\\/9a9c6118d687c117df8ef3cc36a4d175\",\"name\":\"webdo.tn\",\"image\":{\"@type\":\"ImageObject\",\"inLanguage\":\"fr-FR\",\"@id\":\"https:\\\/\\\/secure.gravatar.com\\\/avatar\\\/7ce1f28c0c3bbac99ff550b85ef8e44a6950c6ee24514fb6a5489e51d06f0298?s=96&d=mm&r=g\",\"url\":\"https:\\\/\\\/secure.gravatar.com\\\/avatar\\\/7ce1f28c0c3bbac99ff550b85ef8e44a6950c6ee24514fb6a5489e51d06f0298?s=96&d=mm&r=g\",\"contentUrl\":\"https:\\\/\\\/secure.gravatar.com\\\/avatar\\\/7ce1f28c0c3bbac99ff550b85ef8e44a6950c6ee24514fb6a5489e51d06f0298?s=96&d=mm&r=g\",\"caption\":\"webdo.tn\"},\"url\":\"https:\\\/\\\/www.webdo.tn\\\/fr\\\/actualite\\\/author\\\/webdotn\\\/\"}]}<\/script>\n<!-- \/ Yoast SEO Premium plugin. -->","yoast_head_json":{"title":"Accept\u00e9e par Kadhafi, la proposition de l\u2019UA refus\u00e9e par les r\u00e9volutionnaires","description":"Accept\u00e9e par Kadhafi, la proposition de l\u2019UA refus\u00e9e par les r\u00e9volutionnaires","canonical":"https:\/\/www.webdo.tn\/fr\/actualite\/divers\/acceptee-par-kadhafi-la-proposition-de-lua-refusee-par-les-revolutionnaires\/178667\/","og_locale":"fr_FR","og_type":"article","og_title":"Accept\u00e9e par Kadhafi, la proposition de l\u2019UA refus\u00e9e par les r\u00e9volutionnaires","og_description":"Accept\u00e9e par Kadhafi, la proposition de l\u2019UA refus\u00e9e par les r\u00e9volutionnaires","og_url":"https:\/\/www.webdo.tn\/fr\/actualite\/divers\/acceptee-par-kadhafi-la-proposition-de-lua-refusee-par-les-revolutionnaires\/178667\/","og_site_name":"webdo","article_publisher":"https:\/\/www.facebook.com\/webdotn","article_published_time":"2011-04-12T09:30:00+00:00","og_image":[{"width":300,"height":189,"url":"https:\/\/www.webdo.tn\/fr\/wp-content\/uploads\/2011\/04\/Lybie-300x189-1.jpg","type":"image\/jpeg"}],"author":"webdo.tn","twitter_card":"summary_large_image","twitter_creator":"@webdo_tn","twitter_site":"@webdo_tn","twitter_misc":{"\u00c9crit par":"webdo.tn","Dur\u00e9e de lecture estim\u00e9e":"1 minute"},"schema":{"@context":"https:\/\/schema.org","@graph":[{"@type":"NewsArticle","@id":"https:\/\/www.webdo.tn\/fr\/actualite\/divers\/acceptee-par-kadhafi-la-proposition-de-lua-refusee-par-les-revolutionnaires\/178667\/#article","isPartOf":{"@id":"https:\/\/www.webdo.tn\/fr\/actualite\/divers\/acceptee-par-kadhafi-la-proposition-de-lua-refusee-par-les-revolutionnaires\/178667\/"},"author":{"name":"webdo.tn","@id":"https:\/\/www.webdo.tn\/fr\/#\/schema\/person\/9a9c6118d687c117df8ef3cc36a4d175"},"headline":"Accept\u00e9e par Kadhafi, la proposition de l\u2019UA refus\u00e9e par les r\u00e9volutionnaires","datePublished":"2011-04-12T09:30:00+00:00","mainEntityOfPage":{"@id":"https:\/\/www.webdo.tn\/fr\/actualite\/divers\/acceptee-par-kadhafi-la-proposition-de-lua-refusee-par-les-revolutionnaires\/178667\/"},"wordCount":200,"commentCount":0,"publisher":{"@id":"https:\/\/www.webdo.tn\/fr\/#organization"},"image":{"@id":"https:\/\/www.webdo.tn\/fr\/actualite\/divers\/acceptee-par-kadhafi-la-proposition-de-lua-refusee-par-les-revolutionnaires\/178667\/#primaryimage"},"thumbnailUrl":"https:\/\/www.webdo.tn\/fr\/wp-content\/uploads\/2011\/04\/Lybie-300x189-1.jpg","articleSection":["Divers"],"inLanguage":"fr-FR"},{"@type":"WebPage","@id":"https:\/\/www.webdo.tn\/fr\/actualite\/divers\/acceptee-par-kadhafi-la-proposition-de-lua-refusee-par-les-revolutionnaires\/178667\/","url":"https:\/\/www.webdo.tn\/fr\/actualite\/divers\/acceptee-par-kadhafi-la-proposition-de-lua-refusee-par-les-revolutionnaires\/178667\/","name":"Accept\u00e9e par Kadhafi, la proposition de l\u2019UA refus\u00e9e par les r\u00e9volutionnaires","isPartOf":{"@id":"https:\/\/www.webdo.tn\/fr\/#website"},"primaryImageOfPage":{"@id":"https:\/\/www.webdo.tn\/fr\/actualite\/divers\/acceptee-par-kadhafi-la-proposition-de-lua-refusee-par-les-revolutionnaires\/178667\/#primaryimage"},"image":{"@id":"https:\/\/www.webdo.tn\/fr\/actualite\/divers\/acceptee-par-kadhafi-la-proposition-de-lua-refusee-par-les-revolutionnaires\/178667\/#primaryimage"},"thumbnailUrl":"https:\/\/www.webdo.tn\/fr\/wp-content\/uploads\/2011\/04\/Lybie-300x189-1.jpg","datePublished":"2011-04-12T09:30:00+00:00","description":"Accept\u00e9e par Kadhafi, la proposition de l\u2019UA refus\u00e9e par les r\u00e9volutionnaires","breadcrumb":{"@id":"https:\/\/www.webdo.tn\/fr\/actualite\/divers\/acceptee-par-kadhafi-la-proposition-de-lua-refusee-par-les-revolutionnaires\/178667\/#breadcrumb"},"inLanguage":"fr-FR","potentialAction":[{"@type":"ReadAction","target":["https:\/\/www.webdo.tn\/fr\/actualite\/divers\/acceptee-par-kadhafi-la-proposition-de-lua-refusee-par-les-revolutionnaires\/178667\/"]}]},{"@type":"ImageObject","inLanguage":"fr-FR","@id":"https:\/\/www.webdo.tn\/fr\/actualite\/divers\/acceptee-par-kadhafi-la-proposition-de-lua-refusee-par-les-revolutionnaires\/178667\/#primaryimage","url":"https:\/\/www.webdo.tn\/fr\/wp-content\/uploads\/2011\/04\/Lybie-300x189-1.jpg","contentUrl":"https:\/\/www.webdo.tn\/fr\/wp-content\/uploads\/2011\/04\/Lybie-300x189-1.jpg","width":300,"height":189,"caption":"Accept\u00e9e par Kadhafi, la proposition de l\u2019UA refus\u00e9e par les r\u00e9volutionnaires"},{"@type":"BreadcrumbList","@id":"https:\/\/www.webdo.tn\/fr\/actualite\/divers\/acceptee-par-kadhafi-la-proposition-de-lua-refusee-par-les-revolutionnaires\/178667\/#breadcrumb","itemListElement":[{"@type":"ListItem","position":1,"name":"Accueil","item":"https:\/\/www.webdo.tn\/fr\/"},{"@type":"ListItem","position":2,"name":"Accept\u00e9e par Kadhafi, la proposition de l\u2019UA refus\u00e9e par les r\u00e9volutionnaires"}]},{"@type":"WebSite","@id":"https:\/\/www.webdo.tn\/fr\/#website","url":"https:\/\/www.webdo.tn\/fr\/","name":"webdo","description":"Tunisie - News en Tunisie et \u00e0 l&#039;international sur Webdo.tn","publisher":{"@id":"https:\/\/www.webdo.tn\/fr\/#organization"},"potentialAction":[{"@type":"SearchAction","target":{"@type":"EntryPoint","urlTemplate":"https:\/\/www.webdo.tn\/fr\/?s={search_term_string}"},"query-input":{"@type":"PropertyValueSpecification","valueRequired":true,"valueName":"search_term_string"}}],"inLanguage":"fr-FR"},{"@type":"Organization","@id":"https:\/\/www.webdo.tn\/fr\/#organization","name":"Webdo","alternateName":"Webdo.tn","url":"https:\/\/www.webdo.tn\/fr\/","logo":{"@type":"ImageObject","inLanguage":"fr-FR","@id":"https:\/\/www.webdo.tn\/fr\/#\/schema\/logo\/image\/","url":"https:\/\/www.webdo.tn\/fr\/wp-content\/uploads\/2025\/06\/Webdo-Tunisie_168377.jpg","contentUrl":"https:\/\/www.webdo.tn\/fr\/wp-content\/uploads\/2025\/06\/Webdo-Tunisie_168377.jpg","width":301,"height":301,"caption":"Webdo"},"image":{"@id":"https:\/\/www.webdo.tn\/fr\/#\/schema\/logo\/image\/"},"sameAs":["https:\/\/www.facebook.com\/webdotn","https:\/\/x.com\/webdo_tn"],"description":"Webdo est un m\u00e9dia num\u00e9rique tunisien fond\u00e9 en 2010, sp\u00e9cialis\u00e9 dans l\u2019actualit\u00e9 nationale et internationale, l\u2019\u00e9conomie, la soci\u00e9t\u00e9 et les analyses politiques. Le site s\u2019adresse \u00e0 un large public francophone et couvre l\u2019information tunisienne en temps r\u00e9el.","email":"redac@webdo.tn","legalName":"YNJ SARL","foundingDate":"2010-09-06","numberOfEmployees":{"@type":"QuantitativeValue","minValue":"11","maxValue":"50"}},{"@type":"Person","@id":"https:\/\/www.webdo.tn\/fr\/#\/schema\/person\/9a9c6118d687c117df8ef3cc36a4d175","name":"webdo.tn","image":{"@type":"ImageObject","inLanguage":"fr-FR","@id":"https:\/\/secure.gravatar.com\/avatar\/7ce1f28c0c3bbac99ff550b85ef8e44a6950c6ee24514fb6a5489e51d06f0298?s=96&d=mm&r=g","url":"https:\/\/secure.gravatar.com\/avatar\/7ce1f28c0c3bbac99ff550b85ef8e44a6950c6ee24514fb6a5489e51d06f0298?s=96&d=mm&r=g","contentUrl":"https:\/\/secure.gravatar.com\/avatar\/7ce1f28c0c3bbac99ff550b85ef8e44a6950c6ee24514fb6a5489e51d06f0298?s=96&d=mm&r=g","caption":"webdo.tn"},"url":"https:\/\/www.webdo.tn\/fr\/actualite\/author\/webdotn\/"}]}},"_links":{"self":[{"href":"https:\/\/www.webdo.tn\/fr\/wp-json\/wp\/v2\/posts\/178667","targetHints":{"allow":["GET"]}}],"collection":[{"href":"https:\/\/www.webdo.tn\/fr\/wp-json\/wp\/v2\/posts"}],"about":[{"href":"https:\/\/www.webdo.tn\/fr\/wp-json\/wp\/v2\/types\/post"}],"author":[{"embeddable":true,"href":"https:\/\/www.webdo.tn\/fr\/wp-json\/wp\/v2\/users\/3222"}],"replies":[{"embeddable":true,"href":"https:\/\/www.webdo.tn\/fr\/wp-json\/wp\/v2\/comments?post=178667"}],"version-history":[{"count":0,"href":"https:\/\/www.webdo.tn\/fr\/wp-json\/wp\/v2\/posts\/178667\/revisions"}],"wp:featuredmedia":[{"embeddable":true,"href":"https:\/\/www.webdo.tn\/fr\/wp-json\/wp\/v2\/media\/365864"}],"wp:attachment":[{"href":"https:\/\/www.webdo.tn\/fr\/wp-json\/wp\/v2\/media?parent=178667"}],"wp:term":[{"taxonomy":"category","embeddable":true,"href":"https:\/\/www.webdo.tn\/fr\/wp-json\/wp\/v2\/categories?post=178667"},{"taxonomy":"post_tag","embeddable":true,"href":"https:\/\/www.webdo.tn\/fr\/wp-json\/wp\/v2\/tags?post=178667"}],"curies":[{"name":"wp","href":"https:\/\/api.w.org\/{rel}","templated":true}]}}