{"id":178661,"date":"2011-04-17T16:51:00","date_gmt":"2011-04-17T16:51:00","guid":{"rendered":"https:\/\/www.webdo.tn\/fr\/actualite\/blog\/aide-algerienne-au-voisin-tunisien-ou-le-crepuscule-annonce-de-bouteflika\/178661\/"},"modified":"2011-04-17T16:51:00","modified_gmt":"2011-04-17T16:51:00","slug":"aide-algerienne-au-voisin-tunisien-ou-le-crepuscule-annonce-de-bouteflika","status":"publish","type":"post","link":"https:\/\/www.webdo.tn\/fr\/actualite\/divers\/aide-algerienne-au-voisin-tunisien-ou-le-crepuscule-annonce-de-bouteflika\/178661\/","title":{"rendered":"Aide alg\u00e9rienne au voisin tunisien, ou le cr\u00e9puscule annonc\u00e9 de Bouteflika\u00a0!"},"content":{"rendered":"<p>S\u2019il est vrai que la situation \u00e9conomique dans notre pays n\u2019est nullement alarmante ou d\u00e9sesp\u00e9r\u00e9e, il n\u2019en demeure pas moins qu\u2019elle est pr\u00e9occupante, critique, du moins chancelante. Aussi, de nombreux amis, des voisins et autres institutions mondiales n\u2019ont-ils pas h\u00e9sit\u00e9 \u00e0 faire preuve d\u2019un \u00e9lan de solidarit\u00e9 pour nous venir en aide.<\/p>\n<p>A l\u2019instar, d\u2019ailleurs, du fr\u00e8re alg\u00e9rien qui aurait d\u00e9cid\u00e9 d\u2019octroyer une aide substantielle de l\u2019ordre de 100 millions de dollars, aide annonc\u00e9e depuis le 15 mars dernier \u00e0 la suite de la visite du chef du gouvernement tunisien Beji Ca\u00efd Essebsi \u00e0 Alger. Rien d\u2019anormal jusqu\u2019ici, mais l\u2019annonce de la Banque mondiale d\u2019octroyer une aide de l\u2019ordre de 500 millions de dollars, sans compter une lev\u00e9e de fonds de 700 millions de dollars, aurait pouss\u00e9 certains observateurs avis\u00e9s de penser que l\u2019aide alg\u00e9rienne est d\u00e9sormais estim\u00e9e insuffisante, sinon d\u00e9risoire, d\u2019autant que l\u2019aide en question n\u2019a pas \u00e9t\u00e9 d\u00e9bloqu\u00e9e \u00e0 ce jour, selon le journal en ligne \u00ab Maghreb Emergent \u00bb, qui a rapport\u00e9 l\u2019information. En tout cas, une aide pas du tout \u00e0 la hauteur des liens fraternels unissant les deux peuples voisins.<\/p>\n<p>D\u2019autres observateurs n\u2019ont pas h\u00e9sit\u00e9 par ailleurs \u00e0 croire qu\u2019il ne s\u2019agit que d\u2019une man\u0153uvre du pr\u00e9sident Bouteflika, lui qui semble d\u00e9sormais \u00ab\u00a0terrifi\u00e9 \u00e0 l\u2019id\u00e9e de suivre le m\u00eame chemin que Ben Ali  et Moubarak\u00a0\u00bb, comme l\u2019affirme \u00ab DNA-Algerie \u00bb, dans une r\u00e9cente \u00e9dition. D\u2019autant que son dernier discours n\u2019a pas du tout convaincu, beaucoup estimant qu\u2019il est venu trop tard, toujours selon les estimations du journal en ligne \u00ab\u00a0DNA-Algerie\u00a0\u00bb.<\/p>\n<p>Toujours est-il qu\u2019on n\u2019a pas manqu\u00e9 de s\u2019\u00e9tonner, pour le moins se poser certaines questions sur le geste de Bouteflika, qui a paru \u00e9mouss\u00e9, sinon sur le point\u2026d\u2019abdiquer.<\/p>\n","protected":false},"excerpt":{"rendered":"<p>Aide alg\u00e9rienne au voisin tunisien, ou le cr\u00e9puscule annonc\u00e9 de Bouteflika\u00a0! <\/p>\n","protected":false},"author":3222,"featured_media":365454,"comment_status":"open","ping_status":"closed","sticky":false,"template":"","format":"standard","meta":{"footnotes":""},"categories":[2839],"tags":[],"class_list":["post-178661","post","type-post","status-publish","format-standard","has-post-thumbnail","hentry","category-divers"],"yoast_head":"<!-- This site is optimized with the Yoast SEO Premium plugin v27.4 (Yoast SEO v27.4) - https:\/\/yoast.com\/product\/yoast-seo-premium-wordpress\/ -->\n<title>Aide alg\u00e9rienne au voisin tunisien, ou le cr\u00e9puscule annonc\u00e9 de Bouteflika\u00a0!<\/title>\n<meta name=\"description\" content=\"Aide alg\u00e9rienne au voisin tunisien, ou le cr\u00e9puscule annonc\u00e9 de Bouteflika\u00a0!\" \/>\n<link rel=\"canonical\" href=\"https:\/\/www.webdo.tn\/fr\/actualite\/divers\/aide-algerienne-au-voisin-tunisien-ou-le-crepuscule-annonce-de-bouteflika\/178661\/\" \/>\n<meta property=\"og:locale\" content=\"fr_FR\" \/>\n<meta property=\"og:type\" content=\"article\" \/>\n<meta property=\"og:title\" content=\"Aide alg\u00e9rienne au voisin tunisien, ou le cr\u00e9puscule annonc\u00e9 de Bouteflika\u00a0!\" \/>\n<meta property=\"og:description\" content=\"Aide alg\u00e9rienne au voisin tunisien, ou le cr\u00e9puscule annonc\u00e9 de Bouteflika\u00a0!\" \/>\n<meta property=\"og:url\" content=\"https:\/\/www.webdo.tn\/fr\/actualite\/divers\/aide-algerienne-au-voisin-tunisien-ou-le-crepuscule-annonce-de-bouteflika\/178661\/\" \/>\n<meta property=\"og:site_name\" content=\"webdo\" \/>\n<meta property=\"article:publisher\" content=\"https:\/\/www.facebook.com\/webdotn\" \/>\n<meta property=\"article:published_time\" content=\"2011-04-17T16:51:00+00:00\" \/>\n<meta property=\"og:image\" content=\"https:\/\/www.webdo.tn\/fr\/wp-content\/uploads\/2011\/04\/Abdelaziz-Bouteflika.jpg\" \/>\n\t<meta property=\"og:image:width\" content=\"201\" \/>\n\t<meta property=\"og:image:height\" content=\"242\" \/>\n\t<meta property=\"og:image:type\" content=\"image\/jpeg\" \/>\n<meta name=\"author\" content=\"webdo.tn\" \/>\n<meta name=\"twitter:card\" content=\"summary_large_image\" \/>\n<meta name=\"twitter:creator\" content=\"@webdo_tn\" \/>\n<meta name=\"twitter:site\" content=\"@webdo_tn\" \/>\n<meta name=\"twitter:label1\" content=\"\u00c9crit par\" \/>\n\t<meta name=\"twitter:data1\" content=\"webdo.tn\" \/>\n\t<meta name=\"twitter:label2\" content=\"Dur\u00e9e de lecture estim\u00e9e\" \/>\n\t<meta name=\"twitter:data2\" content=\"2 minutes\" \/>\n<script type=\"application\/ld+json\" class=\"yoast-schema-graph\">{\"@context\":\"https:\\\/\\\/schema.org\",\"@graph\":[{\"@type\":\"NewsArticle\",\"@id\":\"https:\\\/\\\/www.webdo.tn\\\/fr\\\/actualite\\\/divers\\\/aide-algerienne-au-voisin-tunisien-ou-le-crepuscule-annonce-de-bouteflika\\\/178661\\\/#article\",\"isPartOf\":{\"@id\":\"https:\\\/\\\/www.webdo.tn\\\/fr\\\/actualite\\\/divers\\\/aide-algerienne-au-voisin-tunisien-ou-le-crepuscule-annonce-de-bouteflika\\\/178661\\\/\"},\"author\":{\"name\":\"webdo.tn\",\"@id\":\"https:\\\/\\\/www.webdo.tn\\\/fr\\\/#\\\/schema\\\/person\\\/9a9c6118d687c117df8ef3cc36a4d175\"},\"headline\":\"Aide alg\u00e9rienne au voisin tunisien, ou le cr\u00e9puscule annonc\u00e9 de Bouteflika\u00a0!\",\"datePublished\":\"2011-04-17T16:51:00+00:00\",\"mainEntityOfPage\":{\"@id\":\"https:\\\/\\\/www.webdo.tn\\\/fr\\\/actualite\\\/divers\\\/aide-algerienne-au-voisin-tunisien-ou-le-crepuscule-annonce-de-bouteflika\\\/178661\\\/\"},\"wordCount\":341,\"commentCount\":0,\"publisher\":{\"@id\":\"https:\\\/\\\/www.webdo.tn\\\/fr\\\/#organization\"},\"image\":{\"@id\":\"https:\\\/\\\/www.webdo.tn\\\/fr\\\/actualite\\\/divers\\\/aide-algerienne-au-voisin-tunisien-ou-le-crepuscule-annonce-de-bouteflika\\\/178661\\\/#primaryimage\"},\"thumbnailUrl\":\"https:\\\/\\\/www.webdo.tn\\\/fr\\\/wp-content\\\/uploads\\\/2011\\\/04\\\/Abdelaziz-Bouteflika.jpg\",\"articleSection\":[\"Divers\"],\"inLanguage\":\"fr-FR\"},{\"@type\":\"WebPage\",\"@id\":\"https:\\\/\\\/www.webdo.tn\\\/fr\\\/actualite\\\/divers\\\/aide-algerienne-au-voisin-tunisien-ou-le-crepuscule-annonce-de-bouteflika\\\/178661\\\/\",\"url\":\"https:\\\/\\\/www.webdo.tn\\\/fr\\\/actualite\\\/divers\\\/aide-algerienne-au-voisin-tunisien-ou-le-crepuscule-annonce-de-bouteflika\\\/178661\\\/\",\"name\":\"Aide alg\u00e9rienne au voisin tunisien, ou le cr\u00e9puscule annonc\u00e9 de Bouteflika\u00a0!\",\"isPartOf\":{\"@id\":\"https:\\\/\\\/www.webdo.tn\\\/fr\\\/#website\"},\"primaryImageOfPage\":{\"@id\":\"https:\\\/\\\/www.webdo.tn\\\/fr\\\/actualite\\\/divers\\\/aide-algerienne-au-voisin-tunisien-ou-le-crepuscule-annonce-de-bouteflika\\\/178661\\\/#primaryimage\"},\"image\":{\"@id\":\"https:\\\/\\\/www.webdo.tn\\\/fr\\\/actualite\\\/divers\\\/aide-algerienne-au-voisin-tunisien-ou-le-crepuscule-annonce-de-bouteflika\\\/178661\\\/#primaryimage\"},\"thumbnailUrl\":\"https:\\\/\\\/www.webdo.tn\\\/fr\\\/wp-content\\\/uploads\\\/2011\\\/04\\\/Abdelaziz-Bouteflika.jpg\",\"datePublished\":\"2011-04-17T16:51:00+00:00\",\"description\":\"Aide alg\u00e9rienne au voisin tunisien, ou le cr\u00e9puscule annonc\u00e9 de Bouteflika\u00a0!\",\"breadcrumb\":{\"@id\":\"https:\\\/\\\/www.webdo.tn\\\/fr\\\/actualite\\\/divers\\\/aide-algerienne-au-voisin-tunisien-ou-le-crepuscule-annonce-de-bouteflika\\\/178661\\\/#breadcrumb\"},\"inLanguage\":\"fr-FR\",\"potentialAction\":[{\"@type\":\"ReadAction\",\"target\":[\"https:\\\/\\\/www.webdo.tn\\\/fr\\\/actualite\\\/divers\\\/aide-algerienne-au-voisin-tunisien-ou-le-crepuscule-annonce-de-bouteflika\\\/178661\\\/\"]}]},{\"@type\":\"ImageObject\",\"inLanguage\":\"fr-FR\",\"@id\":\"https:\\\/\\\/www.webdo.tn\\\/fr\\\/actualite\\\/divers\\\/aide-algerienne-au-voisin-tunisien-ou-le-crepuscule-annonce-de-bouteflika\\\/178661\\\/#primaryimage\",\"url\":\"https:\\\/\\\/www.webdo.tn\\\/fr\\\/wp-content\\\/uploads\\\/2011\\\/04\\\/Abdelaziz-Bouteflika.jpg\",\"contentUrl\":\"https:\\\/\\\/www.webdo.tn\\\/fr\\\/wp-content\\\/uploads\\\/2011\\\/04\\\/Abdelaziz-Bouteflika.jpg\",\"width\":201,\"height\":242,\"caption\":\"Aide alg\u00e9rienne au voisin tunisien, ou le cr\u00e9puscule annonc\u00e9 de Bouteflika\u00a0!\"},{\"@type\":\"BreadcrumbList\",\"@id\":\"https:\\\/\\\/www.webdo.tn\\\/fr\\\/actualite\\\/divers\\\/aide-algerienne-au-voisin-tunisien-ou-le-crepuscule-annonce-de-bouteflika\\\/178661\\\/#breadcrumb\",\"itemListElement\":[{\"@type\":\"ListItem\",\"position\":1,\"name\":\"Accueil\",\"item\":\"https:\\\/\\\/www.webdo.tn\\\/fr\\\/\"},{\"@type\":\"ListItem\",\"position\":2,\"name\":\"Aide alg\u00e9rienne au voisin tunisien, ou le cr\u00e9puscule annonc\u00e9 de Bouteflika\u00a0!\"}]},{\"@type\":\"WebSite\",\"@id\":\"https:\\\/\\\/www.webdo.tn\\\/fr\\\/#website\",\"url\":\"https:\\\/\\\/www.webdo.tn\\\/fr\\\/\",\"name\":\"webdo\",\"description\":\"Tunisie - News en Tunisie et \u00e0 l&#039;international sur Webdo.tn\",\"publisher\":{\"@id\":\"https:\\\/\\\/www.webdo.tn\\\/fr\\\/#organization\"},\"potentialAction\":[{\"@type\":\"SearchAction\",\"target\":{\"@type\":\"EntryPoint\",\"urlTemplate\":\"https:\\\/\\\/www.webdo.tn\\\/fr\\\/?s={search_term_string}\"},\"query-input\":{\"@type\":\"PropertyValueSpecification\",\"valueRequired\":true,\"valueName\":\"search_term_string\"}}],\"inLanguage\":\"fr-FR\"},{\"@type\":\"Organization\",\"@id\":\"https:\\\/\\\/www.webdo.tn\\\/fr\\\/#organization\",\"name\":\"Webdo\",\"alternateName\":\"Webdo.tn\",\"url\":\"https:\\\/\\\/www.webdo.tn\\\/fr\\\/\",\"logo\":{\"@type\":\"ImageObject\",\"inLanguage\":\"fr-FR\",\"@id\":\"https:\\\/\\\/www.webdo.tn\\\/fr\\\/#\\\/schema\\\/logo\\\/image\\\/\",\"url\":\"https:\\\/\\\/www.webdo.tn\\\/fr\\\/wp-content\\\/uploads\\\/2025\\\/06\\\/Webdo-Tunisie_168377.jpg\",\"contentUrl\":\"https:\\\/\\\/www.webdo.tn\\\/fr\\\/wp-content\\\/uploads\\\/2025\\\/06\\\/Webdo-Tunisie_168377.jpg\",\"width\":301,\"height\":301,\"caption\":\"Webdo\"},\"image\":{\"@id\":\"https:\\\/\\\/www.webdo.tn\\\/fr\\\/#\\\/schema\\\/logo\\\/image\\\/\"},\"sameAs\":[\"https:\\\/\\\/www.facebook.com\\\/webdotn\",\"https:\\\/\\\/x.com\\\/webdo_tn\"],\"description\":\"Webdo est un m\u00e9dia num\u00e9rique tunisien fond\u00e9 en 2010, sp\u00e9cialis\u00e9 dans l\u2019actualit\u00e9 nationale et internationale, l\u2019\u00e9conomie, la soci\u00e9t\u00e9 et les analyses politiques. Le site s\u2019adresse \u00e0 un large public francophone et couvre l\u2019information tunisienne en temps r\u00e9el.\",\"email\":\"redac@webdo.tn\",\"legalName\":\"YNJ SARL\",\"foundingDate\":\"2010-09-06\",\"numberOfEmployees\":{\"@type\":\"QuantitativeValue\",\"minValue\":\"11\",\"maxValue\":\"50\"}},{\"@type\":\"Person\",\"@id\":\"https:\\\/\\\/www.webdo.tn\\\/fr\\\/#\\\/schema\\\/person\\\/9a9c6118d687c117df8ef3cc36a4d175\",\"name\":\"webdo.tn\",\"image\":{\"@type\":\"ImageObject\",\"inLanguage\":\"fr-FR\",\"@id\":\"https:\\\/\\\/secure.gravatar.com\\\/avatar\\\/7ce1f28c0c3bbac99ff550b85ef8e44a6950c6ee24514fb6a5489e51d06f0298?s=96&d=mm&r=g\",\"url\":\"https:\\\/\\\/secure.gravatar.com\\\/avatar\\\/7ce1f28c0c3bbac99ff550b85ef8e44a6950c6ee24514fb6a5489e51d06f0298?s=96&d=mm&r=g\",\"contentUrl\":\"https:\\\/\\\/secure.gravatar.com\\\/avatar\\\/7ce1f28c0c3bbac99ff550b85ef8e44a6950c6ee24514fb6a5489e51d06f0298?s=96&d=mm&r=g\",\"caption\":\"webdo.tn\"},\"url\":\"https:\\\/\\\/www.webdo.tn\\\/fr\\\/actualite\\\/author\\\/webdotn\\\/\"}]}<\/script>\n<!-- \/ Yoast SEO Premium plugin. -->","yoast_head_json":{"title":"Aide alg\u00e9rienne au voisin tunisien, ou le cr\u00e9puscule annonc\u00e9 de Bouteflika\u00a0!","description":"Aide alg\u00e9rienne au voisin tunisien, ou le cr\u00e9puscule annonc\u00e9 de Bouteflika\u00a0!","canonical":"https:\/\/www.webdo.tn\/fr\/actualite\/divers\/aide-algerienne-au-voisin-tunisien-ou-le-crepuscule-annonce-de-bouteflika\/178661\/","og_locale":"fr_FR","og_type":"article","og_title":"Aide alg\u00e9rienne au voisin tunisien, ou le cr\u00e9puscule annonc\u00e9 de Bouteflika\u00a0!","og_description":"Aide alg\u00e9rienne au voisin tunisien, ou le cr\u00e9puscule annonc\u00e9 de Bouteflika\u00a0!","og_url":"https:\/\/www.webdo.tn\/fr\/actualite\/divers\/aide-algerienne-au-voisin-tunisien-ou-le-crepuscule-annonce-de-bouteflika\/178661\/","og_site_name":"webdo","article_publisher":"https:\/\/www.facebook.com\/webdotn","article_published_time":"2011-04-17T16:51:00+00:00","og_image":[{"width":201,"height":242,"url":"https:\/\/www.webdo.tn\/fr\/wp-content\/uploads\/2011\/04\/Abdelaziz-Bouteflika.jpg","type":"image\/jpeg"}],"author":"webdo.tn","twitter_card":"summary_large_image","twitter_creator":"@webdo_tn","twitter_site":"@webdo_tn","twitter_misc":{"\u00c9crit par":"webdo.tn","Dur\u00e9e de lecture estim\u00e9e":"2 minutes"},"schema":{"@context":"https:\/\/schema.org","@graph":[{"@type":"NewsArticle","@id":"https:\/\/www.webdo.tn\/fr\/actualite\/divers\/aide-algerienne-au-voisin-tunisien-ou-le-crepuscule-annonce-de-bouteflika\/178661\/#article","isPartOf":{"@id":"https:\/\/www.webdo.tn\/fr\/actualite\/divers\/aide-algerienne-au-voisin-tunisien-ou-le-crepuscule-annonce-de-bouteflika\/178661\/"},"author":{"name":"webdo.tn","@id":"https:\/\/www.webdo.tn\/fr\/#\/schema\/person\/9a9c6118d687c117df8ef3cc36a4d175"},"headline":"Aide alg\u00e9rienne au voisin tunisien, ou le cr\u00e9puscule annonc\u00e9 de Bouteflika\u00a0!","datePublished":"2011-04-17T16:51:00+00:00","mainEntityOfPage":{"@id":"https:\/\/www.webdo.tn\/fr\/actualite\/divers\/aide-algerienne-au-voisin-tunisien-ou-le-crepuscule-annonce-de-bouteflika\/178661\/"},"wordCount":341,"commentCount":0,"publisher":{"@id":"https:\/\/www.webdo.tn\/fr\/#organization"},"image":{"@id":"https:\/\/www.webdo.tn\/fr\/actualite\/divers\/aide-algerienne-au-voisin-tunisien-ou-le-crepuscule-annonce-de-bouteflika\/178661\/#primaryimage"},"thumbnailUrl":"https:\/\/www.webdo.tn\/fr\/wp-content\/uploads\/2011\/04\/Abdelaziz-Bouteflika.jpg","articleSection":["Divers"],"inLanguage":"fr-FR"},{"@type":"WebPage","@id":"https:\/\/www.webdo.tn\/fr\/actualite\/divers\/aide-algerienne-au-voisin-tunisien-ou-le-crepuscule-annonce-de-bouteflika\/178661\/","url":"https:\/\/www.webdo.tn\/fr\/actualite\/divers\/aide-algerienne-au-voisin-tunisien-ou-le-crepuscule-annonce-de-bouteflika\/178661\/","name":"Aide alg\u00e9rienne au voisin tunisien, ou le cr\u00e9puscule annonc\u00e9 de Bouteflika\u00a0!","isPartOf":{"@id":"https:\/\/www.webdo.tn\/fr\/#website"},"primaryImageOfPage":{"@id":"https:\/\/www.webdo.tn\/fr\/actualite\/divers\/aide-algerienne-au-voisin-tunisien-ou-le-crepuscule-annonce-de-bouteflika\/178661\/#primaryimage"},"image":{"@id":"https:\/\/www.webdo.tn\/fr\/actualite\/divers\/aide-algerienne-au-voisin-tunisien-ou-le-crepuscule-annonce-de-bouteflika\/178661\/#primaryimage"},"thumbnailUrl":"https:\/\/www.webdo.tn\/fr\/wp-content\/uploads\/2011\/04\/Abdelaziz-Bouteflika.jpg","datePublished":"2011-04-17T16:51:00+00:00","description":"Aide alg\u00e9rienne au voisin tunisien, ou le cr\u00e9puscule annonc\u00e9 de Bouteflika\u00a0!","breadcrumb":{"@id":"https:\/\/www.webdo.tn\/fr\/actualite\/divers\/aide-algerienne-au-voisin-tunisien-ou-le-crepuscule-annonce-de-bouteflika\/178661\/#breadcrumb"},"inLanguage":"fr-FR","potentialAction":[{"@type":"ReadAction","target":["https:\/\/www.webdo.tn\/fr\/actualite\/divers\/aide-algerienne-au-voisin-tunisien-ou-le-crepuscule-annonce-de-bouteflika\/178661\/"]}]},{"@type":"ImageObject","inLanguage":"fr-FR","@id":"https:\/\/www.webdo.tn\/fr\/actualite\/divers\/aide-algerienne-au-voisin-tunisien-ou-le-crepuscule-annonce-de-bouteflika\/178661\/#primaryimage","url":"https:\/\/www.webdo.tn\/fr\/wp-content\/uploads\/2011\/04\/Abdelaziz-Bouteflika.jpg","contentUrl":"https:\/\/www.webdo.tn\/fr\/wp-content\/uploads\/2011\/04\/Abdelaziz-Bouteflika.jpg","width":201,"height":242,"caption":"Aide alg\u00e9rienne au voisin tunisien, ou le cr\u00e9puscule annonc\u00e9 de Bouteflika\u00a0!"},{"@type":"BreadcrumbList","@id":"https:\/\/www.webdo.tn\/fr\/actualite\/divers\/aide-algerienne-au-voisin-tunisien-ou-le-crepuscule-annonce-de-bouteflika\/178661\/#breadcrumb","itemListElement":[{"@type":"ListItem","position":1,"name":"Accueil","item":"https:\/\/www.webdo.tn\/fr\/"},{"@type":"ListItem","position":2,"name":"Aide alg\u00e9rienne au voisin tunisien, ou le cr\u00e9puscule annonc\u00e9 de Bouteflika\u00a0!"}]},{"@type":"WebSite","@id":"https:\/\/www.webdo.tn\/fr\/#website","url":"https:\/\/www.webdo.tn\/fr\/","name":"webdo","description":"Tunisie - News en Tunisie et \u00e0 l&#039;international sur Webdo.tn","publisher":{"@id":"https:\/\/www.webdo.tn\/fr\/#organization"},"potentialAction":[{"@type":"SearchAction","target":{"@type":"EntryPoint","urlTemplate":"https:\/\/www.webdo.tn\/fr\/?s={search_term_string}"},"query-input":{"@type":"PropertyValueSpecification","valueRequired":true,"valueName":"search_term_string"}}],"inLanguage":"fr-FR"},{"@type":"Organization","@id":"https:\/\/www.webdo.tn\/fr\/#organization","name":"Webdo","alternateName":"Webdo.tn","url":"https:\/\/www.webdo.tn\/fr\/","logo":{"@type":"ImageObject","inLanguage":"fr-FR","@id":"https:\/\/www.webdo.tn\/fr\/#\/schema\/logo\/image\/","url":"https:\/\/www.webdo.tn\/fr\/wp-content\/uploads\/2025\/06\/Webdo-Tunisie_168377.jpg","contentUrl":"https:\/\/www.webdo.tn\/fr\/wp-content\/uploads\/2025\/06\/Webdo-Tunisie_168377.jpg","width":301,"height":301,"caption":"Webdo"},"image":{"@id":"https:\/\/www.webdo.tn\/fr\/#\/schema\/logo\/image\/"},"sameAs":["https:\/\/www.facebook.com\/webdotn","https:\/\/x.com\/webdo_tn"],"description":"Webdo est un m\u00e9dia num\u00e9rique tunisien fond\u00e9 en 2010, sp\u00e9cialis\u00e9 dans l\u2019actualit\u00e9 nationale et internationale, l\u2019\u00e9conomie, la soci\u00e9t\u00e9 et les analyses politiques. Le site s\u2019adresse \u00e0 un large public francophone et couvre l\u2019information tunisienne en temps r\u00e9el.","email":"redac@webdo.tn","legalName":"YNJ SARL","foundingDate":"2010-09-06","numberOfEmployees":{"@type":"QuantitativeValue","minValue":"11","maxValue":"50"}},{"@type":"Person","@id":"https:\/\/www.webdo.tn\/fr\/#\/schema\/person\/9a9c6118d687c117df8ef3cc36a4d175","name":"webdo.tn","image":{"@type":"ImageObject","inLanguage":"fr-FR","@id":"https:\/\/secure.gravatar.com\/avatar\/7ce1f28c0c3bbac99ff550b85ef8e44a6950c6ee24514fb6a5489e51d06f0298?s=96&d=mm&r=g","url":"https:\/\/secure.gravatar.com\/avatar\/7ce1f28c0c3bbac99ff550b85ef8e44a6950c6ee24514fb6a5489e51d06f0298?s=96&d=mm&r=g","contentUrl":"https:\/\/secure.gravatar.com\/avatar\/7ce1f28c0c3bbac99ff550b85ef8e44a6950c6ee24514fb6a5489e51d06f0298?s=96&d=mm&r=g","caption":"webdo.tn"},"url":"https:\/\/www.webdo.tn\/fr\/actualite\/author\/webdotn\/"}]}},"_links":{"self":[{"href":"https:\/\/www.webdo.tn\/fr\/wp-json\/wp\/v2\/posts\/178661","targetHints":{"allow":["GET"]}}],"collection":[{"href":"https:\/\/www.webdo.tn\/fr\/wp-json\/wp\/v2\/posts"}],"about":[{"href":"https:\/\/www.webdo.tn\/fr\/wp-json\/wp\/v2\/types\/post"}],"author":[{"embeddable":true,"href":"https:\/\/www.webdo.tn\/fr\/wp-json\/wp\/v2\/users\/3222"}],"replies":[{"embeddable":true,"href":"https:\/\/www.webdo.tn\/fr\/wp-json\/wp\/v2\/comments?post=178661"}],"version-history":[{"count":0,"href":"https:\/\/www.webdo.tn\/fr\/wp-json\/wp\/v2\/posts\/178661\/revisions"}],"wp:featuredmedia":[{"embeddable":true,"href":"https:\/\/www.webdo.tn\/fr\/wp-json\/wp\/v2\/media\/365454"}],"wp:attachment":[{"href":"https:\/\/www.webdo.tn\/fr\/wp-json\/wp\/v2\/media?parent=178661"}],"wp:term":[{"taxonomy":"category","embeddable":true,"href":"https:\/\/www.webdo.tn\/fr\/wp-json\/wp\/v2\/categories?post=178661"},{"taxonomy":"post_tag","embeddable":true,"href":"https:\/\/www.webdo.tn\/fr\/wp-json\/wp\/v2\/tags?post=178661"}],"curies":[{"name":"wp","href":"https:\/\/api.w.org\/{rel}","templated":true}]}}