{"id":178656,"date":"2011-04-20T10:29:00","date_gmt":"2011-04-20T10:29:00","guid":{"rendered":"https:\/\/www.webdo.tn\/fr\/actualite\/blog\/la-video-de-trop-media-scan-attaque-nessma-tv-en-justice\/178656\/"},"modified":"2011-04-20T10:29:00","modified_gmt":"2011-04-20T10:29:00","slug":"la-video-de-trop-media-scan-attaque-nessma-tv-en-justice","status":"publish","type":"post","link":"https:\/\/www.webdo.tn\/fr\/actualite\/divers\/la-video-de-trop-media-scan-attaque-nessma-tv-en-justice\/178656\/","title":{"rendered":"La vid\u00e9o de trop : M\u00e9dia Scan attaque Nessma TV en justice"},"content":{"rendered":"<p>Dans un communiqu\u00e9, Hana Cherif, directrice g\u00e9n\u00e9rale de\u00a0Media Scan, a d\u00e9cid\u00e9 que \u00ab\u00a0face aux fausses accusations de Nessma TV et \u00e0 sa diffamation outranci\u00e8re, Medi Scan saisit la justice\u00a0\u00bb.<\/p>\n<p>Depuis un bout de temps, la m\u00e8che br\u00fble entre Media Scan, le bureau d&rsquo;\u00e9tudes\u00a0sp\u00e9cialis\u00e9 dans les statistiques des taux d&rsquo;audience des m\u00e9dias et la cha\u00eene priv\u00e9e des fr\u00e8res Karoui, de Tarak Ben Ammar et du pr\u00e9sident du Conseil italien Berlusconi.<\/p>\n<p>Selon le communiqu\u00e9, \u00ab\u00a0Nessma TV a attaqu\u00e9 Medi Scan en justice, mais a \u00e9t\u00e9 d\u00e9bout\u00e9e par jugement de la XXII\u00e8me Chambre Commerciale du Tribunal de Premi\u00e8re Instance de Tunis (jugement n027309 en date du 4 janvier 2011)\u00a0\u00bb.<\/p>\n<p>Puis \u00ab\u00a0pour non-paiement de factures, Mediascan a intent\u00e9e le 2 avril 2011 une action en justice \u00e0 l\u2019encontre de la soci\u00e9t\u00e9 d\u2019exploitation de Nessma TV qui est cit\u00e9e \u00e0 compara\u00eetre pour l\u2019audience fix\u00e9e au 30 avril courant\u00a0\u00bb, ajoute le communiqu\u00e9.<\/p>\n<p>Toujours selon le communiqu\u00e9, \u00ab\u00a0la r\u00e9action de Nessma TV s\u2019est rapidement manifest\u00e9e par une nouvelle vague de diffamations, \u00e0 travers la voix de Nabil Karoui qui s\u2019est permis, lors d\u2019une conf\u00e9rence de presse, d\u2019accuser Media Scan d\u2019\u00eatre, entre autres, inf\u00e9od\u00e9e aux clans des Trabelsi et Ben Ali et pr\u00e9tendant que ses enqu\u00eateurs remplissaient leurs fiches tranquillement dans les caf\u00e9s, tout en affirmant qu\u2019il dispose d\u2019une vid\u00e9o attestant de tout cela\u00a0\u00bb.<\/p>\n<p>Mais on croit savoir que la goutte d&rsquo;eau qui a fait d\u00e9border le vase est une vid\u00e9o \u00ab\u00a0montrant les enqu\u00eateurs de Media Scan en train de \u00abfrauder\u00bb\u00a0\u00bb. La vid\u00e9o en question circule sur Facebook et Youtube depuis plus d&rsquo;une semaine.<\/p>\n<p>Selon M\u00e9dia Scan, \u00ab\u00a0cette vid\u00e9o a fait l\u2019objet d\u2019un d\u00e9coupage et d\u2019un remontage destin\u00e9 \u00e0 faire croire que ses enqu\u00eateurs remplissaient les questionnairs sans interroger les concern\u00e9s\u00a0\u00bb.<\/p>\n<p>Voici la vid\u00e9o en question\u00a0:<\/p>\n","protected":false},"excerpt":{"rendered":"<p>La vid\u00e9o de trop : M\u00e9dia Scan attaque Nessma TV en justice <\/p>\n","protected":false},"author":3222,"featured_media":365441,"comment_status":"open","ping_status":"closed","sticky":false,"template":"","format":"standard","meta":{"footnotes":""},"categories":[2839],"tags":[],"class_list":["post-178656","post","type-post","status-publish","format-standard","has-post-thumbnail","hentry","category-divers"],"yoast_head":"<!-- This site is optimized with the Yoast SEO Premium plugin v27.4 (Yoast SEO v27.4) - https:\/\/yoast.com\/product\/yoast-seo-premium-wordpress\/ -->\n<title>La vid\u00e9o de trop : M\u00e9dia Scan attaque Nessma TV en justice<\/title>\n<meta name=\"description\" content=\"La vid\u00e9o de trop : M\u00e9dia Scan attaque Nessma TV en justice\" \/>\n<link rel=\"canonical\" href=\"https:\/\/www.webdo.tn\/fr\/actualite\/divers\/la-video-de-trop-media-scan-attaque-nessma-tv-en-justice\/178656\/\" \/>\n<meta property=\"og:locale\" content=\"fr_FR\" \/>\n<meta property=\"og:type\" content=\"article\" \/>\n<meta property=\"og:title\" content=\"La vid\u00e9o de trop : M\u00e9dia Scan attaque Nessma TV en justice\" \/>\n<meta property=\"og:description\" content=\"La vid\u00e9o de trop : M\u00e9dia Scan attaque Nessma TV en justice\" \/>\n<meta property=\"og:url\" content=\"https:\/\/www.webdo.tn\/fr\/actualite\/divers\/la-video-de-trop-media-scan-attaque-nessma-tv-en-justice\/178656\/\" \/>\n<meta property=\"og:site_name\" content=\"webdo\" \/>\n<meta property=\"article:publisher\" content=\"https:\/\/www.facebook.com\/webdotn\" \/>\n<meta property=\"article:published_time\" content=\"2011-04-20T10:29:00+00:00\" \/>\n<meta property=\"og:image\" content=\"https:\/\/www.webdo.tn\/fr\/wp-content\/uploads\/2011\/04\/Media-Scan-Nessma-TV.jpg\" \/>\n\t<meta property=\"og:image:width\" content=\"284\" \/>\n\t<meta property=\"og:image:height\" content=\"297\" \/>\n\t<meta property=\"og:image:type\" content=\"image\/jpeg\" \/>\n<meta name=\"author\" content=\"webdo.tn\" \/>\n<meta name=\"twitter:card\" content=\"summary_large_image\" \/>\n<meta name=\"twitter:creator\" content=\"@webdo_tn\" \/>\n<meta name=\"twitter:site\" content=\"@webdo_tn\" \/>\n<meta name=\"twitter:label1\" content=\"\u00c9crit par\" \/>\n\t<meta name=\"twitter:data1\" content=\"webdo.tn\" \/>\n\t<meta name=\"twitter:label2\" content=\"Dur\u00e9e de lecture estim\u00e9e\" \/>\n\t<meta name=\"twitter:data2\" content=\"2 minutes\" \/>\n<script type=\"application\/ld+json\" class=\"yoast-schema-graph\">{\"@context\":\"https:\\\/\\\/schema.org\",\"@graph\":[{\"@type\":\"NewsArticle\",\"@id\":\"https:\\\/\\\/www.webdo.tn\\\/fr\\\/actualite\\\/divers\\\/la-video-de-trop-media-scan-attaque-nessma-tv-en-justice\\\/178656\\\/#article\",\"isPartOf\":{\"@id\":\"https:\\\/\\\/www.webdo.tn\\\/fr\\\/actualite\\\/divers\\\/la-video-de-trop-media-scan-attaque-nessma-tv-en-justice\\\/178656\\\/\"},\"author\":{\"name\":\"webdo.tn\",\"@id\":\"https:\\\/\\\/www.webdo.tn\\\/fr\\\/#\\\/schema\\\/person\\\/9a9c6118d687c117df8ef3cc36a4d175\"},\"headline\":\"La vid\u00e9o de trop : M\u00e9dia Scan attaque Nessma TV en justice\",\"datePublished\":\"2011-04-20T10:29:00+00:00\",\"mainEntityOfPage\":{\"@id\":\"https:\\\/\\\/www.webdo.tn\\\/fr\\\/actualite\\\/divers\\\/la-video-de-trop-media-scan-attaque-nessma-tv-en-justice\\\/178656\\\/\"},\"wordCount\":350,\"commentCount\":0,\"publisher\":{\"@id\":\"https:\\\/\\\/www.webdo.tn\\\/fr\\\/#organization\"},\"image\":{\"@id\":\"https:\\\/\\\/www.webdo.tn\\\/fr\\\/actualite\\\/divers\\\/la-video-de-trop-media-scan-attaque-nessma-tv-en-justice\\\/178656\\\/#primaryimage\"},\"thumbnailUrl\":\"https:\\\/\\\/www.webdo.tn\\\/fr\\\/wp-content\\\/uploads\\\/2011\\\/04\\\/Media-Scan-Nessma-TV.jpg\",\"articleSection\":[\"Divers\"],\"inLanguage\":\"fr-FR\"},{\"@type\":\"WebPage\",\"@id\":\"https:\\\/\\\/www.webdo.tn\\\/fr\\\/actualite\\\/divers\\\/la-video-de-trop-media-scan-attaque-nessma-tv-en-justice\\\/178656\\\/\",\"url\":\"https:\\\/\\\/www.webdo.tn\\\/fr\\\/actualite\\\/divers\\\/la-video-de-trop-media-scan-attaque-nessma-tv-en-justice\\\/178656\\\/\",\"name\":\"La vid\u00e9o de trop : M\u00e9dia Scan attaque Nessma TV en justice\",\"isPartOf\":{\"@id\":\"https:\\\/\\\/www.webdo.tn\\\/fr\\\/#website\"},\"primaryImageOfPage\":{\"@id\":\"https:\\\/\\\/www.webdo.tn\\\/fr\\\/actualite\\\/divers\\\/la-video-de-trop-media-scan-attaque-nessma-tv-en-justice\\\/178656\\\/#primaryimage\"},\"image\":{\"@id\":\"https:\\\/\\\/www.webdo.tn\\\/fr\\\/actualite\\\/divers\\\/la-video-de-trop-media-scan-attaque-nessma-tv-en-justice\\\/178656\\\/#primaryimage\"},\"thumbnailUrl\":\"https:\\\/\\\/www.webdo.tn\\\/fr\\\/wp-content\\\/uploads\\\/2011\\\/04\\\/Media-Scan-Nessma-TV.jpg\",\"datePublished\":\"2011-04-20T10:29:00+00:00\",\"description\":\"La vid\u00e9o de trop : M\u00e9dia Scan attaque Nessma TV en justice\",\"breadcrumb\":{\"@id\":\"https:\\\/\\\/www.webdo.tn\\\/fr\\\/actualite\\\/divers\\\/la-video-de-trop-media-scan-attaque-nessma-tv-en-justice\\\/178656\\\/#breadcrumb\"},\"inLanguage\":\"fr-FR\",\"potentialAction\":[{\"@type\":\"ReadAction\",\"target\":[\"https:\\\/\\\/www.webdo.tn\\\/fr\\\/actualite\\\/divers\\\/la-video-de-trop-media-scan-attaque-nessma-tv-en-justice\\\/178656\\\/\"]}]},{\"@type\":\"ImageObject\",\"inLanguage\":\"fr-FR\",\"@id\":\"https:\\\/\\\/www.webdo.tn\\\/fr\\\/actualite\\\/divers\\\/la-video-de-trop-media-scan-attaque-nessma-tv-en-justice\\\/178656\\\/#primaryimage\",\"url\":\"https:\\\/\\\/www.webdo.tn\\\/fr\\\/wp-content\\\/uploads\\\/2011\\\/04\\\/Media-Scan-Nessma-TV.jpg\",\"contentUrl\":\"https:\\\/\\\/www.webdo.tn\\\/fr\\\/wp-content\\\/uploads\\\/2011\\\/04\\\/Media-Scan-Nessma-TV.jpg\",\"width\":284,\"height\":297,\"caption\":\"La vid\u00e9o de trop : M\u00e9dia Scan attaque Nessma TV en justice\"},{\"@type\":\"BreadcrumbList\",\"@id\":\"https:\\\/\\\/www.webdo.tn\\\/fr\\\/actualite\\\/divers\\\/la-video-de-trop-media-scan-attaque-nessma-tv-en-justice\\\/178656\\\/#breadcrumb\",\"itemListElement\":[{\"@type\":\"ListItem\",\"position\":1,\"name\":\"Accueil\",\"item\":\"https:\\\/\\\/www.webdo.tn\\\/fr\\\/\"},{\"@type\":\"ListItem\",\"position\":2,\"name\":\"La vid\u00e9o de trop : M\u00e9dia Scan attaque Nessma TV en justice\"}]},{\"@type\":\"WebSite\",\"@id\":\"https:\\\/\\\/www.webdo.tn\\\/fr\\\/#website\",\"url\":\"https:\\\/\\\/www.webdo.tn\\\/fr\\\/\",\"name\":\"webdo\",\"description\":\"Tunisie - News en Tunisie et \u00e0 l&#039;international sur Webdo.tn\",\"publisher\":{\"@id\":\"https:\\\/\\\/www.webdo.tn\\\/fr\\\/#organization\"},\"potentialAction\":[{\"@type\":\"SearchAction\",\"target\":{\"@type\":\"EntryPoint\",\"urlTemplate\":\"https:\\\/\\\/www.webdo.tn\\\/fr\\\/?s={search_term_string}\"},\"query-input\":{\"@type\":\"PropertyValueSpecification\",\"valueRequired\":true,\"valueName\":\"search_term_string\"}}],\"inLanguage\":\"fr-FR\"},{\"@type\":\"Organization\",\"@id\":\"https:\\\/\\\/www.webdo.tn\\\/fr\\\/#organization\",\"name\":\"Webdo\",\"alternateName\":\"Webdo.tn\",\"url\":\"https:\\\/\\\/www.webdo.tn\\\/fr\\\/\",\"logo\":{\"@type\":\"ImageObject\",\"inLanguage\":\"fr-FR\",\"@id\":\"https:\\\/\\\/www.webdo.tn\\\/fr\\\/#\\\/schema\\\/logo\\\/image\\\/\",\"url\":\"https:\\\/\\\/www.webdo.tn\\\/fr\\\/wp-content\\\/uploads\\\/2025\\\/06\\\/Webdo-Tunisie_168377.jpg\",\"contentUrl\":\"https:\\\/\\\/www.webdo.tn\\\/fr\\\/wp-content\\\/uploads\\\/2025\\\/06\\\/Webdo-Tunisie_168377.jpg\",\"width\":301,\"height\":301,\"caption\":\"Webdo\"},\"image\":{\"@id\":\"https:\\\/\\\/www.webdo.tn\\\/fr\\\/#\\\/schema\\\/logo\\\/image\\\/\"},\"sameAs\":[\"https:\\\/\\\/www.facebook.com\\\/webdotn\",\"https:\\\/\\\/x.com\\\/webdo_tn\"],\"description\":\"Webdo est un m\u00e9dia num\u00e9rique tunisien fond\u00e9 en 2010, sp\u00e9cialis\u00e9 dans l\u2019actualit\u00e9 nationale et internationale, l\u2019\u00e9conomie, la soci\u00e9t\u00e9 et les analyses politiques. Le site s\u2019adresse \u00e0 un large public francophone et couvre l\u2019information tunisienne en temps r\u00e9el.\",\"email\":\"redac@webdo.tn\",\"legalName\":\"YNJ SARL\",\"foundingDate\":\"2010-09-06\",\"numberOfEmployees\":{\"@type\":\"QuantitativeValue\",\"minValue\":\"11\",\"maxValue\":\"50\"}},{\"@type\":\"Person\",\"@id\":\"https:\\\/\\\/www.webdo.tn\\\/fr\\\/#\\\/schema\\\/person\\\/9a9c6118d687c117df8ef3cc36a4d175\",\"name\":\"webdo.tn\",\"image\":{\"@type\":\"ImageObject\",\"inLanguage\":\"fr-FR\",\"@id\":\"https:\\\/\\\/secure.gravatar.com\\\/avatar\\\/7ce1f28c0c3bbac99ff550b85ef8e44a6950c6ee24514fb6a5489e51d06f0298?s=96&d=mm&r=g\",\"url\":\"https:\\\/\\\/secure.gravatar.com\\\/avatar\\\/7ce1f28c0c3bbac99ff550b85ef8e44a6950c6ee24514fb6a5489e51d06f0298?s=96&d=mm&r=g\",\"contentUrl\":\"https:\\\/\\\/secure.gravatar.com\\\/avatar\\\/7ce1f28c0c3bbac99ff550b85ef8e44a6950c6ee24514fb6a5489e51d06f0298?s=96&d=mm&r=g\",\"caption\":\"webdo.tn\"},\"url\":\"https:\\\/\\\/www.webdo.tn\\\/fr\\\/actualite\\\/author\\\/webdotn\\\/\"}]}<\/script>\n<!-- \/ Yoast SEO Premium plugin. -->","yoast_head_json":{"title":"La vid\u00e9o de trop : M\u00e9dia Scan attaque Nessma TV en justice","description":"La vid\u00e9o de trop : M\u00e9dia Scan attaque Nessma TV en justice","canonical":"https:\/\/www.webdo.tn\/fr\/actualite\/divers\/la-video-de-trop-media-scan-attaque-nessma-tv-en-justice\/178656\/","og_locale":"fr_FR","og_type":"article","og_title":"La vid\u00e9o de trop : M\u00e9dia Scan attaque Nessma TV en justice","og_description":"La vid\u00e9o de trop : M\u00e9dia Scan attaque Nessma TV en justice","og_url":"https:\/\/www.webdo.tn\/fr\/actualite\/divers\/la-video-de-trop-media-scan-attaque-nessma-tv-en-justice\/178656\/","og_site_name":"webdo","article_publisher":"https:\/\/www.facebook.com\/webdotn","article_published_time":"2011-04-20T10:29:00+00:00","og_image":[{"width":284,"height":297,"url":"https:\/\/www.webdo.tn\/fr\/wp-content\/uploads\/2011\/04\/Media-Scan-Nessma-TV.jpg","type":"image\/jpeg"}],"author":"webdo.tn","twitter_card":"summary_large_image","twitter_creator":"@webdo_tn","twitter_site":"@webdo_tn","twitter_misc":{"\u00c9crit par":"webdo.tn","Dur\u00e9e de lecture estim\u00e9e":"2 minutes"},"schema":{"@context":"https:\/\/schema.org","@graph":[{"@type":"NewsArticle","@id":"https:\/\/www.webdo.tn\/fr\/actualite\/divers\/la-video-de-trop-media-scan-attaque-nessma-tv-en-justice\/178656\/#article","isPartOf":{"@id":"https:\/\/www.webdo.tn\/fr\/actualite\/divers\/la-video-de-trop-media-scan-attaque-nessma-tv-en-justice\/178656\/"},"author":{"name":"webdo.tn","@id":"https:\/\/www.webdo.tn\/fr\/#\/schema\/person\/9a9c6118d687c117df8ef3cc36a4d175"},"headline":"La vid\u00e9o de trop : M\u00e9dia Scan attaque Nessma TV en justice","datePublished":"2011-04-20T10:29:00+00:00","mainEntityOfPage":{"@id":"https:\/\/www.webdo.tn\/fr\/actualite\/divers\/la-video-de-trop-media-scan-attaque-nessma-tv-en-justice\/178656\/"},"wordCount":350,"commentCount":0,"publisher":{"@id":"https:\/\/www.webdo.tn\/fr\/#organization"},"image":{"@id":"https:\/\/www.webdo.tn\/fr\/actualite\/divers\/la-video-de-trop-media-scan-attaque-nessma-tv-en-justice\/178656\/#primaryimage"},"thumbnailUrl":"https:\/\/www.webdo.tn\/fr\/wp-content\/uploads\/2011\/04\/Media-Scan-Nessma-TV.jpg","articleSection":["Divers"],"inLanguage":"fr-FR"},{"@type":"WebPage","@id":"https:\/\/www.webdo.tn\/fr\/actualite\/divers\/la-video-de-trop-media-scan-attaque-nessma-tv-en-justice\/178656\/","url":"https:\/\/www.webdo.tn\/fr\/actualite\/divers\/la-video-de-trop-media-scan-attaque-nessma-tv-en-justice\/178656\/","name":"La vid\u00e9o de trop : M\u00e9dia Scan attaque Nessma TV en justice","isPartOf":{"@id":"https:\/\/www.webdo.tn\/fr\/#website"},"primaryImageOfPage":{"@id":"https:\/\/www.webdo.tn\/fr\/actualite\/divers\/la-video-de-trop-media-scan-attaque-nessma-tv-en-justice\/178656\/#primaryimage"},"image":{"@id":"https:\/\/www.webdo.tn\/fr\/actualite\/divers\/la-video-de-trop-media-scan-attaque-nessma-tv-en-justice\/178656\/#primaryimage"},"thumbnailUrl":"https:\/\/www.webdo.tn\/fr\/wp-content\/uploads\/2011\/04\/Media-Scan-Nessma-TV.jpg","datePublished":"2011-04-20T10:29:00+00:00","description":"La vid\u00e9o de trop : M\u00e9dia Scan attaque Nessma TV en justice","breadcrumb":{"@id":"https:\/\/www.webdo.tn\/fr\/actualite\/divers\/la-video-de-trop-media-scan-attaque-nessma-tv-en-justice\/178656\/#breadcrumb"},"inLanguage":"fr-FR","potentialAction":[{"@type":"ReadAction","target":["https:\/\/www.webdo.tn\/fr\/actualite\/divers\/la-video-de-trop-media-scan-attaque-nessma-tv-en-justice\/178656\/"]}]},{"@type":"ImageObject","inLanguage":"fr-FR","@id":"https:\/\/www.webdo.tn\/fr\/actualite\/divers\/la-video-de-trop-media-scan-attaque-nessma-tv-en-justice\/178656\/#primaryimage","url":"https:\/\/www.webdo.tn\/fr\/wp-content\/uploads\/2011\/04\/Media-Scan-Nessma-TV.jpg","contentUrl":"https:\/\/www.webdo.tn\/fr\/wp-content\/uploads\/2011\/04\/Media-Scan-Nessma-TV.jpg","width":284,"height":297,"caption":"La vid\u00e9o de trop : M\u00e9dia Scan attaque Nessma TV en justice"},{"@type":"BreadcrumbList","@id":"https:\/\/www.webdo.tn\/fr\/actualite\/divers\/la-video-de-trop-media-scan-attaque-nessma-tv-en-justice\/178656\/#breadcrumb","itemListElement":[{"@type":"ListItem","position":1,"name":"Accueil","item":"https:\/\/www.webdo.tn\/fr\/"},{"@type":"ListItem","position":2,"name":"La vid\u00e9o de trop : M\u00e9dia Scan attaque Nessma TV en justice"}]},{"@type":"WebSite","@id":"https:\/\/www.webdo.tn\/fr\/#website","url":"https:\/\/www.webdo.tn\/fr\/","name":"webdo","description":"Tunisie - News en Tunisie et \u00e0 l&#039;international sur Webdo.tn","publisher":{"@id":"https:\/\/www.webdo.tn\/fr\/#organization"},"potentialAction":[{"@type":"SearchAction","target":{"@type":"EntryPoint","urlTemplate":"https:\/\/www.webdo.tn\/fr\/?s={search_term_string}"},"query-input":{"@type":"PropertyValueSpecification","valueRequired":true,"valueName":"search_term_string"}}],"inLanguage":"fr-FR"},{"@type":"Organization","@id":"https:\/\/www.webdo.tn\/fr\/#organization","name":"Webdo","alternateName":"Webdo.tn","url":"https:\/\/www.webdo.tn\/fr\/","logo":{"@type":"ImageObject","inLanguage":"fr-FR","@id":"https:\/\/www.webdo.tn\/fr\/#\/schema\/logo\/image\/","url":"https:\/\/www.webdo.tn\/fr\/wp-content\/uploads\/2025\/06\/Webdo-Tunisie_168377.jpg","contentUrl":"https:\/\/www.webdo.tn\/fr\/wp-content\/uploads\/2025\/06\/Webdo-Tunisie_168377.jpg","width":301,"height":301,"caption":"Webdo"},"image":{"@id":"https:\/\/www.webdo.tn\/fr\/#\/schema\/logo\/image\/"},"sameAs":["https:\/\/www.facebook.com\/webdotn","https:\/\/x.com\/webdo_tn"],"description":"Webdo est un m\u00e9dia num\u00e9rique tunisien fond\u00e9 en 2010, sp\u00e9cialis\u00e9 dans l\u2019actualit\u00e9 nationale et internationale, l\u2019\u00e9conomie, la soci\u00e9t\u00e9 et les analyses politiques. Le site s\u2019adresse \u00e0 un large public francophone et couvre l\u2019information tunisienne en temps r\u00e9el.","email":"redac@webdo.tn","legalName":"YNJ SARL","foundingDate":"2010-09-06","numberOfEmployees":{"@type":"QuantitativeValue","minValue":"11","maxValue":"50"}},{"@type":"Person","@id":"https:\/\/www.webdo.tn\/fr\/#\/schema\/person\/9a9c6118d687c117df8ef3cc36a4d175","name":"webdo.tn","image":{"@type":"ImageObject","inLanguage":"fr-FR","@id":"https:\/\/secure.gravatar.com\/avatar\/7ce1f28c0c3bbac99ff550b85ef8e44a6950c6ee24514fb6a5489e51d06f0298?s=96&d=mm&r=g","url":"https:\/\/secure.gravatar.com\/avatar\/7ce1f28c0c3bbac99ff550b85ef8e44a6950c6ee24514fb6a5489e51d06f0298?s=96&d=mm&r=g","contentUrl":"https:\/\/secure.gravatar.com\/avatar\/7ce1f28c0c3bbac99ff550b85ef8e44a6950c6ee24514fb6a5489e51d06f0298?s=96&d=mm&r=g","caption":"webdo.tn"},"url":"https:\/\/www.webdo.tn\/fr\/actualite\/author\/webdotn\/"}]}},"_links":{"self":[{"href":"https:\/\/www.webdo.tn\/fr\/wp-json\/wp\/v2\/posts\/178656","targetHints":{"allow":["GET"]}}],"collection":[{"href":"https:\/\/www.webdo.tn\/fr\/wp-json\/wp\/v2\/posts"}],"about":[{"href":"https:\/\/www.webdo.tn\/fr\/wp-json\/wp\/v2\/types\/post"}],"author":[{"embeddable":true,"href":"https:\/\/www.webdo.tn\/fr\/wp-json\/wp\/v2\/users\/3222"}],"replies":[{"embeddable":true,"href":"https:\/\/www.webdo.tn\/fr\/wp-json\/wp\/v2\/comments?post=178656"}],"version-history":[{"count":0,"href":"https:\/\/www.webdo.tn\/fr\/wp-json\/wp\/v2\/posts\/178656\/revisions"}],"wp:featuredmedia":[{"embeddable":true,"href":"https:\/\/www.webdo.tn\/fr\/wp-json\/wp\/v2\/media\/365441"}],"wp:attachment":[{"href":"https:\/\/www.webdo.tn\/fr\/wp-json\/wp\/v2\/media?parent=178656"}],"wp:term":[{"taxonomy":"category","embeddable":true,"href":"https:\/\/www.webdo.tn\/fr\/wp-json\/wp\/v2\/categories?post=178656"},{"taxonomy":"post_tag","embeddable":true,"href":"https:\/\/www.webdo.tn\/fr\/wp-json\/wp\/v2\/tags?post=178656"}],"curies":[{"name":"wp","href":"https:\/\/api.w.org\/{rel}","templated":true}]}}