{"id":178653,"date":"2011-04-21T13:50:00","date_gmt":"2011-04-21T13:50:00","guid":{"rendered":"https:\/\/www.webdo.tn\/fr\/actualite\/blog\/anis-ben-khaled-judoka-dealer-et-voleur-arrete-au-senegal\/178653\/"},"modified":"2011-04-21T13:50:00","modified_gmt":"2011-04-21T13:50:00","slug":"anis-ben-khaled-judoka-dealer-et-voleur-arrete-au-senegal","status":"publish","type":"post","link":"https:\/\/www.webdo.tn\/fr\/actualite\/divers\/anis-ben-khaled-judoka-dealer-et-voleur-arrete-au-senegal\/178653\/","title":{"rendered":"Anis Ben Khaled, judoka, dealer et voleur arr\u00eat\u00e9 au S\u00e9n\u00e9gal"},"content":{"rendered":"<p>Mauvaise surprise pour la d\u00e9l\u00e9gation tunisienne aux derniers championnats africains de judo qui viennent d\u2019avoir lieu au S\u00e9n\u00e9gal. Alors que ladite d\u00e9l\u00e9gation s\u2019appr\u00eatait \u00e0 prendre l\u2019avion \u00e0 l\u2019a\u00e9roport L\u00e9opold Sedar Senghor, \u00e0 Dakar, pour rentrer au pays, Anis Ben Khaled, le champion tunisien (poss\u00e9dant aussi la nationalit\u00e9 fran\u00e7aise) a \u00e9t\u00e9 arr\u00eat\u00e9 par la police s\u00e9n\u00e9galaise.<\/p>\n<p>C\u2019est \u00e0 la suite d\u2019une demande des autorit\u00e9s fran\u00e7aises que le judoka tuniso-fran\u00e7ais a \u00e9t\u00e9 mis aux arr\u00eats. Et selon l\u2019un des journalistes du journal s\u00e9n\u00e9galais \u00abLe populaire\u00bb, Anis serait demand\u00e9 par la justice fran\u00e7aise pour des d\u00e9lits qu\u2019il aurait commis sur le territoire fran\u00e7ais, entre autre des accusations pour trafic de drogue, braquages et attaques \u00e0 main arm\u00e9e. Et bien qu\u2019arr\u00eat\u00e9 \u00e0 trois reprises en France, Anis a r\u00e9ussi \u00e0 fuir apr\u00e8s avoir violent\u00e9 les policiers. Conduit au tribunal de Dakar, il a r\u00e9ussi \u00e0 \u00e9chapper \u00e0 la vigilance de ses gardiens, avant d&rsquo;\u00eatre ma\u00eetris\u00e9 apr\u00e8s une course poursuite dans les rues d&rsquo;une cit\u00e9 populaire, rapporte l&rsquo;hebdomadaire Al Akhbar.<\/p>\n<p>Le pr\u00e9sident de la F\u00e9d\u00e9ration tunisienne de judo, M. H\u00e9di Mhirsi, s\u2019est \u00e9tonn\u00e9 de cette mesure prise par les autorit\u00e9s fran\u00e7aise, pr\u00e9cisant qu\u2019Anis Ben Khaled avait voyag\u00e9 plusieurs fois \u00e0 partir de la France vers Tunis et vice-versa sans \u00eatre d\u00e9rang\u00e9, ayant un projet en pr\u00e9paration du c\u00f4t\u00e9 du Sahel et particip\u00e9 \u00e0 plusieurs stages dont le dernier en Hexagone m\u00eame.<\/p>\n","protected":false},"excerpt":{"rendered":"<p>Anis Ben Khaled, judoka, dealer et voleur arr\u00eat\u00e9 au S\u00e9n\u00e9gal <\/p>\n","protected":false},"author":3222,"featured_media":365447,"comment_status":"open","ping_status":"closed","sticky":false,"template":"","format":"standard","meta":{"footnotes":""},"categories":[2839],"tags":[],"class_list":["post-178653","post","type-post","status-publish","format-standard","has-post-thumbnail","hentry","category-divers"],"yoast_head":"<!-- This site is optimized with the Yoast SEO Premium plugin v27.4 (Yoast SEO v27.4) - https:\/\/yoast.com\/product\/yoast-seo-premium-wordpress\/ -->\n<title>Anis Ben Khaled, judoka, dealer et voleur arr\u00eat\u00e9 au S\u00e9n\u00e9gal<\/title>\n<meta name=\"description\" content=\"Anis Ben Khaled, judoka, dealer et voleur arr\u00eat\u00e9 au S\u00e9n\u00e9gal\" \/>\n<link rel=\"canonical\" href=\"https:\/\/www.webdo.tn\/fr\/actualite\/divers\/anis-ben-khaled-judoka-dealer-et-voleur-arrete-au-senegal\/178653\/\" \/>\n<meta property=\"og:locale\" content=\"fr_FR\" \/>\n<meta property=\"og:type\" content=\"article\" \/>\n<meta property=\"og:title\" content=\"Anis Ben Khaled, judoka, dealer et voleur arr\u00eat\u00e9 au S\u00e9n\u00e9gal\" \/>\n<meta property=\"og:description\" content=\"Anis Ben Khaled, judoka, dealer et voleur arr\u00eat\u00e9 au S\u00e9n\u00e9gal\" \/>\n<meta property=\"og:url\" content=\"https:\/\/www.webdo.tn\/fr\/actualite\/divers\/anis-ben-khaled-judoka-dealer-et-voleur-arrete-au-senegal\/178653\/\" \/>\n<meta property=\"og:site_name\" content=\"webdo\" \/>\n<meta property=\"article:publisher\" content=\"https:\/\/www.facebook.com\/webdotn\" \/>\n<meta property=\"article:published_time\" content=\"2011-04-21T13:50:00+00:00\" \/>\n<meta property=\"og:image\" content=\"https:\/\/www.webdo.tn\/fr\/wp-content\/uploads\/2011\/04\/Anis-Ben-Khaled-photo-francesoir.fr_.jpg\" \/>\n\t<meta property=\"og:image:width\" content=\"247\" \/>\n\t<meta property=\"og:image:height\" content=\"176\" \/>\n\t<meta property=\"og:image:type\" content=\"image\/jpeg\" \/>\n<meta name=\"author\" content=\"webdo.tn\" \/>\n<meta name=\"twitter:card\" content=\"summary_large_image\" \/>\n<meta name=\"twitter:creator\" content=\"@webdo_tn\" \/>\n<meta name=\"twitter:site\" content=\"@webdo_tn\" \/>\n<meta name=\"twitter:label1\" content=\"\u00c9crit par\" \/>\n\t<meta name=\"twitter:data1\" content=\"webdo.tn\" \/>\n\t<meta name=\"twitter:label2\" content=\"Dur\u00e9e de lecture estim\u00e9e\" \/>\n\t<meta name=\"twitter:data2\" content=\"1 minute\" \/>\n<script type=\"application\/ld+json\" class=\"yoast-schema-graph\">{\"@context\":\"https:\\\/\\\/schema.org\",\"@graph\":[{\"@type\":\"NewsArticle\",\"@id\":\"https:\\\/\\\/www.webdo.tn\\\/fr\\\/actualite\\\/divers\\\/anis-ben-khaled-judoka-dealer-et-voleur-arrete-au-senegal\\\/178653\\\/#article\",\"isPartOf\":{\"@id\":\"https:\\\/\\\/www.webdo.tn\\\/fr\\\/actualite\\\/divers\\\/anis-ben-khaled-judoka-dealer-et-voleur-arrete-au-senegal\\\/178653\\\/\"},\"author\":{\"name\":\"webdo.tn\",\"@id\":\"https:\\\/\\\/www.webdo.tn\\\/fr\\\/#\\\/schema\\\/person\\\/9a9c6118d687c117df8ef3cc36a4d175\"},\"headline\":\"Anis Ben Khaled, judoka, dealer et voleur arr\u00eat\u00e9 au S\u00e9n\u00e9gal\",\"datePublished\":\"2011-04-21T13:50:00+00:00\",\"mainEntityOfPage\":{\"@id\":\"https:\\\/\\\/www.webdo.tn\\\/fr\\\/actualite\\\/divers\\\/anis-ben-khaled-judoka-dealer-et-voleur-arrete-au-senegal\\\/178653\\\/\"},\"wordCount\":283,\"commentCount\":0,\"publisher\":{\"@id\":\"https:\\\/\\\/www.webdo.tn\\\/fr\\\/#organization\"},\"image\":{\"@id\":\"https:\\\/\\\/www.webdo.tn\\\/fr\\\/actualite\\\/divers\\\/anis-ben-khaled-judoka-dealer-et-voleur-arrete-au-senegal\\\/178653\\\/#primaryimage\"},\"thumbnailUrl\":\"https:\\\/\\\/www.webdo.tn\\\/fr\\\/wp-content\\\/uploads\\\/2011\\\/04\\\/Anis-Ben-Khaled-photo-francesoir.fr_.jpg\",\"articleSection\":[\"Divers\"],\"inLanguage\":\"fr-FR\"},{\"@type\":\"WebPage\",\"@id\":\"https:\\\/\\\/www.webdo.tn\\\/fr\\\/actualite\\\/divers\\\/anis-ben-khaled-judoka-dealer-et-voleur-arrete-au-senegal\\\/178653\\\/\",\"url\":\"https:\\\/\\\/www.webdo.tn\\\/fr\\\/actualite\\\/divers\\\/anis-ben-khaled-judoka-dealer-et-voleur-arrete-au-senegal\\\/178653\\\/\",\"name\":\"Anis Ben Khaled, judoka, dealer et voleur arr\u00eat\u00e9 au S\u00e9n\u00e9gal\",\"isPartOf\":{\"@id\":\"https:\\\/\\\/www.webdo.tn\\\/fr\\\/#website\"},\"primaryImageOfPage\":{\"@id\":\"https:\\\/\\\/www.webdo.tn\\\/fr\\\/actualite\\\/divers\\\/anis-ben-khaled-judoka-dealer-et-voleur-arrete-au-senegal\\\/178653\\\/#primaryimage\"},\"image\":{\"@id\":\"https:\\\/\\\/www.webdo.tn\\\/fr\\\/actualite\\\/divers\\\/anis-ben-khaled-judoka-dealer-et-voleur-arrete-au-senegal\\\/178653\\\/#primaryimage\"},\"thumbnailUrl\":\"https:\\\/\\\/www.webdo.tn\\\/fr\\\/wp-content\\\/uploads\\\/2011\\\/04\\\/Anis-Ben-Khaled-photo-francesoir.fr_.jpg\",\"datePublished\":\"2011-04-21T13:50:00+00:00\",\"description\":\"Anis Ben Khaled, judoka, dealer et voleur arr\u00eat\u00e9 au S\u00e9n\u00e9gal\",\"breadcrumb\":{\"@id\":\"https:\\\/\\\/www.webdo.tn\\\/fr\\\/actualite\\\/divers\\\/anis-ben-khaled-judoka-dealer-et-voleur-arrete-au-senegal\\\/178653\\\/#breadcrumb\"},\"inLanguage\":\"fr-FR\",\"potentialAction\":[{\"@type\":\"ReadAction\",\"target\":[\"https:\\\/\\\/www.webdo.tn\\\/fr\\\/actualite\\\/divers\\\/anis-ben-khaled-judoka-dealer-et-voleur-arrete-au-senegal\\\/178653\\\/\"]}]},{\"@type\":\"ImageObject\",\"inLanguage\":\"fr-FR\",\"@id\":\"https:\\\/\\\/www.webdo.tn\\\/fr\\\/actualite\\\/divers\\\/anis-ben-khaled-judoka-dealer-et-voleur-arrete-au-senegal\\\/178653\\\/#primaryimage\",\"url\":\"https:\\\/\\\/www.webdo.tn\\\/fr\\\/wp-content\\\/uploads\\\/2011\\\/04\\\/Anis-Ben-Khaled-photo-francesoir.fr_.jpg\",\"contentUrl\":\"https:\\\/\\\/www.webdo.tn\\\/fr\\\/wp-content\\\/uploads\\\/2011\\\/04\\\/Anis-Ben-Khaled-photo-francesoir.fr_.jpg\",\"width\":247,\"height\":176,\"caption\":\"Anis Ben Khaled, judoka, dealer et voleur arr\u00eat\u00e9 au S\u00e9n\u00e9gal\"},{\"@type\":\"BreadcrumbList\",\"@id\":\"https:\\\/\\\/www.webdo.tn\\\/fr\\\/actualite\\\/divers\\\/anis-ben-khaled-judoka-dealer-et-voleur-arrete-au-senegal\\\/178653\\\/#breadcrumb\",\"itemListElement\":[{\"@type\":\"ListItem\",\"position\":1,\"name\":\"Accueil\",\"item\":\"https:\\\/\\\/www.webdo.tn\\\/fr\\\/\"},{\"@type\":\"ListItem\",\"position\":2,\"name\":\"Anis Ben Khaled, judoka, dealer et voleur arr\u00eat\u00e9 au S\u00e9n\u00e9gal\"}]},{\"@type\":\"WebSite\",\"@id\":\"https:\\\/\\\/www.webdo.tn\\\/fr\\\/#website\",\"url\":\"https:\\\/\\\/www.webdo.tn\\\/fr\\\/\",\"name\":\"webdo\",\"description\":\"Tunisie - News en Tunisie et \u00e0 l&#039;international sur Webdo.tn\",\"publisher\":{\"@id\":\"https:\\\/\\\/www.webdo.tn\\\/fr\\\/#organization\"},\"potentialAction\":[{\"@type\":\"SearchAction\",\"target\":{\"@type\":\"EntryPoint\",\"urlTemplate\":\"https:\\\/\\\/www.webdo.tn\\\/fr\\\/?s={search_term_string}\"},\"query-input\":{\"@type\":\"PropertyValueSpecification\",\"valueRequired\":true,\"valueName\":\"search_term_string\"}}],\"inLanguage\":\"fr-FR\"},{\"@type\":\"Organization\",\"@id\":\"https:\\\/\\\/www.webdo.tn\\\/fr\\\/#organization\",\"name\":\"Webdo\",\"alternateName\":\"Webdo.tn\",\"url\":\"https:\\\/\\\/www.webdo.tn\\\/fr\\\/\",\"logo\":{\"@type\":\"ImageObject\",\"inLanguage\":\"fr-FR\",\"@id\":\"https:\\\/\\\/www.webdo.tn\\\/fr\\\/#\\\/schema\\\/logo\\\/image\\\/\",\"url\":\"https:\\\/\\\/www.webdo.tn\\\/fr\\\/wp-content\\\/uploads\\\/2025\\\/06\\\/Webdo-Tunisie_168377.jpg\",\"contentUrl\":\"https:\\\/\\\/www.webdo.tn\\\/fr\\\/wp-content\\\/uploads\\\/2025\\\/06\\\/Webdo-Tunisie_168377.jpg\",\"width\":301,\"height\":301,\"caption\":\"Webdo\"},\"image\":{\"@id\":\"https:\\\/\\\/www.webdo.tn\\\/fr\\\/#\\\/schema\\\/logo\\\/image\\\/\"},\"sameAs\":[\"https:\\\/\\\/www.facebook.com\\\/webdotn\",\"https:\\\/\\\/x.com\\\/webdo_tn\"],\"description\":\"Webdo est un m\u00e9dia num\u00e9rique tunisien fond\u00e9 en 2010, sp\u00e9cialis\u00e9 dans l\u2019actualit\u00e9 nationale et internationale, l\u2019\u00e9conomie, la soci\u00e9t\u00e9 et les analyses politiques. Le site s\u2019adresse \u00e0 un large public francophone et couvre l\u2019information tunisienne en temps r\u00e9el.\",\"email\":\"redac@webdo.tn\",\"legalName\":\"YNJ SARL\",\"foundingDate\":\"2010-09-06\",\"numberOfEmployees\":{\"@type\":\"QuantitativeValue\",\"minValue\":\"11\",\"maxValue\":\"50\"}},{\"@type\":\"Person\",\"@id\":\"https:\\\/\\\/www.webdo.tn\\\/fr\\\/#\\\/schema\\\/person\\\/9a9c6118d687c117df8ef3cc36a4d175\",\"name\":\"webdo.tn\",\"image\":{\"@type\":\"ImageObject\",\"inLanguage\":\"fr-FR\",\"@id\":\"https:\\\/\\\/secure.gravatar.com\\\/avatar\\\/7ce1f28c0c3bbac99ff550b85ef8e44a6950c6ee24514fb6a5489e51d06f0298?s=96&d=mm&r=g\",\"url\":\"https:\\\/\\\/secure.gravatar.com\\\/avatar\\\/7ce1f28c0c3bbac99ff550b85ef8e44a6950c6ee24514fb6a5489e51d06f0298?s=96&d=mm&r=g\",\"contentUrl\":\"https:\\\/\\\/secure.gravatar.com\\\/avatar\\\/7ce1f28c0c3bbac99ff550b85ef8e44a6950c6ee24514fb6a5489e51d06f0298?s=96&d=mm&r=g\",\"caption\":\"webdo.tn\"},\"url\":\"https:\\\/\\\/www.webdo.tn\\\/fr\\\/actualite\\\/author\\\/webdotn\\\/\"}]}<\/script>\n<!-- \/ Yoast SEO Premium plugin. -->","yoast_head_json":{"title":"Anis Ben Khaled, judoka, dealer et voleur arr\u00eat\u00e9 au S\u00e9n\u00e9gal","description":"Anis Ben Khaled, judoka, dealer et voleur arr\u00eat\u00e9 au S\u00e9n\u00e9gal","canonical":"https:\/\/www.webdo.tn\/fr\/actualite\/divers\/anis-ben-khaled-judoka-dealer-et-voleur-arrete-au-senegal\/178653\/","og_locale":"fr_FR","og_type":"article","og_title":"Anis Ben Khaled, judoka, dealer et voleur arr\u00eat\u00e9 au S\u00e9n\u00e9gal","og_description":"Anis Ben Khaled, judoka, dealer et voleur arr\u00eat\u00e9 au S\u00e9n\u00e9gal","og_url":"https:\/\/www.webdo.tn\/fr\/actualite\/divers\/anis-ben-khaled-judoka-dealer-et-voleur-arrete-au-senegal\/178653\/","og_site_name":"webdo","article_publisher":"https:\/\/www.facebook.com\/webdotn","article_published_time":"2011-04-21T13:50:00+00:00","og_image":[{"width":247,"height":176,"url":"https:\/\/www.webdo.tn\/fr\/wp-content\/uploads\/2011\/04\/Anis-Ben-Khaled-photo-francesoir.fr_.jpg","type":"image\/jpeg"}],"author":"webdo.tn","twitter_card":"summary_large_image","twitter_creator":"@webdo_tn","twitter_site":"@webdo_tn","twitter_misc":{"\u00c9crit par":"webdo.tn","Dur\u00e9e de lecture estim\u00e9e":"1 minute"},"schema":{"@context":"https:\/\/schema.org","@graph":[{"@type":"NewsArticle","@id":"https:\/\/www.webdo.tn\/fr\/actualite\/divers\/anis-ben-khaled-judoka-dealer-et-voleur-arrete-au-senegal\/178653\/#article","isPartOf":{"@id":"https:\/\/www.webdo.tn\/fr\/actualite\/divers\/anis-ben-khaled-judoka-dealer-et-voleur-arrete-au-senegal\/178653\/"},"author":{"name":"webdo.tn","@id":"https:\/\/www.webdo.tn\/fr\/#\/schema\/person\/9a9c6118d687c117df8ef3cc36a4d175"},"headline":"Anis Ben Khaled, judoka, dealer et voleur arr\u00eat\u00e9 au S\u00e9n\u00e9gal","datePublished":"2011-04-21T13:50:00+00:00","mainEntityOfPage":{"@id":"https:\/\/www.webdo.tn\/fr\/actualite\/divers\/anis-ben-khaled-judoka-dealer-et-voleur-arrete-au-senegal\/178653\/"},"wordCount":283,"commentCount":0,"publisher":{"@id":"https:\/\/www.webdo.tn\/fr\/#organization"},"image":{"@id":"https:\/\/www.webdo.tn\/fr\/actualite\/divers\/anis-ben-khaled-judoka-dealer-et-voleur-arrete-au-senegal\/178653\/#primaryimage"},"thumbnailUrl":"https:\/\/www.webdo.tn\/fr\/wp-content\/uploads\/2011\/04\/Anis-Ben-Khaled-photo-francesoir.fr_.jpg","articleSection":["Divers"],"inLanguage":"fr-FR"},{"@type":"WebPage","@id":"https:\/\/www.webdo.tn\/fr\/actualite\/divers\/anis-ben-khaled-judoka-dealer-et-voleur-arrete-au-senegal\/178653\/","url":"https:\/\/www.webdo.tn\/fr\/actualite\/divers\/anis-ben-khaled-judoka-dealer-et-voleur-arrete-au-senegal\/178653\/","name":"Anis Ben Khaled, judoka, dealer et voleur arr\u00eat\u00e9 au S\u00e9n\u00e9gal","isPartOf":{"@id":"https:\/\/www.webdo.tn\/fr\/#website"},"primaryImageOfPage":{"@id":"https:\/\/www.webdo.tn\/fr\/actualite\/divers\/anis-ben-khaled-judoka-dealer-et-voleur-arrete-au-senegal\/178653\/#primaryimage"},"image":{"@id":"https:\/\/www.webdo.tn\/fr\/actualite\/divers\/anis-ben-khaled-judoka-dealer-et-voleur-arrete-au-senegal\/178653\/#primaryimage"},"thumbnailUrl":"https:\/\/www.webdo.tn\/fr\/wp-content\/uploads\/2011\/04\/Anis-Ben-Khaled-photo-francesoir.fr_.jpg","datePublished":"2011-04-21T13:50:00+00:00","description":"Anis Ben Khaled, judoka, dealer et voleur arr\u00eat\u00e9 au S\u00e9n\u00e9gal","breadcrumb":{"@id":"https:\/\/www.webdo.tn\/fr\/actualite\/divers\/anis-ben-khaled-judoka-dealer-et-voleur-arrete-au-senegal\/178653\/#breadcrumb"},"inLanguage":"fr-FR","potentialAction":[{"@type":"ReadAction","target":["https:\/\/www.webdo.tn\/fr\/actualite\/divers\/anis-ben-khaled-judoka-dealer-et-voleur-arrete-au-senegal\/178653\/"]}]},{"@type":"ImageObject","inLanguage":"fr-FR","@id":"https:\/\/www.webdo.tn\/fr\/actualite\/divers\/anis-ben-khaled-judoka-dealer-et-voleur-arrete-au-senegal\/178653\/#primaryimage","url":"https:\/\/www.webdo.tn\/fr\/wp-content\/uploads\/2011\/04\/Anis-Ben-Khaled-photo-francesoir.fr_.jpg","contentUrl":"https:\/\/www.webdo.tn\/fr\/wp-content\/uploads\/2011\/04\/Anis-Ben-Khaled-photo-francesoir.fr_.jpg","width":247,"height":176,"caption":"Anis Ben Khaled, judoka, dealer et voleur arr\u00eat\u00e9 au S\u00e9n\u00e9gal"},{"@type":"BreadcrumbList","@id":"https:\/\/www.webdo.tn\/fr\/actualite\/divers\/anis-ben-khaled-judoka-dealer-et-voleur-arrete-au-senegal\/178653\/#breadcrumb","itemListElement":[{"@type":"ListItem","position":1,"name":"Accueil","item":"https:\/\/www.webdo.tn\/fr\/"},{"@type":"ListItem","position":2,"name":"Anis Ben Khaled, judoka, dealer et voleur arr\u00eat\u00e9 au S\u00e9n\u00e9gal"}]},{"@type":"WebSite","@id":"https:\/\/www.webdo.tn\/fr\/#website","url":"https:\/\/www.webdo.tn\/fr\/","name":"webdo","description":"Tunisie - News en Tunisie et \u00e0 l&#039;international sur Webdo.tn","publisher":{"@id":"https:\/\/www.webdo.tn\/fr\/#organization"},"potentialAction":[{"@type":"SearchAction","target":{"@type":"EntryPoint","urlTemplate":"https:\/\/www.webdo.tn\/fr\/?s={search_term_string}"},"query-input":{"@type":"PropertyValueSpecification","valueRequired":true,"valueName":"search_term_string"}}],"inLanguage":"fr-FR"},{"@type":"Organization","@id":"https:\/\/www.webdo.tn\/fr\/#organization","name":"Webdo","alternateName":"Webdo.tn","url":"https:\/\/www.webdo.tn\/fr\/","logo":{"@type":"ImageObject","inLanguage":"fr-FR","@id":"https:\/\/www.webdo.tn\/fr\/#\/schema\/logo\/image\/","url":"https:\/\/www.webdo.tn\/fr\/wp-content\/uploads\/2025\/06\/Webdo-Tunisie_168377.jpg","contentUrl":"https:\/\/www.webdo.tn\/fr\/wp-content\/uploads\/2025\/06\/Webdo-Tunisie_168377.jpg","width":301,"height":301,"caption":"Webdo"},"image":{"@id":"https:\/\/www.webdo.tn\/fr\/#\/schema\/logo\/image\/"},"sameAs":["https:\/\/www.facebook.com\/webdotn","https:\/\/x.com\/webdo_tn"],"description":"Webdo est un m\u00e9dia num\u00e9rique tunisien fond\u00e9 en 2010, sp\u00e9cialis\u00e9 dans l\u2019actualit\u00e9 nationale et internationale, l\u2019\u00e9conomie, la soci\u00e9t\u00e9 et les analyses politiques. Le site s\u2019adresse \u00e0 un large public francophone et couvre l\u2019information tunisienne en temps r\u00e9el.","email":"redac@webdo.tn","legalName":"YNJ SARL","foundingDate":"2010-09-06","numberOfEmployees":{"@type":"QuantitativeValue","minValue":"11","maxValue":"50"}},{"@type":"Person","@id":"https:\/\/www.webdo.tn\/fr\/#\/schema\/person\/9a9c6118d687c117df8ef3cc36a4d175","name":"webdo.tn","image":{"@type":"ImageObject","inLanguage":"fr-FR","@id":"https:\/\/secure.gravatar.com\/avatar\/7ce1f28c0c3bbac99ff550b85ef8e44a6950c6ee24514fb6a5489e51d06f0298?s=96&d=mm&r=g","url":"https:\/\/secure.gravatar.com\/avatar\/7ce1f28c0c3bbac99ff550b85ef8e44a6950c6ee24514fb6a5489e51d06f0298?s=96&d=mm&r=g","contentUrl":"https:\/\/secure.gravatar.com\/avatar\/7ce1f28c0c3bbac99ff550b85ef8e44a6950c6ee24514fb6a5489e51d06f0298?s=96&d=mm&r=g","caption":"webdo.tn"},"url":"https:\/\/www.webdo.tn\/fr\/actualite\/author\/webdotn\/"}]}},"_links":{"self":[{"href":"https:\/\/www.webdo.tn\/fr\/wp-json\/wp\/v2\/posts\/178653","targetHints":{"allow":["GET"]}}],"collection":[{"href":"https:\/\/www.webdo.tn\/fr\/wp-json\/wp\/v2\/posts"}],"about":[{"href":"https:\/\/www.webdo.tn\/fr\/wp-json\/wp\/v2\/types\/post"}],"author":[{"embeddable":true,"href":"https:\/\/www.webdo.tn\/fr\/wp-json\/wp\/v2\/users\/3222"}],"replies":[{"embeddable":true,"href":"https:\/\/www.webdo.tn\/fr\/wp-json\/wp\/v2\/comments?post=178653"}],"version-history":[{"count":0,"href":"https:\/\/www.webdo.tn\/fr\/wp-json\/wp\/v2\/posts\/178653\/revisions"}],"wp:featuredmedia":[{"embeddable":true,"href":"https:\/\/www.webdo.tn\/fr\/wp-json\/wp\/v2\/media\/365447"}],"wp:attachment":[{"href":"https:\/\/www.webdo.tn\/fr\/wp-json\/wp\/v2\/media?parent=178653"}],"wp:term":[{"taxonomy":"category","embeddable":true,"href":"https:\/\/www.webdo.tn\/fr\/wp-json\/wp\/v2\/categories?post=178653"},{"taxonomy":"post_tag","embeddable":true,"href":"https:\/\/www.webdo.tn\/fr\/wp-json\/wp\/v2\/tags?post=178653"}],"curies":[{"name":"wp","href":"https:\/\/api.w.org\/{rel}","templated":true}]}}