{"id":178650,"date":"2011-04-24T12:32:00","date_gmt":"2011-04-24T12:32:00","guid":{"rendered":"https:\/\/www.webdo.tn\/fr\/actualite\/blog\/ghassan-ben-jeddou-demissionne-et-denonce-le-manque-de-professionnalisme-et-dobjectivite-dal-jazeera\/178650\/"},"modified":"2011-04-24T12:32:00","modified_gmt":"2011-04-24T12:32:00","slug":"ghassan-ben-jeddou-demissionne-et-denonce-le-manque-de-professionnalisme-et-dobjectivite-dal-jazeera","status":"publish","type":"post","link":"https:\/\/www.webdo.tn\/fr\/actualite\/divers\/ghassan-ben-jeddou-demissionne-et-denonce-le-manque-de-professionnalisme-et-dobjectivite-dal-jazeera\/178650\/","title":{"rendered":"Ghassan\u00a0Ben Jeddou d\u00e9missionne et d\u00e9nonce le manque de professionnalisme et d&rsquo;objectivit\u00e9 d&rsquo;Al Jazeera"},"content":{"rendered":"<p>Ghassan Ben Jeddou, journaliste tunisien et directeur du bureau d&rsquo;Al Jazeera \u00e0\u00a0Beyrouth, a pr\u00e9sent\u00e9 sa d\u00e9mission en contestation de la subjectivit\u00e9 de la cha\u00eene qatarienne lors de la couverture des r\u00e9volutions arabes. Couverture que Ben Jeddou juge \u00abbiais\u00e9e\u00bb selon l&rsquo;article \u00e0 la une du journal libanais As-Safir.<\/p>\n<p>Plusieurs raisons ont pouss\u00e9 Ben Jeddou \u00e0 d\u00e9missionner . \u00abAl Jazeera\u00a0a d\u00e9truit un r\u00eave entier de professionnalisme et d&rsquo;objectivit\u00e9. Ce un professionnalisme est d\u00e9sormais devenu de caniveau apr\u00e8s qu&rsquo;Al Jazeera soit sortie de son identit\u00e9 de m\u00e9dia et s&rsquo;est transform\u00e9e en chambre d&rsquo;op\u00e9ration pour la propagande et la mobilisation\u00bb.<\/p>\n<p>Les sources d&rsquo;As-Safir ajoutent que selon Ben Jeddou \u00abque la politique de propagande d&rsquo;Al Jazeera est non professionnelle et est absolument inacceptable surtout \u00e0 ce tournant historique que la r\u00e9gion est en train de vivre \u00bb<\/p>\n<p>La d\u00e9mission de Ben Jeddou est, donc, due \u00e0 des raisons \u00e9thiques. Al Jazeera couvre intensivement les soul\u00e8vements enLibye, au Y\u00e9men et en\u00a0Syrie\u00a0sans s&rsquo;inqui\u00e9ter pour le Bahre\u00efn. Ce dernier conna\u00eet des incidents sanglants, mais se distingue par les relations privil\u00e9gi\u00e9es du r\u00e9gime en place avec le Qatar. Le pays d&rsquo;Al Jazeera a m\u00eame envoy\u00e9 des troupes arm\u00e9es au Bahre\u00efn.<\/p>\n<p>Ben Jeddou est un journaliste et pr\u00e9sentateur de t\u00e9l\u00e9vision de renomm\u00e9e. Avant de rejoindre Al Jazeera, il a travaill\u00e9 pour la BBC et de nombreux journaux arabes, dont le londonien Al-Hayat.<\/p>\n<p>Durant sa carri\u00e8re, il a interview\u00e9 d&rsquo;importantes personnalit\u00e9s comme\u00a0Hassan Nasrallah, pendant le conflit Isra\u00eblo libanais, et Fidel Castro.<\/p>\n<p>Ghassan Ben Jeddou est l&rsquo;une des vedettes tunisiennes d&rsquo;Al Jazeera parmi lesquels comptent \u00e9galement Mohamed Krichen et Habib Ghribi.<\/p>\n","protected":false},"excerpt":{"rendered":"<p>Ghassan\u00a0Ben Jeddou d\u00e9missionne et d\u00e9nonce le manque de professionnalisme et d&rsquo;objectivit\u00e9 d&rsquo;Al Jazeera<\/p>\n","protected":false},"author":3222,"featured_media":365425,"comment_status":"open","ping_status":"closed","sticky":false,"template":"","format":"standard","meta":{"footnotes":""},"categories":[2839],"tags":[],"class_list":["post-178650","post","type-post","status-publish","format-standard","has-post-thumbnail","hentry","category-divers"],"yoast_head":"<!-- This site is optimized with the Yoast SEO Premium plugin v27.4 (Yoast SEO v27.4) - https:\/\/yoast.com\/product\/yoast-seo-premium-wordpress\/ -->\n<title>Ghassan\u00a0Ben Jeddou d\u00e9missionne et d\u00e9nonce le manque de professionnalisme et d&#039;objectivit\u00e9 d&#039;Al Jazeera<\/title>\n<meta name=\"description\" content=\"Ghassan\u00a0Ben Jeddou d\u00e9missionne et d\u00e9nonce le manque de professionnalisme et d&#039;objectivit\u00e9 d&#039;Al Jazeera\" \/>\n<link rel=\"canonical\" href=\"https:\/\/www.webdo.tn\/fr\/actualite\/divers\/ghassan-ben-jeddou-demissionne-et-denonce-le-manque-de-professionnalisme-et-dobjectivite-dal-jazeera\/178650\/\" \/>\n<meta property=\"og:locale\" content=\"fr_FR\" \/>\n<meta property=\"og:type\" content=\"article\" \/>\n<meta property=\"og:title\" content=\"Ghassan\u00a0Ben Jeddou d\u00e9missionne et d\u00e9nonce le manque de professionnalisme et d&#039;objectivit\u00e9 d&#039;Al Jazeera\" \/>\n<meta property=\"og:description\" content=\"Ghassan\u00a0Ben Jeddou d\u00e9missionne et d\u00e9nonce le manque de professionnalisme et d&#039;objectivit\u00e9 d&#039;Al Jazeera\" \/>\n<meta property=\"og:url\" content=\"https:\/\/www.webdo.tn\/fr\/actualite\/divers\/ghassan-ben-jeddou-demissionne-et-denonce-le-manque-de-professionnalisme-et-dobjectivite-dal-jazeera\/178650\/\" \/>\n<meta property=\"og:site_name\" content=\"webdo\" \/>\n<meta property=\"article:publisher\" content=\"https:\/\/www.facebook.com\/webdotn\" \/>\n<meta property=\"article:published_time\" content=\"2011-04-24T12:32:00+00:00\" \/>\n<meta property=\"og:image\" content=\"https:\/\/www.webdo.tn\/fr\/wp-content\/uploads\/2011\/04\/ghassan-ben-jeddou.png\" \/>\n\t<meta property=\"og:image:width\" content=\"280\" \/>\n\t<meta property=\"og:image:height\" content=\"193\" \/>\n\t<meta property=\"og:image:type\" content=\"image\/png\" \/>\n<meta name=\"author\" content=\"webdo.tn\" \/>\n<meta name=\"twitter:card\" content=\"summary_large_image\" \/>\n<meta name=\"twitter:creator\" content=\"@webdo_tn\" \/>\n<meta name=\"twitter:site\" content=\"@webdo_tn\" \/>\n<meta name=\"twitter:label1\" content=\"\u00c9crit par\" \/>\n\t<meta name=\"twitter:data1\" content=\"webdo.tn\" \/>\n\t<meta name=\"twitter:label2\" content=\"Dur\u00e9e de lecture estim\u00e9e\" \/>\n\t<meta name=\"twitter:data2\" content=\"1 minute\" \/>\n<script type=\"application\/ld+json\" class=\"yoast-schema-graph\">{\"@context\":\"https:\\\/\\\/schema.org\",\"@graph\":[{\"@type\":\"NewsArticle\",\"@id\":\"https:\\\/\\\/www.webdo.tn\\\/fr\\\/actualite\\\/divers\\\/ghassan-ben-jeddou-demissionne-et-denonce-le-manque-de-professionnalisme-et-dobjectivite-dal-jazeera\\\/178650\\\/#article\",\"isPartOf\":{\"@id\":\"https:\\\/\\\/www.webdo.tn\\\/fr\\\/actualite\\\/divers\\\/ghassan-ben-jeddou-demissionne-et-denonce-le-manque-de-professionnalisme-et-dobjectivite-dal-jazeera\\\/178650\\\/\"},\"author\":{\"name\":\"webdo.tn\",\"@id\":\"https:\\\/\\\/www.webdo.tn\\\/fr\\\/#\\\/schema\\\/person\\\/9a9c6118d687c117df8ef3cc36a4d175\"},\"headline\":\"Ghassan\u00a0Ben Jeddou d\u00e9missionne et d\u00e9nonce le manque de professionnalisme et d&rsquo;objectivit\u00e9 d&rsquo;Al Jazeera\",\"datePublished\":\"2011-04-24T12:32:00+00:00\",\"mainEntityOfPage\":{\"@id\":\"https:\\\/\\\/www.webdo.tn\\\/fr\\\/actualite\\\/divers\\\/ghassan-ben-jeddou-demissionne-et-denonce-le-manque-de-professionnalisme-et-dobjectivite-dal-jazeera\\\/178650\\\/\"},\"wordCount\":321,\"commentCount\":0,\"publisher\":{\"@id\":\"https:\\\/\\\/www.webdo.tn\\\/fr\\\/#organization\"},\"image\":{\"@id\":\"https:\\\/\\\/www.webdo.tn\\\/fr\\\/actualite\\\/divers\\\/ghassan-ben-jeddou-demissionne-et-denonce-le-manque-de-professionnalisme-et-dobjectivite-dal-jazeera\\\/178650\\\/#primaryimage\"},\"thumbnailUrl\":\"https:\\\/\\\/www.webdo.tn\\\/fr\\\/wp-content\\\/uploads\\\/2011\\\/04\\\/ghassan-ben-jeddou.png\",\"articleSection\":[\"Divers\"],\"inLanguage\":\"fr-FR\"},{\"@type\":\"WebPage\",\"@id\":\"https:\\\/\\\/www.webdo.tn\\\/fr\\\/actualite\\\/divers\\\/ghassan-ben-jeddou-demissionne-et-denonce-le-manque-de-professionnalisme-et-dobjectivite-dal-jazeera\\\/178650\\\/\",\"url\":\"https:\\\/\\\/www.webdo.tn\\\/fr\\\/actualite\\\/divers\\\/ghassan-ben-jeddou-demissionne-et-denonce-le-manque-de-professionnalisme-et-dobjectivite-dal-jazeera\\\/178650\\\/\",\"name\":\"Ghassan\u00a0Ben Jeddou d\u00e9missionne et d\u00e9nonce le manque de professionnalisme et d'objectivit\u00e9 d'Al Jazeera\",\"isPartOf\":{\"@id\":\"https:\\\/\\\/www.webdo.tn\\\/fr\\\/#website\"},\"primaryImageOfPage\":{\"@id\":\"https:\\\/\\\/www.webdo.tn\\\/fr\\\/actualite\\\/divers\\\/ghassan-ben-jeddou-demissionne-et-denonce-le-manque-de-professionnalisme-et-dobjectivite-dal-jazeera\\\/178650\\\/#primaryimage\"},\"image\":{\"@id\":\"https:\\\/\\\/www.webdo.tn\\\/fr\\\/actualite\\\/divers\\\/ghassan-ben-jeddou-demissionne-et-denonce-le-manque-de-professionnalisme-et-dobjectivite-dal-jazeera\\\/178650\\\/#primaryimage\"},\"thumbnailUrl\":\"https:\\\/\\\/www.webdo.tn\\\/fr\\\/wp-content\\\/uploads\\\/2011\\\/04\\\/ghassan-ben-jeddou.png\",\"datePublished\":\"2011-04-24T12:32:00+00:00\",\"description\":\"Ghassan\u00a0Ben Jeddou d\u00e9missionne et d\u00e9nonce le manque de professionnalisme et d'objectivit\u00e9 d'Al Jazeera\",\"breadcrumb\":{\"@id\":\"https:\\\/\\\/www.webdo.tn\\\/fr\\\/actualite\\\/divers\\\/ghassan-ben-jeddou-demissionne-et-denonce-le-manque-de-professionnalisme-et-dobjectivite-dal-jazeera\\\/178650\\\/#breadcrumb\"},\"inLanguage\":\"fr-FR\",\"potentialAction\":[{\"@type\":\"ReadAction\",\"target\":[\"https:\\\/\\\/www.webdo.tn\\\/fr\\\/actualite\\\/divers\\\/ghassan-ben-jeddou-demissionne-et-denonce-le-manque-de-professionnalisme-et-dobjectivite-dal-jazeera\\\/178650\\\/\"]}]},{\"@type\":\"ImageObject\",\"inLanguage\":\"fr-FR\",\"@id\":\"https:\\\/\\\/www.webdo.tn\\\/fr\\\/actualite\\\/divers\\\/ghassan-ben-jeddou-demissionne-et-denonce-le-manque-de-professionnalisme-et-dobjectivite-dal-jazeera\\\/178650\\\/#primaryimage\",\"url\":\"https:\\\/\\\/www.webdo.tn\\\/fr\\\/wp-content\\\/uploads\\\/2011\\\/04\\\/ghassan-ben-jeddou.png\",\"contentUrl\":\"https:\\\/\\\/www.webdo.tn\\\/fr\\\/wp-content\\\/uploads\\\/2011\\\/04\\\/ghassan-ben-jeddou.png\",\"width\":280,\"height\":193,\"caption\":\"Ghassan\u00a0Ben Jeddou d\u00e9missionne et d\u00e9nonce le manque de professionnalisme et d'objectivit\u00e9 d'Al Jazeera\"},{\"@type\":\"BreadcrumbList\",\"@id\":\"https:\\\/\\\/www.webdo.tn\\\/fr\\\/actualite\\\/divers\\\/ghassan-ben-jeddou-demissionne-et-denonce-le-manque-de-professionnalisme-et-dobjectivite-dal-jazeera\\\/178650\\\/#breadcrumb\",\"itemListElement\":[{\"@type\":\"ListItem\",\"position\":1,\"name\":\"Accueil\",\"item\":\"https:\\\/\\\/www.webdo.tn\\\/fr\\\/\"},{\"@type\":\"ListItem\",\"position\":2,\"name\":\"Ghassan\u00a0Ben Jeddou d\u00e9missionne et d\u00e9nonce le manque de professionnalisme et d&rsquo;objectivit\u00e9 d&rsquo;Al Jazeera\"}]},{\"@type\":\"WebSite\",\"@id\":\"https:\\\/\\\/www.webdo.tn\\\/fr\\\/#website\",\"url\":\"https:\\\/\\\/www.webdo.tn\\\/fr\\\/\",\"name\":\"webdo\",\"description\":\"Tunisie - News en Tunisie et \u00e0 l&#039;international sur Webdo.tn\",\"publisher\":{\"@id\":\"https:\\\/\\\/www.webdo.tn\\\/fr\\\/#organization\"},\"potentialAction\":[{\"@type\":\"SearchAction\",\"target\":{\"@type\":\"EntryPoint\",\"urlTemplate\":\"https:\\\/\\\/www.webdo.tn\\\/fr\\\/?s={search_term_string}\"},\"query-input\":{\"@type\":\"PropertyValueSpecification\",\"valueRequired\":true,\"valueName\":\"search_term_string\"}}],\"inLanguage\":\"fr-FR\"},{\"@type\":\"Organization\",\"@id\":\"https:\\\/\\\/www.webdo.tn\\\/fr\\\/#organization\",\"name\":\"Webdo\",\"alternateName\":\"Webdo.tn\",\"url\":\"https:\\\/\\\/www.webdo.tn\\\/fr\\\/\",\"logo\":{\"@type\":\"ImageObject\",\"inLanguage\":\"fr-FR\",\"@id\":\"https:\\\/\\\/www.webdo.tn\\\/fr\\\/#\\\/schema\\\/logo\\\/image\\\/\",\"url\":\"https:\\\/\\\/www.webdo.tn\\\/fr\\\/wp-content\\\/uploads\\\/2025\\\/06\\\/Webdo-Tunisie_168377.jpg\",\"contentUrl\":\"https:\\\/\\\/www.webdo.tn\\\/fr\\\/wp-content\\\/uploads\\\/2025\\\/06\\\/Webdo-Tunisie_168377.jpg\",\"width\":301,\"height\":301,\"caption\":\"Webdo\"},\"image\":{\"@id\":\"https:\\\/\\\/www.webdo.tn\\\/fr\\\/#\\\/schema\\\/logo\\\/image\\\/\"},\"sameAs\":[\"https:\\\/\\\/www.facebook.com\\\/webdotn\",\"https:\\\/\\\/x.com\\\/webdo_tn\"],\"description\":\"Webdo est un m\u00e9dia num\u00e9rique tunisien fond\u00e9 en 2010, sp\u00e9cialis\u00e9 dans l\u2019actualit\u00e9 nationale et internationale, l\u2019\u00e9conomie, la soci\u00e9t\u00e9 et les analyses politiques. Le site s\u2019adresse \u00e0 un large public francophone et couvre l\u2019information tunisienne en temps r\u00e9el.\",\"email\":\"redac@webdo.tn\",\"legalName\":\"YNJ SARL\",\"foundingDate\":\"2010-09-06\",\"numberOfEmployees\":{\"@type\":\"QuantitativeValue\",\"minValue\":\"11\",\"maxValue\":\"50\"}},{\"@type\":\"Person\",\"@id\":\"https:\\\/\\\/www.webdo.tn\\\/fr\\\/#\\\/schema\\\/person\\\/9a9c6118d687c117df8ef3cc36a4d175\",\"name\":\"webdo.tn\",\"image\":{\"@type\":\"ImageObject\",\"inLanguage\":\"fr-FR\",\"@id\":\"https:\\\/\\\/secure.gravatar.com\\\/avatar\\\/7ce1f28c0c3bbac99ff550b85ef8e44a6950c6ee24514fb6a5489e51d06f0298?s=96&d=mm&r=g\",\"url\":\"https:\\\/\\\/secure.gravatar.com\\\/avatar\\\/7ce1f28c0c3bbac99ff550b85ef8e44a6950c6ee24514fb6a5489e51d06f0298?s=96&d=mm&r=g\",\"contentUrl\":\"https:\\\/\\\/secure.gravatar.com\\\/avatar\\\/7ce1f28c0c3bbac99ff550b85ef8e44a6950c6ee24514fb6a5489e51d06f0298?s=96&d=mm&r=g\",\"caption\":\"webdo.tn\"},\"url\":\"https:\\\/\\\/www.webdo.tn\\\/fr\\\/actualite\\\/author\\\/webdotn\\\/\"}]}<\/script>\n<!-- \/ Yoast SEO Premium plugin. -->","yoast_head_json":{"title":"Ghassan\u00a0Ben Jeddou d\u00e9missionne et d\u00e9nonce le manque de professionnalisme et d'objectivit\u00e9 d'Al Jazeera","description":"Ghassan\u00a0Ben Jeddou d\u00e9missionne et d\u00e9nonce le manque de professionnalisme et d'objectivit\u00e9 d'Al Jazeera","canonical":"https:\/\/www.webdo.tn\/fr\/actualite\/divers\/ghassan-ben-jeddou-demissionne-et-denonce-le-manque-de-professionnalisme-et-dobjectivite-dal-jazeera\/178650\/","og_locale":"fr_FR","og_type":"article","og_title":"Ghassan\u00a0Ben Jeddou d\u00e9missionne et d\u00e9nonce le manque de professionnalisme et d'objectivit\u00e9 d'Al Jazeera","og_description":"Ghassan\u00a0Ben Jeddou d\u00e9missionne et d\u00e9nonce le manque de professionnalisme et d'objectivit\u00e9 d'Al Jazeera","og_url":"https:\/\/www.webdo.tn\/fr\/actualite\/divers\/ghassan-ben-jeddou-demissionne-et-denonce-le-manque-de-professionnalisme-et-dobjectivite-dal-jazeera\/178650\/","og_site_name":"webdo","article_publisher":"https:\/\/www.facebook.com\/webdotn","article_published_time":"2011-04-24T12:32:00+00:00","og_image":[{"width":280,"height":193,"url":"https:\/\/www.webdo.tn\/fr\/wp-content\/uploads\/2011\/04\/ghassan-ben-jeddou.png","type":"image\/png"}],"author":"webdo.tn","twitter_card":"summary_large_image","twitter_creator":"@webdo_tn","twitter_site":"@webdo_tn","twitter_misc":{"\u00c9crit par":"webdo.tn","Dur\u00e9e de lecture estim\u00e9e":"1 minute"},"schema":{"@context":"https:\/\/schema.org","@graph":[{"@type":"NewsArticle","@id":"https:\/\/www.webdo.tn\/fr\/actualite\/divers\/ghassan-ben-jeddou-demissionne-et-denonce-le-manque-de-professionnalisme-et-dobjectivite-dal-jazeera\/178650\/#article","isPartOf":{"@id":"https:\/\/www.webdo.tn\/fr\/actualite\/divers\/ghassan-ben-jeddou-demissionne-et-denonce-le-manque-de-professionnalisme-et-dobjectivite-dal-jazeera\/178650\/"},"author":{"name":"webdo.tn","@id":"https:\/\/www.webdo.tn\/fr\/#\/schema\/person\/9a9c6118d687c117df8ef3cc36a4d175"},"headline":"Ghassan\u00a0Ben Jeddou d\u00e9missionne et d\u00e9nonce le manque de professionnalisme et d&rsquo;objectivit\u00e9 d&rsquo;Al Jazeera","datePublished":"2011-04-24T12:32:00+00:00","mainEntityOfPage":{"@id":"https:\/\/www.webdo.tn\/fr\/actualite\/divers\/ghassan-ben-jeddou-demissionne-et-denonce-le-manque-de-professionnalisme-et-dobjectivite-dal-jazeera\/178650\/"},"wordCount":321,"commentCount":0,"publisher":{"@id":"https:\/\/www.webdo.tn\/fr\/#organization"},"image":{"@id":"https:\/\/www.webdo.tn\/fr\/actualite\/divers\/ghassan-ben-jeddou-demissionne-et-denonce-le-manque-de-professionnalisme-et-dobjectivite-dal-jazeera\/178650\/#primaryimage"},"thumbnailUrl":"https:\/\/www.webdo.tn\/fr\/wp-content\/uploads\/2011\/04\/ghassan-ben-jeddou.png","articleSection":["Divers"],"inLanguage":"fr-FR"},{"@type":"WebPage","@id":"https:\/\/www.webdo.tn\/fr\/actualite\/divers\/ghassan-ben-jeddou-demissionne-et-denonce-le-manque-de-professionnalisme-et-dobjectivite-dal-jazeera\/178650\/","url":"https:\/\/www.webdo.tn\/fr\/actualite\/divers\/ghassan-ben-jeddou-demissionne-et-denonce-le-manque-de-professionnalisme-et-dobjectivite-dal-jazeera\/178650\/","name":"Ghassan\u00a0Ben Jeddou d\u00e9missionne et d\u00e9nonce le manque de professionnalisme et d'objectivit\u00e9 d'Al Jazeera","isPartOf":{"@id":"https:\/\/www.webdo.tn\/fr\/#website"},"primaryImageOfPage":{"@id":"https:\/\/www.webdo.tn\/fr\/actualite\/divers\/ghassan-ben-jeddou-demissionne-et-denonce-le-manque-de-professionnalisme-et-dobjectivite-dal-jazeera\/178650\/#primaryimage"},"image":{"@id":"https:\/\/www.webdo.tn\/fr\/actualite\/divers\/ghassan-ben-jeddou-demissionne-et-denonce-le-manque-de-professionnalisme-et-dobjectivite-dal-jazeera\/178650\/#primaryimage"},"thumbnailUrl":"https:\/\/www.webdo.tn\/fr\/wp-content\/uploads\/2011\/04\/ghassan-ben-jeddou.png","datePublished":"2011-04-24T12:32:00+00:00","description":"Ghassan\u00a0Ben Jeddou d\u00e9missionne et d\u00e9nonce le manque de professionnalisme et d'objectivit\u00e9 d'Al Jazeera","breadcrumb":{"@id":"https:\/\/www.webdo.tn\/fr\/actualite\/divers\/ghassan-ben-jeddou-demissionne-et-denonce-le-manque-de-professionnalisme-et-dobjectivite-dal-jazeera\/178650\/#breadcrumb"},"inLanguage":"fr-FR","potentialAction":[{"@type":"ReadAction","target":["https:\/\/www.webdo.tn\/fr\/actualite\/divers\/ghassan-ben-jeddou-demissionne-et-denonce-le-manque-de-professionnalisme-et-dobjectivite-dal-jazeera\/178650\/"]}]},{"@type":"ImageObject","inLanguage":"fr-FR","@id":"https:\/\/www.webdo.tn\/fr\/actualite\/divers\/ghassan-ben-jeddou-demissionne-et-denonce-le-manque-de-professionnalisme-et-dobjectivite-dal-jazeera\/178650\/#primaryimage","url":"https:\/\/www.webdo.tn\/fr\/wp-content\/uploads\/2011\/04\/ghassan-ben-jeddou.png","contentUrl":"https:\/\/www.webdo.tn\/fr\/wp-content\/uploads\/2011\/04\/ghassan-ben-jeddou.png","width":280,"height":193,"caption":"Ghassan\u00a0Ben Jeddou d\u00e9missionne et d\u00e9nonce le manque de professionnalisme et d'objectivit\u00e9 d'Al Jazeera"},{"@type":"BreadcrumbList","@id":"https:\/\/www.webdo.tn\/fr\/actualite\/divers\/ghassan-ben-jeddou-demissionne-et-denonce-le-manque-de-professionnalisme-et-dobjectivite-dal-jazeera\/178650\/#breadcrumb","itemListElement":[{"@type":"ListItem","position":1,"name":"Accueil","item":"https:\/\/www.webdo.tn\/fr\/"},{"@type":"ListItem","position":2,"name":"Ghassan\u00a0Ben Jeddou d\u00e9missionne et d\u00e9nonce le manque de professionnalisme et d&rsquo;objectivit\u00e9 d&rsquo;Al Jazeera"}]},{"@type":"WebSite","@id":"https:\/\/www.webdo.tn\/fr\/#website","url":"https:\/\/www.webdo.tn\/fr\/","name":"webdo","description":"Tunisie - News en Tunisie et \u00e0 l&#039;international sur Webdo.tn","publisher":{"@id":"https:\/\/www.webdo.tn\/fr\/#organization"},"potentialAction":[{"@type":"SearchAction","target":{"@type":"EntryPoint","urlTemplate":"https:\/\/www.webdo.tn\/fr\/?s={search_term_string}"},"query-input":{"@type":"PropertyValueSpecification","valueRequired":true,"valueName":"search_term_string"}}],"inLanguage":"fr-FR"},{"@type":"Organization","@id":"https:\/\/www.webdo.tn\/fr\/#organization","name":"Webdo","alternateName":"Webdo.tn","url":"https:\/\/www.webdo.tn\/fr\/","logo":{"@type":"ImageObject","inLanguage":"fr-FR","@id":"https:\/\/www.webdo.tn\/fr\/#\/schema\/logo\/image\/","url":"https:\/\/www.webdo.tn\/fr\/wp-content\/uploads\/2025\/06\/Webdo-Tunisie_168377.jpg","contentUrl":"https:\/\/www.webdo.tn\/fr\/wp-content\/uploads\/2025\/06\/Webdo-Tunisie_168377.jpg","width":301,"height":301,"caption":"Webdo"},"image":{"@id":"https:\/\/www.webdo.tn\/fr\/#\/schema\/logo\/image\/"},"sameAs":["https:\/\/www.facebook.com\/webdotn","https:\/\/x.com\/webdo_tn"],"description":"Webdo est un m\u00e9dia num\u00e9rique tunisien fond\u00e9 en 2010, sp\u00e9cialis\u00e9 dans l\u2019actualit\u00e9 nationale et internationale, l\u2019\u00e9conomie, la soci\u00e9t\u00e9 et les analyses politiques. Le site s\u2019adresse \u00e0 un large public francophone et couvre l\u2019information tunisienne en temps r\u00e9el.","email":"redac@webdo.tn","legalName":"YNJ SARL","foundingDate":"2010-09-06","numberOfEmployees":{"@type":"QuantitativeValue","minValue":"11","maxValue":"50"}},{"@type":"Person","@id":"https:\/\/www.webdo.tn\/fr\/#\/schema\/person\/9a9c6118d687c117df8ef3cc36a4d175","name":"webdo.tn","image":{"@type":"ImageObject","inLanguage":"fr-FR","@id":"https:\/\/secure.gravatar.com\/avatar\/7ce1f28c0c3bbac99ff550b85ef8e44a6950c6ee24514fb6a5489e51d06f0298?s=96&d=mm&r=g","url":"https:\/\/secure.gravatar.com\/avatar\/7ce1f28c0c3bbac99ff550b85ef8e44a6950c6ee24514fb6a5489e51d06f0298?s=96&d=mm&r=g","contentUrl":"https:\/\/secure.gravatar.com\/avatar\/7ce1f28c0c3bbac99ff550b85ef8e44a6950c6ee24514fb6a5489e51d06f0298?s=96&d=mm&r=g","caption":"webdo.tn"},"url":"https:\/\/www.webdo.tn\/fr\/actualite\/author\/webdotn\/"}]}},"_links":{"self":[{"href":"https:\/\/www.webdo.tn\/fr\/wp-json\/wp\/v2\/posts\/178650","targetHints":{"allow":["GET"]}}],"collection":[{"href":"https:\/\/www.webdo.tn\/fr\/wp-json\/wp\/v2\/posts"}],"about":[{"href":"https:\/\/www.webdo.tn\/fr\/wp-json\/wp\/v2\/types\/post"}],"author":[{"embeddable":true,"href":"https:\/\/www.webdo.tn\/fr\/wp-json\/wp\/v2\/users\/3222"}],"replies":[{"embeddable":true,"href":"https:\/\/www.webdo.tn\/fr\/wp-json\/wp\/v2\/comments?post=178650"}],"version-history":[{"count":0,"href":"https:\/\/www.webdo.tn\/fr\/wp-json\/wp\/v2\/posts\/178650\/revisions"}],"wp:featuredmedia":[{"embeddable":true,"href":"https:\/\/www.webdo.tn\/fr\/wp-json\/wp\/v2\/media\/365425"}],"wp:attachment":[{"href":"https:\/\/www.webdo.tn\/fr\/wp-json\/wp\/v2\/media?parent=178650"}],"wp:term":[{"taxonomy":"category","embeddable":true,"href":"https:\/\/www.webdo.tn\/fr\/wp-json\/wp\/v2\/categories?post=178650"},{"taxonomy":"post_tag","embeddable":true,"href":"https:\/\/www.webdo.tn\/fr\/wp-json\/wp\/v2\/tags?post=178650"}],"curies":[{"name":"wp","href":"https:\/\/api.w.org\/{rel}","templated":true}]}}