{"id":178648,"date":"2011-04-27T16:38:00","date_gmt":"2011-04-27T16:38:00","guid":{"rendered":"https:\/\/www.webdo.tn\/fr\/actualite\/blog\/une-soixantaine-demigres-tunisiens-en-garde-a-vue-a-paris\/178648\/"},"modified":"2011-04-27T16:38:00","modified_gmt":"2011-04-27T16:38:00","slug":"une-soixantaine-demigres-tunisiens-en-garde-a-vue-a-paris","status":"publish","type":"post","link":"https:\/\/www.webdo.tn\/fr\/actualite\/divers\/une-soixantaine-demigres-tunisiens-en-garde-a-vue-a-paris\/178648\/","title":{"rendered":"Une soixantaine d&rsquo;\u00e9migr\u00e9s tunisiens en garde \u00e0 vue \u00e0 Paris"},"content":{"rendered":"<p>Apr\u00e8s l&rsquo;affaire de Lampedusa, c&rsquo;est au tour de la capitale fran\u00e7aise d\u2019\u00eatre au centre d&rsquo;une vive pol\u00e9mique. Une soixantaine de personnes, en majorit\u00e9 des Tunisiens nouvellement arriv\u00e9s en France par les fronti\u00e8res Italiennes, ont \u00e9t\u00e9 d\u2019\u00eatre plac\u00e9s en garde \u00e0 vue, mardi soir, \u00e0 Paris et en Seine-Saint-Denis (banlieue parisienne) pour \u00ab\u00a0infraction \u00e0 la l\u00e9gislation sur le s\u00e9jour\u00a0\u00bb, rapporte Le Point.<\/p>\n<p>Ces Tunisiens font partie des 200 qui ont rejoint le territoire fran\u00e7ais, o\u00f9 ils seraient dans de mauvaises conditions de vie, apr\u00e8s avoir atteint Lampedusa. Deux associations fran\u00e7aises, \u00e0 savoir France Terre d&rsquo;asile et Emma\u00fcs, ont lev\u00e9 l&rsquo;alerte. Ces associations ont \u00e9t\u00e9 d\u00e9p\u00each\u00e9es par le Maire de Paris, Bertrand Delano\u00eb, qui se retrouve entre indignation et embarras face \u00e0 l&rsquo;indiff\u00e9rence totale de l\u2019\u00c9tat fran\u00e7ais envers ces r\u00e9fugi\u00e9s. C&rsquo;est, sous l&rsquo;initiative unique de la Mairie qu&rsquo;une aide financi\u00e8re d&rsquo;urgence de 100.000 euros sera d\u00e9bloqu\u00e9e afin d&rsquo;aider ces Tunisiens.<\/p>\n<p>L&rsquo;\u00c9tat fran\u00e7ais a juste lanc\u00e9 une proc\u00e9dure judiciaire \u00e0 l&rsquo;encontre de ces demandeurs d&rsquo;asile. Le juge qui s&rsquo;occupe de l&rsquo;affaire devait se prononcer, aujourd&rsquo;hui, mercredi sur d&rsquo;\u00e9ventuelles expulsions.<\/p>\n","protected":false},"excerpt":{"rendered":"<p>Une soixantaine d&rsquo;\u00e9migr\u00e9s tunisiens en garde \u00e0 vue \u00e0 Paris<\/p>\n","protected":false},"author":3222,"featured_media":365431,"comment_status":"open","ping_status":"closed","sticky":false,"template":"","format":"standard","meta":{"footnotes":""},"categories":[2839],"tags":[],"class_list":["post-178648","post","type-post","status-publish","format-standard","has-post-thumbnail","hentry","category-divers"],"yoast_head":"<!-- This site is optimized with the Yoast SEO Premium plugin v27.4 (Yoast SEO v27.4) - https:\/\/yoast.com\/product\/yoast-seo-premium-wordpress\/ -->\n<title>Une soixantaine d&#039;\u00e9migr\u00e9s tunisiens en garde \u00e0 vue \u00e0 Paris<\/title>\n<meta name=\"description\" content=\"Une soixantaine d&#039;\u00e9migr\u00e9s tunisiens en garde \u00e0 vue \u00e0 Paris\" \/>\n<link rel=\"canonical\" href=\"https:\/\/www.webdo.tn\/fr\/actualite\/divers\/une-soixantaine-demigres-tunisiens-en-garde-a-vue-a-paris\/178648\/\" \/>\n<meta property=\"og:locale\" content=\"fr_FR\" \/>\n<meta property=\"og:type\" content=\"article\" \/>\n<meta property=\"og:title\" content=\"Une soixantaine d&#039;\u00e9migr\u00e9s tunisiens en garde \u00e0 vue \u00e0 Paris\" \/>\n<meta property=\"og:description\" content=\"Une soixantaine d&#039;\u00e9migr\u00e9s tunisiens en garde \u00e0 vue \u00e0 Paris\" \/>\n<meta property=\"og:url\" content=\"https:\/\/www.webdo.tn\/fr\/actualite\/divers\/une-soixantaine-demigres-tunisiens-en-garde-a-vue-a-paris\/178648\/\" \/>\n<meta property=\"og:site_name\" content=\"webdo\" \/>\n<meta property=\"article:publisher\" content=\"https:\/\/www.facebook.com\/webdotn\" \/>\n<meta property=\"article:published_time\" content=\"2011-04-27T16:38:00+00:00\" \/>\n<meta property=\"og:image\" content=\"https:\/\/www.webdo.tn\/fr\/wp-content\/uploads\/2011\/04\/7678253534_des-migrans-tunisiens-le-14-fevrier-2011-a-lampedusa-en-italie-300x187-1.jpg\" \/>\n\t<meta property=\"og:image:width\" content=\"300\" \/>\n\t<meta property=\"og:image:height\" content=\"187\" \/>\n\t<meta property=\"og:image:type\" content=\"image\/jpeg\" \/>\n<meta name=\"author\" content=\"webdo.tn\" \/>\n<meta name=\"twitter:card\" content=\"summary_large_image\" \/>\n<meta name=\"twitter:creator\" content=\"@webdo_tn\" \/>\n<meta name=\"twitter:site\" content=\"@webdo_tn\" \/>\n<meta name=\"twitter:label1\" content=\"\u00c9crit par\" \/>\n\t<meta name=\"twitter:data1\" content=\"webdo.tn\" \/>\n\t<meta name=\"twitter:label2\" content=\"Dur\u00e9e de lecture estim\u00e9e\" \/>\n\t<meta name=\"twitter:data2\" content=\"1 minute\" \/>\n<script type=\"application\/ld+json\" class=\"yoast-schema-graph\">{\"@context\":\"https:\\\/\\\/schema.org\",\"@graph\":[{\"@type\":\"NewsArticle\",\"@id\":\"https:\\\/\\\/www.webdo.tn\\\/fr\\\/actualite\\\/divers\\\/une-soixantaine-demigres-tunisiens-en-garde-a-vue-a-paris\\\/178648\\\/#article\",\"isPartOf\":{\"@id\":\"https:\\\/\\\/www.webdo.tn\\\/fr\\\/actualite\\\/divers\\\/une-soixantaine-demigres-tunisiens-en-garde-a-vue-a-paris\\\/178648\\\/\"},\"author\":{\"name\":\"webdo.tn\",\"@id\":\"https:\\\/\\\/www.webdo.tn\\\/fr\\\/#\\\/schema\\\/person\\\/9a9c6118d687c117df8ef3cc36a4d175\"},\"headline\":\"Une soixantaine d&rsquo;\u00e9migr\u00e9s tunisiens en garde \u00e0 vue \u00e0 Paris\",\"datePublished\":\"2011-04-27T16:38:00+00:00\",\"mainEntityOfPage\":{\"@id\":\"https:\\\/\\\/www.webdo.tn\\\/fr\\\/actualite\\\/divers\\\/une-soixantaine-demigres-tunisiens-en-garde-a-vue-a-paris\\\/178648\\\/\"},\"wordCount\":223,\"commentCount\":0,\"publisher\":{\"@id\":\"https:\\\/\\\/www.webdo.tn\\\/fr\\\/#organization\"},\"image\":{\"@id\":\"https:\\\/\\\/www.webdo.tn\\\/fr\\\/actualite\\\/divers\\\/une-soixantaine-demigres-tunisiens-en-garde-a-vue-a-paris\\\/178648\\\/#primaryimage\"},\"thumbnailUrl\":\"https:\\\/\\\/www.webdo.tn\\\/fr\\\/wp-content\\\/uploads\\\/2011\\\/04\\\/7678253534_des-migrans-tunisiens-le-14-fevrier-2011-a-lampedusa-en-italie-300x187-1.jpg\",\"articleSection\":[\"Divers\"],\"inLanguage\":\"fr-FR\"},{\"@type\":\"WebPage\",\"@id\":\"https:\\\/\\\/www.webdo.tn\\\/fr\\\/actualite\\\/divers\\\/une-soixantaine-demigres-tunisiens-en-garde-a-vue-a-paris\\\/178648\\\/\",\"url\":\"https:\\\/\\\/www.webdo.tn\\\/fr\\\/actualite\\\/divers\\\/une-soixantaine-demigres-tunisiens-en-garde-a-vue-a-paris\\\/178648\\\/\",\"name\":\"Une soixantaine d'\u00e9migr\u00e9s tunisiens en garde \u00e0 vue \u00e0 Paris\",\"isPartOf\":{\"@id\":\"https:\\\/\\\/www.webdo.tn\\\/fr\\\/#website\"},\"primaryImageOfPage\":{\"@id\":\"https:\\\/\\\/www.webdo.tn\\\/fr\\\/actualite\\\/divers\\\/une-soixantaine-demigres-tunisiens-en-garde-a-vue-a-paris\\\/178648\\\/#primaryimage\"},\"image\":{\"@id\":\"https:\\\/\\\/www.webdo.tn\\\/fr\\\/actualite\\\/divers\\\/une-soixantaine-demigres-tunisiens-en-garde-a-vue-a-paris\\\/178648\\\/#primaryimage\"},\"thumbnailUrl\":\"https:\\\/\\\/www.webdo.tn\\\/fr\\\/wp-content\\\/uploads\\\/2011\\\/04\\\/7678253534_des-migrans-tunisiens-le-14-fevrier-2011-a-lampedusa-en-italie-300x187-1.jpg\",\"datePublished\":\"2011-04-27T16:38:00+00:00\",\"description\":\"Une soixantaine d'\u00e9migr\u00e9s tunisiens en garde \u00e0 vue \u00e0 Paris\",\"breadcrumb\":{\"@id\":\"https:\\\/\\\/www.webdo.tn\\\/fr\\\/actualite\\\/divers\\\/une-soixantaine-demigres-tunisiens-en-garde-a-vue-a-paris\\\/178648\\\/#breadcrumb\"},\"inLanguage\":\"fr-FR\",\"potentialAction\":[{\"@type\":\"ReadAction\",\"target\":[\"https:\\\/\\\/www.webdo.tn\\\/fr\\\/actualite\\\/divers\\\/une-soixantaine-demigres-tunisiens-en-garde-a-vue-a-paris\\\/178648\\\/\"]}]},{\"@type\":\"ImageObject\",\"inLanguage\":\"fr-FR\",\"@id\":\"https:\\\/\\\/www.webdo.tn\\\/fr\\\/actualite\\\/divers\\\/une-soixantaine-demigres-tunisiens-en-garde-a-vue-a-paris\\\/178648\\\/#primaryimage\",\"url\":\"https:\\\/\\\/www.webdo.tn\\\/fr\\\/wp-content\\\/uploads\\\/2011\\\/04\\\/7678253534_des-migrans-tunisiens-le-14-fevrier-2011-a-lampedusa-en-italie-300x187-1.jpg\",\"contentUrl\":\"https:\\\/\\\/www.webdo.tn\\\/fr\\\/wp-content\\\/uploads\\\/2011\\\/04\\\/7678253534_des-migrans-tunisiens-le-14-fevrier-2011-a-lampedusa-en-italie-300x187-1.jpg\",\"width\":300,\"height\":187,\"caption\":\"Une soixantaine d'\u00e9migr\u00e9s tunisiens en garde \u00e0 vue \u00e0 Paris\"},{\"@type\":\"BreadcrumbList\",\"@id\":\"https:\\\/\\\/www.webdo.tn\\\/fr\\\/actualite\\\/divers\\\/une-soixantaine-demigres-tunisiens-en-garde-a-vue-a-paris\\\/178648\\\/#breadcrumb\",\"itemListElement\":[{\"@type\":\"ListItem\",\"position\":1,\"name\":\"Accueil\",\"item\":\"https:\\\/\\\/www.webdo.tn\\\/fr\\\/\"},{\"@type\":\"ListItem\",\"position\":2,\"name\":\"Une soixantaine d&rsquo;\u00e9migr\u00e9s tunisiens en garde \u00e0 vue \u00e0 Paris\"}]},{\"@type\":\"WebSite\",\"@id\":\"https:\\\/\\\/www.webdo.tn\\\/fr\\\/#website\",\"url\":\"https:\\\/\\\/www.webdo.tn\\\/fr\\\/\",\"name\":\"webdo\",\"description\":\"Tunisie - News en Tunisie et \u00e0 l&#039;international sur Webdo.tn\",\"publisher\":{\"@id\":\"https:\\\/\\\/www.webdo.tn\\\/fr\\\/#organization\"},\"potentialAction\":[{\"@type\":\"SearchAction\",\"target\":{\"@type\":\"EntryPoint\",\"urlTemplate\":\"https:\\\/\\\/www.webdo.tn\\\/fr\\\/?s={search_term_string}\"},\"query-input\":{\"@type\":\"PropertyValueSpecification\",\"valueRequired\":true,\"valueName\":\"search_term_string\"}}],\"inLanguage\":\"fr-FR\"},{\"@type\":\"Organization\",\"@id\":\"https:\\\/\\\/www.webdo.tn\\\/fr\\\/#organization\",\"name\":\"Webdo\",\"alternateName\":\"Webdo.tn\",\"url\":\"https:\\\/\\\/www.webdo.tn\\\/fr\\\/\",\"logo\":{\"@type\":\"ImageObject\",\"inLanguage\":\"fr-FR\",\"@id\":\"https:\\\/\\\/www.webdo.tn\\\/fr\\\/#\\\/schema\\\/logo\\\/image\\\/\",\"url\":\"https:\\\/\\\/www.webdo.tn\\\/fr\\\/wp-content\\\/uploads\\\/2025\\\/06\\\/Webdo-Tunisie_168377.jpg\",\"contentUrl\":\"https:\\\/\\\/www.webdo.tn\\\/fr\\\/wp-content\\\/uploads\\\/2025\\\/06\\\/Webdo-Tunisie_168377.jpg\",\"width\":301,\"height\":301,\"caption\":\"Webdo\"},\"image\":{\"@id\":\"https:\\\/\\\/www.webdo.tn\\\/fr\\\/#\\\/schema\\\/logo\\\/image\\\/\"},\"sameAs\":[\"https:\\\/\\\/www.facebook.com\\\/webdotn\",\"https:\\\/\\\/x.com\\\/webdo_tn\"],\"description\":\"Webdo est un m\u00e9dia num\u00e9rique tunisien fond\u00e9 en 2010, sp\u00e9cialis\u00e9 dans l\u2019actualit\u00e9 nationale et internationale, l\u2019\u00e9conomie, la soci\u00e9t\u00e9 et les analyses politiques. Le site s\u2019adresse \u00e0 un large public francophone et couvre l\u2019information tunisienne en temps r\u00e9el.\",\"email\":\"redac@webdo.tn\",\"legalName\":\"YNJ SARL\",\"foundingDate\":\"2010-09-06\",\"numberOfEmployees\":{\"@type\":\"QuantitativeValue\",\"minValue\":\"11\",\"maxValue\":\"50\"}},{\"@type\":\"Person\",\"@id\":\"https:\\\/\\\/www.webdo.tn\\\/fr\\\/#\\\/schema\\\/person\\\/9a9c6118d687c117df8ef3cc36a4d175\",\"name\":\"webdo.tn\",\"image\":{\"@type\":\"ImageObject\",\"inLanguage\":\"fr-FR\",\"@id\":\"https:\\\/\\\/secure.gravatar.com\\\/avatar\\\/7ce1f28c0c3bbac99ff550b85ef8e44a6950c6ee24514fb6a5489e51d06f0298?s=96&d=mm&r=g\",\"url\":\"https:\\\/\\\/secure.gravatar.com\\\/avatar\\\/7ce1f28c0c3bbac99ff550b85ef8e44a6950c6ee24514fb6a5489e51d06f0298?s=96&d=mm&r=g\",\"contentUrl\":\"https:\\\/\\\/secure.gravatar.com\\\/avatar\\\/7ce1f28c0c3bbac99ff550b85ef8e44a6950c6ee24514fb6a5489e51d06f0298?s=96&d=mm&r=g\",\"caption\":\"webdo.tn\"},\"url\":\"https:\\\/\\\/www.webdo.tn\\\/fr\\\/actualite\\\/author\\\/webdotn\\\/\"}]}<\/script>\n<!-- \/ Yoast SEO Premium plugin. -->","yoast_head_json":{"title":"Une soixantaine d'\u00e9migr\u00e9s tunisiens en garde \u00e0 vue \u00e0 Paris","description":"Une soixantaine d'\u00e9migr\u00e9s tunisiens en garde \u00e0 vue \u00e0 Paris","canonical":"https:\/\/www.webdo.tn\/fr\/actualite\/divers\/une-soixantaine-demigres-tunisiens-en-garde-a-vue-a-paris\/178648\/","og_locale":"fr_FR","og_type":"article","og_title":"Une soixantaine d'\u00e9migr\u00e9s tunisiens en garde \u00e0 vue \u00e0 Paris","og_description":"Une soixantaine d'\u00e9migr\u00e9s tunisiens en garde \u00e0 vue \u00e0 Paris","og_url":"https:\/\/www.webdo.tn\/fr\/actualite\/divers\/une-soixantaine-demigres-tunisiens-en-garde-a-vue-a-paris\/178648\/","og_site_name":"webdo","article_publisher":"https:\/\/www.facebook.com\/webdotn","article_published_time":"2011-04-27T16:38:00+00:00","og_image":[{"width":300,"height":187,"url":"https:\/\/www.webdo.tn\/fr\/wp-content\/uploads\/2011\/04\/7678253534_des-migrans-tunisiens-le-14-fevrier-2011-a-lampedusa-en-italie-300x187-1.jpg","type":"image\/jpeg"}],"author":"webdo.tn","twitter_card":"summary_large_image","twitter_creator":"@webdo_tn","twitter_site":"@webdo_tn","twitter_misc":{"\u00c9crit par":"webdo.tn","Dur\u00e9e de lecture estim\u00e9e":"1 minute"},"schema":{"@context":"https:\/\/schema.org","@graph":[{"@type":"NewsArticle","@id":"https:\/\/www.webdo.tn\/fr\/actualite\/divers\/une-soixantaine-demigres-tunisiens-en-garde-a-vue-a-paris\/178648\/#article","isPartOf":{"@id":"https:\/\/www.webdo.tn\/fr\/actualite\/divers\/une-soixantaine-demigres-tunisiens-en-garde-a-vue-a-paris\/178648\/"},"author":{"name":"webdo.tn","@id":"https:\/\/www.webdo.tn\/fr\/#\/schema\/person\/9a9c6118d687c117df8ef3cc36a4d175"},"headline":"Une soixantaine d&rsquo;\u00e9migr\u00e9s tunisiens en garde \u00e0 vue \u00e0 Paris","datePublished":"2011-04-27T16:38:00+00:00","mainEntityOfPage":{"@id":"https:\/\/www.webdo.tn\/fr\/actualite\/divers\/une-soixantaine-demigres-tunisiens-en-garde-a-vue-a-paris\/178648\/"},"wordCount":223,"commentCount":0,"publisher":{"@id":"https:\/\/www.webdo.tn\/fr\/#organization"},"image":{"@id":"https:\/\/www.webdo.tn\/fr\/actualite\/divers\/une-soixantaine-demigres-tunisiens-en-garde-a-vue-a-paris\/178648\/#primaryimage"},"thumbnailUrl":"https:\/\/www.webdo.tn\/fr\/wp-content\/uploads\/2011\/04\/7678253534_des-migrans-tunisiens-le-14-fevrier-2011-a-lampedusa-en-italie-300x187-1.jpg","articleSection":["Divers"],"inLanguage":"fr-FR"},{"@type":"WebPage","@id":"https:\/\/www.webdo.tn\/fr\/actualite\/divers\/une-soixantaine-demigres-tunisiens-en-garde-a-vue-a-paris\/178648\/","url":"https:\/\/www.webdo.tn\/fr\/actualite\/divers\/une-soixantaine-demigres-tunisiens-en-garde-a-vue-a-paris\/178648\/","name":"Une soixantaine d'\u00e9migr\u00e9s tunisiens en garde \u00e0 vue \u00e0 Paris","isPartOf":{"@id":"https:\/\/www.webdo.tn\/fr\/#website"},"primaryImageOfPage":{"@id":"https:\/\/www.webdo.tn\/fr\/actualite\/divers\/une-soixantaine-demigres-tunisiens-en-garde-a-vue-a-paris\/178648\/#primaryimage"},"image":{"@id":"https:\/\/www.webdo.tn\/fr\/actualite\/divers\/une-soixantaine-demigres-tunisiens-en-garde-a-vue-a-paris\/178648\/#primaryimage"},"thumbnailUrl":"https:\/\/www.webdo.tn\/fr\/wp-content\/uploads\/2011\/04\/7678253534_des-migrans-tunisiens-le-14-fevrier-2011-a-lampedusa-en-italie-300x187-1.jpg","datePublished":"2011-04-27T16:38:00+00:00","description":"Une soixantaine d'\u00e9migr\u00e9s tunisiens en garde \u00e0 vue \u00e0 Paris","breadcrumb":{"@id":"https:\/\/www.webdo.tn\/fr\/actualite\/divers\/une-soixantaine-demigres-tunisiens-en-garde-a-vue-a-paris\/178648\/#breadcrumb"},"inLanguage":"fr-FR","potentialAction":[{"@type":"ReadAction","target":["https:\/\/www.webdo.tn\/fr\/actualite\/divers\/une-soixantaine-demigres-tunisiens-en-garde-a-vue-a-paris\/178648\/"]}]},{"@type":"ImageObject","inLanguage":"fr-FR","@id":"https:\/\/www.webdo.tn\/fr\/actualite\/divers\/une-soixantaine-demigres-tunisiens-en-garde-a-vue-a-paris\/178648\/#primaryimage","url":"https:\/\/www.webdo.tn\/fr\/wp-content\/uploads\/2011\/04\/7678253534_des-migrans-tunisiens-le-14-fevrier-2011-a-lampedusa-en-italie-300x187-1.jpg","contentUrl":"https:\/\/www.webdo.tn\/fr\/wp-content\/uploads\/2011\/04\/7678253534_des-migrans-tunisiens-le-14-fevrier-2011-a-lampedusa-en-italie-300x187-1.jpg","width":300,"height":187,"caption":"Une soixantaine d'\u00e9migr\u00e9s tunisiens en garde \u00e0 vue \u00e0 Paris"},{"@type":"BreadcrumbList","@id":"https:\/\/www.webdo.tn\/fr\/actualite\/divers\/une-soixantaine-demigres-tunisiens-en-garde-a-vue-a-paris\/178648\/#breadcrumb","itemListElement":[{"@type":"ListItem","position":1,"name":"Accueil","item":"https:\/\/www.webdo.tn\/fr\/"},{"@type":"ListItem","position":2,"name":"Une soixantaine d&rsquo;\u00e9migr\u00e9s tunisiens en garde \u00e0 vue \u00e0 Paris"}]},{"@type":"WebSite","@id":"https:\/\/www.webdo.tn\/fr\/#website","url":"https:\/\/www.webdo.tn\/fr\/","name":"webdo","description":"Tunisie - News en Tunisie et \u00e0 l&#039;international sur Webdo.tn","publisher":{"@id":"https:\/\/www.webdo.tn\/fr\/#organization"},"potentialAction":[{"@type":"SearchAction","target":{"@type":"EntryPoint","urlTemplate":"https:\/\/www.webdo.tn\/fr\/?s={search_term_string}"},"query-input":{"@type":"PropertyValueSpecification","valueRequired":true,"valueName":"search_term_string"}}],"inLanguage":"fr-FR"},{"@type":"Organization","@id":"https:\/\/www.webdo.tn\/fr\/#organization","name":"Webdo","alternateName":"Webdo.tn","url":"https:\/\/www.webdo.tn\/fr\/","logo":{"@type":"ImageObject","inLanguage":"fr-FR","@id":"https:\/\/www.webdo.tn\/fr\/#\/schema\/logo\/image\/","url":"https:\/\/www.webdo.tn\/fr\/wp-content\/uploads\/2025\/06\/Webdo-Tunisie_168377.jpg","contentUrl":"https:\/\/www.webdo.tn\/fr\/wp-content\/uploads\/2025\/06\/Webdo-Tunisie_168377.jpg","width":301,"height":301,"caption":"Webdo"},"image":{"@id":"https:\/\/www.webdo.tn\/fr\/#\/schema\/logo\/image\/"},"sameAs":["https:\/\/www.facebook.com\/webdotn","https:\/\/x.com\/webdo_tn"],"description":"Webdo est un m\u00e9dia num\u00e9rique tunisien fond\u00e9 en 2010, sp\u00e9cialis\u00e9 dans l\u2019actualit\u00e9 nationale et internationale, l\u2019\u00e9conomie, la soci\u00e9t\u00e9 et les analyses politiques. Le site s\u2019adresse \u00e0 un large public francophone et couvre l\u2019information tunisienne en temps r\u00e9el.","email":"redac@webdo.tn","legalName":"YNJ SARL","foundingDate":"2010-09-06","numberOfEmployees":{"@type":"QuantitativeValue","minValue":"11","maxValue":"50"}},{"@type":"Person","@id":"https:\/\/www.webdo.tn\/fr\/#\/schema\/person\/9a9c6118d687c117df8ef3cc36a4d175","name":"webdo.tn","image":{"@type":"ImageObject","inLanguage":"fr-FR","@id":"https:\/\/secure.gravatar.com\/avatar\/7ce1f28c0c3bbac99ff550b85ef8e44a6950c6ee24514fb6a5489e51d06f0298?s=96&d=mm&r=g","url":"https:\/\/secure.gravatar.com\/avatar\/7ce1f28c0c3bbac99ff550b85ef8e44a6950c6ee24514fb6a5489e51d06f0298?s=96&d=mm&r=g","contentUrl":"https:\/\/secure.gravatar.com\/avatar\/7ce1f28c0c3bbac99ff550b85ef8e44a6950c6ee24514fb6a5489e51d06f0298?s=96&d=mm&r=g","caption":"webdo.tn"},"url":"https:\/\/www.webdo.tn\/fr\/actualite\/author\/webdotn\/"}]}},"_links":{"self":[{"href":"https:\/\/www.webdo.tn\/fr\/wp-json\/wp\/v2\/posts\/178648","targetHints":{"allow":["GET"]}}],"collection":[{"href":"https:\/\/www.webdo.tn\/fr\/wp-json\/wp\/v2\/posts"}],"about":[{"href":"https:\/\/www.webdo.tn\/fr\/wp-json\/wp\/v2\/types\/post"}],"author":[{"embeddable":true,"href":"https:\/\/www.webdo.tn\/fr\/wp-json\/wp\/v2\/users\/3222"}],"replies":[{"embeddable":true,"href":"https:\/\/www.webdo.tn\/fr\/wp-json\/wp\/v2\/comments?post=178648"}],"version-history":[{"count":0,"href":"https:\/\/www.webdo.tn\/fr\/wp-json\/wp\/v2\/posts\/178648\/revisions"}],"wp:featuredmedia":[{"embeddable":true,"href":"https:\/\/www.webdo.tn\/fr\/wp-json\/wp\/v2\/media\/365431"}],"wp:attachment":[{"href":"https:\/\/www.webdo.tn\/fr\/wp-json\/wp\/v2\/media?parent=178648"}],"wp:term":[{"taxonomy":"category","embeddable":true,"href":"https:\/\/www.webdo.tn\/fr\/wp-json\/wp\/v2\/categories?post=178648"},{"taxonomy":"post_tag","embeddable":true,"href":"https:\/\/www.webdo.tn\/fr\/wp-json\/wp\/v2\/tags?post=178648"}],"curies":[{"name":"wp","href":"https:\/\/api.w.org\/{rel}","templated":true}]}}