{"id":178644,"date":"2011-04-29T14:34:00","date_gmt":"2011-04-29T14:34:00","guid":{"rendered":"https:\/\/www.webdo.tn\/fr\/actualite\/blog\/entre-dehiba-kasserine-et-buckingham-la-tele-de-la-mediocrite\/178644\/"},"modified":"2011-04-29T14:34:00","modified_gmt":"2011-04-29T14:34:00","slug":"entre-dehiba-kasserine-et-buckingham-la-tele-de-la-mediocrite","status":"publish","type":"post","link":"https:\/\/www.webdo.tn\/fr\/actualite\/divers\/entre-dehiba-kasserine-et-buckingham-la-tele-de-la-mediocrite\/178644\/","title":{"rendered":"Entre Dehiba, Kasserine et Buckingham, la t\u00e9l\u00e9 de la m\u00e9diocrit\u00e9 !"},"content":{"rendered":"<p>Comme plein de cha\u00eenes arabes, Tunis 7, pardon, la Cha\u00eene Nationale, diffuse le \u00ab mariage du si\u00e8cle \u00bb en direct de Buckingham, la classe ! Kate et William se sont dit oui, c&rsquo;est mignon, !<\/p>\n<p>D&rsquo;accord, c&rsquo;est un \u00e9v\u00e9nement mais la terreur r\u00e8gne en ce moment \u00e0 Kasserine. C&rsquo;est un climat de guerre \u00e0 Dehiba (quoique \u00e7a s&rsquo;est calm\u00e9&#8230;). Deux villes appartenant \u00e0 la Tunisie, faut-t-il le rappeler ?<\/p>\n<p>En quoi le mariage princier peut-il \u00eatre plus important que les r\u00e9gions tunisiennes ? Encore une fois, c&rsquo;est Twitter qui est l&rsquo;unique source d&rsquo;information en continue.<\/p>\n<p>Le reformatage de certains m\u00e9dias tunisiens (surtout la t\u00e9l\u00e9 nationale) n&rsquo;a, semble-t-il, pas encore commenc\u00e9 ! Et cela \u00e0 cause de certains journaleux incomp\u00e9tents mais, heureusement, tous les journalistes ne sont pas \u00e0 mettre dans le m\u00eame sac. Il faut \u00e9galement tenir compte des moyens. En Tunisie, nous n&rsquo;avons pas encore cette notion d&rsquo;envoy\u00e9s sp\u00e9ciaux : donner les moyens \u00e0 des journalistes (notamment de la presse \u00e9crite) de pouvoir se d\u00e9placer pour couvrir l&rsquo;\u00e9v\u00e9nement, aussi bien financi\u00e8rement que mat\u00e9riellement.<\/p>\n<p>Par contre, la t\u00e9l\u00e9 nationale, ayant quand m\u00eame des relais un peu partout, aurait pu se passer du \u00ab mariage du si\u00e8cle \u00bb pour se consacrer \u00e0 la \u00ab gu\u00e9rilla du si\u00e8cle \u00bb ! Pourtant, lib\u00e9r\u00e9e de ses carcans censoriaux apr\u00e8s la chute du r\u00e9gime, elle semble \u00eatre encore sous la pression de gens incomp\u00e9tents !<\/p>\n<p>A quand la fin de la t\u00e9l\u00e9 de la m\u00e9diocrit\u00e9 ?<\/p>\n","protected":false},"excerpt":{"rendered":"<p>Entre Dehiba, Kasserine et Buckingham, la t\u00e9l\u00e9 de la m\u00e9diocrit\u00e9 ! <\/p>\n","protected":false},"author":3222,"featured_media":365417,"comment_status":"open","ping_status":"closed","sticky":false,"template":"","format":"standard","meta":{"footnotes":""},"categories":[2839],"tags":[],"class_list":["post-178644","post","type-post","status-publish","format-standard","has-post-thumbnail","hentry","category-divers"],"yoast_head":"<!-- This site is optimized with the Yoast SEO Premium plugin v27.4 (Yoast SEO v27.4) - https:\/\/yoast.com\/product\/yoast-seo-premium-wordpress\/ -->\n<title>Entre Dehiba, Kasserine et Buckingham, la t\u00e9l\u00e9 de la m\u00e9diocrit\u00e9 !<\/title>\n<meta name=\"description\" content=\"Entre Dehiba, Kasserine et Buckingham, la t\u00e9l\u00e9 de la m\u00e9diocrit\u00e9 !\" \/>\n<link rel=\"canonical\" href=\"https:\/\/www.webdo.tn\/fr\/actualite\/divers\/entre-dehiba-kasserine-et-buckingham-la-tele-de-la-mediocrite\/178644\/\" \/>\n<meta property=\"og:locale\" content=\"fr_FR\" \/>\n<meta property=\"og:type\" content=\"article\" \/>\n<meta property=\"og:title\" content=\"Entre Dehiba, Kasserine et Buckingham, la t\u00e9l\u00e9 de la m\u00e9diocrit\u00e9 !\" \/>\n<meta property=\"og:description\" content=\"Entre Dehiba, Kasserine et Buckingham, la t\u00e9l\u00e9 de la m\u00e9diocrit\u00e9 !\" \/>\n<meta property=\"og:url\" content=\"https:\/\/www.webdo.tn\/fr\/actualite\/divers\/entre-dehiba-kasserine-et-buckingham-la-tele-de-la-mediocrite\/178644\/\" \/>\n<meta property=\"og:site_name\" content=\"webdo\" \/>\n<meta property=\"article:publisher\" content=\"https:\/\/www.facebook.com\/webdotn\" \/>\n<meta property=\"article:published_time\" content=\"2011-04-29T14:34:00+00:00\" \/>\n<meta property=\"og:image\" content=\"https:\/\/www.webdo.tn\/fr\/wp-content\/uploads\/2011\/04\/Le-mariage-Kate-et-William-sur-TV-nationale-300x221-1.jpg\" \/>\n\t<meta property=\"og:image:width\" content=\"300\" \/>\n\t<meta property=\"og:image:height\" content=\"221\" \/>\n\t<meta property=\"og:image:type\" content=\"image\/jpeg\" \/>\n<meta name=\"author\" content=\"webdo.tn\" \/>\n<meta name=\"twitter:card\" content=\"summary_large_image\" \/>\n<meta name=\"twitter:creator\" content=\"@webdo_tn\" \/>\n<meta name=\"twitter:site\" content=\"@webdo_tn\" \/>\n<meta name=\"twitter:label1\" content=\"\u00c9crit par\" \/>\n\t<meta name=\"twitter:data1\" content=\"webdo.tn\" \/>\n\t<meta name=\"twitter:label2\" content=\"Dur\u00e9e de lecture estim\u00e9e\" \/>\n\t<meta name=\"twitter:data2\" content=\"1 minute\" \/>\n<script type=\"application\/ld+json\" class=\"yoast-schema-graph\">{\"@context\":\"https:\\\/\\\/schema.org\",\"@graph\":[{\"@type\":\"NewsArticle\",\"@id\":\"https:\\\/\\\/www.webdo.tn\\\/fr\\\/actualite\\\/divers\\\/entre-dehiba-kasserine-et-buckingham-la-tele-de-la-mediocrite\\\/178644\\\/#article\",\"isPartOf\":{\"@id\":\"https:\\\/\\\/www.webdo.tn\\\/fr\\\/actualite\\\/divers\\\/entre-dehiba-kasserine-et-buckingham-la-tele-de-la-mediocrite\\\/178644\\\/\"},\"author\":{\"name\":\"webdo.tn\",\"@id\":\"https:\\\/\\\/www.webdo.tn\\\/fr\\\/#\\\/schema\\\/person\\\/9a9c6118d687c117df8ef3cc36a4d175\"},\"headline\":\"Entre Dehiba, Kasserine et Buckingham, la t\u00e9l\u00e9 de la m\u00e9diocrit\u00e9 !\",\"datePublished\":\"2011-04-29T14:34:00+00:00\",\"mainEntityOfPage\":{\"@id\":\"https:\\\/\\\/www.webdo.tn\\\/fr\\\/actualite\\\/divers\\\/entre-dehiba-kasserine-et-buckingham-la-tele-de-la-mediocrite\\\/178644\\\/\"},\"wordCount\":270,\"commentCount\":0,\"publisher\":{\"@id\":\"https:\\\/\\\/www.webdo.tn\\\/fr\\\/#organization\"},\"image\":{\"@id\":\"https:\\\/\\\/www.webdo.tn\\\/fr\\\/actualite\\\/divers\\\/entre-dehiba-kasserine-et-buckingham-la-tele-de-la-mediocrite\\\/178644\\\/#primaryimage\"},\"thumbnailUrl\":\"https:\\\/\\\/www.webdo.tn\\\/fr\\\/wp-content\\\/uploads\\\/2011\\\/04\\\/Le-mariage-Kate-et-William-sur-TV-nationale-300x221-1.jpg\",\"articleSection\":[\"Divers\"],\"inLanguage\":\"fr-FR\"},{\"@type\":\"WebPage\",\"@id\":\"https:\\\/\\\/www.webdo.tn\\\/fr\\\/actualite\\\/divers\\\/entre-dehiba-kasserine-et-buckingham-la-tele-de-la-mediocrite\\\/178644\\\/\",\"url\":\"https:\\\/\\\/www.webdo.tn\\\/fr\\\/actualite\\\/divers\\\/entre-dehiba-kasserine-et-buckingham-la-tele-de-la-mediocrite\\\/178644\\\/\",\"name\":\"Entre Dehiba, Kasserine et Buckingham, la t\u00e9l\u00e9 de la m\u00e9diocrit\u00e9 !\",\"isPartOf\":{\"@id\":\"https:\\\/\\\/www.webdo.tn\\\/fr\\\/#website\"},\"primaryImageOfPage\":{\"@id\":\"https:\\\/\\\/www.webdo.tn\\\/fr\\\/actualite\\\/divers\\\/entre-dehiba-kasserine-et-buckingham-la-tele-de-la-mediocrite\\\/178644\\\/#primaryimage\"},\"image\":{\"@id\":\"https:\\\/\\\/www.webdo.tn\\\/fr\\\/actualite\\\/divers\\\/entre-dehiba-kasserine-et-buckingham-la-tele-de-la-mediocrite\\\/178644\\\/#primaryimage\"},\"thumbnailUrl\":\"https:\\\/\\\/www.webdo.tn\\\/fr\\\/wp-content\\\/uploads\\\/2011\\\/04\\\/Le-mariage-Kate-et-William-sur-TV-nationale-300x221-1.jpg\",\"datePublished\":\"2011-04-29T14:34:00+00:00\",\"description\":\"Entre Dehiba, Kasserine et Buckingham, la t\u00e9l\u00e9 de la m\u00e9diocrit\u00e9 !\",\"breadcrumb\":{\"@id\":\"https:\\\/\\\/www.webdo.tn\\\/fr\\\/actualite\\\/divers\\\/entre-dehiba-kasserine-et-buckingham-la-tele-de-la-mediocrite\\\/178644\\\/#breadcrumb\"},\"inLanguage\":\"fr-FR\",\"potentialAction\":[{\"@type\":\"ReadAction\",\"target\":[\"https:\\\/\\\/www.webdo.tn\\\/fr\\\/actualite\\\/divers\\\/entre-dehiba-kasserine-et-buckingham-la-tele-de-la-mediocrite\\\/178644\\\/\"]}]},{\"@type\":\"ImageObject\",\"inLanguage\":\"fr-FR\",\"@id\":\"https:\\\/\\\/www.webdo.tn\\\/fr\\\/actualite\\\/divers\\\/entre-dehiba-kasserine-et-buckingham-la-tele-de-la-mediocrite\\\/178644\\\/#primaryimage\",\"url\":\"https:\\\/\\\/www.webdo.tn\\\/fr\\\/wp-content\\\/uploads\\\/2011\\\/04\\\/Le-mariage-Kate-et-William-sur-TV-nationale-300x221-1.jpg\",\"contentUrl\":\"https:\\\/\\\/www.webdo.tn\\\/fr\\\/wp-content\\\/uploads\\\/2011\\\/04\\\/Le-mariage-Kate-et-William-sur-TV-nationale-300x221-1.jpg\",\"width\":300,\"height\":221,\"caption\":\"Entre Dehiba, Kasserine et Buckingham, la t\u00e9l\u00e9 de la m\u00e9diocrit\u00e9 !\"},{\"@type\":\"BreadcrumbList\",\"@id\":\"https:\\\/\\\/www.webdo.tn\\\/fr\\\/actualite\\\/divers\\\/entre-dehiba-kasserine-et-buckingham-la-tele-de-la-mediocrite\\\/178644\\\/#breadcrumb\",\"itemListElement\":[{\"@type\":\"ListItem\",\"position\":1,\"name\":\"Accueil\",\"item\":\"https:\\\/\\\/www.webdo.tn\\\/fr\\\/\"},{\"@type\":\"ListItem\",\"position\":2,\"name\":\"Entre Dehiba, Kasserine et Buckingham, la t\u00e9l\u00e9 de la m\u00e9diocrit\u00e9 !\"}]},{\"@type\":\"WebSite\",\"@id\":\"https:\\\/\\\/www.webdo.tn\\\/fr\\\/#website\",\"url\":\"https:\\\/\\\/www.webdo.tn\\\/fr\\\/\",\"name\":\"webdo\",\"description\":\"Tunisie - News en Tunisie et \u00e0 l&#039;international sur Webdo.tn\",\"publisher\":{\"@id\":\"https:\\\/\\\/www.webdo.tn\\\/fr\\\/#organization\"},\"potentialAction\":[{\"@type\":\"SearchAction\",\"target\":{\"@type\":\"EntryPoint\",\"urlTemplate\":\"https:\\\/\\\/www.webdo.tn\\\/fr\\\/?s={search_term_string}\"},\"query-input\":{\"@type\":\"PropertyValueSpecification\",\"valueRequired\":true,\"valueName\":\"search_term_string\"}}],\"inLanguage\":\"fr-FR\"},{\"@type\":\"Organization\",\"@id\":\"https:\\\/\\\/www.webdo.tn\\\/fr\\\/#organization\",\"name\":\"Webdo\",\"alternateName\":\"Webdo.tn\",\"url\":\"https:\\\/\\\/www.webdo.tn\\\/fr\\\/\",\"logo\":{\"@type\":\"ImageObject\",\"inLanguage\":\"fr-FR\",\"@id\":\"https:\\\/\\\/www.webdo.tn\\\/fr\\\/#\\\/schema\\\/logo\\\/image\\\/\",\"url\":\"https:\\\/\\\/www.webdo.tn\\\/fr\\\/wp-content\\\/uploads\\\/2025\\\/06\\\/Webdo-Tunisie_168377.jpg\",\"contentUrl\":\"https:\\\/\\\/www.webdo.tn\\\/fr\\\/wp-content\\\/uploads\\\/2025\\\/06\\\/Webdo-Tunisie_168377.jpg\",\"width\":301,\"height\":301,\"caption\":\"Webdo\"},\"image\":{\"@id\":\"https:\\\/\\\/www.webdo.tn\\\/fr\\\/#\\\/schema\\\/logo\\\/image\\\/\"},\"sameAs\":[\"https:\\\/\\\/www.facebook.com\\\/webdotn\",\"https:\\\/\\\/x.com\\\/webdo_tn\"],\"description\":\"Webdo est un m\u00e9dia num\u00e9rique tunisien fond\u00e9 en 2010, sp\u00e9cialis\u00e9 dans l\u2019actualit\u00e9 nationale et internationale, l\u2019\u00e9conomie, la soci\u00e9t\u00e9 et les analyses politiques. Le site s\u2019adresse \u00e0 un large public francophone et couvre l\u2019information tunisienne en temps r\u00e9el.\",\"email\":\"redac@webdo.tn\",\"legalName\":\"YNJ SARL\",\"foundingDate\":\"2010-09-06\",\"numberOfEmployees\":{\"@type\":\"QuantitativeValue\",\"minValue\":\"11\",\"maxValue\":\"50\"}},{\"@type\":\"Person\",\"@id\":\"https:\\\/\\\/www.webdo.tn\\\/fr\\\/#\\\/schema\\\/person\\\/9a9c6118d687c117df8ef3cc36a4d175\",\"name\":\"webdo.tn\",\"image\":{\"@type\":\"ImageObject\",\"inLanguage\":\"fr-FR\",\"@id\":\"https:\\\/\\\/secure.gravatar.com\\\/avatar\\\/7ce1f28c0c3bbac99ff550b85ef8e44a6950c6ee24514fb6a5489e51d06f0298?s=96&d=mm&r=g\",\"url\":\"https:\\\/\\\/secure.gravatar.com\\\/avatar\\\/7ce1f28c0c3bbac99ff550b85ef8e44a6950c6ee24514fb6a5489e51d06f0298?s=96&d=mm&r=g\",\"contentUrl\":\"https:\\\/\\\/secure.gravatar.com\\\/avatar\\\/7ce1f28c0c3bbac99ff550b85ef8e44a6950c6ee24514fb6a5489e51d06f0298?s=96&d=mm&r=g\",\"caption\":\"webdo.tn\"},\"url\":\"https:\\\/\\\/www.webdo.tn\\\/fr\\\/actualite\\\/author\\\/webdotn\\\/\"}]}<\/script>\n<!-- \/ Yoast SEO Premium plugin. -->","yoast_head_json":{"title":"Entre Dehiba, Kasserine et Buckingham, la t\u00e9l\u00e9 de la m\u00e9diocrit\u00e9 !","description":"Entre Dehiba, Kasserine et Buckingham, la t\u00e9l\u00e9 de la m\u00e9diocrit\u00e9 !","canonical":"https:\/\/www.webdo.tn\/fr\/actualite\/divers\/entre-dehiba-kasserine-et-buckingham-la-tele-de-la-mediocrite\/178644\/","og_locale":"fr_FR","og_type":"article","og_title":"Entre Dehiba, Kasserine et Buckingham, la t\u00e9l\u00e9 de la m\u00e9diocrit\u00e9 !","og_description":"Entre Dehiba, Kasserine et Buckingham, la t\u00e9l\u00e9 de la m\u00e9diocrit\u00e9 !","og_url":"https:\/\/www.webdo.tn\/fr\/actualite\/divers\/entre-dehiba-kasserine-et-buckingham-la-tele-de-la-mediocrite\/178644\/","og_site_name":"webdo","article_publisher":"https:\/\/www.facebook.com\/webdotn","article_published_time":"2011-04-29T14:34:00+00:00","og_image":[{"width":300,"height":221,"url":"https:\/\/www.webdo.tn\/fr\/wp-content\/uploads\/2011\/04\/Le-mariage-Kate-et-William-sur-TV-nationale-300x221-1.jpg","type":"image\/jpeg"}],"author":"webdo.tn","twitter_card":"summary_large_image","twitter_creator":"@webdo_tn","twitter_site":"@webdo_tn","twitter_misc":{"\u00c9crit par":"webdo.tn","Dur\u00e9e de lecture estim\u00e9e":"1 minute"},"schema":{"@context":"https:\/\/schema.org","@graph":[{"@type":"NewsArticle","@id":"https:\/\/www.webdo.tn\/fr\/actualite\/divers\/entre-dehiba-kasserine-et-buckingham-la-tele-de-la-mediocrite\/178644\/#article","isPartOf":{"@id":"https:\/\/www.webdo.tn\/fr\/actualite\/divers\/entre-dehiba-kasserine-et-buckingham-la-tele-de-la-mediocrite\/178644\/"},"author":{"name":"webdo.tn","@id":"https:\/\/www.webdo.tn\/fr\/#\/schema\/person\/9a9c6118d687c117df8ef3cc36a4d175"},"headline":"Entre Dehiba, Kasserine et Buckingham, la t\u00e9l\u00e9 de la m\u00e9diocrit\u00e9 !","datePublished":"2011-04-29T14:34:00+00:00","mainEntityOfPage":{"@id":"https:\/\/www.webdo.tn\/fr\/actualite\/divers\/entre-dehiba-kasserine-et-buckingham-la-tele-de-la-mediocrite\/178644\/"},"wordCount":270,"commentCount":0,"publisher":{"@id":"https:\/\/www.webdo.tn\/fr\/#organization"},"image":{"@id":"https:\/\/www.webdo.tn\/fr\/actualite\/divers\/entre-dehiba-kasserine-et-buckingham-la-tele-de-la-mediocrite\/178644\/#primaryimage"},"thumbnailUrl":"https:\/\/www.webdo.tn\/fr\/wp-content\/uploads\/2011\/04\/Le-mariage-Kate-et-William-sur-TV-nationale-300x221-1.jpg","articleSection":["Divers"],"inLanguage":"fr-FR"},{"@type":"WebPage","@id":"https:\/\/www.webdo.tn\/fr\/actualite\/divers\/entre-dehiba-kasserine-et-buckingham-la-tele-de-la-mediocrite\/178644\/","url":"https:\/\/www.webdo.tn\/fr\/actualite\/divers\/entre-dehiba-kasserine-et-buckingham-la-tele-de-la-mediocrite\/178644\/","name":"Entre Dehiba, Kasserine et Buckingham, la t\u00e9l\u00e9 de la m\u00e9diocrit\u00e9 !","isPartOf":{"@id":"https:\/\/www.webdo.tn\/fr\/#website"},"primaryImageOfPage":{"@id":"https:\/\/www.webdo.tn\/fr\/actualite\/divers\/entre-dehiba-kasserine-et-buckingham-la-tele-de-la-mediocrite\/178644\/#primaryimage"},"image":{"@id":"https:\/\/www.webdo.tn\/fr\/actualite\/divers\/entre-dehiba-kasserine-et-buckingham-la-tele-de-la-mediocrite\/178644\/#primaryimage"},"thumbnailUrl":"https:\/\/www.webdo.tn\/fr\/wp-content\/uploads\/2011\/04\/Le-mariage-Kate-et-William-sur-TV-nationale-300x221-1.jpg","datePublished":"2011-04-29T14:34:00+00:00","description":"Entre Dehiba, Kasserine et Buckingham, la t\u00e9l\u00e9 de la m\u00e9diocrit\u00e9 !","breadcrumb":{"@id":"https:\/\/www.webdo.tn\/fr\/actualite\/divers\/entre-dehiba-kasserine-et-buckingham-la-tele-de-la-mediocrite\/178644\/#breadcrumb"},"inLanguage":"fr-FR","potentialAction":[{"@type":"ReadAction","target":["https:\/\/www.webdo.tn\/fr\/actualite\/divers\/entre-dehiba-kasserine-et-buckingham-la-tele-de-la-mediocrite\/178644\/"]}]},{"@type":"ImageObject","inLanguage":"fr-FR","@id":"https:\/\/www.webdo.tn\/fr\/actualite\/divers\/entre-dehiba-kasserine-et-buckingham-la-tele-de-la-mediocrite\/178644\/#primaryimage","url":"https:\/\/www.webdo.tn\/fr\/wp-content\/uploads\/2011\/04\/Le-mariage-Kate-et-William-sur-TV-nationale-300x221-1.jpg","contentUrl":"https:\/\/www.webdo.tn\/fr\/wp-content\/uploads\/2011\/04\/Le-mariage-Kate-et-William-sur-TV-nationale-300x221-1.jpg","width":300,"height":221,"caption":"Entre Dehiba, Kasserine et Buckingham, la t\u00e9l\u00e9 de la m\u00e9diocrit\u00e9 !"},{"@type":"BreadcrumbList","@id":"https:\/\/www.webdo.tn\/fr\/actualite\/divers\/entre-dehiba-kasserine-et-buckingham-la-tele-de-la-mediocrite\/178644\/#breadcrumb","itemListElement":[{"@type":"ListItem","position":1,"name":"Accueil","item":"https:\/\/www.webdo.tn\/fr\/"},{"@type":"ListItem","position":2,"name":"Entre Dehiba, Kasserine et Buckingham, la t\u00e9l\u00e9 de la m\u00e9diocrit\u00e9 !"}]},{"@type":"WebSite","@id":"https:\/\/www.webdo.tn\/fr\/#website","url":"https:\/\/www.webdo.tn\/fr\/","name":"webdo","description":"Tunisie - News en Tunisie et \u00e0 l&#039;international sur Webdo.tn","publisher":{"@id":"https:\/\/www.webdo.tn\/fr\/#organization"},"potentialAction":[{"@type":"SearchAction","target":{"@type":"EntryPoint","urlTemplate":"https:\/\/www.webdo.tn\/fr\/?s={search_term_string}"},"query-input":{"@type":"PropertyValueSpecification","valueRequired":true,"valueName":"search_term_string"}}],"inLanguage":"fr-FR"},{"@type":"Organization","@id":"https:\/\/www.webdo.tn\/fr\/#organization","name":"Webdo","alternateName":"Webdo.tn","url":"https:\/\/www.webdo.tn\/fr\/","logo":{"@type":"ImageObject","inLanguage":"fr-FR","@id":"https:\/\/www.webdo.tn\/fr\/#\/schema\/logo\/image\/","url":"https:\/\/www.webdo.tn\/fr\/wp-content\/uploads\/2025\/06\/Webdo-Tunisie_168377.jpg","contentUrl":"https:\/\/www.webdo.tn\/fr\/wp-content\/uploads\/2025\/06\/Webdo-Tunisie_168377.jpg","width":301,"height":301,"caption":"Webdo"},"image":{"@id":"https:\/\/www.webdo.tn\/fr\/#\/schema\/logo\/image\/"},"sameAs":["https:\/\/www.facebook.com\/webdotn","https:\/\/x.com\/webdo_tn"],"description":"Webdo est un m\u00e9dia num\u00e9rique tunisien fond\u00e9 en 2010, sp\u00e9cialis\u00e9 dans l\u2019actualit\u00e9 nationale et internationale, l\u2019\u00e9conomie, la soci\u00e9t\u00e9 et les analyses politiques. Le site s\u2019adresse \u00e0 un large public francophone et couvre l\u2019information tunisienne en temps r\u00e9el.","email":"redac@webdo.tn","legalName":"YNJ SARL","foundingDate":"2010-09-06","numberOfEmployees":{"@type":"QuantitativeValue","minValue":"11","maxValue":"50"}},{"@type":"Person","@id":"https:\/\/www.webdo.tn\/fr\/#\/schema\/person\/9a9c6118d687c117df8ef3cc36a4d175","name":"webdo.tn","image":{"@type":"ImageObject","inLanguage":"fr-FR","@id":"https:\/\/secure.gravatar.com\/avatar\/7ce1f28c0c3bbac99ff550b85ef8e44a6950c6ee24514fb6a5489e51d06f0298?s=96&d=mm&r=g","url":"https:\/\/secure.gravatar.com\/avatar\/7ce1f28c0c3bbac99ff550b85ef8e44a6950c6ee24514fb6a5489e51d06f0298?s=96&d=mm&r=g","contentUrl":"https:\/\/secure.gravatar.com\/avatar\/7ce1f28c0c3bbac99ff550b85ef8e44a6950c6ee24514fb6a5489e51d06f0298?s=96&d=mm&r=g","caption":"webdo.tn"},"url":"https:\/\/www.webdo.tn\/fr\/actualite\/author\/webdotn\/"}]}},"_links":{"self":[{"href":"https:\/\/www.webdo.tn\/fr\/wp-json\/wp\/v2\/posts\/178644","targetHints":{"allow":["GET"]}}],"collection":[{"href":"https:\/\/www.webdo.tn\/fr\/wp-json\/wp\/v2\/posts"}],"about":[{"href":"https:\/\/www.webdo.tn\/fr\/wp-json\/wp\/v2\/types\/post"}],"author":[{"embeddable":true,"href":"https:\/\/www.webdo.tn\/fr\/wp-json\/wp\/v2\/users\/3222"}],"replies":[{"embeddable":true,"href":"https:\/\/www.webdo.tn\/fr\/wp-json\/wp\/v2\/comments?post=178644"}],"version-history":[{"count":0,"href":"https:\/\/www.webdo.tn\/fr\/wp-json\/wp\/v2\/posts\/178644\/revisions"}],"wp:featuredmedia":[{"embeddable":true,"href":"https:\/\/www.webdo.tn\/fr\/wp-json\/wp\/v2\/media\/365417"}],"wp:attachment":[{"href":"https:\/\/www.webdo.tn\/fr\/wp-json\/wp\/v2\/media?parent=178644"}],"wp:term":[{"taxonomy":"category","embeddable":true,"href":"https:\/\/www.webdo.tn\/fr\/wp-json\/wp\/v2\/categories?post=178644"},{"taxonomy":"post_tag","embeddable":true,"href":"https:\/\/www.webdo.tn\/fr\/wp-json\/wp\/v2\/tags?post=178644"}],"curies":[{"name":"wp","href":"https:\/\/api.w.org\/{rel}","templated":true}]}}