{"id":178643,"date":"2011-04-29T15:23:00","date_gmt":"2011-04-29T15:23:00","guid":{"rendered":"https:\/\/www.webdo.tn\/fr\/actualite\/blog\/preche-du-vendredi-sur-lavenue-bourguiba-contre-un-prof-de-bizerte\/178643\/"},"modified":"2011-04-29T15:23:00","modified_gmt":"2011-04-29T15:23:00","slug":"preche-du-vendredi-sur-lavenue-bourguiba-contre-un-prof-de-bizerte","status":"publish","type":"post","link":"https:\/\/www.webdo.tn\/fr\/actualite\/divers\/preche-du-vendredi-sur-lavenue-bourguiba-contre-un-prof-de-bizerte\/178643\/","title":{"rendered":"\u00abPr\u00eache du vendredi\u00bb sur l&rsquo;avenue Bourguiba contre un prof de Bizerte"},"content":{"rendered":"<p>C&rsquo;est devenu comme une tradition : tous les vendredi (ou presque) une manifestation anime l&rsquo;avenue Habib Bourguiba de Tunis.<\/p>\n<p>Aujourd&rsquo;hui, vendredi 29 avril 2011, les Islamistes ont pris possession des \u00abChamps-Elys\u00e9es\u00bb tunisiens pour protester contre la d\u00e9claration d&rsquo;un prof d&rsquo;arabe de Bizerte.<\/p>\n<p>Renseignement pris, il s&rsquo;est av\u00e9r\u00e9 qu&rsquo;il y a deux semaines Abdelhamid El Houli, prof au lyc\u00e9e Habib Haddad, a donn\u00e9 comme sujet \u00e0 ses \u00e9l\u00e8ves de 8e ann\u00e9e : \u00ab Quelle est la personnalit\u00e9 la plus connue en Histoire \u00bb. Une de ses \u00e9l\u00e8ves a r\u00e9pondu au sujet Mohammed (PSL). Ce \u00e0 quoi le professeur a r\u00e9torqu\u00e9 : \u00abQui est-il lui ? S&rsquo;il avait v\u00e9cu \u00e0 notre \u00e9poque, il aurait \u00e9t\u00e9 condamn\u00e9 pour plusieurs m\u00e9faits dont celui d&rsquo;avoir \u00e9pous\u00e9 plusieurs femmes parmi lesquelles une gamine de six ans !\u00bb. L&rsquo;adolescente a rapport\u00e9 la chose \u00e0 ses parents. Et, de fil en aiguille, l&rsquo;information circula dans tout Bizerte et dans tout le pays, obligeant le professeur \u00e0 fuir la ville et les Islamistes \u00e0 manifester sur l&rsquo;avenue.<\/p>\n<p>La manifestation au slogan de \u00ab l\u00e2 il\u00e2ha ill All\u00e2h, Muhammad ras\u00fblu-ll\u00e2hi \u00bb (Il n&rsquo;y a de Dieu qu&rsquo;Allah et Mohammed est son Proph\u00e8te), est arriv\u00e9e par l&rsquo;avenue de Paris pour s&rsquo;installer sur l&rsquo;avenue Habib Bourguiba. Il est \u00e0 noter qu&rsquo;un dispositif de s\u00e9curit\u00e9, compos\u00e9 de plusieurs cars de police et de nombreux Bop, a \u00e9t\u00e9 mis rapidement en place.<\/p>\n","protected":false},"excerpt":{"rendered":"<p>\u00abPr\u00eache du vendredi\u00bb sur l&rsquo;avenue Bourguiba contre un prof de Bizerte<\/p>\n","protected":false},"author":3222,"featured_media":365418,"comment_status":"open","ping_status":"closed","sticky":false,"template":"","format":"standard","meta":{"footnotes":""},"categories":[2839],"tags":[],"class_list":["post-178643","post","type-post","status-publish","format-standard","has-post-thumbnail","hentry","category-divers"],"yoast_head":"<!-- This site is optimized with the Yoast SEO Premium plugin v27.4 (Yoast SEO v27.4) - https:\/\/yoast.com\/product\/yoast-seo-premium-wordpress\/ -->\n<title>\u00abPr\u00eache du vendredi\u00bb sur l&#039;avenue Bourguiba contre un prof de Bizerte<\/title>\n<meta name=\"description\" content=\"\u00abPr\u00eache du vendredi\u00bb sur l&#039;avenue Bourguiba contre un prof de Bizerte\" \/>\n<link rel=\"canonical\" href=\"https:\/\/www.webdo.tn\/fr\/actualite\/divers\/preche-du-vendredi-sur-lavenue-bourguiba-contre-un-prof-de-bizerte\/178643\/\" \/>\n<meta property=\"og:locale\" content=\"fr_FR\" \/>\n<meta property=\"og:type\" content=\"article\" \/>\n<meta property=\"og:title\" content=\"\u00abPr\u00eache du vendredi\u00bb sur l&#039;avenue Bourguiba contre un prof de Bizerte\" \/>\n<meta property=\"og:description\" content=\"\u00abPr\u00eache du vendredi\u00bb sur l&#039;avenue Bourguiba contre un prof de Bizerte\" \/>\n<meta property=\"og:url\" content=\"https:\/\/www.webdo.tn\/fr\/actualite\/divers\/preche-du-vendredi-sur-lavenue-bourguiba-contre-un-prof-de-bizerte\/178643\/\" \/>\n<meta property=\"og:site_name\" content=\"webdo\" \/>\n<meta property=\"article:publisher\" content=\"https:\/\/www.facebook.com\/webdotn\" \/>\n<meta property=\"article:published_time\" content=\"2011-04-29T15:23:00+00:00\" \/>\n<meta property=\"og:image\" content=\"https:\/\/www.webdo.tn\/fr\/wp-content\/uploads\/2011\/04\/Les-islamistes-manifestent-sur-av-Bourguiba-29-04-2011.jpg\" \/>\n\t<meta property=\"og:image:width\" content=\"561\" \/>\n\t<meta property=\"og:image:height\" content=\"334\" \/>\n\t<meta property=\"og:image:type\" content=\"image\/jpeg\" \/>\n<meta name=\"author\" content=\"webdo.tn\" \/>\n<meta name=\"twitter:card\" content=\"summary_large_image\" \/>\n<meta name=\"twitter:creator\" content=\"@webdo_tn\" \/>\n<meta name=\"twitter:site\" content=\"@webdo_tn\" \/>\n<meta name=\"twitter:label1\" content=\"\u00c9crit par\" \/>\n\t<meta name=\"twitter:data1\" content=\"webdo.tn\" \/>\n\t<meta name=\"twitter:label2\" content=\"Dur\u00e9e de lecture estim\u00e9e\" \/>\n\t<meta name=\"twitter:data2\" content=\"1 minute\" \/>\n<script type=\"application\/ld+json\" class=\"yoast-schema-graph\">{\"@context\":\"https:\\\/\\\/schema.org\",\"@graph\":[{\"@type\":\"NewsArticle\",\"@id\":\"https:\\\/\\\/www.webdo.tn\\\/fr\\\/actualite\\\/divers\\\/preche-du-vendredi-sur-lavenue-bourguiba-contre-un-prof-de-bizerte\\\/178643\\\/#article\",\"isPartOf\":{\"@id\":\"https:\\\/\\\/www.webdo.tn\\\/fr\\\/actualite\\\/divers\\\/preche-du-vendredi-sur-lavenue-bourguiba-contre-un-prof-de-bizerte\\\/178643\\\/\"},\"author\":{\"name\":\"webdo.tn\",\"@id\":\"https:\\\/\\\/www.webdo.tn\\\/fr\\\/#\\\/schema\\\/person\\\/9a9c6118d687c117df8ef3cc36a4d175\"},\"headline\":\"\u00abPr\u00eache du vendredi\u00bb sur l&rsquo;avenue Bourguiba contre un prof de Bizerte\",\"datePublished\":\"2011-04-29T15:23:00+00:00\",\"mainEntityOfPage\":{\"@id\":\"https:\\\/\\\/www.webdo.tn\\\/fr\\\/actualite\\\/divers\\\/preche-du-vendredi-sur-lavenue-bourguiba-contre-un-prof-de-bizerte\\\/178643\\\/\"},\"wordCount\":259,\"commentCount\":0,\"publisher\":{\"@id\":\"https:\\\/\\\/www.webdo.tn\\\/fr\\\/#organization\"},\"image\":{\"@id\":\"https:\\\/\\\/www.webdo.tn\\\/fr\\\/actualite\\\/divers\\\/preche-du-vendredi-sur-lavenue-bourguiba-contre-un-prof-de-bizerte\\\/178643\\\/#primaryimage\"},\"thumbnailUrl\":\"https:\\\/\\\/www.webdo.tn\\\/fr\\\/wp-content\\\/uploads\\\/2011\\\/04\\\/Les-islamistes-manifestent-sur-av-Bourguiba-29-04-2011.jpg\",\"articleSection\":[\"Divers\"],\"inLanguage\":\"fr-FR\"},{\"@type\":\"WebPage\",\"@id\":\"https:\\\/\\\/www.webdo.tn\\\/fr\\\/actualite\\\/divers\\\/preche-du-vendredi-sur-lavenue-bourguiba-contre-un-prof-de-bizerte\\\/178643\\\/\",\"url\":\"https:\\\/\\\/www.webdo.tn\\\/fr\\\/actualite\\\/divers\\\/preche-du-vendredi-sur-lavenue-bourguiba-contre-un-prof-de-bizerte\\\/178643\\\/\",\"name\":\"\u00abPr\u00eache du vendredi\u00bb sur l'avenue Bourguiba contre un prof de Bizerte\",\"isPartOf\":{\"@id\":\"https:\\\/\\\/www.webdo.tn\\\/fr\\\/#website\"},\"primaryImageOfPage\":{\"@id\":\"https:\\\/\\\/www.webdo.tn\\\/fr\\\/actualite\\\/divers\\\/preche-du-vendredi-sur-lavenue-bourguiba-contre-un-prof-de-bizerte\\\/178643\\\/#primaryimage\"},\"image\":{\"@id\":\"https:\\\/\\\/www.webdo.tn\\\/fr\\\/actualite\\\/divers\\\/preche-du-vendredi-sur-lavenue-bourguiba-contre-un-prof-de-bizerte\\\/178643\\\/#primaryimage\"},\"thumbnailUrl\":\"https:\\\/\\\/www.webdo.tn\\\/fr\\\/wp-content\\\/uploads\\\/2011\\\/04\\\/Les-islamistes-manifestent-sur-av-Bourguiba-29-04-2011.jpg\",\"datePublished\":\"2011-04-29T15:23:00+00:00\",\"description\":\"\u00abPr\u00eache du vendredi\u00bb sur l'avenue Bourguiba contre un prof de Bizerte\",\"breadcrumb\":{\"@id\":\"https:\\\/\\\/www.webdo.tn\\\/fr\\\/actualite\\\/divers\\\/preche-du-vendredi-sur-lavenue-bourguiba-contre-un-prof-de-bizerte\\\/178643\\\/#breadcrumb\"},\"inLanguage\":\"fr-FR\",\"potentialAction\":[{\"@type\":\"ReadAction\",\"target\":[\"https:\\\/\\\/www.webdo.tn\\\/fr\\\/actualite\\\/divers\\\/preche-du-vendredi-sur-lavenue-bourguiba-contre-un-prof-de-bizerte\\\/178643\\\/\"]}]},{\"@type\":\"ImageObject\",\"inLanguage\":\"fr-FR\",\"@id\":\"https:\\\/\\\/www.webdo.tn\\\/fr\\\/actualite\\\/divers\\\/preche-du-vendredi-sur-lavenue-bourguiba-contre-un-prof-de-bizerte\\\/178643\\\/#primaryimage\",\"url\":\"https:\\\/\\\/www.webdo.tn\\\/fr\\\/wp-content\\\/uploads\\\/2011\\\/04\\\/Les-islamistes-manifestent-sur-av-Bourguiba-29-04-2011.jpg\",\"contentUrl\":\"https:\\\/\\\/www.webdo.tn\\\/fr\\\/wp-content\\\/uploads\\\/2011\\\/04\\\/Les-islamistes-manifestent-sur-av-Bourguiba-29-04-2011.jpg\",\"width\":561,\"height\":334,\"caption\":\"\u00abPr\u00eache du vendredi\u00bb sur l'avenue Bourguiba contre un prof de Bizerte\"},{\"@type\":\"BreadcrumbList\",\"@id\":\"https:\\\/\\\/www.webdo.tn\\\/fr\\\/actualite\\\/divers\\\/preche-du-vendredi-sur-lavenue-bourguiba-contre-un-prof-de-bizerte\\\/178643\\\/#breadcrumb\",\"itemListElement\":[{\"@type\":\"ListItem\",\"position\":1,\"name\":\"Accueil\",\"item\":\"https:\\\/\\\/www.webdo.tn\\\/fr\\\/\"},{\"@type\":\"ListItem\",\"position\":2,\"name\":\"\u00abPr\u00eache du vendredi\u00bb sur l&rsquo;avenue Bourguiba contre un prof de Bizerte\"}]},{\"@type\":\"WebSite\",\"@id\":\"https:\\\/\\\/www.webdo.tn\\\/fr\\\/#website\",\"url\":\"https:\\\/\\\/www.webdo.tn\\\/fr\\\/\",\"name\":\"webdo\",\"description\":\"Tunisie - News en Tunisie et \u00e0 l&#039;international sur Webdo.tn\",\"publisher\":{\"@id\":\"https:\\\/\\\/www.webdo.tn\\\/fr\\\/#organization\"},\"potentialAction\":[{\"@type\":\"SearchAction\",\"target\":{\"@type\":\"EntryPoint\",\"urlTemplate\":\"https:\\\/\\\/www.webdo.tn\\\/fr\\\/?s={search_term_string}\"},\"query-input\":{\"@type\":\"PropertyValueSpecification\",\"valueRequired\":true,\"valueName\":\"search_term_string\"}}],\"inLanguage\":\"fr-FR\"},{\"@type\":\"Organization\",\"@id\":\"https:\\\/\\\/www.webdo.tn\\\/fr\\\/#organization\",\"name\":\"Webdo\",\"alternateName\":\"Webdo.tn\",\"url\":\"https:\\\/\\\/www.webdo.tn\\\/fr\\\/\",\"logo\":{\"@type\":\"ImageObject\",\"inLanguage\":\"fr-FR\",\"@id\":\"https:\\\/\\\/www.webdo.tn\\\/fr\\\/#\\\/schema\\\/logo\\\/image\\\/\",\"url\":\"https:\\\/\\\/www.webdo.tn\\\/fr\\\/wp-content\\\/uploads\\\/2025\\\/06\\\/Webdo-Tunisie_168377.jpg\",\"contentUrl\":\"https:\\\/\\\/www.webdo.tn\\\/fr\\\/wp-content\\\/uploads\\\/2025\\\/06\\\/Webdo-Tunisie_168377.jpg\",\"width\":301,\"height\":301,\"caption\":\"Webdo\"},\"image\":{\"@id\":\"https:\\\/\\\/www.webdo.tn\\\/fr\\\/#\\\/schema\\\/logo\\\/image\\\/\"},\"sameAs\":[\"https:\\\/\\\/www.facebook.com\\\/webdotn\",\"https:\\\/\\\/x.com\\\/webdo_tn\"],\"description\":\"Webdo est un m\u00e9dia num\u00e9rique tunisien fond\u00e9 en 2010, sp\u00e9cialis\u00e9 dans l\u2019actualit\u00e9 nationale et internationale, l\u2019\u00e9conomie, la soci\u00e9t\u00e9 et les analyses politiques. Le site s\u2019adresse \u00e0 un large public francophone et couvre l\u2019information tunisienne en temps r\u00e9el.\",\"email\":\"redac@webdo.tn\",\"legalName\":\"YNJ SARL\",\"foundingDate\":\"2010-09-06\",\"numberOfEmployees\":{\"@type\":\"QuantitativeValue\",\"minValue\":\"11\",\"maxValue\":\"50\"}},{\"@type\":\"Person\",\"@id\":\"https:\\\/\\\/www.webdo.tn\\\/fr\\\/#\\\/schema\\\/person\\\/9a9c6118d687c117df8ef3cc36a4d175\",\"name\":\"webdo.tn\",\"image\":{\"@type\":\"ImageObject\",\"inLanguage\":\"fr-FR\",\"@id\":\"https:\\\/\\\/secure.gravatar.com\\\/avatar\\\/7ce1f28c0c3bbac99ff550b85ef8e44a6950c6ee24514fb6a5489e51d06f0298?s=96&d=mm&r=g\",\"url\":\"https:\\\/\\\/secure.gravatar.com\\\/avatar\\\/7ce1f28c0c3bbac99ff550b85ef8e44a6950c6ee24514fb6a5489e51d06f0298?s=96&d=mm&r=g\",\"contentUrl\":\"https:\\\/\\\/secure.gravatar.com\\\/avatar\\\/7ce1f28c0c3bbac99ff550b85ef8e44a6950c6ee24514fb6a5489e51d06f0298?s=96&d=mm&r=g\",\"caption\":\"webdo.tn\"},\"url\":\"https:\\\/\\\/www.webdo.tn\\\/fr\\\/actualite\\\/author\\\/webdotn\\\/\"}]}<\/script>\n<!-- \/ Yoast SEO Premium plugin. -->","yoast_head_json":{"title":"\u00abPr\u00eache du vendredi\u00bb sur l'avenue Bourguiba contre un prof de Bizerte","description":"\u00abPr\u00eache du vendredi\u00bb sur l'avenue Bourguiba contre un prof de Bizerte","canonical":"https:\/\/www.webdo.tn\/fr\/actualite\/divers\/preche-du-vendredi-sur-lavenue-bourguiba-contre-un-prof-de-bizerte\/178643\/","og_locale":"fr_FR","og_type":"article","og_title":"\u00abPr\u00eache du vendredi\u00bb sur l'avenue Bourguiba contre un prof de Bizerte","og_description":"\u00abPr\u00eache du vendredi\u00bb sur l'avenue Bourguiba contre un prof de Bizerte","og_url":"https:\/\/www.webdo.tn\/fr\/actualite\/divers\/preche-du-vendredi-sur-lavenue-bourguiba-contre-un-prof-de-bizerte\/178643\/","og_site_name":"webdo","article_publisher":"https:\/\/www.facebook.com\/webdotn","article_published_time":"2011-04-29T15:23:00+00:00","og_image":[{"width":561,"height":334,"url":"https:\/\/www.webdo.tn\/fr\/wp-content\/uploads\/2011\/04\/Les-islamistes-manifestent-sur-av-Bourguiba-29-04-2011.jpg","type":"image\/jpeg"}],"author":"webdo.tn","twitter_card":"summary_large_image","twitter_creator":"@webdo_tn","twitter_site":"@webdo_tn","twitter_misc":{"\u00c9crit par":"webdo.tn","Dur\u00e9e de lecture estim\u00e9e":"1 minute"},"schema":{"@context":"https:\/\/schema.org","@graph":[{"@type":"NewsArticle","@id":"https:\/\/www.webdo.tn\/fr\/actualite\/divers\/preche-du-vendredi-sur-lavenue-bourguiba-contre-un-prof-de-bizerte\/178643\/#article","isPartOf":{"@id":"https:\/\/www.webdo.tn\/fr\/actualite\/divers\/preche-du-vendredi-sur-lavenue-bourguiba-contre-un-prof-de-bizerte\/178643\/"},"author":{"name":"webdo.tn","@id":"https:\/\/www.webdo.tn\/fr\/#\/schema\/person\/9a9c6118d687c117df8ef3cc36a4d175"},"headline":"\u00abPr\u00eache du vendredi\u00bb sur l&rsquo;avenue Bourguiba contre un prof de Bizerte","datePublished":"2011-04-29T15:23:00+00:00","mainEntityOfPage":{"@id":"https:\/\/www.webdo.tn\/fr\/actualite\/divers\/preche-du-vendredi-sur-lavenue-bourguiba-contre-un-prof-de-bizerte\/178643\/"},"wordCount":259,"commentCount":0,"publisher":{"@id":"https:\/\/www.webdo.tn\/fr\/#organization"},"image":{"@id":"https:\/\/www.webdo.tn\/fr\/actualite\/divers\/preche-du-vendredi-sur-lavenue-bourguiba-contre-un-prof-de-bizerte\/178643\/#primaryimage"},"thumbnailUrl":"https:\/\/www.webdo.tn\/fr\/wp-content\/uploads\/2011\/04\/Les-islamistes-manifestent-sur-av-Bourguiba-29-04-2011.jpg","articleSection":["Divers"],"inLanguage":"fr-FR"},{"@type":"WebPage","@id":"https:\/\/www.webdo.tn\/fr\/actualite\/divers\/preche-du-vendredi-sur-lavenue-bourguiba-contre-un-prof-de-bizerte\/178643\/","url":"https:\/\/www.webdo.tn\/fr\/actualite\/divers\/preche-du-vendredi-sur-lavenue-bourguiba-contre-un-prof-de-bizerte\/178643\/","name":"\u00abPr\u00eache du vendredi\u00bb sur l'avenue Bourguiba contre un prof de Bizerte","isPartOf":{"@id":"https:\/\/www.webdo.tn\/fr\/#website"},"primaryImageOfPage":{"@id":"https:\/\/www.webdo.tn\/fr\/actualite\/divers\/preche-du-vendredi-sur-lavenue-bourguiba-contre-un-prof-de-bizerte\/178643\/#primaryimage"},"image":{"@id":"https:\/\/www.webdo.tn\/fr\/actualite\/divers\/preche-du-vendredi-sur-lavenue-bourguiba-contre-un-prof-de-bizerte\/178643\/#primaryimage"},"thumbnailUrl":"https:\/\/www.webdo.tn\/fr\/wp-content\/uploads\/2011\/04\/Les-islamistes-manifestent-sur-av-Bourguiba-29-04-2011.jpg","datePublished":"2011-04-29T15:23:00+00:00","description":"\u00abPr\u00eache du vendredi\u00bb sur l'avenue Bourguiba contre un prof de Bizerte","breadcrumb":{"@id":"https:\/\/www.webdo.tn\/fr\/actualite\/divers\/preche-du-vendredi-sur-lavenue-bourguiba-contre-un-prof-de-bizerte\/178643\/#breadcrumb"},"inLanguage":"fr-FR","potentialAction":[{"@type":"ReadAction","target":["https:\/\/www.webdo.tn\/fr\/actualite\/divers\/preche-du-vendredi-sur-lavenue-bourguiba-contre-un-prof-de-bizerte\/178643\/"]}]},{"@type":"ImageObject","inLanguage":"fr-FR","@id":"https:\/\/www.webdo.tn\/fr\/actualite\/divers\/preche-du-vendredi-sur-lavenue-bourguiba-contre-un-prof-de-bizerte\/178643\/#primaryimage","url":"https:\/\/www.webdo.tn\/fr\/wp-content\/uploads\/2011\/04\/Les-islamistes-manifestent-sur-av-Bourguiba-29-04-2011.jpg","contentUrl":"https:\/\/www.webdo.tn\/fr\/wp-content\/uploads\/2011\/04\/Les-islamistes-manifestent-sur-av-Bourguiba-29-04-2011.jpg","width":561,"height":334,"caption":"\u00abPr\u00eache du vendredi\u00bb sur l'avenue Bourguiba contre un prof de Bizerte"},{"@type":"BreadcrumbList","@id":"https:\/\/www.webdo.tn\/fr\/actualite\/divers\/preche-du-vendredi-sur-lavenue-bourguiba-contre-un-prof-de-bizerte\/178643\/#breadcrumb","itemListElement":[{"@type":"ListItem","position":1,"name":"Accueil","item":"https:\/\/www.webdo.tn\/fr\/"},{"@type":"ListItem","position":2,"name":"\u00abPr\u00eache du vendredi\u00bb sur l&rsquo;avenue Bourguiba contre un prof de Bizerte"}]},{"@type":"WebSite","@id":"https:\/\/www.webdo.tn\/fr\/#website","url":"https:\/\/www.webdo.tn\/fr\/","name":"webdo","description":"Tunisie - News en Tunisie et \u00e0 l&#039;international sur Webdo.tn","publisher":{"@id":"https:\/\/www.webdo.tn\/fr\/#organization"},"potentialAction":[{"@type":"SearchAction","target":{"@type":"EntryPoint","urlTemplate":"https:\/\/www.webdo.tn\/fr\/?s={search_term_string}"},"query-input":{"@type":"PropertyValueSpecification","valueRequired":true,"valueName":"search_term_string"}}],"inLanguage":"fr-FR"},{"@type":"Organization","@id":"https:\/\/www.webdo.tn\/fr\/#organization","name":"Webdo","alternateName":"Webdo.tn","url":"https:\/\/www.webdo.tn\/fr\/","logo":{"@type":"ImageObject","inLanguage":"fr-FR","@id":"https:\/\/www.webdo.tn\/fr\/#\/schema\/logo\/image\/","url":"https:\/\/www.webdo.tn\/fr\/wp-content\/uploads\/2025\/06\/Webdo-Tunisie_168377.jpg","contentUrl":"https:\/\/www.webdo.tn\/fr\/wp-content\/uploads\/2025\/06\/Webdo-Tunisie_168377.jpg","width":301,"height":301,"caption":"Webdo"},"image":{"@id":"https:\/\/www.webdo.tn\/fr\/#\/schema\/logo\/image\/"},"sameAs":["https:\/\/www.facebook.com\/webdotn","https:\/\/x.com\/webdo_tn"],"description":"Webdo est un m\u00e9dia num\u00e9rique tunisien fond\u00e9 en 2010, sp\u00e9cialis\u00e9 dans l\u2019actualit\u00e9 nationale et internationale, l\u2019\u00e9conomie, la soci\u00e9t\u00e9 et les analyses politiques. Le site s\u2019adresse \u00e0 un large public francophone et couvre l\u2019information tunisienne en temps r\u00e9el.","email":"redac@webdo.tn","legalName":"YNJ SARL","foundingDate":"2010-09-06","numberOfEmployees":{"@type":"QuantitativeValue","minValue":"11","maxValue":"50"}},{"@type":"Person","@id":"https:\/\/www.webdo.tn\/fr\/#\/schema\/person\/9a9c6118d687c117df8ef3cc36a4d175","name":"webdo.tn","image":{"@type":"ImageObject","inLanguage":"fr-FR","@id":"https:\/\/secure.gravatar.com\/avatar\/7ce1f28c0c3bbac99ff550b85ef8e44a6950c6ee24514fb6a5489e51d06f0298?s=96&d=mm&r=g","url":"https:\/\/secure.gravatar.com\/avatar\/7ce1f28c0c3bbac99ff550b85ef8e44a6950c6ee24514fb6a5489e51d06f0298?s=96&d=mm&r=g","contentUrl":"https:\/\/secure.gravatar.com\/avatar\/7ce1f28c0c3bbac99ff550b85ef8e44a6950c6ee24514fb6a5489e51d06f0298?s=96&d=mm&r=g","caption":"webdo.tn"},"url":"https:\/\/www.webdo.tn\/fr\/actualite\/author\/webdotn\/"}]}},"_links":{"self":[{"href":"https:\/\/www.webdo.tn\/fr\/wp-json\/wp\/v2\/posts\/178643","targetHints":{"allow":["GET"]}}],"collection":[{"href":"https:\/\/www.webdo.tn\/fr\/wp-json\/wp\/v2\/posts"}],"about":[{"href":"https:\/\/www.webdo.tn\/fr\/wp-json\/wp\/v2\/types\/post"}],"author":[{"embeddable":true,"href":"https:\/\/www.webdo.tn\/fr\/wp-json\/wp\/v2\/users\/3222"}],"replies":[{"embeddable":true,"href":"https:\/\/www.webdo.tn\/fr\/wp-json\/wp\/v2\/comments?post=178643"}],"version-history":[{"count":0,"href":"https:\/\/www.webdo.tn\/fr\/wp-json\/wp\/v2\/posts\/178643\/revisions"}],"wp:featuredmedia":[{"embeddable":true,"href":"https:\/\/www.webdo.tn\/fr\/wp-json\/wp\/v2\/media\/365418"}],"wp:attachment":[{"href":"https:\/\/www.webdo.tn\/fr\/wp-json\/wp\/v2\/media?parent=178643"}],"wp:term":[{"taxonomy":"category","embeddable":true,"href":"https:\/\/www.webdo.tn\/fr\/wp-json\/wp\/v2\/categories?post=178643"},{"taxonomy":"post_tag","embeddable":true,"href":"https:\/\/www.webdo.tn\/fr\/wp-json\/wp\/v2\/tags?post=178643"}],"curies":[{"name":"wp","href":"https:\/\/api.w.org\/{rel}","templated":true}]}}