{"id":178640,"date":"2011-04-30T21:52:00","date_gmt":"2011-04-30T21:52:00","guid":{"rendered":"https:\/\/www.webdo.tn\/fr\/actualite\/blog\/ben-ali-a-t-il-vraiment-achete-les-faveurs-de-jeune-afrique\/178640\/"},"modified":"2011-04-30T21:52:00","modified_gmt":"2011-04-30T21:52:00","slug":"ben-ali-a-t-il-vraiment-achete-les-faveurs-de-jeune-afrique","status":"publish","type":"post","link":"https:\/\/www.webdo.tn\/fr\/actualite\/divers\/ben-ali-a-t-il-vraiment-achete-les-faveurs-de-jeune-afrique\/178640\/","title":{"rendered":"Ben Ali a-t-il vraiment achet\u00e9 les faveurs de \u00ab\u00a0Jeune Afrique\u00a0\u00bb ?"},"content":{"rendered":"<p>Le 20 avril dernier, Webdo reprenait une information parue dans l\u2019hebdomadaire \u00ab\u00a0Le Canard encha\u00een\u00e9\u00a0\u00bb du m\u00eame jour.<\/p>\n<p>\u00abComment Ben Ali a achet\u00e9 les faveurs de \u00ab\u00a0Jeune Afrique\u00a0\u00bb\u00bb : dans cet article l\u2019hebdomadaire satirique explique comment Zine El Abidine Ben Ali aurait jou\u00e9 un grand r\u00f4le dans le sauvetage de \u00ab\u00a0Jeune Afrique\u00a0\u00bb et aurait permis au magazine de se relever suite \u00e0 une grave crise financi\u00e8re.<\/p>\n<p>\u00ab\u00a0Le Canard encha\u00een\u00e9\u00a0\u00bb r\u00e9v\u00e8le m\u00eame que l\u2019ancien pr\u00e9sident tunisien aurait carr\u00e9ment oblig\u00e9 des dizaines d\u2019entreprises tunisiennes \u00e0 faire l\u2019acquisition de 10.500 actions de \u00ab\u00a0Jeune Afrique\u00a0\u00bb. Une mani\u00e8re de renflouer les caisses du magazine !<\/p>\n<p>Aujourd\u2019hui, le magazine \u00ab\u00a0Jeune Afrique\u00a0\u00bb, mis en cause dans cet article, r\u00e9pond au \u00ab\u00a0Canard encha\u00een\u00e9\u00a0\u00bb par l\u2019interm\u00e9diaire de son directeur-fondateur B\u00e9chir Ben Yahmed, une r\u00e9ponse publi\u00e9e dans son int\u00e9gralit\u00e9 sur le site du magazine (http:\/\/www.jeuneafrique.com\/Article\/ARTJA20110429113835\/).<\/p>\n<p>Que dit cette r\u00e9ponse ? \u00ab\u00a0Jeune Afrique\u00a0\u00bb d\u00e9ment d\u2019abord toutes les informations parues dans ledit article en les assimilant \u00e0 \u00abun m\u00e9lange d\u2019approximation, de hargne et de calomnie\u00bb jugeant, au passage, l\u2019hebdomadaire satirique d\u2019\u00eatre dans \u00abl\u2019erreur de jugement et l\u2019imposture\u00bb.<\/p>\n<p>Pour \u00e9tayer sa th\u00e8se et contredire les propos du \u00ab\u00a0Canard encha\u00een\u00e9\u00a0\u00bb, \u00ab\u00a0Jeune Afrique\u00a0\u00bb dresse un \u00e9tat minutieux de sa situation en 1997, ann\u00e9e des \u00ab\u00a0faits\u00a0\u00bb.<\/p>\n<p>Voici ce que rappelle M. B\u00e9chir Ben Yahmed : \u00abl\u2019op\u00e9ration objet de l\u2019article du Canard consistait \u00e0 faire souscrire \u00e0 une augmentation du capital de Jeune Afrique des citoyens priv\u00e9s (personnes physiques ou morales) d\u2019un pays de la zone de lecture de Jeune Afrique, dot\u00e9 d\u2019une monnaie autonome avec contr\u00f4le des changes\u00bb. [\u2026].<\/p>\n<p>\u00ab\u00c9tait-elle secr\u00e8te, particuli\u00e8re ? \u00c9tait-elle seulement critiquable ? Pas le moins du monde. Elle s\u2019est d\u00e9roul\u00e9e sur plusieurs mois, ce qui montre bien que Jeune Afrique n\u2019\u00e9tait pas press\u00e9, encore moins \u00e0 l\u2019agonie ; nous voulions des actionnaires priv\u00e9s et non publics, nous voulions qu\u2019ils soient nombreux \u2013 pour qu\u2019aucun d\u2019eux ne d\u00e9tienne m\u00eame 0,5% du capital et que l\u2019ensemble totalise environ 6% du capital \u2013 et qu\u2019ils soient repr\u00e9sentatifs de tous les secteurs d\u2019activit\u00e9\u00bb. [\u2026].<\/p>\n<p>\u00abLa pr\u00e9sidence de la R\u00e9publique tunisienne est intervenue pour la raison d\u00e9terminante que voici : la souscription s\u2019est faite en dinars, monnaie nationale non convertible, mais par son transfert en France dans le capital d\u2019une soci\u00e9t\u00e9 de droit fran\u00e7ais elle devenait un investissement \u00e0 l\u2019\u00e9tranger, en francs (c\u2019\u00e9tait avant le passage \u00e0 l\u2019euro), n\u00e9cessitant l\u2019autorisation de la Banque centrale tunisienne\u00bb. [\u2026].<\/p>\n<p>Voici pour l\u2019explication ! Mais M. Ben Yahmed va plus loin en d\u00e9cortiquant les m\u00e9canismes de fonctionnement de l\u2019op\u00e9ration effectu\u00e9e par son magazine.<\/p>\n<p>\u00abLanc\u00e9 \u00e0 Tunis en 1960, Jeune Afrique s\u2019est dot\u00e9, d\u00e9cennie apr\u00e8s d\u00e9cennie, d\u2019un club de six cents petits actionnaires issus de cinquante-cinq pays, la plupart africains. \u00c0 raison de quelques actions ou dizaines d\u2019actions pour chacun, de mani\u00e8re \u00e0 ce que la majorit\u00e9 du capital et le contr\u00f4le restent entre les mains de son fondateur, qui se trouvait \u00eatre (jusqu\u2019en 2008) le directeur de sa r\u00e9daction\u00bb. [\u2026].<\/p>\n<p>\u00abC\u2019est ainsi que nous avons recherch\u00e9 de nouveaux actionnaires, \u00e0 l\u2019occasion d\u2019augmentations de capital successives, au S\u00e9n\u00e9gal, en Mauritanie, en C\u00f4te d\u2019Ivoire, au Togo, au Burundi, au Rwanda, au Mali, mais aussi en France, en Belgique, en Suisse, au Canada\u2026\u00bb. [\u2026].<\/p>\n<p>\u00abIls savent \u2013 et les candidats actionnaires le savent \u00e9galement \u2013 que cela ne leur donne aucun pouvoir d\u2019influence sur l\u2019orientation \u00e9ditoriale du journal et que Jeune Afrique ne distribue pas de dividendes\u00bb. [\u2026].<\/p>\n<p>Et de pr\u00e9ciser en concluant : \u00abC\u2019est tr\u00e8s exactement ce qui s\u2019est pass\u00e9 dans la Tunisie de 1997 et, par cons\u00e9quent, Le Canard encha\u00een\u00e9 ment, tout simplement : Jeune Afrique n\u2019\u00e9tait nullement \u00e0 l\u2019agonie et Ben Ali n\u2019a achet\u00e9 aucune faveur\u00bb.<\/p>\n","protected":false},"excerpt":{"rendered":"<p>Ben Ali a-t-il vraiment achet\u00e9 les faveurs de  Jeune Afrique  ? <\/p>\n","protected":false},"author":3222,"featured_media":376290,"comment_status":"open","ping_status":"closed","sticky":false,"template":"","format":"standard","meta":{"footnotes":""},"categories":[2839],"tags":[],"class_list":["post-178640","post","type-post","status-publish","format-standard","has-post-thumbnail","hentry","category-divers"],"yoast_head":"<!-- This site is optimized with the Yoast SEO Premium plugin v27.4 (Yoast SEO v27.4) - https:\/\/yoast.com\/product\/yoast-seo-premium-wordpress\/ -->\n<title>Ben Ali a-t-il vraiment achet\u00e9 les faveurs de Jeune Afrique ?<\/title>\n<meta name=\"description\" content=\"Ben Ali a-t-il vraiment achet\u00e9 les faveurs de Jeune Afrique ?\" \/>\n<link rel=\"canonical\" href=\"https:\/\/www.webdo.tn\/fr\/actualite\/divers\/ben-ali-a-t-il-vraiment-achete-les-faveurs-de-jeune-afrique\/178640\/\" \/>\n<meta property=\"og:locale\" content=\"fr_FR\" \/>\n<meta property=\"og:type\" content=\"article\" \/>\n<meta property=\"og:title\" content=\"Ben Ali a-t-il vraiment achet\u00e9 les faveurs de &quot;Jeune Afrique&quot; ?\" \/>\n<meta property=\"og:description\" content=\"Ben Ali a-t-il vraiment achet\u00e9 les faveurs de Jeune Afrique ?\" \/>\n<meta property=\"og:url\" content=\"https:\/\/www.webdo.tn\/fr\/actualite\/divers\/ben-ali-a-t-il-vraiment-achete-les-faveurs-de-jeune-afrique\/178640\/\" \/>\n<meta property=\"og:site_name\" content=\"webdo\" \/>\n<meta property=\"article:publisher\" content=\"https:\/\/www.facebook.com\/webdotn\" \/>\n<meta property=\"article:published_time\" content=\"2011-04-30T21:52:00+00:00\" \/>\n<meta name=\"author\" content=\"webdo.tn\" \/>\n<meta name=\"twitter:card\" content=\"summary_large_image\" \/>\n<meta name=\"twitter:creator\" content=\"@webdo_tn\" \/>\n<meta name=\"twitter:site\" content=\"@webdo_tn\" \/>\n<meta name=\"twitter:label1\" content=\"\u00c9crit par\" \/>\n\t<meta name=\"twitter:data1\" content=\"webdo.tn\" \/>\n\t<meta name=\"twitter:label2\" content=\"Dur\u00e9e de lecture estim\u00e9e\" \/>\n\t<meta name=\"twitter:data2\" content=\"3 minutes\" \/>\n<script type=\"application\/ld+json\" class=\"yoast-schema-graph\">{\"@context\":\"https:\\\/\\\/schema.org\",\"@graph\":[{\"@type\":\"NewsArticle\",\"@id\":\"https:\\\/\\\/www.webdo.tn\\\/fr\\\/actualite\\\/divers\\\/ben-ali-a-t-il-vraiment-achete-les-faveurs-de-jeune-afrique\\\/178640\\\/#article\",\"isPartOf\":{\"@id\":\"https:\\\/\\\/www.webdo.tn\\\/fr\\\/actualite\\\/divers\\\/ben-ali-a-t-il-vraiment-achete-les-faveurs-de-jeune-afrique\\\/178640\\\/\"},\"author\":{\"name\":\"webdo.tn\",\"@id\":\"https:\\\/\\\/www.webdo.tn\\\/fr\\\/#\\\/schema\\\/person\\\/9a9c6118d687c117df8ef3cc36a4d175\"},\"headline\":\"Ben Ali a-t-il vraiment achet\u00e9 les faveurs de \u00ab\u00a0Jeune Afrique\u00a0\u00bb ?\",\"datePublished\":\"2011-04-30T21:52:00+00:00\",\"mainEntityOfPage\":{\"@id\":\"https:\\\/\\\/www.webdo.tn\\\/fr\\\/actualite\\\/divers\\\/ben-ali-a-t-il-vraiment-achete-les-faveurs-de-jeune-afrique\\\/178640\\\/\"},\"wordCount\":676,\"commentCount\":0,\"publisher\":{\"@id\":\"https:\\\/\\\/www.webdo.tn\\\/fr\\\/#organization\"},\"image\":{\"@id\":\"https:\\\/\\\/www.webdo.tn\\\/fr\\\/actualite\\\/divers\\\/ben-ali-a-t-il-vraiment-achete-les-faveurs-de-jeune-afrique\\\/178640\\\/#primaryimage\"},\"thumbnailUrl\":\"https:\\\/\\\/www.webdo.tn\\\/fr\\\/wp-content\\\/uploads\\\/2025\\\/06\\\/FireShot-Capture-1063-webdo_default-53-750x375.jpg-750\u00d7375-www.webdo_.tn_.png\",\"articleSection\":[\"Divers\"],\"inLanguage\":\"fr-FR\"},{\"@type\":\"WebPage\",\"@id\":\"https:\\\/\\\/www.webdo.tn\\\/fr\\\/actualite\\\/divers\\\/ben-ali-a-t-il-vraiment-achete-les-faveurs-de-jeune-afrique\\\/178640\\\/\",\"url\":\"https:\\\/\\\/www.webdo.tn\\\/fr\\\/actualite\\\/divers\\\/ben-ali-a-t-il-vraiment-achete-les-faveurs-de-jeune-afrique\\\/178640\\\/\",\"name\":\"Ben Ali a-t-il vraiment achet\u00e9 les faveurs de Jeune Afrique ?\",\"isPartOf\":{\"@id\":\"https:\\\/\\\/www.webdo.tn\\\/fr\\\/#website\"},\"primaryImageOfPage\":{\"@id\":\"https:\\\/\\\/www.webdo.tn\\\/fr\\\/actualite\\\/divers\\\/ben-ali-a-t-il-vraiment-achete-les-faveurs-de-jeune-afrique\\\/178640\\\/#primaryimage\"},\"image\":{\"@id\":\"https:\\\/\\\/www.webdo.tn\\\/fr\\\/actualite\\\/divers\\\/ben-ali-a-t-il-vraiment-achete-les-faveurs-de-jeune-afrique\\\/178640\\\/#primaryimage\"},\"thumbnailUrl\":\"https:\\\/\\\/www.webdo.tn\\\/fr\\\/wp-content\\\/uploads\\\/2025\\\/06\\\/FireShot-Capture-1063-webdo_default-53-750x375.jpg-750\u00d7375-www.webdo_.tn_.png\",\"datePublished\":\"2011-04-30T21:52:00+00:00\",\"description\":\"Ben Ali a-t-il vraiment achet\u00e9 les faveurs de Jeune Afrique ?\",\"breadcrumb\":{\"@id\":\"https:\\\/\\\/www.webdo.tn\\\/fr\\\/actualite\\\/divers\\\/ben-ali-a-t-il-vraiment-achete-les-faveurs-de-jeune-afrique\\\/178640\\\/#breadcrumb\"},\"inLanguage\":\"fr-FR\",\"potentialAction\":[{\"@type\":\"ReadAction\",\"target\":[\"https:\\\/\\\/www.webdo.tn\\\/fr\\\/actualite\\\/divers\\\/ben-ali-a-t-il-vraiment-achete-les-faveurs-de-jeune-afrique\\\/178640\\\/\"]}]},{\"@type\":\"ImageObject\",\"inLanguage\":\"fr-FR\",\"@id\":\"https:\\\/\\\/www.webdo.tn\\\/fr\\\/actualite\\\/divers\\\/ben-ali-a-t-il-vraiment-achete-les-faveurs-de-jeune-afrique\\\/178640\\\/#primaryimage\",\"url\":\"https:\\\/\\\/www.webdo.tn\\\/fr\\\/wp-content\\\/uploads\\\/2025\\\/06\\\/FireShot-Capture-1063-webdo_default-53-750x375.jpg-750\u00d7375-www.webdo_.tn_.png\",\"contentUrl\":\"https:\\\/\\\/www.webdo.tn\\\/fr\\\/wp-content\\\/uploads\\\/2025\\\/06\\\/FireShot-Capture-1063-webdo_default-53-750x375.jpg-750\u00d7375-www.webdo_.tn_.png\",\"width\":746,\"height\":371},{\"@type\":\"BreadcrumbList\",\"@id\":\"https:\\\/\\\/www.webdo.tn\\\/fr\\\/actualite\\\/divers\\\/ben-ali-a-t-il-vraiment-achete-les-faveurs-de-jeune-afrique\\\/178640\\\/#breadcrumb\",\"itemListElement\":[{\"@type\":\"ListItem\",\"position\":1,\"name\":\"Accueil\",\"item\":\"https:\\\/\\\/www.webdo.tn\\\/fr\\\/\"},{\"@type\":\"ListItem\",\"position\":2,\"name\":\"Ben Ali a-t-il vraiment achet\u00e9 les faveurs de \u00ab\u00a0Jeune Afrique\u00a0\u00bb ?\"}]},{\"@type\":\"WebSite\",\"@id\":\"https:\\\/\\\/www.webdo.tn\\\/fr\\\/#website\",\"url\":\"https:\\\/\\\/www.webdo.tn\\\/fr\\\/\",\"name\":\"webdo\",\"description\":\"Tunisie - News en Tunisie et \u00e0 l&#039;international sur Webdo.tn\",\"publisher\":{\"@id\":\"https:\\\/\\\/www.webdo.tn\\\/fr\\\/#organization\"},\"potentialAction\":[{\"@type\":\"SearchAction\",\"target\":{\"@type\":\"EntryPoint\",\"urlTemplate\":\"https:\\\/\\\/www.webdo.tn\\\/fr\\\/?s={search_term_string}\"},\"query-input\":{\"@type\":\"PropertyValueSpecification\",\"valueRequired\":true,\"valueName\":\"search_term_string\"}}],\"inLanguage\":\"fr-FR\"},{\"@type\":\"Organization\",\"@id\":\"https:\\\/\\\/www.webdo.tn\\\/fr\\\/#organization\",\"name\":\"Webdo\",\"alternateName\":\"Webdo.tn\",\"url\":\"https:\\\/\\\/www.webdo.tn\\\/fr\\\/\",\"logo\":{\"@type\":\"ImageObject\",\"inLanguage\":\"fr-FR\",\"@id\":\"https:\\\/\\\/www.webdo.tn\\\/fr\\\/#\\\/schema\\\/logo\\\/image\\\/\",\"url\":\"https:\\\/\\\/www.webdo.tn\\\/fr\\\/wp-content\\\/uploads\\\/2025\\\/06\\\/Webdo-Tunisie_168377.jpg\",\"contentUrl\":\"https:\\\/\\\/www.webdo.tn\\\/fr\\\/wp-content\\\/uploads\\\/2025\\\/06\\\/Webdo-Tunisie_168377.jpg\",\"width\":301,\"height\":301,\"caption\":\"Webdo\"},\"image\":{\"@id\":\"https:\\\/\\\/www.webdo.tn\\\/fr\\\/#\\\/schema\\\/logo\\\/image\\\/\"},\"sameAs\":[\"https:\\\/\\\/www.facebook.com\\\/webdotn\",\"https:\\\/\\\/x.com\\\/webdo_tn\"],\"description\":\"Webdo est un m\u00e9dia num\u00e9rique tunisien fond\u00e9 en 2010, sp\u00e9cialis\u00e9 dans l\u2019actualit\u00e9 nationale et internationale, l\u2019\u00e9conomie, la soci\u00e9t\u00e9 et les analyses politiques. Le site s\u2019adresse \u00e0 un large public francophone et couvre l\u2019information tunisienne en temps r\u00e9el.\",\"email\":\"redac@webdo.tn\",\"legalName\":\"YNJ SARL\",\"foundingDate\":\"2010-09-06\",\"numberOfEmployees\":{\"@type\":\"QuantitativeValue\",\"minValue\":\"11\",\"maxValue\":\"50\"}},{\"@type\":\"Person\",\"@id\":\"https:\\\/\\\/www.webdo.tn\\\/fr\\\/#\\\/schema\\\/person\\\/9a9c6118d687c117df8ef3cc36a4d175\",\"name\":\"webdo.tn\",\"image\":{\"@type\":\"ImageObject\",\"inLanguage\":\"fr-FR\",\"@id\":\"https:\\\/\\\/secure.gravatar.com\\\/avatar\\\/7ce1f28c0c3bbac99ff550b85ef8e44a6950c6ee24514fb6a5489e51d06f0298?s=96&d=mm&r=g\",\"url\":\"https:\\\/\\\/secure.gravatar.com\\\/avatar\\\/7ce1f28c0c3bbac99ff550b85ef8e44a6950c6ee24514fb6a5489e51d06f0298?s=96&d=mm&r=g\",\"contentUrl\":\"https:\\\/\\\/secure.gravatar.com\\\/avatar\\\/7ce1f28c0c3bbac99ff550b85ef8e44a6950c6ee24514fb6a5489e51d06f0298?s=96&d=mm&r=g\",\"caption\":\"webdo.tn\"},\"url\":\"https:\\\/\\\/www.webdo.tn\\\/fr\\\/actualite\\\/author\\\/webdotn\\\/\"}]}<\/script>\n<!-- \/ Yoast SEO Premium plugin. -->","yoast_head_json":{"title":"Ben Ali a-t-il vraiment achet\u00e9 les faveurs de Jeune Afrique ?","description":"Ben Ali a-t-il vraiment achet\u00e9 les faveurs de Jeune Afrique ?","canonical":"https:\/\/www.webdo.tn\/fr\/actualite\/divers\/ben-ali-a-t-il-vraiment-achete-les-faveurs-de-jeune-afrique\/178640\/","og_locale":"fr_FR","og_type":"article","og_title":"Ben Ali a-t-il vraiment achet\u00e9 les faveurs de \"Jeune Afrique\" ?","og_description":"Ben Ali a-t-il vraiment achet\u00e9 les faveurs de Jeune Afrique ?","og_url":"https:\/\/www.webdo.tn\/fr\/actualite\/divers\/ben-ali-a-t-il-vraiment-achete-les-faveurs-de-jeune-afrique\/178640\/","og_site_name":"webdo","article_publisher":"https:\/\/www.facebook.com\/webdotn","article_published_time":"2011-04-30T21:52:00+00:00","author":"webdo.tn","twitter_card":"summary_large_image","twitter_creator":"@webdo_tn","twitter_site":"@webdo_tn","twitter_misc":{"\u00c9crit par":"webdo.tn","Dur\u00e9e de lecture estim\u00e9e":"3 minutes"},"schema":{"@context":"https:\/\/schema.org","@graph":[{"@type":"NewsArticle","@id":"https:\/\/www.webdo.tn\/fr\/actualite\/divers\/ben-ali-a-t-il-vraiment-achete-les-faveurs-de-jeune-afrique\/178640\/#article","isPartOf":{"@id":"https:\/\/www.webdo.tn\/fr\/actualite\/divers\/ben-ali-a-t-il-vraiment-achete-les-faveurs-de-jeune-afrique\/178640\/"},"author":{"name":"webdo.tn","@id":"https:\/\/www.webdo.tn\/fr\/#\/schema\/person\/9a9c6118d687c117df8ef3cc36a4d175"},"headline":"Ben Ali a-t-il vraiment achet\u00e9 les faveurs de \u00ab\u00a0Jeune Afrique\u00a0\u00bb ?","datePublished":"2011-04-30T21:52:00+00:00","mainEntityOfPage":{"@id":"https:\/\/www.webdo.tn\/fr\/actualite\/divers\/ben-ali-a-t-il-vraiment-achete-les-faveurs-de-jeune-afrique\/178640\/"},"wordCount":676,"commentCount":0,"publisher":{"@id":"https:\/\/www.webdo.tn\/fr\/#organization"},"image":{"@id":"https:\/\/www.webdo.tn\/fr\/actualite\/divers\/ben-ali-a-t-il-vraiment-achete-les-faveurs-de-jeune-afrique\/178640\/#primaryimage"},"thumbnailUrl":"https:\/\/www.webdo.tn\/fr\/wp-content\/uploads\/2025\/06\/FireShot-Capture-1063-webdo_default-53-750x375.jpg-750\u00d7375-www.webdo_.tn_.png","articleSection":["Divers"],"inLanguage":"fr-FR"},{"@type":"WebPage","@id":"https:\/\/www.webdo.tn\/fr\/actualite\/divers\/ben-ali-a-t-il-vraiment-achete-les-faveurs-de-jeune-afrique\/178640\/","url":"https:\/\/www.webdo.tn\/fr\/actualite\/divers\/ben-ali-a-t-il-vraiment-achete-les-faveurs-de-jeune-afrique\/178640\/","name":"Ben Ali a-t-il vraiment achet\u00e9 les faveurs de Jeune Afrique ?","isPartOf":{"@id":"https:\/\/www.webdo.tn\/fr\/#website"},"primaryImageOfPage":{"@id":"https:\/\/www.webdo.tn\/fr\/actualite\/divers\/ben-ali-a-t-il-vraiment-achete-les-faveurs-de-jeune-afrique\/178640\/#primaryimage"},"image":{"@id":"https:\/\/www.webdo.tn\/fr\/actualite\/divers\/ben-ali-a-t-il-vraiment-achete-les-faveurs-de-jeune-afrique\/178640\/#primaryimage"},"thumbnailUrl":"https:\/\/www.webdo.tn\/fr\/wp-content\/uploads\/2025\/06\/FireShot-Capture-1063-webdo_default-53-750x375.jpg-750\u00d7375-www.webdo_.tn_.png","datePublished":"2011-04-30T21:52:00+00:00","description":"Ben Ali a-t-il vraiment achet\u00e9 les faveurs de Jeune Afrique ?","breadcrumb":{"@id":"https:\/\/www.webdo.tn\/fr\/actualite\/divers\/ben-ali-a-t-il-vraiment-achete-les-faveurs-de-jeune-afrique\/178640\/#breadcrumb"},"inLanguage":"fr-FR","potentialAction":[{"@type":"ReadAction","target":["https:\/\/www.webdo.tn\/fr\/actualite\/divers\/ben-ali-a-t-il-vraiment-achete-les-faveurs-de-jeune-afrique\/178640\/"]}]},{"@type":"ImageObject","inLanguage":"fr-FR","@id":"https:\/\/www.webdo.tn\/fr\/actualite\/divers\/ben-ali-a-t-il-vraiment-achete-les-faveurs-de-jeune-afrique\/178640\/#primaryimage","url":"https:\/\/www.webdo.tn\/fr\/wp-content\/uploads\/2025\/06\/FireShot-Capture-1063-webdo_default-53-750x375.jpg-750\u00d7375-www.webdo_.tn_.png","contentUrl":"https:\/\/www.webdo.tn\/fr\/wp-content\/uploads\/2025\/06\/FireShot-Capture-1063-webdo_default-53-750x375.jpg-750\u00d7375-www.webdo_.tn_.png","width":746,"height":371},{"@type":"BreadcrumbList","@id":"https:\/\/www.webdo.tn\/fr\/actualite\/divers\/ben-ali-a-t-il-vraiment-achete-les-faveurs-de-jeune-afrique\/178640\/#breadcrumb","itemListElement":[{"@type":"ListItem","position":1,"name":"Accueil","item":"https:\/\/www.webdo.tn\/fr\/"},{"@type":"ListItem","position":2,"name":"Ben Ali a-t-il vraiment achet\u00e9 les faveurs de \u00ab\u00a0Jeune Afrique\u00a0\u00bb ?"}]},{"@type":"WebSite","@id":"https:\/\/www.webdo.tn\/fr\/#website","url":"https:\/\/www.webdo.tn\/fr\/","name":"webdo","description":"Tunisie - News en Tunisie et \u00e0 l&#039;international sur Webdo.tn","publisher":{"@id":"https:\/\/www.webdo.tn\/fr\/#organization"},"potentialAction":[{"@type":"SearchAction","target":{"@type":"EntryPoint","urlTemplate":"https:\/\/www.webdo.tn\/fr\/?s={search_term_string}"},"query-input":{"@type":"PropertyValueSpecification","valueRequired":true,"valueName":"search_term_string"}}],"inLanguage":"fr-FR"},{"@type":"Organization","@id":"https:\/\/www.webdo.tn\/fr\/#organization","name":"Webdo","alternateName":"Webdo.tn","url":"https:\/\/www.webdo.tn\/fr\/","logo":{"@type":"ImageObject","inLanguage":"fr-FR","@id":"https:\/\/www.webdo.tn\/fr\/#\/schema\/logo\/image\/","url":"https:\/\/www.webdo.tn\/fr\/wp-content\/uploads\/2025\/06\/Webdo-Tunisie_168377.jpg","contentUrl":"https:\/\/www.webdo.tn\/fr\/wp-content\/uploads\/2025\/06\/Webdo-Tunisie_168377.jpg","width":301,"height":301,"caption":"Webdo"},"image":{"@id":"https:\/\/www.webdo.tn\/fr\/#\/schema\/logo\/image\/"},"sameAs":["https:\/\/www.facebook.com\/webdotn","https:\/\/x.com\/webdo_tn"],"description":"Webdo est un m\u00e9dia num\u00e9rique tunisien fond\u00e9 en 2010, sp\u00e9cialis\u00e9 dans l\u2019actualit\u00e9 nationale et internationale, l\u2019\u00e9conomie, la soci\u00e9t\u00e9 et les analyses politiques. Le site s\u2019adresse \u00e0 un large public francophone et couvre l\u2019information tunisienne en temps r\u00e9el.","email":"redac@webdo.tn","legalName":"YNJ SARL","foundingDate":"2010-09-06","numberOfEmployees":{"@type":"QuantitativeValue","minValue":"11","maxValue":"50"}},{"@type":"Person","@id":"https:\/\/www.webdo.tn\/fr\/#\/schema\/person\/9a9c6118d687c117df8ef3cc36a4d175","name":"webdo.tn","image":{"@type":"ImageObject","inLanguage":"fr-FR","@id":"https:\/\/secure.gravatar.com\/avatar\/7ce1f28c0c3bbac99ff550b85ef8e44a6950c6ee24514fb6a5489e51d06f0298?s=96&d=mm&r=g","url":"https:\/\/secure.gravatar.com\/avatar\/7ce1f28c0c3bbac99ff550b85ef8e44a6950c6ee24514fb6a5489e51d06f0298?s=96&d=mm&r=g","contentUrl":"https:\/\/secure.gravatar.com\/avatar\/7ce1f28c0c3bbac99ff550b85ef8e44a6950c6ee24514fb6a5489e51d06f0298?s=96&d=mm&r=g","caption":"webdo.tn"},"url":"https:\/\/www.webdo.tn\/fr\/actualite\/author\/webdotn\/"}]}},"_links":{"self":[{"href":"https:\/\/www.webdo.tn\/fr\/wp-json\/wp\/v2\/posts\/178640","targetHints":{"allow":["GET"]}}],"collection":[{"href":"https:\/\/www.webdo.tn\/fr\/wp-json\/wp\/v2\/posts"}],"about":[{"href":"https:\/\/www.webdo.tn\/fr\/wp-json\/wp\/v2\/types\/post"}],"author":[{"embeddable":true,"href":"https:\/\/www.webdo.tn\/fr\/wp-json\/wp\/v2\/users\/3222"}],"replies":[{"embeddable":true,"href":"https:\/\/www.webdo.tn\/fr\/wp-json\/wp\/v2\/comments?post=178640"}],"version-history":[{"count":0,"href":"https:\/\/www.webdo.tn\/fr\/wp-json\/wp\/v2\/posts\/178640\/revisions"}],"wp:featuredmedia":[{"embeddable":true,"href":"https:\/\/www.webdo.tn\/fr\/wp-json\/wp\/v2\/media\/376290"}],"wp:attachment":[{"href":"https:\/\/www.webdo.tn\/fr\/wp-json\/wp\/v2\/media?parent=178640"}],"wp:term":[{"taxonomy":"category","embeddable":true,"href":"https:\/\/www.webdo.tn\/fr\/wp-json\/wp\/v2\/categories?post=178640"},{"taxonomy":"post_tag","embeddable":true,"href":"https:\/\/www.webdo.tn\/fr\/wp-json\/wp\/v2\/tags?post=178640"}],"curies":[{"name":"wp","href":"https:\/\/api.w.org\/{rel}","templated":true}]}}