{"id":178639,"date":"2011-05-01T10:54:00","date_gmt":"2011-05-01T10:54:00","guid":{"rendered":"https:\/\/www.webdo.tn\/fr\/actualite\/blog\/evasions-des-prisons-les-tv-satellitaires-mises-a-l-index-par-les-geoliers\/178639\/"},"modified":"2011-05-01T10:54:00","modified_gmt":"2011-05-01T10:54:00","slug":"evasions-des-prisons-les-tv-satellitaires-mises-a-l-index-par-les-geoliers","status":"publish","type":"post","link":"https:\/\/www.webdo.tn\/fr\/actualite\/divers\/evasions-des-prisons-les-tv-satellitaires-mises-a-l-index-par-les-geoliers\/178639\/","title":{"rendered":"\u00c9vasions des prisons : les TV satellitaires mises \u00e0 l\u2019index par les ge\u00f4liers !"},"content":{"rendered":"<p>Les responsables et les agents du p\u00e9nitencier de Sfax en ont ras le bol, apparemment, des informations v\u00e9hicul\u00e9es ces derniers temps par les diff\u00e9rentes chaines satellitaires faisant \u00e9tat des \u00e9vasions qui se multiplient ces jours-ci, rapporte l&rsquo;agence TAP.<\/p>\n<p>Deux prisons, de Kasserine et de Gafsa en l\u2019occurrence, ont en effet vu un nombre important de leurs pensionnaires,\u00a0pas moins de 800, prendre la tangente. Sans compter les tentatives qui ont \u00e9t\u00e9 avort\u00e9es dans quatre autres institutions p\u00e9nitentiaires, dont la derni\u00e8re est la tentative d\u2019\u00e9vasion \u00e0 Borj Erroumi d&rsquo;hier!<\/p>\n<p>En tout \u00e9tat de cause, ces agents s\u2019insurgent contre les cha\u00eenes de TV, lesquelles n\u2019ont pas cess\u00e9 de diffuser les troubles secouant les prisons, ce qui a eu pour effet d\u2019encourager d\u2019autres prisonniers \u00e0 se sentir galvanis\u00e9s et \u00e0 tenter leur chance pour retrouver une libert\u00e9, ne serait-ce qu\u2019\u00e9ph\u00e9m\u00e8re.<\/p>\n<p>Les responsables, m\u00e9contents, n\u2019ont pas manqu\u00e9 par ailleurs de nous \u00e9difier sur le nombre des prisonniers qui, selon la m\u00eame source, est de l\u2019ordre de vingt mille huit cents (20800) d\u00e9tenus, abrit\u00e9s par vingt-sept (27) \u00e9tablissements. \u00c9tablissements qui disposent tous de t\u00e9l\u00e9viseurs.<\/p>\n","protected":false},"excerpt":{"rendered":"<p>\u00c9vasions des prisons : les TV satellitaires mises \u00e0 l\u2019index par les ge\u00f4liers !  <\/p>\n","protected":false},"author":3222,"featured_media":376290,"comment_status":"open","ping_status":"closed","sticky":false,"template":"","format":"standard","meta":{"footnotes":""},"categories":[2839],"tags":[],"class_list":["post-178639","post","type-post","status-publish","format-standard","has-post-thumbnail","hentry","category-divers"],"yoast_head":"<!-- This site is optimized with the Yoast SEO Premium plugin v27.4 (Yoast SEO v27.4) - https:\/\/yoast.com\/product\/yoast-seo-premium-wordpress\/ -->\n<title>\u00c9vasions des prisons : les TV satellitaires mises \u00e0 l\u2019index par les ge\u00f4liers !<\/title>\n<meta name=\"description\" content=\"\u00c9vasions des prisons : les TV satellitaires mises \u00e0 l\u2019index par les ge\u00f4liers !\" \/>\n<link rel=\"canonical\" href=\"https:\/\/www.webdo.tn\/fr\/actualite\/divers\/evasions-des-prisons-les-tv-satellitaires-mises-a-l-index-par-les-geoliers\/178639\/\" \/>\n<meta property=\"og:locale\" content=\"fr_FR\" \/>\n<meta property=\"og:type\" content=\"article\" \/>\n<meta property=\"og:title\" content=\"\u00c9vasions des prisons : les TV satellitaires mises \u00e0 l\u2019index par les ge\u00f4liers !\" \/>\n<meta property=\"og:description\" content=\"\u00c9vasions des prisons : les TV satellitaires mises \u00e0 l\u2019index par les ge\u00f4liers !\" \/>\n<meta property=\"og:url\" content=\"https:\/\/www.webdo.tn\/fr\/actualite\/divers\/evasions-des-prisons-les-tv-satellitaires-mises-a-l-index-par-les-geoliers\/178639\/\" \/>\n<meta property=\"og:site_name\" content=\"webdo\" \/>\n<meta property=\"article:publisher\" content=\"https:\/\/www.facebook.com\/webdotn\" \/>\n<meta property=\"article:published_time\" content=\"2011-05-01T10:54:00+00:00\" \/>\n<meta name=\"author\" content=\"webdo.tn\" \/>\n<meta name=\"twitter:card\" content=\"summary_large_image\" \/>\n<meta name=\"twitter:creator\" content=\"@webdo_tn\" \/>\n<meta name=\"twitter:site\" content=\"@webdo_tn\" \/>\n<meta name=\"twitter:label1\" content=\"\u00c9crit par\" \/>\n\t<meta name=\"twitter:data1\" content=\"webdo.tn\" \/>\n\t<meta name=\"twitter:label2\" content=\"Dur\u00e9e de lecture estim\u00e9e\" \/>\n\t<meta name=\"twitter:data2\" content=\"1 minute\" \/>\n<script type=\"application\/ld+json\" class=\"yoast-schema-graph\">{\"@context\":\"https:\\\/\\\/schema.org\",\"@graph\":[{\"@type\":\"NewsArticle\",\"@id\":\"https:\\\/\\\/www.webdo.tn\\\/fr\\\/actualite\\\/divers\\\/evasions-des-prisons-les-tv-satellitaires-mises-a-l-index-par-les-geoliers\\\/178639\\\/#article\",\"isPartOf\":{\"@id\":\"https:\\\/\\\/www.webdo.tn\\\/fr\\\/actualite\\\/divers\\\/evasions-des-prisons-les-tv-satellitaires-mises-a-l-index-par-les-geoliers\\\/178639\\\/\"},\"author\":{\"name\":\"webdo.tn\",\"@id\":\"https:\\\/\\\/www.webdo.tn\\\/fr\\\/#\\\/schema\\\/person\\\/9a9c6118d687c117df8ef3cc36a4d175\"},\"headline\":\"\u00c9vasions des prisons : les TV satellitaires mises \u00e0 l\u2019index par les ge\u00f4liers !\",\"datePublished\":\"2011-05-01T10:54:00+00:00\",\"mainEntityOfPage\":{\"@id\":\"https:\\\/\\\/www.webdo.tn\\\/fr\\\/actualite\\\/divers\\\/evasions-des-prisons-les-tv-satellitaires-mises-a-l-index-par-les-geoliers\\\/178639\\\/\"},\"wordCount\":214,\"commentCount\":0,\"publisher\":{\"@id\":\"https:\\\/\\\/www.webdo.tn\\\/fr\\\/#organization\"},\"image\":{\"@id\":\"https:\\\/\\\/www.webdo.tn\\\/fr\\\/actualite\\\/divers\\\/evasions-des-prisons-les-tv-satellitaires-mises-a-l-index-par-les-geoliers\\\/178639\\\/#primaryimage\"},\"thumbnailUrl\":\"https:\\\/\\\/www.webdo.tn\\\/fr\\\/wp-content\\\/uploads\\\/2025\\\/06\\\/FireShot-Capture-1063-webdo_default-53-750x375.jpg-750\u00d7375-www.webdo_.tn_.png\",\"articleSection\":[\"Divers\"],\"inLanguage\":\"fr-FR\"},{\"@type\":\"WebPage\",\"@id\":\"https:\\\/\\\/www.webdo.tn\\\/fr\\\/actualite\\\/divers\\\/evasions-des-prisons-les-tv-satellitaires-mises-a-l-index-par-les-geoliers\\\/178639\\\/\",\"url\":\"https:\\\/\\\/www.webdo.tn\\\/fr\\\/actualite\\\/divers\\\/evasions-des-prisons-les-tv-satellitaires-mises-a-l-index-par-les-geoliers\\\/178639\\\/\",\"name\":\"\u00c9vasions des prisons : les TV satellitaires mises \u00e0 l\u2019index par les ge\u00f4liers !\",\"isPartOf\":{\"@id\":\"https:\\\/\\\/www.webdo.tn\\\/fr\\\/#website\"},\"primaryImageOfPage\":{\"@id\":\"https:\\\/\\\/www.webdo.tn\\\/fr\\\/actualite\\\/divers\\\/evasions-des-prisons-les-tv-satellitaires-mises-a-l-index-par-les-geoliers\\\/178639\\\/#primaryimage\"},\"image\":{\"@id\":\"https:\\\/\\\/www.webdo.tn\\\/fr\\\/actualite\\\/divers\\\/evasions-des-prisons-les-tv-satellitaires-mises-a-l-index-par-les-geoliers\\\/178639\\\/#primaryimage\"},\"thumbnailUrl\":\"https:\\\/\\\/www.webdo.tn\\\/fr\\\/wp-content\\\/uploads\\\/2025\\\/06\\\/FireShot-Capture-1063-webdo_default-53-750x375.jpg-750\u00d7375-www.webdo_.tn_.png\",\"datePublished\":\"2011-05-01T10:54:00+00:00\",\"description\":\"\u00c9vasions des prisons : les TV satellitaires mises \u00e0 l\u2019index par les ge\u00f4liers !\",\"breadcrumb\":{\"@id\":\"https:\\\/\\\/www.webdo.tn\\\/fr\\\/actualite\\\/divers\\\/evasions-des-prisons-les-tv-satellitaires-mises-a-l-index-par-les-geoliers\\\/178639\\\/#breadcrumb\"},\"inLanguage\":\"fr-FR\",\"potentialAction\":[{\"@type\":\"ReadAction\",\"target\":[\"https:\\\/\\\/www.webdo.tn\\\/fr\\\/actualite\\\/divers\\\/evasions-des-prisons-les-tv-satellitaires-mises-a-l-index-par-les-geoliers\\\/178639\\\/\"]}]},{\"@type\":\"ImageObject\",\"inLanguage\":\"fr-FR\",\"@id\":\"https:\\\/\\\/www.webdo.tn\\\/fr\\\/actualite\\\/divers\\\/evasions-des-prisons-les-tv-satellitaires-mises-a-l-index-par-les-geoliers\\\/178639\\\/#primaryimage\",\"url\":\"https:\\\/\\\/www.webdo.tn\\\/fr\\\/wp-content\\\/uploads\\\/2025\\\/06\\\/FireShot-Capture-1063-webdo_default-53-750x375.jpg-750\u00d7375-www.webdo_.tn_.png\",\"contentUrl\":\"https:\\\/\\\/www.webdo.tn\\\/fr\\\/wp-content\\\/uploads\\\/2025\\\/06\\\/FireShot-Capture-1063-webdo_default-53-750x375.jpg-750\u00d7375-www.webdo_.tn_.png\",\"width\":746,\"height\":371},{\"@type\":\"BreadcrumbList\",\"@id\":\"https:\\\/\\\/www.webdo.tn\\\/fr\\\/actualite\\\/divers\\\/evasions-des-prisons-les-tv-satellitaires-mises-a-l-index-par-les-geoliers\\\/178639\\\/#breadcrumb\",\"itemListElement\":[{\"@type\":\"ListItem\",\"position\":1,\"name\":\"Accueil\",\"item\":\"https:\\\/\\\/www.webdo.tn\\\/fr\\\/\"},{\"@type\":\"ListItem\",\"position\":2,\"name\":\"\u00c9vasions des prisons : les TV satellitaires mises \u00e0 l\u2019index par les ge\u00f4liers !\"}]},{\"@type\":\"WebSite\",\"@id\":\"https:\\\/\\\/www.webdo.tn\\\/fr\\\/#website\",\"url\":\"https:\\\/\\\/www.webdo.tn\\\/fr\\\/\",\"name\":\"webdo\",\"description\":\"Tunisie - News en Tunisie et \u00e0 l&#039;international sur Webdo.tn\",\"publisher\":{\"@id\":\"https:\\\/\\\/www.webdo.tn\\\/fr\\\/#organization\"},\"potentialAction\":[{\"@type\":\"SearchAction\",\"target\":{\"@type\":\"EntryPoint\",\"urlTemplate\":\"https:\\\/\\\/www.webdo.tn\\\/fr\\\/?s={search_term_string}\"},\"query-input\":{\"@type\":\"PropertyValueSpecification\",\"valueRequired\":true,\"valueName\":\"search_term_string\"}}],\"inLanguage\":\"fr-FR\"},{\"@type\":\"Organization\",\"@id\":\"https:\\\/\\\/www.webdo.tn\\\/fr\\\/#organization\",\"name\":\"Webdo\",\"alternateName\":\"Webdo.tn\",\"url\":\"https:\\\/\\\/www.webdo.tn\\\/fr\\\/\",\"logo\":{\"@type\":\"ImageObject\",\"inLanguage\":\"fr-FR\",\"@id\":\"https:\\\/\\\/www.webdo.tn\\\/fr\\\/#\\\/schema\\\/logo\\\/image\\\/\",\"url\":\"https:\\\/\\\/www.webdo.tn\\\/fr\\\/wp-content\\\/uploads\\\/2025\\\/06\\\/Webdo-Tunisie_168377.jpg\",\"contentUrl\":\"https:\\\/\\\/www.webdo.tn\\\/fr\\\/wp-content\\\/uploads\\\/2025\\\/06\\\/Webdo-Tunisie_168377.jpg\",\"width\":301,\"height\":301,\"caption\":\"Webdo\"},\"image\":{\"@id\":\"https:\\\/\\\/www.webdo.tn\\\/fr\\\/#\\\/schema\\\/logo\\\/image\\\/\"},\"sameAs\":[\"https:\\\/\\\/www.facebook.com\\\/webdotn\",\"https:\\\/\\\/x.com\\\/webdo_tn\"],\"description\":\"Webdo est un m\u00e9dia num\u00e9rique tunisien fond\u00e9 en 2010, sp\u00e9cialis\u00e9 dans l\u2019actualit\u00e9 nationale et internationale, l\u2019\u00e9conomie, la soci\u00e9t\u00e9 et les analyses politiques. Le site s\u2019adresse \u00e0 un large public francophone et couvre l\u2019information tunisienne en temps r\u00e9el.\",\"email\":\"redac@webdo.tn\",\"legalName\":\"YNJ SARL\",\"foundingDate\":\"2010-09-06\",\"numberOfEmployees\":{\"@type\":\"QuantitativeValue\",\"minValue\":\"11\",\"maxValue\":\"50\"}},{\"@type\":\"Person\",\"@id\":\"https:\\\/\\\/www.webdo.tn\\\/fr\\\/#\\\/schema\\\/person\\\/9a9c6118d687c117df8ef3cc36a4d175\",\"name\":\"webdo.tn\",\"image\":{\"@type\":\"ImageObject\",\"inLanguage\":\"fr-FR\",\"@id\":\"https:\\\/\\\/secure.gravatar.com\\\/avatar\\\/7ce1f28c0c3bbac99ff550b85ef8e44a6950c6ee24514fb6a5489e51d06f0298?s=96&d=mm&r=g\",\"url\":\"https:\\\/\\\/secure.gravatar.com\\\/avatar\\\/7ce1f28c0c3bbac99ff550b85ef8e44a6950c6ee24514fb6a5489e51d06f0298?s=96&d=mm&r=g\",\"contentUrl\":\"https:\\\/\\\/secure.gravatar.com\\\/avatar\\\/7ce1f28c0c3bbac99ff550b85ef8e44a6950c6ee24514fb6a5489e51d06f0298?s=96&d=mm&r=g\",\"caption\":\"webdo.tn\"},\"url\":\"https:\\\/\\\/www.webdo.tn\\\/fr\\\/actualite\\\/author\\\/webdotn\\\/\"}]}<\/script>\n<!-- \/ Yoast SEO Premium plugin. -->","yoast_head_json":{"title":"\u00c9vasions des prisons : les TV satellitaires mises \u00e0 l\u2019index par les ge\u00f4liers !","description":"\u00c9vasions des prisons : les TV satellitaires mises \u00e0 l\u2019index par les ge\u00f4liers !","canonical":"https:\/\/www.webdo.tn\/fr\/actualite\/divers\/evasions-des-prisons-les-tv-satellitaires-mises-a-l-index-par-les-geoliers\/178639\/","og_locale":"fr_FR","og_type":"article","og_title":"\u00c9vasions des prisons : les TV satellitaires mises \u00e0 l\u2019index par les ge\u00f4liers !","og_description":"\u00c9vasions des prisons : les TV satellitaires mises \u00e0 l\u2019index par les ge\u00f4liers !","og_url":"https:\/\/www.webdo.tn\/fr\/actualite\/divers\/evasions-des-prisons-les-tv-satellitaires-mises-a-l-index-par-les-geoliers\/178639\/","og_site_name":"webdo","article_publisher":"https:\/\/www.facebook.com\/webdotn","article_published_time":"2011-05-01T10:54:00+00:00","author":"webdo.tn","twitter_card":"summary_large_image","twitter_creator":"@webdo_tn","twitter_site":"@webdo_tn","twitter_misc":{"\u00c9crit par":"webdo.tn","Dur\u00e9e de lecture estim\u00e9e":"1 minute"},"schema":{"@context":"https:\/\/schema.org","@graph":[{"@type":"NewsArticle","@id":"https:\/\/www.webdo.tn\/fr\/actualite\/divers\/evasions-des-prisons-les-tv-satellitaires-mises-a-l-index-par-les-geoliers\/178639\/#article","isPartOf":{"@id":"https:\/\/www.webdo.tn\/fr\/actualite\/divers\/evasions-des-prisons-les-tv-satellitaires-mises-a-l-index-par-les-geoliers\/178639\/"},"author":{"name":"webdo.tn","@id":"https:\/\/www.webdo.tn\/fr\/#\/schema\/person\/9a9c6118d687c117df8ef3cc36a4d175"},"headline":"\u00c9vasions des prisons : les TV satellitaires mises \u00e0 l\u2019index par les ge\u00f4liers !","datePublished":"2011-05-01T10:54:00+00:00","mainEntityOfPage":{"@id":"https:\/\/www.webdo.tn\/fr\/actualite\/divers\/evasions-des-prisons-les-tv-satellitaires-mises-a-l-index-par-les-geoliers\/178639\/"},"wordCount":214,"commentCount":0,"publisher":{"@id":"https:\/\/www.webdo.tn\/fr\/#organization"},"image":{"@id":"https:\/\/www.webdo.tn\/fr\/actualite\/divers\/evasions-des-prisons-les-tv-satellitaires-mises-a-l-index-par-les-geoliers\/178639\/#primaryimage"},"thumbnailUrl":"https:\/\/www.webdo.tn\/fr\/wp-content\/uploads\/2025\/06\/FireShot-Capture-1063-webdo_default-53-750x375.jpg-750\u00d7375-www.webdo_.tn_.png","articleSection":["Divers"],"inLanguage":"fr-FR"},{"@type":"WebPage","@id":"https:\/\/www.webdo.tn\/fr\/actualite\/divers\/evasions-des-prisons-les-tv-satellitaires-mises-a-l-index-par-les-geoliers\/178639\/","url":"https:\/\/www.webdo.tn\/fr\/actualite\/divers\/evasions-des-prisons-les-tv-satellitaires-mises-a-l-index-par-les-geoliers\/178639\/","name":"\u00c9vasions des prisons : les TV satellitaires mises \u00e0 l\u2019index par les ge\u00f4liers !","isPartOf":{"@id":"https:\/\/www.webdo.tn\/fr\/#website"},"primaryImageOfPage":{"@id":"https:\/\/www.webdo.tn\/fr\/actualite\/divers\/evasions-des-prisons-les-tv-satellitaires-mises-a-l-index-par-les-geoliers\/178639\/#primaryimage"},"image":{"@id":"https:\/\/www.webdo.tn\/fr\/actualite\/divers\/evasions-des-prisons-les-tv-satellitaires-mises-a-l-index-par-les-geoliers\/178639\/#primaryimage"},"thumbnailUrl":"https:\/\/www.webdo.tn\/fr\/wp-content\/uploads\/2025\/06\/FireShot-Capture-1063-webdo_default-53-750x375.jpg-750\u00d7375-www.webdo_.tn_.png","datePublished":"2011-05-01T10:54:00+00:00","description":"\u00c9vasions des prisons : les TV satellitaires mises \u00e0 l\u2019index par les ge\u00f4liers !","breadcrumb":{"@id":"https:\/\/www.webdo.tn\/fr\/actualite\/divers\/evasions-des-prisons-les-tv-satellitaires-mises-a-l-index-par-les-geoliers\/178639\/#breadcrumb"},"inLanguage":"fr-FR","potentialAction":[{"@type":"ReadAction","target":["https:\/\/www.webdo.tn\/fr\/actualite\/divers\/evasions-des-prisons-les-tv-satellitaires-mises-a-l-index-par-les-geoliers\/178639\/"]}]},{"@type":"ImageObject","inLanguage":"fr-FR","@id":"https:\/\/www.webdo.tn\/fr\/actualite\/divers\/evasions-des-prisons-les-tv-satellitaires-mises-a-l-index-par-les-geoliers\/178639\/#primaryimage","url":"https:\/\/www.webdo.tn\/fr\/wp-content\/uploads\/2025\/06\/FireShot-Capture-1063-webdo_default-53-750x375.jpg-750\u00d7375-www.webdo_.tn_.png","contentUrl":"https:\/\/www.webdo.tn\/fr\/wp-content\/uploads\/2025\/06\/FireShot-Capture-1063-webdo_default-53-750x375.jpg-750\u00d7375-www.webdo_.tn_.png","width":746,"height":371},{"@type":"BreadcrumbList","@id":"https:\/\/www.webdo.tn\/fr\/actualite\/divers\/evasions-des-prisons-les-tv-satellitaires-mises-a-l-index-par-les-geoliers\/178639\/#breadcrumb","itemListElement":[{"@type":"ListItem","position":1,"name":"Accueil","item":"https:\/\/www.webdo.tn\/fr\/"},{"@type":"ListItem","position":2,"name":"\u00c9vasions des prisons : les TV satellitaires mises \u00e0 l\u2019index par les ge\u00f4liers !"}]},{"@type":"WebSite","@id":"https:\/\/www.webdo.tn\/fr\/#website","url":"https:\/\/www.webdo.tn\/fr\/","name":"webdo","description":"Tunisie - News en Tunisie et \u00e0 l&#039;international sur Webdo.tn","publisher":{"@id":"https:\/\/www.webdo.tn\/fr\/#organization"},"potentialAction":[{"@type":"SearchAction","target":{"@type":"EntryPoint","urlTemplate":"https:\/\/www.webdo.tn\/fr\/?s={search_term_string}"},"query-input":{"@type":"PropertyValueSpecification","valueRequired":true,"valueName":"search_term_string"}}],"inLanguage":"fr-FR"},{"@type":"Organization","@id":"https:\/\/www.webdo.tn\/fr\/#organization","name":"Webdo","alternateName":"Webdo.tn","url":"https:\/\/www.webdo.tn\/fr\/","logo":{"@type":"ImageObject","inLanguage":"fr-FR","@id":"https:\/\/www.webdo.tn\/fr\/#\/schema\/logo\/image\/","url":"https:\/\/www.webdo.tn\/fr\/wp-content\/uploads\/2025\/06\/Webdo-Tunisie_168377.jpg","contentUrl":"https:\/\/www.webdo.tn\/fr\/wp-content\/uploads\/2025\/06\/Webdo-Tunisie_168377.jpg","width":301,"height":301,"caption":"Webdo"},"image":{"@id":"https:\/\/www.webdo.tn\/fr\/#\/schema\/logo\/image\/"},"sameAs":["https:\/\/www.facebook.com\/webdotn","https:\/\/x.com\/webdo_tn"],"description":"Webdo est un m\u00e9dia num\u00e9rique tunisien fond\u00e9 en 2010, sp\u00e9cialis\u00e9 dans l\u2019actualit\u00e9 nationale et internationale, l\u2019\u00e9conomie, la soci\u00e9t\u00e9 et les analyses politiques. Le site s\u2019adresse \u00e0 un large public francophone et couvre l\u2019information tunisienne en temps r\u00e9el.","email":"redac@webdo.tn","legalName":"YNJ SARL","foundingDate":"2010-09-06","numberOfEmployees":{"@type":"QuantitativeValue","minValue":"11","maxValue":"50"}},{"@type":"Person","@id":"https:\/\/www.webdo.tn\/fr\/#\/schema\/person\/9a9c6118d687c117df8ef3cc36a4d175","name":"webdo.tn","image":{"@type":"ImageObject","inLanguage":"fr-FR","@id":"https:\/\/secure.gravatar.com\/avatar\/7ce1f28c0c3bbac99ff550b85ef8e44a6950c6ee24514fb6a5489e51d06f0298?s=96&d=mm&r=g","url":"https:\/\/secure.gravatar.com\/avatar\/7ce1f28c0c3bbac99ff550b85ef8e44a6950c6ee24514fb6a5489e51d06f0298?s=96&d=mm&r=g","contentUrl":"https:\/\/secure.gravatar.com\/avatar\/7ce1f28c0c3bbac99ff550b85ef8e44a6950c6ee24514fb6a5489e51d06f0298?s=96&d=mm&r=g","caption":"webdo.tn"},"url":"https:\/\/www.webdo.tn\/fr\/actualite\/author\/webdotn\/"}]}},"_links":{"self":[{"href":"https:\/\/www.webdo.tn\/fr\/wp-json\/wp\/v2\/posts\/178639","targetHints":{"allow":["GET"]}}],"collection":[{"href":"https:\/\/www.webdo.tn\/fr\/wp-json\/wp\/v2\/posts"}],"about":[{"href":"https:\/\/www.webdo.tn\/fr\/wp-json\/wp\/v2\/types\/post"}],"author":[{"embeddable":true,"href":"https:\/\/www.webdo.tn\/fr\/wp-json\/wp\/v2\/users\/3222"}],"replies":[{"embeddable":true,"href":"https:\/\/www.webdo.tn\/fr\/wp-json\/wp\/v2\/comments?post=178639"}],"version-history":[{"count":0,"href":"https:\/\/www.webdo.tn\/fr\/wp-json\/wp\/v2\/posts\/178639\/revisions"}],"wp:featuredmedia":[{"embeddable":true,"href":"https:\/\/www.webdo.tn\/fr\/wp-json\/wp\/v2\/media\/376290"}],"wp:attachment":[{"href":"https:\/\/www.webdo.tn\/fr\/wp-json\/wp\/v2\/media?parent=178639"}],"wp:term":[{"taxonomy":"category","embeddable":true,"href":"https:\/\/www.webdo.tn\/fr\/wp-json\/wp\/v2\/categories?post=178639"},{"taxonomy":"post_tag","embeddable":true,"href":"https:\/\/www.webdo.tn\/fr\/wp-json\/wp\/v2\/tags?post=178639"}],"curies":[{"name":"wp","href":"https:\/\/api.w.org\/{rel}","templated":true}]}}