{"id":178637,"date":"2011-05-02T10:44:00","date_gmt":"2011-05-02T10:44:00","guid":{"rendered":"https:\/\/www.webdo.tn\/fr\/actualite\/blog\/que-d-interrogations-autour-de-la-photo-de-ben-laden-mort\/178637\/"},"modified":"2011-05-02T10:44:00","modified_gmt":"2011-05-02T10:44:00","slug":"que-d-interrogations-autour-de-la-photo-de-ben-laden-mort","status":"publish","type":"post","link":"https:\/\/www.webdo.tn\/fr\/actualite\/divers\/que-d-interrogations-autour-de-la-photo-de-ben-laden-mort\/178637\/","title":{"rendered":"Que d\u2019interrogations autour de la photo de Ben Laden mort (Mise \u00e0 jour)"},"content":{"rendered":"<p>Depuis ce matin, les m\u00e9dias du monde entier, notamment Al Jazeera, passent en boucle le pr\u00e9tendu visage de Ben Laden mort. Un visage partiellement d\u00e9figur\u00e9 qui ne permet pas de l\u2019authentifier de mani\u00e8re formelle, malgr\u00e9 sa grande ressemblance avec le chef d\u2019Al Qaida.<\/p>\n<p>N\u00e9anmoins, \u00e0 y voir de plus pr\u00e8s, plusieurs voix sur Facebook s&rsquo;interrogent sur la cr\u00e9dibilit\u00e9 de cet instantan\u00e9.<\/p>\n<p>L\u2019empreinte quasi \u00e9vidente d\u2019un logiciel de retouche d\u2019image sur cette photo a soulev\u00e9 cette interrogation. En effet, les pixels formant les yeux de Ben Laden ont intrigu\u00e9 les utilisateurs de Facebook. Des photos, comme celle-ci, circulent ainsi sur le r\u00e9seau, pour mettre en avant cette hypoth\u00e8se.<\/p>\n<p>Mais ce n\u2019est pas tout, les derni\u00e8res vid\u00e9os d\u2019Oussama Ben Laden le montraient vieilli, fatigu\u00e9, avec plusieurs cheveux blancs, surtout dans la barbe. O\u00f9 sont-ils sur la photo de sa mort ? Se serait-il fait teindre la barbe quelques heures avant sa mort ?<\/p>\n<p>Enfin, une petite recherche sur Google permet de retrouver plusieurs sites publiant cette m\u00eame image. Cependant, ces publications datent de 2010. \u00c0 cette \u00e9poque, ces sites se demandaient si cette photo d\u2019un mort dans des affrontements en Afghanistan \u00e9tait bel et bien Ben Laden.<\/p>\n<p>Toutes ces interrogations ne font que donner plus de cr\u00e9dit aux Taliban pakistanais qui ont d\u00e9menti l\u2019information sur l\u2019assassinat de Ben Laden\u2026<\/p>\n<p>Mise \u00e0 jour: Les cha\u00eenes de t\u00e9l\u00e9visions pakistanaises qui ont montr\u00e9, les premiers, la photo d&rsquo;un visage partiellement d\u00e9figur\u00e9 de Ben Laden mort ont admis qu&rsquo;il s&rsquo;agissait d&rsquo;un faux.<br \/>\nLa m\u00eame photo qui a \u00e9t\u00e9 aussi relay\u00e9e par BBC, CNN, BFM TV, i-TELE a \u00e9t\u00e9, ensuite, retir\u00e9e de toutes les antennes.<\/p>\n<p>https:\/\/www.facebook.com\/photo.php?fbid=164191036975374&#038;set=a.145533848841093.29395.145532082174603&#038;type=1&#038;ref=nf<\/p>\n","protected":false},"excerpt":{"rendered":"<p>Que d\u2019interrogations autour de la photo de Ben Laden mort (Mise \u00e0 jour)<\/p>\n","protected":false},"author":3222,"featured_media":365886,"comment_status":"open","ping_status":"closed","sticky":false,"template":"","format":"standard","meta":{"footnotes":""},"categories":[2839],"tags":[],"class_list":["post-178637","post","type-post","status-publish","format-standard","has-post-thumbnail","hentry","category-divers"],"yoast_head":"<!-- This site is optimized with the Yoast SEO Premium plugin v27.4 (Yoast SEO v27.4) - https:\/\/yoast.com\/product\/yoast-seo-premium-wordpress\/ -->\n<title>Que d\u2019interrogations autour de la photo de Ben Laden mort (Mise \u00e0 jour)<\/title>\n<meta name=\"description\" content=\"Que d\u2019interrogations autour de la photo de Ben Laden mort (Mise \u00e0 jour)\" \/>\n<link rel=\"canonical\" href=\"https:\/\/www.webdo.tn\/fr\/actualite\/divers\/que-d-interrogations-autour-de-la-photo-de-ben-laden-mort\/178637\/\" \/>\n<meta property=\"og:locale\" content=\"fr_FR\" \/>\n<meta property=\"og:type\" content=\"article\" \/>\n<meta property=\"og:title\" content=\"Que d\u2019interrogations autour de la photo de Ben Laden mort (Mise \u00e0 jour)\" \/>\n<meta property=\"og:description\" content=\"Que d\u2019interrogations autour de la photo de Ben Laden mort (Mise \u00e0 jour)\" \/>\n<meta property=\"og:url\" content=\"https:\/\/www.webdo.tn\/fr\/actualite\/divers\/que-d-interrogations-autour-de-la-photo-de-ben-laden-mort\/178637\/\" \/>\n<meta property=\"og:site_name\" content=\"webdo\" \/>\n<meta property=\"article:publisher\" content=\"https:\/\/www.facebook.com\/webdotn\" \/>\n<meta property=\"article:published_time\" content=\"2011-05-02T10:44:00+00:00\" \/>\n<meta property=\"og:image\" content=\"https:\/\/www.webdo.tn\/fr\/wp-content\/uploads\/2011\/05\/Photo-de-Ben-Laden-avant-et-apres-sa-mort.jpg\" \/>\n\t<meta property=\"og:image:width\" content=\"528\" \/>\n\t<meta property=\"og:image:height\" content=\"362\" \/>\n\t<meta property=\"og:image:type\" content=\"image\/jpeg\" \/>\n<meta name=\"author\" content=\"webdo.tn\" \/>\n<meta name=\"twitter:card\" content=\"summary_large_image\" \/>\n<meta name=\"twitter:creator\" content=\"@webdo_tn\" \/>\n<meta name=\"twitter:site\" content=\"@webdo_tn\" \/>\n<meta name=\"twitter:label1\" content=\"\u00c9crit par\" \/>\n\t<meta name=\"twitter:data1\" content=\"webdo.tn\" \/>\n\t<meta name=\"twitter:label2\" content=\"Dur\u00e9e de lecture estim\u00e9e\" \/>\n\t<meta name=\"twitter:data2\" content=\"2 minutes\" \/>\n<script type=\"application\/ld+json\" class=\"yoast-schema-graph\">{\"@context\":\"https:\\\/\\\/schema.org\",\"@graph\":[{\"@type\":\"NewsArticle\",\"@id\":\"https:\\\/\\\/www.webdo.tn\\\/fr\\\/actualite\\\/divers\\\/que-d-interrogations-autour-de-la-photo-de-ben-laden-mort\\\/178637\\\/#article\",\"isPartOf\":{\"@id\":\"https:\\\/\\\/www.webdo.tn\\\/fr\\\/actualite\\\/divers\\\/que-d-interrogations-autour-de-la-photo-de-ben-laden-mort\\\/178637\\\/\"},\"author\":{\"name\":\"webdo.tn\",\"@id\":\"https:\\\/\\\/www.webdo.tn\\\/fr\\\/#\\\/schema\\\/person\\\/9a9c6118d687c117df8ef3cc36a4d175\"},\"headline\":\"Que d\u2019interrogations autour de la photo de Ben Laden mort (Mise \u00e0 jour)\",\"datePublished\":\"2011-05-02T10:44:00+00:00\",\"mainEntityOfPage\":{\"@id\":\"https:\\\/\\\/www.webdo.tn\\\/fr\\\/actualite\\\/divers\\\/que-d-interrogations-autour-de-la-photo-de-ben-laden-mort\\\/178637\\\/\"},\"wordCount\":326,\"commentCount\":0,\"publisher\":{\"@id\":\"https:\\\/\\\/www.webdo.tn\\\/fr\\\/#organization\"},\"image\":{\"@id\":\"https:\\\/\\\/www.webdo.tn\\\/fr\\\/actualite\\\/divers\\\/que-d-interrogations-autour-de-la-photo-de-ben-laden-mort\\\/178637\\\/#primaryimage\"},\"thumbnailUrl\":\"https:\\\/\\\/www.webdo.tn\\\/fr\\\/wp-content\\\/uploads\\\/2011\\\/05\\\/Photo-de-Ben-Laden-avant-et-apres-sa-mort.jpg\",\"articleSection\":[\"Divers\"],\"inLanguage\":\"fr-FR\"},{\"@type\":\"WebPage\",\"@id\":\"https:\\\/\\\/www.webdo.tn\\\/fr\\\/actualite\\\/divers\\\/que-d-interrogations-autour-de-la-photo-de-ben-laden-mort\\\/178637\\\/\",\"url\":\"https:\\\/\\\/www.webdo.tn\\\/fr\\\/actualite\\\/divers\\\/que-d-interrogations-autour-de-la-photo-de-ben-laden-mort\\\/178637\\\/\",\"name\":\"Que d\u2019interrogations autour de la photo de Ben Laden mort (Mise \u00e0 jour)\",\"isPartOf\":{\"@id\":\"https:\\\/\\\/www.webdo.tn\\\/fr\\\/#website\"},\"primaryImageOfPage\":{\"@id\":\"https:\\\/\\\/www.webdo.tn\\\/fr\\\/actualite\\\/divers\\\/que-d-interrogations-autour-de-la-photo-de-ben-laden-mort\\\/178637\\\/#primaryimage\"},\"image\":{\"@id\":\"https:\\\/\\\/www.webdo.tn\\\/fr\\\/actualite\\\/divers\\\/que-d-interrogations-autour-de-la-photo-de-ben-laden-mort\\\/178637\\\/#primaryimage\"},\"thumbnailUrl\":\"https:\\\/\\\/www.webdo.tn\\\/fr\\\/wp-content\\\/uploads\\\/2011\\\/05\\\/Photo-de-Ben-Laden-avant-et-apres-sa-mort.jpg\",\"datePublished\":\"2011-05-02T10:44:00+00:00\",\"description\":\"Que d\u2019interrogations autour de la photo de Ben Laden mort (Mise \u00e0 jour)\",\"breadcrumb\":{\"@id\":\"https:\\\/\\\/www.webdo.tn\\\/fr\\\/actualite\\\/divers\\\/que-d-interrogations-autour-de-la-photo-de-ben-laden-mort\\\/178637\\\/#breadcrumb\"},\"inLanguage\":\"fr-FR\",\"potentialAction\":[{\"@type\":\"ReadAction\",\"target\":[\"https:\\\/\\\/www.webdo.tn\\\/fr\\\/actualite\\\/divers\\\/que-d-interrogations-autour-de-la-photo-de-ben-laden-mort\\\/178637\\\/\"]}]},{\"@type\":\"ImageObject\",\"inLanguage\":\"fr-FR\",\"@id\":\"https:\\\/\\\/www.webdo.tn\\\/fr\\\/actualite\\\/divers\\\/que-d-interrogations-autour-de-la-photo-de-ben-laden-mort\\\/178637\\\/#primaryimage\",\"url\":\"https:\\\/\\\/www.webdo.tn\\\/fr\\\/wp-content\\\/uploads\\\/2011\\\/05\\\/Photo-de-Ben-Laden-avant-et-apres-sa-mort.jpg\",\"contentUrl\":\"https:\\\/\\\/www.webdo.tn\\\/fr\\\/wp-content\\\/uploads\\\/2011\\\/05\\\/Photo-de-Ben-Laden-avant-et-apres-sa-mort.jpg\",\"width\":528,\"height\":362,\"caption\":\"Que d\u2019interrogations autour de la photo de Ben Laden mort (Mise \u00e0 jour)\"},{\"@type\":\"BreadcrumbList\",\"@id\":\"https:\\\/\\\/www.webdo.tn\\\/fr\\\/actualite\\\/divers\\\/que-d-interrogations-autour-de-la-photo-de-ben-laden-mort\\\/178637\\\/#breadcrumb\",\"itemListElement\":[{\"@type\":\"ListItem\",\"position\":1,\"name\":\"Accueil\",\"item\":\"https:\\\/\\\/www.webdo.tn\\\/fr\\\/\"},{\"@type\":\"ListItem\",\"position\":2,\"name\":\"Que d\u2019interrogations autour de la photo de Ben Laden mort (Mise \u00e0 jour)\"}]},{\"@type\":\"WebSite\",\"@id\":\"https:\\\/\\\/www.webdo.tn\\\/fr\\\/#website\",\"url\":\"https:\\\/\\\/www.webdo.tn\\\/fr\\\/\",\"name\":\"webdo\",\"description\":\"Tunisie - News en Tunisie et \u00e0 l&#039;international sur Webdo.tn\",\"publisher\":{\"@id\":\"https:\\\/\\\/www.webdo.tn\\\/fr\\\/#organization\"},\"potentialAction\":[{\"@type\":\"SearchAction\",\"target\":{\"@type\":\"EntryPoint\",\"urlTemplate\":\"https:\\\/\\\/www.webdo.tn\\\/fr\\\/?s={search_term_string}\"},\"query-input\":{\"@type\":\"PropertyValueSpecification\",\"valueRequired\":true,\"valueName\":\"search_term_string\"}}],\"inLanguage\":\"fr-FR\"},{\"@type\":\"Organization\",\"@id\":\"https:\\\/\\\/www.webdo.tn\\\/fr\\\/#organization\",\"name\":\"Webdo\",\"alternateName\":\"Webdo.tn\",\"url\":\"https:\\\/\\\/www.webdo.tn\\\/fr\\\/\",\"logo\":{\"@type\":\"ImageObject\",\"inLanguage\":\"fr-FR\",\"@id\":\"https:\\\/\\\/www.webdo.tn\\\/fr\\\/#\\\/schema\\\/logo\\\/image\\\/\",\"url\":\"https:\\\/\\\/www.webdo.tn\\\/fr\\\/wp-content\\\/uploads\\\/2025\\\/06\\\/Webdo-Tunisie_168377.jpg\",\"contentUrl\":\"https:\\\/\\\/www.webdo.tn\\\/fr\\\/wp-content\\\/uploads\\\/2025\\\/06\\\/Webdo-Tunisie_168377.jpg\",\"width\":301,\"height\":301,\"caption\":\"Webdo\"},\"image\":{\"@id\":\"https:\\\/\\\/www.webdo.tn\\\/fr\\\/#\\\/schema\\\/logo\\\/image\\\/\"},\"sameAs\":[\"https:\\\/\\\/www.facebook.com\\\/webdotn\",\"https:\\\/\\\/x.com\\\/webdo_tn\"],\"description\":\"Webdo est un m\u00e9dia num\u00e9rique tunisien fond\u00e9 en 2010, sp\u00e9cialis\u00e9 dans l\u2019actualit\u00e9 nationale et internationale, l\u2019\u00e9conomie, la soci\u00e9t\u00e9 et les analyses politiques. Le site s\u2019adresse \u00e0 un large public francophone et couvre l\u2019information tunisienne en temps r\u00e9el.\",\"email\":\"redac@webdo.tn\",\"legalName\":\"YNJ SARL\",\"foundingDate\":\"2010-09-06\",\"numberOfEmployees\":{\"@type\":\"QuantitativeValue\",\"minValue\":\"11\",\"maxValue\":\"50\"}},{\"@type\":\"Person\",\"@id\":\"https:\\\/\\\/www.webdo.tn\\\/fr\\\/#\\\/schema\\\/person\\\/9a9c6118d687c117df8ef3cc36a4d175\",\"name\":\"webdo.tn\",\"image\":{\"@type\":\"ImageObject\",\"inLanguage\":\"fr-FR\",\"@id\":\"https:\\\/\\\/secure.gravatar.com\\\/avatar\\\/7ce1f28c0c3bbac99ff550b85ef8e44a6950c6ee24514fb6a5489e51d06f0298?s=96&d=mm&r=g\",\"url\":\"https:\\\/\\\/secure.gravatar.com\\\/avatar\\\/7ce1f28c0c3bbac99ff550b85ef8e44a6950c6ee24514fb6a5489e51d06f0298?s=96&d=mm&r=g\",\"contentUrl\":\"https:\\\/\\\/secure.gravatar.com\\\/avatar\\\/7ce1f28c0c3bbac99ff550b85ef8e44a6950c6ee24514fb6a5489e51d06f0298?s=96&d=mm&r=g\",\"caption\":\"webdo.tn\"},\"url\":\"https:\\\/\\\/www.webdo.tn\\\/fr\\\/actualite\\\/author\\\/webdotn\\\/\"}]}<\/script>\n<!-- \/ Yoast SEO Premium plugin. -->","yoast_head_json":{"title":"Que d\u2019interrogations autour de la photo de Ben Laden mort (Mise \u00e0 jour)","description":"Que d\u2019interrogations autour de la photo de Ben Laden mort (Mise \u00e0 jour)","canonical":"https:\/\/www.webdo.tn\/fr\/actualite\/divers\/que-d-interrogations-autour-de-la-photo-de-ben-laden-mort\/178637\/","og_locale":"fr_FR","og_type":"article","og_title":"Que d\u2019interrogations autour de la photo de Ben Laden mort (Mise \u00e0 jour)","og_description":"Que d\u2019interrogations autour de la photo de Ben Laden mort (Mise \u00e0 jour)","og_url":"https:\/\/www.webdo.tn\/fr\/actualite\/divers\/que-d-interrogations-autour-de-la-photo-de-ben-laden-mort\/178637\/","og_site_name":"webdo","article_publisher":"https:\/\/www.facebook.com\/webdotn","article_published_time":"2011-05-02T10:44:00+00:00","og_image":[{"width":528,"height":362,"url":"https:\/\/www.webdo.tn\/fr\/wp-content\/uploads\/2011\/05\/Photo-de-Ben-Laden-avant-et-apres-sa-mort.jpg","type":"image\/jpeg"}],"author":"webdo.tn","twitter_card":"summary_large_image","twitter_creator":"@webdo_tn","twitter_site":"@webdo_tn","twitter_misc":{"\u00c9crit par":"webdo.tn","Dur\u00e9e de lecture estim\u00e9e":"2 minutes"},"schema":{"@context":"https:\/\/schema.org","@graph":[{"@type":"NewsArticle","@id":"https:\/\/www.webdo.tn\/fr\/actualite\/divers\/que-d-interrogations-autour-de-la-photo-de-ben-laden-mort\/178637\/#article","isPartOf":{"@id":"https:\/\/www.webdo.tn\/fr\/actualite\/divers\/que-d-interrogations-autour-de-la-photo-de-ben-laden-mort\/178637\/"},"author":{"name":"webdo.tn","@id":"https:\/\/www.webdo.tn\/fr\/#\/schema\/person\/9a9c6118d687c117df8ef3cc36a4d175"},"headline":"Que d\u2019interrogations autour de la photo de Ben Laden mort (Mise \u00e0 jour)","datePublished":"2011-05-02T10:44:00+00:00","mainEntityOfPage":{"@id":"https:\/\/www.webdo.tn\/fr\/actualite\/divers\/que-d-interrogations-autour-de-la-photo-de-ben-laden-mort\/178637\/"},"wordCount":326,"commentCount":0,"publisher":{"@id":"https:\/\/www.webdo.tn\/fr\/#organization"},"image":{"@id":"https:\/\/www.webdo.tn\/fr\/actualite\/divers\/que-d-interrogations-autour-de-la-photo-de-ben-laden-mort\/178637\/#primaryimage"},"thumbnailUrl":"https:\/\/www.webdo.tn\/fr\/wp-content\/uploads\/2011\/05\/Photo-de-Ben-Laden-avant-et-apres-sa-mort.jpg","articleSection":["Divers"],"inLanguage":"fr-FR"},{"@type":"WebPage","@id":"https:\/\/www.webdo.tn\/fr\/actualite\/divers\/que-d-interrogations-autour-de-la-photo-de-ben-laden-mort\/178637\/","url":"https:\/\/www.webdo.tn\/fr\/actualite\/divers\/que-d-interrogations-autour-de-la-photo-de-ben-laden-mort\/178637\/","name":"Que d\u2019interrogations autour de la photo de Ben Laden mort (Mise \u00e0 jour)","isPartOf":{"@id":"https:\/\/www.webdo.tn\/fr\/#website"},"primaryImageOfPage":{"@id":"https:\/\/www.webdo.tn\/fr\/actualite\/divers\/que-d-interrogations-autour-de-la-photo-de-ben-laden-mort\/178637\/#primaryimage"},"image":{"@id":"https:\/\/www.webdo.tn\/fr\/actualite\/divers\/que-d-interrogations-autour-de-la-photo-de-ben-laden-mort\/178637\/#primaryimage"},"thumbnailUrl":"https:\/\/www.webdo.tn\/fr\/wp-content\/uploads\/2011\/05\/Photo-de-Ben-Laden-avant-et-apres-sa-mort.jpg","datePublished":"2011-05-02T10:44:00+00:00","description":"Que d\u2019interrogations autour de la photo de Ben Laden mort (Mise \u00e0 jour)","breadcrumb":{"@id":"https:\/\/www.webdo.tn\/fr\/actualite\/divers\/que-d-interrogations-autour-de-la-photo-de-ben-laden-mort\/178637\/#breadcrumb"},"inLanguage":"fr-FR","potentialAction":[{"@type":"ReadAction","target":["https:\/\/www.webdo.tn\/fr\/actualite\/divers\/que-d-interrogations-autour-de-la-photo-de-ben-laden-mort\/178637\/"]}]},{"@type":"ImageObject","inLanguage":"fr-FR","@id":"https:\/\/www.webdo.tn\/fr\/actualite\/divers\/que-d-interrogations-autour-de-la-photo-de-ben-laden-mort\/178637\/#primaryimage","url":"https:\/\/www.webdo.tn\/fr\/wp-content\/uploads\/2011\/05\/Photo-de-Ben-Laden-avant-et-apres-sa-mort.jpg","contentUrl":"https:\/\/www.webdo.tn\/fr\/wp-content\/uploads\/2011\/05\/Photo-de-Ben-Laden-avant-et-apres-sa-mort.jpg","width":528,"height":362,"caption":"Que d\u2019interrogations autour de la photo de Ben Laden mort (Mise \u00e0 jour)"},{"@type":"BreadcrumbList","@id":"https:\/\/www.webdo.tn\/fr\/actualite\/divers\/que-d-interrogations-autour-de-la-photo-de-ben-laden-mort\/178637\/#breadcrumb","itemListElement":[{"@type":"ListItem","position":1,"name":"Accueil","item":"https:\/\/www.webdo.tn\/fr\/"},{"@type":"ListItem","position":2,"name":"Que d\u2019interrogations autour de la photo de Ben Laden mort (Mise \u00e0 jour)"}]},{"@type":"WebSite","@id":"https:\/\/www.webdo.tn\/fr\/#website","url":"https:\/\/www.webdo.tn\/fr\/","name":"webdo","description":"Tunisie - News en Tunisie et \u00e0 l&#039;international sur Webdo.tn","publisher":{"@id":"https:\/\/www.webdo.tn\/fr\/#organization"},"potentialAction":[{"@type":"SearchAction","target":{"@type":"EntryPoint","urlTemplate":"https:\/\/www.webdo.tn\/fr\/?s={search_term_string}"},"query-input":{"@type":"PropertyValueSpecification","valueRequired":true,"valueName":"search_term_string"}}],"inLanguage":"fr-FR"},{"@type":"Organization","@id":"https:\/\/www.webdo.tn\/fr\/#organization","name":"Webdo","alternateName":"Webdo.tn","url":"https:\/\/www.webdo.tn\/fr\/","logo":{"@type":"ImageObject","inLanguage":"fr-FR","@id":"https:\/\/www.webdo.tn\/fr\/#\/schema\/logo\/image\/","url":"https:\/\/www.webdo.tn\/fr\/wp-content\/uploads\/2025\/06\/Webdo-Tunisie_168377.jpg","contentUrl":"https:\/\/www.webdo.tn\/fr\/wp-content\/uploads\/2025\/06\/Webdo-Tunisie_168377.jpg","width":301,"height":301,"caption":"Webdo"},"image":{"@id":"https:\/\/www.webdo.tn\/fr\/#\/schema\/logo\/image\/"},"sameAs":["https:\/\/www.facebook.com\/webdotn","https:\/\/x.com\/webdo_tn"],"description":"Webdo est un m\u00e9dia num\u00e9rique tunisien fond\u00e9 en 2010, sp\u00e9cialis\u00e9 dans l\u2019actualit\u00e9 nationale et internationale, l\u2019\u00e9conomie, la soci\u00e9t\u00e9 et les analyses politiques. Le site s\u2019adresse \u00e0 un large public francophone et couvre l\u2019information tunisienne en temps r\u00e9el.","email":"redac@webdo.tn","legalName":"YNJ SARL","foundingDate":"2010-09-06","numberOfEmployees":{"@type":"QuantitativeValue","minValue":"11","maxValue":"50"}},{"@type":"Person","@id":"https:\/\/www.webdo.tn\/fr\/#\/schema\/person\/9a9c6118d687c117df8ef3cc36a4d175","name":"webdo.tn","image":{"@type":"ImageObject","inLanguage":"fr-FR","@id":"https:\/\/secure.gravatar.com\/avatar\/7ce1f28c0c3bbac99ff550b85ef8e44a6950c6ee24514fb6a5489e51d06f0298?s=96&d=mm&r=g","url":"https:\/\/secure.gravatar.com\/avatar\/7ce1f28c0c3bbac99ff550b85ef8e44a6950c6ee24514fb6a5489e51d06f0298?s=96&d=mm&r=g","contentUrl":"https:\/\/secure.gravatar.com\/avatar\/7ce1f28c0c3bbac99ff550b85ef8e44a6950c6ee24514fb6a5489e51d06f0298?s=96&d=mm&r=g","caption":"webdo.tn"},"url":"https:\/\/www.webdo.tn\/fr\/actualite\/author\/webdotn\/"}]}},"_links":{"self":[{"href":"https:\/\/www.webdo.tn\/fr\/wp-json\/wp\/v2\/posts\/178637","targetHints":{"allow":["GET"]}}],"collection":[{"href":"https:\/\/www.webdo.tn\/fr\/wp-json\/wp\/v2\/posts"}],"about":[{"href":"https:\/\/www.webdo.tn\/fr\/wp-json\/wp\/v2\/types\/post"}],"author":[{"embeddable":true,"href":"https:\/\/www.webdo.tn\/fr\/wp-json\/wp\/v2\/users\/3222"}],"replies":[{"embeddable":true,"href":"https:\/\/www.webdo.tn\/fr\/wp-json\/wp\/v2\/comments?post=178637"}],"version-history":[{"count":0,"href":"https:\/\/www.webdo.tn\/fr\/wp-json\/wp\/v2\/posts\/178637\/revisions"}],"wp:featuredmedia":[{"embeddable":true,"href":"https:\/\/www.webdo.tn\/fr\/wp-json\/wp\/v2\/media\/365886"}],"wp:attachment":[{"href":"https:\/\/www.webdo.tn\/fr\/wp-json\/wp\/v2\/media?parent=178637"}],"wp:term":[{"taxonomy":"category","embeddable":true,"href":"https:\/\/www.webdo.tn\/fr\/wp-json\/wp\/v2\/categories?post=178637"},{"taxonomy":"post_tag","embeddable":true,"href":"https:\/\/www.webdo.tn\/fr\/wp-json\/wp\/v2\/tags?post=178637"}],"curies":[{"name":"wp","href":"https:\/\/api.w.org\/{rel}","templated":true}]}}