{"id":178634,"date":"2011-05-02T20:16:00","date_gmt":"2011-05-02T20:16:00","guid":{"rendered":"https:\/\/www.webdo.tn\/fr\/actualite\/blog\/des-emigres-tunisiens-squattent-un-batiment-parisien-pour-revendiquer-des-logements\/178634\/"},"modified":"2011-05-02T20:16:00","modified_gmt":"2011-05-02T20:16:00","slug":"des-emigres-tunisiens-squattent-un-batiment-parisien-pour-revendiquer-des-logements","status":"publish","type":"post","link":"https:\/\/www.webdo.tn\/fr\/actualite\/divers\/des-emigres-tunisiens-squattent-un-batiment-parisien-pour-revendiquer-des-logements\/178634\/","title":{"rendered":"Des \u00e9migr\u00e9s tunisiens squattent un b\u00e2timent parisien pour revendiquer des logements"},"content":{"rendered":"<p>Une centaine de jeunes \u00e9migr\u00e9s tunisiens, ayant b\u00e9n\u00e9fici\u00e9 de la carte de s\u00e9jour temporaire Schengen apr\u00e8s leur d\u00e9barquement sur l\u2019\u00eele italienne de Lampedusa, sont arriv\u00e9s \u00e0 Paris o\u00f9 ils ont investi un b\u00e2timent appartenant \u00e0 la ville, et ce, selon le journal fran\u00e7ais Le Monde. Cette occupation a \u00e9t\u00e9 revendiqu\u00e9e par le Collectif des Tunisiens de Lampedusa \u00e0 Paris.<\/p>\n<p>Sur ce b\u00e2timent, situ\u00e9 dans le 9e arrondissement, ils ont accroch\u00e9 une banderole sur laquelle \u00e9tait inscrit : \u00ab Ni Police, Ni Charit\u00e9, Un lieu pour s\u2019organiser \u00bb. Suite \u00e0 cela, la police a d\u00e9ploy\u00e9 un mince dispositif pour parer \u00e0 toute \u00e9ventualit\u00e9.<\/p>\n<p>D\u2019apr\u00e8s le quotidien Le Figaro, ce squatte n\u2019est pas une action contre la Mairie de Paris, dont le maire, Bertrand Belan\u00f6e est, rappelons-le, n\u00e9 en Tunisie, et plus pr\u00e9cis\u00e9ment \u00e0 Bizerte. Cette action est, en fait, un appel au gouvernement fran\u00e7ais pour obtenir des logements acceptables.<\/p>\n<p>Il est \u00e0 noter que la police fran\u00e7aise ne cesse de multiplier les arrestations d&rsquo;\u00e9migr\u00e9s et leur placement en garde \u00e0 vue. Rien que dimanche dernier, trois Tunisiens ont \u00e9t\u00e9 reconduits \u00e0 la fronti\u00e8re malgr\u00e9 leur permis de s\u00e9jour temporaire d\u00e9livr\u00e9 par l\u2019\u00c9tat italien.<\/p>\n","protected":false},"excerpt":{"rendered":"<p>Des \u00e9migr\u00e9s tunisiens squattent un b\u00e2timent parisien pour revendiquer des logements<\/p>\n","protected":false},"author":3222,"featured_media":376290,"comment_status":"open","ping_status":"closed","sticky":false,"template":"","format":"standard","meta":{"footnotes":""},"categories":[2839],"tags":[],"class_list":["post-178634","post","type-post","status-publish","format-standard","has-post-thumbnail","hentry","category-divers"],"yoast_head":"<!-- This site is optimized with the Yoast SEO Premium plugin v27.4 (Yoast SEO v27.4) - https:\/\/yoast.com\/product\/yoast-seo-premium-wordpress\/ -->\n<title>Des \u00e9migr\u00e9s tunisiens squattent un b\u00e2timent parisien pour revendiquer des logements<\/title>\n<meta name=\"description\" content=\"Des \u00e9migr\u00e9s tunisiens squattent un b\u00e2timent parisien pour revendiquer des logements\" \/>\n<link rel=\"canonical\" href=\"https:\/\/www.webdo.tn\/fr\/actualite\/divers\/des-emigres-tunisiens-squattent-un-batiment-parisien-pour-revendiquer-des-logements\/178634\/\" \/>\n<meta property=\"og:locale\" content=\"fr_FR\" \/>\n<meta property=\"og:type\" content=\"article\" \/>\n<meta property=\"og:title\" content=\"Des \u00e9migr\u00e9s tunisiens squattent un b\u00e2timent parisien pour revendiquer des logements\" \/>\n<meta property=\"og:description\" content=\"Des \u00e9migr\u00e9s tunisiens squattent un b\u00e2timent parisien pour revendiquer des logements\" \/>\n<meta property=\"og:url\" content=\"https:\/\/www.webdo.tn\/fr\/actualite\/divers\/des-emigres-tunisiens-squattent-un-batiment-parisien-pour-revendiquer-des-logements\/178634\/\" \/>\n<meta property=\"og:site_name\" content=\"webdo\" \/>\n<meta property=\"article:publisher\" content=\"https:\/\/www.facebook.com\/webdotn\" \/>\n<meta property=\"article:published_time\" content=\"2011-05-02T20:16:00+00:00\" \/>\n<meta name=\"author\" content=\"webdo.tn\" \/>\n<meta name=\"twitter:card\" content=\"summary_large_image\" \/>\n<meta name=\"twitter:creator\" content=\"@webdo_tn\" \/>\n<meta name=\"twitter:site\" content=\"@webdo_tn\" \/>\n<meta name=\"twitter:label1\" content=\"\u00c9crit par\" \/>\n\t<meta name=\"twitter:data1\" content=\"webdo.tn\" \/>\n\t<meta name=\"twitter:label2\" content=\"Dur\u00e9e de lecture estim\u00e9e\" \/>\n\t<meta name=\"twitter:data2\" content=\"1 minute\" \/>\n<script type=\"application\/ld+json\" class=\"yoast-schema-graph\">{\"@context\":\"https:\\\/\\\/schema.org\",\"@graph\":[{\"@type\":\"NewsArticle\",\"@id\":\"https:\\\/\\\/www.webdo.tn\\\/fr\\\/actualite\\\/divers\\\/des-emigres-tunisiens-squattent-un-batiment-parisien-pour-revendiquer-des-logements\\\/178634\\\/#article\",\"isPartOf\":{\"@id\":\"https:\\\/\\\/www.webdo.tn\\\/fr\\\/actualite\\\/divers\\\/des-emigres-tunisiens-squattent-un-batiment-parisien-pour-revendiquer-des-logements\\\/178634\\\/\"},\"author\":{\"name\":\"webdo.tn\",\"@id\":\"https:\\\/\\\/www.webdo.tn\\\/fr\\\/#\\\/schema\\\/person\\\/9a9c6118d687c117df8ef3cc36a4d175\"},\"headline\":\"Des \u00e9migr\u00e9s tunisiens squattent un b\u00e2timent parisien pour revendiquer des logements\",\"datePublished\":\"2011-05-02T20:16:00+00:00\",\"mainEntityOfPage\":{\"@id\":\"https:\\\/\\\/www.webdo.tn\\\/fr\\\/actualite\\\/divers\\\/des-emigres-tunisiens-squattent-un-batiment-parisien-pour-revendiquer-des-logements\\\/178634\\\/\"},\"wordCount\":221,\"commentCount\":0,\"publisher\":{\"@id\":\"https:\\\/\\\/www.webdo.tn\\\/fr\\\/#organization\"},\"image\":{\"@id\":\"https:\\\/\\\/www.webdo.tn\\\/fr\\\/actualite\\\/divers\\\/des-emigres-tunisiens-squattent-un-batiment-parisien-pour-revendiquer-des-logements\\\/178634\\\/#primaryimage\"},\"thumbnailUrl\":\"https:\\\/\\\/www.webdo.tn\\\/fr\\\/wp-content\\\/uploads\\\/2025\\\/06\\\/FireShot-Capture-1063-webdo_default-53-750x375.jpg-750\u00d7375-www.webdo_.tn_.png\",\"articleSection\":[\"Divers\"],\"inLanguage\":\"fr-FR\"},{\"@type\":\"WebPage\",\"@id\":\"https:\\\/\\\/www.webdo.tn\\\/fr\\\/actualite\\\/divers\\\/des-emigres-tunisiens-squattent-un-batiment-parisien-pour-revendiquer-des-logements\\\/178634\\\/\",\"url\":\"https:\\\/\\\/www.webdo.tn\\\/fr\\\/actualite\\\/divers\\\/des-emigres-tunisiens-squattent-un-batiment-parisien-pour-revendiquer-des-logements\\\/178634\\\/\",\"name\":\"Des \u00e9migr\u00e9s tunisiens squattent un b\u00e2timent parisien pour revendiquer des logements\",\"isPartOf\":{\"@id\":\"https:\\\/\\\/www.webdo.tn\\\/fr\\\/#website\"},\"primaryImageOfPage\":{\"@id\":\"https:\\\/\\\/www.webdo.tn\\\/fr\\\/actualite\\\/divers\\\/des-emigres-tunisiens-squattent-un-batiment-parisien-pour-revendiquer-des-logements\\\/178634\\\/#primaryimage\"},\"image\":{\"@id\":\"https:\\\/\\\/www.webdo.tn\\\/fr\\\/actualite\\\/divers\\\/des-emigres-tunisiens-squattent-un-batiment-parisien-pour-revendiquer-des-logements\\\/178634\\\/#primaryimage\"},\"thumbnailUrl\":\"https:\\\/\\\/www.webdo.tn\\\/fr\\\/wp-content\\\/uploads\\\/2025\\\/06\\\/FireShot-Capture-1063-webdo_default-53-750x375.jpg-750\u00d7375-www.webdo_.tn_.png\",\"datePublished\":\"2011-05-02T20:16:00+00:00\",\"description\":\"Des \u00e9migr\u00e9s tunisiens squattent un b\u00e2timent parisien pour revendiquer des logements\",\"breadcrumb\":{\"@id\":\"https:\\\/\\\/www.webdo.tn\\\/fr\\\/actualite\\\/divers\\\/des-emigres-tunisiens-squattent-un-batiment-parisien-pour-revendiquer-des-logements\\\/178634\\\/#breadcrumb\"},\"inLanguage\":\"fr-FR\",\"potentialAction\":[{\"@type\":\"ReadAction\",\"target\":[\"https:\\\/\\\/www.webdo.tn\\\/fr\\\/actualite\\\/divers\\\/des-emigres-tunisiens-squattent-un-batiment-parisien-pour-revendiquer-des-logements\\\/178634\\\/\"]}]},{\"@type\":\"ImageObject\",\"inLanguage\":\"fr-FR\",\"@id\":\"https:\\\/\\\/www.webdo.tn\\\/fr\\\/actualite\\\/divers\\\/des-emigres-tunisiens-squattent-un-batiment-parisien-pour-revendiquer-des-logements\\\/178634\\\/#primaryimage\",\"url\":\"https:\\\/\\\/www.webdo.tn\\\/fr\\\/wp-content\\\/uploads\\\/2025\\\/06\\\/FireShot-Capture-1063-webdo_default-53-750x375.jpg-750\u00d7375-www.webdo_.tn_.png\",\"contentUrl\":\"https:\\\/\\\/www.webdo.tn\\\/fr\\\/wp-content\\\/uploads\\\/2025\\\/06\\\/FireShot-Capture-1063-webdo_default-53-750x375.jpg-750\u00d7375-www.webdo_.tn_.png\",\"width\":746,\"height\":371},{\"@type\":\"BreadcrumbList\",\"@id\":\"https:\\\/\\\/www.webdo.tn\\\/fr\\\/actualite\\\/divers\\\/des-emigres-tunisiens-squattent-un-batiment-parisien-pour-revendiquer-des-logements\\\/178634\\\/#breadcrumb\",\"itemListElement\":[{\"@type\":\"ListItem\",\"position\":1,\"name\":\"Accueil\",\"item\":\"https:\\\/\\\/www.webdo.tn\\\/fr\\\/\"},{\"@type\":\"ListItem\",\"position\":2,\"name\":\"Des \u00e9migr\u00e9s tunisiens squattent un b\u00e2timent parisien pour revendiquer des logements\"}]},{\"@type\":\"WebSite\",\"@id\":\"https:\\\/\\\/www.webdo.tn\\\/fr\\\/#website\",\"url\":\"https:\\\/\\\/www.webdo.tn\\\/fr\\\/\",\"name\":\"webdo\",\"description\":\"Tunisie - News en Tunisie et \u00e0 l&#039;international sur Webdo.tn\",\"publisher\":{\"@id\":\"https:\\\/\\\/www.webdo.tn\\\/fr\\\/#organization\"},\"potentialAction\":[{\"@type\":\"SearchAction\",\"target\":{\"@type\":\"EntryPoint\",\"urlTemplate\":\"https:\\\/\\\/www.webdo.tn\\\/fr\\\/?s={search_term_string}\"},\"query-input\":{\"@type\":\"PropertyValueSpecification\",\"valueRequired\":true,\"valueName\":\"search_term_string\"}}],\"inLanguage\":\"fr-FR\"},{\"@type\":\"Organization\",\"@id\":\"https:\\\/\\\/www.webdo.tn\\\/fr\\\/#organization\",\"name\":\"Webdo\",\"alternateName\":\"Webdo.tn\",\"url\":\"https:\\\/\\\/www.webdo.tn\\\/fr\\\/\",\"logo\":{\"@type\":\"ImageObject\",\"inLanguage\":\"fr-FR\",\"@id\":\"https:\\\/\\\/www.webdo.tn\\\/fr\\\/#\\\/schema\\\/logo\\\/image\\\/\",\"url\":\"https:\\\/\\\/www.webdo.tn\\\/fr\\\/wp-content\\\/uploads\\\/2025\\\/06\\\/Webdo-Tunisie_168377.jpg\",\"contentUrl\":\"https:\\\/\\\/www.webdo.tn\\\/fr\\\/wp-content\\\/uploads\\\/2025\\\/06\\\/Webdo-Tunisie_168377.jpg\",\"width\":301,\"height\":301,\"caption\":\"Webdo\"},\"image\":{\"@id\":\"https:\\\/\\\/www.webdo.tn\\\/fr\\\/#\\\/schema\\\/logo\\\/image\\\/\"},\"sameAs\":[\"https:\\\/\\\/www.facebook.com\\\/webdotn\",\"https:\\\/\\\/x.com\\\/webdo_tn\"],\"description\":\"Webdo est un m\u00e9dia num\u00e9rique tunisien fond\u00e9 en 2010, sp\u00e9cialis\u00e9 dans l\u2019actualit\u00e9 nationale et internationale, l\u2019\u00e9conomie, la soci\u00e9t\u00e9 et les analyses politiques. Le site s\u2019adresse \u00e0 un large public francophone et couvre l\u2019information tunisienne en temps r\u00e9el.\",\"email\":\"redac@webdo.tn\",\"legalName\":\"YNJ SARL\",\"foundingDate\":\"2010-09-06\",\"numberOfEmployees\":{\"@type\":\"QuantitativeValue\",\"minValue\":\"11\",\"maxValue\":\"50\"}},{\"@type\":\"Person\",\"@id\":\"https:\\\/\\\/www.webdo.tn\\\/fr\\\/#\\\/schema\\\/person\\\/9a9c6118d687c117df8ef3cc36a4d175\",\"name\":\"webdo.tn\",\"image\":{\"@type\":\"ImageObject\",\"inLanguage\":\"fr-FR\",\"@id\":\"https:\\\/\\\/secure.gravatar.com\\\/avatar\\\/7ce1f28c0c3bbac99ff550b85ef8e44a6950c6ee24514fb6a5489e51d06f0298?s=96&d=mm&r=g\",\"url\":\"https:\\\/\\\/secure.gravatar.com\\\/avatar\\\/7ce1f28c0c3bbac99ff550b85ef8e44a6950c6ee24514fb6a5489e51d06f0298?s=96&d=mm&r=g\",\"contentUrl\":\"https:\\\/\\\/secure.gravatar.com\\\/avatar\\\/7ce1f28c0c3bbac99ff550b85ef8e44a6950c6ee24514fb6a5489e51d06f0298?s=96&d=mm&r=g\",\"caption\":\"webdo.tn\"},\"url\":\"https:\\\/\\\/www.webdo.tn\\\/fr\\\/actualite\\\/author\\\/webdotn\\\/\"}]}<\/script>\n<!-- \/ Yoast SEO Premium plugin. -->","yoast_head_json":{"title":"Des \u00e9migr\u00e9s tunisiens squattent un b\u00e2timent parisien pour revendiquer des logements","description":"Des \u00e9migr\u00e9s tunisiens squattent un b\u00e2timent parisien pour revendiquer des logements","canonical":"https:\/\/www.webdo.tn\/fr\/actualite\/divers\/des-emigres-tunisiens-squattent-un-batiment-parisien-pour-revendiquer-des-logements\/178634\/","og_locale":"fr_FR","og_type":"article","og_title":"Des \u00e9migr\u00e9s tunisiens squattent un b\u00e2timent parisien pour revendiquer des logements","og_description":"Des \u00e9migr\u00e9s tunisiens squattent un b\u00e2timent parisien pour revendiquer des logements","og_url":"https:\/\/www.webdo.tn\/fr\/actualite\/divers\/des-emigres-tunisiens-squattent-un-batiment-parisien-pour-revendiquer-des-logements\/178634\/","og_site_name":"webdo","article_publisher":"https:\/\/www.facebook.com\/webdotn","article_published_time":"2011-05-02T20:16:00+00:00","author":"webdo.tn","twitter_card":"summary_large_image","twitter_creator":"@webdo_tn","twitter_site":"@webdo_tn","twitter_misc":{"\u00c9crit par":"webdo.tn","Dur\u00e9e de lecture estim\u00e9e":"1 minute"},"schema":{"@context":"https:\/\/schema.org","@graph":[{"@type":"NewsArticle","@id":"https:\/\/www.webdo.tn\/fr\/actualite\/divers\/des-emigres-tunisiens-squattent-un-batiment-parisien-pour-revendiquer-des-logements\/178634\/#article","isPartOf":{"@id":"https:\/\/www.webdo.tn\/fr\/actualite\/divers\/des-emigres-tunisiens-squattent-un-batiment-parisien-pour-revendiquer-des-logements\/178634\/"},"author":{"name":"webdo.tn","@id":"https:\/\/www.webdo.tn\/fr\/#\/schema\/person\/9a9c6118d687c117df8ef3cc36a4d175"},"headline":"Des \u00e9migr\u00e9s tunisiens squattent un b\u00e2timent parisien pour revendiquer des logements","datePublished":"2011-05-02T20:16:00+00:00","mainEntityOfPage":{"@id":"https:\/\/www.webdo.tn\/fr\/actualite\/divers\/des-emigres-tunisiens-squattent-un-batiment-parisien-pour-revendiquer-des-logements\/178634\/"},"wordCount":221,"commentCount":0,"publisher":{"@id":"https:\/\/www.webdo.tn\/fr\/#organization"},"image":{"@id":"https:\/\/www.webdo.tn\/fr\/actualite\/divers\/des-emigres-tunisiens-squattent-un-batiment-parisien-pour-revendiquer-des-logements\/178634\/#primaryimage"},"thumbnailUrl":"https:\/\/www.webdo.tn\/fr\/wp-content\/uploads\/2025\/06\/FireShot-Capture-1063-webdo_default-53-750x375.jpg-750\u00d7375-www.webdo_.tn_.png","articleSection":["Divers"],"inLanguage":"fr-FR"},{"@type":"WebPage","@id":"https:\/\/www.webdo.tn\/fr\/actualite\/divers\/des-emigres-tunisiens-squattent-un-batiment-parisien-pour-revendiquer-des-logements\/178634\/","url":"https:\/\/www.webdo.tn\/fr\/actualite\/divers\/des-emigres-tunisiens-squattent-un-batiment-parisien-pour-revendiquer-des-logements\/178634\/","name":"Des \u00e9migr\u00e9s tunisiens squattent un b\u00e2timent parisien pour revendiquer des logements","isPartOf":{"@id":"https:\/\/www.webdo.tn\/fr\/#website"},"primaryImageOfPage":{"@id":"https:\/\/www.webdo.tn\/fr\/actualite\/divers\/des-emigres-tunisiens-squattent-un-batiment-parisien-pour-revendiquer-des-logements\/178634\/#primaryimage"},"image":{"@id":"https:\/\/www.webdo.tn\/fr\/actualite\/divers\/des-emigres-tunisiens-squattent-un-batiment-parisien-pour-revendiquer-des-logements\/178634\/#primaryimage"},"thumbnailUrl":"https:\/\/www.webdo.tn\/fr\/wp-content\/uploads\/2025\/06\/FireShot-Capture-1063-webdo_default-53-750x375.jpg-750\u00d7375-www.webdo_.tn_.png","datePublished":"2011-05-02T20:16:00+00:00","description":"Des \u00e9migr\u00e9s tunisiens squattent un b\u00e2timent parisien pour revendiquer des logements","breadcrumb":{"@id":"https:\/\/www.webdo.tn\/fr\/actualite\/divers\/des-emigres-tunisiens-squattent-un-batiment-parisien-pour-revendiquer-des-logements\/178634\/#breadcrumb"},"inLanguage":"fr-FR","potentialAction":[{"@type":"ReadAction","target":["https:\/\/www.webdo.tn\/fr\/actualite\/divers\/des-emigres-tunisiens-squattent-un-batiment-parisien-pour-revendiquer-des-logements\/178634\/"]}]},{"@type":"ImageObject","inLanguage":"fr-FR","@id":"https:\/\/www.webdo.tn\/fr\/actualite\/divers\/des-emigres-tunisiens-squattent-un-batiment-parisien-pour-revendiquer-des-logements\/178634\/#primaryimage","url":"https:\/\/www.webdo.tn\/fr\/wp-content\/uploads\/2025\/06\/FireShot-Capture-1063-webdo_default-53-750x375.jpg-750\u00d7375-www.webdo_.tn_.png","contentUrl":"https:\/\/www.webdo.tn\/fr\/wp-content\/uploads\/2025\/06\/FireShot-Capture-1063-webdo_default-53-750x375.jpg-750\u00d7375-www.webdo_.tn_.png","width":746,"height":371},{"@type":"BreadcrumbList","@id":"https:\/\/www.webdo.tn\/fr\/actualite\/divers\/des-emigres-tunisiens-squattent-un-batiment-parisien-pour-revendiquer-des-logements\/178634\/#breadcrumb","itemListElement":[{"@type":"ListItem","position":1,"name":"Accueil","item":"https:\/\/www.webdo.tn\/fr\/"},{"@type":"ListItem","position":2,"name":"Des \u00e9migr\u00e9s tunisiens squattent un b\u00e2timent parisien pour revendiquer des logements"}]},{"@type":"WebSite","@id":"https:\/\/www.webdo.tn\/fr\/#website","url":"https:\/\/www.webdo.tn\/fr\/","name":"webdo","description":"Tunisie - News en Tunisie et \u00e0 l&#039;international sur Webdo.tn","publisher":{"@id":"https:\/\/www.webdo.tn\/fr\/#organization"},"potentialAction":[{"@type":"SearchAction","target":{"@type":"EntryPoint","urlTemplate":"https:\/\/www.webdo.tn\/fr\/?s={search_term_string}"},"query-input":{"@type":"PropertyValueSpecification","valueRequired":true,"valueName":"search_term_string"}}],"inLanguage":"fr-FR"},{"@type":"Organization","@id":"https:\/\/www.webdo.tn\/fr\/#organization","name":"Webdo","alternateName":"Webdo.tn","url":"https:\/\/www.webdo.tn\/fr\/","logo":{"@type":"ImageObject","inLanguage":"fr-FR","@id":"https:\/\/www.webdo.tn\/fr\/#\/schema\/logo\/image\/","url":"https:\/\/www.webdo.tn\/fr\/wp-content\/uploads\/2025\/06\/Webdo-Tunisie_168377.jpg","contentUrl":"https:\/\/www.webdo.tn\/fr\/wp-content\/uploads\/2025\/06\/Webdo-Tunisie_168377.jpg","width":301,"height":301,"caption":"Webdo"},"image":{"@id":"https:\/\/www.webdo.tn\/fr\/#\/schema\/logo\/image\/"},"sameAs":["https:\/\/www.facebook.com\/webdotn","https:\/\/x.com\/webdo_tn"],"description":"Webdo est un m\u00e9dia num\u00e9rique tunisien fond\u00e9 en 2010, sp\u00e9cialis\u00e9 dans l\u2019actualit\u00e9 nationale et internationale, l\u2019\u00e9conomie, la soci\u00e9t\u00e9 et les analyses politiques. Le site s\u2019adresse \u00e0 un large public francophone et couvre l\u2019information tunisienne en temps r\u00e9el.","email":"redac@webdo.tn","legalName":"YNJ SARL","foundingDate":"2010-09-06","numberOfEmployees":{"@type":"QuantitativeValue","minValue":"11","maxValue":"50"}},{"@type":"Person","@id":"https:\/\/www.webdo.tn\/fr\/#\/schema\/person\/9a9c6118d687c117df8ef3cc36a4d175","name":"webdo.tn","image":{"@type":"ImageObject","inLanguage":"fr-FR","@id":"https:\/\/secure.gravatar.com\/avatar\/7ce1f28c0c3bbac99ff550b85ef8e44a6950c6ee24514fb6a5489e51d06f0298?s=96&d=mm&r=g","url":"https:\/\/secure.gravatar.com\/avatar\/7ce1f28c0c3bbac99ff550b85ef8e44a6950c6ee24514fb6a5489e51d06f0298?s=96&d=mm&r=g","contentUrl":"https:\/\/secure.gravatar.com\/avatar\/7ce1f28c0c3bbac99ff550b85ef8e44a6950c6ee24514fb6a5489e51d06f0298?s=96&d=mm&r=g","caption":"webdo.tn"},"url":"https:\/\/www.webdo.tn\/fr\/actualite\/author\/webdotn\/"}]}},"_links":{"self":[{"href":"https:\/\/www.webdo.tn\/fr\/wp-json\/wp\/v2\/posts\/178634","targetHints":{"allow":["GET"]}}],"collection":[{"href":"https:\/\/www.webdo.tn\/fr\/wp-json\/wp\/v2\/posts"}],"about":[{"href":"https:\/\/www.webdo.tn\/fr\/wp-json\/wp\/v2\/types\/post"}],"author":[{"embeddable":true,"href":"https:\/\/www.webdo.tn\/fr\/wp-json\/wp\/v2\/users\/3222"}],"replies":[{"embeddable":true,"href":"https:\/\/www.webdo.tn\/fr\/wp-json\/wp\/v2\/comments?post=178634"}],"version-history":[{"count":0,"href":"https:\/\/www.webdo.tn\/fr\/wp-json\/wp\/v2\/posts\/178634\/revisions"}],"wp:featuredmedia":[{"embeddable":true,"href":"https:\/\/www.webdo.tn\/fr\/wp-json\/wp\/v2\/media\/376290"}],"wp:attachment":[{"href":"https:\/\/www.webdo.tn\/fr\/wp-json\/wp\/v2\/media?parent=178634"}],"wp:term":[{"taxonomy":"category","embeddable":true,"href":"https:\/\/www.webdo.tn\/fr\/wp-json\/wp\/v2\/categories?post=178634"},{"taxonomy":"post_tag","embeddable":true,"href":"https:\/\/www.webdo.tn\/fr\/wp-json\/wp\/v2\/tags?post=178634"}],"curies":[{"name":"wp","href":"https:\/\/api.w.org\/{rel}","templated":true}]}}