{"id":178630,"date":"2011-05-04T10:30:00","date_gmt":"2011-05-04T10:30:00","guid":{"rendered":"https:\/\/www.webdo.tn\/fr\/actualite\/blog\/circulation-de-metro-arrete-a-cause-dune-grue-tombee\/178630\/"},"modified":"2011-05-04T10:30:00","modified_gmt":"2011-05-04T10:30:00","slug":"circulation-de-metro-arrete-a-cause-dune-grue-tombee","status":"publish","type":"post","link":"https:\/\/www.webdo.tn\/fr\/actualite\/divers\/circulation-de-metro-arrete-a-cause-dune-grue-tombee\/178630\/","title":{"rendered":"Circulation de m\u00e9tro arr\u00eat\u00e9e \u00e0 cause d&rsquo;une grue tomb\u00e9e"},"content":{"rendered":"<p>Est-ce le vent qui a fortement souffl\u00e9 hier sur la capitale ? Est-ce un probl\u00e8me technique ? Une erreur humaine ? Toujours est-il que, ce matin, la rue de Hollande, entre l&rsquo;ambassade-consulat de France et la BIAT, a failli conna\u00eetre un drame.<\/p>\n<p>Entre 8h45 et 9h00, \u00e0 l&rsquo;heure o\u00f9 tout le monde se rendait au travail, une grue, install\u00e9e sur un chantier sur l&rsquo;avenue Bourguiba, est tomb\u00e9e, du c\u00f4t\u00e9 de la rue de Hollande, sur le c\u00e2ble du m\u00e9tro le sectionnant en partie, et au moment o\u00f9 sept personnes passaient au niveau des travaux. Ces passants ont eu la peur de leur vie, surtout une dame, la quarantaine, qui a \u00e9chapp\u00e9 de justesse \u00e0 la mort. Deux autres personnes sont tomb\u00e9es sous le choc.<\/p>\n<p>La circulation du m\u00e9tro a \u00e9t\u00e9 arr\u00eat\u00e9e. Et \u00e0 cause de cet incident, \u00e7a a \u00e9t\u00e9 un v\u00e9ritable cafouillage au niveau de la station de m\u00e9tro R\u00e9publique, devenue terminus pour l&rsquo;occasion.<\/p>\n<p>A notre arriv\u00e9e sur les lieux, vers 9h15, la grue avait \u00e9t\u00e9 d\u00e9gag\u00e9e de la voie et les ouvriers du chantier \u00e9taient en train de remettre en place la palissade en t\u00f4le et d&rsquo;arranger les choses.<br \/>\nComment la Transtu va-t-elle faire face \u00e0 cet incident ?<\/p>\n","protected":false},"excerpt":{"rendered":"<p>Circulation de m\u00e9tro arr\u00eat\u00e9e \u00e0 cause d&rsquo;une grue tomb\u00e9e <\/p>\n","protected":false},"author":3222,"featured_media":376290,"comment_status":"open","ping_status":"closed","sticky":false,"template":"","format":"standard","meta":{"footnotes":""},"categories":[2839],"tags":[],"class_list":["post-178630","post","type-post","status-publish","format-standard","has-post-thumbnail","hentry","category-divers"],"yoast_head":"<!-- This site is optimized with the Yoast SEO Premium plugin v27.4 (Yoast SEO v27.4) - https:\/\/yoast.com\/product\/yoast-seo-premium-wordpress\/ -->\n<title>Circulation de m\u00e9tro arr\u00eat\u00e9e \u00e0 cause d&#039;une grue tomb\u00e9e<\/title>\n<meta name=\"description\" content=\"Circulation de m\u00e9tro arr\u00eat\u00e9e \u00e0 cause d&#039;une grue tomb\u00e9e\" \/>\n<link rel=\"canonical\" href=\"https:\/\/www.webdo.tn\/fr\/actualite\/divers\/circulation-de-metro-arrete-a-cause-dune-grue-tombee\/178630\/\" \/>\n<meta property=\"og:locale\" content=\"fr_FR\" \/>\n<meta property=\"og:type\" content=\"article\" \/>\n<meta property=\"og:title\" content=\"Circulation de m\u00e9tro arr\u00eat\u00e9e \u00e0 cause d&#039;une grue tomb\u00e9e\" \/>\n<meta property=\"og:description\" content=\"Circulation de m\u00e9tro arr\u00eat\u00e9e \u00e0 cause d&#039;une grue tomb\u00e9e\" \/>\n<meta property=\"og:url\" content=\"https:\/\/www.webdo.tn\/fr\/actualite\/divers\/circulation-de-metro-arrete-a-cause-dune-grue-tombee\/178630\/\" \/>\n<meta property=\"og:site_name\" content=\"webdo\" \/>\n<meta property=\"article:publisher\" content=\"https:\/\/www.facebook.com\/webdotn\" \/>\n<meta property=\"article:published_time\" content=\"2011-05-04T10:30:00+00:00\" \/>\n<meta name=\"author\" content=\"webdo.tn\" \/>\n<meta name=\"twitter:card\" content=\"summary_large_image\" \/>\n<meta name=\"twitter:creator\" content=\"@webdo_tn\" \/>\n<meta name=\"twitter:site\" content=\"@webdo_tn\" \/>\n<meta name=\"twitter:label1\" content=\"\u00c9crit par\" \/>\n\t<meta name=\"twitter:data1\" content=\"webdo.tn\" \/>\n\t<meta name=\"twitter:label2\" content=\"Dur\u00e9e de lecture estim\u00e9e\" \/>\n\t<meta name=\"twitter:data2\" content=\"1 minute\" \/>\n<script type=\"application\/ld+json\" class=\"yoast-schema-graph\">{\"@context\":\"https:\\\/\\\/schema.org\",\"@graph\":[{\"@type\":\"NewsArticle\",\"@id\":\"https:\\\/\\\/www.webdo.tn\\\/fr\\\/actualite\\\/divers\\\/circulation-de-metro-arrete-a-cause-dune-grue-tombee\\\/178630\\\/#article\",\"isPartOf\":{\"@id\":\"https:\\\/\\\/www.webdo.tn\\\/fr\\\/actualite\\\/divers\\\/circulation-de-metro-arrete-a-cause-dune-grue-tombee\\\/178630\\\/\"},\"author\":{\"name\":\"webdo.tn\",\"@id\":\"https:\\\/\\\/www.webdo.tn\\\/fr\\\/#\\\/schema\\\/person\\\/9a9c6118d687c117df8ef3cc36a4d175\"},\"headline\":\"Circulation de m\u00e9tro arr\u00eat\u00e9e \u00e0 cause d&rsquo;une grue tomb\u00e9e\",\"datePublished\":\"2011-05-04T10:30:00+00:00\",\"mainEntityOfPage\":{\"@id\":\"https:\\\/\\\/www.webdo.tn\\\/fr\\\/actualite\\\/divers\\\/circulation-de-metro-arrete-a-cause-dune-grue-tombee\\\/178630\\\/\"},\"wordCount\":229,\"commentCount\":0,\"publisher\":{\"@id\":\"https:\\\/\\\/www.webdo.tn\\\/fr\\\/#organization\"},\"image\":{\"@id\":\"https:\\\/\\\/www.webdo.tn\\\/fr\\\/actualite\\\/divers\\\/circulation-de-metro-arrete-a-cause-dune-grue-tombee\\\/178630\\\/#primaryimage\"},\"thumbnailUrl\":\"https:\\\/\\\/www.webdo.tn\\\/fr\\\/wp-content\\\/uploads\\\/2025\\\/06\\\/FireShot-Capture-1063-webdo_default-53-750x375.jpg-750\u00d7375-www.webdo_.tn_.png\",\"articleSection\":[\"Divers\"],\"inLanguage\":\"fr-FR\"},{\"@type\":\"WebPage\",\"@id\":\"https:\\\/\\\/www.webdo.tn\\\/fr\\\/actualite\\\/divers\\\/circulation-de-metro-arrete-a-cause-dune-grue-tombee\\\/178630\\\/\",\"url\":\"https:\\\/\\\/www.webdo.tn\\\/fr\\\/actualite\\\/divers\\\/circulation-de-metro-arrete-a-cause-dune-grue-tombee\\\/178630\\\/\",\"name\":\"Circulation de m\u00e9tro arr\u00eat\u00e9e \u00e0 cause d'une grue tomb\u00e9e\",\"isPartOf\":{\"@id\":\"https:\\\/\\\/www.webdo.tn\\\/fr\\\/#website\"},\"primaryImageOfPage\":{\"@id\":\"https:\\\/\\\/www.webdo.tn\\\/fr\\\/actualite\\\/divers\\\/circulation-de-metro-arrete-a-cause-dune-grue-tombee\\\/178630\\\/#primaryimage\"},\"image\":{\"@id\":\"https:\\\/\\\/www.webdo.tn\\\/fr\\\/actualite\\\/divers\\\/circulation-de-metro-arrete-a-cause-dune-grue-tombee\\\/178630\\\/#primaryimage\"},\"thumbnailUrl\":\"https:\\\/\\\/www.webdo.tn\\\/fr\\\/wp-content\\\/uploads\\\/2025\\\/06\\\/FireShot-Capture-1063-webdo_default-53-750x375.jpg-750\u00d7375-www.webdo_.tn_.png\",\"datePublished\":\"2011-05-04T10:30:00+00:00\",\"description\":\"Circulation de m\u00e9tro arr\u00eat\u00e9e \u00e0 cause d'une grue tomb\u00e9e\",\"breadcrumb\":{\"@id\":\"https:\\\/\\\/www.webdo.tn\\\/fr\\\/actualite\\\/divers\\\/circulation-de-metro-arrete-a-cause-dune-grue-tombee\\\/178630\\\/#breadcrumb\"},\"inLanguage\":\"fr-FR\",\"potentialAction\":[{\"@type\":\"ReadAction\",\"target\":[\"https:\\\/\\\/www.webdo.tn\\\/fr\\\/actualite\\\/divers\\\/circulation-de-metro-arrete-a-cause-dune-grue-tombee\\\/178630\\\/\"]}]},{\"@type\":\"ImageObject\",\"inLanguage\":\"fr-FR\",\"@id\":\"https:\\\/\\\/www.webdo.tn\\\/fr\\\/actualite\\\/divers\\\/circulation-de-metro-arrete-a-cause-dune-grue-tombee\\\/178630\\\/#primaryimage\",\"url\":\"https:\\\/\\\/www.webdo.tn\\\/fr\\\/wp-content\\\/uploads\\\/2025\\\/06\\\/FireShot-Capture-1063-webdo_default-53-750x375.jpg-750\u00d7375-www.webdo_.tn_.png\",\"contentUrl\":\"https:\\\/\\\/www.webdo.tn\\\/fr\\\/wp-content\\\/uploads\\\/2025\\\/06\\\/FireShot-Capture-1063-webdo_default-53-750x375.jpg-750\u00d7375-www.webdo_.tn_.png\",\"width\":746,\"height\":371},{\"@type\":\"BreadcrumbList\",\"@id\":\"https:\\\/\\\/www.webdo.tn\\\/fr\\\/actualite\\\/divers\\\/circulation-de-metro-arrete-a-cause-dune-grue-tombee\\\/178630\\\/#breadcrumb\",\"itemListElement\":[{\"@type\":\"ListItem\",\"position\":1,\"name\":\"Accueil\",\"item\":\"https:\\\/\\\/www.webdo.tn\\\/fr\\\/\"},{\"@type\":\"ListItem\",\"position\":2,\"name\":\"Circulation de m\u00e9tro arr\u00eat\u00e9e \u00e0 cause d&rsquo;une grue tomb\u00e9e\"}]},{\"@type\":\"WebSite\",\"@id\":\"https:\\\/\\\/www.webdo.tn\\\/fr\\\/#website\",\"url\":\"https:\\\/\\\/www.webdo.tn\\\/fr\\\/\",\"name\":\"webdo\",\"description\":\"Tunisie - News en Tunisie et \u00e0 l&#039;international sur Webdo.tn\",\"publisher\":{\"@id\":\"https:\\\/\\\/www.webdo.tn\\\/fr\\\/#organization\"},\"potentialAction\":[{\"@type\":\"SearchAction\",\"target\":{\"@type\":\"EntryPoint\",\"urlTemplate\":\"https:\\\/\\\/www.webdo.tn\\\/fr\\\/?s={search_term_string}\"},\"query-input\":{\"@type\":\"PropertyValueSpecification\",\"valueRequired\":true,\"valueName\":\"search_term_string\"}}],\"inLanguage\":\"fr-FR\"},{\"@type\":\"Organization\",\"@id\":\"https:\\\/\\\/www.webdo.tn\\\/fr\\\/#organization\",\"name\":\"Webdo\",\"alternateName\":\"Webdo.tn\",\"url\":\"https:\\\/\\\/www.webdo.tn\\\/fr\\\/\",\"logo\":{\"@type\":\"ImageObject\",\"inLanguage\":\"fr-FR\",\"@id\":\"https:\\\/\\\/www.webdo.tn\\\/fr\\\/#\\\/schema\\\/logo\\\/image\\\/\",\"url\":\"https:\\\/\\\/www.webdo.tn\\\/fr\\\/wp-content\\\/uploads\\\/2025\\\/06\\\/Webdo-Tunisie_168377.jpg\",\"contentUrl\":\"https:\\\/\\\/www.webdo.tn\\\/fr\\\/wp-content\\\/uploads\\\/2025\\\/06\\\/Webdo-Tunisie_168377.jpg\",\"width\":301,\"height\":301,\"caption\":\"Webdo\"},\"image\":{\"@id\":\"https:\\\/\\\/www.webdo.tn\\\/fr\\\/#\\\/schema\\\/logo\\\/image\\\/\"},\"sameAs\":[\"https:\\\/\\\/www.facebook.com\\\/webdotn\",\"https:\\\/\\\/x.com\\\/webdo_tn\"],\"description\":\"Webdo est un m\u00e9dia num\u00e9rique tunisien fond\u00e9 en 2010, sp\u00e9cialis\u00e9 dans l\u2019actualit\u00e9 nationale et internationale, l\u2019\u00e9conomie, la soci\u00e9t\u00e9 et les analyses politiques. Le site s\u2019adresse \u00e0 un large public francophone et couvre l\u2019information tunisienne en temps r\u00e9el.\",\"email\":\"redac@webdo.tn\",\"legalName\":\"YNJ SARL\",\"foundingDate\":\"2010-09-06\",\"numberOfEmployees\":{\"@type\":\"QuantitativeValue\",\"minValue\":\"11\",\"maxValue\":\"50\"}},{\"@type\":\"Person\",\"@id\":\"https:\\\/\\\/www.webdo.tn\\\/fr\\\/#\\\/schema\\\/person\\\/9a9c6118d687c117df8ef3cc36a4d175\",\"name\":\"webdo.tn\",\"image\":{\"@type\":\"ImageObject\",\"inLanguage\":\"fr-FR\",\"@id\":\"https:\\\/\\\/secure.gravatar.com\\\/avatar\\\/7ce1f28c0c3bbac99ff550b85ef8e44a6950c6ee24514fb6a5489e51d06f0298?s=96&d=mm&r=g\",\"url\":\"https:\\\/\\\/secure.gravatar.com\\\/avatar\\\/7ce1f28c0c3bbac99ff550b85ef8e44a6950c6ee24514fb6a5489e51d06f0298?s=96&d=mm&r=g\",\"contentUrl\":\"https:\\\/\\\/secure.gravatar.com\\\/avatar\\\/7ce1f28c0c3bbac99ff550b85ef8e44a6950c6ee24514fb6a5489e51d06f0298?s=96&d=mm&r=g\",\"caption\":\"webdo.tn\"},\"url\":\"https:\\\/\\\/www.webdo.tn\\\/fr\\\/actualite\\\/author\\\/webdotn\\\/\"}]}<\/script>\n<!-- \/ Yoast SEO Premium plugin. -->","yoast_head_json":{"title":"Circulation de m\u00e9tro arr\u00eat\u00e9e \u00e0 cause d'une grue tomb\u00e9e","description":"Circulation de m\u00e9tro arr\u00eat\u00e9e \u00e0 cause d'une grue tomb\u00e9e","canonical":"https:\/\/www.webdo.tn\/fr\/actualite\/divers\/circulation-de-metro-arrete-a-cause-dune-grue-tombee\/178630\/","og_locale":"fr_FR","og_type":"article","og_title":"Circulation de m\u00e9tro arr\u00eat\u00e9e \u00e0 cause d'une grue tomb\u00e9e","og_description":"Circulation de m\u00e9tro arr\u00eat\u00e9e \u00e0 cause d'une grue tomb\u00e9e","og_url":"https:\/\/www.webdo.tn\/fr\/actualite\/divers\/circulation-de-metro-arrete-a-cause-dune-grue-tombee\/178630\/","og_site_name":"webdo","article_publisher":"https:\/\/www.facebook.com\/webdotn","article_published_time":"2011-05-04T10:30:00+00:00","author":"webdo.tn","twitter_card":"summary_large_image","twitter_creator":"@webdo_tn","twitter_site":"@webdo_tn","twitter_misc":{"\u00c9crit par":"webdo.tn","Dur\u00e9e de lecture estim\u00e9e":"1 minute"},"schema":{"@context":"https:\/\/schema.org","@graph":[{"@type":"NewsArticle","@id":"https:\/\/www.webdo.tn\/fr\/actualite\/divers\/circulation-de-metro-arrete-a-cause-dune-grue-tombee\/178630\/#article","isPartOf":{"@id":"https:\/\/www.webdo.tn\/fr\/actualite\/divers\/circulation-de-metro-arrete-a-cause-dune-grue-tombee\/178630\/"},"author":{"name":"webdo.tn","@id":"https:\/\/www.webdo.tn\/fr\/#\/schema\/person\/9a9c6118d687c117df8ef3cc36a4d175"},"headline":"Circulation de m\u00e9tro arr\u00eat\u00e9e \u00e0 cause d&rsquo;une grue tomb\u00e9e","datePublished":"2011-05-04T10:30:00+00:00","mainEntityOfPage":{"@id":"https:\/\/www.webdo.tn\/fr\/actualite\/divers\/circulation-de-metro-arrete-a-cause-dune-grue-tombee\/178630\/"},"wordCount":229,"commentCount":0,"publisher":{"@id":"https:\/\/www.webdo.tn\/fr\/#organization"},"image":{"@id":"https:\/\/www.webdo.tn\/fr\/actualite\/divers\/circulation-de-metro-arrete-a-cause-dune-grue-tombee\/178630\/#primaryimage"},"thumbnailUrl":"https:\/\/www.webdo.tn\/fr\/wp-content\/uploads\/2025\/06\/FireShot-Capture-1063-webdo_default-53-750x375.jpg-750\u00d7375-www.webdo_.tn_.png","articleSection":["Divers"],"inLanguage":"fr-FR"},{"@type":"WebPage","@id":"https:\/\/www.webdo.tn\/fr\/actualite\/divers\/circulation-de-metro-arrete-a-cause-dune-grue-tombee\/178630\/","url":"https:\/\/www.webdo.tn\/fr\/actualite\/divers\/circulation-de-metro-arrete-a-cause-dune-grue-tombee\/178630\/","name":"Circulation de m\u00e9tro arr\u00eat\u00e9e \u00e0 cause d'une grue tomb\u00e9e","isPartOf":{"@id":"https:\/\/www.webdo.tn\/fr\/#website"},"primaryImageOfPage":{"@id":"https:\/\/www.webdo.tn\/fr\/actualite\/divers\/circulation-de-metro-arrete-a-cause-dune-grue-tombee\/178630\/#primaryimage"},"image":{"@id":"https:\/\/www.webdo.tn\/fr\/actualite\/divers\/circulation-de-metro-arrete-a-cause-dune-grue-tombee\/178630\/#primaryimage"},"thumbnailUrl":"https:\/\/www.webdo.tn\/fr\/wp-content\/uploads\/2025\/06\/FireShot-Capture-1063-webdo_default-53-750x375.jpg-750\u00d7375-www.webdo_.tn_.png","datePublished":"2011-05-04T10:30:00+00:00","description":"Circulation de m\u00e9tro arr\u00eat\u00e9e \u00e0 cause d'une grue tomb\u00e9e","breadcrumb":{"@id":"https:\/\/www.webdo.tn\/fr\/actualite\/divers\/circulation-de-metro-arrete-a-cause-dune-grue-tombee\/178630\/#breadcrumb"},"inLanguage":"fr-FR","potentialAction":[{"@type":"ReadAction","target":["https:\/\/www.webdo.tn\/fr\/actualite\/divers\/circulation-de-metro-arrete-a-cause-dune-grue-tombee\/178630\/"]}]},{"@type":"ImageObject","inLanguage":"fr-FR","@id":"https:\/\/www.webdo.tn\/fr\/actualite\/divers\/circulation-de-metro-arrete-a-cause-dune-grue-tombee\/178630\/#primaryimage","url":"https:\/\/www.webdo.tn\/fr\/wp-content\/uploads\/2025\/06\/FireShot-Capture-1063-webdo_default-53-750x375.jpg-750\u00d7375-www.webdo_.tn_.png","contentUrl":"https:\/\/www.webdo.tn\/fr\/wp-content\/uploads\/2025\/06\/FireShot-Capture-1063-webdo_default-53-750x375.jpg-750\u00d7375-www.webdo_.tn_.png","width":746,"height":371},{"@type":"BreadcrumbList","@id":"https:\/\/www.webdo.tn\/fr\/actualite\/divers\/circulation-de-metro-arrete-a-cause-dune-grue-tombee\/178630\/#breadcrumb","itemListElement":[{"@type":"ListItem","position":1,"name":"Accueil","item":"https:\/\/www.webdo.tn\/fr\/"},{"@type":"ListItem","position":2,"name":"Circulation de m\u00e9tro arr\u00eat\u00e9e \u00e0 cause d&rsquo;une grue tomb\u00e9e"}]},{"@type":"WebSite","@id":"https:\/\/www.webdo.tn\/fr\/#website","url":"https:\/\/www.webdo.tn\/fr\/","name":"webdo","description":"Tunisie - News en Tunisie et \u00e0 l&#039;international sur Webdo.tn","publisher":{"@id":"https:\/\/www.webdo.tn\/fr\/#organization"},"potentialAction":[{"@type":"SearchAction","target":{"@type":"EntryPoint","urlTemplate":"https:\/\/www.webdo.tn\/fr\/?s={search_term_string}"},"query-input":{"@type":"PropertyValueSpecification","valueRequired":true,"valueName":"search_term_string"}}],"inLanguage":"fr-FR"},{"@type":"Organization","@id":"https:\/\/www.webdo.tn\/fr\/#organization","name":"Webdo","alternateName":"Webdo.tn","url":"https:\/\/www.webdo.tn\/fr\/","logo":{"@type":"ImageObject","inLanguage":"fr-FR","@id":"https:\/\/www.webdo.tn\/fr\/#\/schema\/logo\/image\/","url":"https:\/\/www.webdo.tn\/fr\/wp-content\/uploads\/2025\/06\/Webdo-Tunisie_168377.jpg","contentUrl":"https:\/\/www.webdo.tn\/fr\/wp-content\/uploads\/2025\/06\/Webdo-Tunisie_168377.jpg","width":301,"height":301,"caption":"Webdo"},"image":{"@id":"https:\/\/www.webdo.tn\/fr\/#\/schema\/logo\/image\/"},"sameAs":["https:\/\/www.facebook.com\/webdotn","https:\/\/x.com\/webdo_tn"],"description":"Webdo est un m\u00e9dia num\u00e9rique tunisien fond\u00e9 en 2010, sp\u00e9cialis\u00e9 dans l\u2019actualit\u00e9 nationale et internationale, l\u2019\u00e9conomie, la soci\u00e9t\u00e9 et les analyses politiques. Le site s\u2019adresse \u00e0 un large public francophone et couvre l\u2019information tunisienne en temps r\u00e9el.","email":"redac@webdo.tn","legalName":"YNJ SARL","foundingDate":"2010-09-06","numberOfEmployees":{"@type":"QuantitativeValue","minValue":"11","maxValue":"50"}},{"@type":"Person","@id":"https:\/\/www.webdo.tn\/fr\/#\/schema\/person\/9a9c6118d687c117df8ef3cc36a4d175","name":"webdo.tn","image":{"@type":"ImageObject","inLanguage":"fr-FR","@id":"https:\/\/secure.gravatar.com\/avatar\/7ce1f28c0c3bbac99ff550b85ef8e44a6950c6ee24514fb6a5489e51d06f0298?s=96&d=mm&r=g","url":"https:\/\/secure.gravatar.com\/avatar\/7ce1f28c0c3bbac99ff550b85ef8e44a6950c6ee24514fb6a5489e51d06f0298?s=96&d=mm&r=g","contentUrl":"https:\/\/secure.gravatar.com\/avatar\/7ce1f28c0c3bbac99ff550b85ef8e44a6950c6ee24514fb6a5489e51d06f0298?s=96&d=mm&r=g","caption":"webdo.tn"},"url":"https:\/\/www.webdo.tn\/fr\/actualite\/author\/webdotn\/"}]}},"_links":{"self":[{"href":"https:\/\/www.webdo.tn\/fr\/wp-json\/wp\/v2\/posts\/178630","targetHints":{"allow":["GET"]}}],"collection":[{"href":"https:\/\/www.webdo.tn\/fr\/wp-json\/wp\/v2\/posts"}],"about":[{"href":"https:\/\/www.webdo.tn\/fr\/wp-json\/wp\/v2\/types\/post"}],"author":[{"embeddable":true,"href":"https:\/\/www.webdo.tn\/fr\/wp-json\/wp\/v2\/users\/3222"}],"replies":[{"embeddable":true,"href":"https:\/\/www.webdo.tn\/fr\/wp-json\/wp\/v2\/comments?post=178630"}],"version-history":[{"count":0,"href":"https:\/\/www.webdo.tn\/fr\/wp-json\/wp\/v2\/posts\/178630\/revisions"}],"wp:featuredmedia":[{"embeddable":true,"href":"https:\/\/www.webdo.tn\/fr\/wp-json\/wp\/v2\/media\/376290"}],"wp:attachment":[{"href":"https:\/\/www.webdo.tn\/fr\/wp-json\/wp\/v2\/media?parent=178630"}],"wp:term":[{"taxonomy":"category","embeddable":true,"href":"https:\/\/www.webdo.tn\/fr\/wp-json\/wp\/v2\/categories?post=178630"},{"taxonomy":"post_tag","embeddable":true,"href":"https:\/\/www.webdo.tn\/fr\/wp-json\/wp\/v2\/tags?post=178630"}],"curies":[{"name":"wp","href":"https:\/\/api.w.org\/{rel}","templated":true}]}}