{"id":178629,"date":"2011-05-04T11:32:00","date_gmt":"2011-05-04T11:32:00","guid":{"rendered":"https:\/\/www.webdo.tn\/fr\/actualite\/blog\/rencontre-avec-maher-rajhi-arrete-au-montreal-pour-menaces-a-lencontre-de-belhassen-trablesi\/178629\/"},"modified":"2011-05-04T11:32:00","modified_gmt":"2011-05-04T11:32:00","slug":"rencontre-avec-maher-rajhi-arrete-au-montreal-pour-menaces-a-lencontre-de-belhassen-trablesi","status":"publish","type":"post","link":"https:\/\/www.webdo.tn\/fr\/actualite\/divers\/rencontre-avec-maher-rajhi-arrete-au-montreal-pour-menaces-a-lencontre-de-belhassen-trablesi\/178629\/","title":{"rendered":"Rencontre avec Maher Rajhi, arr\u00eat\u00e9 \u00e0 Montr\u00e9al pour \u00ab\u00a0menaces \u00e0 l&rsquo;encontre de Belhassen Trablesi\u00a0\u00bb"},"content":{"rendered":"<p>Depuis sa fuite de Tunisie, le soir du 14 janvier, \u00e0 bord de son yacht, Belhassen Trabelsi vit au Canada, et \u00e0 Montr\u00e9al plus pr\u00e9cis\u00e9ment. Et malgr\u00e9 l\u2019avis international d\u2019arrestation envoy\u00e9 par la Tunisie \u00e0 Interpol, l\u2019Etat canadien n\u2019a toujours rien fait pour arr\u00eater Belhassen. D\u2019autant plus qu\u2019Interpol a pr\u00e9cis\u00e9 \u00e0 Ottawa qu&rsquo;elle ne d\u00e9p\u00eacherait pas d&rsquo;agent pour effectuer des arrestations, car celles-ci devaient \u00eatre faites par la police locale, conform\u00e9ment \u00e0 la l\u00e9gislation nationale.<\/p>\n<p>M\u00eame les comptes bancaires du fr\u00e8re de Leila n\u2019ont pas \u00e9t\u00e9 gel\u00e9s imm\u00e9diatement. Pire, il a m\u00eame pu faire d\u2019importantes transactions bancaires depuis son lieu de r\u00e9sidence, au Ch\u00e2teau Vaudreuil, en janvier.<\/p>\n<p>Mais au-del\u00e0 de la passivit\u00e9 \u00e9tonnante du gouvernement canadien et l\u2019impunit\u00e9 aberrante dans laquelle vit d\u00e9sormais \u00ab le parrain \u00bb, nous avons appris l\u2019arrestation d\u2019un jeune tunisien, vivant \u00e0 Montr\u00e9al.<\/p>\n<p>Ce dernier a comparu, discr\u00e8tement, la semaine derni\u00e8re, devant la cour criminelle de Montr\u00e9al , accus\u00e9 de menaces \u00e0 l\u2019encontre de Belhassen Trabelsi. Aberrant !<\/p>\n<p>Cette info, publi\u00e9e par le site \u00ab Rue Frontenac \u00bb, n\u2019a \u00e9t\u00e9 reprise par aucun site d\u2019information. Allez demander pourquoi ?<\/p>\n<p>C\u2019est en ce sens que la correspondante de Webdo \u00e0 Montr\u00e9al, Bochra Ben Youssef, a contact\u00e9 le jeune homme de 23 ans, Maher Rajhi, pour mieux comprendre ce qu\u2019il a endur\u00e9. Et le moins qu\u2019on puisse dire, c\u2019est que son \u00ab aventure \u00bb est hallucinante.<\/p>\n<p>Durant la nuit du 26 au 27 janvier dernier, Maher a \u00e9t\u00e9 invit\u00e9 par ses amis \u00e0 participer \u00e0 une manifestation (autoris\u00e9e), devant le ch\u00e2teau Vaudreuil, o\u00f9 logeaient \u00e0 l\u2019\u00e9poque Belhassen et sa famille. Se trouvant \u00e0 plusieurs kilom\u00e8tres de ce lieu, il appela sa meilleure amie afin qu\u2019elle lui pr\u00eate sa voiture.<\/p>\n<p>A la question de son amie : \u00ab Pourquoi veux-tu y aller ? \u00bb, Maher r\u00e9pond avec spontan\u00e9it\u00e9 et ironie \u00ab J\u2019ai envie de le tuer \u00bb.  Trois heures apr\u00e8s, sa meilleure amie, dont il ne pr\u00e9f\u00e8re pas divulguer le nom, est surprise par la visite de la s\u00fbret\u00e9 du Quebec, en l\u2019occurrence la brigade anti-terrorisme. La communication t\u00e9l\u00e9phonique qu\u2019elle a eue avec Maher avait \u00e9t\u00e9 intercept\u00e9e. Ils cherchaient donc \u00e0 avoir des informations sur ce dernier.<\/p>\n<p>Le lendemain, Maher est arr\u00eat\u00e9, bombard\u00e9 de questions, mis en garde \u00e0 vue puis transf\u00e9r\u00e9 aux services de l\u2019immigration.<\/p>\n<p>Le jeune tunisien \u00e9tait en situation irr\u00e9guli\u00e8re depuis le vol de sa carte bancaire. Toutes ses \u00e9conomies se sont volatilis\u00e9es, contraignant Maher \u00e0 retirer son inscription universitaire. Ce qui ne lui a plus permis de b\u00e9n\u00e9ficier du statut d\u2019\u00e9tudiant.<\/p>\n<p>Durant sa garde \u00e0 vue, Maher a \u00e9t\u00e9 accus\u00e9 de \u00ab menaces \u00e0 l\u2019encontre de Belhassen Trabelsi \u00bb. Sachant qu\u2019il n\u2019avait jamais \u00e9t\u00e9 en contact, ni m\u00eame aux alentours de la r\u00e9sidence du fr\u00e8re de Leila !<\/p>\n<p>Son proc\u00e8s a \u00e9t\u00e9 ajourn\u00e9 au 16 juin prochain o\u00f9 il compara\u00eetra de nouveau devant le juge. Un proc\u00e8s aberrant au cours duquel un jeune tunisien se verra reprocher une phrase ironique exprim\u00e9e au t\u00e9l\u00e9phone! Heureusement que le ridicule ne tue pas\u2026<\/p>\n<p>Pendant ce temps, le gouvernement canadien n\u2019a toujours rien fait pour arr\u00eater Belhassen Trabelsi alors qu\u2019un mandat d\u2019arr\u00eat international a \u00e9t\u00e9 envoy\u00e9 \u00e0 son encontre par la Tunisie\u2026<\/p>\n","protected":false},"excerpt":{"rendered":"<p>Rencontre avec Maher Rajhi, arr\u00eat\u00e9 \u00e0 Montr\u00e9al pour  menaces \u00e0 l&rsquo;encontre de Belhassen Trablesi <\/p>\n","protected":false},"author":3222,"featured_media":365410,"comment_status":"open","ping_status":"closed","sticky":false,"template":"","format":"standard","meta":{"footnotes":""},"categories":[2839],"tags":[],"class_list":["post-178629","post","type-post","status-publish","format-standard","has-post-thumbnail","hentry","category-divers"],"yoast_head":"<!-- This site is optimized with the Yoast SEO Premium plugin v27.4 (Yoast SEO v27.4) - https:\/\/yoast.com\/product\/yoast-seo-premium-wordpress\/ -->\n<title>Rencontre avec Maher Rajhi, arr\u00eat\u00e9 \u00e0 Montr\u00e9al pour menaces \u00e0 l&#039;encontre de Belhassen Trablesi<\/title>\n<meta name=\"description\" content=\"Rencontre avec Maher Rajhi, arr\u00eat\u00e9 \u00e0 Montr\u00e9al pour menaces \u00e0 l&#039;encontre de Belhassen Trablesi\" \/>\n<link rel=\"canonical\" href=\"https:\/\/www.webdo.tn\/fr\/actualite\/divers\/rencontre-avec-maher-rajhi-arrete-au-montreal-pour-menaces-a-lencontre-de-belhassen-trablesi\/178629\/\" \/>\n<meta property=\"og:locale\" content=\"fr_FR\" \/>\n<meta property=\"og:type\" content=\"article\" \/>\n<meta property=\"og:title\" content=\"Rencontre avec Maher Rajhi, arr\u00eat\u00e9 \u00e0 Montr\u00e9al pour &quot;menaces \u00e0 l&#039;encontre de Belhassen Trablesi&quot;\" \/>\n<meta property=\"og:description\" content=\"Rencontre avec Maher Rajhi, arr\u00eat\u00e9 \u00e0 Montr\u00e9al pour menaces \u00e0 l&#039;encontre de Belhassen Trablesi\" \/>\n<meta property=\"og:url\" content=\"https:\/\/www.webdo.tn\/fr\/actualite\/divers\/rencontre-avec-maher-rajhi-arrete-au-montreal-pour-menaces-a-lencontre-de-belhassen-trablesi\/178629\/\" \/>\n<meta property=\"og:site_name\" content=\"webdo\" \/>\n<meta property=\"article:publisher\" content=\"https:\/\/www.facebook.com\/webdotn\" \/>\n<meta property=\"article:published_time\" content=\"2011-05-04T11:32:00+00:00\" \/>\n<meta property=\"og:image\" content=\"https:\/\/www.webdo.tn\/fr\/wp-content\/uploads\/2011\/05\/Maher-Rajhi.jpg\" \/>\n\t<meta property=\"og:image:width\" content=\"213\" \/>\n\t<meta property=\"og:image:height\" content=\"301\" \/>\n\t<meta property=\"og:image:type\" content=\"image\/jpeg\" \/>\n<meta name=\"author\" content=\"webdo.tn\" \/>\n<meta name=\"twitter:card\" content=\"summary_large_image\" \/>\n<meta name=\"twitter:creator\" content=\"@webdo_tn\" \/>\n<meta name=\"twitter:site\" content=\"@webdo_tn\" \/>\n<meta name=\"twitter:label1\" content=\"\u00c9crit par\" \/>\n\t<meta name=\"twitter:data1\" content=\"webdo.tn\" \/>\n\t<meta name=\"twitter:label2\" content=\"Dur\u00e9e de lecture estim\u00e9e\" \/>\n\t<meta name=\"twitter:data2\" content=\"3 minutes\" \/>\n<script type=\"application\/ld+json\" class=\"yoast-schema-graph\">{\"@context\":\"https:\\\/\\\/schema.org\",\"@graph\":[{\"@type\":\"NewsArticle\",\"@id\":\"https:\\\/\\\/www.webdo.tn\\\/fr\\\/actualite\\\/divers\\\/rencontre-avec-maher-rajhi-arrete-au-montreal-pour-menaces-a-lencontre-de-belhassen-trablesi\\\/178629\\\/#article\",\"isPartOf\":{\"@id\":\"https:\\\/\\\/www.webdo.tn\\\/fr\\\/actualite\\\/divers\\\/rencontre-avec-maher-rajhi-arrete-au-montreal-pour-menaces-a-lencontre-de-belhassen-trablesi\\\/178629\\\/\"},\"author\":{\"name\":\"webdo.tn\",\"@id\":\"https:\\\/\\\/www.webdo.tn\\\/fr\\\/#\\\/schema\\\/person\\\/9a9c6118d687c117df8ef3cc36a4d175\"},\"headline\":\"Rencontre avec Maher Rajhi, arr\u00eat\u00e9 \u00e0 Montr\u00e9al pour \u00ab\u00a0menaces \u00e0 l&rsquo;encontre de Belhassen Trablesi\u00a0\u00bb\",\"datePublished\":\"2011-05-04T11:32:00+00:00\",\"mainEntityOfPage\":{\"@id\":\"https:\\\/\\\/www.webdo.tn\\\/fr\\\/actualite\\\/divers\\\/rencontre-avec-maher-rajhi-arrete-au-montreal-pour-menaces-a-lencontre-de-belhassen-trablesi\\\/178629\\\/\"},\"wordCount\":584,\"commentCount\":0,\"publisher\":{\"@id\":\"https:\\\/\\\/www.webdo.tn\\\/fr\\\/#organization\"},\"image\":{\"@id\":\"https:\\\/\\\/www.webdo.tn\\\/fr\\\/actualite\\\/divers\\\/rencontre-avec-maher-rajhi-arrete-au-montreal-pour-menaces-a-lencontre-de-belhassen-trablesi\\\/178629\\\/#primaryimage\"},\"thumbnailUrl\":\"https:\\\/\\\/www.webdo.tn\\\/fr\\\/wp-content\\\/uploads\\\/2011\\\/05\\\/Maher-Rajhi.jpg\",\"articleSection\":[\"Divers\"],\"inLanguage\":\"fr-FR\"},{\"@type\":\"WebPage\",\"@id\":\"https:\\\/\\\/www.webdo.tn\\\/fr\\\/actualite\\\/divers\\\/rencontre-avec-maher-rajhi-arrete-au-montreal-pour-menaces-a-lencontre-de-belhassen-trablesi\\\/178629\\\/\",\"url\":\"https:\\\/\\\/www.webdo.tn\\\/fr\\\/actualite\\\/divers\\\/rencontre-avec-maher-rajhi-arrete-au-montreal-pour-menaces-a-lencontre-de-belhassen-trablesi\\\/178629\\\/\",\"name\":\"Rencontre avec Maher Rajhi, arr\u00eat\u00e9 \u00e0 Montr\u00e9al pour menaces \u00e0 l'encontre de Belhassen Trablesi\",\"isPartOf\":{\"@id\":\"https:\\\/\\\/www.webdo.tn\\\/fr\\\/#website\"},\"primaryImageOfPage\":{\"@id\":\"https:\\\/\\\/www.webdo.tn\\\/fr\\\/actualite\\\/divers\\\/rencontre-avec-maher-rajhi-arrete-au-montreal-pour-menaces-a-lencontre-de-belhassen-trablesi\\\/178629\\\/#primaryimage\"},\"image\":{\"@id\":\"https:\\\/\\\/www.webdo.tn\\\/fr\\\/actualite\\\/divers\\\/rencontre-avec-maher-rajhi-arrete-au-montreal-pour-menaces-a-lencontre-de-belhassen-trablesi\\\/178629\\\/#primaryimage\"},\"thumbnailUrl\":\"https:\\\/\\\/www.webdo.tn\\\/fr\\\/wp-content\\\/uploads\\\/2011\\\/05\\\/Maher-Rajhi.jpg\",\"datePublished\":\"2011-05-04T11:32:00+00:00\",\"description\":\"Rencontre avec Maher Rajhi, arr\u00eat\u00e9 \u00e0 Montr\u00e9al pour menaces \u00e0 l'encontre de Belhassen Trablesi\",\"breadcrumb\":{\"@id\":\"https:\\\/\\\/www.webdo.tn\\\/fr\\\/actualite\\\/divers\\\/rencontre-avec-maher-rajhi-arrete-au-montreal-pour-menaces-a-lencontre-de-belhassen-trablesi\\\/178629\\\/#breadcrumb\"},\"inLanguage\":\"fr-FR\",\"potentialAction\":[{\"@type\":\"ReadAction\",\"target\":[\"https:\\\/\\\/www.webdo.tn\\\/fr\\\/actualite\\\/divers\\\/rencontre-avec-maher-rajhi-arrete-au-montreal-pour-menaces-a-lencontre-de-belhassen-trablesi\\\/178629\\\/\"]}]},{\"@type\":\"ImageObject\",\"inLanguage\":\"fr-FR\",\"@id\":\"https:\\\/\\\/www.webdo.tn\\\/fr\\\/actualite\\\/divers\\\/rencontre-avec-maher-rajhi-arrete-au-montreal-pour-menaces-a-lencontre-de-belhassen-trablesi\\\/178629\\\/#primaryimage\",\"url\":\"https:\\\/\\\/www.webdo.tn\\\/fr\\\/wp-content\\\/uploads\\\/2011\\\/05\\\/Maher-Rajhi.jpg\",\"contentUrl\":\"https:\\\/\\\/www.webdo.tn\\\/fr\\\/wp-content\\\/uploads\\\/2011\\\/05\\\/Maher-Rajhi.jpg\",\"width\":213,\"height\":301,\"caption\":\"Rencontre avec Maher Rajhi, arr\u00eat\u00e9 \u00e0 Montr\u00e9al pour \\\"menaces \u00e0 l'encontre de Belhassen Trablesi\\\"\"},{\"@type\":\"BreadcrumbList\",\"@id\":\"https:\\\/\\\/www.webdo.tn\\\/fr\\\/actualite\\\/divers\\\/rencontre-avec-maher-rajhi-arrete-au-montreal-pour-menaces-a-lencontre-de-belhassen-trablesi\\\/178629\\\/#breadcrumb\",\"itemListElement\":[{\"@type\":\"ListItem\",\"position\":1,\"name\":\"Accueil\",\"item\":\"https:\\\/\\\/www.webdo.tn\\\/fr\\\/\"},{\"@type\":\"ListItem\",\"position\":2,\"name\":\"Rencontre avec Maher Rajhi, arr\u00eat\u00e9 \u00e0 Montr\u00e9al pour \u00ab\u00a0menaces \u00e0 l&rsquo;encontre de Belhassen Trablesi\u00a0\u00bb\"}]},{\"@type\":\"WebSite\",\"@id\":\"https:\\\/\\\/www.webdo.tn\\\/fr\\\/#website\",\"url\":\"https:\\\/\\\/www.webdo.tn\\\/fr\\\/\",\"name\":\"webdo\",\"description\":\"Tunisie - News en Tunisie et \u00e0 l&#039;international sur Webdo.tn\",\"publisher\":{\"@id\":\"https:\\\/\\\/www.webdo.tn\\\/fr\\\/#organization\"},\"potentialAction\":[{\"@type\":\"SearchAction\",\"target\":{\"@type\":\"EntryPoint\",\"urlTemplate\":\"https:\\\/\\\/www.webdo.tn\\\/fr\\\/?s={search_term_string}\"},\"query-input\":{\"@type\":\"PropertyValueSpecification\",\"valueRequired\":true,\"valueName\":\"search_term_string\"}}],\"inLanguage\":\"fr-FR\"},{\"@type\":\"Organization\",\"@id\":\"https:\\\/\\\/www.webdo.tn\\\/fr\\\/#organization\",\"name\":\"Webdo\",\"alternateName\":\"Webdo.tn\",\"url\":\"https:\\\/\\\/www.webdo.tn\\\/fr\\\/\",\"logo\":{\"@type\":\"ImageObject\",\"inLanguage\":\"fr-FR\",\"@id\":\"https:\\\/\\\/www.webdo.tn\\\/fr\\\/#\\\/schema\\\/logo\\\/image\\\/\",\"url\":\"https:\\\/\\\/www.webdo.tn\\\/fr\\\/wp-content\\\/uploads\\\/2025\\\/06\\\/Webdo-Tunisie_168377.jpg\",\"contentUrl\":\"https:\\\/\\\/www.webdo.tn\\\/fr\\\/wp-content\\\/uploads\\\/2025\\\/06\\\/Webdo-Tunisie_168377.jpg\",\"width\":301,\"height\":301,\"caption\":\"Webdo\"},\"image\":{\"@id\":\"https:\\\/\\\/www.webdo.tn\\\/fr\\\/#\\\/schema\\\/logo\\\/image\\\/\"},\"sameAs\":[\"https:\\\/\\\/www.facebook.com\\\/webdotn\",\"https:\\\/\\\/x.com\\\/webdo_tn\"],\"description\":\"Webdo est un m\u00e9dia num\u00e9rique tunisien fond\u00e9 en 2010, sp\u00e9cialis\u00e9 dans l\u2019actualit\u00e9 nationale et internationale, l\u2019\u00e9conomie, la soci\u00e9t\u00e9 et les analyses politiques. Le site s\u2019adresse \u00e0 un large public francophone et couvre l\u2019information tunisienne en temps r\u00e9el.\",\"email\":\"redac@webdo.tn\",\"legalName\":\"YNJ SARL\",\"foundingDate\":\"2010-09-06\",\"numberOfEmployees\":{\"@type\":\"QuantitativeValue\",\"minValue\":\"11\",\"maxValue\":\"50\"}},{\"@type\":\"Person\",\"@id\":\"https:\\\/\\\/www.webdo.tn\\\/fr\\\/#\\\/schema\\\/person\\\/9a9c6118d687c117df8ef3cc36a4d175\",\"name\":\"webdo.tn\",\"image\":{\"@type\":\"ImageObject\",\"inLanguage\":\"fr-FR\",\"@id\":\"https:\\\/\\\/secure.gravatar.com\\\/avatar\\\/7ce1f28c0c3bbac99ff550b85ef8e44a6950c6ee24514fb6a5489e51d06f0298?s=96&d=mm&r=g\",\"url\":\"https:\\\/\\\/secure.gravatar.com\\\/avatar\\\/7ce1f28c0c3bbac99ff550b85ef8e44a6950c6ee24514fb6a5489e51d06f0298?s=96&d=mm&r=g\",\"contentUrl\":\"https:\\\/\\\/secure.gravatar.com\\\/avatar\\\/7ce1f28c0c3bbac99ff550b85ef8e44a6950c6ee24514fb6a5489e51d06f0298?s=96&d=mm&r=g\",\"caption\":\"webdo.tn\"},\"url\":\"https:\\\/\\\/www.webdo.tn\\\/fr\\\/actualite\\\/author\\\/webdotn\\\/\"}]}<\/script>\n<!-- \/ Yoast SEO Premium plugin. -->","yoast_head_json":{"title":"Rencontre avec Maher Rajhi, arr\u00eat\u00e9 \u00e0 Montr\u00e9al pour menaces \u00e0 l'encontre de Belhassen Trablesi","description":"Rencontre avec Maher Rajhi, arr\u00eat\u00e9 \u00e0 Montr\u00e9al pour menaces \u00e0 l'encontre de Belhassen Trablesi","canonical":"https:\/\/www.webdo.tn\/fr\/actualite\/divers\/rencontre-avec-maher-rajhi-arrete-au-montreal-pour-menaces-a-lencontre-de-belhassen-trablesi\/178629\/","og_locale":"fr_FR","og_type":"article","og_title":"Rencontre avec Maher Rajhi, arr\u00eat\u00e9 \u00e0 Montr\u00e9al pour \"menaces \u00e0 l'encontre de Belhassen Trablesi\"","og_description":"Rencontre avec Maher Rajhi, arr\u00eat\u00e9 \u00e0 Montr\u00e9al pour menaces \u00e0 l'encontre de Belhassen Trablesi","og_url":"https:\/\/www.webdo.tn\/fr\/actualite\/divers\/rencontre-avec-maher-rajhi-arrete-au-montreal-pour-menaces-a-lencontre-de-belhassen-trablesi\/178629\/","og_site_name":"webdo","article_publisher":"https:\/\/www.facebook.com\/webdotn","article_published_time":"2011-05-04T11:32:00+00:00","og_image":[{"width":213,"height":301,"url":"https:\/\/www.webdo.tn\/fr\/wp-content\/uploads\/2011\/05\/Maher-Rajhi.jpg","type":"image\/jpeg"}],"author":"webdo.tn","twitter_card":"summary_large_image","twitter_creator":"@webdo_tn","twitter_site":"@webdo_tn","twitter_misc":{"\u00c9crit par":"webdo.tn","Dur\u00e9e de lecture estim\u00e9e":"3 minutes"},"schema":{"@context":"https:\/\/schema.org","@graph":[{"@type":"NewsArticle","@id":"https:\/\/www.webdo.tn\/fr\/actualite\/divers\/rencontre-avec-maher-rajhi-arrete-au-montreal-pour-menaces-a-lencontre-de-belhassen-trablesi\/178629\/#article","isPartOf":{"@id":"https:\/\/www.webdo.tn\/fr\/actualite\/divers\/rencontre-avec-maher-rajhi-arrete-au-montreal-pour-menaces-a-lencontre-de-belhassen-trablesi\/178629\/"},"author":{"name":"webdo.tn","@id":"https:\/\/www.webdo.tn\/fr\/#\/schema\/person\/9a9c6118d687c117df8ef3cc36a4d175"},"headline":"Rencontre avec Maher Rajhi, arr\u00eat\u00e9 \u00e0 Montr\u00e9al pour \u00ab\u00a0menaces \u00e0 l&rsquo;encontre de Belhassen Trablesi\u00a0\u00bb","datePublished":"2011-05-04T11:32:00+00:00","mainEntityOfPage":{"@id":"https:\/\/www.webdo.tn\/fr\/actualite\/divers\/rencontre-avec-maher-rajhi-arrete-au-montreal-pour-menaces-a-lencontre-de-belhassen-trablesi\/178629\/"},"wordCount":584,"commentCount":0,"publisher":{"@id":"https:\/\/www.webdo.tn\/fr\/#organization"},"image":{"@id":"https:\/\/www.webdo.tn\/fr\/actualite\/divers\/rencontre-avec-maher-rajhi-arrete-au-montreal-pour-menaces-a-lencontre-de-belhassen-trablesi\/178629\/#primaryimage"},"thumbnailUrl":"https:\/\/www.webdo.tn\/fr\/wp-content\/uploads\/2011\/05\/Maher-Rajhi.jpg","articleSection":["Divers"],"inLanguage":"fr-FR"},{"@type":"WebPage","@id":"https:\/\/www.webdo.tn\/fr\/actualite\/divers\/rencontre-avec-maher-rajhi-arrete-au-montreal-pour-menaces-a-lencontre-de-belhassen-trablesi\/178629\/","url":"https:\/\/www.webdo.tn\/fr\/actualite\/divers\/rencontre-avec-maher-rajhi-arrete-au-montreal-pour-menaces-a-lencontre-de-belhassen-trablesi\/178629\/","name":"Rencontre avec Maher Rajhi, arr\u00eat\u00e9 \u00e0 Montr\u00e9al pour menaces \u00e0 l'encontre de Belhassen Trablesi","isPartOf":{"@id":"https:\/\/www.webdo.tn\/fr\/#website"},"primaryImageOfPage":{"@id":"https:\/\/www.webdo.tn\/fr\/actualite\/divers\/rencontre-avec-maher-rajhi-arrete-au-montreal-pour-menaces-a-lencontre-de-belhassen-trablesi\/178629\/#primaryimage"},"image":{"@id":"https:\/\/www.webdo.tn\/fr\/actualite\/divers\/rencontre-avec-maher-rajhi-arrete-au-montreal-pour-menaces-a-lencontre-de-belhassen-trablesi\/178629\/#primaryimage"},"thumbnailUrl":"https:\/\/www.webdo.tn\/fr\/wp-content\/uploads\/2011\/05\/Maher-Rajhi.jpg","datePublished":"2011-05-04T11:32:00+00:00","description":"Rencontre avec Maher Rajhi, arr\u00eat\u00e9 \u00e0 Montr\u00e9al pour menaces \u00e0 l'encontre de Belhassen Trablesi","breadcrumb":{"@id":"https:\/\/www.webdo.tn\/fr\/actualite\/divers\/rencontre-avec-maher-rajhi-arrete-au-montreal-pour-menaces-a-lencontre-de-belhassen-trablesi\/178629\/#breadcrumb"},"inLanguage":"fr-FR","potentialAction":[{"@type":"ReadAction","target":["https:\/\/www.webdo.tn\/fr\/actualite\/divers\/rencontre-avec-maher-rajhi-arrete-au-montreal-pour-menaces-a-lencontre-de-belhassen-trablesi\/178629\/"]}]},{"@type":"ImageObject","inLanguage":"fr-FR","@id":"https:\/\/www.webdo.tn\/fr\/actualite\/divers\/rencontre-avec-maher-rajhi-arrete-au-montreal-pour-menaces-a-lencontre-de-belhassen-trablesi\/178629\/#primaryimage","url":"https:\/\/www.webdo.tn\/fr\/wp-content\/uploads\/2011\/05\/Maher-Rajhi.jpg","contentUrl":"https:\/\/www.webdo.tn\/fr\/wp-content\/uploads\/2011\/05\/Maher-Rajhi.jpg","width":213,"height":301,"caption":"Rencontre avec Maher Rajhi, arr\u00eat\u00e9 \u00e0 Montr\u00e9al pour \"menaces \u00e0 l'encontre de Belhassen Trablesi\""},{"@type":"BreadcrumbList","@id":"https:\/\/www.webdo.tn\/fr\/actualite\/divers\/rencontre-avec-maher-rajhi-arrete-au-montreal-pour-menaces-a-lencontre-de-belhassen-trablesi\/178629\/#breadcrumb","itemListElement":[{"@type":"ListItem","position":1,"name":"Accueil","item":"https:\/\/www.webdo.tn\/fr\/"},{"@type":"ListItem","position":2,"name":"Rencontre avec Maher Rajhi, arr\u00eat\u00e9 \u00e0 Montr\u00e9al pour \u00ab\u00a0menaces \u00e0 l&rsquo;encontre de Belhassen Trablesi\u00a0\u00bb"}]},{"@type":"WebSite","@id":"https:\/\/www.webdo.tn\/fr\/#website","url":"https:\/\/www.webdo.tn\/fr\/","name":"webdo","description":"Tunisie - News en Tunisie et \u00e0 l&#039;international sur Webdo.tn","publisher":{"@id":"https:\/\/www.webdo.tn\/fr\/#organization"},"potentialAction":[{"@type":"SearchAction","target":{"@type":"EntryPoint","urlTemplate":"https:\/\/www.webdo.tn\/fr\/?s={search_term_string}"},"query-input":{"@type":"PropertyValueSpecification","valueRequired":true,"valueName":"search_term_string"}}],"inLanguage":"fr-FR"},{"@type":"Organization","@id":"https:\/\/www.webdo.tn\/fr\/#organization","name":"Webdo","alternateName":"Webdo.tn","url":"https:\/\/www.webdo.tn\/fr\/","logo":{"@type":"ImageObject","inLanguage":"fr-FR","@id":"https:\/\/www.webdo.tn\/fr\/#\/schema\/logo\/image\/","url":"https:\/\/www.webdo.tn\/fr\/wp-content\/uploads\/2025\/06\/Webdo-Tunisie_168377.jpg","contentUrl":"https:\/\/www.webdo.tn\/fr\/wp-content\/uploads\/2025\/06\/Webdo-Tunisie_168377.jpg","width":301,"height":301,"caption":"Webdo"},"image":{"@id":"https:\/\/www.webdo.tn\/fr\/#\/schema\/logo\/image\/"},"sameAs":["https:\/\/www.facebook.com\/webdotn","https:\/\/x.com\/webdo_tn"],"description":"Webdo est un m\u00e9dia num\u00e9rique tunisien fond\u00e9 en 2010, sp\u00e9cialis\u00e9 dans l\u2019actualit\u00e9 nationale et internationale, l\u2019\u00e9conomie, la soci\u00e9t\u00e9 et les analyses politiques. Le site s\u2019adresse \u00e0 un large public francophone et couvre l\u2019information tunisienne en temps r\u00e9el.","email":"redac@webdo.tn","legalName":"YNJ SARL","foundingDate":"2010-09-06","numberOfEmployees":{"@type":"QuantitativeValue","minValue":"11","maxValue":"50"}},{"@type":"Person","@id":"https:\/\/www.webdo.tn\/fr\/#\/schema\/person\/9a9c6118d687c117df8ef3cc36a4d175","name":"webdo.tn","image":{"@type":"ImageObject","inLanguage":"fr-FR","@id":"https:\/\/secure.gravatar.com\/avatar\/7ce1f28c0c3bbac99ff550b85ef8e44a6950c6ee24514fb6a5489e51d06f0298?s=96&d=mm&r=g","url":"https:\/\/secure.gravatar.com\/avatar\/7ce1f28c0c3bbac99ff550b85ef8e44a6950c6ee24514fb6a5489e51d06f0298?s=96&d=mm&r=g","contentUrl":"https:\/\/secure.gravatar.com\/avatar\/7ce1f28c0c3bbac99ff550b85ef8e44a6950c6ee24514fb6a5489e51d06f0298?s=96&d=mm&r=g","caption":"webdo.tn"},"url":"https:\/\/www.webdo.tn\/fr\/actualite\/author\/webdotn\/"}]}},"_links":{"self":[{"href":"https:\/\/www.webdo.tn\/fr\/wp-json\/wp\/v2\/posts\/178629","targetHints":{"allow":["GET"]}}],"collection":[{"href":"https:\/\/www.webdo.tn\/fr\/wp-json\/wp\/v2\/posts"}],"about":[{"href":"https:\/\/www.webdo.tn\/fr\/wp-json\/wp\/v2\/types\/post"}],"author":[{"embeddable":true,"href":"https:\/\/www.webdo.tn\/fr\/wp-json\/wp\/v2\/users\/3222"}],"replies":[{"embeddable":true,"href":"https:\/\/www.webdo.tn\/fr\/wp-json\/wp\/v2\/comments?post=178629"}],"version-history":[{"count":0,"href":"https:\/\/www.webdo.tn\/fr\/wp-json\/wp\/v2\/posts\/178629\/revisions"}],"wp:featuredmedia":[{"embeddable":true,"href":"https:\/\/www.webdo.tn\/fr\/wp-json\/wp\/v2\/media\/365410"}],"wp:attachment":[{"href":"https:\/\/www.webdo.tn\/fr\/wp-json\/wp\/v2\/media?parent=178629"}],"wp:term":[{"taxonomy":"category","embeddable":true,"href":"https:\/\/www.webdo.tn\/fr\/wp-json\/wp\/v2\/categories?post=178629"},{"taxonomy":"post_tag","embeddable":true,"href":"https:\/\/www.webdo.tn\/fr\/wp-json\/wp\/v2\/tags?post=178629"}],"curies":[{"name":"wp","href":"https:\/\/api.w.org\/{rel}","templated":true}]}}