{"id":178627,"date":"2011-05-09T14:14:00","date_gmt":"2011-05-09T14:14:00","guid":{"rendered":"https:\/\/www.webdo.tn\/fr\/actualite\/blog\/lotan-a-laisse-mourir-de-faim-et-de-soif-61-migrants-vers-lampedusa\/178627\/"},"modified":"2011-05-09T14:14:00","modified_gmt":"2011-05-09T14:14:00","slug":"lotan-a-laisse-mourir-de-faim-et-de-soif-61-migrants-vers-lampedusa","status":"publish","type":"post","link":"https:\/\/www.webdo.tn\/fr\/actualite\/divers\/lotan-a-laisse-mourir-de-faim-et-de-soif-61-migrants-vers-lampedusa\/178627\/","title":{"rendered":"L&rsquo;OTAN a laiss\u00e9 mourir de faim et de soif 61 migrants vers Lampedusa"},"content":{"rendered":"<p>Un h\u00e9licopt\u00e8re a survol\u00e9 le bateau, leur a jet\u00e9 des bouteilles d&rsquo;eau et des paquets de biscuits. Les pilotes, habill\u00e9s en militaire, ont fait signe aux passagers de garder leur position et d&rsquo;attendre un bateau de sauvetage. L&rsquo;h\u00e9licopt\u00e8re est parti, mais personne n&rsquo;est venu. 16 jours plus tard, 61 sont morts.<\/p>\n<p>L&rsquo;enqu\u00eate du Guardian est fracassante. Les Italiens affirment avoir \u00ab inform\u00e9 Malte que le bateau se dirigeait vers leur zone de recherche et de secours \u00bb. Malte a ni\u00e9 avoir eu le moindre contact avec le bateau. 72 personnes \u00e9taient \u00e0 bord dont une majorit\u00e9 d&rsquo;\u00c9thiopiens. Parmi les 72, il y a 20 femmes et deux enfants dont l&rsquo;un avait \u00e0 peine un an.<\/p>\n<p>A cours de carburant, d&rsquo;eau et de nourritures, les vagues et les courants les ont faits d\u00e9river. A un certain moment, ils se sont approch\u00e9s d&rsquo;un porte-avion. Ils \u00e9taient si pr\u00e8s qu&rsquo;il est impossible \u00e0 l&rsquo;\u00e9quipage du porte-avion de ne pas voir le bateau. Les migrants ont vu deux avions d\u00e9coller et les survoler \u00e0 basse altitude. Ils se sont dress\u00e9s sur le pont tenant, \u00e0 bout de bras, les deux b\u00e9b\u00e9s affam\u00e9s.<\/p>\n<p>Aucune aide n&rsquo;est venue. Incapables de diriger le bateau \u00e0 cause des courants, ils ont ensuite \u00e9t\u00e9 \u00e9loign\u00e9s du porte-avion. Le Gardian est arriv\u00e9 \u00e0 la conclusion que c&rsquo;est le porte-avons fran\u00e7ais Charles de Gaulle qui \u00e9tait sur place et qui n&rsquo;a pas port\u00e9 secourir aux naufrag\u00e9s. La Marine fran\u00e7aise a cat\u00e9goriquement d\u00e9menti les affirmations du journal britannique.<\/p>\n<p>En France, la non-assistance \u00e0 une personne en danger est passible de cinq ans d&#8217;emprisonnement et de 75.000 euros d&rsquo;amende.<\/p>\n<p>Le bateau, parti de Tripoli le 25 mars, a fini par s&rsquo;\u00e9chouer sur les c\u00f4tes de Zlitan, toujours en Libye. Selon un survivant, chaque matin les passagers se r\u00e9veillaient sur les cadavres des leurs qu&rsquo;ils jetaient par dessus bord 24 heures apr\u00e8s.<\/p>\n<p>Seuls 11 ont donc surv\u00e9cu \u00e0 la faim et \u00e0 la soif, dont l&rsquo;un est d\u00e9c\u00e9d\u00e9 juste apr\u00e8s l&rsquo;\u00e9chouage. Un autre survivant a fini par mourir en prison&#8230; Les forces de Kadhafi les ont, en effet, arr\u00eat\u00e9s et d\u00e9tenus pendant quatre jours.<\/p>\n","protected":false},"excerpt":{"rendered":"<p>L&rsquo;OTAN a laiss\u00e9 mourir de faim et de soif 61 migrants vers Lampedusa<\/p>\n","protected":false},"author":3222,"featured_media":365893,"comment_status":"open","ping_status":"closed","sticky":false,"template":"","format":"standard","meta":{"footnotes":""},"categories":[2839],"tags":[],"class_list":["post-178627","post","type-post","status-publish","format-standard","has-post-thumbnail","hentry","category-divers"],"yoast_head":"<!-- This site is optimized with the Yoast SEO Premium plugin v27.4 (Yoast SEO v27.4) - https:\/\/yoast.com\/product\/yoast-seo-premium-wordpress\/ -->\n<title>L&#039;OTAN a laiss\u00e9 mourir de faim et de soif 61 migrants vers Lampedusa<\/title>\n<meta name=\"description\" content=\"L&#039;OTAN a laiss\u00e9 mourir de faim et de soif 61 migrants vers Lampedusa\" \/>\n<link rel=\"canonical\" href=\"https:\/\/www.webdo.tn\/fr\/actualite\/divers\/lotan-a-laisse-mourir-de-faim-et-de-soif-61-migrants-vers-lampedusa\/178627\/\" \/>\n<meta property=\"og:locale\" content=\"fr_FR\" \/>\n<meta property=\"og:type\" content=\"article\" \/>\n<meta property=\"og:title\" content=\"L&#039;OTAN a laiss\u00e9 mourir de faim et de soif 61 migrants vers Lampedusa\" \/>\n<meta property=\"og:description\" content=\"L&#039;OTAN a laiss\u00e9 mourir de faim et de soif 61 migrants vers Lampedusa\" \/>\n<meta property=\"og:url\" content=\"https:\/\/www.webdo.tn\/fr\/actualite\/divers\/lotan-a-laisse-mourir-de-faim-et-de-soif-61-migrants-vers-lampedusa\/178627\/\" \/>\n<meta property=\"og:site_name\" content=\"webdo\" \/>\n<meta property=\"article:publisher\" content=\"https:\/\/www.facebook.com\/webdotn\" \/>\n<meta property=\"article:published_time\" content=\"2011-05-09T14:14:00+00:00\" \/>\n<meta property=\"og:image\" content=\"https:\/\/www.webdo.tn\/fr\/wp-content\/uploads\/2011\/05\/lampedusa-migrants.jpg\" \/>\n\t<meta property=\"og:image:width\" content=\"280\" \/>\n\t<meta property=\"og:image:height\" content=\"197\" \/>\n\t<meta property=\"og:image:type\" content=\"image\/jpeg\" \/>\n<meta name=\"author\" content=\"webdo.tn\" \/>\n<meta name=\"twitter:card\" content=\"summary_large_image\" \/>\n<meta name=\"twitter:creator\" content=\"@webdo_tn\" \/>\n<meta name=\"twitter:site\" content=\"@webdo_tn\" \/>\n<meta name=\"twitter:label1\" content=\"\u00c9crit par\" \/>\n\t<meta name=\"twitter:data1\" content=\"webdo.tn\" \/>\n\t<meta name=\"twitter:label2\" content=\"Dur\u00e9e de lecture estim\u00e9e\" \/>\n\t<meta name=\"twitter:data2\" content=\"2 minutes\" \/>\n<script type=\"application\/ld+json\" class=\"yoast-schema-graph\">{\"@context\":\"https:\\\/\\\/schema.org\",\"@graph\":[{\"@type\":\"NewsArticle\",\"@id\":\"https:\\\/\\\/www.webdo.tn\\\/fr\\\/actualite\\\/divers\\\/lotan-a-laisse-mourir-de-faim-et-de-soif-61-migrants-vers-lampedusa\\\/178627\\\/#article\",\"isPartOf\":{\"@id\":\"https:\\\/\\\/www.webdo.tn\\\/fr\\\/actualite\\\/divers\\\/lotan-a-laisse-mourir-de-faim-et-de-soif-61-migrants-vers-lampedusa\\\/178627\\\/\"},\"author\":{\"name\":\"webdo.tn\",\"@id\":\"https:\\\/\\\/www.webdo.tn\\\/fr\\\/#\\\/schema\\\/person\\\/9a9c6118d687c117df8ef3cc36a4d175\"},\"headline\":\"L&rsquo;OTAN a laiss\u00e9 mourir de faim et de soif 61 migrants vers Lampedusa\",\"datePublished\":\"2011-05-09T14:14:00+00:00\",\"mainEntityOfPage\":{\"@id\":\"https:\\\/\\\/www.webdo.tn\\\/fr\\\/actualite\\\/divers\\\/lotan-a-laisse-mourir-de-faim-et-de-soif-61-migrants-vers-lampedusa\\\/178627\\\/\"},\"wordCount\":392,\"commentCount\":0,\"publisher\":{\"@id\":\"https:\\\/\\\/www.webdo.tn\\\/fr\\\/#organization\"},\"image\":{\"@id\":\"https:\\\/\\\/www.webdo.tn\\\/fr\\\/actualite\\\/divers\\\/lotan-a-laisse-mourir-de-faim-et-de-soif-61-migrants-vers-lampedusa\\\/178627\\\/#primaryimage\"},\"thumbnailUrl\":\"https:\\\/\\\/www.webdo.tn\\\/fr\\\/wp-content\\\/uploads\\\/2011\\\/05\\\/lampedusa-migrants.jpg\",\"articleSection\":[\"Divers\"],\"inLanguage\":\"fr-FR\"},{\"@type\":\"WebPage\",\"@id\":\"https:\\\/\\\/www.webdo.tn\\\/fr\\\/actualite\\\/divers\\\/lotan-a-laisse-mourir-de-faim-et-de-soif-61-migrants-vers-lampedusa\\\/178627\\\/\",\"url\":\"https:\\\/\\\/www.webdo.tn\\\/fr\\\/actualite\\\/divers\\\/lotan-a-laisse-mourir-de-faim-et-de-soif-61-migrants-vers-lampedusa\\\/178627\\\/\",\"name\":\"L'OTAN a laiss\u00e9 mourir de faim et de soif 61 migrants vers Lampedusa\",\"isPartOf\":{\"@id\":\"https:\\\/\\\/www.webdo.tn\\\/fr\\\/#website\"},\"primaryImageOfPage\":{\"@id\":\"https:\\\/\\\/www.webdo.tn\\\/fr\\\/actualite\\\/divers\\\/lotan-a-laisse-mourir-de-faim-et-de-soif-61-migrants-vers-lampedusa\\\/178627\\\/#primaryimage\"},\"image\":{\"@id\":\"https:\\\/\\\/www.webdo.tn\\\/fr\\\/actualite\\\/divers\\\/lotan-a-laisse-mourir-de-faim-et-de-soif-61-migrants-vers-lampedusa\\\/178627\\\/#primaryimage\"},\"thumbnailUrl\":\"https:\\\/\\\/www.webdo.tn\\\/fr\\\/wp-content\\\/uploads\\\/2011\\\/05\\\/lampedusa-migrants.jpg\",\"datePublished\":\"2011-05-09T14:14:00+00:00\",\"description\":\"L'OTAN a laiss\u00e9 mourir de faim et de soif 61 migrants vers Lampedusa\",\"breadcrumb\":{\"@id\":\"https:\\\/\\\/www.webdo.tn\\\/fr\\\/actualite\\\/divers\\\/lotan-a-laisse-mourir-de-faim-et-de-soif-61-migrants-vers-lampedusa\\\/178627\\\/#breadcrumb\"},\"inLanguage\":\"fr-FR\",\"potentialAction\":[{\"@type\":\"ReadAction\",\"target\":[\"https:\\\/\\\/www.webdo.tn\\\/fr\\\/actualite\\\/divers\\\/lotan-a-laisse-mourir-de-faim-et-de-soif-61-migrants-vers-lampedusa\\\/178627\\\/\"]}]},{\"@type\":\"ImageObject\",\"inLanguage\":\"fr-FR\",\"@id\":\"https:\\\/\\\/www.webdo.tn\\\/fr\\\/actualite\\\/divers\\\/lotan-a-laisse-mourir-de-faim-et-de-soif-61-migrants-vers-lampedusa\\\/178627\\\/#primaryimage\",\"url\":\"https:\\\/\\\/www.webdo.tn\\\/fr\\\/wp-content\\\/uploads\\\/2011\\\/05\\\/lampedusa-migrants.jpg\",\"contentUrl\":\"https:\\\/\\\/www.webdo.tn\\\/fr\\\/wp-content\\\/uploads\\\/2011\\\/05\\\/lampedusa-migrants.jpg\",\"width\":280,\"height\":197,\"caption\":\"L'OTAN a laiss\u00e9 mourir de faim et de soif 61 migrants vers Lampedusa\"},{\"@type\":\"BreadcrumbList\",\"@id\":\"https:\\\/\\\/www.webdo.tn\\\/fr\\\/actualite\\\/divers\\\/lotan-a-laisse-mourir-de-faim-et-de-soif-61-migrants-vers-lampedusa\\\/178627\\\/#breadcrumb\",\"itemListElement\":[{\"@type\":\"ListItem\",\"position\":1,\"name\":\"Accueil\",\"item\":\"https:\\\/\\\/www.webdo.tn\\\/fr\\\/\"},{\"@type\":\"ListItem\",\"position\":2,\"name\":\"L&rsquo;OTAN a laiss\u00e9 mourir de faim et de soif 61 migrants vers Lampedusa\"}]},{\"@type\":\"WebSite\",\"@id\":\"https:\\\/\\\/www.webdo.tn\\\/fr\\\/#website\",\"url\":\"https:\\\/\\\/www.webdo.tn\\\/fr\\\/\",\"name\":\"webdo\",\"description\":\"Tunisie - News en Tunisie et \u00e0 l&#039;international sur Webdo.tn\",\"publisher\":{\"@id\":\"https:\\\/\\\/www.webdo.tn\\\/fr\\\/#organization\"},\"potentialAction\":[{\"@type\":\"SearchAction\",\"target\":{\"@type\":\"EntryPoint\",\"urlTemplate\":\"https:\\\/\\\/www.webdo.tn\\\/fr\\\/?s={search_term_string}\"},\"query-input\":{\"@type\":\"PropertyValueSpecification\",\"valueRequired\":true,\"valueName\":\"search_term_string\"}}],\"inLanguage\":\"fr-FR\"},{\"@type\":\"Organization\",\"@id\":\"https:\\\/\\\/www.webdo.tn\\\/fr\\\/#organization\",\"name\":\"Webdo\",\"alternateName\":\"Webdo.tn\",\"url\":\"https:\\\/\\\/www.webdo.tn\\\/fr\\\/\",\"logo\":{\"@type\":\"ImageObject\",\"inLanguage\":\"fr-FR\",\"@id\":\"https:\\\/\\\/www.webdo.tn\\\/fr\\\/#\\\/schema\\\/logo\\\/image\\\/\",\"url\":\"https:\\\/\\\/www.webdo.tn\\\/fr\\\/wp-content\\\/uploads\\\/2025\\\/06\\\/Webdo-Tunisie_168377.jpg\",\"contentUrl\":\"https:\\\/\\\/www.webdo.tn\\\/fr\\\/wp-content\\\/uploads\\\/2025\\\/06\\\/Webdo-Tunisie_168377.jpg\",\"width\":301,\"height\":301,\"caption\":\"Webdo\"},\"image\":{\"@id\":\"https:\\\/\\\/www.webdo.tn\\\/fr\\\/#\\\/schema\\\/logo\\\/image\\\/\"},\"sameAs\":[\"https:\\\/\\\/www.facebook.com\\\/webdotn\",\"https:\\\/\\\/x.com\\\/webdo_tn\"],\"description\":\"Webdo est un m\u00e9dia num\u00e9rique tunisien fond\u00e9 en 2010, sp\u00e9cialis\u00e9 dans l\u2019actualit\u00e9 nationale et internationale, l\u2019\u00e9conomie, la soci\u00e9t\u00e9 et les analyses politiques. Le site s\u2019adresse \u00e0 un large public francophone et couvre l\u2019information tunisienne en temps r\u00e9el.\",\"email\":\"redac@webdo.tn\",\"legalName\":\"YNJ SARL\",\"foundingDate\":\"2010-09-06\",\"numberOfEmployees\":{\"@type\":\"QuantitativeValue\",\"minValue\":\"11\",\"maxValue\":\"50\"}},{\"@type\":\"Person\",\"@id\":\"https:\\\/\\\/www.webdo.tn\\\/fr\\\/#\\\/schema\\\/person\\\/9a9c6118d687c117df8ef3cc36a4d175\",\"name\":\"webdo.tn\",\"image\":{\"@type\":\"ImageObject\",\"inLanguage\":\"fr-FR\",\"@id\":\"https:\\\/\\\/secure.gravatar.com\\\/avatar\\\/7ce1f28c0c3bbac99ff550b85ef8e44a6950c6ee24514fb6a5489e51d06f0298?s=96&d=mm&r=g\",\"url\":\"https:\\\/\\\/secure.gravatar.com\\\/avatar\\\/7ce1f28c0c3bbac99ff550b85ef8e44a6950c6ee24514fb6a5489e51d06f0298?s=96&d=mm&r=g\",\"contentUrl\":\"https:\\\/\\\/secure.gravatar.com\\\/avatar\\\/7ce1f28c0c3bbac99ff550b85ef8e44a6950c6ee24514fb6a5489e51d06f0298?s=96&d=mm&r=g\",\"caption\":\"webdo.tn\"},\"url\":\"https:\\\/\\\/www.webdo.tn\\\/fr\\\/actualite\\\/author\\\/webdotn\\\/\"}]}<\/script>\n<!-- \/ Yoast SEO Premium plugin. -->","yoast_head_json":{"title":"L'OTAN a laiss\u00e9 mourir de faim et de soif 61 migrants vers Lampedusa","description":"L'OTAN a laiss\u00e9 mourir de faim et de soif 61 migrants vers Lampedusa","canonical":"https:\/\/www.webdo.tn\/fr\/actualite\/divers\/lotan-a-laisse-mourir-de-faim-et-de-soif-61-migrants-vers-lampedusa\/178627\/","og_locale":"fr_FR","og_type":"article","og_title":"L'OTAN a laiss\u00e9 mourir de faim et de soif 61 migrants vers Lampedusa","og_description":"L'OTAN a laiss\u00e9 mourir de faim et de soif 61 migrants vers Lampedusa","og_url":"https:\/\/www.webdo.tn\/fr\/actualite\/divers\/lotan-a-laisse-mourir-de-faim-et-de-soif-61-migrants-vers-lampedusa\/178627\/","og_site_name":"webdo","article_publisher":"https:\/\/www.facebook.com\/webdotn","article_published_time":"2011-05-09T14:14:00+00:00","og_image":[{"width":280,"height":197,"url":"https:\/\/www.webdo.tn\/fr\/wp-content\/uploads\/2011\/05\/lampedusa-migrants.jpg","type":"image\/jpeg"}],"author":"webdo.tn","twitter_card":"summary_large_image","twitter_creator":"@webdo_tn","twitter_site":"@webdo_tn","twitter_misc":{"\u00c9crit par":"webdo.tn","Dur\u00e9e de lecture estim\u00e9e":"2 minutes"},"schema":{"@context":"https:\/\/schema.org","@graph":[{"@type":"NewsArticle","@id":"https:\/\/www.webdo.tn\/fr\/actualite\/divers\/lotan-a-laisse-mourir-de-faim-et-de-soif-61-migrants-vers-lampedusa\/178627\/#article","isPartOf":{"@id":"https:\/\/www.webdo.tn\/fr\/actualite\/divers\/lotan-a-laisse-mourir-de-faim-et-de-soif-61-migrants-vers-lampedusa\/178627\/"},"author":{"name":"webdo.tn","@id":"https:\/\/www.webdo.tn\/fr\/#\/schema\/person\/9a9c6118d687c117df8ef3cc36a4d175"},"headline":"L&rsquo;OTAN a laiss\u00e9 mourir de faim et de soif 61 migrants vers Lampedusa","datePublished":"2011-05-09T14:14:00+00:00","mainEntityOfPage":{"@id":"https:\/\/www.webdo.tn\/fr\/actualite\/divers\/lotan-a-laisse-mourir-de-faim-et-de-soif-61-migrants-vers-lampedusa\/178627\/"},"wordCount":392,"commentCount":0,"publisher":{"@id":"https:\/\/www.webdo.tn\/fr\/#organization"},"image":{"@id":"https:\/\/www.webdo.tn\/fr\/actualite\/divers\/lotan-a-laisse-mourir-de-faim-et-de-soif-61-migrants-vers-lampedusa\/178627\/#primaryimage"},"thumbnailUrl":"https:\/\/www.webdo.tn\/fr\/wp-content\/uploads\/2011\/05\/lampedusa-migrants.jpg","articleSection":["Divers"],"inLanguage":"fr-FR"},{"@type":"WebPage","@id":"https:\/\/www.webdo.tn\/fr\/actualite\/divers\/lotan-a-laisse-mourir-de-faim-et-de-soif-61-migrants-vers-lampedusa\/178627\/","url":"https:\/\/www.webdo.tn\/fr\/actualite\/divers\/lotan-a-laisse-mourir-de-faim-et-de-soif-61-migrants-vers-lampedusa\/178627\/","name":"L'OTAN a laiss\u00e9 mourir de faim et de soif 61 migrants vers Lampedusa","isPartOf":{"@id":"https:\/\/www.webdo.tn\/fr\/#website"},"primaryImageOfPage":{"@id":"https:\/\/www.webdo.tn\/fr\/actualite\/divers\/lotan-a-laisse-mourir-de-faim-et-de-soif-61-migrants-vers-lampedusa\/178627\/#primaryimage"},"image":{"@id":"https:\/\/www.webdo.tn\/fr\/actualite\/divers\/lotan-a-laisse-mourir-de-faim-et-de-soif-61-migrants-vers-lampedusa\/178627\/#primaryimage"},"thumbnailUrl":"https:\/\/www.webdo.tn\/fr\/wp-content\/uploads\/2011\/05\/lampedusa-migrants.jpg","datePublished":"2011-05-09T14:14:00+00:00","description":"L'OTAN a laiss\u00e9 mourir de faim et de soif 61 migrants vers Lampedusa","breadcrumb":{"@id":"https:\/\/www.webdo.tn\/fr\/actualite\/divers\/lotan-a-laisse-mourir-de-faim-et-de-soif-61-migrants-vers-lampedusa\/178627\/#breadcrumb"},"inLanguage":"fr-FR","potentialAction":[{"@type":"ReadAction","target":["https:\/\/www.webdo.tn\/fr\/actualite\/divers\/lotan-a-laisse-mourir-de-faim-et-de-soif-61-migrants-vers-lampedusa\/178627\/"]}]},{"@type":"ImageObject","inLanguage":"fr-FR","@id":"https:\/\/www.webdo.tn\/fr\/actualite\/divers\/lotan-a-laisse-mourir-de-faim-et-de-soif-61-migrants-vers-lampedusa\/178627\/#primaryimage","url":"https:\/\/www.webdo.tn\/fr\/wp-content\/uploads\/2011\/05\/lampedusa-migrants.jpg","contentUrl":"https:\/\/www.webdo.tn\/fr\/wp-content\/uploads\/2011\/05\/lampedusa-migrants.jpg","width":280,"height":197,"caption":"L'OTAN a laiss\u00e9 mourir de faim et de soif 61 migrants vers Lampedusa"},{"@type":"BreadcrumbList","@id":"https:\/\/www.webdo.tn\/fr\/actualite\/divers\/lotan-a-laisse-mourir-de-faim-et-de-soif-61-migrants-vers-lampedusa\/178627\/#breadcrumb","itemListElement":[{"@type":"ListItem","position":1,"name":"Accueil","item":"https:\/\/www.webdo.tn\/fr\/"},{"@type":"ListItem","position":2,"name":"L&rsquo;OTAN a laiss\u00e9 mourir de faim et de soif 61 migrants vers Lampedusa"}]},{"@type":"WebSite","@id":"https:\/\/www.webdo.tn\/fr\/#website","url":"https:\/\/www.webdo.tn\/fr\/","name":"webdo","description":"Tunisie - News en Tunisie et \u00e0 l&#039;international sur Webdo.tn","publisher":{"@id":"https:\/\/www.webdo.tn\/fr\/#organization"},"potentialAction":[{"@type":"SearchAction","target":{"@type":"EntryPoint","urlTemplate":"https:\/\/www.webdo.tn\/fr\/?s={search_term_string}"},"query-input":{"@type":"PropertyValueSpecification","valueRequired":true,"valueName":"search_term_string"}}],"inLanguage":"fr-FR"},{"@type":"Organization","@id":"https:\/\/www.webdo.tn\/fr\/#organization","name":"Webdo","alternateName":"Webdo.tn","url":"https:\/\/www.webdo.tn\/fr\/","logo":{"@type":"ImageObject","inLanguage":"fr-FR","@id":"https:\/\/www.webdo.tn\/fr\/#\/schema\/logo\/image\/","url":"https:\/\/www.webdo.tn\/fr\/wp-content\/uploads\/2025\/06\/Webdo-Tunisie_168377.jpg","contentUrl":"https:\/\/www.webdo.tn\/fr\/wp-content\/uploads\/2025\/06\/Webdo-Tunisie_168377.jpg","width":301,"height":301,"caption":"Webdo"},"image":{"@id":"https:\/\/www.webdo.tn\/fr\/#\/schema\/logo\/image\/"},"sameAs":["https:\/\/www.facebook.com\/webdotn","https:\/\/x.com\/webdo_tn"],"description":"Webdo est un m\u00e9dia num\u00e9rique tunisien fond\u00e9 en 2010, sp\u00e9cialis\u00e9 dans l\u2019actualit\u00e9 nationale et internationale, l\u2019\u00e9conomie, la soci\u00e9t\u00e9 et les analyses politiques. Le site s\u2019adresse \u00e0 un large public francophone et couvre l\u2019information tunisienne en temps r\u00e9el.","email":"redac@webdo.tn","legalName":"YNJ SARL","foundingDate":"2010-09-06","numberOfEmployees":{"@type":"QuantitativeValue","minValue":"11","maxValue":"50"}},{"@type":"Person","@id":"https:\/\/www.webdo.tn\/fr\/#\/schema\/person\/9a9c6118d687c117df8ef3cc36a4d175","name":"webdo.tn","image":{"@type":"ImageObject","inLanguage":"fr-FR","@id":"https:\/\/secure.gravatar.com\/avatar\/7ce1f28c0c3bbac99ff550b85ef8e44a6950c6ee24514fb6a5489e51d06f0298?s=96&d=mm&r=g","url":"https:\/\/secure.gravatar.com\/avatar\/7ce1f28c0c3bbac99ff550b85ef8e44a6950c6ee24514fb6a5489e51d06f0298?s=96&d=mm&r=g","contentUrl":"https:\/\/secure.gravatar.com\/avatar\/7ce1f28c0c3bbac99ff550b85ef8e44a6950c6ee24514fb6a5489e51d06f0298?s=96&d=mm&r=g","caption":"webdo.tn"},"url":"https:\/\/www.webdo.tn\/fr\/actualite\/author\/webdotn\/"}]}},"_links":{"self":[{"href":"https:\/\/www.webdo.tn\/fr\/wp-json\/wp\/v2\/posts\/178627","targetHints":{"allow":["GET"]}}],"collection":[{"href":"https:\/\/www.webdo.tn\/fr\/wp-json\/wp\/v2\/posts"}],"about":[{"href":"https:\/\/www.webdo.tn\/fr\/wp-json\/wp\/v2\/types\/post"}],"author":[{"embeddable":true,"href":"https:\/\/www.webdo.tn\/fr\/wp-json\/wp\/v2\/users\/3222"}],"replies":[{"embeddable":true,"href":"https:\/\/www.webdo.tn\/fr\/wp-json\/wp\/v2\/comments?post=178627"}],"version-history":[{"count":0,"href":"https:\/\/www.webdo.tn\/fr\/wp-json\/wp\/v2\/posts\/178627\/revisions"}],"wp:featuredmedia":[{"embeddable":true,"href":"https:\/\/www.webdo.tn\/fr\/wp-json\/wp\/v2\/media\/365893"}],"wp:attachment":[{"href":"https:\/\/www.webdo.tn\/fr\/wp-json\/wp\/v2\/media?parent=178627"}],"wp:term":[{"taxonomy":"category","embeddable":true,"href":"https:\/\/www.webdo.tn\/fr\/wp-json\/wp\/v2\/categories?post=178627"},{"taxonomy":"post_tag","embeddable":true,"href":"https:\/\/www.webdo.tn\/fr\/wp-json\/wp\/v2\/tags?post=178627"}],"curies":[{"name":"wp","href":"https:\/\/api.w.org\/{rel}","templated":true}]}}