{"id":178626,"date":"2011-05-09T21:42:00","date_gmt":"2011-05-09T21:42:00","guid":{"rendered":"https:\/\/www.webdo.tn\/fr\/actualite\/blog\/imen-al-obeidy-victime-dun-viol-collectif-en-libye-a-fui-son-pays-pour-la-tunisie\/178626\/"},"modified":"2011-05-09T21:42:00","modified_gmt":"2011-05-09T21:42:00","slug":"imen-al-obeidy-victime-dun-viol-collectif-en-libye-a-fui-son-pays-pour-la-tunisie","status":"publish","type":"post","link":"https:\/\/www.webdo.tn\/fr\/actualite\/divers\/imen-al-obeidy-victime-dun-viol-collectif-en-libye-a-fui-son-pays-pour-la-tunisie\/178626\/","title":{"rendered":"Imen Al-Obeidy, victime d&rsquo;un viol collectif en Libye, a fui son pays pour la Tunisie"},"content":{"rendered":"<p>Imen Al-Obeidy, la jeune femme libyenne, devenue c\u00e9l\u00e8bre malheureusement suite \u00e0 un viol collectif de miliciens pros Kadhafi, \u00e0 un barrage \u00e0 l&rsquo;entr\u00e9e de Benghazi, est arriv\u00e9e, jeudi dernier, en Tunisie. Sa venue a pu se faire gr\u00e2ce \u00e0 l&rsquo;aide d&rsquo;un militaire, d\u00e9serteur, et de la famille de celui-ci.<\/p>\n<p>L&rsquo;histoire d&rsquo;Imen a fait le tour du monde. Elle avait attir\u00e9 la sympathie de la plan\u00e8te, \u00e0 commencer par les journalistes, qui se trouvaient dans l&rsquo;h\u00f4tel o\u00f9 elle a fait irruption, et qui ont essay\u00e9 de la prot\u00e9ger. Elle voulait d\u00e9noncer ce qu&rsquo;elle avait subi.<\/p>\n<p>Imen a racont\u00e9 son p\u00e9riple \u00e0 CNN. Elle s&rsquo;est enfuie d\u00e9guis\u00e9e de Tripoli dans un v\u00e9hicule militaire. Le v\u00e9hicule a \u00e9t\u00e9 arr\u00eat\u00e9 plusieurs fois. Mais, l&rsquo;officier montrait ses papiers et regagnait la route pour arriver, enfin, \u00e0 la fronti\u00e8re tunisienne, et plus pr\u00e9cis\u00e9ment, au niveau de Dhehiba.<\/p>\n<p>Des diplomates europ\u00e9ens ont pris le relais ensuite pour l&#8217;emmener vers la capitale. Ils l&rsquo;h\u00e9bergent en attendant qu&rsquo;elle d\u00e9cide de son futur.<\/p>\n","protected":false},"excerpt":{"rendered":"<p>Imen Al-Obeidy, victime d&rsquo;un viol collectif en Libye, a fui son pays pour la Tunisie<\/p>\n","protected":false},"author":3222,"featured_media":365898,"comment_status":"open","ping_status":"closed","sticky":false,"template":"","format":"standard","meta":{"footnotes":""},"categories":[2839],"tags":[],"class_list":["post-178626","post","type-post","status-publish","format-standard","has-post-thumbnail","hentry","category-divers"],"yoast_head":"<!-- This site is optimized with the Yoast SEO Premium plugin v27.4 (Yoast SEO v27.4) - https:\/\/yoast.com\/product\/yoast-seo-premium-wordpress\/ -->\n<title>Imen Al-Obeidy, victime d&#039;un viol collectif en Libye, a fui son pays pour la Tunisie<\/title>\n<meta name=\"description\" content=\"Imen Al-Obeidy, victime d&#039;un viol collectif en Libye, a fui son pays pour la Tunisie\" \/>\n<link rel=\"canonical\" href=\"https:\/\/www.webdo.tn\/fr\/actualite\/divers\/imen-al-obeidy-victime-dun-viol-collectif-en-libye-a-fui-son-pays-pour-la-tunisie\/178626\/\" \/>\n<meta property=\"og:locale\" content=\"fr_FR\" \/>\n<meta property=\"og:type\" content=\"article\" \/>\n<meta property=\"og:title\" content=\"Imen Al-Obeidy, victime d&#039;un viol collectif en Libye, a fui son pays pour la Tunisie\" \/>\n<meta property=\"og:description\" content=\"Imen Al-Obeidy, victime d&#039;un viol collectif en Libye, a fui son pays pour la Tunisie\" \/>\n<meta property=\"og:url\" content=\"https:\/\/www.webdo.tn\/fr\/actualite\/divers\/imen-al-obeidy-victime-dun-viol-collectif-en-libye-a-fui-son-pays-pour-la-tunisie\/178626\/\" \/>\n<meta property=\"og:site_name\" content=\"webdo\" \/>\n<meta property=\"article:publisher\" content=\"https:\/\/www.facebook.com\/webdotn\" \/>\n<meta property=\"article:published_time\" content=\"2011-05-09T21:42:00+00:00\" \/>\n<meta property=\"og:image\" content=\"https:\/\/www.webdo.tn\/fr\/wp-content\/uploads\/2011\/05\/imen-al-obeidy.jpg\" \/>\n\t<meta property=\"og:image:width\" content=\"280\" \/>\n\t<meta property=\"og:image:height\" content=\"168\" \/>\n\t<meta property=\"og:image:type\" content=\"image\/jpeg\" \/>\n<meta name=\"author\" content=\"webdo.tn\" \/>\n<meta name=\"twitter:card\" content=\"summary_large_image\" \/>\n<meta name=\"twitter:creator\" content=\"@webdo_tn\" \/>\n<meta name=\"twitter:site\" content=\"@webdo_tn\" \/>\n<meta name=\"twitter:label1\" content=\"\u00c9crit par\" \/>\n\t<meta name=\"twitter:data1\" content=\"webdo.tn\" \/>\n\t<meta name=\"twitter:label2\" content=\"Dur\u00e9e de lecture estim\u00e9e\" \/>\n\t<meta name=\"twitter:data2\" content=\"1 minute\" \/>\n<script type=\"application\/ld+json\" class=\"yoast-schema-graph\">{\"@context\":\"https:\\\/\\\/schema.org\",\"@graph\":[{\"@type\":\"NewsArticle\",\"@id\":\"https:\\\/\\\/www.webdo.tn\\\/fr\\\/actualite\\\/divers\\\/imen-al-obeidy-victime-dun-viol-collectif-en-libye-a-fui-son-pays-pour-la-tunisie\\\/178626\\\/#article\",\"isPartOf\":{\"@id\":\"https:\\\/\\\/www.webdo.tn\\\/fr\\\/actualite\\\/divers\\\/imen-al-obeidy-victime-dun-viol-collectif-en-libye-a-fui-son-pays-pour-la-tunisie\\\/178626\\\/\"},\"author\":{\"name\":\"webdo.tn\",\"@id\":\"https:\\\/\\\/www.webdo.tn\\\/fr\\\/#\\\/schema\\\/person\\\/9a9c6118d687c117df8ef3cc36a4d175\"},\"headline\":\"Imen Al-Obeidy, victime d&rsquo;un viol collectif en Libye, a fui son pays pour la Tunisie\",\"datePublished\":\"2011-05-09T21:42:00+00:00\",\"mainEntityOfPage\":{\"@id\":\"https:\\\/\\\/www.webdo.tn\\\/fr\\\/actualite\\\/divers\\\/imen-al-obeidy-victime-dun-viol-collectif-en-libye-a-fui-son-pays-pour-la-tunisie\\\/178626\\\/\"},\"wordCount\":206,\"commentCount\":0,\"publisher\":{\"@id\":\"https:\\\/\\\/www.webdo.tn\\\/fr\\\/#organization\"},\"image\":{\"@id\":\"https:\\\/\\\/www.webdo.tn\\\/fr\\\/actualite\\\/divers\\\/imen-al-obeidy-victime-dun-viol-collectif-en-libye-a-fui-son-pays-pour-la-tunisie\\\/178626\\\/#primaryimage\"},\"thumbnailUrl\":\"https:\\\/\\\/www.webdo.tn\\\/fr\\\/wp-content\\\/uploads\\\/2011\\\/05\\\/imen-al-obeidy.jpg\",\"articleSection\":[\"Divers\"],\"inLanguage\":\"fr-FR\"},{\"@type\":\"WebPage\",\"@id\":\"https:\\\/\\\/www.webdo.tn\\\/fr\\\/actualite\\\/divers\\\/imen-al-obeidy-victime-dun-viol-collectif-en-libye-a-fui-son-pays-pour-la-tunisie\\\/178626\\\/\",\"url\":\"https:\\\/\\\/www.webdo.tn\\\/fr\\\/actualite\\\/divers\\\/imen-al-obeidy-victime-dun-viol-collectif-en-libye-a-fui-son-pays-pour-la-tunisie\\\/178626\\\/\",\"name\":\"Imen Al-Obeidy, victime d'un viol collectif en Libye, a fui son pays pour la Tunisie\",\"isPartOf\":{\"@id\":\"https:\\\/\\\/www.webdo.tn\\\/fr\\\/#website\"},\"primaryImageOfPage\":{\"@id\":\"https:\\\/\\\/www.webdo.tn\\\/fr\\\/actualite\\\/divers\\\/imen-al-obeidy-victime-dun-viol-collectif-en-libye-a-fui-son-pays-pour-la-tunisie\\\/178626\\\/#primaryimage\"},\"image\":{\"@id\":\"https:\\\/\\\/www.webdo.tn\\\/fr\\\/actualite\\\/divers\\\/imen-al-obeidy-victime-dun-viol-collectif-en-libye-a-fui-son-pays-pour-la-tunisie\\\/178626\\\/#primaryimage\"},\"thumbnailUrl\":\"https:\\\/\\\/www.webdo.tn\\\/fr\\\/wp-content\\\/uploads\\\/2011\\\/05\\\/imen-al-obeidy.jpg\",\"datePublished\":\"2011-05-09T21:42:00+00:00\",\"description\":\"Imen Al-Obeidy, victime d'un viol collectif en Libye, a fui son pays pour la Tunisie\",\"breadcrumb\":{\"@id\":\"https:\\\/\\\/www.webdo.tn\\\/fr\\\/actualite\\\/divers\\\/imen-al-obeidy-victime-dun-viol-collectif-en-libye-a-fui-son-pays-pour-la-tunisie\\\/178626\\\/#breadcrumb\"},\"inLanguage\":\"fr-FR\",\"potentialAction\":[{\"@type\":\"ReadAction\",\"target\":[\"https:\\\/\\\/www.webdo.tn\\\/fr\\\/actualite\\\/divers\\\/imen-al-obeidy-victime-dun-viol-collectif-en-libye-a-fui-son-pays-pour-la-tunisie\\\/178626\\\/\"]}]},{\"@type\":\"ImageObject\",\"inLanguage\":\"fr-FR\",\"@id\":\"https:\\\/\\\/www.webdo.tn\\\/fr\\\/actualite\\\/divers\\\/imen-al-obeidy-victime-dun-viol-collectif-en-libye-a-fui-son-pays-pour-la-tunisie\\\/178626\\\/#primaryimage\",\"url\":\"https:\\\/\\\/www.webdo.tn\\\/fr\\\/wp-content\\\/uploads\\\/2011\\\/05\\\/imen-al-obeidy.jpg\",\"contentUrl\":\"https:\\\/\\\/www.webdo.tn\\\/fr\\\/wp-content\\\/uploads\\\/2011\\\/05\\\/imen-al-obeidy.jpg\",\"width\":280,\"height\":168,\"caption\":\"Imen Al-Obeidy, victime d'un viol collectif en Libye, a fui son pays pour la Tunisie\"},{\"@type\":\"BreadcrumbList\",\"@id\":\"https:\\\/\\\/www.webdo.tn\\\/fr\\\/actualite\\\/divers\\\/imen-al-obeidy-victime-dun-viol-collectif-en-libye-a-fui-son-pays-pour-la-tunisie\\\/178626\\\/#breadcrumb\",\"itemListElement\":[{\"@type\":\"ListItem\",\"position\":1,\"name\":\"Accueil\",\"item\":\"https:\\\/\\\/www.webdo.tn\\\/fr\\\/\"},{\"@type\":\"ListItem\",\"position\":2,\"name\":\"Imen Al-Obeidy, victime d&rsquo;un viol collectif en Libye, a fui son pays pour la Tunisie\"}]},{\"@type\":\"WebSite\",\"@id\":\"https:\\\/\\\/www.webdo.tn\\\/fr\\\/#website\",\"url\":\"https:\\\/\\\/www.webdo.tn\\\/fr\\\/\",\"name\":\"webdo\",\"description\":\"Tunisie - News en Tunisie et \u00e0 l&#039;international sur Webdo.tn\",\"publisher\":{\"@id\":\"https:\\\/\\\/www.webdo.tn\\\/fr\\\/#organization\"},\"potentialAction\":[{\"@type\":\"SearchAction\",\"target\":{\"@type\":\"EntryPoint\",\"urlTemplate\":\"https:\\\/\\\/www.webdo.tn\\\/fr\\\/?s={search_term_string}\"},\"query-input\":{\"@type\":\"PropertyValueSpecification\",\"valueRequired\":true,\"valueName\":\"search_term_string\"}}],\"inLanguage\":\"fr-FR\"},{\"@type\":\"Organization\",\"@id\":\"https:\\\/\\\/www.webdo.tn\\\/fr\\\/#organization\",\"name\":\"Webdo\",\"alternateName\":\"Webdo.tn\",\"url\":\"https:\\\/\\\/www.webdo.tn\\\/fr\\\/\",\"logo\":{\"@type\":\"ImageObject\",\"inLanguage\":\"fr-FR\",\"@id\":\"https:\\\/\\\/www.webdo.tn\\\/fr\\\/#\\\/schema\\\/logo\\\/image\\\/\",\"url\":\"https:\\\/\\\/www.webdo.tn\\\/fr\\\/wp-content\\\/uploads\\\/2025\\\/06\\\/Webdo-Tunisie_168377.jpg\",\"contentUrl\":\"https:\\\/\\\/www.webdo.tn\\\/fr\\\/wp-content\\\/uploads\\\/2025\\\/06\\\/Webdo-Tunisie_168377.jpg\",\"width\":301,\"height\":301,\"caption\":\"Webdo\"},\"image\":{\"@id\":\"https:\\\/\\\/www.webdo.tn\\\/fr\\\/#\\\/schema\\\/logo\\\/image\\\/\"},\"sameAs\":[\"https:\\\/\\\/www.facebook.com\\\/webdotn\",\"https:\\\/\\\/x.com\\\/webdo_tn\"],\"description\":\"Webdo est un m\u00e9dia num\u00e9rique tunisien fond\u00e9 en 2010, sp\u00e9cialis\u00e9 dans l\u2019actualit\u00e9 nationale et internationale, l\u2019\u00e9conomie, la soci\u00e9t\u00e9 et les analyses politiques. Le site s\u2019adresse \u00e0 un large public francophone et couvre l\u2019information tunisienne en temps r\u00e9el.\",\"email\":\"redac@webdo.tn\",\"legalName\":\"YNJ SARL\",\"foundingDate\":\"2010-09-06\",\"numberOfEmployees\":{\"@type\":\"QuantitativeValue\",\"minValue\":\"11\",\"maxValue\":\"50\"}},{\"@type\":\"Person\",\"@id\":\"https:\\\/\\\/www.webdo.tn\\\/fr\\\/#\\\/schema\\\/person\\\/9a9c6118d687c117df8ef3cc36a4d175\",\"name\":\"webdo.tn\",\"image\":{\"@type\":\"ImageObject\",\"inLanguage\":\"fr-FR\",\"@id\":\"https:\\\/\\\/secure.gravatar.com\\\/avatar\\\/7ce1f28c0c3bbac99ff550b85ef8e44a6950c6ee24514fb6a5489e51d06f0298?s=96&d=mm&r=g\",\"url\":\"https:\\\/\\\/secure.gravatar.com\\\/avatar\\\/7ce1f28c0c3bbac99ff550b85ef8e44a6950c6ee24514fb6a5489e51d06f0298?s=96&d=mm&r=g\",\"contentUrl\":\"https:\\\/\\\/secure.gravatar.com\\\/avatar\\\/7ce1f28c0c3bbac99ff550b85ef8e44a6950c6ee24514fb6a5489e51d06f0298?s=96&d=mm&r=g\",\"caption\":\"webdo.tn\"},\"url\":\"https:\\\/\\\/www.webdo.tn\\\/fr\\\/actualite\\\/author\\\/webdotn\\\/\"}]}<\/script>\n<!-- \/ Yoast SEO Premium plugin. -->","yoast_head_json":{"title":"Imen Al-Obeidy, victime d'un viol collectif en Libye, a fui son pays pour la Tunisie","description":"Imen Al-Obeidy, victime d'un viol collectif en Libye, a fui son pays pour la Tunisie","canonical":"https:\/\/www.webdo.tn\/fr\/actualite\/divers\/imen-al-obeidy-victime-dun-viol-collectif-en-libye-a-fui-son-pays-pour-la-tunisie\/178626\/","og_locale":"fr_FR","og_type":"article","og_title":"Imen Al-Obeidy, victime d'un viol collectif en Libye, a fui son pays pour la Tunisie","og_description":"Imen Al-Obeidy, victime d'un viol collectif en Libye, a fui son pays pour la Tunisie","og_url":"https:\/\/www.webdo.tn\/fr\/actualite\/divers\/imen-al-obeidy-victime-dun-viol-collectif-en-libye-a-fui-son-pays-pour-la-tunisie\/178626\/","og_site_name":"webdo","article_publisher":"https:\/\/www.facebook.com\/webdotn","article_published_time":"2011-05-09T21:42:00+00:00","og_image":[{"width":280,"height":168,"url":"https:\/\/www.webdo.tn\/fr\/wp-content\/uploads\/2011\/05\/imen-al-obeidy.jpg","type":"image\/jpeg"}],"author":"webdo.tn","twitter_card":"summary_large_image","twitter_creator":"@webdo_tn","twitter_site":"@webdo_tn","twitter_misc":{"\u00c9crit par":"webdo.tn","Dur\u00e9e de lecture estim\u00e9e":"1 minute"},"schema":{"@context":"https:\/\/schema.org","@graph":[{"@type":"NewsArticle","@id":"https:\/\/www.webdo.tn\/fr\/actualite\/divers\/imen-al-obeidy-victime-dun-viol-collectif-en-libye-a-fui-son-pays-pour-la-tunisie\/178626\/#article","isPartOf":{"@id":"https:\/\/www.webdo.tn\/fr\/actualite\/divers\/imen-al-obeidy-victime-dun-viol-collectif-en-libye-a-fui-son-pays-pour-la-tunisie\/178626\/"},"author":{"name":"webdo.tn","@id":"https:\/\/www.webdo.tn\/fr\/#\/schema\/person\/9a9c6118d687c117df8ef3cc36a4d175"},"headline":"Imen Al-Obeidy, victime d&rsquo;un viol collectif en Libye, a fui son pays pour la Tunisie","datePublished":"2011-05-09T21:42:00+00:00","mainEntityOfPage":{"@id":"https:\/\/www.webdo.tn\/fr\/actualite\/divers\/imen-al-obeidy-victime-dun-viol-collectif-en-libye-a-fui-son-pays-pour-la-tunisie\/178626\/"},"wordCount":206,"commentCount":0,"publisher":{"@id":"https:\/\/www.webdo.tn\/fr\/#organization"},"image":{"@id":"https:\/\/www.webdo.tn\/fr\/actualite\/divers\/imen-al-obeidy-victime-dun-viol-collectif-en-libye-a-fui-son-pays-pour-la-tunisie\/178626\/#primaryimage"},"thumbnailUrl":"https:\/\/www.webdo.tn\/fr\/wp-content\/uploads\/2011\/05\/imen-al-obeidy.jpg","articleSection":["Divers"],"inLanguage":"fr-FR"},{"@type":"WebPage","@id":"https:\/\/www.webdo.tn\/fr\/actualite\/divers\/imen-al-obeidy-victime-dun-viol-collectif-en-libye-a-fui-son-pays-pour-la-tunisie\/178626\/","url":"https:\/\/www.webdo.tn\/fr\/actualite\/divers\/imen-al-obeidy-victime-dun-viol-collectif-en-libye-a-fui-son-pays-pour-la-tunisie\/178626\/","name":"Imen Al-Obeidy, victime d'un viol collectif en Libye, a fui son pays pour la Tunisie","isPartOf":{"@id":"https:\/\/www.webdo.tn\/fr\/#website"},"primaryImageOfPage":{"@id":"https:\/\/www.webdo.tn\/fr\/actualite\/divers\/imen-al-obeidy-victime-dun-viol-collectif-en-libye-a-fui-son-pays-pour-la-tunisie\/178626\/#primaryimage"},"image":{"@id":"https:\/\/www.webdo.tn\/fr\/actualite\/divers\/imen-al-obeidy-victime-dun-viol-collectif-en-libye-a-fui-son-pays-pour-la-tunisie\/178626\/#primaryimage"},"thumbnailUrl":"https:\/\/www.webdo.tn\/fr\/wp-content\/uploads\/2011\/05\/imen-al-obeidy.jpg","datePublished":"2011-05-09T21:42:00+00:00","description":"Imen Al-Obeidy, victime d'un viol collectif en Libye, a fui son pays pour la Tunisie","breadcrumb":{"@id":"https:\/\/www.webdo.tn\/fr\/actualite\/divers\/imen-al-obeidy-victime-dun-viol-collectif-en-libye-a-fui-son-pays-pour-la-tunisie\/178626\/#breadcrumb"},"inLanguage":"fr-FR","potentialAction":[{"@type":"ReadAction","target":["https:\/\/www.webdo.tn\/fr\/actualite\/divers\/imen-al-obeidy-victime-dun-viol-collectif-en-libye-a-fui-son-pays-pour-la-tunisie\/178626\/"]}]},{"@type":"ImageObject","inLanguage":"fr-FR","@id":"https:\/\/www.webdo.tn\/fr\/actualite\/divers\/imen-al-obeidy-victime-dun-viol-collectif-en-libye-a-fui-son-pays-pour-la-tunisie\/178626\/#primaryimage","url":"https:\/\/www.webdo.tn\/fr\/wp-content\/uploads\/2011\/05\/imen-al-obeidy.jpg","contentUrl":"https:\/\/www.webdo.tn\/fr\/wp-content\/uploads\/2011\/05\/imen-al-obeidy.jpg","width":280,"height":168,"caption":"Imen Al-Obeidy, victime d'un viol collectif en Libye, a fui son pays pour la Tunisie"},{"@type":"BreadcrumbList","@id":"https:\/\/www.webdo.tn\/fr\/actualite\/divers\/imen-al-obeidy-victime-dun-viol-collectif-en-libye-a-fui-son-pays-pour-la-tunisie\/178626\/#breadcrumb","itemListElement":[{"@type":"ListItem","position":1,"name":"Accueil","item":"https:\/\/www.webdo.tn\/fr\/"},{"@type":"ListItem","position":2,"name":"Imen Al-Obeidy, victime d&rsquo;un viol collectif en Libye, a fui son pays pour la Tunisie"}]},{"@type":"WebSite","@id":"https:\/\/www.webdo.tn\/fr\/#website","url":"https:\/\/www.webdo.tn\/fr\/","name":"webdo","description":"Tunisie - News en Tunisie et \u00e0 l&#039;international sur Webdo.tn","publisher":{"@id":"https:\/\/www.webdo.tn\/fr\/#organization"},"potentialAction":[{"@type":"SearchAction","target":{"@type":"EntryPoint","urlTemplate":"https:\/\/www.webdo.tn\/fr\/?s={search_term_string}"},"query-input":{"@type":"PropertyValueSpecification","valueRequired":true,"valueName":"search_term_string"}}],"inLanguage":"fr-FR"},{"@type":"Organization","@id":"https:\/\/www.webdo.tn\/fr\/#organization","name":"Webdo","alternateName":"Webdo.tn","url":"https:\/\/www.webdo.tn\/fr\/","logo":{"@type":"ImageObject","inLanguage":"fr-FR","@id":"https:\/\/www.webdo.tn\/fr\/#\/schema\/logo\/image\/","url":"https:\/\/www.webdo.tn\/fr\/wp-content\/uploads\/2025\/06\/Webdo-Tunisie_168377.jpg","contentUrl":"https:\/\/www.webdo.tn\/fr\/wp-content\/uploads\/2025\/06\/Webdo-Tunisie_168377.jpg","width":301,"height":301,"caption":"Webdo"},"image":{"@id":"https:\/\/www.webdo.tn\/fr\/#\/schema\/logo\/image\/"},"sameAs":["https:\/\/www.facebook.com\/webdotn","https:\/\/x.com\/webdo_tn"],"description":"Webdo est un m\u00e9dia num\u00e9rique tunisien fond\u00e9 en 2010, sp\u00e9cialis\u00e9 dans l\u2019actualit\u00e9 nationale et internationale, l\u2019\u00e9conomie, la soci\u00e9t\u00e9 et les analyses politiques. Le site s\u2019adresse \u00e0 un large public francophone et couvre l\u2019information tunisienne en temps r\u00e9el.","email":"redac@webdo.tn","legalName":"YNJ SARL","foundingDate":"2010-09-06","numberOfEmployees":{"@type":"QuantitativeValue","minValue":"11","maxValue":"50"}},{"@type":"Person","@id":"https:\/\/www.webdo.tn\/fr\/#\/schema\/person\/9a9c6118d687c117df8ef3cc36a4d175","name":"webdo.tn","image":{"@type":"ImageObject","inLanguage":"fr-FR","@id":"https:\/\/secure.gravatar.com\/avatar\/7ce1f28c0c3bbac99ff550b85ef8e44a6950c6ee24514fb6a5489e51d06f0298?s=96&d=mm&r=g","url":"https:\/\/secure.gravatar.com\/avatar\/7ce1f28c0c3bbac99ff550b85ef8e44a6950c6ee24514fb6a5489e51d06f0298?s=96&d=mm&r=g","contentUrl":"https:\/\/secure.gravatar.com\/avatar\/7ce1f28c0c3bbac99ff550b85ef8e44a6950c6ee24514fb6a5489e51d06f0298?s=96&d=mm&r=g","caption":"webdo.tn"},"url":"https:\/\/www.webdo.tn\/fr\/actualite\/author\/webdotn\/"}]}},"_links":{"self":[{"href":"https:\/\/www.webdo.tn\/fr\/wp-json\/wp\/v2\/posts\/178626","targetHints":{"allow":["GET"]}}],"collection":[{"href":"https:\/\/www.webdo.tn\/fr\/wp-json\/wp\/v2\/posts"}],"about":[{"href":"https:\/\/www.webdo.tn\/fr\/wp-json\/wp\/v2\/types\/post"}],"author":[{"embeddable":true,"href":"https:\/\/www.webdo.tn\/fr\/wp-json\/wp\/v2\/users\/3222"}],"replies":[{"embeddable":true,"href":"https:\/\/www.webdo.tn\/fr\/wp-json\/wp\/v2\/comments?post=178626"}],"version-history":[{"count":0,"href":"https:\/\/www.webdo.tn\/fr\/wp-json\/wp\/v2\/posts\/178626\/revisions"}],"wp:featuredmedia":[{"embeddable":true,"href":"https:\/\/www.webdo.tn\/fr\/wp-json\/wp\/v2\/media\/365898"}],"wp:attachment":[{"href":"https:\/\/www.webdo.tn\/fr\/wp-json\/wp\/v2\/media?parent=178626"}],"wp:term":[{"taxonomy":"category","embeddable":true,"href":"https:\/\/www.webdo.tn\/fr\/wp-json\/wp\/v2\/categories?post=178626"},{"taxonomy":"post_tag","embeddable":true,"href":"https:\/\/www.webdo.tn\/fr\/wp-json\/wp\/v2\/tags?post=178626"}],"curies":[{"name":"wp","href":"https:\/\/api.w.org\/{rel}","templated":true}]}}