{"id":178621,"date":"2011-05-14T14:52:00","date_gmt":"2011-05-14T14:52:00","guid":{"rendered":"https:\/\/www.webdo.tn\/fr\/actualite\/blog\/le-symbole-ben-laden-sali-par-des-images-pornos\/178621\/"},"modified":"2011-05-14T14:52:00","modified_gmt":"2011-05-14T14:52:00","slug":"le-symbole-ben-laden-sali-par-des-images-pornos","status":"publish","type":"post","link":"https:\/\/www.webdo.tn\/fr\/actualite\/divers\/le-symbole-ben-laden-sali-par-des-images-pornos\/178621\/","title":{"rendered":"Le symbole Ben Laden sali par des images&#8230;pornos!"},"content":{"rendered":"<p>Depuis les attentats du 11 Septembre, Ben Laden a \u00e9t\u00e9 diabolis\u00e9 d\u2019une fa\u00e7on inimaginable par les Occidentaux et les Am\u00e9ricains. En son nom, ces derniers ont justifi\u00e9 leurs guerres en Afghanistan et en Irak.<\/p>\n<p>Mais, m\u00eame apr\u00e8s sa mort, les sp\u00e9culations continuent sur l\u2019ex-chef d\u2019Al Qaida.<br \/>\nC\u2019est ainsi que nous sommes tomb\u00e9s, avec beaucoup d\u2019\u00e9tonnement, sur un article du, pourtant, tr\u00e8s s\u00e9rieux, San Francisco Chronicle, \u00e9voquant la d\u00e9couverte de vid\u00e9os pornographiques dans les fichiers informatiques de Ben Laden.<\/p>\n<p>Cette information, rapport\u00e9e en premier par Reuters, a \u00e9t\u00e9 \u00ab sortie \u00bb par des fonctionnaires ayant saisi cinq ordinateurs, 10 disques durs et des dizaines de cl\u00e9s USB, dans la maison o\u00f9 logeait Ben Laden.<\/p>\n<p>\u00c9videment, \u00e0 la lecture de ce \u00ab scoop \u00bb, on ne peut que se poser ces questions : Dans quel but cette information a \u00e9t\u00e9 sortie ? Pourquoi continue-t-on \u00e0 salir l\u2019image de Ben Laden, m\u00eame apr\u00e8s mort, notamment aux yeux du Monde arabe ? Au-del\u00e0 de Ben Laden, est-ce d\u00e9sormais l\u2019Islam qu\u2019on cible ?<\/p>\n<p>Rappelons qu&rsquo;en 2002 Ben Laden avait adress\u00e9 une lettre au peuple am\u00e9ricain dans laquelle il d\u00e9non\u00e7ait le laxisme de l\u2019Occident sur la question des m\u0153urs sexuels. Avec cette suppos\u00e9e d\u00e9couverte des vid\u00e9os pornos sur les ordinateurs de Ben Laden, les Am\u00e9ricains accusent, implicitement, le fondateur d\u2019Al Qaida d\u2019hypocrisie. Lui, qui s\u2019est toujours vu reprocher sa polygamie\u2026<\/p>\n<p>Par ailleurs, il suffit de regarder, sur news.google.com, le nombre de liens ayant relay\u00e9 cette information. Le nombre de r\u00e9sultats affich\u00e9s par le moteur de recherche est \u00e9norme : environ 24.075 (aujourd&rsquo;hui \u00e0 15:00 &#8211; heure locale) ! D\u00e9cid\u00e9ment, m\u00eame mort, Ben Laden continue de leur faire peur\u2026<\/p>\n","protected":false},"excerpt":{"rendered":"<p>Le symbole Ben Laden sali par des images&#8230;pornos! <\/p>\n","protected":false},"author":3222,"featured_media":365905,"comment_status":"open","ping_status":"closed","sticky":false,"template":"","format":"standard","meta":{"footnotes":""},"categories":[2839],"tags":[],"class_list":["post-178621","post","type-post","status-publish","format-standard","has-post-thumbnail","hentry","category-divers"],"yoast_head":"<!-- This site is optimized with the Yoast SEO Premium plugin v27.4 (Yoast SEO v27.4) - https:\/\/yoast.com\/product\/yoast-seo-premium-wordpress\/ -->\n<title>Le symbole Ben Laden sali par des images...pornos!<\/title>\n<meta name=\"description\" content=\"Le symbole Ben Laden sali par des images...pornos!\" \/>\n<link rel=\"canonical\" href=\"https:\/\/www.webdo.tn\/fr\/actualite\/divers\/le-symbole-ben-laden-sali-par-des-images-pornos\/178621\/\" \/>\n<meta property=\"og:locale\" content=\"fr_FR\" \/>\n<meta property=\"og:type\" content=\"article\" \/>\n<meta property=\"og:title\" content=\"Le symbole Ben Laden sali par des images...pornos!\" \/>\n<meta property=\"og:description\" content=\"Le symbole Ben Laden sali par des images...pornos!\" \/>\n<meta property=\"og:url\" content=\"https:\/\/www.webdo.tn\/fr\/actualite\/divers\/le-symbole-ben-laden-sali-par-des-images-pornos\/178621\/\" \/>\n<meta property=\"og:site_name\" content=\"webdo\" \/>\n<meta property=\"article:publisher\" content=\"https:\/\/www.facebook.com\/webdotn\" \/>\n<meta property=\"article:published_time\" content=\"2011-05-14T14:52:00+00:00\" \/>\n<meta property=\"og:image\" content=\"https:\/\/www.webdo.tn\/fr\/wp-content\/uploads\/2011\/05\/ben-Laden-300x258-1.jpg\" \/>\n\t<meta property=\"og:image:width\" content=\"300\" \/>\n\t<meta property=\"og:image:height\" content=\"258\" \/>\n\t<meta property=\"og:image:type\" content=\"image\/jpeg\" \/>\n<meta name=\"author\" content=\"webdo.tn\" \/>\n<meta name=\"twitter:card\" content=\"summary_large_image\" \/>\n<meta name=\"twitter:creator\" content=\"@webdo_tn\" \/>\n<meta name=\"twitter:site\" content=\"@webdo_tn\" \/>\n<meta name=\"twitter:label1\" content=\"\u00c9crit par\" \/>\n\t<meta name=\"twitter:data1\" content=\"webdo.tn\" \/>\n\t<meta name=\"twitter:label2\" content=\"Dur\u00e9e de lecture estim\u00e9e\" \/>\n\t<meta name=\"twitter:data2\" content=\"1 minute\" \/>\n<script type=\"application\/ld+json\" class=\"yoast-schema-graph\">{\"@context\":\"https:\\\/\\\/schema.org\",\"@graph\":[{\"@type\":\"NewsArticle\",\"@id\":\"https:\\\/\\\/www.webdo.tn\\\/fr\\\/actualite\\\/divers\\\/le-symbole-ben-laden-sali-par-des-images-pornos\\\/178621\\\/#article\",\"isPartOf\":{\"@id\":\"https:\\\/\\\/www.webdo.tn\\\/fr\\\/actualite\\\/divers\\\/le-symbole-ben-laden-sali-par-des-images-pornos\\\/178621\\\/\"},\"author\":{\"name\":\"webdo.tn\",\"@id\":\"https:\\\/\\\/www.webdo.tn\\\/fr\\\/#\\\/schema\\\/person\\\/9a9c6118d687c117df8ef3cc36a4d175\"},\"headline\":\"Le symbole Ben Laden sali par des images&#8230;pornos!\",\"datePublished\":\"2011-05-14T14:52:00+00:00\",\"mainEntityOfPage\":{\"@id\":\"https:\\\/\\\/www.webdo.tn\\\/fr\\\/actualite\\\/divers\\\/le-symbole-ben-laden-sali-par-des-images-pornos\\\/178621\\\/\"},\"wordCount\":307,\"commentCount\":0,\"publisher\":{\"@id\":\"https:\\\/\\\/www.webdo.tn\\\/fr\\\/#organization\"},\"image\":{\"@id\":\"https:\\\/\\\/www.webdo.tn\\\/fr\\\/actualite\\\/divers\\\/le-symbole-ben-laden-sali-par-des-images-pornos\\\/178621\\\/#primaryimage\"},\"thumbnailUrl\":\"https:\\\/\\\/www.webdo.tn\\\/fr\\\/wp-content\\\/uploads\\\/2011\\\/05\\\/ben-Laden-300x258-1.jpg\",\"articleSection\":[\"Divers\"],\"inLanguage\":\"fr-FR\"},{\"@type\":\"WebPage\",\"@id\":\"https:\\\/\\\/www.webdo.tn\\\/fr\\\/actualite\\\/divers\\\/le-symbole-ben-laden-sali-par-des-images-pornos\\\/178621\\\/\",\"url\":\"https:\\\/\\\/www.webdo.tn\\\/fr\\\/actualite\\\/divers\\\/le-symbole-ben-laden-sali-par-des-images-pornos\\\/178621\\\/\",\"name\":\"Le symbole Ben Laden sali par des images...pornos!\",\"isPartOf\":{\"@id\":\"https:\\\/\\\/www.webdo.tn\\\/fr\\\/#website\"},\"primaryImageOfPage\":{\"@id\":\"https:\\\/\\\/www.webdo.tn\\\/fr\\\/actualite\\\/divers\\\/le-symbole-ben-laden-sali-par-des-images-pornos\\\/178621\\\/#primaryimage\"},\"image\":{\"@id\":\"https:\\\/\\\/www.webdo.tn\\\/fr\\\/actualite\\\/divers\\\/le-symbole-ben-laden-sali-par-des-images-pornos\\\/178621\\\/#primaryimage\"},\"thumbnailUrl\":\"https:\\\/\\\/www.webdo.tn\\\/fr\\\/wp-content\\\/uploads\\\/2011\\\/05\\\/ben-Laden-300x258-1.jpg\",\"datePublished\":\"2011-05-14T14:52:00+00:00\",\"description\":\"Le symbole Ben Laden sali par des images...pornos!\",\"breadcrumb\":{\"@id\":\"https:\\\/\\\/www.webdo.tn\\\/fr\\\/actualite\\\/divers\\\/le-symbole-ben-laden-sali-par-des-images-pornos\\\/178621\\\/#breadcrumb\"},\"inLanguage\":\"fr-FR\",\"potentialAction\":[{\"@type\":\"ReadAction\",\"target\":[\"https:\\\/\\\/www.webdo.tn\\\/fr\\\/actualite\\\/divers\\\/le-symbole-ben-laden-sali-par-des-images-pornos\\\/178621\\\/\"]}]},{\"@type\":\"ImageObject\",\"inLanguage\":\"fr-FR\",\"@id\":\"https:\\\/\\\/www.webdo.tn\\\/fr\\\/actualite\\\/divers\\\/le-symbole-ben-laden-sali-par-des-images-pornos\\\/178621\\\/#primaryimage\",\"url\":\"https:\\\/\\\/www.webdo.tn\\\/fr\\\/wp-content\\\/uploads\\\/2011\\\/05\\\/ben-Laden-300x258-1.jpg\",\"contentUrl\":\"https:\\\/\\\/www.webdo.tn\\\/fr\\\/wp-content\\\/uploads\\\/2011\\\/05\\\/ben-Laden-300x258-1.jpg\",\"width\":300,\"height\":258,\"caption\":\"Le symbole Ben Laden sali par des images...pornos!\"},{\"@type\":\"BreadcrumbList\",\"@id\":\"https:\\\/\\\/www.webdo.tn\\\/fr\\\/actualite\\\/divers\\\/le-symbole-ben-laden-sali-par-des-images-pornos\\\/178621\\\/#breadcrumb\",\"itemListElement\":[{\"@type\":\"ListItem\",\"position\":1,\"name\":\"Accueil\",\"item\":\"https:\\\/\\\/www.webdo.tn\\\/fr\\\/\"},{\"@type\":\"ListItem\",\"position\":2,\"name\":\"Le symbole Ben Laden sali par des images&#8230;pornos!\"}]},{\"@type\":\"WebSite\",\"@id\":\"https:\\\/\\\/www.webdo.tn\\\/fr\\\/#website\",\"url\":\"https:\\\/\\\/www.webdo.tn\\\/fr\\\/\",\"name\":\"webdo\",\"description\":\"Tunisie - News en Tunisie et \u00e0 l&#039;international sur Webdo.tn\",\"publisher\":{\"@id\":\"https:\\\/\\\/www.webdo.tn\\\/fr\\\/#organization\"},\"potentialAction\":[{\"@type\":\"SearchAction\",\"target\":{\"@type\":\"EntryPoint\",\"urlTemplate\":\"https:\\\/\\\/www.webdo.tn\\\/fr\\\/?s={search_term_string}\"},\"query-input\":{\"@type\":\"PropertyValueSpecification\",\"valueRequired\":true,\"valueName\":\"search_term_string\"}}],\"inLanguage\":\"fr-FR\"},{\"@type\":\"Organization\",\"@id\":\"https:\\\/\\\/www.webdo.tn\\\/fr\\\/#organization\",\"name\":\"Webdo\",\"alternateName\":\"Webdo.tn\",\"url\":\"https:\\\/\\\/www.webdo.tn\\\/fr\\\/\",\"logo\":{\"@type\":\"ImageObject\",\"inLanguage\":\"fr-FR\",\"@id\":\"https:\\\/\\\/www.webdo.tn\\\/fr\\\/#\\\/schema\\\/logo\\\/image\\\/\",\"url\":\"https:\\\/\\\/www.webdo.tn\\\/fr\\\/wp-content\\\/uploads\\\/2025\\\/06\\\/Webdo-Tunisie_168377.jpg\",\"contentUrl\":\"https:\\\/\\\/www.webdo.tn\\\/fr\\\/wp-content\\\/uploads\\\/2025\\\/06\\\/Webdo-Tunisie_168377.jpg\",\"width\":301,\"height\":301,\"caption\":\"Webdo\"},\"image\":{\"@id\":\"https:\\\/\\\/www.webdo.tn\\\/fr\\\/#\\\/schema\\\/logo\\\/image\\\/\"},\"sameAs\":[\"https:\\\/\\\/www.facebook.com\\\/webdotn\",\"https:\\\/\\\/x.com\\\/webdo_tn\"],\"description\":\"Webdo est un m\u00e9dia num\u00e9rique tunisien fond\u00e9 en 2010, sp\u00e9cialis\u00e9 dans l\u2019actualit\u00e9 nationale et internationale, l\u2019\u00e9conomie, la soci\u00e9t\u00e9 et les analyses politiques. Le site s\u2019adresse \u00e0 un large public francophone et couvre l\u2019information tunisienne en temps r\u00e9el.\",\"email\":\"redac@webdo.tn\",\"legalName\":\"YNJ SARL\",\"foundingDate\":\"2010-09-06\",\"numberOfEmployees\":{\"@type\":\"QuantitativeValue\",\"minValue\":\"11\",\"maxValue\":\"50\"}},{\"@type\":\"Person\",\"@id\":\"https:\\\/\\\/www.webdo.tn\\\/fr\\\/#\\\/schema\\\/person\\\/9a9c6118d687c117df8ef3cc36a4d175\",\"name\":\"webdo.tn\",\"image\":{\"@type\":\"ImageObject\",\"inLanguage\":\"fr-FR\",\"@id\":\"https:\\\/\\\/secure.gravatar.com\\\/avatar\\\/7ce1f28c0c3bbac99ff550b85ef8e44a6950c6ee24514fb6a5489e51d06f0298?s=96&d=mm&r=g\",\"url\":\"https:\\\/\\\/secure.gravatar.com\\\/avatar\\\/7ce1f28c0c3bbac99ff550b85ef8e44a6950c6ee24514fb6a5489e51d06f0298?s=96&d=mm&r=g\",\"contentUrl\":\"https:\\\/\\\/secure.gravatar.com\\\/avatar\\\/7ce1f28c0c3bbac99ff550b85ef8e44a6950c6ee24514fb6a5489e51d06f0298?s=96&d=mm&r=g\",\"caption\":\"webdo.tn\"},\"url\":\"https:\\\/\\\/www.webdo.tn\\\/fr\\\/actualite\\\/author\\\/webdotn\\\/\"}]}<\/script>\n<!-- \/ Yoast SEO Premium plugin. -->","yoast_head_json":{"title":"Le symbole Ben Laden sali par des images...pornos!","description":"Le symbole Ben Laden sali par des images...pornos!","canonical":"https:\/\/www.webdo.tn\/fr\/actualite\/divers\/le-symbole-ben-laden-sali-par-des-images-pornos\/178621\/","og_locale":"fr_FR","og_type":"article","og_title":"Le symbole Ben Laden sali par des images...pornos!","og_description":"Le symbole Ben Laden sali par des images...pornos!","og_url":"https:\/\/www.webdo.tn\/fr\/actualite\/divers\/le-symbole-ben-laden-sali-par-des-images-pornos\/178621\/","og_site_name":"webdo","article_publisher":"https:\/\/www.facebook.com\/webdotn","article_published_time":"2011-05-14T14:52:00+00:00","og_image":[{"width":300,"height":258,"url":"https:\/\/www.webdo.tn\/fr\/wp-content\/uploads\/2011\/05\/ben-Laden-300x258-1.jpg","type":"image\/jpeg"}],"author":"webdo.tn","twitter_card":"summary_large_image","twitter_creator":"@webdo_tn","twitter_site":"@webdo_tn","twitter_misc":{"\u00c9crit par":"webdo.tn","Dur\u00e9e de lecture estim\u00e9e":"1 minute"},"schema":{"@context":"https:\/\/schema.org","@graph":[{"@type":"NewsArticle","@id":"https:\/\/www.webdo.tn\/fr\/actualite\/divers\/le-symbole-ben-laden-sali-par-des-images-pornos\/178621\/#article","isPartOf":{"@id":"https:\/\/www.webdo.tn\/fr\/actualite\/divers\/le-symbole-ben-laden-sali-par-des-images-pornos\/178621\/"},"author":{"name":"webdo.tn","@id":"https:\/\/www.webdo.tn\/fr\/#\/schema\/person\/9a9c6118d687c117df8ef3cc36a4d175"},"headline":"Le symbole Ben Laden sali par des images&#8230;pornos!","datePublished":"2011-05-14T14:52:00+00:00","mainEntityOfPage":{"@id":"https:\/\/www.webdo.tn\/fr\/actualite\/divers\/le-symbole-ben-laden-sali-par-des-images-pornos\/178621\/"},"wordCount":307,"commentCount":0,"publisher":{"@id":"https:\/\/www.webdo.tn\/fr\/#organization"},"image":{"@id":"https:\/\/www.webdo.tn\/fr\/actualite\/divers\/le-symbole-ben-laden-sali-par-des-images-pornos\/178621\/#primaryimage"},"thumbnailUrl":"https:\/\/www.webdo.tn\/fr\/wp-content\/uploads\/2011\/05\/ben-Laden-300x258-1.jpg","articleSection":["Divers"],"inLanguage":"fr-FR"},{"@type":"WebPage","@id":"https:\/\/www.webdo.tn\/fr\/actualite\/divers\/le-symbole-ben-laden-sali-par-des-images-pornos\/178621\/","url":"https:\/\/www.webdo.tn\/fr\/actualite\/divers\/le-symbole-ben-laden-sali-par-des-images-pornos\/178621\/","name":"Le symbole Ben Laden sali par des images...pornos!","isPartOf":{"@id":"https:\/\/www.webdo.tn\/fr\/#website"},"primaryImageOfPage":{"@id":"https:\/\/www.webdo.tn\/fr\/actualite\/divers\/le-symbole-ben-laden-sali-par-des-images-pornos\/178621\/#primaryimage"},"image":{"@id":"https:\/\/www.webdo.tn\/fr\/actualite\/divers\/le-symbole-ben-laden-sali-par-des-images-pornos\/178621\/#primaryimage"},"thumbnailUrl":"https:\/\/www.webdo.tn\/fr\/wp-content\/uploads\/2011\/05\/ben-Laden-300x258-1.jpg","datePublished":"2011-05-14T14:52:00+00:00","description":"Le symbole Ben Laden sali par des images...pornos!","breadcrumb":{"@id":"https:\/\/www.webdo.tn\/fr\/actualite\/divers\/le-symbole-ben-laden-sali-par-des-images-pornos\/178621\/#breadcrumb"},"inLanguage":"fr-FR","potentialAction":[{"@type":"ReadAction","target":["https:\/\/www.webdo.tn\/fr\/actualite\/divers\/le-symbole-ben-laden-sali-par-des-images-pornos\/178621\/"]}]},{"@type":"ImageObject","inLanguage":"fr-FR","@id":"https:\/\/www.webdo.tn\/fr\/actualite\/divers\/le-symbole-ben-laden-sali-par-des-images-pornos\/178621\/#primaryimage","url":"https:\/\/www.webdo.tn\/fr\/wp-content\/uploads\/2011\/05\/ben-Laden-300x258-1.jpg","contentUrl":"https:\/\/www.webdo.tn\/fr\/wp-content\/uploads\/2011\/05\/ben-Laden-300x258-1.jpg","width":300,"height":258,"caption":"Le symbole Ben Laden sali par des images...pornos!"},{"@type":"BreadcrumbList","@id":"https:\/\/www.webdo.tn\/fr\/actualite\/divers\/le-symbole-ben-laden-sali-par-des-images-pornos\/178621\/#breadcrumb","itemListElement":[{"@type":"ListItem","position":1,"name":"Accueil","item":"https:\/\/www.webdo.tn\/fr\/"},{"@type":"ListItem","position":2,"name":"Le symbole Ben Laden sali par des images&#8230;pornos!"}]},{"@type":"WebSite","@id":"https:\/\/www.webdo.tn\/fr\/#website","url":"https:\/\/www.webdo.tn\/fr\/","name":"webdo","description":"Tunisie - News en Tunisie et \u00e0 l&#039;international sur Webdo.tn","publisher":{"@id":"https:\/\/www.webdo.tn\/fr\/#organization"},"potentialAction":[{"@type":"SearchAction","target":{"@type":"EntryPoint","urlTemplate":"https:\/\/www.webdo.tn\/fr\/?s={search_term_string}"},"query-input":{"@type":"PropertyValueSpecification","valueRequired":true,"valueName":"search_term_string"}}],"inLanguage":"fr-FR"},{"@type":"Organization","@id":"https:\/\/www.webdo.tn\/fr\/#organization","name":"Webdo","alternateName":"Webdo.tn","url":"https:\/\/www.webdo.tn\/fr\/","logo":{"@type":"ImageObject","inLanguage":"fr-FR","@id":"https:\/\/www.webdo.tn\/fr\/#\/schema\/logo\/image\/","url":"https:\/\/www.webdo.tn\/fr\/wp-content\/uploads\/2025\/06\/Webdo-Tunisie_168377.jpg","contentUrl":"https:\/\/www.webdo.tn\/fr\/wp-content\/uploads\/2025\/06\/Webdo-Tunisie_168377.jpg","width":301,"height":301,"caption":"Webdo"},"image":{"@id":"https:\/\/www.webdo.tn\/fr\/#\/schema\/logo\/image\/"},"sameAs":["https:\/\/www.facebook.com\/webdotn","https:\/\/x.com\/webdo_tn"],"description":"Webdo est un m\u00e9dia num\u00e9rique tunisien fond\u00e9 en 2010, sp\u00e9cialis\u00e9 dans l\u2019actualit\u00e9 nationale et internationale, l\u2019\u00e9conomie, la soci\u00e9t\u00e9 et les analyses politiques. Le site s\u2019adresse \u00e0 un large public francophone et couvre l\u2019information tunisienne en temps r\u00e9el.","email":"redac@webdo.tn","legalName":"YNJ SARL","foundingDate":"2010-09-06","numberOfEmployees":{"@type":"QuantitativeValue","minValue":"11","maxValue":"50"}},{"@type":"Person","@id":"https:\/\/www.webdo.tn\/fr\/#\/schema\/person\/9a9c6118d687c117df8ef3cc36a4d175","name":"webdo.tn","image":{"@type":"ImageObject","inLanguage":"fr-FR","@id":"https:\/\/secure.gravatar.com\/avatar\/7ce1f28c0c3bbac99ff550b85ef8e44a6950c6ee24514fb6a5489e51d06f0298?s=96&d=mm&r=g","url":"https:\/\/secure.gravatar.com\/avatar\/7ce1f28c0c3bbac99ff550b85ef8e44a6950c6ee24514fb6a5489e51d06f0298?s=96&d=mm&r=g","contentUrl":"https:\/\/secure.gravatar.com\/avatar\/7ce1f28c0c3bbac99ff550b85ef8e44a6950c6ee24514fb6a5489e51d06f0298?s=96&d=mm&r=g","caption":"webdo.tn"},"url":"https:\/\/www.webdo.tn\/fr\/actualite\/author\/webdotn\/"}]}},"_links":{"self":[{"href":"https:\/\/www.webdo.tn\/fr\/wp-json\/wp\/v2\/posts\/178621","targetHints":{"allow":["GET"]}}],"collection":[{"href":"https:\/\/www.webdo.tn\/fr\/wp-json\/wp\/v2\/posts"}],"about":[{"href":"https:\/\/www.webdo.tn\/fr\/wp-json\/wp\/v2\/types\/post"}],"author":[{"embeddable":true,"href":"https:\/\/www.webdo.tn\/fr\/wp-json\/wp\/v2\/users\/3222"}],"replies":[{"embeddable":true,"href":"https:\/\/www.webdo.tn\/fr\/wp-json\/wp\/v2\/comments?post=178621"}],"version-history":[{"count":0,"href":"https:\/\/www.webdo.tn\/fr\/wp-json\/wp\/v2\/posts\/178621\/revisions"}],"wp:featuredmedia":[{"embeddable":true,"href":"https:\/\/www.webdo.tn\/fr\/wp-json\/wp\/v2\/media\/365905"}],"wp:attachment":[{"href":"https:\/\/www.webdo.tn\/fr\/wp-json\/wp\/v2\/media?parent=178621"}],"wp:term":[{"taxonomy":"category","embeddable":true,"href":"https:\/\/www.webdo.tn\/fr\/wp-json\/wp\/v2\/categories?post=178621"},{"taxonomy":"post_tag","embeddable":true,"href":"https:\/\/www.webdo.tn\/fr\/wp-json\/wp\/v2\/tags?post=178621"}],"curies":[{"name":"wp","href":"https:\/\/api.w.org\/{rel}","templated":true}]}}