{"id":178617,"date":"2011-05-19T11:28:00","date_gmt":"2011-05-19T11:28:00","guid":{"rendered":"https:\/\/www.webdo.tn\/fr\/actualite\/blog\/le-ministere-de-linterieur-veut-etre-votre-ami-sur-facebook\/178617\/"},"modified":"2011-05-19T11:28:00","modified_gmt":"2011-05-19T11:28:00","slug":"le-ministere-de-linterieur-veut-etre-votre-ami-sur-facebook","status":"publish","type":"post","link":"https:\/\/www.webdo.tn\/fr\/actualite\/divers\/le-ministere-de-linterieur-veut-etre-votre-ami-sur-facebook\/178617\/","title":{"rendered":"Le minist\u00e8re de l&rsquo;Int\u00e9rieur veut \u00eatre votre ami sur Facebook !"},"content":{"rendered":"<p>La page Facebook du minist\u00e8re de l&rsquo;Int\u00e9rieur est devenue une v\u00e9ritable source d&rsquo;informations. Cela a \u00e9t\u00e9 particuli\u00e8rement le cas hier, concernant les\u00a0affrontements \u00e0 Siliana.<\/p>\n<p>Ce minist\u00e8re, tant d\u00e9cri\u00e9 et critiqu\u00e9 se rapproche ainsi du public et souhaite apparemment aller encore plus de l&rsquo;avant. Pour preuve, la page en question affiche, affiche depuis peu, dans la colonne gauche (int\u00e9r\u00eats) un lien direct vers une autre page Facebook qui porte le nom \u00ab\u00a0Freinds For Ever\u00a0\u00bb.<\/p>\n<p>Et oui ! Freinds et non Friends\u00a0! Qu&rsquo;importe, une faute de frappe tout de m\u00eame \u00ab\u00a0pardonnable\u00a0\u00bb. Vous aviez s\u00fbrement compris le sens : \u00ab\u00a0Amis pour toujours\u00a0\u00bb<\/p>\n<p>En fouillant dans le contenu de cette derni\u00e8re, on peut remarquer que cette page a \u00e9t\u00e9 r\u00e9cemment cr\u00e9\u00e9e\u00a0: sa premi\u00e8re publication date du lundi 16 mai 2011. Elle contient des publications soutenant l\u2019amiti\u00e9 \u00a0et l\u2019amour. \u00ab\u00a0Freinds For Ever\u00a0\u00bb a r\u00e9ciproquement, comme int\u00e9r\u00eat, la page officielle du minist\u00e8re. Et la photo principale de la page pose la question \u00ab\u00a0Pour toi c\u2019est quoi l\u2019amiti\u00e9\u00a0? \u00ab\u00a0. Une question ambigu\u00eb que les utilisateurs ont du mal \u00e0 saisir en attendant un compl\u00e9ment d&rsquo;informations de la part du minist\u00e8re de l&rsquo;Int\u00e9rieur. Ou alors est-ce simplement une fa\u00e7on pour le minist\u00e8re de manifester son amiti\u00e9 \u00e0 tous les utilisateurs\u00a0!?<\/p>\n","protected":false},"excerpt":{"rendered":"<p>Le minist\u00e8re de l&rsquo;Int\u00e9rieur veut \u00eatre votre ami sur Facebook !<\/p>\n","protected":false},"author":3222,"featured_media":365908,"comment_status":"open","ping_status":"closed","sticky":false,"template":"","format":"standard","meta":{"footnotes":""},"categories":[2839],"tags":[],"class_list":["post-178617","post","type-post","status-publish","format-standard","has-post-thumbnail","hentry","category-divers"],"yoast_head":"<!-- This site is optimized with the Yoast SEO Premium plugin v27.4 (Yoast SEO v27.5) - https:\/\/yoast.com\/product\/yoast-seo-premium-wordpress\/ -->\n<title>Le minist\u00e8re de l&#039;Int\u00e9rieur veut \u00eatre votre ami sur Facebook !<\/title>\n<meta name=\"description\" content=\"Le minist\u00e8re de l&#039;Int\u00e9rieur veut \u00eatre votre ami sur Facebook !\" \/>\n<link rel=\"canonical\" href=\"https:\/\/www.webdo.tn\/fr\/actualite\/divers\/le-ministere-de-linterieur-veut-etre-votre-ami-sur-facebook\/178617\/\" \/>\n<meta property=\"og:locale\" content=\"fr_FR\" \/>\n<meta property=\"og:type\" content=\"article\" \/>\n<meta property=\"og:title\" content=\"Le minist\u00e8re de l&#039;Int\u00e9rieur veut \u00eatre votre ami sur Facebook !\" \/>\n<meta property=\"og:description\" content=\"Le minist\u00e8re de l&#039;Int\u00e9rieur veut \u00eatre votre ami sur Facebook !\" \/>\n<meta property=\"og:url\" content=\"https:\/\/www.webdo.tn\/fr\/actualite\/divers\/le-ministere-de-linterieur-veut-etre-votre-ami-sur-facebook\/178617\/\" \/>\n<meta property=\"og:site_name\" content=\"webdo\" \/>\n<meta property=\"article:publisher\" content=\"https:\/\/www.facebook.com\/webdotn\" \/>\n<meta property=\"article:published_time\" content=\"2011-05-19T11:28:00+00:00\" \/>\n<meta property=\"og:image\" content=\"https:\/\/www.webdo.tn\/fr\/wp-content\/uploads\/2011\/05\/amit.jpg\" \/>\n\t<meta property=\"og:image:width\" content=\"180\" \/>\n\t<meta property=\"og:image:height\" content=\"137\" \/>\n\t<meta property=\"og:image:type\" content=\"image\/jpeg\" \/>\n<meta name=\"author\" content=\"webdo.tn\" \/>\n<meta name=\"twitter:card\" content=\"summary_large_image\" \/>\n<meta name=\"twitter:creator\" content=\"@webdo_tn\" \/>\n<meta name=\"twitter:site\" content=\"@webdo_tn\" \/>\n<meta name=\"twitter:label1\" content=\"\u00c9crit par\" \/>\n\t<meta name=\"twitter:data1\" content=\"webdo.tn\" \/>\n\t<meta name=\"twitter:label2\" content=\"Dur\u00e9e de lecture estim\u00e9e\" \/>\n\t<meta name=\"twitter:data2\" content=\"1 minute\" \/>\n<script type=\"application\/ld+json\" class=\"yoast-schema-graph\">{\"@context\":\"https:\\\/\\\/schema.org\",\"@graph\":[{\"@type\":\"NewsArticle\",\"@id\":\"https:\\\/\\\/www.webdo.tn\\\/fr\\\/actualite\\\/divers\\\/le-ministere-de-linterieur-veut-etre-votre-ami-sur-facebook\\\/178617\\\/#article\",\"isPartOf\":{\"@id\":\"https:\\\/\\\/www.webdo.tn\\\/fr\\\/actualite\\\/divers\\\/le-ministere-de-linterieur-veut-etre-votre-ami-sur-facebook\\\/178617\\\/\"},\"author\":{\"name\":\"webdo.tn\",\"@id\":\"https:\\\/\\\/www.webdo.tn\\\/fr\\\/#\\\/schema\\\/person\\\/9a9c6118d687c117df8ef3cc36a4d175\"},\"headline\":\"Le minist\u00e8re de l&rsquo;Int\u00e9rieur veut \u00eatre votre ami sur Facebook !\",\"datePublished\":\"2011-05-19T11:28:00+00:00\",\"mainEntityOfPage\":{\"@id\":\"https:\\\/\\\/www.webdo.tn\\\/fr\\\/actualite\\\/divers\\\/le-ministere-de-linterieur-veut-etre-votre-ami-sur-facebook\\\/178617\\\/\"},\"wordCount\":241,\"commentCount\":0,\"publisher\":{\"@id\":\"https:\\\/\\\/www.webdo.tn\\\/fr\\\/#organization\"},\"image\":{\"@id\":\"https:\\\/\\\/www.webdo.tn\\\/fr\\\/actualite\\\/divers\\\/le-ministere-de-linterieur-veut-etre-votre-ami-sur-facebook\\\/178617\\\/#primaryimage\"},\"thumbnailUrl\":\"https:\\\/\\\/www.webdo.tn\\\/fr\\\/wp-content\\\/uploads\\\/2011\\\/05\\\/amit.jpg\",\"articleSection\":[\"Divers\"],\"inLanguage\":\"fr-FR\"},{\"@type\":\"WebPage\",\"@id\":\"https:\\\/\\\/www.webdo.tn\\\/fr\\\/actualite\\\/divers\\\/le-ministere-de-linterieur-veut-etre-votre-ami-sur-facebook\\\/178617\\\/\",\"url\":\"https:\\\/\\\/www.webdo.tn\\\/fr\\\/actualite\\\/divers\\\/le-ministere-de-linterieur-veut-etre-votre-ami-sur-facebook\\\/178617\\\/\",\"name\":\"Le minist\u00e8re de l'Int\u00e9rieur veut \u00eatre votre ami sur Facebook !\",\"isPartOf\":{\"@id\":\"https:\\\/\\\/www.webdo.tn\\\/fr\\\/#website\"},\"primaryImageOfPage\":{\"@id\":\"https:\\\/\\\/www.webdo.tn\\\/fr\\\/actualite\\\/divers\\\/le-ministere-de-linterieur-veut-etre-votre-ami-sur-facebook\\\/178617\\\/#primaryimage\"},\"image\":{\"@id\":\"https:\\\/\\\/www.webdo.tn\\\/fr\\\/actualite\\\/divers\\\/le-ministere-de-linterieur-veut-etre-votre-ami-sur-facebook\\\/178617\\\/#primaryimage\"},\"thumbnailUrl\":\"https:\\\/\\\/www.webdo.tn\\\/fr\\\/wp-content\\\/uploads\\\/2011\\\/05\\\/amit.jpg\",\"datePublished\":\"2011-05-19T11:28:00+00:00\",\"description\":\"Le minist\u00e8re de l'Int\u00e9rieur veut \u00eatre votre ami sur Facebook !\",\"breadcrumb\":{\"@id\":\"https:\\\/\\\/www.webdo.tn\\\/fr\\\/actualite\\\/divers\\\/le-ministere-de-linterieur-veut-etre-votre-ami-sur-facebook\\\/178617\\\/#breadcrumb\"},\"inLanguage\":\"fr-FR\",\"potentialAction\":[{\"@type\":\"ReadAction\",\"target\":[\"https:\\\/\\\/www.webdo.tn\\\/fr\\\/actualite\\\/divers\\\/le-ministere-de-linterieur-veut-etre-votre-ami-sur-facebook\\\/178617\\\/\"]}]},{\"@type\":\"ImageObject\",\"inLanguage\":\"fr-FR\",\"@id\":\"https:\\\/\\\/www.webdo.tn\\\/fr\\\/actualite\\\/divers\\\/le-ministere-de-linterieur-veut-etre-votre-ami-sur-facebook\\\/178617\\\/#primaryimage\",\"url\":\"https:\\\/\\\/www.webdo.tn\\\/fr\\\/wp-content\\\/uploads\\\/2011\\\/05\\\/amit.jpg\",\"contentUrl\":\"https:\\\/\\\/www.webdo.tn\\\/fr\\\/wp-content\\\/uploads\\\/2011\\\/05\\\/amit.jpg\",\"width\":180,\"height\":137,\"caption\":\"Le minist\u00e8re de l'Int\u00e9rieur veut \u00eatre votre ami sur Facebook !\"},{\"@type\":\"BreadcrumbList\",\"@id\":\"https:\\\/\\\/www.webdo.tn\\\/fr\\\/actualite\\\/divers\\\/le-ministere-de-linterieur-veut-etre-votre-ami-sur-facebook\\\/178617\\\/#breadcrumb\",\"itemListElement\":[{\"@type\":\"ListItem\",\"position\":1,\"name\":\"Accueil\",\"item\":\"https:\\\/\\\/www.webdo.tn\\\/fr\\\/\"},{\"@type\":\"ListItem\",\"position\":2,\"name\":\"Le minist\u00e8re de l&rsquo;Int\u00e9rieur veut \u00eatre votre ami sur Facebook !\"}]},{\"@type\":\"WebSite\",\"@id\":\"https:\\\/\\\/www.webdo.tn\\\/fr\\\/#website\",\"url\":\"https:\\\/\\\/www.webdo.tn\\\/fr\\\/\",\"name\":\"webdo\",\"description\":\"Tunisie - News en Tunisie et \u00e0 l&#039;international sur Webdo.tn\",\"publisher\":{\"@id\":\"https:\\\/\\\/www.webdo.tn\\\/fr\\\/#organization\"},\"potentialAction\":[{\"@type\":\"SearchAction\",\"target\":{\"@type\":\"EntryPoint\",\"urlTemplate\":\"https:\\\/\\\/www.webdo.tn\\\/fr\\\/?s={search_term_string}\"},\"query-input\":{\"@type\":\"PropertyValueSpecification\",\"valueRequired\":true,\"valueName\":\"search_term_string\"}}],\"inLanguage\":\"fr-FR\"},{\"@type\":\"Organization\",\"@id\":\"https:\\\/\\\/www.webdo.tn\\\/fr\\\/#organization\",\"name\":\"Webdo\",\"alternateName\":\"Webdo.tn\",\"url\":\"https:\\\/\\\/www.webdo.tn\\\/fr\\\/\",\"logo\":{\"@type\":\"ImageObject\",\"inLanguage\":\"fr-FR\",\"@id\":\"https:\\\/\\\/www.webdo.tn\\\/fr\\\/#\\\/schema\\\/logo\\\/image\\\/\",\"url\":\"https:\\\/\\\/www.webdo.tn\\\/fr\\\/wp-content\\\/uploads\\\/2025\\\/06\\\/Webdo-Tunisie_168377.jpg\",\"contentUrl\":\"https:\\\/\\\/www.webdo.tn\\\/fr\\\/wp-content\\\/uploads\\\/2025\\\/06\\\/Webdo-Tunisie_168377.jpg\",\"width\":301,\"height\":301,\"caption\":\"Webdo\"},\"image\":{\"@id\":\"https:\\\/\\\/www.webdo.tn\\\/fr\\\/#\\\/schema\\\/logo\\\/image\\\/\"},\"sameAs\":[\"https:\\\/\\\/www.facebook.com\\\/webdotn\",\"https:\\\/\\\/x.com\\\/webdo_tn\"],\"description\":\"Webdo est un m\u00e9dia num\u00e9rique tunisien fond\u00e9 en 2010, sp\u00e9cialis\u00e9 dans l\u2019actualit\u00e9 nationale et internationale, l\u2019\u00e9conomie, la soci\u00e9t\u00e9 et les analyses politiques. Le site s\u2019adresse \u00e0 un large public francophone et couvre l\u2019information tunisienne en temps r\u00e9el.\",\"email\":\"redac@webdo.tn\",\"legalName\":\"YNJ SARL\",\"foundingDate\":\"2010-09-06\",\"numberOfEmployees\":{\"@type\":\"QuantitativeValue\",\"minValue\":\"11\",\"maxValue\":\"50\"}},{\"@type\":\"Person\",\"@id\":\"https:\\\/\\\/www.webdo.tn\\\/fr\\\/#\\\/schema\\\/person\\\/9a9c6118d687c117df8ef3cc36a4d175\",\"name\":\"webdo.tn\",\"image\":{\"@type\":\"ImageObject\",\"inLanguage\":\"fr-FR\",\"@id\":\"https:\\\/\\\/secure.gravatar.com\\\/avatar\\\/7ce1f28c0c3bbac99ff550b85ef8e44a6950c6ee24514fb6a5489e51d06f0298?s=96&d=mm&r=g\",\"url\":\"https:\\\/\\\/secure.gravatar.com\\\/avatar\\\/7ce1f28c0c3bbac99ff550b85ef8e44a6950c6ee24514fb6a5489e51d06f0298?s=96&d=mm&r=g\",\"contentUrl\":\"https:\\\/\\\/secure.gravatar.com\\\/avatar\\\/7ce1f28c0c3bbac99ff550b85ef8e44a6950c6ee24514fb6a5489e51d06f0298?s=96&d=mm&r=g\",\"caption\":\"webdo.tn\"},\"url\":\"https:\\\/\\\/www.webdo.tn\\\/fr\\\/actualite\\\/author\\\/webdotn\\\/\"}]}<\/script>\n<!-- \/ Yoast SEO Premium plugin. -->","yoast_head_json":{"title":"Le minist\u00e8re de l'Int\u00e9rieur veut \u00eatre votre ami sur Facebook !","description":"Le minist\u00e8re de l'Int\u00e9rieur veut \u00eatre votre ami sur Facebook !","canonical":"https:\/\/www.webdo.tn\/fr\/actualite\/divers\/le-ministere-de-linterieur-veut-etre-votre-ami-sur-facebook\/178617\/","og_locale":"fr_FR","og_type":"article","og_title":"Le minist\u00e8re de l'Int\u00e9rieur veut \u00eatre votre ami sur Facebook !","og_description":"Le minist\u00e8re de l'Int\u00e9rieur veut \u00eatre votre ami sur Facebook !","og_url":"https:\/\/www.webdo.tn\/fr\/actualite\/divers\/le-ministere-de-linterieur-veut-etre-votre-ami-sur-facebook\/178617\/","og_site_name":"webdo","article_publisher":"https:\/\/www.facebook.com\/webdotn","article_published_time":"2011-05-19T11:28:00+00:00","og_image":[{"width":180,"height":137,"url":"https:\/\/www.webdo.tn\/fr\/wp-content\/uploads\/2011\/05\/amit.jpg","type":"image\/jpeg"}],"author":"webdo.tn","twitter_card":"summary_large_image","twitter_creator":"@webdo_tn","twitter_site":"@webdo_tn","twitter_misc":{"\u00c9crit par":"webdo.tn","Dur\u00e9e de lecture estim\u00e9e":"1 minute"},"schema":{"@context":"https:\/\/schema.org","@graph":[{"@type":"NewsArticle","@id":"https:\/\/www.webdo.tn\/fr\/actualite\/divers\/le-ministere-de-linterieur-veut-etre-votre-ami-sur-facebook\/178617\/#article","isPartOf":{"@id":"https:\/\/www.webdo.tn\/fr\/actualite\/divers\/le-ministere-de-linterieur-veut-etre-votre-ami-sur-facebook\/178617\/"},"author":{"name":"webdo.tn","@id":"https:\/\/www.webdo.tn\/fr\/#\/schema\/person\/9a9c6118d687c117df8ef3cc36a4d175"},"headline":"Le minist\u00e8re de l&rsquo;Int\u00e9rieur veut \u00eatre votre ami sur Facebook !","datePublished":"2011-05-19T11:28:00+00:00","mainEntityOfPage":{"@id":"https:\/\/www.webdo.tn\/fr\/actualite\/divers\/le-ministere-de-linterieur-veut-etre-votre-ami-sur-facebook\/178617\/"},"wordCount":241,"commentCount":0,"publisher":{"@id":"https:\/\/www.webdo.tn\/fr\/#organization"},"image":{"@id":"https:\/\/www.webdo.tn\/fr\/actualite\/divers\/le-ministere-de-linterieur-veut-etre-votre-ami-sur-facebook\/178617\/#primaryimage"},"thumbnailUrl":"https:\/\/www.webdo.tn\/fr\/wp-content\/uploads\/2011\/05\/amit.jpg","articleSection":["Divers"],"inLanguage":"fr-FR"},{"@type":"WebPage","@id":"https:\/\/www.webdo.tn\/fr\/actualite\/divers\/le-ministere-de-linterieur-veut-etre-votre-ami-sur-facebook\/178617\/","url":"https:\/\/www.webdo.tn\/fr\/actualite\/divers\/le-ministere-de-linterieur-veut-etre-votre-ami-sur-facebook\/178617\/","name":"Le minist\u00e8re de l'Int\u00e9rieur veut \u00eatre votre ami sur Facebook !","isPartOf":{"@id":"https:\/\/www.webdo.tn\/fr\/#website"},"primaryImageOfPage":{"@id":"https:\/\/www.webdo.tn\/fr\/actualite\/divers\/le-ministere-de-linterieur-veut-etre-votre-ami-sur-facebook\/178617\/#primaryimage"},"image":{"@id":"https:\/\/www.webdo.tn\/fr\/actualite\/divers\/le-ministere-de-linterieur-veut-etre-votre-ami-sur-facebook\/178617\/#primaryimage"},"thumbnailUrl":"https:\/\/www.webdo.tn\/fr\/wp-content\/uploads\/2011\/05\/amit.jpg","datePublished":"2011-05-19T11:28:00+00:00","description":"Le minist\u00e8re de l'Int\u00e9rieur veut \u00eatre votre ami sur Facebook !","breadcrumb":{"@id":"https:\/\/www.webdo.tn\/fr\/actualite\/divers\/le-ministere-de-linterieur-veut-etre-votre-ami-sur-facebook\/178617\/#breadcrumb"},"inLanguage":"fr-FR","potentialAction":[{"@type":"ReadAction","target":["https:\/\/www.webdo.tn\/fr\/actualite\/divers\/le-ministere-de-linterieur-veut-etre-votre-ami-sur-facebook\/178617\/"]}]},{"@type":"ImageObject","inLanguage":"fr-FR","@id":"https:\/\/www.webdo.tn\/fr\/actualite\/divers\/le-ministere-de-linterieur-veut-etre-votre-ami-sur-facebook\/178617\/#primaryimage","url":"https:\/\/www.webdo.tn\/fr\/wp-content\/uploads\/2011\/05\/amit.jpg","contentUrl":"https:\/\/www.webdo.tn\/fr\/wp-content\/uploads\/2011\/05\/amit.jpg","width":180,"height":137,"caption":"Le minist\u00e8re de l'Int\u00e9rieur veut \u00eatre votre ami sur Facebook !"},{"@type":"BreadcrumbList","@id":"https:\/\/www.webdo.tn\/fr\/actualite\/divers\/le-ministere-de-linterieur-veut-etre-votre-ami-sur-facebook\/178617\/#breadcrumb","itemListElement":[{"@type":"ListItem","position":1,"name":"Accueil","item":"https:\/\/www.webdo.tn\/fr\/"},{"@type":"ListItem","position":2,"name":"Le minist\u00e8re de l&rsquo;Int\u00e9rieur veut \u00eatre votre ami sur Facebook !"}]},{"@type":"WebSite","@id":"https:\/\/www.webdo.tn\/fr\/#website","url":"https:\/\/www.webdo.tn\/fr\/","name":"webdo","description":"Tunisie - News en Tunisie et \u00e0 l&#039;international sur Webdo.tn","publisher":{"@id":"https:\/\/www.webdo.tn\/fr\/#organization"},"potentialAction":[{"@type":"SearchAction","target":{"@type":"EntryPoint","urlTemplate":"https:\/\/www.webdo.tn\/fr\/?s={search_term_string}"},"query-input":{"@type":"PropertyValueSpecification","valueRequired":true,"valueName":"search_term_string"}}],"inLanguage":"fr-FR"},{"@type":"Organization","@id":"https:\/\/www.webdo.tn\/fr\/#organization","name":"Webdo","alternateName":"Webdo.tn","url":"https:\/\/www.webdo.tn\/fr\/","logo":{"@type":"ImageObject","inLanguage":"fr-FR","@id":"https:\/\/www.webdo.tn\/fr\/#\/schema\/logo\/image\/","url":"https:\/\/www.webdo.tn\/fr\/wp-content\/uploads\/2025\/06\/Webdo-Tunisie_168377.jpg","contentUrl":"https:\/\/www.webdo.tn\/fr\/wp-content\/uploads\/2025\/06\/Webdo-Tunisie_168377.jpg","width":301,"height":301,"caption":"Webdo"},"image":{"@id":"https:\/\/www.webdo.tn\/fr\/#\/schema\/logo\/image\/"},"sameAs":["https:\/\/www.facebook.com\/webdotn","https:\/\/x.com\/webdo_tn"],"description":"Webdo est un m\u00e9dia num\u00e9rique tunisien fond\u00e9 en 2010, sp\u00e9cialis\u00e9 dans l\u2019actualit\u00e9 nationale et internationale, l\u2019\u00e9conomie, la soci\u00e9t\u00e9 et les analyses politiques. Le site s\u2019adresse \u00e0 un large public francophone et couvre l\u2019information tunisienne en temps r\u00e9el.","email":"redac@webdo.tn","legalName":"YNJ SARL","foundingDate":"2010-09-06","numberOfEmployees":{"@type":"QuantitativeValue","minValue":"11","maxValue":"50"}},{"@type":"Person","@id":"https:\/\/www.webdo.tn\/fr\/#\/schema\/person\/9a9c6118d687c117df8ef3cc36a4d175","name":"webdo.tn","image":{"@type":"ImageObject","inLanguage":"fr-FR","@id":"https:\/\/secure.gravatar.com\/avatar\/7ce1f28c0c3bbac99ff550b85ef8e44a6950c6ee24514fb6a5489e51d06f0298?s=96&d=mm&r=g","url":"https:\/\/secure.gravatar.com\/avatar\/7ce1f28c0c3bbac99ff550b85ef8e44a6950c6ee24514fb6a5489e51d06f0298?s=96&d=mm&r=g","contentUrl":"https:\/\/secure.gravatar.com\/avatar\/7ce1f28c0c3bbac99ff550b85ef8e44a6950c6ee24514fb6a5489e51d06f0298?s=96&d=mm&r=g","caption":"webdo.tn"},"url":"https:\/\/www.webdo.tn\/fr\/actualite\/author\/webdotn\/"}]}},"_links":{"self":[{"href":"https:\/\/www.webdo.tn\/fr\/wp-json\/wp\/v2\/posts\/178617","targetHints":{"allow":["GET"]}}],"collection":[{"href":"https:\/\/www.webdo.tn\/fr\/wp-json\/wp\/v2\/posts"}],"about":[{"href":"https:\/\/www.webdo.tn\/fr\/wp-json\/wp\/v2\/types\/post"}],"author":[{"embeddable":true,"href":"https:\/\/www.webdo.tn\/fr\/wp-json\/wp\/v2\/users\/3222"}],"replies":[{"embeddable":true,"href":"https:\/\/www.webdo.tn\/fr\/wp-json\/wp\/v2\/comments?post=178617"}],"version-history":[{"count":0,"href":"https:\/\/www.webdo.tn\/fr\/wp-json\/wp\/v2\/posts\/178617\/revisions"}],"wp:featuredmedia":[{"embeddable":true,"href":"https:\/\/www.webdo.tn\/fr\/wp-json\/wp\/v2\/media\/365908"}],"wp:attachment":[{"href":"https:\/\/www.webdo.tn\/fr\/wp-json\/wp\/v2\/media?parent=178617"}],"wp:term":[{"taxonomy":"category","embeddable":true,"href":"https:\/\/www.webdo.tn\/fr\/wp-json\/wp\/v2\/categories?post=178617"},{"taxonomy":"post_tag","embeddable":true,"href":"https:\/\/www.webdo.tn\/fr\/wp-json\/wp\/v2\/tags?post=178617"}],"curies":[{"name":"wp","href":"https:\/\/api.w.org\/{rel}","templated":true}]}}