{"id":178613,"date":"2011-05-29T16:01:00","date_gmt":"2011-05-29T16:01:00","guid":{"rendered":"https:\/\/www.webdo.tn\/fr\/actualite\/blog\/latifa-arfaoui-humiliee-par-une-journaliste-tunisienne-a-dubai\/178613\/"},"modified":"2025-06-04T19:11:41","modified_gmt":"2025-06-04T19:11:41","slug":"latifa-arfaoui-humiliee-par-une-journaliste-tunisienne-a-dubai","status":"publish","type":"post","link":"https:\/\/www.webdo.tn\/fr\/actualite\/divers\/latifa-arfaoui-humiliee-par-une-journaliste-tunisienne-a-dubai\/178613\/","title":{"rendered":"Latifa Arfaoui humili\u00e9e par une journaliste tunisienne \u00e0 Duba\u00ef"},"content":{"rendered":"<p>Lors de la 10e session du Colloque arabe de l\u2019information organis\u00e9e \u00e0 Duba\u00ef, aux \u00c9mirats Arabes Unis, la chanteuse tunisienne expatri\u00e9e au Machreq, Latifa Arfaoui, a \u00e9t\u00e9 prise \u00e0 partie par une compatriote journaliste\u2026 Selon le site alg\u00e9rien \u00abEchourouk-online\u00bb, la journaliste tunisienne pr\u00e9sente \u00e0 cette rencontre o\u00f9 Latifa \u00e9tait l\u2019invit\u00e9e d\u2019honneur, clama haut et fort devant l\u2019assistance que la pr\u00e9sence de la star tunisienne ne lui faisait pas honneur.<\/p>\n<p>La journaliste, dont l\u2019identit\u00e9 n\u2019a pas \u00e9t\u00e9 r\u00e9v\u00e9l\u00e9e par le site en question, furieuse, accusa Latifa d\u2019avoir soutenu par le pass\u00e9 le dictateur d\u00e9chu en signant cette fameuse liste des premiers \u00ab 65 signataires \u00bb appelant le d\u00e9chu \u00e0 se repr\u00e9senter pour un nouveau mandat pr\u00e9sidentiel de 2014 \u00e0 2019. De plus, Latifa fut de tout temps proche de l\u2019ex famille r\u00e9gnante, chantant pour elle et en toute occasion et soutenant fort le pr\u00e9sident fuyard. De cette prise de bec, la journaliste et Latifa faillirent en venir aux mains, pr\u00e9cise la m\u00eame source.<\/p>\n<p>Il est \u00e0 rappeler que ce n\u2019est pas seulement Latifa qui fut d\u00e9nigr\u00e9e pour avoir \u00e9t\u00e9 parmi les signataires de cette liste apr\u00e8s la r\u00e9volution, mais que Lotfi Bouchnak, tout comme Hend Sabri, furent d\u00e9nonc\u00e9s pour les m\u00eames raisons. Seulement, ces derniers ont vite fait d\u2019expliquer leur geste par la r\u00e9pression qui r\u00e9gnait alors et contre laquelle personne ne pouvait rien, et que sous la pression du pouvoir et de ses sbires, ils furent oblig\u00e9s de le faire.<\/p>\n<p>Reste que Latifa, dans le but de se faire \u00abpardonner\u00bb, ne manqua pas de nommer l\u2019un de ses neveux \u00abBouazizi\u00bb, une mani\u00e8re de dire qu\u2019elle soutient la r\u00e9volution et qu\u2019elle s\u2019en sent proche.<\/p>\n","protected":false},"excerpt":{"rendered":"<p>Latifa Arfaoui humili\u00e9e par une journaliste tunisienne \u00e0 Duba\u00ef <\/p>\n","protected":false},"author":3222,"featured_media":365345,"comment_status":"open","ping_status":"closed","sticky":false,"template":"","format":"standard","meta":{"footnotes":""},"categories":[2839],"tags":[],"class_list":["post-178613","post","type-post","status-publish","format-standard","has-post-thumbnail","hentry","category-divers"],"yoast_head":"<!-- This site is optimized with the Yoast SEO Premium plugin v27.4 (Yoast SEO v27.5) - https:\/\/yoast.com\/product\/yoast-seo-premium-wordpress\/ -->\n<title>Latifa Arfaoui humili\u00e9e par une journaliste tunisienne \u00e0 Duba\u00ef<\/title>\n<meta name=\"description\" content=\"Latifa Arfaoui humili\u00e9e par une journaliste tunisienne \u00e0 Duba\u00ef\" \/>\n<link rel=\"canonical\" href=\"https:\/\/www.webdo.tn\/fr\/actualite\/divers\/latifa-arfaoui-humiliee-par-une-journaliste-tunisienne-a-dubai\/178613\/\" \/>\n<meta property=\"og:locale\" content=\"fr_FR\" \/>\n<meta property=\"og:type\" content=\"article\" \/>\n<meta property=\"og:title\" content=\"Latifa Arfaoui humili\u00e9e par une journaliste tunisienne \u00e0 Duba\u00ef\" \/>\n<meta property=\"og:description\" content=\"Latifa Arfaoui humili\u00e9e par une journaliste tunisienne \u00e0 Duba\u00ef\" \/>\n<meta property=\"og:url\" content=\"https:\/\/www.webdo.tn\/fr\/actualite\/divers\/latifa-arfaoui-humiliee-par-une-journaliste-tunisienne-a-dubai\/178613\/\" \/>\n<meta property=\"og:site_name\" content=\"webdo\" \/>\n<meta property=\"article:publisher\" content=\"https:\/\/www.facebook.com\/webdotn\" \/>\n<meta property=\"article:published_time\" content=\"2011-05-29T16:01:00+00:00\" \/>\n<meta property=\"article:modified_time\" content=\"2025-06-04T19:11:41+00:00\" \/>\n<meta property=\"og:image\" content=\"https:\/\/www.webdo.tn\/fr\/wp-content\/uploads\/2011\/05\/Latifa-Arfaoui.jpg\" \/>\n\t<meta property=\"og:image:width\" content=\"200\" \/>\n\t<meta property=\"og:image:height\" content=\"200\" \/>\n\t<meta property=\"og:image:type\" content=\"image\/jpeg\" \/>\n<meta name=\"author\" content=\"webdo.tn\" \/>\n<meta name=\"twitter:card\" content=\"summary_large_image\" \/>\n<meta name=\"twitter:creator\" content=\"@webdo_tn\" \/>\n<meta name=\"twitter:site\" content=\"@webdo_tn\" \/>\n<meta name=\"twitter:label1\" content=\"\u00c9crit par\" \/>\n\t<meta name=\"twitter:data1\" content=\"webdo.tn\" \/>\n\t<meta name=\"twitter:label2\" content=\"Dur\u00e9e de lecture estim\u00e9e\" \/>\n\t<meta name=\"twitter:data2\" content=\"2 minutes\" \/>\n<script type=\"application\/ld+json\" class=\"yoast-schema-graph\">{\"@context\":\"https:\\\/\\\/schema.org\",\"@graph\":[{\"@type\":\"NewsArticle\",\"@id\":\"https:\\\/\\\/www.webdo.tn\\\/fr\\\/actualite\\\/divers\\\/latifa-arfaoui-humiliee-par-une-journaliste-tunisienne-a-dubai\\\/178613\\\/#article\",\"isPartOf\":{\"@id\":\"https:\\\/\\\/www.webdo.tn\\\/fr\\\/actualite\\\/divers\\\/latifa-arfaoui-humiliee-par-une-journaliste-tunisienne-a-dubai\\\/178613\\\/\"},\"author\":{\"name\":\"webdo.tn\",\"@id\":\"https:\\\/\\\/www.webdo.tn\\\/fr\\\/#\\\/schema\\\/person\\\/9a9c6118d687c117df8ef3cc36a4d175\"},\"headline\":\"Latifa Arfaoui humili\u00e9e par une journaliste tunisienne \u00e0 Duba\u00ef\",\"datePublished\":\"2011-05-29T16:01:00+00:00\",\"dateModified\":\"2025-06-04T19:11:41+00:00\",\"mainEntityOfPage\":{\"@id\":\"https:\\\/\\\/www.webdo.tn\\\/fr\\\/actualite\\\/divers\\\/latifa-arfaoui-humiliee-par-une-journaliste-tunisienne-a-dubai\\\/178613\\\/\"},\"wordCount\":314,\"commentCount\":0,\"publisher\":{\"@id\":\"https:\\\/\\\/www.webdo.tn\\\/fr\\\/#organization\"},\"image\":{\"@id\":\"https:\\\/\\\/www.webdo.tn\\\/fr\\\/actualite\\\/divers\\\/latifa-arfaoui-humiliee-par-une-journaliste-tunisienne-a-dubai\\\/178613\\\/#primaryimage\"},\"thumbnailUrl\":\"https:\\\/\\\/www.webdo.tn\\\/fr\\\/wp-content\\\/uploads\\\/2011\\\/05\\\/Latifa-Arfaoui.jpg\",\"articleSection\":[\"Divers\"],\"inLanguage\":\"fr-FR\"},{\"@type\":\"WebPage\",\"@id\":\"https:\\\/\\\/www.webdo.tn\\\/fr\\\/actualite\\\/divers\\\/latifa-arfaoui-humiliee-par-une-journaliste-tunisienne-a-dubai\\\/178613\\\/\",\"url\":\"https:\\\/\\\/www.webdo.tn\\\/fr\\\/actualite\\\/divers\\\/latifa-arfaoui-humiliee-par-une-journaliste-tunisienne-a-dubai\\\/178613\\\/\",\"name\":\"Latifa Arfaoui humili\u00e9e par une journaliste tunisienne \u00e0 Duba\u00ef\",\"isPartOf\":{\"@id\":\"https:\\\/\\\/www.webdo.tn\\\/fr\\\/#website\"},\"primaryImageOfPage\":{\"@id\":\"https:\\\/\\\/www.webdo.tn\\\/fr\\\/actualite\\\/divers\\\/latifa-arfaoui-humiliee-par-une-journaliste-tunisienne-a-dubai\\\/178613\\\/#primaryimage\"},\"image\":{\"@id\":\"https:\\\/\\\/www.webdo.tn\\\/fr\\\/actualite\\\/divers\\\/latifa-arfaoui-humiliee-par-une-journaliste-tunisienne-a-dubai\\\/178613\\\/#primaryimage\"},\"thumbnailUrl\":\"https:\\\/\\\/www.webdo.tn\\\/fr\\\/wp-content\\\/uploads\\\/2011\\\/05\\\/Latifa-Arfaoui.jpg\",\"datePublished\":\"2011-05-29T16:01:00+00:00\",\"dateModified\":\"2025-06-04T19:11:41+00:00\",\"description\":\"Latifa Arfaoui humili\u00e9e par une journaliste tunisienne \u00e0 Duba\u00ef\",\"breadcrumb\":{\"@id\":\"https:\\\/\\\/www.webdo.tn\\\/fr\\\/actualite\\\/divers\\\/latifa-arfaoui-humiliee-par-une-journaliste-tunisienne-a-dubai\\\/178613\\\/#breadcrumb\"},\"inLanguage\":\"fr-FR\",\"potentialAction\":[{\"@type\":\"ReadAction\",\"target\":[\"https:\\\/\\\/www.webdo.tn\\\/fr\\\/actualite\\\/divers\\\/latifa-arfaoui-humiliee-par-une-journaliste-tunisienne-a-dubai\\\/178613\\\/\"]}]},{\"@type\":\"ImageObject\",\"inLanguage\":\"fr-FR\",\"@id\":\"https:\\\/\\\/www.webdo.tn\\\/fr\\\/actualite\\\/divers\\\/latifa-arfaoui-humiliee-par-une-journaliste-tunisienne-a-dubai\\\/178613\\\/#primaryimage\",\"url\":\"https:\\\/\\\/www.webdo.tn\\\/fr\\\/wp-content\\\/uploads\\\/2011\\\/05\\\/Latifa-Arfaoui.jpg\",\"contentUrl\":\"https:\\\/\\\/www.webdo.tn\\\/fr\\\/wp-content\\\/uploads\\\/2011\\\/05\\\/Latifa-Arfaoui.jpg\",\"width\":200,\"height\":200,\"caption\":\"Latifa Arfaoui humili\u00e9e par une journaliste tunisienne \u00e0 Duba\u00ef\"},{\"@type\":\"BreadcrumbList\",\"@id\":\"https:\\\/\\\/www.webdo.tn\\\/fr\\\/actualite\\\/divers\\\/latifa-arfaoui-humiliee-par-une-journaliste-tunisienne-a-dubai\\\/178613\\\/#breadcrumb\",\"itemListElement\":[{\"@type\":\"ListItem\",\"position\":1,\"name\":\"Accueil\",\"item\":\"https:\\\/\\\/www.webdo.tn\\\/fr\\\/\"},{\"@type\":\"ListItem\",\"position\":2,\"name\":\"Latifa Arfaoui humili\u00e9e par une journaliste tunisienne \u00e0 Duba\u00ef\"}]},{\"@type\":\"WebSite\",\"@id\":\"https:\\\/\\\/www.webdo.tn\\\/fr\\\/#website\",\"url\":\"https:\\\/\\\/www.webdo.tn\\\/fr\\\/\",\"name\":\"webdo\",\"description\":\"Tunisie - News en Tunisie et \u00e0 l&#039;international sur Webdo.tn\",\"publisher\":{\"@id\":\"https:\\\/\\\/www.webdo.tn\\\/fr\\\/#organization\"},\"potentialAction\":[{\"@type\":\"SearchAction\",\"target\":{\"@type\":\"EntryPoint\",\"urlTemplate\":\"https:\\\/\\\/www.webdo.tn\\\/fr\\\/?s={search_term_string}\"},\"query-input\":{\"@type\":\"PropertyValueSpecification\",\"valueRequired\":true,\"valueName\":\"search_term_string\"}}],\"inLanguage\":\"fr-FR\"},{\"@type\":\"Organization\",\"@id\":\"https:\\\/\\\/www.webdo.tn\\\/fr\\\/#organization\",\"name\":\"Webdo\",\"alternateName\":\"Webdo.tn\",\"url\":\"https:\\\/\\\/www.webdo.tn\\\/fr\\\/\",\"logo\":{\"@type\":\"ImageObject\",\"inLanguage\":\"fr-FR\",\"@id\":\"https:\\\/\\\/www.webdo.tn\\\/fr\\\/#\\\/schema\\\/logo\\\/image\\\/\",\"url\":\"https:\\\/\\\/www.webdo.tn\\\/fr\\\/wp-content\\\/uploads\\\/2025\\\/06\\\/Webdo-Tunisie_168377.jpg\",\"contentUrl\":\"https:\\\/\\\/www.webdo.tn\\\/fr\\\/wp-content\\\/uploads\\\/2025\\\/06\\\/Webdo-Tunisie_168377.jpg\",\"width\":301,\"height\":301,\"caption\":\"Webdo\"},\"image\":{\"@id\":\"https:\\\/\\\/www.webdo.tn\\\/fr\\\/#\\\/schema\\\/logo\\\/image\\\/\"},\"sameAs\":[\"https:\\\/\\\/www.facebook.com\\\/webdotn\",\"https:\\\/\\\/x.com\\\/webdo_tn\"],\"description\":\"Webdo est un m\u00e9dia num\u00e9rique tunisien fond\u00e9 en 2010, sp\u00e9cialis\u00e9 dans l\u2019actualit\u00e9 nationale et internationale, l\u2019\u00e9conomie, la soci\u00e9t\u00e9 et les analyses politiques. Le site s\u2019adresse \u00e0 un large public francophone et couvre l\u2019information tunisienne en temps r\u00e9el.\",\"email\":\"redac@webdo.tn\",\"legalName\":\"YNJ SARL\",\"foundingDate\":\"2010-09-06\",\"numberOfEmployees\":{\"@type\":\"QuantitativeValue\",\"minValue\":\"11\",\"maxValue\":\"50\"}},{\"@type\":\"Person\",\"@id\":\"https:\\\/\\\/www.webdo.tn\\\/fr\\\/#\\\/schema\\\/person\\\/9a9c6118d687c117df8ef3cc36a4d175\",\"name\":\"webdo.tn\",\"image\":{\"@type\":\"ImageObject\",\"inLanguage\":\"fr-FR\",\"@id\":\"https:\\\/\\\/secure.gravatar.com\\\/avatar\\\/7ce1f28c0c3bbac99ff550b85ef8e44a6950c6ee24514fb6a5489e51d06f0298?s=96&d=mm&r=g\",\"url\":\"https:\\\/\\\/secure.gravatar.com\\\/avatar\\\/7ce1f28c0c3bbac99ff550b85ef8e44a6950c6ee24514fb6a5489e51d06f0298?s=96&d=mm&r=g\",\"contentUrl\":\"https:\\\/\\\/secure.gravatar.com\\\/avatar\\\/7ce1f28c0c3bbac99ff550b85ef8e44a6950c6ee24514fb6a5489e51d06f0298?s=96&d=mm&r=g\",\"caption\":\"webdo.tn\"},\"url\":\"https:\\\/\\\/www.webdo.tn\\\/fr\\\/actualite\\\/author\\\/webdotn\\\/\"}]}<\/script>\n<!-- \/ Yoast SEO Premium plugin. -->","yoast_head_json":{"title":"Latifa Arfaoui humili\u00e9e par une journaliste tunisienne \u00e0 Duba\u00ef","description":"Latifa Arfaoui humili\u00e9e par une journaliste tunisienne \u00e0 Duba\u00ef","canonical":"https:\/\/www.webdo.tn\/fr\/actualite\/divers\/latifa-arfaoui-humiliee-par-une-journaliste-tunisienne-a-dubai\/178613\/","og_locale":"fr_FR","og_type":"article","og_title":"Latifa Arfaoui humili\u00e9e par une journaliste tunisienne \u00e0 Duba\u00ef","og_description":"Latifa Arfaoui humili\u00e9e par une journaliste tunisienne \u00e0 Duba\u00ef","og_url":"https:\/\/www.webdo.tn\/fr\/actualite\/divers\/latifa-arfaoui-humiliee-par-une-journaliste-tunisienne-a-dubai\/178613\/","og_site_name":"webdo","article_publisher":"https:\/\/www.facebook.com\/webdotn","article_published_time":"2011-05-29T16:01:00+00:00","article_modified_time":"2025-06-04T19:11:41+00:00","og_image":[{"width":200,"height":200,"url":"https:\/\/www.webdo.tn\/fr\/wp-content\/uploads\/2011\/05\/Latifa-Arfaoui.jpg","type":"image\/jpeg"}],"author":"webdo.tn","twitter_card":"summary_large_image","twitter_creator":"@webdo_tn","twitter_site":"@webdo_tn","twitter_misc":{"\u00c9crit par":"webdo.tn","Dur\u00e9e de lecture estim\u00e9e":"2 minutes"},"schema":{"@context":"https:\/\/schema.org","@graph":[{"@type":"NewsArticle","@id":"https:\/\/www.webdo.tn\/fr\/actualite\/divers\/latifa-arfaoui-humiliee-par-une-journaliste-tunisienne-a-dubai\/178613\/#article","isPartOf":{"@id":"https:\/\/www.webdo.tn\/fr\/actualite\/divers\/latifa-arfaoui-humiliee-par-une-journaliste-tunisienne-a-dubai\/178613\/"},"author":{"name":"webdo.tn","@id":"https:\/\/www.webdo.tn\/fr\/#\/schema\/person\/9a9c6118d687c117df8ef3cc36a4d175"},"headline":"Latifa Arfaoui humili\u00e9e par une journaliste tunisienne \u00e0 Duba\u00ef","datePublished":"2011-05-29T16:01:00+00:00","dateModified":"2025-06-04T19:11:41+00:00","mainEntityOfPage":{"@id":"https:\/\/www.webdo.tn\/fr\/actualite\/divers\/latifa-arfaoui-humiliee-par-une-journaliste-tunisienne-a-dubai\/178613\/"},"wordCount":314,"commentCount":0,"publisher":{"@id":"https:\/\/www.webdo.tn\/fr\/#organization"},"image":{"@id":"https:\/\/www.webdo.tn\/fr\/actualite\/divers\/latifa-arfaoui-humiliee-par-une-journaliste-tunisienne-a-dubai\/178613\/#primaryimage"},"thumbnailUrl":"https:\/\/www.webdo.tn\/fr\/wp-content\/uploads\/2011\/05\/Latifa-Arfaoui.jpg","articleSection":["Divers"],"inLanguage":"fr-FR"},{"@type":"WebPage","@id":"https:\/\/www.webdo.tn\/fr\/actualite\/divers\/latifa-arfaoui-humiliee-par-une-journaliste-tunisienne-a-dubai\/178613\/","url":"https:\/\/www.webdo.tn\/fr\/actualite\/divers\/latifa-arfaoui-humiliee-par-une-journaliste-tunisienne-a-dubai\/178613\/","name":"Latifa Arfaoui humili\u00e9e par une journaliste tunisienne \u00e0 Duba\u00ef","isPartOf":{"@id":"https:\/\/www.webdo.tn\/fr\/#website"},"primaryImageOfPage":{"@id":"https:\/\/www.webdo.tn\/fr\/actualite\/divers\/latifa-arfaoui-humiliee-par-une-journaliste-tunisienne-a-dubai\/178613\/#primaryimage"},"image":{"@id":"https:\/\/www.webdo.tn\/fr\/actualite\/divers\/latifa-arfaoui-humiliee-par-une-journaliste-tunisienne-a-dubai\/178613\/#primaryimage"},"thumbnailUrl":"https:\/\/www.webdo.tn\/fr\/wp-content\/uploads\/2011\/05\/Latifa-Arfaoui.jpg","datePublished":"2011-05-29T16:01:00+00:00","dateModified":"2025-06-04T19:11:41+00:00","description":"Latifa Arfaoui humili\u00e9e par une journaliste tunisienne \u00e0 Duba\u00ef","breadcrumb":{"@id":"https:\/\/www.webdo.tn\/fr\/actualite\/divers\/latifa-arfaoui-humiliee-par-une-journaliste-tunisienne-a-dubai\/178613\/#breadcrumb"},"inLanguage":"fr-FR","potentialAction":[{"@type":"ReadAction","target":["https:\/\/www.webdo.tn\/fr\/actualite\/divers\/latifa-arfaoui-humiliee-par-une-journaliste-tunisienne-a-dubai\/178613\/"]}]},{"@type":"ImageObject","inLanguage":"fr-FR","@id":"https:\/\/www.webdo.tn\/fr\/actualite\/divers\/latifa-arfaoui-humiliee-par-une-journaliste-tunisienne-a-dubai\/178613\/#primaryimage","url":"https:\/\/www.webdo.tn\/fr\/wp-content\/uploads\/2011\/05\/Latifa-Arfaoui.jpg","contentUrl":"https:\/\/www.webdo.tn\/fr\/wp-content\/uploads\/2011\/05\/Latifa-Arfaoui.jpg","width":200,"height":200,"caption":"Latifa Arfaoui humili\u00e9e par une journaliste tunisienne \u00e0 Duba\u00ef"},{"@type":"BreadcrumbList","@id":"https:\/\/www.webdo.tn\/fr\/actualite\/divers\/latifa-arfaoui-humiliee-par-une-journaliste-tunisienne-a-dubai\/178613\/#breadcrumb","itemListElement":[{"@type":"ListItem","position":1,"name":"Accueil","item":"https:\/\/www.webdo.tn\/fr\/"},{"@type":"ListItem","position":2,"name":"Latifa Arfaoui humili\u00e9e par une journaliste tunisienne \u00e0 Duba\u00ef"}]},{"@type":"WebSite","@id":"https:\/\/www.webdo.tn\/fr\/#website","url":"https:\/\/www.webdo.tn\/fr\/","name":"webdo","description":"Tunisie - News en Tunisie et \u00e0 l&#039;international sur Webdo.tn","publisher":{"@id":"https:\/\/www.webdo.tn\/fr\/#organization"},"potentialAction":[{"@type":"SearchAction","target":{"@type":"EntryPoint","urlTemplate":"https:\/\/www.webdo.tn\/fr\/?s={search_term_string}"},"query-input":{"@type":"PropertyValueSpecification","valueRequired":true,"valueName":"search_term_string"}}],"inLanguage":"fr-FR"},{"@type":"Organization","@id":"https:\/\/www.webdo.tn\/fr\/#organization","name":"Webdo","alternateName":"Webdo.tn","url":"https:\/\/www.webdo.tn\/fr\/","logo":{"@type":"ImageObject","inLanguage":"fr-FR","@id":"https:\/\/www.webdo.tn\/fr\/#\/schema\/logo\/image\/","url":"https:\/\/www.webdo.tn\/fr\/wp-content\/uploads\/2025\/06\/Webdo-Tunisie_168377.jpg","contentUrl":"https:\/\/www.webdo.tn\/fr\/wp-content\/uploads\/2025\/06\/Webdo-Tunisie_168377.jpg","width":301,"height":301,"caption":"Webdo"},"image":{"@id":"https:\/\/www.webdo.tn\/fr\/#\/schema\/logo\/image\/"},"sameAs":["https:\/\/www.facebook.com\/webdotn","https:\/\/x.com\/webdo_tn"],"description":"Webdo est un m\u00e9dia num\u00e9rique tunisien fond\u00e9 en 2010, sp\u00e9cialis\u00e9 dans l\u2019actualit\u00e9 nationale et internationale, l\u2019\u00e9conomie, la soci\u00e9t\u00e9 et les analyses politiques. Le site s\u2019adresse \u00e0 un large public francophone et couvre l\u2019information tunisienne en temps r\u00e9el.","email":"redac@webdo.tn","legalName":"YNJ SARL","foundingDate":"2010-09-06","numberOfEmployees":{"@type":"QuantitativeValue","minValue":"11","maxValue":"50"}},{"@type":"Person","@id":"https:\/\/www.webdo.tn\/fr\/#\/schema\/person\/9a9c6118d687c117df8ef3cc36a4d175","name":"webdo.tn","image":{"@type":"ImageObject","inLanguage":"fr-FR","@id":"https:\/\/secure.gravatar.com\/avatar\/7ce1f28c0c3bbac99ff550b85ef8e44a6950c6ee24514fb6a5489e51d06f0298?s=96&d=mm&r=g","url":"https:\/\/secure.gravatar.com\/avatar\/7ce1f28c0c3bbac99ff550b85ef8e44a6950c6ee24514fb6a5489e51d06f0298?s=96&d=mm&r=g","contentUrl":"https:\/\/secure.gravatar.com\/avatar\/7ce1f28c0c3bbac99ff550b85ef8e44a6950c6ee24514fb6a5489e51d06f0298?s=96&d=mm&r=g","caption":"webdo.tn"},"url":"https:\/\/www.webdo.tn\/fr\/actualite\/author\/webdotn\/"}]}},"_links":{"self":[{"href":"https:\/\/www.webdo.tn\/fr\/wp-json\/wp\/v2\/posts\/178613","targetHints":{"allow":["GET"]}}],"collection":[{"href":"https:\/\/www.webdo.tn\/fr\/wp-json\/wp\/v2\/posts"}],"about":[{"href":"https:\/\/www.webdo.tn\/fr\/wp-json\/wp\/v2\/types\/post"}],"author":[{"embeddable":true,"href":"https:\/\/www.webdo.tn\/fr\/wp-json\/wp\/v2\/users\/3222"}],"replies":[{"embeddable":true,"href":"https:\/\/www.webdo.tn\/fr\/wp-json\/wp\/v2\/comments?post=178613"}],"version-history":[{"count":0,"href":"https:\/\/www.webdo.tn\/fr\/wp-json\/wp\/v2\/posts\/178613\/revisions"}],"wp:featuredmedia":[{"embeddable":true,"href":"https:\/\/www.webdo.tn\/fr\/wp-json\/wp\/v2\/media\/365345"}],"wp:attachment":[{"href":"https:\/\/www.webdo.tn\/fr\/wp-json\/wp\/v2\/media?parent=178613"}],"wp:term":[{"taxonomy":"category","embeddable":true,"href":"https:\/\/www.webdo.tn\/fr\/wp-json\/wp\/v2\/categories?post=178613"},{"taxonomy":"post_tag","embeddable":true,"href":"https:\/\/www.webdo.tn\/fr\/wp-json\/wp\/v2\/tags?post=178613"}],"curies":[{"name":"wp","href":"https:\/\/api.w.org\/{rel}","templated":true}]}}